{"id":288746,"date":"2021-06-21T17:17:41","date_gmt":"2021-06-21T20:17:41","guid":{"rendered":"https:\/\/quersaberpolitica.com.br\/?p=288746"},"modified":"2021-06-21T17:17:41","modified_gmt":"2021-06-21T20:17:41","slug":"boletim-epidemiologico-registra-52-novos-casos-de-covid-19-em-juazeiro-nesta-segunda-feira","status":"publish","type":"post","link":"https:\/\/blogdofarnesio.com.br\/2021\/06\/boletim-epidemiologico-registra-52-novos-casos-de-covid-19-em-juazeiro-nesta-segunda-feira\/","title":{"rendered":"Boletim epidemiol\u00f3gico registra 52 novos casos de Covid-19 em Juazeiro nesta segunda-feira"},"content":{"rendered":"<p>A informa\u00e7\u00e3o est\u00e1 no boletim epidemiol\u00f3gico da Secretaria Municipal de Sa\u00fade (Sesau) desta segunda-feira (22).<\/p>\n<p>De acordo com o levantamento, 15.748 moradores foram infectados desde o in\u00edcio da pandemia na cidade, dos quais 15.126 j\u00e1 est\u00e3o recuperados.<\/p>\n<p>Os casos descartados somam 26.857. Juazeiro tem 337 casos ativos do novo coronav\u00edrus.<\/p>\n<p>N\u00e3o houve registro de \u00f3bito neste boletim. O munic\u00edpio permanece com 285 mortes provocadas pela doen\u00e7a.<\/p>\n<p><strong>Testes<\/strong><\/p>\n<p>Foram realizados desde o in\u00edcio da pandemia 33.779 testes r\u00e1pidos pela prefeitura e 2.123 pelo Lacen, em Salvador. <img loading=\"lazy\" decoding=\"async\" class=\"aligncenter size-full wp-image-288748\" src=\"https:\/\/quersaberpolitica.com.br\/wp-content\/uploads\/2021\/06\/vacinometro-21.06-juazeiro-e1624306466142.jpg\" alt=\"\" width=\"460\" height=\"460\" \/><\/p>\n<p><strong>Ocupa\u00e7\u00e3o de leitos<\/strong><\/p>\n<p>Na rede hospitalar, o percentual de ocupa\u00e7\u00e3o dos leitos de UTI para Juazeiro na rede PEBA (hospitais de Pernambuco e Bahia) \u00e9 de 87%, com 28 leitos dispon\u00edveis. Somente em Juazeiro, 90% dos leitos de UTI para pacientes com Covid-19 est\u00e3o ocupados, com 3 leitos dispon\u00edveis.<\/p>\n<p>&nbsp;<\/p>\n<p>Texto: Amanda Franco &#8211; Assessora de Imprensa<\/p>\n","protected":false},"excerpt":{"rendered":"<p>A informa\u00e7\u00e3o est\u00e1 no boletim epidemiol\u00f3gico da Secretaria Municipal de Sa\u00fade (Sesau) desta segunda-feira (22). De acordo com o levantamento, 15.748 moradores foram infectados desde o in\u00edcio da pandemia na cidade, dos quais 15.126 j\u00e1 est\u00e3o recuperados. Os casos descartados somam 26.857. Juazeiro tem 337 casos ativos do novo coronav\u00edrus. N\u00e3o houve registro de \u00f3bito neste boletim. O munic\u00edpio permanece com 285 mortes provocadas pela doen\u00e7a. Testes Foram realizados desde o in\u00edcio da pandemia 33.779 testes r\u00e1pidos pela prefeitura e 2.123 pelo Lacen, em Salvador. Ocupa\u00e7\u00e3o de leitos Na rede hospitalar, o percentual de ocupa\u00e7\u00e3o dos leitos de UTI para Juazeiro na rede PEBA (hospitais de Pernambuco e Bahia) \u00e9 de 87%, com 28 leitos dispon\u00edveis. Somente em Juazeiro, 90%&hellip; <\/p>\n","protected":false},"author":1,"featured_media":288747,"comment_status":"closed","ping_status":"closed","sticky":false,"template":"","format":"standard","meta":{"_acf_changed":false,"footnotes":""},"categories":[4],"tags":[],"class_list":["post-288746","post","type-post","status-publish","format-standard","has-post-thumbnail","hentry","category-saude"],"acf":[],"yoast_head":"<!-- This site is optimized with the Yoast SEO plugin v27.5 - https:\/\/yoast.com\/product\/yoast-seo-wordpress\/ -->\n<title>Boletim epidemiol\u00f3gico registra 52 novos casos de Covid-19 em Juazeiro nesta segunda-feira - Blog do Farn\u00e9sio<\/title>\n<meta name=\"robots\" content=\"index, follow, max-snippet:-1, max-image-preview:large, max-video-preview:-1\" \/>\n<link rel=\"canonical\" href=\"https:\/\/blogdofarnesio.com.br\/2021\/06\/boletim-epidemiologico-registra-52-novos-casos-de-covid-19-em-juazeiro-nesta-segunda-feira\/\" \/>\n<meta property=\"og:locale\" content=\"pt_BR\" \/>\n<meta property=\"og:type\" content=\"article\" \/>\n<meta property=\"og:title\" content=\"Boletim epidemiol\u00f3gico registra 52 novos casos de Covid-19 em Juazeiro nesta segunda-feira - Blog do Farn\u00e9sio\" \/>\n<meta property=\"og:description\" content=\"A informa\u00e7\u00e3o est\u00e1 no boletim epidemiol\u00f3gico da Secretaria Municipal de Sa\u00fade (Sesau) desta segunda-feira (22). De acordo com o levantamento, 15.748 moradores foram infectados desde o in\u00edcio da pandemia na cidade, dos quais 15.126 j\u00e1 est\u00e3o recuperados. Os casos descartados somam 26.857. Juazeiro tem 337 casos ativos do novo coronav\u00edrus. N\u00e3o houve registro de \u00f3bito neste boletim. O munic\u00edpio permanece com 285 mortes provocadas pela doen\u00e7a. Testes Foram realizados desde o in\u00edcio da pandemia 33.779 testes r\u00e1pidos pela prefeitura e 2.123 pelo Lacen, em Salvador. Ocupa\u00e7\u00e3o de leitos Na rede hospitalar, o percentual de ocupa\u00e7\u00e3o dos leitos de UTI para Juazeiro na rede PEBA (hospitais de Pernambuco e Bahia) \u00e9 de 87%, com 28 leitos dispon\u00edveis. Somente em Juazeiro, 90%&hellip;\" \/>\n<meta property=\"og:url\" content=\"https:\/\/blogdofarnesio.com.br\/2021\/06\/boletim-epidemiologico-registra-52-novos-casos-de-covid-19-em-juazeiro-nesta-segunda-feira\/\" \/>\n<meta property=\"og:site_name\" content=\"Blog do Farn\u00e9sio\" \/>\n<meta property=\"article:publisher\" content=\"https:\/\/www.facebook.com\/BlogQuerSaberPolitica\/\" \/>\n<meta property=\"article:published_time\" content=\"2021-06-21T20:17:41+00:00\" \/>\n<meta property=\"og:image\" content=\"https:\/\/blogdofarnesio.com.br\/wp-content\/uploads\/2021\/06\/Boletim-covid-21.06-Juazeiro-scaled-e1624306425930.jpg\" \/>\n\t<meta property=\"og:image:width\" content=\"560\" \/>\n\t<meta property=\"og:image:height\" content=\"560\" \/>\n\t<meta property=\"og:image:type\" content=\"image\/jpeg\" \/>\n<meta name=\"author\" content=\"Farn\u00e9sio\" \/>\n<meta name=\"twitter:card\" content=\"summary_large_image\" \/>\n<meta name=\"twitter:label1\" content=\"Escrito por\" \/>\n\t<meta name=\"twitter:data1\" content=\"Farn\u00e9sio\" \/>\n\t<meta name=\"twitter:label2\" content=\"Est. tempo de leitura\" \/>\n\t<meta name=\"twitter:data2\" content=\"1 minuto\" \/>\n<script type=\"application\/ld+json\" class=\"yoast-schema-graph\">{\"@context\":\"https:\\\/\\\/schema.org\",\"@graph\":[{\"@type\":\"Article\",\"@id\":\"https:\\\/\\\/blogdofarnesio.com.br\\\/2021\\\/06\\\/boletim-epidemiologico-registra-52-novos-casos-de-covid-19-em-juazeiro-nesta-segunda-feira\\\/#article\",\"isPartOf\":{\"@id\":\"https:\\\/\\\/blogdofarnesio.com.br\\\/2021\\\/06\\\/boletim-epidemiologico-registra-52-novos-casos-de-covid-19-em-juazeiro-nesta-segunda-feira\\\/\"},\"author\":{\"name\":\"Farn\u00e9sio\",\"@id\":\"https:\\\/\\\/blogdofarnesio.com.br\\\/#\\\/schema\\\/person\\\/301c4acf522bccbfdb45af95b5b906a1\"},\"headline\":\"Boletim epidemiol\u00f3gico registra 52 novos casos de Covid-19 em Juazeiro nesta segunda-feira\",\"datePublished\":\"2021-06-21T20:17:41+00:00\",\"mainEntityOfPage\":{\"@id\":\"https:\\\/\\\/blogdofarnesio.com.br\\\/2021\\\/06\\\/boletim-epidemiologico-registra-52-novos-casos-de-covid-19-em-juazeiro-nesta-segunda-feira\\\/\"},\"wordCount\":157,\"publisher\":{\"@id\":\"https:\\\/\\\/blogdofarnesio.com.br\\\/#organization\"},\"image\":{\"@id\":\"https:\\\/\\\/blogdofarnesio.com.br\\\/2021\\\/06\\\/boletim-epidemiologico-registra-52-novos-casos-de-covid-19-em-juazeiro-nesta-segunda-feira\\\/#primaryimage\"},\"thumbnailUrl\":\"https:\\\/\\\/blogdofarnesio.com.br\\\/wp-content\\\/uploads\\\/2021\\\/06\\\/Boletim-covid-21.06-Juazeiro-scaled-e1624306425930.jpg\",\"articleSection\":[\"Sa\u00fade\"],\"inLanguage\":\"pt-BR\"},{\"@type\":\"WebPage\",\"@id\":\"https:\\\/\\\/blogdofarnesio.com.br\\\/2021\\\/06\\\/boletim-epidemiologico-registra-52-novos-casos-de-covid-19-em-juazeiro-nesta-segunda-feira\\\/\",\"url\":\"https:\\\/\\\/blogdofarnesio.com.br\\\/2021\\\/06\\\/boletim-epidemiologico-registra-52-novos-casos-de-covid-19-em-juazeiro-nesta-segunda-feira\\\/\",\"name\":\"Boletim epidemiol\u00f3gico registra 52 novos casos de Covid-19 em Juazeiro nesta segunda-feira - Blog do Farn\u00e9sio\",\"isPartOf\":{\"@id\":\"https:\\\/\\\/blogdofarnesio.com.br\\\/#website\"},\"primaryImageOfPage\":{\"@id\":\"https:\\\/\\\/blogdofarnesio.com.br\\\/2021\\\/06\\\/boletim-epidemiologico-registra-52-novos-casos-de-covid-19-em-juazeiro-nesta-segunda-feira\\\/#primaryimage\"},\"image\":{\"@id\":\"https:\\\/\\\/blogdofarnesio.com.br\\\/2021\\\/06\\\/boletim-epidemiologico-registra-52-novos-casos-de-covid-19-em-juazeiro-nesta-segunda-feira\\\/#primaryimage\"},\"thumbnailUrl\":\"https:\\\/\\\/blogdofarnesio.com.br\\\/wp-content\\\/uploads\\\/2021\\\/06\\\/Boletim-covid-21.06-Juazeiro-scaled-e1624306425930.jpg\",\"datePublished\":\"2021-06-21T20:17:41+00:00\",\"breadcrumb\":{\"@id\":\"https:\\\/\\\/blogdofarnesio.com.br\\\/2021\\\/06\\\/boletim-epidemiologico-registra-52-novos-casos-de-covid-19-em-juazeiro-nesta-segunda-feira\\\/#breadcrumb\"},\"inLanguage\":\"pt-BR\",\"potentialAction\":[{\"@type\":\"ReadAction\",\"target\":[\"https:\\\/\\\/blogdofarnesio.com.br\\\/2021\\\/06\\\/boletim-epidemiologico-registra-52-novos-casos-de-covid-19-em-juazeiro-nesta-segunda-feira\\\/\"]}]},{\"@type\":\"ImageObject\",\"inLanguage\":\"pt-BR\",\"@id\":\"https:\\\/\\\/blogdofarnesio.com.br\\\/2021\\\/06\\\/boletim-epidemiologico-registra-52-novos-casos-de-covid-19-em-juazeiro-nesta-segunda-feira\\\/#primaryimage\",\"url\":\"https:\\\/\\\/blogdofarnesio.com.br\\\/wp-content\\\/uploads\\\/2021\\\/06\\\/Boletim-covid-21.06-Juazeiro-scaled-e1624306425930.jpg\",\"contentUrl\":\"https:\\\/\\\/blogdofarnesio.com.br\\\/wp-content\\\/uploads\\\/2021\\\/06\\\/Boletim-covid-21.06-Juazeiro-scaled-e1624306425930.jpg\",\"width\":560,\"height\":560},{\"@type\":\"BreadcrumbList\",\"@id\":\"https:\\\/\\\/blogdofarnesio.com.br\\\/2021\\\/06\\\/boletim-epidemiologico-registra-52-novos-casos-de-covid-19-em-juazeiro-nesta-segunda-feira\\\/#breadcrumb\",\"itemListElement\":[{\"@type\":\"ListItem\",\"position\":1,\"name\":\"In\u00edcio\",\"item\":\"https:\\\/\\\/blogdofarnesio.com.br\\\/\"},{\"@type\":\"ListItem\",\"position\":2,\"name\":\"Boletim epidemiol\u00f3gico registra 52 novos casos de Covid-19 em Juazeiro nesta segunda-feira\"}]},{\"@type\":\"WebSite\",\"@id\":\"https:\\\/\\\/blogdofarnesio.com.br\\\/#website\",\"url\":\"https:\\\/\\\/blogdofarnesio.com.br\\\/\",\"name\":\"Blog do Farn\u00e9sio\",\"description\":\"Quer Saber Pol\u00edtica?\",\"publisher\":{\"@id\":\"https:\\\/\\\/blogdofarnesio.com.br\\\/#organization\"},\"potentialAction\":[{\"@type\":\"SearchAction\",\"target\":{\"@type\":\"EntryPoint\",\"urlTemplate\":\"https:\\\/\\\/blogdofarnesio.com.br\\\/?s={search_term_string}\"},\"query-input\":{\"@type\":\"PropertyValueSpecification\",\"valueRequired\":true,\"valueName\":\"search_term_string\"}}],\"inLanguage\":\"pt-BR\"},{\"@type\":\"Organization\",\"@id\":\"https:\\\/\\\/blogdofarnesio.com.br\\\/#organization\",\"name\":\"Blog do Farn\u00e9sio\",\"url\":\"https:\\\/\\\/blogdofarnesio.com.br\\\/\",\"logo\":{\"@type\":\"ImageObject\",\"inLanguage\":\"pt-BR\",\"@id\":\"https:\\\/\\\/blogdofarnesio.com.br\\\/#\\\/schema\\\/logo\\\/image\\\/\",\"url\":\"https:\\\/\\\/blogdofarnesio.com.br\\\/wp-content\\\/uploads\\\/2026\\\/03\\\/cropped-logo_new-1.png\",\"contentUrl\":\"https:\\\/\\\/blogdofarnesio.com.br\\\/wp-content\\\/uploads\\\/2026\\\/03\\\/cropped-logo_new-1.png\",\"width\":881,\"height\":685,\"caption\":\"Blog do Farn\u00e9sio\"},\"image\":{\"@id\":\"https:\\\/\\\/blogdofarnesio.com.br\\\/#\\\/schema\\\/logo\\\/image\\\/\"},\"sameAs\":[\"https:\\\/\\\/www.facebook.com\\\/BlogQuerSaberPolitica\\\/\"]},{\"@type\":\"Person\",\"@id\":\"https:\\\/\\\/blogdofarnesio.com.br\\\/#\\\/schema\\\/person\\\/301c4acf522bccbfdb45af95b5b906a1\",\"name\":\"Farn\u00e9sio\",\"image\":{\"@type\":\"ImageObject\",\"inLanguage\":\"pt-BR\",\"@id\":\"https:\\\/\\\/secure.gravatar.com\\\/avatar\\\/df0c9a14567c056f8ad6876ba5bbd1e3e2c48023eb6807342fc4663adf549f38?s=96&d=mm&r=g\",\"url\":\"https:\\\/\\\/secure.gravatar.com\\\/avatar\\\/df0c9a14567c056f8ad6876ba5bbd1e3e2c48023eb6807342fc4663adf549f38?s=96&d=mm&r=g\",\"contentUrl\":\"https:\\\/\\\/secure.gravatar.com\\\/avatar\\\/df0c9a14567c056f8ad6876ba5bbd1e3e2c48023eb6807342fc4663adf549f38?s=96&d=mm&r=g\",\"caption\":\"Farn\u00e9sio\"},\"sameAs\":[\"https:\\\/\\\/quersaberpolitica.com.br\"],\"url\":\"https:\\\/\\\/blogdofarnesio.com.br\\\/author\\\/farnesio\\\/\"}]}<\/script>\n<!-- \/ Yoast SEO plugin. -->","yoast_head_json":{"title":"Boletim epidemiol\u00f3gico registra 52 novos casos de Covid-19 em Juazeiro nesta segunda-feira - Blog do Farn\u00e9sio","robots":{"index":"index","follow":"follow","max-snippet":"max-snippet:-1","max-image-preview":"max-image-preview:large","max-video-preview":"max-video-preview:-1"},"canonical":"https:\/\/blogdofarnesio.com.br\/2021\/06\/boletim-epidemiologico-registra-52-novos-casos-de-covid-19-em-juazeiro-nesta-segunda-feira\/","og_locale":"pt_BR","og_type":"article","og_title":"Boletim epidemiol\u00f3gico registra 52 novos casos de Covid-19 em Juazeiro nesta segunda-feira - Blog do Farn\u00e9sio","og_description":"A informa\u00e7\u00e3o est\u00e1 no boletim epidemiol\u00f3gico da Secretaria Municipal de Sa\u00fade (Sesau) desta segunda-feira (22). De acordo com o levantamento, 15.748 moradores foram infectados desde o in\u00edcio da pandemia na cidade, dos quais 15.126 j\u00e1 est\u00e3o recuperados. Os casos descartados somam 26.857. Juazeiro tem 337 casos ativos do novo coronav\u00edrus. N\u00e3o houve registro de \u00f3bito neste boletim. O munic\u00edpio permanece com 285 mortes provocadas pela doen\u00e7a. Testes Foram realizados desde o in\u00edcio da pandemia 33.779 testes r\u00e1pidos pela prefeitura e 2.123 pelo Lacen, em Salvador. Ocupa\u00e7\u00e3o de leitos Na rede hospitalar, o percentual de ocupa\u00e7\u00e3o dos leitos de UTI para Juazeiro na rede PEBA (hospitais de Pernambuco e Bahia) \u00e9 de 87%, com 28 leitos dispon\u00edveis. Somente em Juazeiro, 90%&hellip;","og_url":"https:\/\/blogdofarnesio.com.br\/2021\/06\/boletim-epidemiologico-registra-52-novos-casos-de-covid-19-em-juazeiro-nesta-segunda-feira\/","og_site_name":"Blog do Farn\u00e9sio","article_publisher":"https:\/\/www.facebook.com\/BlogQuerSaberPolitica\/","article_published_time":"2021-06-21T20:17:41+00:00","og_image":[{"width":560,"height":560,"url":"https:\/\/blogdofarnesio.com.br\/wp-content\/uploads\/2021\/06\/Boletim-covid-21.06-Juazeiro-scaled-e1624306425930.jpg","type":"image\/jpeg"}],"author":"Farn\u00e9sio","twitter_card":"summary_large_image","twitter_misc":{"Escrito por":"Farn\u00e9sio","Est. tempo de leitura":"1 minuto"},"schema":{"@context":"https:\/\/schema.org","@graph":[{"@type":"Article","@id":"https:\/\/blogdofarnesio.com.br\/2021\/06\/boletim-epidemiologico-registra-52-novos-casos-de-covid-19-em-juazeiro-nesta-segunda-feira\/#article","isPartOf":{"@id":"https:\/\/blogdofarnesio.com.br\/2021\/06\/boletim-epidemiologico-registra-52-novos-casos-de-covid-19-em-juazeiro-nesta-segunda-feira\/"},"author":{"name":"Farn\u00e9sio","@id":"https:\/\/blogdofarnesio.com.br\/#\/schema\/person\/301c4acf522bccbfdb45af95b5b906a1"},"headline":"Boletim epidemiol\u00f3gico registra 52 novos casos de Covid-19 em Juazeiro nesta segunda-feira","datePublished":"2021-06-21T20:17:41+00:00","mainEntityOfPage":{"@id":"https:\/\/blogdofarnesio.com.br\/2021\/06\/boletim-epidemiologico-registra-52-novos-casos-de-covid-19-em-juazeiro-nesta-segunda-feira\/"},"wordCount":157,"publisher":{"@id":"https:\/\/blogdofarnesio.com.br\/#organization"},"image":{"@id":"https:\/\/blogdofarnesio.com.br\/2021\/06\/boletim-epidemiologico-registra-52-novos-casos-de-covid-19-em-juazeiro-nesta-segunda-feira\/#primaryimage"},"thumbnailUrl":"https:\/\/blogdofarnesio.com.br\/wp-content\/uploads\/2021\/06\/Boletim-covid-21.06-Juazeiro-scaled-e1624306425930.jpg","articleSection":["Sa\u00fade"],"inLanguage":"pt-BR"},{"@type":"WebPage","@id":"https:\/\/blogdofarnesio.com.br\/2021\/06\/boletim-epidemiologico-registra-52-novos-casos-de-covid-19-em-juazeiro-nesta-segunda-feira\/","url":"https:\/\/blogdofarnesio.com.br\/2021\/06\/boletim-epidemiologico-registra-52-novos-casos-de-covid-19-em-juazeiro-nesta-segunda-feira\/","name":"Boletim epidemiol\u00f3gico registra 52 novos casos de Covid-19 em Juazeiro nesta segunda-feira - Blog do Farn\u00e9sio","isPartOf":{"@id":"https:\/\/blogdofarnesio.com.br\/#website"},"primaryImageOfPage":{"@id":"https:\/\/blogdofarnesio.com.br\/2021\/06\/boletim-epidemiologico-registra-52-novos-casos-de-covid-19-em-juazeiro-nesta-segunda-feira\/#primaryimage"},"image":{"@id":"https:\/\/blogdofarnesio.com.br\/2021\/06\/boletim-epidemiologico-registra-52-novos-casos-de-covid-19-em-juazeiro-nesta-segunda-feira\/#primaryimage"},"thumbnailUrl":"https:\/\/blogdofarnesio.com.br\/wp-content\/uploads\/2021\/06\/Boletim-covid-21.06-Juazeiro-scaled-e1624306425930.jpg","datePublished":"2021-06-21T20:17:41+00:00","breadcrumb":{"@id":"https:\/\/blogdofarnesio.com.br\/2021\/06\/boletim-epidemiologico-registra-52-novos-casos-de-covid-19-em-juazeiro-nesta-segunda-feira\/#breadcrumb"},"inLanguage":"pt-BR","potentialAction":[{"@type":"ReadAction","target":["https:\/\/blogdofarnesio.com.br\/2021\/06\/boletim-epidemiologico-registra-52-novos-casos-de-covid-19-em-juazeiro-nesta-segunda-feira\/"]}]},{"@type":"ImageObject","inLanguage":"pt-BR","@id":"https:\/\/blogdofarnesio.com.br\/2021\/06\/boletim-epidemiologico-registra-52-novos-casos-de-covid-19-em-juazeiro-nesta-segunda-feira\/#primaryimage","url":"https:\/\/blogdofarnesio.com.br\/wp-content\/uploads\/2021\/06\/Boletim-covid-21.06-Juazeiro-scaled-e1624306425930.jpg","contentUrl":"https:\/\/blogdofarnesio.com.br\/wp-content\/uploads\/2021\/06\/Boletim-covid-21.06-Juazeiro-scaled-e1624306425930.jpg","width":560,"height":560},{"@type":"BreadcrumbList","@id":"https:\/\/blogdofarnesio.com.br\/2021\/06\/boletim-epidemiologico-registra-52-novos-casos-de-covid-19-em-juazeiro-nesta-segunda-feira\/#breadcrumb","itemListElement":[{"@type":"ListItem","position":1,"name":"In\u00edcio","item":"https:\/\/blogdofarnesio.com.br\/"},{"@type":"ListItem","position":2,"name":"Boletim epidemiol\u00f3gico registra 52 novos casos de Covid-19 em Juazeiro nesta segunda-feira"}]},{"@type":"WebSite","@id":"https:\/\/blogdofarnesio.com.br\/#website","url":"https:\/\/blogdofarnesio.com.br\/","name":"Blog do Farn\u00e9sio","description":"Quer Saber Pol\u00edtica?","publisher":{"@id":"https:\/\/blogdofarnesio.com.br\/#organization"},"potentialAction":[{"@type":"SearchAction","target":{"@type":"EntryPoint","urlTemplate":"https:\/\/blogdofarnesio.com.br\/?s={search_term_string}"},"query-input":{"@type":"PropertyValueSpecification","valueRequired":true,"valueName":"search_term_string"}}],"inLanguage":"pt-BR"},{"@type":"Organization","@id":"https:\/\/blogdofarnesio.com.br\/#organization","name":"Blog do Farn\u00e9sio","url":"https:\/\/blogdofarnesio.com.br\/","logo":{"@type":"ImageObject","inLanguage":"pt-BR","@id":"https:\/\/blogdofarnesio.com.br\/#\/schema\/logo\/image\/","url":"https:\/\/blogdofarnesio.com.br\/wp-content\/uploads\/2026\/03\/cropped-logo_new-1.png","contentUrl":"https:\/\/blogdofarnesio.com.br\/wp-content\/uploads\/2026\/03\/cropped-logo_new-1.png","width":881,"height":685,"caption":"Blog do Farn\u00e9sio"},"image":{"@id":"https:\/\/blogdofarnesio.com.br\/#\/schema\/logo\/image\/"},"sameAs":["https:\/\/www.facebook.com\/BlogQuerSaberPolitica\/"]},{"@type":"Person","@id":"https:\/\/blogdofarnesio.com.br\/#\/schema\/person\/301c4acf522bccbfdb45af95b5b906a1","name":"Farn\u00e9sio","image":{"@type":"ImageObject","inLanguage":"pt-BR","@id":"https:\/\/secure.gravatar.com\/avatar\/df0c9a14567c056f8ad6876ba5bbd1e3e2c48023eb6807342fc4663adf549f38?s=96&d=mm&r=g","url":"https:\/\/secure.gravatar.com\/avatar\/df0c9a14567c056f8ad6876ba5bbd1e3e2c48023eb6807342fc4663adf549f38?s=96&d=mm&r=g","contentUrl":"https:\/\/secure.gravatar.com\/avatar\/df0c9a14567c056f8ad6876ba5bbd1e3e2c48023eb6807342fc4663adf549f38?s=96&d=mm&r=g","caption":"Farn\u00e9sio"},"sameAs":["https:\/\/quersaberpolitica.com.br"],"url":"https:\/\/blogdofarnesio.com.br\/author\/farnesio\/"}]}},"_links":{"self":[{"href":"https:\/\/blogdofarnesio.com.br\/wp-json\/wp\/v2\/posts\/288746","targetHints":{"allow":["GET"]}}],"collection":[{"href":"https:\/\/blogdofarnesio.com.br\/wp-json\/wp\/v2\/posts"}],"about":[{"href":"https:\/\/blogdofarnesio.com.br\/wp-json\/wp\/v2\/types\/post"}],"author":[{"embeddable":true,"href":"https:\/\/blogdofarnesio.com.br\/wp-json\/wp\/v2\/users\/1"}],"replies":[{"embeddable":true,"href":"https:\/\/blogdofarnesio.com.br\/wp-json\/wp\/v2\/comments?post=288746"}],"version-history":[{"count":0,"href":"https:\/\/blogdofarnesio.com.br\/wp-json\/wp\/v2\/posts\/288746\/revisions"}],"wp:featuredmedia":[{"embeddable":true,"href":"https:\/\/blogdofarnesio.com.br\/wp-json\/wp\/v2\/media\/288747"}],"wp:attachment":[{"href":"https:\/\/blogdofarnesio.com.br\/wp-json\/wp\/v2\/media?parent=288746"}],"wp:term":[{"taxonomy":"category","embeddable":true,"href":"https:\/\/blogdofarnesio.com.br\/wp-json\/wp\/v2\/categories?post=288746"},{"taxonomy":"post_tag","embeddable":true,"href":"https:\/\/blogdofarnesio.com.br\/wp-json\/wp\/v2\/tags?post=288746"}],"curies":[{"name":"wp","href":"https:\/\/api.w.org\/{rel}","templated":true}]}}