{"id":28873,"date":"2013-02-23T21:40:06","date_gmt":"2013-02-24T00:40:06","guid":{"rendered":"http:\/\/www.quersaberpolitica.com.br\/?p=28873"},"modified":"2013-02-23T15:39:09","modified_gmt":"2013-02-23T18:39:09","slug":"epoca-acm-neto-ressuscita-o-dem-e-renova-carlismo","status":"publish","type":"post","link":"https:\/\/blogdofarnesio.com.br\/?p=28873","title":{"rendered":"\u00c9POCA: ACM NETO RESSUSCITA O DEM E RENOVA CARLISMO"},"content":{"rendered":"<figure><a title=\"\" href=\"http:\/\/www.brasil247.com\/pt\/247\/bahia247\/94326\/%C3%89poca-ACM-Neto-ressuscita-o-DEM-e-renova-carlismo.htm\"><img loading=\"lazy\" decoding=\"async\" class=\"aligncenter\" alt=\": \" src=\"http:\/\/www.brasil247.com\/images\/cache\/320x182\/crop\/images%7Ccms-image-000304950.jpg\" width=\"320\" height=\"182\" \/><\/a><\/figure>\n<p style=\"text-align: justify\">Publica\u00e7\u00e3o no site da revista tra\u00e7a um panorama do estado de abandono pelo qual passa a primeira capital do Brasil e aponta a expectativa da popula\u00e7\u00e3o com o jovem prefeito de 34 anos; apesar de o democrata negar, \u00c9poca diz que sua vit\u00f3ria retrata &#8220;uma renovada vers\u00e3o do carlismo&#8221;, per\u00edodo em que o falecido ex-governador e ex-senador ACM foi o &#8216;mandat\u00e1rio&#8217; da Bahia; publica\u00e7\u00e3o diz tamb\u00e9m que o prefeito pode ser a &#8220;renova\u00e7\u00e3o&#8221; do &#8220;quase extinto&#8221; DEM;\u00a0&#8220;Se conseguir ser o salvador com que a cidade sonha, (ACM Neto) entrar\u00e1 para a hist\u00f3ria. De sua fam\u00edlia, de seu partido e da Bahia&#8221;, aposta a revista<\/p>\n<p style=\"text-align: justify\"><strong>BR247<\/strong><\/p>\n","protected":false},"excerpt":{"rendered":"<p>Publica\u00e7\u00e3o no site da revista tra\u00e7a um panorama do estado de abandono pelo qual passa a primeira capital do Brasil e aponta a expectativa da popula\u00e7\u00e3o com o jovem prefeito de 34 anos; apesar de o democrata negar, \u00c9poca diz que sua vit\u00f3ria retrata &#8220;uma renovada vers\u00e3o do carlismo&#8221;, per\u00edodo em que o falecido ex-governador e ex-senador ACM foi o &#8216;mandat\u00e1rio&#8217; da Bahia; publica\u00e7\u00e3o diz tamb\u00e9m que o prefeito pode ser a &#8220;renova\u00e7\u00e3o&#8221; do &#8220;quase extinto&#8221; DEM;\u00a0&#8220;Se conseguir ser o salvador com que a cidade sonha, (ACM Neto) entrar\u00e1 para a hist\u00f3ria. De sua fam\u00edlia, de seu partido e da Bahia&#8221;, aposta a revista BR247<\/p>\n","protected":false},"author":3,"featured_media":0,"comment_status":"open","ping_status":"open","sticky":false,"template":"","format":"standard","meta":{"_acf_changed":false,"footnotes":""},"categories":[1],"tags":[],"class_list":["post-28873","post","type-post","status-publish","format-standard","hentry","category-politica"],"acf":[],"yoast_head":"<!-- This site is optimized with the Yoast SEO plugin v27.4 - https:\/\/yoast.com\/product\/yoast-seo-wordpress\/ -->\n<title>\u00c9POCA: ACM NETO RESSUSCITA O DEM E RENOVA CARLISMO - Blog do Farn\u00e9sio<\/title>\n<meta name=\"robots\" content=\"index, follow, max-snippet:-1, max-image-preview:large, max-video-preview:-1\" \/>\n<link rel=\"canonical\" href=\"https:\/\/blogdofarnesio.com.br\/?p=28873\" \/>\n<meta property=\"og:locale\" content=\"pt_BR\" \/>\n<meta property=\"og:type\" content=\"article\" \/>\n<meta property=\"og:title\" content=\"\u00c9POCA: ACM NETO RESSUSCITA O DEM E RENOVA CARLISMO - Blog do Farn\u00e9sio\" \/>\n<meta property=\"og:description\" content=\"Publica\u00e7\u00e3o no site da revista tra\u00e7a um panorama do estado de abandono pelo qual passa a primeira capital do Brasil e aponta a expectativa da popula\u00e7\u00e3o com o jovem prefeito de 34 anos; apesar de o democrata negar, \u00c9poca diz que sua vit\u00f3ria retrata &#8220;uma renovada vers\u00e3o do carlismo&#8221;, per\u00edodo em que o falecido ex-governador e ex-senador ACM foi o &#8216;mandat\u00e1rio&#8217; da Bahia; publica\u00e7\u00e3o diz tamb\u00e9m que o prefeito pode ser a &#8220;renova\u00e7\u00e3o&#8221; do &#8220;quase extinto&#8221; DEM;\u00a0&#8220;Se conseguir ser o salvador com que a cidade sonha, (ACM Neto) entrar\u00e1 para a hist\u00f3ria. De sua fam\u00edlia, de seu partido e da Bahia&#8221;, aposta a revista BR247\" \/>\n<meta property=\"og:url\" content=\"https:\/\/blogdofarnesio.com.br\/?p=28873\" \/>\n<meta property=\"og:site_name\" content=\"Blog do Farn\u00e9sio\" \/>\n<meta property=\"article:publisher\" content=\"https:\/\/www.facebook.com\/BlogQuerSaberPolitica\/\" \/>\n<meta property=\"article:published_time\" content=\"2013-02-24T00:40:06+00:00\" \/>\n<meta property=\"og:image\" content=\"http:\/\/www.brasil247.com\/images\/cache\/320x182\/crop\/images%7Ccms-image-000304950.jpg\" \/>\n<meta name=\"author\" content=\"teste\" \/>\n<meta name=\"twitter:card\" content=\"summary_large_image\" \/>\n<meta name=\"twitter:label1\" content=\"Escrito por\" \/>\n\t<meta name=\"twitter:data1\" content=\"teste\" \/>\n\t<meta name=\"twitter:label2\" content=\"Est. tempo de leitura\" \/>\n\t<meta name=\"twitter:data2\" content=\"1 minuto\" \/>\n<script type=\"application\/ld+json\" class=\"yoast-schema-graph\">{\"@context\":\"https:\\\/\\\/schema.org\",\"@graph\":[{\"@type\":\"Article\",\"@id\":\"https:\\\/\\\/blogdofarnesio.com.br\\\/?p=28873#article\",\"isPartOf\":{\"@id\":\"https:\\\/\\\/blogdofarnesio.com.br\\\/?p=28873\"},\"author\":{\"name\":\"teste\",\"@id\":\"https:\\\/\\\/blogdofarnesio.com.br\\\/#\\\/schema\\\/person\\\/dd1bf5eba40b687199ba45ca6b97dff9\"},\"headline\":\"\u00c9POCA: ACM NETO RESSUSCITA O DEM E RENOVA CARLISMO\",\"datePublished\":\"2013-02-24T00:40:06+00:00\",\"mainEntityOfPage\":{\"@id\":\"https:\\\/\\\/blogdofarnesio.com.br\\\/?p=28873\"},\"wordCount\":126,\"commentCount\":0,\"publisher\":{\"@id\":\"https:\\\/\\\/blogdofarnesio.com.br\\\/#organization\"},\"image\":{\"@id\":\"https:\\\/\\\/blogdofarnesio.com.br\\\/?p=28873#primaryimage\"},\"thumbnailUrl\":\"http:\\\/\\\/www.brasil247.com\\\/images\\\/cache\\\/320x182\\\/crop\\\/images%7Ccms-image-000304950.jpg\",\"articleSection\":[\"Pol\u00edtica\"],\"inLanguage\":\"pt-BR\",\"potentialAction\":[{\"@type\":\"CommentAction\",\"name\":\"Comment\",\"target\":[\"https:\\\/\\\/blogdofarnesio.com.br\\\/?p=28873#respond\"]}]},{\"@type\":\"WebPage\",\"@id\":\"https:\\\/\\\/blogdofarnesio.com.br\\\/?p=28873\",\"url\":\"https:\\\/\\\/blogdofarnesio.com.br\\\/?p=28873\",\"name\":\"\u00c9POCA: ACM NETO RESSUSCITA O DEM E RENOVA CARLISMO - Blog do Farn\u00e9sio\",\"isPartOf\":{\"@id\":\"https:\\\/\\\/blogdofarnesio.com.br\\\/#website\"},\"primaryImageOfPage\":{\"@id\":\"https:\\\/\\\/blogdofarnesio.com.br\\\/?p=28873#primaryimage\"},\"image\":{\"@id\":\"https:\\\/\\\/blogdofarnesio.com.br\\\/?p=28873#primaryimage\"},\"thumbnailUrl\":\"http:\\\/\\\/www.brasil247.com\\\/images\\\/cache\\\/320x182\\\/crop\\\/images%7Ccms-image-000304950.jpg\",\"datePublished\":\"2013-02-24T00:40:06+00:00\",\"breadcrumb\":{\"@id\":\"https:\\\/\\\/blogdofarnesio.com.br\\\/?p=28873#breadcrumb\"},\"inLanguage\":\"pt-BR\",\"potentialAction\":[{\"@type\":\"ReadAction\",\"target\":[\"https:\\\/\\\/blogdofarnesio.com.br\\\/?p=28873\"]}]},{\"@type\":\"ImageObject\",\"inLanguage\":\"pt-BR\",\"@id\":\"https:\\\/\\\/blogdofarnesio.com.br\\\/?p=28873#primaryimage\",\"url\":\"http:\\\/\\\/www.brasil247.com\\\/images\\\/cache\\\/320x182\\\/crop\\\/images%7Ccms-image-000304950.jpg\",\"contentUrl\":\"http:\\\/\\\/www.brasil247.com\\\/images\\\/cache\\\/320x182\\\/crop\\\/images%7Ccms-image-000304950.jpg\"},{\"@type\":\"BreadcrumbList\",\"@id\":\"https:\\\/\\\/blogdofarnesio.com.br\\\/?p=28873#breadcrumb\",\"itemListElement\":[{\"@type\":\"ListItem\",\"position\":1,\"name\":\"In\u00edcio\",\"item\":\"https:\\\/\\\/blogdofarnesio.com.br\\\/\"},{\"@type\":\"ListItem\",\"position\":2,\"name\":\"\u00c9POCA: ACM NETO RESSUSCITA O DEM E RENOVA CARLISMO\"}]},{\"@type\":\"WebSite\",\"@id\":\"https:\\\/\\\/blogdofarnesio.com.br\\\/#website\",\"url\":\"https:\\\/\\\/blogdofarnesio.com.br\\\/\",\"name\":\"Blog do Farn\u00e9sio\",\"description\":\"Quer Saber Pol\u00edtica?\",\"publisher\":{\"@id\":\"https:\\\/\\\/blogdofarnesio.com.br\\\/#organization\"},\"potentialAction\":[{\"@type\":\"SearchAction\",\"target\":{\"@type\":\"EntryPoint\",\"urlTemplate\":\"https:\\\/\\\/blogdofarnesio.com.br\\\/?s={search_term_string}\"},\"query-input\":{\"@type\":\"PropertyValueSpecification\",\"valueRequired\":true,\"valueName\":\"search_term_string\"}}],\"inLanguage\":\"pt-BR\"},{\"@type\":\"Organization\",\"@id\":\"https:\\\/\\\/blogdofarnesio.com.br\\\/#organization\",\"name\":\"Blog do Farn\u00e9sio\",\"url\":\"https:\\\/\\\/blogdofarnesio.com.br\\\/\",\"logo\":{\"@type\":\"ImageObject\",\"inLanguage\":\"pt-BR\",\"@id\":\"https:\\\/\\\/blogdofarnesio.com.br\\\/#\\\/schema\\\/logo\\\/image\\\/\",\"url\":\"https:\\\/\\\/blogdofarnesio.com.br\\\/wp-content\\\/uploads\\\/2026\\\/03\\\/cropped-logo_new-1.png\",\"contentUrl\":\"https:\\\/\\\/blogdofarnesio.com.br\\\/wp-content\\\/uploads\\\/2026\\\/03\\\/cropped-logo_new-1.png\",\"width\":881,\"height\":685,\"caption\":\"Blog do Farn\u00e9sio\"},\"image\":{\"@id\":\"https:\\\/\\\/blogdofarnesio.com.br\\\/#\\\/schema\\\/logo\\\/image\\\/\"},\"sameAs\":[\"https:\\\/\\\/www.facebook.com\\\/BlogQuerSaberPolitica\\\/\"]},{\"@type\":\"Person\",\"@id\":\"https:\\\/\\\/blogdofarnesio.com.br\\\/#\\\/schema\\\/person\\\/dd1bf5eba40b687199ba45ca6b97dff9\",\"name\":\"teste\",\"image\":{\"@type\":\"ImageObject\",\"inLanguage\":\"pt-BR\",\"@id\":\"https:\\\/\\\/secure.gravatar.com\\\/avatar\\\/2172498d4914b51e1d89a0f97957b035ac4938723a5cac208135d389b6972a6d?s=96&d=mm&r=g\",\"url\":\"https:\\\/\\\/secure.gravatar.com\\\/avatar\\\/2172498d4914b51e1d89a0f97957b035ac4938723a5cac208135d389b6972a6d?s=96&d=mm&r=g\",\"contentUrl\":\"https:\\\/\\\/secure.gravatar.com\\\/avatar\\\/2172498d4914b51e1d89a0f97957b035ac4938723a5cac208135d389b6972a6d?s=96&d=mm&r=g\",\"caption\":\"teste\"},\"url\":\"https:\\\/\\\/blogdofarnesio.com.br\\\/?author=3\"}]}<\/script>\n<!-- \/ Yoast SEO plugin. -->","yoast_head_json":{"title":"\u00c9POCA: ACM NETO RESSUSCITA O DEM E RENOVA CARLISMO - Blog do Farn\u00e9sio","robots":{"index":"index","follow":"follow","max-snippet":"max-snippet:-1","max-image-preview":"max-image-preview:large","max-video-preview":"max-video-preview:-1"},"canonical":"https:\/\/blogdofarnesio.com.br\/?p=28873","og_locale":"pt_BR","og_type":"article","og_title":"\u00c9POCA: ACM NETO RESSUSCITA O DEM E RENOVA CARLISMO - Blog do Farn\u00e9sio","og_description":"Publica\u00e7\u00e3o no site da revista tra\u00e7a um panorama do estado de abandono pelo qual passa a primeira capital do Brasil e aponta a expectativa da popula\u00e7\u00e3o com o jovem prefeito de 34 anos; apesar de o democrata negar, \u00c9poca diz que sua vit\u00f3ria retrata &#8220;uma renovada vers\u00e3o do carlismo&#8221;, per\u00edodo em que o falecido ex-governador e ex-senador ACM foi o &#8216;mandat\u00e1rio&#8217; da Bahia; publica\u00e7\u00e3o diz tamb\u00e9m que o prefeito pode ser a &#8220;renova\u00e7\u00e3o&#8221; do &#8220;quase extinto&#8221; DEM;\u00a0&#8220;Se conseguir ser o salvador com que a cidade sonha, (ACM Neto) entrar\u00e1 para a hist\u00f3ria. De sua fam\u00edlia, de seu partido e da Bahia&#8221;, aposta a revista BR247","og_url":"https:\/\/blogdofarnesio.com.br\/?p=28873","og_site_name":"Blog do Farn\u00e9sio","article_publisher":"https:\/\/www.facebook.com\/BlogQuerSaberPolitica\/","article_published_time":"2013-02-24T00:40:06+00:00","og_image":[{"url":"http:\/\/www.brasil247.com\/images\/cache\/320x182\/crop\/images%7Ccms-image-000304950.jpg","type":"","width":"","height":""}],"author":"teste","twitter_card":"summary_large_image","twitter_misc":{"Escrito por":"teste","Est. tempo de leitura":"1 minuto"},"schema":{"@context":"https:\/\/schema.org","@graph":[{"@type":"Article","@id":"https:\/\/blogdofarnesio.com.br\/?p=28873#article","isPartOf":{"@id":"https:\/\/blogdofarnesio.com.br\/?p=28873"},"author":{"name":"teste","@id":"https:\/\/blogdofarnesio.com.br\/#\/schema\/person\/dd1bf5eba40b687199ba45ca6b97dff9"},"headline":"\u00c9POCA: ACM NETO RESSUSCITA O DEM E RENOVA CARLISMO","datePublished":"2013-02-24T00:40:06+00:00","mainEntityOfPage":{"@id":"https:\/\/blogdofarnesio.com.br\/?p=28873"},"wordCount":126,"commentCount":0,"publisher":{"@id":"https:\/\/blogdofarnesio.com.br\/#organization"},"image":{"@id":"https:\/\/blogdofarnesio.com.br\/?p=28873#primaryimage"},"thumbnailUrl":"http:\/\/www.brasil247.com\/images\/cache\/320x182\/crop\/images%7Ccms-image-000304950.jpg","articleSection":["Pol\u00edtica"],"inLanguage":"pt-BR","potentialAction":[{"@type":"CommentAction","name":"Comment","target":["https:\/\/blogdofarnesio.com.br\/?p=28873#respond"]}]},{"@type":"WebPage","@id":"https:\/\/blogdofarnesio.com.br\/?p=28873","url":"https:\/\/blogdofarnesio.com.br\/?p=28873","name":"\u00c9POCA: ACM NETO RESSUSCITA O DEM E RENOVA CARLISMO - Blog do Farn\u00e9sio","isPartOf":{"@id":"https:\/\/blogdofarnesio.com.br\/#website"},"primaryImageOfPage":{"@id":"https:\/\/blogdofarnesio.com.br\/?p=28873#primaryimage"},"image":{"@id":"https:\/\/blogdofarnesio.com.br\/?p=28873#primaryimage"},"thumbnailUrl":"http:\/\/www.brasil247.com\/images\/cache\/320x182\/crop\/images%7Ccms-image-000304950.jpg","datePublished":"2013-02-24T00:40:06+00:00","breadcrumb":{"@id":"https:\/\/blogdofarnesio.com.br\/?p=28873#breadcrumb"},"inLanguage":"pt-BR","potentialAction":[{"@type":"ReadAction","target":["https:\/\/blogdofarnesio.com.br\/?p=28873"]}]},{"@type":"ImageObject","inLanguage":"pt-BR","@id":"https:\/\/blogdofarnesio.com.br\/?p=28873#primaryimage","url":"http:\/\/www.brasil247.com\/images\/cache\/320x182\/crop\/images%7Ccms-image-000304950.jpg","contentUrl":"http:\/\/www.brasil247.com\/images\/cache\/320x182\/crop\/images%7Ccms-image-000304950.jpg"},{"@type":"BreadcrumbList","@id":"https:\/\/blogdofarnesio.com.br\/?p=28873#breadcrumb","itemListElement":[{"@type":"ListItem","position":1,"name":"In\u00edcio","item":"https:\/\/blogdofarnesio.com.br\/"},{"@type":"ListItem","position":2,"name":"\u00c9POCA: ACM NETO RESSUSCITA O DEM E RENOVA CARLISMO"}]},{"@type":"WebSite","@id":"https:\/\/blogdofarnesio.com.br\/#website","url":"https:\/\/blogdofarnesio.com.br\/","name":"Blog do Farn\u00e9sio","description":"Quer Saber Pol\u00edtica?","publisher":{"@id":"https:\/\/blogdofarnesio.com.br\/#organization"},"potentialAction":[{"@type":"SearchAction","target":{"@type":"EntryPoint","urlTemplate":"https:\/\/blogdofarnesio.com.br\/?s={search_term_string}"},"query-input":{"@type":"PropertyValueSpecification","valueRequired":true,"valueName":"search_term_string"}}],"inLanguage":"pt-BR"},{"@type":"Organization","@id":"https:\/\/blogdofarnesio.com.br\/#organization","name":"Blog do Farn\u00e9sio","url":"https:\/\/blogdofarnesio.com.br\/","logo":{"@type":"ImageObject","inLanguage":"pt-BR","@id":"https:\/\/blogdofarnesio.com.br\/#\/schema\/logo\/image\/","url":"https:\/\/blogdofarnesio.com.br\/wp-content\/uploads\/2026\/03\/cropped-logo_new-1.png","contentUrl":"https:\/\/blogdofarnesio.com.br\/wp-content\/uploads\/2026\/03\/cropped-logo_new-1.png","width":881,"height":685,"caption":"Blog do Farn\u00e9sio"},"image":{"@id":"https:\/\/blogdofarnesio.com.br\/#\/schema\/logo\/image\/"},"sameAs":["https:\/\/www.facebook.com\/BlogQuerSaberPolitica\/"]},{"@type":"Person","@id":"https:\/\/blogdofarnesio.com.br\/#\/schema\/person\/dd1bf5eba40b687199ba45ca6b97dff9","name":"teste","image":{"@type":"ImageObject","inLanguage":"pt-BR","@id":"https:\/\/secure.gravatar.com\/avatar\/2172498d4914b51e1d89a0f97957b035ac4938723a5cac208135d389b6972a6d?s=96&d=mm&r=g","url":"https:\/\/secure.gravatar.com\/avatar\/2172498d4914b51e1d89a0f97957b035ac4938723a5cac208135d389b6972a6d?s=96&d=mm&r=g","contentUrl":"https:\/\/secure.gravatar.com\/avatar\/2172498d4914b51e1d89a0f97957b035ac4938723a5cac208135d389b6972a6d?s=96&d=mm&r=g","caption":"teste"},"url":"https:\/\/blogdofarnesio.com.br\/?author=3"}]}},"_links":{"self":[{"href":"https:\/\/blogdofarnesio.com.br\/index.php?rest_route=\/wp\/v2\/posts\/28873","targetHints":{"allow":["GET"]}}],"collection":[{"href":"https:\/\/blogdofarnesio.com.br\/index.php?rest_route=\/wp\/v2\/posts"}],"about":[{"href":"https:\/\/blogdofarnesio.com.br\/index.php?rest_route=\/wp\/v2\/types\/post"}],"author":[{"embeddable":true,"href":"https:\/\/blogdofarnesio.com.br\/index.php?rest_route=\/wp\/v2\/users\/3"}],"replies":[{"embeddable":true,"href":"https:\/\/blogdofarnesio.com.br\/index.php?rest_route=%2Fwp%2Fv2%2Fcomments&post=28873"}],"version-history":[{"count":0,"href":"https:\/\/blogdofarnesio.com.br\/index.php?rest_route=\/wp\/v2\/posts\/28873\/revisions"}],"wp:attachment":[{"href":"https:\/\/blogdofarnesio.com.br\/index.php?rest_route=%2Fwp%2Fv2%2Fmedia&parent=28873"}],"wp:term":[{"taxonomy":"category","embeddable":true,"href":"https:\/\/blogdofarnesio.com.br\/index.php?rest_route=%2Fwp%2Fv2%2Fcategories&post=28873"},{"taxonomy":"post_tag","embeddable":true,"href":"https:\/\/blogdofarnesio.com.br\/index.php?rest_route=%2Fwp%2Fv2%2Ftags&post=28873"}],"curies":[{"name":"wp","href":"https:\/\/api.w.org\/{rel}","templated":true}]}}