{"id":287067,"date":"2021-06-01T12:30:13","date_gmt":"2021-06-01T15:30:13","guid":{"rendered":"http:\/\/quersaberpolitica.com.br\/2016\/?p=287067"},"modified":"2021-06-01T09:41:16","modified_gmt":"2021-06-01T12:41:16","slug":"discriminados-da-covid-19-em-afogados-da-ingazeira-vao-usar-pulseira-de-identificacao-segundo-determinacao-do-mp","status":"publish","type":"post","link":"https:\/\/blogdofarnesio.com.br\/?p=287067","title":{"rendered":"Discriminados da covid 19 em Afogados da Ingazeira, v\u00e3o usar pulseira de identifica\u00e7\u00e3o, segundo determina\u00e7\u00e3o do MP"},"content":{"rendered":"<p>O promotor<strong>\u00a0L\u00facio Luiz de Almeida Neto<\/strong> informou n<strong>a R\u00e1dio Paje\u00fa<\/strong>, que Afogados da Ingazeira vai adotar\u00a0 o exemplo de Nova Granada, no interior de S\u00e3o Paulo, que estabeleceu a identifica\u00e7\u00e3o da popula\u00e7\u00e3o da cidade com pulseiras coloridas que indicam a possibilidade de um paciente estar infectado com o coronav\u00edrus.<\/p>\n<p>A medida j\u00e1 foi pactuada pela Secretaria de Sa\u00fade do munic\u00edpio.\u00a0 Em Nova Granada,\u00a0 ao procurar atendimento com sintomas da doen\u00e7a, o cidad\u00e3o recebe uma pulseira de cor amarela, que pode ser substitu\u00edda por uma da cor vermelha caso o teste laboratorial comprove a infec\u00e7\u00e3o.\u00a0 A pulseira vermelha indica que aquele paciente deve permanecer em isolamento at\u00e9 receber alta e somente um m\u00e9dico pode recolher a identifica\u00e7\u00e3o.<\/p>\n<p>Em casos de descumprimento, A prefeitura prev\u00ea uma multa de R$ 300 caso o paciente retire a pulseira por conta pr\u00f3pria. A autua\u00e7\u00e3o pode ser dada caso o cidad\u00e3o seja flagrado em locais p\u00fablicos, violando o isolamento.\u00a0\u00a0O promotor afirmou que descumprimentos ser\u00e3o enquadrados como crime com base no Artigo 268 do C\u00f3digo Penal 268, por expor outros a risco de cont\u00e1gio.<\/p>\n<p><strong>L\u00facio x Duque:<\/strong>\u00a0L\u00facio disse respeitar, mas voltou a questionar a divulga\u00e7\u00e3o de casos ativos em cidades da regi\u00e3o. Domingo, na coluna do blog, o\u00a0promotor ,\u00a0 que analisa n\u00fameros de Covid na regi\u00e3o questionou poss\u00edvel subnotifica\u00e7\u00e3o na gest\u00e3o M\u00e1rcia Conrado.\u00a0 Em 25\/5, Afogados tinha 231 casos ativos. Serra, com o dobro da popula\u00e7\u00e3o,\u00a0 s\u00f3\u00a0 170.<\/p>\n<p>Em conversa com o\u00a0<strong>Farol de Not\u00edcias,\u00a0<\/strong>o ex-prefeito Luciano Duque relatou que o promotor de Justi\u00e7a n\u00e3o tem base para este tipo de coment\u00e1rio. \u201cO senhor promotor pode estar fazendo uma piada. Serra Talhada \u00e9 o munic\u00edpio que mais testa, tem unidade m\u00f3vel, a\u00e7\u00e3o eficaz na Vigil\u00e2ncia Sanit\u00e1ria, e aplicou 100% de vacinas no que preconiza o Minist\u00e9rio da Sa\u00fade. J\u00e1 testamos mais de 60% da popula\u00e7\u00e3o\u201d, rebateu Luciano Duque.<\/p>\n<p>Ao programa, L\u00facio voltou a questionar, incluindo outras cidades. \u201cRespeito o ex-prefeito, mas n\u00e3o \u00e9 poss\u00edvel que uma cidade como Serra Talhada tenha apenas\u00a0\u00a0174 casos ativos, que S\u00e3o Jos\u00e9 do Egito apenas\u00a0107 e por outro lado, Afogados da Ingazeira com\u00a0275 e Carna\u00edba, cidade menor, com 100 casos\u201d.<\/p>\n","protected":false},"excerpt":{"rendered":"<p>O promotor\u00a0L\u00facio Luiz de Almeida Neto informou na R\u00e1dio Paje\u00fa, que Afogados da Ingazeira vai adotar\u00a0 o exemplo de Nova Granada, no interior de S\u00e3o Paulo, que estabeleceu a identifica\u00e7\u00e3o da popula\u00e7\u00e3o da cidade com pulseiras coloridas que indicam a possibilidade de um paciente estar infectado com o coronav\u00edrus. A medida j\u00e1 foi pactuada pela Secretaria de Sa\u00fade do munic\u00edpio.\u00a0 Em Nova Granada,\u00a0 ao procurar atendimento com sintomas da doen\u00e7a, o cidad\u00e3o recebe uma pulseira de cor amarela, que pode ser substitu\u00edda por uma da cor vermelha caso o teste laboratorial comprove a infec\u00e7\u00e3o.\u00a0 A pulseira vermelha indica que aquele paciente deve permanecer em isolamento at\u00e9 receber alta e somente um m\u00e9dico pode recolher a identifica\u00e7\u00e3o. Em casos de descumprimento,&hellip; <\/p>\n","protected":false},"author":1,"featured_media":287081,"comment_status":"closed","ping_status":"closed","sticky":false,"template":"","format":"standard","meta":{"_acf_changed":false,"footnotes":""},"categories":[1],"tags":[],"class_list":["post-287067","post","type-post","status-publish","format-standard","has-post-thumbnail","hentry","category-politica"],"acf":[],"yoast_head":"<!-- This site is optimized with the Yoast SEO plugin v27.4 - https:\/\/yoast.com\/product\/yoast-seo-wordpress\/ -->\n<title>Discriminados da covid 19 em Afogados da Ingazeira, v\u00e3o usar pulseira de identifica\u00e7\u00e3o, segundo determina\u00e7\u00e3o do MP - Blog do Farn\u00e9sio<\/title>\n<meta name=\"robots\" content=\"index, follow, max-snippet:-1, max-image-preview:large, max-video-preview:-1\" \/>\n<link rel=\"canonical\" href=\"https:\/\/blogdofarnesio.com.br\/?p=287067\" \/>\n<meta property=\"og:locale\" content=\"pt_BR\" \/>\n<meta property=\"og:type\" content=\"article\" \/>\n<meta property=\"og:title\" content=\"Discriminados da covid 19 em Afogados da Ingazeira, v\u00e3o usar pulseira de identifica\u00e7\u00e3o, segundo determina\u00e7\u00e3o do MP - Blog do Farn\u00e9sio\" \/>\n<meta property=\"og:description\" content=\"O promotor\u00a0L\u00facio Luiz de Almeida Neto informou na R\u00e1dio Paje\u00fa, que Afogados da Ingazeira vai adotar\u00a0 o exemplo de Nova Granada, no interior de S\u00e3o Paulo, que estabeleceu a identifica\u00e7\u00e3o da popula\u00e7\u00e3o da cidade com pulseiras coloridas que indicam a possibilidade de um paciente estar infectado com o coronav\u00edrus. A medida j\u00e1 foi pactuada pela Secretaria de Sa\u00fade do munic\u00edpio.\u00a0 Em Nova Granada,\u00a0 ao procurar atendimento com sintomas da doen\u00e7a, o cidad\u00e3o recebe uma pulseira de cor amarela, que pode ser substitu\u00edda por uma da cor vermelha caso o teste laboratorial comprove a infec\u00e7\u00e3o.\u00a0 A pulseira vermelha indica que aquele paciente deve permanecer em isolamento at\u00e9 receber alta e somente um m\u00e9dico pode recolher a identifica\u00e7\u00e3o. Em casos de descumprimento,&hellip;\" \/>\n<meta property=\"og:url\" content=\"https:\/\/blogdofarnesio.com.br\/?p=287067\" \/>\n<meta property=\"og:site_name\" content=\"Blog do Farn\u00e9sio\" \/>\n<meta property=\"article:publisher\" content=\"https:\/\/www.facebook.com\/BlogQuerSaberPolitica\/\" \/>\n<meta property=\"article:published_time\" content=\"2021-06-01T15:30:13+00:00\" \/>\n<meta property=\"og:image\" content=\"https:\/\/blogdofarnesio.com.br\/wp-content\/uploads\/2021\/05\/blogqspafogados-pulseira-covid.jpg\" \/>\n\t<meta property=\"og:image:width\" content=\"600\" \/>\n\t<meta property=\"og:image:height\" content=\"345\" \/>\n\t<meta property=\"og:image:type\" content=\"image\/jpeg\" \/>\n<meta name=\"author\" content=\"Farn\u00e9sio\" \/>\n<meta name=\"twitter:card\" content=\"summary_large_image\" \/>\n<meta name=\"twitter:label1\" content=\"Escrito por\" \/>\n\t<meta name=\"twitter:data1\" content=\"Farn\u00e9sio\" \/>\n\t<meta name=\"twitter:label2\" content=\"Est. tempo de leitura\" \/>\n\t<meta name=\"twitter:data2\" content=\"2 minutos\" \/>\n<script type=\"application\/ld+json\" class=\"yoast-schema-graph\">{\"@context\":\"https:\\\/\\\/schema.org\",\"@graph\":[{\"@type\":\"Article\",\"@id\":\"https:\\\/\\\/blogdofarnesio.com.br\\\/?p=287067#article\",\"isPartOf\":{\"@id\":\"https:\\\/\\\/blogdofarnesio.com.br\\\/?p=287067\"},\"author\":{\"name\":\"Farn\u00e9sio\",\"@id\":\"https:\\\/\\\/blogdofarnesio.com.br\\\/#\\\/schema\\\/person\\\/301c4acf522bccbfdb45af95b5b906a1\"},\"headline\":\"Discriminados da covid 19 em Afogados da Ingazeira, v\u00e3o usar pulseira de identifica\u00e7\u00e3o, segundo determina\u00e7\u00e3o do MP\",\"datePublished\":\"2021-06-01T15:30:13+00:00\",\"mainEntityOfPage\":{\"@id\":\"https:\\\/\\\/blogdofarnesio.com.br\\\/?p=287067\"},\"wordCount\":409,\"publisher\":{\"@id\":\"https:\\\/\\\/blogdofarnesio.com.br\\\/#organization\"},\"image\":{\"@id\":\"https:\\\/\\\/blogdofarnesio.com.br\\\/?p=287067#primaryimage\"},\"thumbnailUrl\":\"https:\\\/\\\/blogdofarnesio.com.br\\\/wp-content\\\/uploads\\\/2021\\\/05\\\/blogqspafogados-pulseira-covid.jpg\",\"articleSection\":[\"Pol\u00edtica\"],\"inLanguage\":\"pt-BR\"},{\"@type\":\"WebPage\",\"@id\":\"https:\\\/\\\/blogdofarnesio.com.br\\\/?p=287067\",\"url\":\"https:\\\/\\\/blogdofarnesio.com.br\\\/?p=287067\",\"name\":\"Discriminados da covid 19 em Afogados da Ingazeira, v\u00e3o usar pulseira de identifica\u00e7\u00e3o, segundo determina\u00e7\u00e3o do MP - Blog do Farn\u00e9sio\",\"isPartOf\":{\"@id\":\"https:\\\/\\\/blogdofarnesio.com.br\\\/#website\"},\"primaryImageOfPage\":{\"@id\":\"https:\\\/\\\/blogdofarnesio.com.br\\\/?p=287067#primaryimage\"},\"image\":{\"@id\":\"https:\\\/\\\/blogdofarnesio.com.br\\\/?p=287067#primaryimage\"},\"thumbnailUrl\":\"https:\\\/\\\/blogdofarnesio.com.br\\\/wp-content\\\/uploads\\\/2021\\\/05\\\/blogqspafogados-pulseira-covid.jpg\",\"datePublished\":\"2021-06-01T15:30:13+00:00\",\"breadcrumb\":{\"@id\":\"https:\\\/\\\/blogdofarnesio.com.br\\\/?p=287067#breadcrumb\"},\"inLanguage\":\"pt-BR\",\"potentialAction\":[{\"@type\":\"ReadAction\",\"target\":[\"https:\\\/\\\/blogdofarnesio.com.br\\\/?p=287067\"]}]},{\"@type\":\"ImageObject\",\"inLanguage\":\"pt-BR\",\"@id\":\"https:\\\/\\\/blogdofarnesio.com.br\\\/?p=287067#primaryimage\",\"url\":\"https:\\\/\\\/blogdofarnesio.com.br\\\/wp-content\\\/uploads\\\/2021\\\/05\\\/blogqspafogados-pulseira-covid.jpg\",\"contentUrl\":\"https:\\\/\\\/blogdofarnesio.com.br\\\/wp-content\\\/uploads\\\/2021\\\/05\\\/blogqspafogados-pulseira-covid.jpg\",\"width\":600,\"height\":345},{\"@type\":\"BreadcrumbList\",\"@id\":\"https:\\\/\\\/blogdofarnesio.com.br\\\/?p=287067#breadcrumb\",\"itemListElement\":[{\"@type\":\"ListItem\",\"position\":1,\"name\":\"In\u00edcio\",\"item\":\"https:\\\/\\\/blogdofarnesio.com.br\\\/\"},{\"@type\":\"ListItem\",\"position\":2,\"name\":\"Discriminados da covid 19 em Afogados da Ingazeira, v\u00e3o usar pulseira de identifica\u00e7\u00e3o, segundo determina\u00e7\u00e3o do MP\"}]},{\"@type\":\"WebSite\",\"@id\":\"https:\\\/\\\/blogdofarnesio.com.br\\\/#website\",\"url\":\"https:\\\/\\\/blogdofarnesio.com.br\\\/\",\"name\":\"Blog do Farn\u00e9sio\",\"description\":\"Quer Saber Pol\u00edtica?\",\"publisher\":{\"@id\":\"https:\\\/\\\/blogdofarnesio.com.br\\\/#organization\"},\"potentialAction\":[{\"@type\":\"SearchAction\",\"target\":{\"@type\":\"EntryPoint\",\"urlTemplate\":\"https:\\\/\\\/blogdofarnesio.com.br\\\/?s={search_term_string}\"},\"query-input\":{\"@type\":\"PropertyValueSpecification\",\"valueRequired\":true,\"valueName\":\"search_term_string\"}}],\"inLanguage\":\"pt-BR\"},{\"@type\":\"Organization\",\"@id\":\"https:\\\/\\\/blogdofarnesio.com.br\\\/#organization\",\"name\":\"Blog do Farn\u00e9sio\",\"url\":\"https:\\\/\\\/blogdofarnesio.com.br\\\/\",\"logo\":{\"@type\":\"ImageObject\",\"inLanguage\":\"pt-BR\",\"@id\":\"https:\\\/\\\/blogdofarnesio.com.br\\\/#\\\/schema\\\/logo\\\/image\\\/\",\"url\":\"https:\\\/\\\/blogdofarnesio.com.br\\\/wp-content\\\/uploads\\\/2026\\\/03\\\/cropped-logo_new-1.png\",\"contentUrl\":\"https:\\\/\\\/blogdofarnesio.com.br\\\/wp-content\\\/uploads\\\/2026\\\/03\\\/cropped-logo_new-1.png\",\"width\":881,\"height\":685,\"caption\":\"Blog do Farn\u00e9sio\"},\"image\":{\"@id\":\"https:\\\/\\\/blogdofarnesio.com.br\\\/#\\\/schema\\\/logo\\\/image\\\/\"},\"sameAs\":[\"https:\\\/\\\/www.facebook.com\\\/BlogQuerSaberPolitica\\\/\"]},{\"@type\":\"Person\",\"@id\":\"https:\\\/\\\/blogdofarnesio.com.br\\\/#\\\/schema\\\/person\\\/301c4acf522bccbfdb45af95b5b906a1\",\"name\":\"Farn\u00e9sio\",\"image\":{\"@type\":\"ImageObject\",\"inLanguage\":\"pt-BR\",\"@id\":\"https:\\\/\\\/secure.gravatar.com\\\/avatar\\\/df0c9a14567c056f8ad6876ba5bbd1e3e2c48023eb6807342fc4663adf549f38?s=96&d=mm&r=g\",\"url\":\"https:\\\/\\\/secure.gravatar.com\\\/avatar\\\/df0c9a14567c056f8ad6876ba5bbd1e3e2c48023eb6807342fc4663adf549f38?s=96&d=mm&r=g\",\"contentUrl\":\"https:\\\/\\\/secure.gravatar.com\\\/avatar\\\/df0c9a14567c056f8ad6876ba5bbd1e3e2c48023eb6807342fc4663adf549f38?s=96&d=mm&r=g\",\"caption\":\"Farn\u00e9sio\"},\"sameAs\":[\"https:\\\/\\\/quersaberpolitica.com.br\"],\"url\":\"https:\\\/\\\/blogdofarnesio.com.br\\\/?author=1\"}]}<\/script>\n<!-- \/ Yoast SEO plugin. -->","yoast_head_json":{"title":"Discriminados da covid 19 em Afogados da Ingazeira, v\u00e3o usar pulseira de identifica\u00e7\u00e3o, segundo determina\u00e7\u00e3o do MP - Blog do Farn\u00e9sio","robots":{"index":"index","follow":"follow","max-snippet":"max-snippet:-1","max-image-preview":"max-image-preview:large","max-video-preview":"max-video-preview:-1"},"canonical":"https:\/\/blogdofarnesio.com.br\/?p=287067","og_locale":"pt_BR","og_type":"article","og_title":"Discriminados da covid 19 em Afogados da Ingazeira, v\u00e3o usar pulseira de identifica\u00e7\u00e3o, segundo determina\u00e7\u00e3o do MP - Blog do Farn\u00e9sio","og_description":"O promotor\u00a0L\u00facio Luiz de Almeida Neto informou na R\u00e1dio Paje\u00fa, que Afogados da Ingazeira vai adotar\u00a0 o exemplo de Nova Granada, no interior de S\u00e3o Paulo, que estabeleceu a identifica\u00e7\u00e3o da popula\u00e7\u00e3o da cidade com pulseiras coloridas que indicam a possibilidade de um paciente estar infectado com o coronav\u00edrus. A medida j\u00e1 foi pactuada pela Secretaria de Sa\u00fade do munic\u00edpio.\u00a0 Em Nova Granada,\u00a0 ao procurar atendimento com sintomas da doen\u00e7a, o cidad\u00e3o recebe uma pulseira de cor amarela, que pode ser substitu\u00edda por uma da cor vermelha caso o teste laboratorial comprove a infec\u00e7\u00e3o.\u00a0 A pulseira vermelha indica que aquele paciente deve permanecer em isolamento at\u00e9 receber alta e somente um m\u00e9dico pode recolher a identifica\u00e7\u00e3o. Em casos de descumprimento,&hellip;","og_url":"https:\/\/blogdofarnesio.com.br\/?p=287067","og_site_name":"Blog do Farn\u00e9sio","article_publisher":"https:\/\/www.facebook.com\/BlogQuerSaberPolitica\/","article_published_time":"2021-06-01T15:30:13+00:00","og_image":[{"width":600,"height":345,"url":"https:\/\/blogdofarnesio.com.br\/wp-content\/uploads\/2021\/05\/blogqspafogados-pulseira-covid.jpg","type":"image\/jpeg"}],"author":"Farn\u00e9sio","twitter_card":"summary_large_image","twitter_misc":{"Escrito por":"Farn\u00e9sio","Est. tempo de leitura":"2 minutos"},"schema":{"@context":"https:\/\/schema.org","@graph":[{"@type":"Article","@id":"https:\/\/blogdofarnesio.com.br\/?p=287067#article","isPartOf":{"@id":"https:\/\/blogdofarnesio.com.br\/?p=287067"},"author":{"name":"Farn\u00e9sio","@id":"https:\/\/blogdofarnesio.com.br\/#\/schema\/person\/301c4acf522bccbfdb45af95b5b906a1"},"headline":"Discriminados da covid 19 em Afogados da Ingazeira, v\u00e3o usar pulseira de identifica\u00e7\u00e3o, segundo determina\u00e7\u00e3o do MP","datePublished":"2021-06-01T15:30:13+00:00","mainEntityOfPage":{"@id":"https:\/\/blogdofarnesio.com.br\/?p=287067"},"wordCount":409,"publisher":{"@id":"https:\/\/blogdofarnesio.com.br\/#organization"},"image":{"@id":"https:\/\/blogdofarnesio.com.br\/?p=287067#primaryimage"},"thumbnailUrl":"https:\/\/blogdofarnesio.com.br\/wp-content\/uploads\/2021\/05\/blogqspafogados-pulseira-covid.jpg","articleSection":["Pol\u00edtica"],"inLanguage":"pt-BR"},{"@type":"WebPage","@id":"https:\/\/blogdofarnesio.com.br\/?p=287067","url":"https:\/\/blogdofarnesio.com.br\/?p=287067","name":"Discriminados da covid 19 em Afogados da Ingazeira, v\u00e3o usar pulseira de identifica\u00e7\u00e3o, segundo determina\u00e7\u00e3o do MP - Blog do Farn\u00e9sio","isPartOf":{"@id":"https:\/\/blogdofarnesio.com.br\/#website"},"primaryImageOfPage":{"@id":"https:\/\/blogdofarnesio.com.br\/?p=287067#primaryimage"},"image":{"@id":"https:\/\/blogdofarnesio.com.br\/?p=287067#primaryimage"},"thumbnailUrl":"https:\/\/blogdofarnesio.com.br\/wp-content\/uploads\/2021\/05\/blogqspafogados-pulseira-covid.jpg","datePublished":"2021-06-01T15:30:13+00:00","breadcrumb":{"@id":"https:\/\/blogdofarnesio.com.br\/?p=287067#breadcrumb"},"inLanguage":"pt-BR","potentialAction":[{"@type":"ReadAction","target":["https:\/\/blogdofarnesio.com.br\/?p=287067"]}]},{"@type":"ImageObject","inLanguage":"pt-BR","@id":"https:\/\/blogdofarnesio.com.br\/?p=287067#primaryimage","url":"https:\/\/blogdofarnesio.com.br\/wp-content\/uploads\/2021\/05\/blogqspafogados-pulseira-covid.jpg","contentUrl":"https:\/\/blogdofarnesio.com.br\/wp-content\/uploads\/2021\/05\/blogqspafogados-pulseira-covid.jpg","width":600,"height":345},{"@type":"BreadcrumbList","@id":"https:\/\/blogdofarnesio.com.br\/?p=287067#breadcrumb","itemListElement":[{"@type":"ListItem","position":1,"name":"In\u00edcio","item":"https:\/\/blogdofarnesio.com.br\/"},{"@type":"ListItem","position":2,"name":"Discriminados da covid 19 em Afogados da Ingazeira, v\u00e3o usar pulseira de identifica\u00e7\u00e3o, segundo determina\u00e7\u00e3o do MP"}]},{"@type":"WebSite","@id":"https:\/\/blogdofarnesio.com.br\/#website","url":"https:\/\/blogdofarnesio.com.br\/","name":"Blog do Farn\u00e9sio","description":"Quer Saber Pol\u00edtica?","publisher":{"@id":"https:\/\/blogdofarnesio.com.br\/#organization"},"potentialAction":[{"@type":"SearchAction","target":{"@type":"EntryPoint","urlTemplate":"https:\/\/blogdofarnesio.com.br\/?s={search_term_string}"},"query-input":{"@type":"PropertyValueSpecification","valueRequired":true,"valueName":"search_term_string"}}],"inLanguage":"pt-BR"},{"@type":"Organization","@id":"https:\/\/blogdofarnesio.com.br\/#organization","name":"Blog do Farn\u00e9sio","url":"https:\/\/blogdofarnesio.com.br\/","logo":{"@type":"ImageObject","inLanguage":"pt-BR","@id":"https:\/\/blogdofarnesio.com.br\/#\/schema\/logo\/image\/","url":"https:\/\/blogdofarnesio.com.br\/wp-content\/uploads\/2026\/03\/cropped-logo_new-1.png","contentUrl":"https:\/\/blogdofarnesio.com.br\/wp-content\/uploads\/2026\/03\/cropped-logo_new-1.png","width":881,"height":685,"caption":"Blog do Farn\u00e9sio"},"image":{"@id":"https:\/\/blogdofarnesio.com.br\/#\/schema\/logo\/image\/"},"sameAs":["https:\/\/www.facebook.com\/BlogQuerSaberPolitica\/"]},{"@type":"Person","@id":"https:\/\/blogdofarnesio.com.br\/#\/schema\/person\/301c4acf522bccbfdb45af95b5b906a1","name":"Farn\u00e9sio","image":{"@type":"ImageObject","inLanguage":"pt-BR","@id":"https:\/\/secure.gravatar.com\/avatar\/df0c9a14567c056f8ad6876ba5bbd1e3e2c48023eb6807342fc4663adf549f38?s=96&d=mm&r=g","url":"https:\/\/secure.gravatar.com\/avatar\/df0c9a14567c056f8ad6876ba5bbd1e3e2c48023eb6807342fc4663adf549f38?s=96&d=mm&r=g","contentUrl":"https:\/\/secure.gravatar.com\/avatar\/df0c9a14567c056f8ad6876ba5bbd1e3e2c48023eb6807342fc4663adf549f38?s=96&d=mm&r=g","caption":"Farn\u00e9sio"},"sameAs":["https:\/\/quersaberpolitica.com.br"],"url":"https:\/\/blogdofarnesio.com.br\/?author=1"}]}},"_links":{"self":[{"href":"https:\/\/blogdofarnesio.com.br\/index.php?rest_route=\/wp\/v2\/posts\/287067","targetHints":{"allow":["GET"]}}],"collection":[{"href":"https:\/\/blogdofarnesio.com.br\/index.php?rest_route=\/wp\/v2\/posts"}],"about":[{"href":"https:\/\/blogdofarnesio.com.br\/index.php?rest_route=\/wp\/v2\/types\/post"}],"author":[{"embeddable":true,"href":"https:\/\/blogdofarnesio.com.br\/index.php?rest_route=\/wp\/v2\/users\/1"}],"replies":[{"embeddable":true,"href":"https:\/\/blogdofarnesio.com.br\/index.php?rest_route=%2Fwp%2Fv2%2Fcomments&post=287067"}],"version-history":[{"count":0,"href":"https:\/\/blogdofarnesio.com.br\/index.php?rest_route=\/wp\/v2\/posts\/287067\/revisions"}],"wp:featuredmedia":[{"embeddable":true,"href":"https:\/\/blogdofarnesio.com.br\/index.php?rest_route=\/wp\/v2\/media\/287081"}],"wp:attachment":[{"href":"https:\/\/blogdofarnesio.com.br\/index.php?rest_route=%2Fwp%2Fv2%2Fmedia&parent=287067"}],"wp:term":[{"taxonomy":"category","embeddable":true,"href":"https:\/\/blogdofarnesio.com.br\/index.php?rest_route=%2Fwp%2Fv2%2Fcategories&post=287067"},{"taxonomy":"post_tag","embeddable":true,"href":"https:\/\/blogdofarnesio.com.br\/index.php?rest_route=%2Fwp%2Fv2%2Ftags&post=287067"}],"curies":[{"name":"wp","href":"https:\/\/api.w.org\/{rel}","templated":true}]}}