{"id":287052,"date":"2021-06-01T13:00:54","date_gmt":"2021-06-01T16:00:54","guid":{"rendered":"http:\/\/quersaberpolitica.com.br\/2016\/?p=287052"},"modified":"2021-06-01T09:46:51","modified_gmt":"2021-06-01T12:46:51","slug":"suzana-ramos-faz-visitas-e-dedica-a-segunda-a-feirantes-e-permissionarios-de-feiras-e-mercados-publicos","status":"publish","type":"post","link":"https:\/\/blogdofarnesio.com.br\/?p=287052","title":{"rendered":"Suzana Ramos faz visitas e dedica a segunda, a feirantes e permission\u00e1rios de feiras e mercados p\u00fablicos"},"content":{"rendered":"<p style=\"font-weight: 400;\">A prefeita Suzana Ramos visitou, nesta segunda-feira (31), a feirinha do terminal de \u00f4nibus e o Camel\u00f3dromo 2 de Julho, no centro de Juazeiro. Ela foi acompanhada do diretor da Autarquia Municipal de Abastecimento (AMA), Britoaldo Alves Bessa e do superintendente de Feiras, Mercados e Camel\u00f3dromo do munic\u00edpio, Z\u00e9 Carlos Medeiros.<\/p>\n<p style=\"font-weight: 400;\">O objetivo foi visitar as \u00e1reas revitalizadas pela prefeitura neste in\u00edcio de governo e falar com feirantes, permission\u00e1rios e consumidores. \u201cViemos conferir de perto como est\u00e3o os trabalhadores dessas \u00e1reas e conversar sobre o que podemos melhorar ainda mais nesse trecho da Pra\u00e7a Pedro Pereira Primo. Fico muito feliz, fui recebida com muito carinho. Meu governo \u00e9 participativo e eu fa\u00e7o quest\u00e3o de vir onde o povo est\u00e1\u201d, destacou Suzana Ramos.<\/p>\n<p style=\"font-weight: 400;\">Os feirantes deixaram as vias p\u00fablicas e cal\u00e7adas na \u00e1rea da Pra\u00e7a Pereira Primo, num trabalho de reordenamento, melhorando os espa\u00e7os de circula\u00e7\u00e3o de pessoas. Al\u00e9m disso, a prefeitura promoveu diversos servi\u00e7os de melhorias no entorno da pra\u00e7a, como poda de \u00e1rvores, refor\u00e7o na ilumina\u00e7\u00e3o e a AMA conseguiu junto \u00e0 Companhia de Seguran\u00e7a, Tr\u00e2nsito e Transportes (CSTT) autoriza\u00e7\u00e3o de parada de 15 minutos em frente ao est\u00e1dio e na lateral do Camel\u00f3dromo para que as pessoas possam fazer carga e descarga sem correr o risco de ser multadas.<\/p>\n<p style=\"font-weight: 400;\">O mesmo vale para clientes que compram frutas e verduras no local &#8211; a toler\u00e2ncia \u00e9 de at\u00e9 15 minutos. J\u00e1 o Camel\u00f3dromo 2 de Julho, que foi ampliado, ganhou novos boxes &#8211; hoje s\u00e3o 310 e os que ainda est\u00e3o fechados dever\u00e3o ser ocupados at\u00e9 o dia 30 de junho.<\/p>\n<p style=\"font-weight: 400;\">A prefeita Suzana tamb\u00e9m esteve no local provis\u00f3rio do Mercado Joca de Oliveira, que funciona em frente ao Est\u00e1dio Adaulto Moraes. Na ocasi\u00e3o, a gestora falou das a\u00e7\u00f5es que est\u00e3o sendo desenvolvidas nas feiras e mercados de Juazeiro e frisou sobre os projetos que foram enviados a Bras\u00edlia para impulsionar cada vez mais esse segmento que n\u00e3o recebia investimentos h\u00e1 d\u00e9cadas.<\/p>\n<p style=\"font-weight: 400;\"><strong>Mercado Arnaldo Vieira<\/strong><\/p>\n<p style=\"font-weight: 400;\">Suzana Ramos ainda visitou a obra de reforma do Mercado Arnaldo Vieira, vizinho \u00e0 feira do Alto da Maravilha, onde garantiu outros servi\u00e7os que v\u00e3o modernizar o entreposto comercial. Ela aproveitou a oportunidade e vistoriou os boxes que est\u00e3o sendo reformados\u00a0 em parceria com os permission\u00e1rios e avaliou os servi\u00e7os que a AMA est\u00e1 desenvolvendo com diversas secretarias do munic\u00edpio.<\/p>\n<p style=\"font-weight: 400;\">Texto: Welington Alves &#8211; Ascom\/AMA\/PMJ<\/p>\n","protected":false},"excerpt":{"rendered":"<p>A prefeita Suzana Ramos visitou, nesta segunda-feira (31), a feirinha do terminal de \u00f4nibus e o Camel\u00f3dromo 2 de Julho, no centro de Juazeiro. Ela foi acompanhada do diretor da Autarquia Municipal de Abastecimento (AMA), Britoaldo Alves Bessa e do superintendente de Feiras, Mercados e Camel\u00f3dromo do munic\u00edpio, Z\u00e9 Carlos Medeiros. O objetivo foi visitar as \u00e1reas revitalizadas pela prefeitura neste in\u00edcio de governo e falar com feirantes, permission\u00e1rios e consumidores. \u201cViemos conferir de perto como est\u00e3o os trabalhadores dessas \u00e1reas e conversar sobre o que podemos melhorar ainda mais nesse trecho da Pra\u00e7a Pedro Pereira Primo. Fico muito feliz, fui recebida com muito carinho. Meu governo \u00e9 participativo e eu fa\u00e7o quest\u00e3o de vir onde o povo est\u00e1\u201d, destacou&hellip; <\/p>\n","protected":false},"author":1,"featured_media":287055,"comment_status":"closed","ping_status":"closed","sticky":false,"template":"","format":"standard","meta":{"_acf_changed":false,"footnotes":""},"categories":[1],"tags":[],"class_list":["post-287052","post","type-post","status-publish","format-standard","has-post-thumbnail","hentry","category-politica"],"acf":[],"yoast_head":"<!-- This site is optimized with the Yoast SEO plugin v27.4 - https:\/\/yoast.com\/product\/yoast-seo-wordpress\/ -->\n<title>Suzana Ramos faz visitas e dedica a segunda, a feirantes e permission\u00e1rios de feiras e mercados p\u00fablicos - Blog do Farn\u00e9sio<\/title>\n<meta name=\"robots\" content=\"index, follow, max-snippet:-1, max-image-preview:large, max-video-preview:-1\" \/>\n<link rel=\"canonical\" href=\"https:\/\/blogdofarnesio.com.br\/?p=287052\" \/>\n<meta property=\"og:locale\" content=\"pt_BR\" \/>\n<meta property=\"og:type\" content=\"article\" \/>\n<meta property=\"og:title\" content=\"Suzana Ramos faz visitas e dedica a segunda, a feirantes e permission\u00e1rios de feiras e mercados p\u00fablicos - Blog do Farn\u00e9sio\" \/>\n<meta property=\"og:description\" content=\"A prefeita Suzana Ramos visitou, nesta segunda-feira (31), a feirinha do terminal de \u00f4nibus e o Camel\u00f3dromo 2 de Julho, no centro de Juazeiro. Ela foi acompanhada do diretor da Autarquia Municipal de Abastecimento (AMA), Britoaldo Alves Bessa e do superintendente de Feiras, Mercados e Camel\u00f3dromo do munic\u00edpio, Z\u00e9 Carlos Medeiros. O objetivo foi visitar as \u00e1reas revitalizadas pela prefeitura neste in\u00edcio de governo e falar com feirantes, permission\u00e1rios e consumidores. \u201cViemos conferir de perto como est\u00e3o os trabalhadores dessas \u00e1reas e conversar sobre o que podemos melhorar ainda mais nesse trecho da Pra\u00e7a Pedro Pereira Primo. Fico muito feliz, fui recebida com muito carinho. Meu governo \u00e9 participativo e eu fa\u00e7o quest\u00e3o de vir onde o povo est\u00e1\u201d, destacou&hellip;\" \/>\n<meta property=\"og:url\" content=\"https:\/\/blogdofarnesio.com.br\/?p=287052\" \/>\n<meta property=\"og:site_name\" content=\"Blog do Farn\u00e9sio\" \/>\n<meta property=\"article:publisher\" content=\"https:\/\/www.facebook.com\/BlogQuerSaberPolitica\/\" \/>\n<meta property=\"article:published_time\" content=\"2021-06-01T16:00:54+00:00\" \/>\n<meta property=\"og:image\" content=\"https:\/\/blogdofarnesio.com.br\/wp-content\/uploads\/2021\/05\/blogqspjua-suzana-camelodromo-permissionarios-2-e1622499595336.jpeg\" \/>\n\t<meta property=\"og:image:width\" content=\"624\" \/>\n\t<meta property=\"og:image:height\" content=\"468\" \/>\n\t<meta property=\"og:image:type\" content=\"image\/jpeg\" \/>\n<meta name=\"author\" content=\"Farn\u00e9sio\" \/>\n<meta name=\"twitter:card\" content=\"summary_large_image\" \/>\n<meta name=\"twitter:label1\" content=\"Escrito por\" \/>\n\t<meta name=\"twitter:data1\" content=\"Farn\u00e9sio\" \/>\n\t<meta name=\"twitter:label2\" content=\"Est. tempo de leitura\" \/>\n\t<meta name=\"twitter:data2\" content=\"2 minutos\" \/>\n<script type=\"application\/ld+json\" class=\"yoast-schema-graph\">{\"@context\":\"https:\\\/\\\/schema.org\",\"@graph\":[{\"@type\":\"Article\",\"@id\":\"https:\\\/\\\/blogdofarnesio.com.br\\\/?p=287052#article\",\"isPartOf\":{\"@id\":\"https:\\\/\\\/blogdofarnesio.com.br\\\/?p=287052\"},\"author\":{\"name\":\"Farn\u00e9sio\",\"@id\":\"https:\\\/\\\/blogdofarnesio.com.br\\\/#\\\/schema\\\/person\\\/301c4acf522bccbfdb45af95b5b906a1\"},\"headline\":\"Suzana Ramos faz visitas e dedica a segunda, a feirantes e permission\u00e1rios de feiras e mercados p\u00fablicos\",\"datePublished\":\"2021-06-01T16:00:54+00:00\",\"mainEntityOfPage\":{\"@id\":\"https:\\\/\\\/blogdofarnesio.com.br\\\/?p=287052\"},\"wordCount\":445,\"publisher\":{\"@id\":\"https:\\\/\\\/blogdofarnesio.com.br\\\/#organization\"},\"image\":{\"@id\":\"https:\\\/\\\/blogdofarnesio.com.br\\\/?p=287052#primaryimage\"},\"thumbnailUrl\":\"https:\\\/\\\/blogdofarnesio.com.br\\\/wp-content\\\/uploads\\\/2021\\\/05\\\/blogqspjua-suzana-camelodromo-permissionarios-2-e1622499595336.jpeg\",\"articleSection\":[\"Pol\u00edtica\"],\"inLanguage\":\"pt-BR\"},{\"@type\":\"WebPage\",\"@id\":\"https:\\\/\\\/blogdofarnesio.com.br\\\/?p=287052\",\"url\":\"https:\\\/\\\/blogdofarnesio.com.br\\\/?p=287052\",\"name\":\"Suzana Ramos faz visitas e dedica a segunda, a feirantes e permission\u00e1rios de feiras e mercados p\u00fablicos - Blog do Farn\u00e9sio\",\"isPartOf\":{\"@id\":\"https:\\\/\\\/blogdofarnesio.com.br\\\/#website\"},\"primaryImageOfPage\":{\"@id\":\"https:\\\/\\\/blogdofarnesio.com.br\\\/?p=287052#primaryimage\"},\"image\":{\"@id\":\"https:\\\/\\\/blogdofarnesio.com.br\\\/?p=287052#primaryimage\"},\"thumbnailUrl\":\"https:\\\/\\\/blogdofarnesio.com.br\\\/wp-content\\\/uploads\\\/2021\\\/05\\\/blogqspjua-suzana-camelodromo-permissionarios-2-e1622499595336.jpeg\",\"datePublished\":\"2021-06-01T16:00:54+00:00\",\"breadcrumb\":{\"@id\":\"https:\\\/\\\/blogdofarnesio.com.br\\\/?p=287052#breadcrumb\"},\"inLanguage\":\"pt-BR\",\"potentialAction\":[{\"@type\":\"ReadAction\",\"target\":[\"https:\\\/\\\/blogdofarnesio.com.br\\\/?p=287052\"]}]},{\"@type\":\"ImageObject\",\"inLanguage\":\"pt-BR\",\"@id\":\"https:\\\/\\\/blogdofarnesio.com.br\\\/?p=287052#primaryimage\",\"url\":\"https:\\\/\\\/blogdofarnesio.com.br\\\/wp-content\\\/uploads\\\/2021\\\/05\\\/blogqspjua-suzana-camelodromo-permissionarios-2-e1622499595336.jpeg\",\"contentUrl\":\"https:\\\/\\\/blogdofarnesio.com.br\\\/wp-content\\\/uploads\\\/2021\\\/05\\\/blogqspjua-suzana-camelodromo-permissionarios-2-e1622499595336.jpeg\",\"width\":624,\"height\":468},{\"@type\":\"BreadcrumbList\",\"@id\":\"https:\\\/\\\/blogdofarnesio.com.br\\\/?p=287052#breadcrumb\",\"itemListElement\":[{\"@type\":\"ListItem\",\"position\":1,\"name\":\"In\u00edcio\",\"item\":\"https:\\\/\\\/blogdofarnesio.com.br\\\/\"},{\"@type\":\"ListItem\",\"position\":2,\"name\":\"Suzana Ramos faz visitas e dedica a segunda, a feirantes e permission\u00e1rios de feiras e mercados p\u00fablicos\"}]},{\"@type\":\"WebSite\",\"@id\":\"https:\\\/\\\/blogdofarnesio.com.br\\\/#website\",\"url\":\"https:\\\/\\\/blogdofarnesio.com.br\\\/\",\"name\":\"Blog do Farn\u00e9sio\",\"description\":\"Quer Saber Pol\u00edtica?\",\"publisher\":{\"@id\":\"https:\\\/\\\/blogdofarnesio.com.br\\\/#organization\"},\"potentialAction\":[{\"@type\":\"SearchAction\",\"target\":{\"@type\":\"EntryPoint\",\"urlTemplate\":\"https:\\\/\\\/blogdofarnesio.com.br\\\/?s={search_term_string}\"},\"query-input\":{\"@type\":\"PropertyValueSpecification\",\"valueRequired\":true,\"valueName\":\"search_term_string\"}}],\"inLanguage\":\"pt-BR\"},{\"@type\":\"Organization\",\"@id\":\"https:\\\/\\\/blogdofarnesio.com.br\\\/#organization\",\"name\":\"Blog do Farn\u00e9sio\",\"url\":\"https:\\\/\\\/blogdofarnesio.com.br\\\/\",\"logo\":{\"@type\":\"ImageObject\",\"inLanguage\":\"pt-BR\",\"@id\":\"https:\\\/\\\/blogdofarnesio.com.br\\\/#\\\/schema\\\/logo\\\/image\\\/\",\"url\":\"https:\\\/\\\/blogdofarnesio.com.br\\\/wp-content\\\/uploads\\\/2026\\\/03\\\/cropped-logo_new-1.png\",\"contentUrl\":\"https:\\\/\\\/blogdofarnesio.com.br\\\/wp-content\\\/uploads\\\/2026\\\/03\\\/cropped-logo_new-1.png\",\"width\":881,\"height\":685,\"caption\":\"Blog do Farn\u00e9sio\"},\"image\":{\"@id\":\"https:\\\/\\\/blogdofarnesio.com.br\\\/#\\\/schema\\\/logo\\\/image\\\/\"},\"sameAs\":[\"https:\\\/\\\/www.facebook.com\\\/BlogQuerSaberPolitica\\\/\"]},{\"@type\":\"Person\",\"@id\":\"https:\\\/\\\/blogdofarnesio.com.br\\\/#\\\/schema\\\/person\\\/301c4acf522bccbfdb45af95b5b906a1\",\"name\":\"Farn\u00e9sio\",\"image\":{\"@type\":\"ImageObject\",\"inLanguage\":\"pt-BR\",\"@id\":\"https:\\\/\\\/secure.gravatar.com\\\/avatar\\\/df0c9a14567c056f8ad6876ba5bbd1e3e2c48023eb6807342fc4663adf549f38?s=96&d=mm&r=g\",\"url\":\"https:\\\/\\\/secure.gravatar.com\\\/avatar\\\/df0c9a14567c056f8ad6876ba5bbd1e3e2c48023eb6807342fc4663adf549f38?s=96&d=mm&r=g\",\"contentUrl\":\"https:\\\/\\\/secure.gravatar.com\\\/avatar\\\/df0c9a14567c056f8ad6876ba5bbd1e3e2c48023eb6807342fc4663adf549f38?s=96&d=mm&r=g\",\"caption\":\"Farn\u00e9sio\"},\"sameAs\":[\"https:\\\/\\\/quersaberpolitica.com.br\"],\"url\":\"https:\\\/\\\/blogdofarnesio.com.br\\\/?author=1\"}]}<\/script>\n<!-- \/ Yoast SEO plugin. -->","yoast_head_json":{"title":"Suzana Ramos faz visitas e dedica a segunda, a feirantes e permission\u00e1rios de feiras e mercados p\u00fablicos - Blog do Farn\u00e9sio","robots":{"index":"index","follow":"follow","max-snippet":"max-snippet:-1","max-image-preview":"max-image-preview:large","max-video-preview":"max-video-preview:-1"},"canonical":"https:\/\/blogdofarnesio.com.br\/?p=287052","og_locale":"pt_BR","og_type":"article","og_title":"Suzana Ramos faz visitas e dedica a segunda, a feirantes e permission\u00e1rios de feiras e mercados p\u00fablicos - Blog do Farn\u00e9sio","og_description":"A prefeita Suzana Ramos visitou, nesta segunda-feira (31), a feirinha do terminal de \u00f4nibus e o Camel\u00f3dromo 2 de Julho, no centro de Juazeiro. Ela foi acompanhada do diretor da Autarquia Municipal de Abastecimento (AMA), Britoaldo Alves Bessa e do superintendente de Feiras, Mercados e Camel\u00f3dromo do munic\u00edpio, Z\u00e9 Carlos Medeiros. O objetivo foi visitar as \u00e1reas revitalizadas pela prefeitura neste in\u00edcio de governo e falar com feirantes, permission\u00e1rios e consumidores. \u201cViemos conferir de perto como est\u00e3o os trabalhadores dessas \u00e1reas e conversar sobre o que podemos melhorar ainda mais nesse trecho da Pra\u00e7a Pedro Pereira Primo. Fico muito feliz, fui recebida com muito carinho. Meu governo \u00e9 participativo e eu fa\u00e7o quest\u00e3o de vir onde o povo est\u00e1\u201d, destacou&hellip;","og_url":"https:\/\/blogdofarnesio.com.br\/?p=287052","og_site_name":"Blog do Farn\u00e9sio","article_publisher":"https:\/\/www.facebook.com\/BlogQuerSaberPolitica\/","article_published_time":"2021-06-01T16:00:54+00:00","og_image":[{"width":624,"height":468,"url":"https:\/\/blogdofarnesio.com.br\/wp-content\/uploads\/2021\/05\/blogqspjua-suzana-camelodromo-permissionarios-2-e1622499595336.jpeg","type":"image\/jpeg"}],"author":"Farn\u00e9sio","twitter_card":"summary_large_image","twitter_misc":{"Escrito por":"Farn\u00e9sio","Est. tempo de leitura":"2 minutos"},"schema":{"@context":"https:\/\/schema.org","@graph":[{"@type":"Article","@id":"https:\/\/blogdofarnesio.com.br\/?p=287052#article","isPartOf":{"@id":"https:\/\/blogdofarnesio.com.br\/?p=287052"},"author":{"name":"Farn\u00e9sio","@id":"https:\/\/blogdofarnesio.com.br\/#\/schema\/person\/301c4acf522bccbfdb45af95b5b906a1"},"headline":"Suzana Ramos faz visitas e dedica a segunda, a feirantes e permission\u00e1rios de feiras e mercados p\u00fablicos","datePublished":"2021-06-01T16:00:54+00:00","mainEntityOfPage":{"@id":"https:\/\/blogdofarnesio.com.br\/?p=287052"},"wordCount":445,"publisher":{"@id":"https:\/\/blogdofarnesio.com.br\/#organization"},"image":{"@id":"https:\/\/blogdofarnesio.com.br\/?p=287052#primaryimage"},"thumbnailUrl":"https:\/\/blogdofarnesio.com.br\/wp-content\/uploads\/2021\/05\/blogqspjua-suzana-camelodromo-permissionarios-2-e1622499595336.jpeg","articleSection":["Pol\u00edtica"],"inLanguage":"pt-BR"},{"@type":"WebPage","@id":"https:\/\/blogdofarnesio.com.br\/?p=287052","url":"https:\/\/blogdofarnesio.com.br\/?p=287052","name":"Suzana Ramos faz visitas e dedica a segunda, a feirantes e permission\u00e1rios de feiras e mercados p\u00fablicos - Blog do Farn\u00e9sio","isPartOf":{"@id":"https:\/\/blogdofarnesio.com.br\/#website"},"primaryImageOfPage":{"@id":"https:\/\/blogdofarnesio.com.br\/?p=287052#primaryimage"},"image":{"@id":"https:\/\/blogdofarnesio.com.br\/?p=287052#primaryimage"},"thumbnailUrl":"https:\/\/blogdofarnesio.com.br\/wp-content\/uploads\/2021\/05\/blogqspjua-suzana-camelodromo-permissionarios-2-e1622499595336.jpeg","datePublished":"2021-06-01T16:00:54+00:00","breadcrumb":{"@id":"https:\/\/blogdofarnesio.com.br\/?p=287052#breadcrumb"},"inLanguage":"pt-BR","potentialAction":[{"@type":"ReadAction","target":["https:\/\/blogdofarnesio.com.br\/?p=287052"]}]},{"@type":"ImageObject","inLanguage":"pt-BR","@id":"https:\/\/blogdofarnesio.com.br\/?p=287052#primaryimage","url":"https:\/\/blogdofarnesio.com.br\/wp-content\/uploads\/2021\/05\/blogqspjua-suzana-camelodromo-permissionarios-2-e1622499595336.jpeg","contentUrl":"https:\/\/blogdofarnesio.com.br\/wp-content\/uploads\/2021\/05\/blogqspjua-suzana-camelodromo-permissionarios-2-e1622499595336.jpeg","width":624,"height":468},{"@type":"BreadcrumbList","@id":"https:\/\/blogdofarnesio.com.br\/?p=287052#breadcrumb","itemListElement":[{"@type":"ListItem","position":1,"name":"In\u00edcio","item":"https:\/\/blogdofarnesio.com.br\/"},{"@type":"ListItem","position":2,"name":"Suzana Ramos faz visitas e dedica a segunda, a feirantes e permission\u00e1rios de feiras e mercados p\u00fablicos"}]},{"@type":"WebSite","@id":"https:\/\/blogdofarnesio.com.br\/#website","url":"https:\/\/blogdofarnesio.com.br\/","name":"Blog do Farn\u00e9sio","description":"Quer Saber Pol\u00edtica?","publisher":{"@id":"https:\/\/blogdofarnesio.com.br\/#organization"},"potentialAction":[{"@type":"SearchAction","target":{"@type":"EntryPoint","urlTemplate":"https:\/\/blogdofarnesio.com.br\/?s={search_term_string}"},"query-input":{"@type":"PropertyValueSpecification","valueRequired":true,"valueName":"search_term_string"}}],"inLanguage":"pt-BR"},{"@type":"Organization","@id":"https:\/\/blogdofarnesio.com.br\/#organization","name":"Blog do Farn\u00e9sio","url":"https:\/\/blogdofarnesio.com.br\/","logo":{"@type":"ImageObject","inLanguage":"pt-BR","@id":"https:\/\/blogdofarnesio.com.br\/#\/schema\/logo\/image\/","url":"https:\/\/blogdofarnesio.com.br\/wp-content\/uploads\/2026\/03\/cropped-logo_new-1.png","contentUrl":"https:\/\/blogdofarnesio.com.br\/wp-content\/uploads\/2026\/03\/cropped-logo_new-1.png","width":881,"height":685,"caption":"Blog do Farn\u00e9sio"},"image":{"@id":"https:\/\/blogdofarnesio.com.br\/#\/schema\/logo\/image\/"},"sameAs":["https:\/\/www.facebook.com\/BlogQuerSaberPolitica\/"]},{"@type":"Person","@id":"https:\/\/blogdofarnesio.com.br\/#\/schema\/person\/301c4acf522bccbfdb45af95b5b906a1","name":"Farn\u00e9sio","image":{"@type":"ImageObject","inLanguage":"pt-BR","@id":"https:\/\/secure.gravatar.com\/avatar\/df0c9a14567c056f8ad6876ba5bbd1e3e2c48023eb6807342fc4663adf549f38?s=96&d=mm&r=g","url":"https:\/\/secure.gravatar.com\/avatar\/df0c9a14567c056f8ad6876ba5bbd1e3e2c48023eb6807342fc4663adf549f38?s=96&d=mm&r=g","contentUrl":"https:\/\/secure.gravatar.com\/avatar\/df0c9a14567c056f8ad6876ba5bbd1e3e2c48023eb6807342fc4663adf549f38?s=96&d=mm&r=g","caption":"Farn\u00e9sio"},"sameAs":["https:\/\/quersaberpolitica.com.br"],"url":"https:\/\/blogdofarnesio.com.br\/?author=1"}]}},"_links":{"self":[{"href":"https:\/\/blogdofarnesio.com.br\/index.php?rest_route=\/wp\/v2\/posts\/287052","targetHints":{"allow":["GET"]}}],"collection":[{"href":"https:\/\/blogdofarnesio.com.br\/index.php?rest_route=\/wp\/v2\/posts"}],"about":[{"href":"https:\/\/blogdofarnesio.com.br\/index.php?rest_route=\/wp\/v2\/types\/post"}],"author":[{"embeddable":true,"href":"https:\/\/blogdofarnesio.com.br\/index.php?rest_route=\/wp\/v2\/users\/1"}],"replies":[{"embeddable":true,"href":"https:\/\/blogdofarnesio.com.br\/index.php?rest_route=%2Fwp%2Fv2%2Fcomments&post=287052"}],"version-history":[{"count":0,"href":"https:\/\/blogdofarnesio.com.br\/index.php?rest_route=\/wp\/v2\/posts\/287052\/revisions"}],"wp:featuredmedia":[{"embeddable":true,"href":"https:\/\/blogdofarnesio.com.br\/index.php?rest_route=\/wp\/v2\/media\/287055"}],"wp:attachment":[{"href":"https:\/\/blogdofarnesio.com.br\/index.php?rest_route=%2Fwp%2Fv2%2Fmedia&parent=287052"}],"wp:term":[{"taxonomy":"category","embeddable":true,"href":"https:\/\/blogdofarnesio.com.br\/index.php?rest_route=%2Fwp%2Fv2%2Fcategories&post=287052"},{"taxonomy":"post_tag","embeddable":true,"href":"https:\/\/blogdofarnesio.com.br\/index.php?rest_route=%2Fwp%2Fv2%2Ftags&post=287052"}],"curies":[{"name":"wp","href":"https:\/\/api.w.org\/{rel}","templated":true}]}}