{"id":287033,"date":"2021-06-01T14:00:37","date_gmt":"2021-06-01T17:00:37","guid":{"rendered":"http:\/\/quersaberpolitica.com.br\/2016\/?p=287033"},"modified":"2021-06-01T09:50:20","modified_gmt":"2021-06-01T12:50:20","slug":"programacao-especial-do-saae-juazeiro-em-comemoracao-a-semana-do-meio-ambiente","status":"publish","type":"post","link":"https:\/\/blogdofarnesio.com.br\/?p=287033","title":{"rendered":"Programa\u00e7\u00e3o especial do SAAE\/Juazeiro em comemora\u00e7\u00e3o \u00e0 Semana do Meio Ambiente"},"content":{"rendered":"<p dir=\"ltr\">Com o tema \u201cRestaura\u00e7\u00e3o dos ecossistemas\u201d, a Semana do Meio Ambiente do Servi\u00e7o de \u00c1gua e Saneamento Ambiental (SAAE) contar\u00e1 com uma programa\u00e7\u00e3o de atividades de 1 a 9 de junho. O objetivo \u00e9 conscientizar as pessoas e organiza\u00e7\u00f5es da necessidade crescente de cuidar do meio ambiente.<\/p>\n<p dir=\"ltr\">Na programa\u00e7\u00e3o constam atividades di\u00e1rias como a retirada de liga\u00e7\u00f5es clandestinas de esgoto na orla, instala\u00e7\u00e3o de lixeiras pela cidade, inaugura\u00e7\u00e3o de ponto de recolhimento de pilhas e baterias, entre outras a\u00e7\u00f5es de conscientiza\u00e7\u00e3o.<\/p>\n<p dir=\"ltr\">Essas atividades ocorrem em alus\u00e3o \u00e0 Semana Nacional do Meio Ambiente e ao Dia Mundial do Meio Ambiente, que \u00e9 comemorado no dia 5 de junho. Al\u00e9m das a\u00e7\u00f5es j\u00e1 mencionadas, o SAAE tamb\u00e9m est\u00e1 alinhando um cronograma com demandas para longo e m\u00e9dio prazo.<\/p>\n<p dir=\"ltr\">Texto: Ascom\/SAAE\/PMJ<\/p>\n","protected":false},"excerpt":{"rendered":"<p>Com o tema \u201cRestaura\u00e7\u00e3o dos ecossistemas\u201d, a Semana do Meio Ambiente do Servi\u00e7o de \u00c1gua e Saneamento Ambiental (SAAE) contar\u00e1 com uma programa\u00e7\u00e3o de atividades de 1 a 9 de junho. O objetivo \u00e9 conscientizar as pessoas e organiza\u00e7\u00f5es da necessidade crescente de cuidar do meio ambiente. Na programa\u00e7\u00e3o constam atividades di\u00e1rias como a retirada de liga\u00e7\u00f5es clandestinas de esgoto na orla, instala\u00e7\u00e3o de lixeiras pela cidade, inaugura\u00e7\u00e3o de ponto de recolhimento de pilhas e baterias, entre outras a\u00e7\u00f5es de conscientiza\u00e7\u00e3o. Essas atividades ocorrem em alus\u00e3o \u00e0 Semana Nacional do Meio Ambiente e ao Dia Mundial do Meio Ambiente, que \u00e9 comemorado no dia 5 de junho. Al\u00e9m das a\u00e7\u00f5es j\u00e1 mencionadas, o SAAE tamb\u00e9m est\u00e1 alinhando um cronograma com&hellip; <\/p>\n","protected":false},"author":1,"featured_media":287034,"comment_status":"closed","ping_status":"closed","sticky":false,"template":"","format":"standard","meta":{"_acf_changed":false,"footnotes":""},"categories":[1],"tags":[],"class_list":["post-287033","post","type-post","status-publish","format-standard","has-post-thumbnail","hentry","category-politica"],"acf":[],"yoast_head":"<!-- This site is optimized with the Yoast SEO plugin v27.4 - https:\/\/yoast.com\/product\/yoast-seo-wordpress\/ -->\n<title>Programa\u00e7\u00e3o especial do SAAE\/Juazeiro em comemora\u00e7\u00e3o \u00e0 Semana do Meio Ambiente - Blog do Farn\u00e9sio<\/title>\n<meta name=\"robots\" content=\"index, follow, max-snippet:-1, max-image-preview:large, max-video-preview:-1\" \/>\n<link rel=\"canonical\" href=\"https:\/\/blogdofarnesio.com.br\/?p=287033\" \/>\n<meta property=\"og:locale\" content=\"pt_BR\" \/>\n<meta property=\"og:type\" content=\"article\" \/>\n<meta property=\"og:title\" content=\"Programa\u00e7\u00e3o especial do SAAE\/Juazeiro em comemora\u00e7\u00e3o \u00e0 Semana do Meio Ambiente - Blog do Farn\u00e9sio\" \/>\n<meta property=\"og:description\" content=\"Com o tema \u201cRestaura\u00e7\u00e3o dos ecossistemas\u201d, a Semana do Meio Ambiente do Servi\u00e7o de \u00c1gua e Saneamento Ambiental (SAAE) contar\u00e1 com uma programa\u00e7\u00e3o de atividades de 1 a 9 de junho. O objetivo \u00e9 conscientizar as pessoas e organiza\u00e7\u00f5es da necessidade crescente de cuidar do meio ambiente. Na programa\u00e7\u00e3o constam atividades di\u00e1rias como a retirada de liga\u00e7\u00f5es clandestinas de esgoto na orla, instala\u00e7\u00e3o de lixeiras pela cidade, inaugura\u00e7\u00e3o de ponto de recolhimento de pilhas e baterias, entre outras a\u00e7\u00f5es de conscientiza\u00e7\u00e3o. Essas atividades ocorrem em alus\u00e3o \u00e0 Semana Nacional do Meio Ambiente e ao Dia Mundial do Meio Ambiente, que \u00e9 comemorado no dia 5 de junho. Al\u00e9m das a\u00e7\u00f5es j\u00e1 mencionadas, o SAAE tamb\u00e9m est\u00e1 alinhando um cronograma com&hellip;\" \/>\n<meta property=\"og:url\" content=\"https:\/\/blogdofarnesio.com.br\/?p=287033\" \/>\n<meta property=\"og:site_name\" content=\"Blog do Farn\u00e9sio\" \/>\n<meta property=\"article:publisher\" content=\"https:\/\/www.facebook.com\/BlogQuerSaberPolitica\/\" \/>\n<meta property=\"article:published_time\" content=\"2021-06-01T17:00:37+00:00\" \/>\n<meta property=\"og:image\" content=\"https:\/\/blogdofarnesio.com.br\/wp-content\/uploads\/2021\/05\/Semana-do-meio-ambiente-SAAE-e1622497802470.jpeg\" \/>\n\t<meta property=\"og:image:width\" content=\"580\" \/>\n\t<meta property=\"og:image:height\" content=\"469\" \/>\n\t<meta property=\"og:image:type\" content=\"image\/jpeg\" \/>\n<meta name=\"author\" content=\"Farn\u00e9sio\" \/>\n<meta name=\"twitter:card\" content=\"summary_large_image\" \/>\n<meta name=\"twitter:label1\" content=\"Escrito por\" \/>\n\t<meta name=\"twitter:data1\" content=\"Farn\u00e9sio\" \/>\n\t<meta name=\"twitter:label2\" content=\"Est. tempo de leitura\" \/>\n\t<meta name=\"twitter:data2\" content=\"1 minuto\" \/>\n<script type=\"application\/ld+json\" class=\"yoast-schema-graph\">{\"@context\":\"https:\\\/\\\/schema.org\",\"@graph\":[{\"@type\":\"Article\",\"@id\":\"https:\\\/\\\/blogdofarnesio.com.br\\\/?p=287033#article\",\"isPartOf\":{\"@id\":\"https:\\\/\\\/blogdofarnesio.com.br\\\/?p=287033\"},\"author\":{\"name\":\"Farn\u00e9sio\",\"@id\":\"https:\\\/\\\/blogdofarnesio.com.br\\\/#\\\/schema\\\/person\\\/301c4acf522bccbfdb45af95b5b906a1\"},\"headline\":\"Programa\u00e7\u00e3o especial do SAAE\\\/Juazeiro em comemora\u00e7\u00e3o \u00e0 Semana do Meio Ambiente\",\"datePublished\":\"2021-06-01T17:00:37+00:00\",\"mainEntityOfPage\":{\"@id\":\"https:\\\/\\\/blogdofarnesio.com.br\\\/?p=287033\"},\"wordCount\":153,\"publisher\":{\"@id\":\"https:\\\/\\\/blogdofarnesio.com.br\\\/#organization\"},\"image\":{\"@id\":\"https:\\\/\\\/blogdofarnesio.com.br\\\/?p=287033#primaryimage\"},\"thumbnailUrl\":\"https:\\\/\\\/blogdofarnesio.com.br\\\/wp-content\\\/uploads\\\/2021\\\/05\\\/Semana-do-meio-ambiente-SAAE-e1622497802470.jpeg\",\"articleSection\":[\"Pol\u00edtica\"],\"inLanguage\":\"pt-BR\"},{\"@type\":\"WebPage\",\"@id\":\"https:\\\/\\\/blogdofarnesio.com.br\\\/?p=287033\",\"url\":\"https:\\\/\\\/blogdofarnesio.com.br\\\/?p=287033\",\"name\":\"Programa\u00e7\u00e3o especial do SAAE\\\/Juazeiro em comemora\u00e7\u00e3o \u00e0 Semana do Meio Ambiente - Blog do Farn\u00e9sio\",\"isPartOf\":{\"@id\":\"https:\\\/\\\/blogdofarnesio.com.br\\\/#website\"},\"primaryImageOfPage\":{\"@id\":\"https:\\\/\\\/blogdofarnesio.com.br\\\/?p=287033#primaryimage\"},\"image\":{\"@id\":\"https:\\\/\\\/blogdofarnesio.com.br\\\/?p=287033#primaryimage\"},\"thumbnailUrl\":\"https:\\\/\\\/blogdofarnesio.com.br\\\/wp-content\\\/uploads\\\/2021\\\/05\\\/Semana-do-meio-ambiente-SAAE-e1622497802470.jpeg\",\"datePublished\":\"2021-06-01T17:00:37+00:00\",\"breadcrumb\":{\"@id\":\"https:\\\/\\\/blogdofarnesio.com.br\\\/?p=287033#breadcrumb\"},\"inLanguage\":\"pt-BR\",\"potentialAction\":[{\"@type\":\"ReadAction\",\"target\":[\"https:\\\/\\\/blogdofarnesio.com.br\\\/?p=287033\"]}]},{\"@type\":\"ImageObject\",\"inLanguage\":\"pt-BR\",\"@id\":\"https:\\\/\\\/blogdofarnesio.com.br\\\/?p=287033#primaryimage\",\"url\":\"https:\\\/\\\/blogdofarnesio.com.br\\\/wp-content\\\/uploads\\\/2021\\\/05\\\/Semana-do-meio-ambiente-SAAE-e1622497802470.jpeg\",\"contentUrl\":\"https:\\\/\\\/blogdofarnesio.com.br\\\/wp-content\\\/uploads\\\/2021\\\/05\\\/Semana-do-meio-ambiente-SAAE-e1622497802470.jpeg\",\"width\":580,\"height\":469},{\"@type\":\"BreadcrumbList\",\"@id\":\"https:\\\/\\\/blogdofarnesio.com.br\\\/?p=287033#breadcrumb\",\"itemListElement\":[{\"@type\":\"ListItem\",\"position\":1,\"name\":\"In\u00edcio\",\"item\":\"https:\\\/\\\/blogdofarnesio.com.br\\\/\"},{\"@type\":\"ListItem\",\"position\":2,\"name\":\"Programa\u00e7\u00e3o especial do SAAE\\\/Juazeiro em comemora\u00e7\u00e3o \u00e0 Semana do Meio Ambiente\"}]},{\"@type\":\"WebSite\",\"@id\":\"https:\\\/\\\/blogdofarnesio.com.br\\\/#website\",\"url\":\"https:\\\/\\\/blogdofarnesio.com.br\\\/\",\"name\":\"Blog do Farn\u00e9sio\",\"description\":\"Quer Saber Pol\u00edtica?\",\"publisher\":{\"@id\":\"https:\\\/\\\/blogdofarnesio.com.br\\\/#organization\"},\"potentialAction\":[{\"@type\":\"SearchAction\",\"target\":{\"@type\":\"EntryPoint\",\"urlTemplate\":\"https:\\\/\\\/blogdofarnesio.com.br\\\/?s={search_term_string}\"},\"query-input\":{\"@type\":\"PropertyValueSpecification\",\"valueRequired\":true,\"valueName\":\"search_term_string\"}}],\"inLanguage\":\"pt-BR\"},{\"@type\":\"Organization\",\"@id\":\"https:\\\/\\\/blogdofarnesio.com.br\\\/#organization\",\"name\":\"Blog do Farn\u00e9sio\",\"url\":\"https:\\\/\\\/blogdofarnesio.com.br\\\/\",\"logo\":{\"@type\":\"ImageObject\",\"inLanguage\":\"pt-BR\",\"@id\":\"https:\\\/\\\/blogdofarnesio.com.br\\\/#\\\/schema\\\/logo\\\/image\\\/\",\"url\":\"https:\\\/\\\/blogdofarnesio.com.br\\\/wp-content\\\/uploads\\\/2026\\\/03\\\/cropped-logo_new-1.png\",\"contentUrl\":\"https:\\\/\\\/blogdofarnesio.com.br\\\/wp-content\\\/uploads\\\/2026\\\/03\\\/cropped-logo_new-1.png\",\"width\":881,\"height\":685,\"caption\":\"Blog do Farn\u00e9sio\"},\"image\":{\"@id\":\"https:\\\/\\\/blogdofarnesio.com.br\\\/#\\\/schema\\\/logo\\\/image\\\/\"},\"sameAs\":[\"https:\\\/\\\/www.facebook.com\\\/BlogQuerSaberPolitica\\\/\"]},{\"@type\":\"Person\",\"@id\":\"https:\\\/\\\/blogdofarnesio.com.br\\\/#\\\/schema\\\/person\\\/301c4acf522bccbfdb45af95b5b906a1\",\"name\":\"Farn\u00e9sio\",\"image\":{\"@type\":\"ImageObject\",\"inLanguage\":\"pt-BR\",\"@id\":\"https:\\\/\\\/secure.gravatar.com\\\/avatar\\\/df0c9a14567c056f8ad6876ba5bbd1e3e2c48023eb6807342fc4663adf549f38?s=96&d=mm&r=g\",\"url\":\"https:\\\/\\\/secure.gravatar.com\\\/avatar\\\/df0c9a14567c056f8ad6876ba5bbd1e3e2c48023eb6807342fc4663adf549f38?s=96&d=mm&r=g\",\"contentUrl\":\"https:\\\/\\\/secure.gravatar.com\\\/avatar\\\/df0c9a14567c056f8ad6876ba5bbd1e3e2c48023eb6807342fc4663adf549f38?s=96&d=mm&r=g\",\"caption\":\"Farn\u00e9sio\"},\"sameAs\":[\"https:\\\/\\\/quersaberpolitica.com.br\"],\"url\":\"https:\\\/\\\/blogdofarnesio.com.br\\\/?author=1\"}]}<\/script>\n<!-- \/ Yoast SEO plugin. -->","yoast_head_json":{"title":"Programa\u00e7\u00e3o especial do SAAE\/Juazeiro em comemora\u00e7\u00e3o \u00e0 Semana do Meio Ambiente - Blog do Farn\u00e9sio","robots":{"index":"index","follow":"follow","max-snippet":"max-snippet:-1","max-image-preview":"max-image-preview:large","max-video-preview":"max-video-preview:-1"},"canonical":"https:\/\/blogdofarnesio.com.br\/?p=287033","og_locale":"pt_BR","og_type":"article","og_title":"Programa\u00e7\u00e3o especial do SAAE\/Juazeiro em comemora\u00e7\u00e3o \u00e0 Semana do Meio Ambiente - Blog do Farn\u00e9sio","og_description":"Com o tema \u201cRestaura\u00e7\u00e3o dos ecossistemas\u201d, a Semana do Meio Ambiente do Servi\u00e7o de \u00c1gua e Saneamento Ambiental (SAAE) contar\u00e1 com uma programa\u00e7\u00e3o de atividades de 1 a 9 de junho. O objetivo \u00e9 conscientizar as pessoas e organiza\u00e7\u00f5es da necessidade crescente de cuidar do meio ambiente. Na programa\u00e7\u00e3o constam atividades di\u00e1rias como a retirada de liga\u00e7\u00f5es clandestinas de esgoto na orla, instala\u00e7\u00e3o de lixeiras pela cidade, inaugura\u00e7\u00e3o de ponto de recolhimento de pilhas e baterias, entre outras a\u00e7\u00f5es de conscientiza\u00e7\u00e3o. Essas atividades ocorrem em alus\u00e3o \u00e0 Semana Nacional do Meio Ambiente e ao Dia Mundial do Meio Ambiente, que \u00e9 comemorado no dia 5 de junho. Al\u00e9m das a\u00e7\u00f5es j\u00e1 mencionadas, o SAAE tamb\u00e9m est\u00e1 alinhando um cronograma com&hellip;","og_url":"https:\/\/blogdofarnesio.com.br\/?p=287033","og_site_name":"Blog do Farn\u00e9sio","article_publisher":"https:\/\/www.facebook.com\/BlogQuerSaberPolitica\/","article_published_time":"2021-06-01T17:00:37+00:00","og_image":[{"width":580,"height":469,"url":"https:\/\/blogdofarnesio.com.br\/wp-content\/uploads\/2021\/05\/Semana-do-meio-ambiente-SAAE-e1622497802470.jpeg","type":"image\/jpeg"}],"author":"Farn\u00e9sio","twitter_card":"summary_large_image","twitter_misc":{"Escrito por":"Farn\u00e9sio","Est. tempo de leitura":"1 minuto"},"schema":{"@context":"https:\/\/schema.org","@graph":[{"@type":"Article","@id":"https:\/\/blogdofarnesio.com.br\/?p=287033#article","isPartOf":{"@id":"https:\/\/blogdofarnesio.com.br\/?p=287033"},"author":{"name":"Farn\u00e9sio","@id":"https:\/\/blogdofarnesio.com.br\/#\/schema\/person\/301c4acf522bccbfdb45af95b5b906a1"},"headline":"Programa\u00e7\u00e3o especial do SAAE\/Juazeiro em comemora\u00e7\u00e3o \u00e0 Semana do Meio Ambiente","datePublished":"2021-06-01T17:00:37+00:00","mainEntityOfPage":{"@id":"https:\/\/blogdofarnesio.com.br\/?p=287033"},"wordCount":153,"publisher":{"@id":"https:\/\/blogdofarnesio.com.br\/#organization"},"image":{"@id":"https:\/\/blogdofarnesio.com.br\/?p=287033#primaryimage"},"thumbnailUrl":"https:\/\/blogdofarnesio.com.br\/wp-content\/uploads\/2021\/05\/Semana-do-meio-ambiente-SAAE-e1622497802470.jpeg","articleSection":["Pol\u00edtica"],"inLanguage":"pt-BR"},{"@type":"WebPage","@id":"https:\/\/blogdofarnesio.com.br\/?p=287033","url":"https:\/\/blogdofarnesio.com.br\/?p=287033","name":"Programa\u00e7\u00e3o especial do SAAE\/Juazeiro em comemora\u00e7\u00e3o \u00e0 Semana do Meio Ambiente - Blog do Farn\u00e9sio","isPartOf":{"@id":"https:\/\/blogdofarnesio.com.br\/#website"},"primaryImageOfPage":{"@id":"https:\/\/blogdofarnesio.com.br\/?p=287033#primaryimage"},"image":{"@id":"https:\/\/blogdofarnesio.com.br\/?p=287033#primaryimage"},"thumbnailUrl":"https:\/\/blogdofarnesio.com.br\/wp-content\/uploads\/2021\/05\/Semana-do-meio-ambiente-SAAE-e1622497802470.jpeg","datePublished":"2021-06-01T17:00:37+00:00","breadcrumb":{"@id":"https:\/\/blogdofarnesio.com.br\/?p=287033#breadcrumb"},"inLanguage":"pt-BR","potentialAction":[{"@type":"ReadAction","target":["https:\/\/blogdofarnesio.com.br\/?p=287033"]}]},{"@type":"ImageObject","inLanguage":"pt-BR","@id":"https:\/\/blogdofarnesio.com.br\/?p=287033#primaryimage","url":"https:\/\/blogdofarnesio.com.br\/wp-content\/uploads\/2021\/05\/Semana-do-meio-ambiente-SAAE-e1622497802470.jpeg","contentUrl":"https:\/\/blogdofarnesio.com.br\/wp-content\/uploads\/2021\/05\/Semana-do-meio-ambiente-SAAE-e1622497802470.jpeg","width":580,"height":469},{"@type":"BreadcrumbList","@id":"https:\/\/blogdofarnesio.com.br\/?p=287033#breadcrumb","itemListElement":[{"@type":"ListItem","position":1,"name":"In\u00edcio","item":"https:\/\/blogdofarnesio.com.br\/"},{"@type":"ListItem","position":2,"name":"Programa\u00e7\u00e3o especial do SAAE\/Juazeiro em comemora\u00e7\u00e3o \u00e0 Semana do Meio Ambiente"}]},{"@type":"WebSite","@id":"https:\/\/blogdofarnesio.com.br\/#website","url":"https:\/\/blogdofarnesio.com.br\/","name":"Blog do Farn\u00e9sio","description":"Quer Saber Pol\u00edtica?","publisher":{"@id":"https:\/\/blogdofarnesio.com.br\/#organization"},"potentialAction":[{"@type":"SearchAction","target":{"@type":"EntryPoint","urlTemplate":"https:\/\/blogdofarnesio.com.br\/?s={search_term_string}"},"query-input":{"@type":"PropertyValueSpecification","valueRequired":true,"valueName":"search_term_string"}}],"inLanguage":"pt-BR"},{"@type":"Organization","@id":"https:\/\/blogdofarnesio.com.br\/#organization","name":"Blog do Farn\u00e9sio","url":"https:\/\/blogdofarnesio.com.br\/","logo":{"@type":"ImageObject","inLanguage":"pt-BR","@id":"https:\/\/blogdofarnesio.com.br\/#\/schema\/logo\/image\/","url":"https:\/\/blogdofarnesio.com.br\/wp-content\/uploads\/2026\/03\/cropped-logo_new-1.png","contentUrl":"https:\/\/blogdofarnesio.com.br\/wp-content\/uploads\/2026\/03\/cropped-logo_new-1.png","width":881,"height":685,"caption":"Blog do Farn\u00e9sio"},"image":{"@id":"https:\/\/blogdofarnesio.com.br\/#\/schema\/logo\/image\/"},"sameAs":["https:\/\/www.facebook.com\/BlogQuerSaberPolitica\/"]},{"@type":"Person","@id":"https:\/\/blogdofarnesio.com.br\/#\/schema\/person\/301c4acf522bccbfdb45af95b5b906a1","name":"Farn\u00e9sio","image":{"@type":"ImageObject","inLanguage":"pt-BR","@id":"https:\/\/secure.gravatar.com\/avatar\/df0c9a14567c056f8ad6876ba5bbd1e3e2c48023eb6807342fc4663adf549f38?s=96&d=mm&r=g","url":"https:\/\/secure.gravatar.com\/avatar\/df0c9a14567c056f8ad6876ba5bbd1e3e2c48023eb6807342fc4663adf549f38?s=96&d=mm&r=g","contentUrl":"https:\/\/secure.gravatar.com\/avatar\/df0c9a14567c056f8ad6876ba5bbd1e3e2c48023eb6807342fc4663adf549f38?s=96&d=mm&r=g","caption":"Farn\u00e9sio"},"sameAs":["https:\/\/quersaberpolitica.com.br"],"url":"https:\/\/blogdofarnesio.com.br\/?author=1"}]}},"_links":{"self":[{"href":"https:\/\/blogdofarnesio.com.br\/index.php?rest_route=\/wp\/v2\/posts\/287033","targetHints":{"allow":["GET"]}}],"collection":[{"href":"https:\/\/blogdofarnesio.com.br\/index.php?rest_route=\/wp\/v2\/posts"}],"about":[{"href":"https:\/\/blogdofarnesio.com.br\/index.php?rest_route=\/wp\/v2\/types\/post"}],"author":[{"embeddable":true,"href":"https:\/\/blogdofarnesio.com.br\/index.php?rest_route=\/wp\/v2\/users\/1"}],"replies":[{"embeddable":true,"href":"https:\/\/blogdofarnesio.com.br\/index.php?rest_route=%2Fwp%2Fv2%2Fcomments&post=287033"}],"version-history":[{"count":0,"href":"https:\/\/blogdofarnesio.com.br\/index.php?rest_route=\/wp\/v2\/posts\/287033\/revisions"}],"wp:featuredmedia":[{"embeddable":true,"href":"https:\/\/blogdofarnesio.com.br\/index.php?rest_route=\/wp\/v2\/media\/287034"}],"wp:attachment":[{"href":"https:\/\/blogdofarnesio.com.br\/index.php?rest_route=%2Fwp%2Fv2%2Fmedia&parent=287033"}],"wp:term":[{"taxonomy":"category","embeddable":true,"href":"https:\/\/blogdofarnesio.com.br\/index.php?rest_route=%2Fwp%2Fv2%2Fcategories&post=287033"},{"taxonomy":"post_tag","embeddable":true,"href":"https:\/\/blogdofarnesio.com.br\/index.php?rest_route=%2Fwp%2Fv2%2Ftags&post=287033"}],"curies":[{"name":"wp","href":"https:\/\/api.w.org\/{rel}","templated":true}]}}