{"id":286978,"date":"2021-06-01T13:30:44","date_gmt":"2021-06-01T16:30:44","guid":{"rendered":"http:\/\/quersaberpolitica.com.br\/2016\/?p=286978"},"modified":"2021-06-01T09:13:29","modified_gmt":"2021-06-01T12:13:29","slug":"obras-da-nova-escola-do-km-25-no-projeto-maria-tereza-estao-90-concluidas","status":"publish","type":"post","link":"https:\/\/blogdofarnesio.com.br\/?p=286978","title":{"rendered":"Obras da nova escola do Km 25 no Projeto Maria Tereza est\u00e3o 90% conclu\u00eddas"},"content":{"rendered":"<p style=\"font-weight: 400;\">As obras de constru\u00e7\u00e3o da nova escola do Km 25 no Projeto Maria Tereza j\u00e1 est\u00e3o em fase final, com 90% j\u00e1 conclu\u00edda e previs\u00e3o de entrega para agosto deste ano. Essa \u00e9 mais uma iniciativa da gest\u00e3o municipal para fortalecer\u00a0a educa\u00e7\u00e3o b\u00e1sica na \u00e1rea irrigada do munic\u00edpio.\u00a0O vice-prefeito de Petrolina, Sim\u00e3o Durando, esteve nesta manh\u00e3 de segunda-feira (31), realizando vistoria junto a uma comitiva da prefeitura.<\/p>\n<p style=\"font-weight: 400;\">Durante a visita, estiveram presentes o secret\u00e1rio de Educa\u00e7\u00e3o, Pl\u00ednio Amorim, o secret\u00e1rio de Agricultura, Gilberto Melo, o secret\u00e1rio de Governo, Orlando Tolentino, o assessor especial, Etinho Gomes, o diretor de obras da Secretaria de Educa\u00e7\u00e3o, Kepler Kaiser e o l\u00edder comunit\u00e1rio, Cristiano Ferreira. Para esta escola foram investidos mais de R$ 1,3 milh\u00e3o; essa obra faz parte da plataforma &#8216;Petrolina Educa Mais&#8217;, na qual est\u00e3o previstos diversos investimentos para promover uma educa\u00e7\u00e3o de qualidade e transformadora.<\/p>\n<p style=\"font-weight: 400;\">Em processo de finaliza\u00e7\u00e3o, est\u00e3o faltando apenas alguns ajustes inclusos no projeto da escola que segue o padr\u00e3o do Fundo Nacional de Desenvolvimento da Educa\u00e7\u00e3o (FNDE). Essa unidade conta com 6 salas, uma biblioteca, refeit\u00f3rio, banheiros, e espa\u00e7os administrativos e vai beneficiar\u00a0mais de 300 estudantes do ensino fundamental do Km 25. Em breve, a escola ser\u00e1 inaugurada e entregue \u00e0 comunidade do Projeto Maria Tereza pelo prefeito Miguel Coelho. Segundo o vice-prefeito e coordenador do programa \u2018Monitora Petrolina\u2019, Sim\u00e3o Durando, essa \u00e9 uma das mais importantes miss\u00f5es do prefeito para fortalecer cada vez mais a educa\u00e7\u00e3o no munic\u00edpio.<\/p>\n<p style=\"font-weight: 400;\">\u201cPetrolina figura em primeiro lugar no IDEB e no Sistema de Avalia\u00e7\u00e3o Educacional de Pernambuco (SAEPE) entre as cidades com mais de 100 mil habitantes; avan\u00e7amos muito tamb\u00e9m na contrata\u00e7\u00e3o de professores ao realizarmos o maior concurso para essa categoria. Vamos continuar nesse ritmo muito forte na Educa\u00e7\u00e3o no segundo mandato, tanto na climatiza\u00e7\u00e3o de salas de aula, quanto na constru\u00e7\u00e3o de novas escolas, inclusive de Tempo Integral, a entrega de material e fardamento escolar. O secret\u00e1rio Pl\u00ednio Amorim nos fez uma explana\u00e7\u00e3o bastante positiva e muito promissora para a educa\u00e7\u00e3o nos pr\u00f3ximos anos em nossa cidade\u201d, ressaltou Sim\u00e3o.<\/p>\n<p style=\"font-weight: 400;\">Texto: Jaquelyne Costa<\/p>\n<p style=\"font-weight: 400;\">Assessora de imprensa do Vice-prefeito<\/p>\n","protected":false},"excerpt":{"rendered":"<p>As obras de constru\u00e7\u00e3o da nova escola do Km 25 no Projeto Maria Tereza j\u00e1 est\u00e3o em fase final, com 90% j\u00e1 conclu\u00edda e previs\u00e3o de entrega para agosto deste ano. Essa \u00e9 mais uma iniciativa da gest\u00e3o municipal para fortalecer\u00a0a educa\u00e7\u00e3o b\u00e1sica na \u00e1rea irrigada do munic\u00edpio.\u00a0O vice-prefeito de Petrolina, Sim\u00e3o Durando, esteve nesta manh\u00e3 de segunda-feira (31), realizando vistoria junto a uma comitiva da prefeitura. Durante a visita, estiveram presentes o secret\u00e1rio de Educa\u00e7\u00e3o, Pl\u00ednio Amorim, o secret\u00e1rio de Agricultura, Gilberto Melo, o secret\u00e1rio de Governo, Orlando Tolentino, o assessor especial, Etinho Gomes, o diretor de obras da Secretaria de Educa\u00e7\u00e3o, Kepler Kaiser e o l\u00edder comunit\u00e1rio, Cristiano Ferreira. Para esta escola foram investidos mais de R$ 1,3&hellip; <\/p>\n","protected":false},"author":1,"featured_media":286979,"comment_status":"closed","ping_status":"closed","sticky":false,"template":"","format":"standard","meta":{"_acf_changed":false,"footnotes":""},"categories":[44],"tags":[],"class_list":["post-286978","post","type-post","status-publish","format-standard","has-post-thumbnail","hentry","category-administracao"],"acf":[],"yoast_head":"<!-- This site is optimized with the Yoast SEO plugin v27.4 - https:\/\/yoast.com\/product\/yoast-seo-wordpress\/ -->\n<title>Obras da nova escola do Km 25 no Projeto Maria Tereza est\u00e3o 90% conclu\u00eddas - Blog do Farn\u00e9sio<\/title>\n<meta name=\"robots\" content=\"index, follow, max-snippet:-1, max-image-preview:large, max-video-preview:-1\" \/>\n<link rel=\"canonical\" href=\"https:\/\/blogdofarnesio.com.br\/?p=286978\" \/>\n<meta property=\"og:locale\" content=\"pt_BR\" \/>\n<meta property=\"og:type\" content=\"article\" \/>\n<meta property=\"og:title\" content=\"Obras da nova escola do Km 25 no Projeto Maria Tereza est\u00e3o 90% conclu\u00eddas - Blog do Farn\u00e9sio\" \/>\n<meta property=\"og:description\" content=\"As obras de constru\u00e7\u00e3o da nova escola do Km 25 no Projeto Maria Tereza j\u00e1 est\u00e3o em fase final, com 90% j\u00e1 conclu\u00edda e previs\u00e3o de entrega para agosto deste ano. Essa \u00e9 mais uma iniciativa da gest\u00e3o municipal para fortalecer\u00a0a educa\u00e7\u00e3o b\u00e1sica na \u00e1rea irrigada do munic\u00edpio.\u00a0O vice-prefeito de Petrolina, Sim\u00e3o Durando, esteve nesta manh\u00e3 de segunda-feira (31), realizando vistoria junto a uma comitiva da prefeitura. Durante a visita, estiveram presentes o secret\u00e1rio de Educa\u00e7\u00e3o, Pl\u00ednio Amorim, o secret\u00e1rio de Agricultura, Gilberto Melo, o secret\u00e1rio de Governo, Orlando Tolentino, o assessor especial, Etinho Gomes, o diretor de obras da Secretaria de Educa\u00e7\u00e3o, Kepler Kaiser e o l\u00edder comunit\u00e1rio, Cristiano Ferreira. Para esta escola foram investidos mais de R$ 1,3&hellip;\" \/>\n<meta property=\"og:url\" content=\"https:\/\/blogdofarnesio.com.br\/?p=286978\" \/>\n<meta property=\"og:site_name\" content=\"Blog do Farn\u00e9sio\" \/>\n<meta property=\"article:publisher\" content=\"https:\/\/www.facebook.com\/BlogQuerSaberPolitica\/\" \/>\n<meta property=\"article:published_time\" content=\"2021-06-01T16:30:44+00:00\" \/>\n<meta property=\"og:image\" content=\"https:\/\/blogdofarnesio.com.br\/wp-content\/uploads\/2021\/05\/blogqsppet-simao-Vistoria-escola-Km-25-e1622481376157.jpeg\" \/>\n\t<meta property=\"og:image:width\" content=\"680\" \/>\n\t<meta property=\"og:image:height\" content=\"453\" \/>\n\t<meta property=\"og:image:type\" content=\"image\/jpeg\" \/>\n<meta name=\"author\" content=\"Farn\u00e9sio\" \/>\n<meta name=\"twitter:card\" content=\"summary_large_image\" \/>\n<meta name=\"twitter:label1\" content=\"Escrito por\" \/>\n\t<meta name=\"twitter:data1\" content=\"Farn\u00e9sio\" \/>\n\t<meta name=\"twitter:label2\" content=\"Est. tempo de leitura\" \/>\n\t<meta name=\"twitter:data2\" content=\"2 minutos\" \/>\n<script type=\"application\/ld+json\" class=\"yoast-schema-graph\">{\"@context\":\"https:\\\/\\\/schema.org\",\"@graph\":[{\"@type\":\"Article\",\"@id\":\"https:\\\/\\\/blogdofarnesio.com.br\\\/?p=286978#article\",\"isPartOf\":{\"@id\":\"https:\\\/\\\/blogdofarnesio.com.br\\\/?p=286978\"},\"author\":{\"name\":\"Farn\u00e9sio\",\"@id\":\"https:\\\/\\\/blogdofarnesio.com.br\\\/#\\\/schema\\\/person\\\/301c4acf522bccbfdb45af95b5b906a1\"},\"headline\":\"Obras da nova escola do Km 25 no Projeto Maria Tereza est\u00e3o 90% conclu\u00eddas\",\"datePublished\":\"2021-06-01T16:30:44+00:00\",\"mainEntityOfPage\":{\"@id\":\"https:\\\/\\\/blogdofarnesio.com.br\\\/?p=286978\"},\"wordCount\":398,\"publisher\":{\"@id\":\"https:\\\/\\\/blogdofarnesio.com.br\\\/#organization\"},\"image\":{\"@id\":\"https:\\\/\\\/blogdofarnesio.com.br\\\/?p=286978#primaryimage\"},\"thumbnailUrl\":\"https:\\\/\\\/blogdofarnesio.com.br\\\/wp-content\\\/uploads\\\/2021\\\/05\\\/blogqsppet-simao-Vistoria-escola-Km-25-e1622481376157.jpeg\",\"articleSection\":[\"Administra\u00e7\u00e3o\"],\"inLanguage\":\"pt-BR\"},{\"@type\":\"WebPage\",\"@id\":\"https:\\\/\\\/blogdofarnesio.com.br\\\/?p=286978\",\"url\":\"https:\\\/\\\/blogdofarnesio.com.br\\\/?p=286978\",\"name\":\"Obras da nova escola do Km 25 no Projeto Maria Tereza est\u00e3o 90% conclu\u00eddas - Blog do Farn\u00e9sio\",\"isPartOf\":{\"@id\":\"https:\\\/\\\/blogdofarnesio.com.br\\\/#website\"},\"primaryImageOfPage\":{\"@id\":\"https:\\\/\\\/blogdofarnesio.com.br\\\/?p=286978#primaryimage\"},\"image\":{\"@id\":\"https:\\\/\\\/blogdofarnesio.com.br\\\/?p=286978#primaryimage\"},\"thumbnailUrl\":\"https:\\\/\\\/blogdofarnesio.com.br\\\/wp-content\\\/uploads\\\/2021\\\/05\\\/blogqsppet-simao-Vistoria-escola-Km-25-e1622481376157.jpeg\",\"datePublished\":\"2021-06-01T16:30:44+00:00\",\"breadcrumb\":{\"@id\":\"https:\\\/\\\/blogdofarnesio.com.br\\\/?p=286978#breadcrumb\"},\"inLanguage\":\"pt-BR\",\"potentialAction\":[{\"@type\":\"ReadAction\",\"target\":[\"https:\\\/\\\/blogdofarnesio.com.br\\\/?p=286978\"]}]},{\"@type\":\"ImageObject\",\"inLanguage\":\"pt-BR\",\"@id\":\"https:\\\/\\\/blogdofarnesio.com.br\\\/?p=286978#primaryimage\",\"url\":\"https:\\\/\\\/blogdofarnesio.com.br\\\/wp-content\\\/uploads\\\/2021\\\/05\\\/blogqsppet-simao-Vistoria-escola-Km-25-e1622481376157.jpeg\",\"contentUrl\":\"https:\\\/\\\/blogdofarnesio.com.br\\\/wp-content\\\/uploads\\\/2021\\\/05\\\/blogqsppet-simao-Vistoria-escola-Km-25-e1622481376157.jpeg\",\"width\":680,\"height\":453},{\"@type\":\"BreadcrumbList\",\"@id\":\"https:\\\/\\\/blogdofarnesio.com.br\\\/?p=286978#breadcrumb\",\"itemListElement\":[{\"@type\":\"ListItem\",\"position\":1,\"name\":\"In\u00edcio\",\"item\":\"https:\\\/\\\/blogdofarnesio.com.br\\\/\"},{\"@type\":\"ListItem\",\"position\":2,\"name\":\"Obras da nova escola do Km 25 no Projeto Maria Tereza est\u00e3o 90% conclu\u00eddas\"}]},{\"@type\":\"WebSite\",\"@id\":\"https:\\\/\\\/blogdofarnesio.com.br\\\/#website\",\"url\":\"https:\\\/\\\/blogdofarnesio.com.br\\\/\",\"name\":\"Blog do Farn\u00e9sio\",\"description\":\"Quer Saber Pol\u00edtica?\",\"publisher\":{\"@id\":\"https:\\\/\\\/blogdofarnesio.com.br\\\/#organization\"},\"potentialAction\":[{\"@type\":\"SearchAction\",\"target\":{\"@type\":\"EntryPoint\",\"urlTemplate\":\"https:\\\/\\\/blogdofarnesio.com.br\\\/?s={search_term_string}\"},\"query-input\":{\"@type\":\"PropertyValueSpecification\",\"valueRequired\":true,\"valueName\":\"search_term_string\"}}],\"inLanguage\":\"pt-BR\"},{\"@type\":\"Organization\",\"@id\":\"https:\\\/\\\/blogdofarnesio.com.br\\\/#organization\",\"name\":\"Blog do Farn\u00e9sio\",\"url\":\"https:\\\/\\\/blogdofarnesio.com.br\\\/\",\"logo\":{\"@type\":\"ImageObject\",\"inLanguage\":\"pt-BR\",\"@id\":\"https:\\\/\\\/blogdofarnesio.com.br\\\/#\\\/schema\\\/logo\\\/image\\\/\",\"url\":\"https:\\\/\\\/blogdofarnesio.com.br\\\/wp-content\\\/uploads\\\/2026\\\/03\\\/cropped-logo_new-1.png\",\"contentUrl\":\"https:\\\/\\\/blogdofarnesio.com.br\\\/wp-content\\\/uploads\\\/2026\\\/03\\\/cropped-logo_new-1.png\",\"width\":881,\"height\":685,\"caption\":\"Blog do Farn\u00e9sio\"},\"image\":{\"@id\":\"https:\\\/\\\/blogdofarnesio.com.br\\\/#\\\/schema\\\/logo\\\/image\\\/\"},\"sameAs\":[\"https:\\\/\\\/www.facebook.com\\\/BlogQuerSaberPolitica\\\/\"]},{\"@type\":\"Person\",\"@id\":\"https:\\\/\\\/blogdofarnesio.com.br\\\/#\\\/schema\\\/person\\\/301c4acf522bccbfdb45af95b5b906a1\",\"name\":\"Farn\u00e9sio\",\"image\":{\"@type\":\"ImageObject\",\"inLanguage\":\"pt-BR\",\"@id\":\"https:\\\/\\\/secure.gravatar.com\\\/avatar\\\/df0c9a14567c056f8ad6876ba5bbd1e3e2c48023eb6807342fc4663adf549f38?s=96&d=mm&r=g\",\"url\":\"https:\\\/\\\/secure.gravatar.com\\\/avatar\\\/df0c9a14567c056f8ad6876ba5bbd1e3e2c48023eb6807342fc4663adf549f38?s=96&d=mm&r=g\",\"contentUrl\":\"https:\\\/\\\/secure.gravatar.com\\\/avatar\\\/df0c9a14567c056f8ad6876ba5bbd1e3e2c48023eb6807342fc4663adf549f38?s=96&d=mm&r=g\",\"caption\":\"Farn\u00e9sio\"},\"sameAs\":[\"https:\\\/\\\/quersaberpolitica.com.br\"],\"url\":\"https:\\\/\\\/blogdofarnesio.com.br\\\/?author=1\"}]}<\/script>\n<!-- \/ Yoast SEO plugin. -->","yoast_head_json":{"title":"Obras da nova escola do Km 25 no Projeto Maria Tereza est\u00e3o 90% conclu\u00eddas - Blog do Farn\u00e9sio","robots":{"index":"index","follow":"follow","max-snippet":"max-snippet:-1","max-image-preview":"max-image-preview:large","max-video-preview":"max-video-preview:-1"},"canonical":"https:\/\/blogdofarnesio.com.br\/?p=286978","og_locale":"pt_BR","og_type":"article","og_title":"Obras da nova escola do Km 25 no Projeto Maria Tereza est\u00e3o 90% conclu\u00eddas - Blog do Farn\u00e9sio","og_description":"As obras de constru\u00e7\u00e3o da nova escola do Km 25 no Projeto Maria Tereza j\u00e1 est\u00e3o em fase final, com 90% j\u00e1 conclu\u00edda e previs\u00e3o de entrega para agosto deste ano. Essa \u00e9 mais uma iniciativa da gest\u00e3o municipal para fortalecer\u00a0a educa\u00e7\u00e3o b\u00e1sica na \u00e1rea irrigada do munic\u00edpio.\u00a0O vice-prefeito de Petrolina, Sim\u00e3o Durando, esteve nesta manh\u00e3 de segunda-feira (31), realizando vistoria junto a uma comitiva da prefeitura. Durante a visita, estiveram presentes o secret\u00e1rio de Educa\u00e7\u00e3o, Pl\u00ednio Amorim, o secret\u00e1rio de Agricultura, Gilberto Melo, o secret\u00e1rio de Governo, Orlando Tolentino, o assessor especial, Etinho Gomes, o diretor de obras da Secretaria de Educa\u00e7\u00e3o, Kepler Kaiser e o l\u00edder comunit\u00e1rio, Cristiano Ferreira. Para esta escola foram investidos mais de R$ 1,3&hellip;","og_url":"https:\/\/blogdofarnesio.com.br\/?p=286978","og_site_name":"Blog do Farn\u00e9sio","article_publisher":"https:\/\/www.facebook.com\/BlogQuerSaberPolitica\/","article_published_time":"2021-06-01T16:30:44+00:00","og_image":[{"width":680,"height":453,"url":"https:\/\/blogdofarnesio.com.br\/wp-content\/uploads\/2021\/05\/blogqsppet-simao-Vistoria-escola-Km-25-e1622481376157.jpeg","type":"image\/jpeg"}],"author":"Farn\u00e9sio","twitter_card":"summary_large_image","twitter_misc":{"Escrito por":"Farn\u00e9sio","Est. tempo de leitura":"2 minutos"},"schema":{"@context":"https:\/\/schema.org","@graph":[{"@type":"Article","@id":"https:\/\/blogdofarnesio.com.br\/?p=286978#article","isPartOf":{"@id":"https:\/\/blogdofarnesio.com.br\/?p=286978"},"author":{"name":"Farn\u00e9sio","@id":"https:\/\/blogdofarnesio.com.br\/#\/schema\/person\/301c4acf522bccbfdb45af95b5b906a1"},"headline":"Obras da nova escola do Km 25 no Projeto Maria Tereza est\u00e3o 90% conclu\u00eddas","datePublished":"2021-06-01T16:30:44+00:00","mainEntityOfPage":{"@id":"https:\/\/blogdofarnesio.com.br\/?p=286978"},"wordCount":398,"publisher":{"@id":"https:\/\/blogdofarnesio.com.br\/#organization"},"image":{"@id":"https:\/\/blogdofarnesio.com.br\/?p=286978#primaryimage"},"thumbnailUrl":"https:\/\/blogdofarnesio.com.br\/wp-content\/uploads\/2021\/05\/blogqsppet-simao-Vistoria-escola-Km-25-e1622481376157.jpeg","articleSection":["Administra\u00e7\u00e3o"],"inLanguage":"pt-BR"},{"@type":"WebPage","@id":"https:\/\/blogdofarnesio.com.br\/?p=286978","url":"https:\/\/blogdofarnesio.com.br\/?p=286978","name":"Obras da nova escola do Km 25 no Projeto Maria Tereza est\u00e3o 90% conclu\u00eddas - Blog do Farn\u00e9sio","isPartOf":{"@id":"https:\/\/blogdofarnesio.com.br\/#website"},"primaryImageOfPage":{"@id":"https:\/\/blogdofarnesio.com.br\/?p=286978#primaryimage"},"image":{"@id":"https:\/\/blogdofarnesio.com.br\/?p=286978#primaryimage"},"thumbnailUrl":"https:\/\/blogdofarnesio.com.br\/wp-content\/uploads\/2021\/05\/blogqsppet-simao-Vistoria-escola-Km-25-e1622481376157.jpeg","datePublished":"2021-06-01T16:30:44+00:00","breadcrumb":{"@id":"https:\/\/blogdofarnesio.com.br\/?p=286978#breadcrumb"},"inLanguage":"pt-BR","potentialAction":[{"@type":"ReadAction","target":["https:\/\/blogdofarnesio.com.br\/?p=286978"]}]},{"@type":"ImageObject","inLanguage":"pt-BR","@id":"https:\/\/blogdofarnesio.com.br\/?p=286978#primaryimage","url":"https:\/\/blogdofarnesio.com.br\/wp-content\/uploads\/2021\/05\/blogqsppet-simao-Vistoria-escola-Km-25-e1622481376157.jpeg","contentUrl":"https:\/\/blogdofarnesio.com.br\/wp-content\/uploads\/2021\/05\/blogqsppet-simao-Vistoria-escola-Km-25-e1622481376157.jpeg","width":680,"height":453},{"@type":"BreadcrumbList","@id":"https:\/\/blogdofarnesio.com.br\/?p=286978#breadcrumb","itemListElement":[{"@type":"ListItem","position":1,"name":"In\u00edcio","item":"https:\/\/blogdofarnesio.com.br\/"},{"@type":"ListItem","position":2,"name":"Obras da nova escola do Km 25 no Projeto Maria Tereza est\u00e3o 90% conclu\u00eddas"}]},{"@type":"WebSite","@id":"https:\/\/blogdofarnesio.com.br\/#website","url":"https:\/\/blogdofarnesio.com.br\/","name":"Blog do Farn\u00e9sio","description":"Quer Saber Pol\u00edtica?","publisher":{"@id":"https:\/\/blogdofarnesio.com.br\/#organization"},"potentialAction":[{"@type":"SearchAction","target":{"@type":"EntryPoint","urlTemplate":"https:\/\/blogdofarnesio.com.br\/?s={search_term_string}"},"query-input":{"@type":"PropertyValueSpecification","valueRequired":true,"valueName":"search_term_string"}}],"inLanguage":"pt-BR"},{"@type":"Organization","@id":"https:\/\/blogdofarnesio.com.br\/#organization","name":"Blog do Farn\u00e9sio","url":"https:\/\/blogdofarnesio.com.br\/","logo":{"@type":"ImageObject","inLanguage":"pt-BR","@id":"https:\/\/blogdofarnesio.com.br\/#\/schema\/logo\/image\/","url":"https:\/\/blogdofarnesio.com.br\/wp-content\/uploads\/2026\/03\/cropped-logo_new-1.png","contentUrl":"https:\/\/blogdofarnesio.com.br\/wp-content\/uploads\/2026\/03\/cropped-logo_new-1.png","width":881,"height":685,"caption":"Blog do Farn\u00e9sio"},"image":{"@id":"https:\/\/blogdofarnesio.com.br\/#\/schema\/logo\/image\/"},"sameAs":["https:\/\/www.facebook.com\/BlogQuerSaberPolitica\/"]},{"@type":"Person","@id":"https:\/\/blogdofarnesio.com.br\/#\/schema\/person\/301c4acf522bccbfdb45af95b5b906a1","name":"Farn\u00e9sio","image":{"@type":"ImageObject","inLanguage":"pt-BR","@id":"https:\/\/secure.gravatar.com\/avatar\/df0c9a14567c056f8ad6876ba5bbd1e3e2c48023eb6807342fc4663adf549f38?s=96&d=mm&r=g","url":"https:\/\/secure.gravatar.com\/avatar\/df0c9a14567c056f8ad6876ba5bbd1e3e2c48023eb6807342fc4663adf549f38?s=96&d=mm&r=g","contentUrl":"https:\/\/secure.gravatar.com\/avatar\/df0c9a14567c056f8ad6876ba5bbd1e3e2c48023eb6807342fc4663adf549f38?s=96&d=mm&r=g","caption":"Farn\u00e9sio"},"sameAs":["https:\/\/quersaberpolitica.com.br"],"url":"https:\/\/blogdofarnesio.com.br\/?author=1"}]}},"_links":{"self":[{"href":"https:\/\/blogdofarnesio.com.br\/index.php?rest_route=\/wp\/v2\/posts\/286978","targetHints":{"allow":["GET"]}}],"collection":[{"href":"https:\/\/blogdofarnesio.com.br\/index.php?rest_route=\/wp\/v2\/posts"}],"about":[{"href":"https:\/\/blogdofarnesio.com.br\/index.php?rest_route=\/wp\/v2\/types\/post"}],"author":[{"embeddable":true,"href":"https:\/\/blogdofarnesio.com.br\/index.php?rest_route=\/wp\/v2\/users\/1"}],"replies":[{"embeddable":true,"href":"https:\/\/blogdofarnesio.com.br\/index.php?rest_route=%2Fwp%2Fv2%2Fcomments&post=286978"}],"version-history":[{"count":0,"href":"https:\/\/blogdofarnesio.com.br\/index.php?rest_route=\/wp\/v2\/posts\/286978\/revisions"}],"wp:featuredmedia":[{"embeddable":true,"href":"https:\/\/blogdofarnesio.com.br\/index.php?rest_route=\/wp\/v2\/media\/286979"}],"wp:attachment":[{"href":"https:\/\/blogdofarnesio.com.br\/index.php?rest_route=%2Fwp%2Fv2%2Fmedia&parent=286978"}],"wp:term":[{"taxonomy":"category","embeddable":true,"href":"https:\/\/blogdofarnesio.com.br\/index.php?rest_route=%2Fwp%2Fv2%2Fcategories&post=286978"},{"taxonomy":"post_tag","embeddable":true,"href":"https:\/\/blogdofarnesio.com.br\/index.php?rest_route=%2Fwp%2Fv2%2Ftags&post=286978"}],"curies":[{"name":"wp","href":"https:\/\/api.w.org\/{rel}","templated":true}]}}