{"id":286796,"date":"2021-05-28T17:33:03","date_gmt":"2021-05-28T20:33:03","guid":{"rendered":"http:\/\/quersaberpolitica.com.br\/2016\/?p=286796"},"modified":"2021-05-28T17:33:03","modified_gmt":"2021-05-28T20:33:03","slug":"bolsonaro-nunca-trabalhou-na-vida-afirma-lula","status":"publish","type":"post","link":"https:\/\/blogdofarnesio.com.br\/?p=286796","title":{"rendered":"\u201cBolsonaro nunca trabalhou na vida\u201d, afirma Lula"},"content":{"rendered":"<header>\n<p class=\"author\"><a class=\"author url fn\" title=\"Posts de Patr\u00edcia Nadir\" href=\"https:\/\/www.poder360.com.br\/author\/patricia-nadir\/\" rel=\"author\">PATR\u00cdCIA NADIR\/Poder360 &#8211;\u00a0<\/a><\/p>\n<\/header>\n<div class=\"content wp js-mediator-article\" data-ga-ano=\"2021\" data-ga-categoria=\"Brasil\" data-ga-autor=\"Patr\u00edcia Nadir\">\n<p>O ex-presidente Luiz In\u00e1cio Lula da Silva (PT) afirmou na 5\u00aa feira (27.mai) que o presidente Jair Bolsonaro<em>\u00a0\u201cnunca trabalhou na vida\u201d.\u00a0<\/em>O ex-presidente citou\u00a0a\u00a0<a href=\"https:\/\/www.poder360.com.br\/economia\/governo-libera-salario-acima-do-teto-bolsonaro-esta-entre-beneficiados\/\" target=\"_blank\" rel=\"noopener\">portaria<\/a>\u00a0que beneficia servidores aposentados ou reservistas que ainda ocupam cargos p\u00fablicos e que permite ampliar os sal\u00e1rios do presidente Bolsonaro e do vice-presidente Hamilton Mour\u00e3o. De acordo com o texto, os beneficiados poder\u00e3o receber acima do teto do funcionalismo, de R$39,2 mil.<\/p>\n<p><em>\u201cFoi pro Ex\u00e9rcito, saiu de l\u00e1 expulso, ficou 30 anos como deputado e agora t\u00e1 na presid\u00eancia da Rep\u00fablica se dando aumento de sal\u00e1rio\u2026 Acha que eu tenho medo dele?! Eu nasci na rua, minha vida pol\u00edtica \u00e9 na rua\u201d,<\/em>\u00a0afirmou o petista, em publica\u00e7\u00e3o em seu perfil no Twitter.<\/p>\n<p><img loading=\"lazy\" decoding=\"async\" class=\"wp-image-702767  aligncenter\" src=\"https:\/\/static.poder360.com.br\/2021\/05\/photo_2021-05-28_15-41-35.jpg\" sizes=\"auto, (max-width: 879px) 100vw, 879px\" srcset=\"\/\/static.poder360.com.br\/2021\/05\/photo_2021-05-28_15-41-35.jpg 879w, \/\/static.poder360.com.br\/2021\/05\/photo_2021-05-28_15-41-35-450x399.jpg 450w, \/\/static.poder360.com.br\/2021\/05\/photo_2021-05-28_15-41-35-768x682.jpg 768w\" alt=\"\" width=\"639\" height=\"567\" \/><\/p>\n<div class=\"enviar\">\n<div class=\"container\">\n<div class=\"row\">\n<section class=\"col lg12\">\n<div class=\"row\">\n<section class=\"mod-newsletter full clearfix\">\n<div class=\"col lg6 xs12 no-padding-xs\">\n<form class=\"form-newsletter clearfix\" accept-charset=\"utf-8\" method=\"post\" novalidate=\"novalidate\">Em uma publica\u00e7\u00e3o anterior, o ex-presidente tamb\u00e9m afirmou que Bolsonaro <em>\u201cest\u00e1 com metade\u201d<\/em>\u00a0do que ele tem nas pesquisas de inten\u00e7\u00e3o de voto.<\/form>\n<\/div>\n<\/section>\n<\/div>\n<\/section>\n<\/div>\n<\/div>\n<\/div>\n<p><em>\u201cO Bolsonaro quando sai na rua precisa de mil policiais fazendo seguran\u00e7a. Vem falar que eu t\u00f4 com medo de ir pra rua?! Ele que t\u00e1 com metade do que eu tenho nas pesquisas \u00e9 que tem que ficar com medo. Daqui a pouco ele s\u00f3 vai poder visitar quartel e fazer reuni\u00e3o com miliciano [sic]\u201d.<\/em><\/p>\n<p><img loading=\"lazy\" decoding=\"async\" class=\"wp-image-702766  aligncenter\" src=\"https:\/\/static.poder360.com.br\/2021\/05\/photo_2021-05-28_15-41-32.jpg\" sizes=\"auto, (max-width: 889px) 100vw, 889px\" srcset=\"\/\/static.poder360.com.br\/2021\/05\/photo_2021-05-28_15-41-32.jpg 889w, \/\/static.poder360.com.br\/2021\/05\/photo_2021-05-28_15-41-32-450x426.jpg 450w, \/\/static.poder360.com.br\/2021\/05\/photo_2021-05-28_15-41-32-768x727.jpg 768w\" alt=\"\" width=\"592\" height=\"560\" \/><\/p>\n<h2>PODERDATA: LULA VENCE NO 2\u00ba TURNO<\/h2>\n<p>Pesquisa PoderData, realizada em todo o Brasil com 3.500 entrevistas na semana 12-14.abr.2021,\u00a0<a href=\"https:\/\/www.poder360.com.br\/poderdata\/lula-amplia-vantagem-sobre-bolsonaro-no-2o-turno-e-venceria-por-52-a-34\/\" target=\"_blank\" rel=\"noopener\">indica<\/a>\u00a0que Lula teria 18 pontos de vantagem sobre Bolsonaro (sem partido) num eventual 2\u00ba turno na disputa pelo Pal\u00e1cio do Planalto. O petista teria 52% contra 34% do atual presidente.<\/p>\n<p>A elei\u00e7\u00e3o presidencial est\u00e1 marcada para 2 de outubro de 2022.<\/p>\n<\/div>\n","protected":false},"excerpt":{"rendered":"<p>PATR\u00cdCIA NADIR\/Poder360 &#8211;\u00a0 O ex-presidente Luiz In\u00e1cio Lula da Silva (PT) afirmou na 5\u00aa feira (27.mai) que o presidente Jair Bolsonaro\u00a0\u201cnunca trabalhou na vida\u201d.\u00a0O ex-presidente citou\u00a0a\u00a0portaria\u00a0que beneficia servidores aposentados ou reservistas que ainda ocupam cargos p\u00fablicos e que permite ampliar os sal\u00e1rios do presidente Bolsonaro e do vice-presidente Hamilton Mour\u00e3o. De acordo com o texto, os beneficiados poder\u00e3o receber acima do teto do funcionalismo, de R$39,2 mil. \u201cFoi pro Ex\u00e9rcito, saiu de l\u00e1 expulso, ficou 30 anos como deputado e agora t\u00e1 na presid\u00eancia da Rep\u00fablica se dando aumento de sal\u00e1rio\u2026 Acha que eu tenho medo dele?! Eu nasci na rua, minha vida pol\u00edtica \u00e9 na rua\u201d,\u00a0afirmou o petista, em publica\u00e7\u00e3o em seu perfil no Twitter. Em uma publica\u00e7\u00e3o anterior,&hellip; <\/p>\n","protected":false},"author":1,"featured_media":286797,"comment_status":"closed","ping_status":"closed","sticky":false,"template":"","format":"standard","meta":{"_acf_changed":false,"footnotes":""},"categories":[1],"tags":[],"class_list":["post-286796","post","type-post","status-publish","format-standard","has-post-thumbnail","hentry","category-politica"],"acf":[],"yoast_head":"<!-- This site is optimized with the Yoast SEO plugin v27.4 - https:\/\/yoast.com\/product\/yoast-seo-wordpress\/ -->\n<title>\u201cBolsonaro nunca trabalhou na vida\u201d, afirma Lula - Blog do Farn\u00e9sio<\/title>\n<meta name=\"robots\" content=\"index, follow, max-snippet:-1, max-image-preview:large, max-video-preview:-1\" \/>\n<link rel=\"canonical\" href=\"https:\/\/blogdofarnesio.com.br\/?p=286796\" \/>\n<meta property=\"og:locale\" content=\"pt_BR\" \/>\n<meta property=\"og:type\" content=\"article\" \/>\n<meta property=\"og:title\" content=\"\u201cBolsonaro nunca trabalhou na vida\u201d, afirma Lula - Blog do Farn\u00e9sio\" \/>\n<meta property=\"og:description\" content=\"PATR\u00cdCIA NADIR\/Poder360 &#8211;\u00a0 O ex-presidente Luiz In\u00e1cio Lula da Silva (PT) afirmou na 5\u00aa feira (27.mai) que o presidente Jair Bolsonaro\u00a0\u201cnunca trabalhou na vida\u201d.\u00a0O ex-presidente citou\u00a0a\u00a0portaria\u00a0que beneficia servidores aposentados ou reservistas que ainda ocupam cargos p\u00fablicos e que permite ampliar os sal\u00e1rios do presidente Bolsonaro e do vice-presidente Hamilton Mour\u00e3o. De acordo com o texto, os beneficiados poder\u00e3o receber acima do teto do funcionalismo, de R$39,2 mil. \u201cFoi pro Ex\u00e9rcito, saiu de l\u00e1 expulso, ficou 30 anos como deputado e agora t\u00e1 na presid\u00eancia da Rep\u00fablica se dando aumento de sal\u00e1rio\u2026 Acha que eu tenho medo dele?! Eu nasci na rua, minha vida pol\u00edtica \u00e9 na rua\u201d,\u00a0afirmou o petista, em publica\u00e7\u00e3o em seu perfil no Twitter. Em uma publica\u00e7\u00e3o anterior,&hellip;\" \/>\n<meta property=\"og:url\" content=\"https:\/\/blogdofarnesio.com.br\/?p=286796\" \/>\n<meta property=\"og:site_name\" content=\"Blog do Farn\u00e9sio\" \/>\n<meta property=\"article:publisher\" content=\"https:\/\/www.facebook.com\/BlogQuerSaberPolitica\/\" \/>\n<meta property=\"article:published_time\" content=\"2021-05-28T20:33:03+00:00\" \/>\n<meta property=\"og:image\" content=\"https:\/\/blogdofarnesio.com.br\/wp-content\/uploads\/2021\/05\/blogqspex-presidente-Lula-Sergio-Lima-Poder-360-e1622233829605.jpg\" \/>\n\t<meta property=\"og:image:width\" content=\"668\" \/>\n\t<meta property=\"og:image:height\" content=\"496\" \/>\n\t<meta property=\"og:image:type\" content=\"image\/jpeg\" \/>\n<meta name=\"author\" content=\"Farn\u00e9sio\" \/>\n<meta name=\"twitter:card\" content=\"summary_large_image\" \/>\n<meta name=\"twitter:label1\" content=\"Escrito por\" \/>\n\t<meta name=\"twitter:data1\" content=\"Farn\u00e9sio\" \/>\n\t<meta name=\"twitter:label2\" content=\"Est. tempo de leitura\" \/>\n\t<meta name=\"twitter:data2\" content=\"1 minuto\" \/>\n<script type=\"application\/ld+json\" class=\"yoast-schema-graph\">{\"@context\":\"https:\\\/\\\/schema.org\",\"@graph\":[{\"@type\":\"Article\",\"@id\":\"https:\\\/\\\/blogdofarnesio.com.br\\\/?p=286796#article\",\"isPartOf\":{\"@id\":\"https:\\\/\\\/blogdofarnesio.com.br\\\/?p=286796\"},\"author\":{\"name\":\"Farn\u00e9sio\",\"@id\":\"https:\\\/\\\/blogdofarnesio.com.br\\\/#\\\/schema\\\/person\\\/301c4acf522bccbfdb45af95b5b906a1\"},\"headline\":\"\u201cBolsonaro nunca trabalhou na vida\u201d, afirma Lula\",\"datePublished\":\"2021-05-28T20:33:03+00:00\",\"mainEntityOfPage\":{\"@id\":\"https:\\\/\\\/blogdofarnesio.com.br\\\/?p=286796\"},\"wordCount\":278,\"publisher\":{\"@id\":\"https:\\\/\\\/blogdofarnesio.com.br\\\/#organization\"},\"image\":{\"@id\":\"https:\\\/\\\/blogdofarnesio.com.br\\\/?p=286796#primaryimage\"},\"thumbnailUrl\":\"https:\\\/\\\/blogdofarnesio.com.br\\\/wp-content\\\/uploads\\\/2021\\\/05\\\/blogqspex-presidente-Lula-Sergio-Lima-Poder-360-e1622233829605.jpg\",\"articleSection\":[\"Pol\u00edtica\"],\"inLanguage\":\"pt-BR\"},{\"@type\":\"WebPage\",\"@id\":\"https:\\\/\\\/blogdofarnesio.com.br\\\/?p=286796\",\"url\":\"https:\\\/\\\/blogdofarnesio.com.br\\\/?p=286796\",\"name\":\"\u201cBolsonaro nunca trabalhou na vida\u201d, afirma Lula - Blog do Farn\u00e9sio\",\"isPartOf\":{\"@id\":\"https:\\\/\\\/blogdofarnesio.com.br\\\/#website\"},\"primaryImageOfPage\":{\"@id\":\"https:\\\/\\\/blogdofarnesio.com.br\\\/?p=286796#primaryimage\"},\"image\":{\"@id\":\"https:\\\/\\\/blogdofarnesio.com.br\\\/?p=286796#primaryimage\"},\"thumbnailUrl\":\"https:\\\/\\\/blogdofarnesio.com.br\\\/wp-content\\\/uploads\\\/2021\\\/05\\\/blogqspex-presidente-Lula-Sergio-Lima-Poder-360-e1622233829605.jpg\",\"datePublished\":\"2021-05-28T20:33:03+00:00\",\"breadcrumb\":{\"@id\":\"https:\\\/\\\/blogdofarnesio.com.br\\\/?p=286796#breadcrumb\"},\"inLanguage\":\"pt-BR\",\"potentialAction\":[{\"@type\":\"ReadAction\",\"target\":[\"https:\\\/\\\/blogdofarnesio.com.br\\\/?p=286796\"]}]},{\"@type\":\"ImageObject\",\"inLanguage\":\"pt-BR\",\"@id\":\"https:\\\/\\\/blogdofarnesio.com.br\\\/?p=286796#primaryimage\",\"url\":\"https:\\\/\\\/blogdofarnesio.com.br\\\/wp-content\\\/uploads\\\/2021\\\/05\\\/blogqspex-presidente-Lula-Sergio-Lima-Poder-360-e1622233829605.jpg\",\"contentUrl\":\"https:\\\/\\\/blogdofarnesio.com.br\\\/wp-content\\\/uploads\\\/2021\\\/05\\\/blogqspex-presidente-Lula-Sergio-Lima-Poder-360-e1622233829605.jpg\",\"width\":668,\"height\":496},{\"@type\":\"BreadcrumbList\",\"@id\":\"https:\\\/\\\/blogdofarnesio.com.br\\\/?p=286796#breadcrumb\",\"itemListElement\":[{\"@type\":\"ListItem\",\"position\":1,\"name\":\"In\u00edcio\",\"item\":\"https:\\\/\\\/blogdofarnesio.com.br\\\/\"},{\"@type\":\"ListItem\",\"position\":2,\"name\":\"\u201cBolsonaro nunca trabalhou na vida\u201d, afirma Lula\"}]},{\"@type\":\"WebSite\",\"@id\":\"https:\\\/\\\/blogdofarnesio.com.br\\\/#website\",\"url\":\"https:\\\/\\\/blogdofarnesio.com.br\\\/\",\"name\":\"Blog do Farn\u00e9sio\",\"description\":\"Quer Saber Pol\u00edtica?\",\"publisher\":{\"@id\":\"https:\\\/\\\/blogdofarnesio.com.br\\\/#organization\"},\"potentialAction\":[{\"@type\":\"SearchAction\",\"target\":{\"@type\":\"EntryPoint\",\"urlTemplate\":\"https:\\\/\\\/blogdofarnesio.com.br\\\/?s={search_term_string}\"},\"query-input\":{\"@type\":\"PropertyValueSpecification\",\"valueRequired\":true,\"valueName\":\"search_term_string\"}}],\"inLanguage\":\"pt-BR\"},{\"@type\":\"Organization\",\"@id\":\"https:\\\/\\\/blogdofarnesio.com.br\\\/#organization\",\"name\":\"Blog do Farn\u00e9sio\",\"url\":\"https:\\\/\\\/blogdofarnesio.com.br\\\/\",\"logo\":{\"@type\":\"ImageObject\",\"inLanguage\":\"pt-BR\",\"@id\":\"https:\\\/\\\/blogdofarnesio.com.br\\\/#\\\/schema\\\/logo\\\/image\\\/\",\"url\":\"https:\\\/\\\/blogdofarnesio.com.br\\\/wp-content\\\/uploads\\\/2026\\\/03\\\/cropped-logo_new-1.png\",\"contentUrl\":\"https:\\\/\\\/blogdofarnesio.com.br\\\/wp-content\\\/uploads\\\/2026\\\/03\\\/cropped-logo_new-1.png\",\"width\":881,\"height\":685,\"caption\":\"Blog do Farn\u00e9sio\"},\"image\":{\"@id\":\"https:\\\/\\\/blogdofarnesio.com.br\\\/#\\\/schema\\\/logo\\\/image\\\/\"},\"sameAs\":[\"https:\\\/\\\/www.facebook.com\\\/BlogQuerSaberPolitica\\\/\"]},{\"@type\":\"Person\",\"@id\":\"https:\\\/\\\/blogdofarnesio.com.br\\\/#\\\/schema\\\/person\\\/301c4acf522bccbfdb45af95b5b906a1\",\"name\":\"Farn\u00e9sio\",\"image\":{\"@type\":\"ImageObject\",\"inLanguage\":\"pt-BR\",\"@id\":\"https:\\\/\\\/secure.gravatar.com\\\/avatar\\\/df0c9a14567c056f8ad6876ba5bbd1e3e2c48023eb6807342fc4663adf549f38?s=96&d=mm&r=g\",\"url\":\"https:\\\/\\\/secure.gravatar.com\\\/avatar\\\/df0c9a14567c056f8ad6876ba5bbd1e3e2c48023eb6807342fc4663adf549f38?s=96&d=mm&r=g\",\"contentUrl\":\"https:\\\/\\\/secure.gravatar.com\\\/avatar\\\/df0c9a14567c056f8ad6876ba5bbd1e3e2c48023eb6807342fc4663adf549f38?s=96&d=mm&r=g\",\"caption\":\"Farn\u00e9sio\"},\"sameAs\":[\"https:\\\/\\\/quersaberpolitica.com.br\"],\"url\":\"https:\\\/\\\/blogdofarnesio.com.br\\\/?author=1\"}]}<\/script>\n<!-- \/ Yoast SEO plugin. -->","yoast_head_json":{"title":"\u201cBolsonaro nunca trabalhou na vida\u201d, afirma Lula - Blog do Farn\u00e9sio","robots":{"index":"index","follow":"follow","max-snippet":"max-snippet:-1","max-image-preview":"max-image-preview:large","max-video-preview":"max-video-preview:-1"},"canonical":"https:\/\/blogdofarnesio.com.br\/?p=286796","og_locale":"pt_BR","og_type":"article","og_title":"\u201cBolsonaro nunca trabalhou na vida\u201d, afirma Lula - Blog do Farn\u00e9sio","og_description":"PATR\u00cdCIA NADIR\/Poder360 &#8211;\u00a0 O ex-presidente Luiz In\u00e1cio Lula da Silva (PT) afirmou na 5\u00aa feira (27.mai) que o presidente Jair Bolsonaro\u00a0\u201cnunca trabalhou na vida\u201d.\u00a0O ex-presidente citou\u00a0a\u00a0portaria\u00a0que beneficia servidores aposentados ou reservistas que ainda ocupam cargos p\u00fablicos e que permite ampliar os sal\u00e1rios do presidente Bolsonaro e do vice-presidente Hamilton Mour\u00e3o. De acordo com o texto, os beneficiados poder\u00e3o receber acima do teto do funcionalismo, de R$39,2 mil. \u201cFoi pro Ex\u00e9rcito, saiu de l\u00e1 expulso, ficou 30 anos como deputado e agora t\u00e1 na presid\u00eancia da Rep\u00fablica se dando aumento de sal\u00e1rio\u2026 Acha que eu tenho medo dele?! Eu nasci na rua, minha vida pol\u00edtica \u00e9 na rua\u201d,\u00a0afirmou o petista, em publica\u00e7\u00e3o em seu perfil no Twitter. Em uma publica\u00e7\u00e3o anterior,&hellip;","og_url":"https:\/\/blogdofarnesio.com.br\/?p=286796","og_site_name":"Blog do Farn\u00e9sio","article_publisher":"https:\/\/www.facebook.com\/BlogQuerSaberPolitica\/","article_published_time":"2021-05-28T20:33:03+00:00","og_image":[{"width":668,"height":496,"url":"https:\/\/blogdofarnesio.com.br\/wp-content\/uploads\/2021\/05\/blogqspex-presidente-Lula-Sergio-Lima-Poder-360-e1622233829605.jpg","type":"image\/jpeg"}],"author":"Farn\u00e9sio","twitter_card":"summary_large_image","twitter_misc":{"Escrito por":"Farn\u00e9sio","Est. tempo de leitura":"1 minuto"},"schema":{"@context":"https:\/\/schema.org","@graph":[{"@type":"Article","@id":"https:\/\/blogdofarnesio.com.br\/?p=286796#article","isPartOf":{"@id":"https:\/\/blogdofarnesio.com.br\/?p=286796"},"author":{"name":"Farn\u00e9sio","@id":"https:\/\/blogdofarnesio.com.br\/#\/schema\/person\/301c4acf522bccbfdb45af95b5b906a1"},"headline":"\u201cBolsonaro nunca trabalhou na vida\u201d, afirma Lula","datePublished":"2021-05-28T20:33:03+00:00","mainEntityOfPage":{"@id":"https:\/\/blogdofarnesio.com.br\/?p=286796"},"wordCount":278,"publisher":{"@id":"https:\/\/blogdofarnesio.com.br\/#organization"},"image":{"@id":"https:\/\/blogdofarnesio.com.br\/?p=286796#primaryimage"},"thumbnailUrl":"https:\/\/blogdofarnesio.com.br\/wp-content\/uploads\/2021\/05\/blogqspex-presidente-Lula-Sergio-Lima-Poder-360-e1622233829605.jpg","articleSection":["Pol\u00edtica"],"inLanguage":"pt-BR"},{"@type":"WebPage","@id":"https:\/\/blogdofarnesio.com.br\/?p=286796","url":"https:\/\/blogdofarnesio.com.br\/?p=286796","name":"\u201cBolsonaro nunca trabalhou na vida\u201d, afirma Lula - Blog do Farn\u00e9sio","isPartOf":{"@id":"https:\/\/blogdofarnesio.com.br\/#website"},"primaryImageOfPage":{"@id":"https:\/\/blogdofarnesio.com.br\/?p=286796#primaryimage"},"image":{"@id":"https:\/\/blogdofarnesio.com.br\/?p=286796#primaryimage"},"thumbnailUrl":"https:\/\/blogdofarnesio.com.br\/wp-content\/uploads\/2021\/05\/blogqspex-presidente-Lula-Sergio-Lima-Poder-360-e1622233829605.jpg","datePublished":"2021-05-28T20:33:03+00:00","breadcrumb":{"@id":"https:\/\/blogdofarnesio.com.br\/?p=286796#breadcrumb"},"inLanguage":"pt-BR","potentialAction":[{"@type":"ReadAction","target":["https:\/\/blogdofarnesio.com.br\/?p=286796"]}]},{"@type":"ImageObject","inLanguage":"pt-BR","@id":"https:\/\/blogdofarnesio.com.br\/?p=286796#primaryimage","url":"https:\/\/blogdofarnesio.com.br\/wp-content\/uploads\/2021\/05\/blogqspex-presidente-Lula-Sergio-Lima-Poder-360-e1622233829605.jpg","contentUrl":"https:\/\/blogdofarnesio.com.br\/wp-content\/uploads\/2021\/05\/blogqspex-presidente-Lula-Sergio-Lima-Poder-360-e1622233829605.jpg","width":668,"height":496},{"@type":"BreadcrumbList","@id":"https:\/\/blogdofarnesio.com.br\/?p=286796#breadcrumb","itemListElement":[{"@type":"ListItem","position":1,"name":"In\u00edcio","item":"https:\/\/blogdofarnesio.com.br\/"},{"@type":"ListItem","position":2,"name":"\u201cBolsonaro nunca trabalhou na vida\u201d, afirma Lula"}]},{"@type":"WebSite","@id":"https:\/\/blogdofarnesio.com.br\/#website","url":"https:\/\/blogdofarnesio.com.br\/","name":"Blog do Farn\u00e9sio","description":"Quer Saber Pol\u00edtica?","publisher":{"@id":"https:\/\/blogdofarnesio.com.br\/#organization"},"potentialAction":[{"@type":"SearchAction","target":{"@type":"EntryPoint","urlTemplate":"https:\/\/blogdofarnesio.com.br\/?s={search_term_string}"},"query-input":{"@type":"PropertyValueSpecification","valueRequired":true,"valueName":"search_term_string"}}],"inLanguage":"pt-BR"},{"@type":"Organization","@id":"https:\/\/blogdofarnesio.com.br\/#organization","name":"Blog do Farn\u00e9sio","url":"https:\/\/blogdofarnesio.com.br\/","logo":{"@type":"ImageObject","inLanguage":"pt-BR","@id":"https:\/\/blogdofarnesio.com.br\/#\/schema\/logo\/image\/","url":"https:\/\/blogdofarnesio.com.br\/wp-content\/uploads\/2026\/03\/cropped-logo_new-1.png","contentUrl":"https:\/\/blogdofarnesio.com.br\/wp-content\/uploads\/2026\/03\/cropped-logo_new-1.png","width":881,"height":685,"caption":"Blog do Farn\u00e9sio"},"image":{"@id":"https:\/\/blogdofarnesio.com.br\/#\/schema\/logo\/image\/"},"sameAs":["https:\/\/www.facebook.com\/BlogQuerSaberPolitica\/"]},{"@type":"Person","@id":"https:\/\/blogdofarnesio.com.br\/#\/schema\/person\/301c4acf522bccbfdb45af95b5b906a1","name":"Farn\u00e9sio","image":{"@type":"ImageObject","inLanguage":"pt-BR","@id":"https:\/\/secure.gravatar.com\/avatar\/df0c9a14567c056f8ad6876ba5bbd1e3e2c48023eb6807342fc4663adf549f38?s=96&d=mm&r=g","url":"https:\/\/secure.gravatar.com\/avatar\/df0c9a14567c056f8ad6876ba5bbd1e3e2c48023eb6807342fc4663adf549f38?s=96&d=mm&r=g","contentUrl":"https:\/\/secure.gravatar.com\/avatar\/df0c9a14567c056f8ad6876ba5bbd1e3e2c48023eb6807342fc4663adf549f38?s=96&d=mm&r=g","caption":"Farn\u00e9sio"},"sameAs":["https:\/\/quersaberpolitica.com.br"],"url":"https:\/\/blogdofarnesio.com.br\/?author=1"}]}},"_links":{"self":[{"href":"https:\/\/blogdofarnesio.com.br\/index.php?rest_route=\/wp\/v2\/posts\/286796","targetHints":{"allow":["GET"]}}],"collection":[{"href":"https:\/\/blogdofarnesio.com.br\/index.php?rest_route=\/wp\/v2\/posts"}],"about":[{"href":"https:\/\/blogdofarnesio.com.br\/index.php?rest_route=\/wp\/v2\/types\/post"}],"author":[{"embeddable":true,"href":"https:\/\/blogdofarnesio.com.br\/index.php?rest_route=\/wp\/v2\/users\/1"}],"replies":[{"embeddable":true,"href":"https:\/\/blogdofarnesio.com.br\/index.php?rest_route=%2Fwp%2Fv2%2Fcomments&post=286796"}],"version-history":[{"count":0,"href":"https:\/\/blogdofarnesio.com.br\/index.php?rest_route=\/wp\/v2\/posts\/286796\/revisions"}],"wp:featuredmedia":[{"embeddable":true,"href":"https:\/\/blogdofarnesio.com.br\/index.php?rest_route=\/wp\/v2\/media\/286797"}],"wp:attachment":[{"href":"https:\/\/blogdofarnesio.com.br\/index.php?rest_route=%2Fwp%2Fv2%2Fmedia&parent=286796"}],"wp:term":[{"taxonomy":"category","embeddable":true,"href":"https:\/\/blogdofarnesio.com.br\/index.php?rest_route=%2Fwp%2Fv2%2Fcategories&post=286796"},{"taxonomy":"post_tag","embeddable":true,"href":"https:\/\/blogdofarnesio.com.br\/index.php?rest_route=%2Fwp%2Fv2%2Ftags&post=286796"}],"curies":[{"name":"wp","href":"https:\/\/api.w.org\/{rel}","templated":true}]}}