{"id":286669,"date":"2021-05-27T15:29:23","date_gmt":"2021-05-27T18:29:23","guid":{"rendered":"http:\/\/quersaberpolitica.com.br\/2016\/?p=286669"},"modified":"2021-05-27T15:29:23","modified_gmt":"2021-05-27T18:29:23","slug":"casa-nova-de-luto-perde-uma-das-figuras-mais-queridas-da-cidade","status":"publish","type":"post","link":"https:\/\/blogdofarnesio.com.br\/?p=286669","title":{"rendered":"Casa Nova de luto perde uma das figuras mais queridas da cidade"},"content":{"rendered":"<p>Morreu na manh\u00e3 dessa quinta-feira, 27 de maio, Raimundo Passos, um dos pol\u00edticos mais respeitados em Casa Nova.\u00a0 Raimundo Passos foi vereador por 5 mandatos, Presidente da C\u00e2mara, Secret\u00e1rio de Governo e Vice-prefeito.\u00a0 No mandato de Z\u00e9 da Totonha, assumiu a prefeitura por meses enquanto o prefeito cuidava da sa\u00fade em S\u00e3o Paulo.<\/p>\n<p><img loading=\"lazy\" decoding=\"async\" class=\"wp-image-286670 alignleft\" src=\"http:\/\/quersaberpolitica.com.br\/2016\/wp-content\/uploads\/2021\/05\/Raimundo-Passos-e1622140103494.jpg\" alt=\"\" width=\"287\" height=\"334\" \/>Com 87 anos, completados no dia 23 de janeiro, Raimundo Passos, era af\u00e1vel, preocupado com Casa Nova, amava discutir pol\u00edtica e sempre era citado por todos os vereadores, candidatos e pol\u00edticos, como exemplo de amor \u00e0 cidade, s\u00e9rio, honesto e conciliador.<\/p>\n<p>Adiante de seu tempo, ao exercer o cargo de prefeito, Raimundo Passos incentivou o teatro em Casa Nova, uma atividade at\u00e9 ent\u00e3o considerada marginal. Abatido e triste, ao saber se sua morte, quem relembra essa atitude, \u00e9 Ad\u00e3o Lino de Souza, casanovense que mora em Bras\u00edlia:<\/p>\n<p>\u201cEle estava prefeito e fomos a ele pedir ajuda. Lembro que todo mundo dizia que o prefeito n\u00e3o ia querer ajudar \u201cesse povo de teatro\u201d. Foi o contr\u00e1rio. Recebeu a gente com carinho, cuidou de saber o que a gente ia fazer e o teatro de Casa Nova, na \u00e9poca s\u00f3 foi poss\u00edvel porque a prefeitura ajudou muito\u201d<\/p>\n<p>Raimundo Passos j\u00e1 estava em tratamento de sa\u00fade. Vi\u00favo, deixa 4 filhos e\u00a06 netos e um bisneto. O sepultamento ser\u00e1 realizado nesta quinta-feira, \u00e0s 16 horas no cemit\u00e9rio velho de Casa Nova, A prefeitura deve decretar luto oficial e emitir nota de pesar.<\/p>\n","protected":false},"excerpt":{"rendered":"<p>Morreu na manh\u00e3 dessa quinta-feira, 27 de maio, Raimundo Passos, um dos pol\u00edticos mais respeitados em Casa Nova.\u00a0 Raimundo Passos foi vereador por 5 mandatos, Presidente da C\u00e2mara, Secret\u00e1rio de Governo e Vice-prefeito.\u00a0 No mandato de Z\u00e9 da Totonha, assumiu a prefeitura por meses enquanto o prefeito cuidava da sa\u00fade em S\u00e3o Paulo. Com 87 anos, completados no dia 23 de janeiro, Raimundo Passos, era af\u00e1vel, preocupado com Casa Nova, amava discutir pol\u00edtica e sempre era citado por todos os vereadores, candidatos e pol\u00edticos, como exemplo de amor \u00e0 cidade, s\u00e9rio, honesto e conciliador. Adiante de seu tempo, ao exercer o cargo de prefeito, Raimundo Passos incentivou o teatro em Casa Nova, uma atividade at\u00e9 ent\u00e3o considerada marginal. Abatido e&hellip; <\/p>\n","protected":false},"author":1,"featured_media":180517,"comment_status":"closed","ping_status":"closed","sticky":false,"template":"","format":"standard","meta":{"_acf_changed":false,"footnotes":""},"categories":[27,32],"tags":[],"class_list":["post-286669","post","type-post","status-publish","format-standard","has-post-thumbnail","hentry","category-cidades","category-costumes"],"acf":[],"yoast_head":"<!-- This site is optimized with the Yoast SEO plugin v27.4 - https:\/\/yoast.com\/product\/yoast-seo-wordpress\/ -->\n<title>Casa Nova de luto perde uma das figuras mais queridas da cidade - Blog do Farn\u00e9sio<\/title>\n<meta name=\"robots\" content=\"index, follow, max-snippet:-1, max-image-preview:large, max-video-preview:-1\" \/>\n<link rel=\"canonical\" href=\"https:\/\/blogdofarnesio.com.br\/?p=286669\" \/>\n<meta property=\"og:locale\" content=\"pt_BR\" \/>\n<meta property=\"og:type\" content=\"article\" \/>\n<meta property=\"og:title\" content=\"Casa Nova de luto perde uma das figuras mais queridas da cidade - Blog do Farn\u00e9sio\" \/>\n<meta property=\"og:description\" content=\"Morreu na manh\u00e3 dessa quinta-feira, 27 de maio, Raimundo Passos, um dos pol\u00edticos mais respeitados em Casa Nova.\u00a0 Raimundo Passos foi vereador por 5 mandatos, Presidente da C\u00e2mara, Secret\u00e1rio de Governo e Vice-prefeito.\u00a0 No mandato de Z\u00e9 da Totonha, assumiu a prefeitura por meses enquanto o prefeito cuidava da sa\u00fade em S\u00e3o Paulo. Com 87 anos, completados no dia 23 de janeiro, Raimundo Passos, era af\u00e1vel, preocupado com Casa Nova, amava discutir pol\u00edtica e sempre era citado por todos os vereadores, candidatos e pol\u00edticos, como exemplo de amor \u00e0 cidade, s\u00e9rio, honesto e conciliador. Adiante de seu tempo, ao exercer o cargo de prefeito, Raimundo Passos incentivou o teatro em Casa Nova, uma atividade at\u00e9 ent\u00e3o considerada marginal. Abatido e&hellip;\" \/>\n<meta property=\"og:url\" content=\"https:\/\/blogdofarnesio.com.br\/?p=286669\" \/>\n<meta property=\"og:site_name\" content=\"Blog do Farn\u00e9sio\" \/>\n<meta property=\"article:publisher\" content=\"https:\/\/www.facebook.com\/BlogQuerSaberPolitica\/\" \/>\n<meta property=\"article:published_time\" content=\"2021-05-27T18:29:23+00:00\" \/>\n<meta property=\"og:image\" content=\"https:\/\/blogdofarnesio.com.br\/wp-content\/uploads\/2017\/11\/blogqsplutofinados-e1622140035481.jpg\" \/>\n\t<meta property=\"og:image:width\" content=\"403\" \/>\n\t<meta property=\"og:image:height\" content=\"341\" \/>\n\t<meta property=\"og:image:type\" content=\"image\/jpeg\" \/>\n<meta name=\"author\" content=\"Farn\u00e9sio\" \/>\n<meta name=\"twitter:card\" content=\"summary_large_image\" \/>\n<meta name=\"twitter:label1\" content=\"Escrito por\" \/>\n\t<meta name=\"twitter:data1\" content=\"Farn\u00e9sio\" \/>\n\t<meta name=\"twitter:label2\" content=\"Est. tempo de leitura\" \/>\n\t<meta name=\"twitter:data2\" content=\"1 minuto\" \/>\n<script type=\"application\/ld+json\" class=\"yoast-schema-graph\">{\"@context\":\"https:\\\/\\\/schema.org\",\"@graph\":[{\"@type\":\"Article\",\"@id\":\"https:\\\/\\\/blogdofarnesio.com.br\\\/?p=286669#article\",\"isPartOf\":{\"@id\":\"https:\\\/\\\/blogdofarnesio.com.br\\\/?p=286669\"},\"author\":{\"name\":\"Farn\u00e9sio\",\"@id\":\"https:\\\/\\\/blogdofarnesio.com.br\\\/#\\\/schema\\\/person\\\/301c4acf522bccbfdb45af95b5b906a1\"},\"headline\":\"Casa Nova de luto perde uma das figuras mais queridas da cidade\",\"datePublished\":\"2021-05-27T18:29:23+00:00\",\"mainEntityOfPage\":{\"@id\":\"https:\\\/\\\/blogdofarnesio.com.br\\\/?p=286669\"},\"wordCount\":263,\"publisher\":{\"@id\":\"https:\\\/\\\/blogdofarnesio.com.br\\\/#organization\"},\"image\":{\"@id\":\"https:\\\/\\\/blogdofarnesio.com.br\\\/?p=286669#primaryimage\"},\"thumbnailUrl\":\"https:\\\/\\\/blogdofarnesio.com.br\\\/wp-content\\\/uploads\\\/2017\\\/11\\\/blogqsplutofinados-e1622140035481.jpg\",\"articleSection\":[\"Cidades\",\"Costumes\"],\"inLanguage\":\"pt-BR\"},{\"@type\":\"WebPage\",\"@id\":\"https:\\\/\\\/blogdofarnesio.com.br\\\/?p=286669\",\"url\":\"https:\\\/\\\/blogdofarnesio.com.br\\\/?p=286669\",\"name\":\"Casa Nova de luto perde uma das figuras mais queridas da cidade - Blog do Farn\u00e9sio\",\"isPartOf\":{\"@id\":\"https:\\\/\\\/blogdofarnesio.com.br\\\/#website\"},\"primaryImageOfPage\":{\"@id\":\"https:\\\/\\\/blogdofarnesio.com.br\\\/?p=286669#primaryimage\"},\"image\":{\"@id\":\"https:\\\/\\\/blogdofarnesio.com.br\\\/?p=286669#primaryimage\"},\"thumbnailUrl\":\"https:\\\/\\\/blogdofarnesio.com.br\\\/wp-content\\\/uploads\\\/2017\\\/11\\\/blogqsplutofinados-e1622140035481.jpg\",\"datePublished\":\"2021-05-27T18:29:23+00:00\",\"breadcrumb\":{\"@id\":\"https:\\\/\\\/blogdofarnesio.com.br\\\/?p=286669#breadcrumb\"},\"inLanguage\":\"pt-BR\",\"potentialAction\":[{\"@type\":\"ReadAction\",\"target\":[\"https:\\\/\\\/blogdofarnesio.com.br\\\/?p=286669\"]}]},{\"@type\":\"ImageObject\",\"inLanguage\":\"pt-BR\",\"@id\":\"https:\\\/\\\/blogdofarnesio.com.br\\\/?p=286669#primaryimage\",\"url\":\"https:\\\/\\\/blogdofarnesio.com.br\\\/wp-content\\\/uploads\\\/2017\\\/11\\\/blogqsplutofinados-e1622140035481.jpg\",\"contentUrl\":\"https:\\\/\\\/blogdofarnesio.com.br\\\/wp-content\\\/uploads\\\/2017\\\/11\\\/blogqsplutofinados-e1622140035481.jpg\",\"width\":403,\"height\":341},{\"@type\":\"BreadcrumbList\",\"@id\":\"https:\\\/\\\/blogdofarnesio.com.br\\\/?p=286669#breadcrumb\",\"itemListElement\":[{\"@type\":\"ListItem\",\"position\":1,\"name\":\"In\u00edcio\",\"item\":\"https:\\\/\\\/blogdofarnesio.com.br\\\/\"},{\"@type\":\"ListItem\",\"position\":2,\"name\":\"Casa Nova de luto perde uma das figuras mais queridas da cidade\"}]},{\"@type\":\"WebSite\",\"@id\":\"https:\\\/\\\/blogdofarnesio.com.br\\\/#website\",\"url\":\"https:\\\/\\\/blogdofarnesio.com.br\\\/\",\"name\":\"Blog do Farn\u00e9sio\",\"description\":\"Quer Saber Pol\u00edtica?\",\"publisher\":{\"@id\":\"https:\\\/\\\/blogdofarnesio.com.br\\\/#organization\"},\"potentialAction\":[{\"@type\":\"SearchAction\",\"target\":{\"@type\":\"EntryPoint\",\"urlTemplate\":\"https:\\\/\\\/blogdofarnesio.com.br\\\/?s={search_term_string}\"},\"query-input\":{\"@type\":\"PropertyValueSpecification\",\"valueRequired\":true,\"valueName\":\"search_term_string\"}}],\"inLanguage\":\"pt-BR\"},{\"@type\":\"Organization\",\"@id\":\"https:\\\/\\\/blogdofarnesio.com.br\\\/#organization\",\"name\":\"Blog do Farn\u00e9sio\",\"url\":\"https:\\\/\\\/blogdofarnesio.com.br\\\/\",\"logo\":{\"@type\":\"ImageObject\",\"inLanguage\":\"pt-BR\",\"@id\":\"https:\\\/\\\/blogdofarnesio.com.br\\\/#\\\/schema\\\/logo\\\/image\\\/\",\"url\":\"https:\\\/\\\/blogdofarnesio.com.br\\\/wp-content\\\/uploads\\\/2026\\\/03\\\/cropped-logo_new-1.png\",\"contentUrl\":\"https:\\\/\\\/blogdofarnesio.com.br\\\/wp-content\\\/uploads\\\/2026\\\/03\\\/cropped-logo_new-1.png\",\"width\":881,\"height\":685,\"caption\":\"Blog do Farn\u00e9sio\"},\"image\":{\"@id\":\"https:\\\/\\\/blogdofarnesio.com.br\\\/#\\\/schema\\\/logo\\\/image\\\/\"},\"sameAs\":[\"https:\\\/\\\/www.facebook.com\\\/BlogQuerSaberPolitica\\\/\"]},{\"@type\":\"Person\",\"@id\":\"https:\\\/\\\/blogdofarnesio.com.br\\\/#\\\/schema\\\/person\\\/301c4acf522bccbfdb45af95b5b906a1\",\"name\":\"Farn\u00e9sio\",\"image\":{\"@type\":\"ImageObject\",\"inLanguage\":\"pt-BR\",\"@id\":\"https:\\\/\\\/secure.gravatar.com\\\/avatar\\\/df0c9a14567c056f8ad6876ba5bbd1e3e2c48023eb6807342fc4663adf549f38?s=96&d=mm&r=g\",\"url\":\"https:\\\/\\\/secure.gravatar.com\\\/avatar\\\/df0c9a14567c056f8ad6876ba5bbd1e3e2c48023eb6807342fc4663adf549f38?s=96&d=mm&r=g\",\"contentUrl\":\"https:\\\/\\\/secure.gravatar.com\\\/avatar\\\/df0c9a14567c056f8ad6876ba5bbd1e3e2c48023eb6807342fc4663adf549f38?s=96&d=mm&r=g\",\"caption\":\"Farn\u00e9sio\"},\"sameAs\":[\"https:\\\/\\\/quersaberpolitica.com.br\"],\"url\":\"https:\\\/\\\/blogdofarnesio.com.br\\\/?author=1\"}]}<\/script>\n<!-- \/ Yoast SEO plugin. -->","yoast_head_json":{"title":"Casa Nova de luto perde uma das figuras mais queridas da cidade - Blog do Farn\u00e9sio","robots":{"index":"index","follow":"follow","max-snippet":"max-snippet:-1","max-image-preview":"max-image-preview:large","max-video-preview":"max-video-preview:-1"},"canonical":"https:\/\/blogdofarnesio.com.br\/?p=286669","og_locale":"pt_BR","og_type":"article","og_title":"Casa Nova de luto perde uma das figuras mais queridas da cidade - Blog do Farn\u00e9sio","og_description":"Morreu na manh\u00e3 dessa quinta-feira, 27 de maio, Raimundo Passos, um dos pol\u00edticos mais respeitados em Casa Nova.\u00a0 Raimundo Passos foi vereador por 5 mandatos, Presidente da C\u00e2mara, Secret\u00e1rio de Governo e Vice-prefeito.\u00a0 No mandato de Z\u00e9 da Totonha, assumiu a prefeitura por meses enquanto o prefeito cuidava da sa\u00fade em S\u00e3o Paulo. Com 87 anos, completados no dia 23 de janeiro, Raimundo Passos, era af\u00e1vel, preocupado com Casa Nova, amava discutir pol\u00edtica e sempre era citado por todos os vereadores, candidatos e pol\u00edticos, como exemplo de amor \u00e0 cidade, s\u00e9rio, honesto e conciliador. Adiante de seu tempo, ao exercer o cargo de prefeito, Raimundo Passos incentivou o teatro em Casa Nova, uma atividade at\u00e9 ent\u00e3o considerada marginal. Abatido e&hellip;","og_url":"https:\/\/blogdofarnesio.com.br\/?p=286669","og_site_name":"Blog do Farn\u00e9sio","article_publisher":"https:\/\/www.facebook.com\/BlogQuerSaberPolitica\/","article_published_time":"2021-05-27T18:29:23+00:00","og_image":[{"width":403,"height":341,"url":"https:\/\/blogdofarnesio.com.br\/wp-content\/uploads\/2017\/11\/blogqsplutofinados-e1622140035481.jpg","type":"image\/jpeg"}],"author":"Farn\u00e9sio","twitter_card":"summary_large_image","twitter_misc":{"Escrito por":"Farn\u00e9sio","Est. tempo de leitura":"1 minuto"},"schema":{"@context":"https:\/\/schema.org","@graph":[{"@type":"Article","@id":"https:\/\/blogdofarnesio.com.br\/?p=286669#article","isPartOf":{"@id":"https:\/\/blogdofarnesio.com.br\/?p=286669"},"author":{"name":"Farn\u00e9sio","@id":"https:\/\/blogdofarnesio.com.br\/#\/schema\/person\/301c4acf522bccbfdb45af95b5b906a1"},"headline":"Casa Nova de luto perde uma das figuras mais queridas da cidade","datePublished":"2021-05-27T18:29:23+00:00","mainEntityOfPage":{"@id":"https:\/\/blogdofarnesio.com.br\/?p=286669"},"wordCount":263,"publisher":{"@id":"https:\/\/blogdofarnesio.com.br\/#organization"},"image":{"@id":"https:\/\/blogdofarnesio.com.br\/?p=286669#primaryimage"},"thumbnailUrl":"https:\/\/blogdofarnesio.com.br\/wp-content\/uploads\/2017\/11\/blogqsplutofinados-e1622140035481.jpg","articleSection":["Cidades","Costumes"],"inLanguage":"pt-BR"},{"@type":"WebPage","@id":"https:\/\/blogdofarnesio.com.br\/?p=286669","url":"https:\/\/blogdofarnesio.com.br\/?p=286669","name":"Casa Nova de luto perde uma das figuras mais queridas da cidade - Blog do Farn\u00e9sio","isPartOf":{"@id":"https:\/\/blogdofarnesio.com.br\/#website"},"primaryImageOfPage":{"@id":"https:\/\/blogdofarnesio.com.br\/?p=286669#primaryimage"},"image":{"@id":"https:\/\/blogdofarnesio.com.br\/?p=286669#primaryimage"},"thumbnailUrl":"https:\/\/blogdofarnesio.com.br\/wp-content\/uploads\/2017\/11\/blogqsplutofinados-e1622140035481.jpg","datePublished":"2021-05-27T18:29:23+00:00","breadcrumb":{"@id":"https:\/\/blogdofarnesio.com.br\/?p=286669#breadcrumb"},"inLanguage":"pt-BR","potentialAction":[{"@type":"ReadAction","target":["https:\/\/blogdofarnesio.com.br\/?p=286669"]}]},{"@type":"ImageObject","inLanguage":"pt-BR","@id":"https:\/\/blogdofarnesio.com.br\/?p=286669#primaryimage","url":"https:\/\/blogdofarnesio.com.br\/wp-content\/uploads\/2017\/11\/blogqsplutofinados-e1622140035481.jpg","contentUrl":"https:\/\/blogdofarnesio.com.br\/wp-content\/uploads\/2017\/11\/blogqsplutofinados-e1622140035481.jpg","width":403,"height":341},{"@type":"BreadcrumbList","@id":"https:\/\/blogdofarnesio.com.br\/?p=286669#breadcrumb","itemListElement":[{"@type":"ListItem","position":1,"name":"In\u00edcio","item":"https:\/\/blogdofarnesio.com.br\/"},{"@type":"ListItem","position":2,"name":"Casa Nova de luto perde uma das figuras mais queridas da cidade"}]},{"@type":"WebSite","@id":"https:\/\/blogdofarnesio.com.br\/#website","url":"https:\/\/blogdofarnesio.com.br\/","name":"Blog do Farn\u00e9sio","description":"Quer Saber Pol\u00edtica?","publisher":{"@id":"https:\/\/blogdofarnesio.com.br\/#organization"},"potentialAction":[{"@type":"SearchAction","target":{"@type":"EntryPoint","urlTemplate":"https:\/\/blogdofarnesio.com.br\/?s={search_term_string}"},"query-input":{"@type":"PropertyValueSpecification","valueRequired":true,"valueName":"search_term_string"}}],"inLanguage":"pt-BR"},{"@type":"Organization","@id":"https:\/\/blogdofarnesio.com.br\/#organization","name":"Blog do Farn\u00e9sio","url":"https:\/\/blogdofarnesio.com.br\/","logo":{"@type":"ImageObject","inLanguage":"pt-BR","@id":"https:\/\/blogdofarnesio.com.br\/#\/schema\/logo\/image\/","url":"https:\/\/blogdofarnesio.com.br\/wp-content\/uploads\/2026\/03\/cropped-logo_new-1.png","contentUrl":"https:\/\/blogdofarnesio.com.br\/wp-content\/uploads\/2026\/03\/cropped-logo_new-1.png","width":881,"height":685,"caption":"Blog do Farn\u00e9sio"},"image":{"@id":"https:\/\/blogdofarnesio.com.br\/#\/schema\/logo\/image\/"},"sameAs":["https:\/\/www.facebook.com\/BlogQuerSaberPolitica\/"]},{"@type":"Person","@id":"https:\/\/blogdofarnesio.com.br\/#\/schema\/person\/301c4acf522bccbfdb45af95b5b906a1","name":"Farn\u00e9sio","image":{"@type":"ImageObject","inLanguage":"pt-BR","@id":"https:\/\/secure.gravatar.com\/avatar\/df0c9a14567c056f8ad6876ba5bbd1e3e2c48023eb6807342fc4663adf549f38?s=96&d=mm&r=g","url":"https:\/\/secure.gravatar.com\/avatar\/df0c9a14567c056f8ad6876ba5bbd1e3e2c48023eb6807342fc4663adf549f38?s=96&d=mm&r=g","contentUrl":"https:\/\/secure.gravatar.com\/avatar\/df0c9a14567c056f8ad6876ba5bbd1e3e2c48023eb6807342fc4663adf549f38?s=96&d=mm&r=g","caption":"Farn\u00e9sio"},"sameAs":["https:\/\/quersaberpolitica.com.br"],"url":"https:\/\/blogdofarnesio.com.br\/?author=1"}]}},"_links":{"self":[{"href":"https:\/\/blogdofarnesio.com.br\/index.php?rest_route=\/wp\/v2\/posts\/286669","targetHints":{"allow":["GET"]}}],"collection":[{"href":"https:\/\/blogdofarnesio.com.br\/index.php?rest_route=\/wp\/v2\/posts"}],"about":[{"href":"https:\/\/blogdofarnesio.com.br\/index.php?rest_route=\/wp\/v2\/types\/post"}],"author":[{"embeddable":true,"href":"https:\/\/blogdofarnesio.com.br\/index.php?rest_route=\/wp\/v2\/users\/1"}],"replies":[{"embeddable":true,"href":"https:\/\/blogdofarnesio.com.br\/index.php?rest_route=%2Fwp%2Fv2%2Fcomments&post=286669"}],"version-history":[{"count":0,"href":"https:\/\/blogdofarnesio.com.br\/index.php?rest_route=\/wp\/v2\/posts\/286669\/revisions"}],"wp:featuredmedia":[{"embeddable":true,"href":"https:\/\/blogdofarnesio.com.br\/index.php?rest_route=\/wp\/v2\/media\/180517"}],"wp:attachment":[{"href":"https:\/\/blogdofarnesio.com.br\/index.php?rest_route=%2Fwp%2Fv2%2Fmedia&parent=286669"}],"wp:term":[{"taxonomy":"category","embeddable":true,"href":"https:\/\/blogdofarnesio.com.br\/index.php?rest_route=%2Fwp%2Fv2%2Fcategories&post=286669"},{"taxonomy":"post_tag","embeddable":true,"href":"https:\/\/blogdofarnesio.com.br\/index.php?rest_route=%2Fwp%2Fv2%2Ftags&post=286669"}],"curies":[{"name":"wp","href":"https:\/\/api.w.org\/{rel}","templated":true}]}}