{"id":286654,"date":"2021-05-27T15:00:16","date_gmt":"2021-05-27T18:00:16","guid":{"rendered":"http:\/\/quersaberpolitica.com.br\/2016\/?p=286654"},"modified":"2021-05-27T12:38:17","modified_gmt":"2021-05-27T15:38:17","slug":"agendamento-para-vacinacao-de-profissionais-autonomos-e-liberais-em-petrolina","status":"publish","type":"post","link":"https:\/\/blogdofarnesio.com.br\/?p=286654","title":{"rendered":"agendamento para vacina\u00e7\u00e3o de profissionais aut\u00f4nomos e liberais em Petrolina"},"content":{"rendered":"<p>A Secretaria de Sa\u00fade informa que a partir desta quinta-feira (27), est\u00e1 aberto o agendamento para vacina\u00e7\u00e3o de profissionais aut\u00f4nomos e liberais em Petrolina.<\/p>\n<p>\u00c9 obrigat\u00f3rio o cadastro e o agendamento na plataforma\u00a0 <a href=\"http:\/\/vacinacaopetrolina.tisaude.com\/\" data-saferedirecturl=\"https:\/\/www.google.com\/url?hl=pt-BR&amp;q=http:\/\/vacinacaopetrolina.tisaude.com&amp;source=gmail&amp;ust=1622213689290000&amp;usg=AFQjCNE55YGOpuQUmAtoPkXHZOIVuyNMnA\">vacinacaopetrolina.tisaude.com<\/a>\u00a0para a imuniza\u00e7\u00e3o. A vacina\u00e7\u00e3o ser\u00e1 realizada sexta-feira, s\u00e1bado e domingo (28, 29 e 30), das 08h \u00e0s 17h, no pavilh\u00e3o de aulas da Universidade Federal do Vale do S\u00e3o Francisco (UNIVASF), no Centro.<\/p>\n<p>No dia da imuniza\u00e7\u00e3o \u00e9 necess\u00e1rio estar portando documento oficial com foto, cart\u00e3o SUS ou CPF, comprovante de resid\u00eancia, conselho de classe ativo, imposto de renda de 2019 ou 2020, quem n\u00e3o declara imposto precisar levar a declara\u00e7\u00e3o da isen\u00e7\u00e3o do IR.<\/p>\n<p>Seguindo recomenda\u00e7\u00e3o do Minist\u00e9rio da Sa\u00fade e do Minist\u00e9rio P\u00fablico Federal, os profissionais dos estabelecimentos de servi\u00e7os de interesse \u00e0 sa\u00fade, a exemplo de academias de gin\u00e1stica, clubes, sal\u00e3o de beleza, cl\u00ednica de est\u00e9tica, \u00f3ticas, est\u00fadios de tatuagem e estabelecimentos de sa\u00fade animal, n\u00e3o ser\u00e3o contemplados neste momento da fase de vacina\u00e7\u00e3o.<\/p>\n<p>&nbsp;<\/p>\n","protected":false},"excerpt":{"rendered":"<p>A Secretaria de Sa\u00fade informa que a partir desta quinta-feira (27), est\u00e1 aberto o agendamento para vacina\u00e7\u00e3o de profissionais aut\u00f4nomos e liberais em Petrolina. \u00c9 obrigat\u00f3rio o cadastro e o agendamento na plataforma\u00a0 vacinacaopetrolina.tisaude.com\u00a0para a imuniza\u00e7\u00e3o. A vacina\u00e7\u00e3o ser\u00e1 realizada sexta-feira, s\u00e1bado e domingo (28, 29 e 30), das 08h \u00e0s 17h, no pavilh\u00e3o de aulas da Universidade Federal do Vale do S\u00e3o Francisco (UNIVASF), no Centro. No dia da imuniza\u00e7\u00e3o \u00e9 necess\u00e1rio estar portando documento oficial com foto, cart\u00e3o SUS ou CPF, comprovante de resid\u00eancia, conselho de classe ativo, imposto de renda de 2019 ou 2020, quem n\u00e3o declara imposto precisar levar a declara\u00e7\u00e3o da isen\u00e7\u00e3o do IR. Seguindo recomenda\u00e7\u00e3o do Minist\u00e9rio da Sa\u00fade e do Minist\u00e9rio P\u00fablico Federal,&hellip; <\/p>\n","protected":false},"author":1,"featured_media":286359,"comment_status":"closed","ping_status":"closed","sticky":false,"template":"","format":"standard","meta":{"_acf_changed":false,"footnotes":""},"categories":[1],"tags":[],"class_list":["post-286654","post","type-post","status-publish","format-standard","has-post-thumbnail","hentry","category-politica"],"acf":[],"yoast_head":"<!-- This site is optimized with the Yoast SEO plugin v27.4 - https:\/\/yoast.com\/product\/yoast-seo-wordpress\/ -->\n<title>agendamento para vacina\u00e7\u00e3o de profissionais aut\u00f4nomos e liberais em Petrolina - Blog do Farn\u00e9sio<\/title>\n<meta name=\"robots\" content=\"index, follow, max-snippet:-1, max-image-preview:large, max-video-preview:-1\" \/>\n<link rel=\"canonical\" href=\"https:\/\/blogdofarnesio.com.br\/?p=286654\" \/>\n<meta property=\"og:locale\" content=\"pt_BR\" \/>\n<meta property=\"og:type\" content=\"article\" \/>\n<meta property=\"og:title\" content=\"agendamento para vacina\u00e7\u00e3o de profissionais aut\u00f4nomos e liberais em Petrolina - Blog do Farn\u00e9sio\" \/>\n<meta property=\"og:description\" content=\"A Secretaria de Sa\u00fade informa que a partir desta quinta-feira (27), est\u00e1 aberto o agendamento para vacina\u00e7\u00e3o de profissionais aut\u00f4nomos e liberais em Petrolina. \u00c9 obrigat\u00f3rio o cadastro e o agendamento na plataforma\u00a0 vacinacaopetrolina.tisaude.com\u00a0para a imuniza\u00e7\u00e3o. A vacina\u00e7\u00e3o ser\u00e1 realizada sexta-feira, s\u00e1bado e domingo (28, 29 e 30), das 08h \u00e0s 17h, no pavilh\u00e3o de aulas da Universidade Federal do Vale do S\u00e3o Francisco (UNIVASF), no Centro. No dia da imuniza\u00e7\u00e3o \u00e9 necess\u00e1rio estar portando documento oficial com foto, cart\u00e3o SUS ou CPF, comprovante de resid\u00eancia, conselho de classe ativo, imposto de renda de 2019 ou 2020, quem n\u00e3o declara imposto precisar levar a declara\u00e7\u00e3o da isen\u00e7\u00e3o do IR. Seguindo recomenda\u00e7\u00e3o do Minist\u00e9rio da Sa\u00fade e do Minist\u00e9rio P\u00fablico Federal,&hellip;\" \/>\n<meta property=\"og:url\" content=\"https:\/\/blogdofarnesio.com.br\/?p=286654\" \/>\n<meta property=\"og:site_name\" content=\"Blog do Farn\u00e9sio\" \/>\n<meta property=\"article:publisher\" content=\"https:\/\/www.facebook.com\/BlogQuerSaberPolitica\/\" \/>\n<meta property=\"article:published_time\" content=\"2021-05-27T18:00:16+00:00\" \/>\n<meta property=\"og:image\" content=\"https:\/\/blogdofarnesio.com.br\/wp-content\/uploads\/2021\/05\/blogqsppet-aniversariante-comemora-COVID-19-em-Petrolina-1-e1621771783687.jpeg\" \/>\n\t<meta property=\"og:image:width\" content=\"680\" \/>\n\t<meta property=\"og:image:height\" content=\"453\" \/>\n\t<meta property=\"og:image:type\" content=\"image\/jpeg\" \/>\n<meta name=\"author\" content=\"Farn\u00e9sio\" \/>\n<meta name=\"twitter:card\" content=\"summary_large_image\" \/>\n<meta name=\"twitter:label1\" content=\"Escrito por\" \/>\n\t<meta name=\"twitter:data1\" content=\"Farn\u00e9sio\" \/>\n\t<meta name=\"twitter:label2\" content=\"Est. tempo de leitura\" \/>\n\t<meta name=\"twitter:data2\" content=\"1 minuto\" \/>\n<script type=\"application\/ld+json\" class=\"yoast-schema-graph\">{\"@context\":\"https:\\\/\\\/schema.org\",\"@graph\":[{\"@type\":\"Article\",\"@id\":\"https:\\\/\\\/blogdofarnesio.com.br\\\/?p=286654#article\",\"isPartOf\":{\"@id\":\"https:\\\/\\\/blogdofarnesio.com.br\\\/?p=286654\"},\"author\":{\"name\":\"Farn\u00e9sio\",\"@id\":\"https:\\\/\\\/blogdofarnesio.com.br\\\/#\\\/schema\\\/person\\\/301c4acf522bccbfdb45af95b5b906a1\"},\"headline\":\"agendamento para vacina\u00e7\u00e3o de profissionais aut\u00f4nomos e liberais em Petrolina\",\"datePublished\":\"2021-05-27T18:00:16+00:00\",\"mainEntityOfPage\":{\"@id\":\"https:\\\/\\\/blogdofarnesio.com.br\\\/?p=286654\"},\"wordCount\":200,\"publisher\":{\"@id\":\"https:\\\/\\\/blogdofarnesio.com.br\\\/#organization\"},\"image\":{\"@id\":\"https:\\\/\\\/blogdofarnesio.com.br\\\/?p=286654#primaryimage\"},\"thumbnailUrl\":\"https:\\\/\\\/blogdofarnesio.com.br\\\/wp-content\\\/uploads\\\/2021\\\/05\\\/blogqsppet-aniversariante-comemora-COVID-19-em-Petrolina-1-e1621771783687.jpeg\",\"articleSection\":[\"Pol\u00edtica\"],\"inLanguage\":\"pt-BR\"},{\"@type\":\"WebPage\",\"@id\":\"https:\\\/\\\/blogdofarnesio.com.br\\\/?p=286654\",\"url\":\"https:\\\/\\\/blogdofarnesio.com.br\\\/?p=286654\",\"name\":\"agendamento para vacina\u00e7\u00e3o de profissionais aut\u00f4nomos e liberais em Petrolina - Blog do Farn\u00e9sio\",\"isPartOf\":{\"@id\":\"https:\\\/\\\/blogdofarnesio.com.br\\\/#website\"},\"primaryImageOfPage\":{\"@id\":\"https:\\\/\\\/blogdofarnesio.com.br\\\/?p=286654#primaryimage\"},\"image\":{\"@id\":\"https:\\\/\\\/blogdofarnesio.com.br\\\/?p=286654#primaryimage\"},\"thumbnailUrl\":\"https:\\\/\\\/blogdofarnesio.com.br\\\/wp-content\\\/uploads\\\/2021\\\/05\\\/blogqsppet-aniversariante-comemora-COVID-19-em-Petrolina-1-e1621771783687.jpeg\",\"datePublished\":\"2021-05-27T18:00:16+00:00\",\"breadcrumb\":{\"@id\":\"https:\\\/\\\/blogdofarnesio.com.br\\\/?p=286654#breadcrumb\"},\"inLanguage\":\"pt-BR\",\"potentialAction\":[{\"@type\":\"ReadAction\",\"target\":[\"https:\\\/\\\/blogdofarnesio.com.br\\\/?p=286654\"]}]},{\"@type\":\"ImageObject\",\"inLanguage\":\"pt-BR\",\"@id\":\"https:\\\/\\\/blogdofarnesio.com.br\\\/?p=286654#primaryimage\",\"url\":\"https:\\\/\\\/blogdofarnesio.com.br\\\/wp-content\\\/uploads\\\/2021\\\/05\\\/blogqsppet-aniversariante-comemora-COVID-19-em-Petrolina-1-e1621771783687.jpeg\",\"contentUrl\":\"https:\\\/\\\/blogdofarnesio.com.br\\\/wp-content\\\/uploads\\\/2021\\\/05\\\/blogqsppet-aniversariante-comemora-COVID-19-em-Petrolina-1-e1621771783687.jpeg\",\"width\":680,\"height\":453},{\"@type\":\"BreadcrumbList\",\"@id\":\"https:\\\/\\\/blogdofarnesio.com.br\\\/?p=286654#breadcrumb\",\"itemListElement\":[{\"@type\":\"ListItem\",\"position\":1,\"name\":\"In\u00edcio\",\"item\":\"https:\\\/\\\/blogdofarnesio.com.br\\\/\"},{\"@type\":\"ListItem\",\"position\":2,\"name\":\"agendamento para vacina\u00e7\u00e3o de profissionais aut\u00f4nomos e liberais em Petrolina\"}]},{\"@type\":\"WebSite\",\"@id\":\"https:\\\/\\\/blogdofarnesio.com.br\\\/#website\",\"url\":\"https:\\\/\\\/blogdofarnesio.com.br\\\/\",\"name\":\"Blog do Farn\u00e9sio\",\"description\":\"Quer Saber Pol\u00edtica?\",\"publisher\":{\"@id\":\"https:\\\/\\\/blogdofarnesio.com.br\\\/#organization\"},\"potentialAction\":[{\"@type\":\"SearchAction\",\"target\":{\"@type\":\"EntryPoint\",\"urlTemplate\":\"https:\\\/\\\/blogdofarnesio.com.br\\\/?s={search_term_string}\"},\"query-input\":{\"@type\":\"PropertyValueSpecification\",\"valueRequired\":true,\"valueName\":\"search_term_string\"}}],\"inLanguage\":\"pt-BR\"},{\"@type\":\"Organization\",\"@id\":\"https:\\\/\\\/blogdofarnesio.com.br\\\/#organization\",\"name\":\"Blog do Farn\u00e9sio\",\"url\":\"https:\\\/\\\/blogdofarnesio.com.br\\\/\",\"logo\":{\"@type\":\"ImageObject\",\"inLanguage\":\"pt-BR\",\"@id\":\"https:\\\/\\\/blogdofarnesio.com.br\\\/#\\\/schema\\\/logo\\\/image\\\/\",\"url\":\"https:\\\/\\\/blogdofarnesio.com.br\\\/wp-content\\\/uploads\\\/2026\\\/03\\\/cropped-logo_new-1.png\",\"contentUrl\":\"https:\\\/\\\/blogdofarnesio.com.br\\\/wp-content\\\/uploads\\\/2026\\\/03\\\/cropped-logo_new-1.png\",\"width\":881,\"height\":685,\"caption\":\"Blog do Farn\u00e9sio\"},\"image\":{\"@id\":\"https:\\\/\\\/blogdofarnesio.com.br\\\/#\\\/schema\\\/logo\\\/image\\\/\"},\"sameAs\":[\"https:\\\/\\\/www.facebook.com\\\/BlogQuerSaberPolitica\\\/\"]},{\"@type\":\"Person\",\"@id\":\"https:\\\/\\\/blogdofarnesio.com.br\\\/#\\\/schema\\\/person\\\/301c4acf522bccbfdb45af95b5b906a1\",\"name\":\"Farn\u00e9sio\",\"image\":{\"@type\":\"ImageObject\",\"inLanguage\":\"pt-BR\",\"@id\":\"https:\\\/\\\/secure.gravatar.com\\\/avatar\\\/df0c9a14567c056f8ad6876ba5bbd1e3e2c48023eb6807342fc4663adf549f38?s=96&d=mm&r=g\",\"url\":\"https:\\\/\\\/secure.gravatar.com\\\/avatar\\\/df0c9a14567c056f8ad6876ba5bbd1e3e2c48023eb6807342fc4663adf549f38?s=96&d=mm&r=g\",\"contentUrl\":\"https:\\\/\\\/secure.gravatar.com\\\/avatar\\\/df0c9a14567c056f8ad6876ba5bbd1e3e2c48023eb6807342fc4663adf549f38?s=96&d=mm&r=g\",\"caption\":\"Farn\u00e9sio\"},\"sameAs\":[\"https:\\\/\\\/quersaberpolitica.com.br\"],\"url\":\"https:\\\/\\\/blogdofarnesio.com.br\\\/?author=1\"}]}<\/script>\n<!-- \/ Yoast SEO plugin. -->","yoast_head_json":{"title":"agendamento para vacina\u00e7\u00e3o de profissionais aut\u00f4nomos e liberais em Petrolina - Blog do Farn\u00e9sio","robots":{"index":"index","follow":"follow","max-snippet":"max-snippet:-1","max-image-preview":"max-image-preview:large","max-video-preview":"max-video-preview:-1"},"canonical":"https:\/\/blogdofarnesio.com.br\/?p=286654","og_locale":"pt_BR","og_type":"article","og_title":"agendamento para vacina\u00e7\u00e3o de profissionais aut\u00f4nomos e liberais em Petrolina - Blog do Farn\u00e9sio","og_description":"A Secretaria de Sa\u00fade informa que a partir desta quinta-feira (27), est\u00e1 aberto o agendamento para vacina\u00e7\u00e3o de profissionais aut\u00f4nomos e liberais em Petrolina. \u00c9 obrigat\u00f3rio o cadastro e o agendamento na plataforma\u00a0 vacinacaopetrolina.tisaude.com\u00a0para a imuniza\u00e7\u00e3o. A vacina\u00e7\u00e3o ser\u00e1 realizada sexta-feira, s\u00e1bado e domingo (28, 29 e 30), das 08h \u00e0s 17h, no pavilh\u00e3o de aulas da Universidade Federal do Vale do S\u00e3o Francisco (UNIVASF), no Centro. No dia da imuniza\u00e7\u00e3o \u00e9 necess\u00e1rio estar portando documento oficial com foto, cart\u00e3o SUS ou CPF, comprovante de resid\u00eancia, conselho de classe ativo, imposto de renda de 2019 ou 2020, quem n\u00e3o declara imposto precisar levar a declara\u00e7\u00e3o da isen\u00e7\u00e3o do IR. Seguindo recomenda\u00e7\u00e3o do Minist\u00e9rio da Sa\u00fade e do Minist\u00e9rio P\u00fablico Federal,&hellip;","og_url":"https:\/\/blogdofarnesio.com.br\/?p=286654","og_site_name":"Blog do Farn\u00e9sio","article_publisher":"https:\/\/www.facebook.com\/BlogQuerSaberPolitica\/","article_published_time":"2021-05-27T18:00:16+00:00","og_image":[{"width":680,"height":453,"url":"https:\/\/blogdofarnesio.com.br\/wp-content\/uploads\/2021\/05\/blogqsppet-aniversariante-comemora-COVID-19-em-Petrolina-1-e1621771783687.jpeg","type":"image\/jpeg"}],"author":"Farn\u00e9sio","twitter_card":"summary_large_image","twitter_misc":{"Escrito por":"Farn\u00e9sio","Est. tempo de leitura":"1 minuto"},"schema":{"@context":"https:\/\/schema.org","@graph":[{"@type":"Article","@id":"https:\/\/blogdofarnesio.com.br\/?p=286654#article","isPartOf":{"@id":"https:\/\/blogdofarnesio.com.br\/?p=286654"},"author":{"name":"Farn\u00e9sio","@id":"https:\/\/blogdofarnesio.com.br\/#\/schema\/person\/301c4acf522bccbfdb45af95b5b906a1"},"headline":"agendamento para vacina\u00e7\u00e3o de profissionais aut\u00f4nomos e liberais em Petrolina","datePublished":"2021-05-27T18:00:16+00:00","mainEntityOfPage":{"@id":"https:\/\/blogdofarnesio.com.br\/?p=286654"},"wordCount":200,"publisher":{"@id":"https:\/\/blogdofarnesio.com.br\/#organization"},"image":{"@id":"https:\/\/blogdofarnesio.com.br\/?p=286654#primaryimage"},"thumbnailUrl":"https:\/\/blogdofarnesio.com.br\/wp-content\/uploads\/2021\/05\/blogqsppet-aniversariante-comemora-COVID-19-em-Petrolina-1-e1621771783687.jpeg","articleSection":["Pol\u00edtica"],"inLanguage":"pt-BR"},{"@type":"WebPage","@id":"https:\/\/blogdofarnesio.com.br\/?p=286654","url":"https:\/\/blogdofarnesio.com.br\/?p=286654","name":"agendamento para vacina\u00e7\u00e3o de profissionais aut\u00f4nomos e liberais em Petrolina - Blog do Farn\u00e9sio","isPartOf":{"@id":"https:\/\/blogdofarnesio.com.br\/#website"},"primaryImageOfPage":{"@id":"https:\/\/blogdofarnesio.com.br\/?p=286654#primaryimage"},"image":{"@id":"https:\/\/blogdofarnesio.com.br\/?p=286654#primaryimage"},"thumbnailUrl":"https:\/\/blogdofarnesio.com.br\/wp-content\/uploads\/2021\/05\/blogqsppet-aniversariante-comemora-COVID-19-em-Petrolina-1-e1621771783687.jpeg","datePublished":"2021-05-27T18:00:16+00:00","breadcrumb":{"@id":"https:\/\/blogdofarnesio.com.br\/?p=286654#breadcrumb"},"inLanguage":"pt-BR","potentialAction":[{"@type":"ReadAction","target":["https:\/\/blogdofarnesio.com.br\/?p=286654"]}]},{"@type":"ImageObject","inLanguage":"pt-BR","@id":"https:\/\/blogdofarnesio.com.br\/?p=286654#primaryimage","url":"https:\/\/blogdofarnesio.com.br\/wp-content\/uploads\/2021\/05\/blogqsppet-aniversariante-comemora-COVID-19-em-Petrolina-1-e1621771783687.jpeg","contentUrl":"https:\/\/blogdofarnesio.com.br\/wp-content\/uploads\/2021\/05\/blogqsppet-aniversariante-comemora-COVID-19-em-Petrolina-1-e1621771783687.jpeg","width":680,"height":453},{"@type":"BreadcrumbList","@id":"https:\/\/blogdofarnesio.com.br\/?p=286654#breadcrumb","itemListElement":[{"@type":"ListItem","position":1,"name":"In\u00edcio","item":"https:\/\/blogdofarnesio.com.br\/"},{"@type":"ListItem","position":2,"name":"agendamento para vacina\u00e7\u00e3o de profissionais aut\u00f4nomos e liberais em Petrolina"}]},{"@type":"WebSite","@id":"https:\/\/blogdofarnesio.com.br\/#website","url":"https:\/\/blogdofarnesio.com.br\/","name":"Blog do Farn\u00e9sio","description":"Quer Saber Pol\u00edtica?","publisher":{"@id":"https:\/\/blogdofarnesio.com.br\/#organization"},"potentialAction":[{"@type":"SearchAction","target":{"@type":"EntryPoint","urlTemplate":"https:\/\/blogdofarnesio.com.br\/?s={search_term_string}"},"query-input":{"@type":"PropertyValueSpecification","valueRequired":true,"valueName":"search_term_string"}}],"inLanguage":"pt-BR"},{"@type":"Organization","@id":"https:\/\/blogdofarnesio.com.br\/#organization","name":"Blog do Farn\u00e9sio","url":"https:\/\/blogdofarnesio.com.br\/","logo":{"@type":"ImageObject","inLanguage":"pt-BR","@id":"https:\/\/blogdofarnesio.com.br\/#\/schema\/logo\/image\/","url":"https:\/\/blogdofarnesio.com.br\/wp-content\/uploads\/2026\/03\/cropped-logo_new-1.png","contentUrl":"https:\/\/blogdofarnesio.com.br\/wp-content\/uploads\/2026\/03\/cropped-logo_new-1.png","width":881,"height":685,"caption":"Blog do Farn\u00e9sio"},"image":{"@id":"https:\/\/blogdofarnesio.com.br\/#\/schema\/logo\/image\/"},"sameAs":["https:\/\/www.facebook.com\/BlogQuerSaberPolitica\/"]},{"@type":"Person","@id":"https:\/\/blogdofarnesio.com.br\/#\/schema\/person\/301c4acf522bccbfdb45af95b5b906a1","name":"Farn\u00e9sio","image":{"@type":"ImageObject","inLanguage":"pt-BR","@id":"https:\/\/secure.gravatar.com\/avatar\/df0c9a14567c056f8ad6876ba5bbd1e3e2c48023eb6807342fc4663adf549f38?s=96&d=mm&r=g","url":"https:\/\/secure.gravatar.com\/avatar\/df0c9a14567c056f8ad6876ba5bbd1e3e2c48023eb6807342fc4663adf549f38?s=96&d=mm&r=g","contentUrl":"https:\/\/secure.gravatar.com\/avatar\/df0c9a14567c056f8ad6876ba5bbd1e3e2c48023eb6807342fc4663adf549f38?s=96&d=mm&r=g","caption":"Farn\u00e9sio"},"sameAs":["https:\/\/quersaberpolitica.com.br"],"url":"https:\/\/blogdofarnesio.com.br\/?author=1"}]}},"_links":{"self":[{"href":"https:\/\/blogdofarnesio.com.br\/index.php?rest_route=\/wp\/v2\/posts\/286654","targetHints":{"allow":["GET"]}}],"collection":[{"href":"https:\/\/blogdofarnesio.com.br\/index.php?rest_route=\/wp\/v2\/posts"}],"about":[{"href":"https:\/\/blogdofarnesio.com.br\/index.php?rest_route=\/wp\/v2\/types\/post"}],"author":[{"embeddable":true,"href":"https:\/\/blogdofarnesio.com.br\/index.php?rest_route=\/wp\/v2\/users\/1"}],"replies":[{"embeddable":true,"href":"https:\/\/blogdofarnesio.com.br\/index.php?rest_route=%2Fwp%2Fv2%2Fcomments&post=286654"}],"version-history":[{"count":0,"href":"https:\/\/blogdofarnesio.com.br\/index.php?rest_route=\/wp\/v2\/posts\/286654\/revisions"}],"wp:featuredmedia":[{"embeddable":true,"href":"https:\/\/blogdofarnesio.com.br\/index.php?rest_route=\/wp\/v2\/media\/286359"}],"wp:attachment":[{"href":"https:\/\/blogdofarnesio.com.br\/index.php?rest_route=%2Fwp%2Fv2%2Fmedia&parent=286654"}],"wp:term":[{"taxonomy":"category","embeddable":true,"href":"https:\/\/blogdofarnesio.com.br\/index.php?rest_route=%2Fwp%2Fv2%2Fcategories&post=286654"},{"taxonomy":"post_tag","embeddable":true,"href":"https:\/\/blogdofarnesio.com.br\/index.php?rest_route=%2Fwp%2Fv2%2Ftags&post=286654"}],"curies":[{"name":"wp","href":"https:\/\/api.w.org\/{rel}","templated":true}]}}