{"id":286649,"date":"2021-05-27T11:59:50","date_gmt":"2021-05-27T14:59:50","guid":{"rendered":"http:\/\/quersaberpolitica.com.br\/2016\/?p=286649"},"modified":"2021-05-27T11:59:50","modified_gmt":"2021-05-27T14:59:50","slug":"boletim-desta-quarta-feira-confirma-186-novos-casos-do-coronavirus-em-petrolina","status":"publish","type":"post","link":"https:\/\/blogdofarnesio.com.br\/?p=286649","title":{"rendered":"Boletim desta quarta-feira confirma 186 novos casos do coronav\u00edrus em Petrolina"},"content":{"rendered":"<p>O boletim epidemiol\u00f3gico da Covid-19 divulgado pela Secretaria de Sa\u00fade de Petrolina, informa que a taxa de ocupa\u00e7\u00e3o dos leitos de UTI desta quarta-feira (26), est\u00e1 em 90,2%. Dos 82 leitos, 74 est\u00e3o ocupados. 45 pacientes s\u00e3o de Petrolina e 29 de outras cidades da regi\u00e3o.<\/p>\n<p>&nbsp;<\/p>\n<p>Foram confirmados 186 novos casos, sendo 85 pessoas do sexo masculino, com idades de nove meses a 85 anos, e 101 do sexo feminino, com idades de dois a 82 anos. Dos resultados obtidos, 182 se deram atrav\u00e9s de exames realizados pela Prefeitura de Petrolina, os outros quatros foram por exames laboratoriais. Com isso, 27.328 pessoas j\u00e1 foram infectadas pelo novo coronav\u00edrus. O total de pacientes recuperados \u00e9 23.034, isso representa 84,3% do total.<\/p>\n<p>&nbsp;<\/p>\n<p>Neste boletim ainda foram registrados dois \u00f3bitos. Um paciente do sexo masculino, 56 anos, com hist\u00f3rico de comorbidades e uma paciente do sexo feminino, de 55 anos, sem comorbidade. Ambos faleceram nesta ter\u00e7a-feira (25), em hospitais p\u00fablico e privado da regi\u00e3o. Agora, s\u00e3o 428 \u00f3bitos em decorr\u00eancia da COVID-19 em Petrolina.<\/p>\n<p>Outras informa\u00e7\u00f5es<\/p>\n<p>A Secretaria de Sa\u00fade tamb\u00e9m divulgou informa\u00e7\u00f5es complementares sobre a pandemia em Petrolina.<\/p>\n<p>&#8211; Casos investigados: 1.375 pessoas sendo monitoradas, h\u00e1 possibilidade de estarem infectadas.<\/p>\n<p>&#8211; Casos por ra\u00e7a\/cor: 17 pessoas se declararam pretas; uma ind\u00edgena; 129 pardas; duas amarelas e 37 brancas.<\/p>\n<p>&#8211; Casos descartados: At\u00e9 agora, 101.459 casos j\u00e1 foram descartados. As pessoas que foram testadas tiveram resultados negativos.<\/p>\n<p>&#8211; Casos ativos: O munic\u00edpio tem 3.866 casos ativos do novo coronav\u00edrus.<\/p>\n<p>Todas as informa\u00e7\u00f5es sobre a pandemia est\u00e3o dispon\u00edveis no:\u00a0<a href=\"http:\/\/petrolina.pe.gov.br\/coronavirus\" data-saferedirecturl=\"https:\/\/www.google.com\/url?hl=pt-BR&amp;q=http:\/\/petrolina.pe.gov.br\/coronavirus&amp;source=gmail&amp;ust=1622213688545000&amp;usg=AFQjCNFXFREfpxTSVFcXTk-atdZxgfajwQ\">petrolina.pe.gov.br\/coronavirus<\/a>.<\/p>\n<p>__________________<\/p>\n<p>Texto: D\u00e9bora Sousa \u2013 Assessora de Comunica\u00e7\u00e3o da Secretaria de Sa\u00fade<\/p>\n","protected":false},"excerpt":{"rendered":"<p>O boletim epidemiol\u00f3gico da Covid-19 divulgado pela Secretaria de Sa\u00fade de Petrolina, informa que a taxa de ocupa\u00e7\u00e3o dos leitos de UTI desta quarta-feira (26), est\u00e1 em 90,2%. Dos 82 leitos, 74 est\u00e3o ocupados. 45 pacientes s\u00e3o de Petrolina e 29 de outras cidades da regi\u00e3o. &nbsp; Foram confirmados 186 novos casos, sendo 85 pessoas do sexo masculino, com idades de nove meses a 85 anos, e 101 do sexo feminino, com idades de dois a 82 anos. Dos resultados obtidos, 182 se deram atrav\u00e9s de exames realizados pela Prefeitura de Petrolina, os outros quatros foram por exames laboratoriais. Com isso, 27.328 pessoas j\u00e1 foram infectadas pelo novo coronav\u00edrus. O total de pacientes recuperados \u00e9 23.034, isso representa 84,3% do&hellip; <\/p>\n","protected":false},"author":1,"featured_media":280225,"comment_status":"closed","ping_status":"closed","sticky":false,"template":"","format":"standard","meta":{"_acf_changed":false,"footnotes":""},"categories":[1],"tags":[],"class_list":["post-286649","post","type-post","status-publish","format-standard","has-post-thumbnail","hentry","category-politica"],"acf":[],"yoast_head":"<!-- This site is optimized with the Yoast SEO plugin v27.4 - https:\/\/yoast.com\/product\/yoast-seo-wordpress\/ -->\n<title>Boletim desta quarta-feira confirma 186 novos casos do coronav\u00edrus em Petrolina - Blog do Farn\u00e9sio<\/title>\n<meta name=\"robots\" content=\"index, follow, max-snippet:-1, max-image-preview:large, max-video-preview:-1\" \/>\n<link rel=\"canonical\" href=\"https:\/\/blogdofarnesio.com.br\/?p=286649\" \/>\n<meta property=\"og:locale\" content=\"pt_BR\" \/>\n<meta property=\"og:type\" content=\"article\" \/>\n<meta property=\"og:title\" content=\"Boletim desta quarta-feira confirma 186 novos casos do coronav\u00edrus em Petrolina - Blog do Farn\u00e9sio\" \/>\n<meta property=\"og:description\" content=\"O boletim epidemiol\u00f3gico da Covid-19 divulgado pela Secretaria de Sa\u00fade de Petrolina, informa que a taxa de ocupa\u00e7\u00e3o dos leitos de UTI desta quarta-feira (26), est\u00e1 em 90,2%. Dos 82 leitos, 74 est\u00e3o ocupados. 45 pacientes s\u00e3o de Petrolina e 29 de outras cidades da regi\u00e3o. &nbsp; Foram confirmados 186 novos casos, sendo 85 pessoas do sexo masculino, com idades de nove meses a 85 anos, e 101 do sexo feminino, com idades de dois a 82 anos. Dos resultados obtidos, 182 se deram atrav\u00e9s de exames realizados pela Prefeitura de Petrolina, os outros quatros foram por exames laboratoriais. Com isso, 27.328 pessoas j\u00e1 foram infectadas pelo novo coronav\u00edrus. O total de pacientes recuperados \u00e9 23.034, isso representa 84,3% do&hellip;\" \/>\n<meta property=\"og:url\" content=\"https:\/\/blogdofarnesio.com.br\/?p=286649\" \/>\n<meta property=\"og:site_name\" content=\"Blog do Farn\u00e9sio\" \/>\n<meta property=\"article:publisher\" content=\"https:\/\/www.facebook.com\/BlogQuerSaberPolitica\/\" \/>\n<meta property=\"article:published_time\" content=\"2021-05-27T14:59:50+00:00\" \/>\n<meta property=\"og:image\" content=\"https:\/\/blogdofarnesio.com.br\/wp-content\/uploads\/2021\/03\/blogqspcoronavirus-pixabay-2-868x644-1.jpg\" \/>\n\t<meta property=\"og:image:width\" content=\"868\" \/>\n\t<meta property=\"og:image:height\" content=\"644\" \/>\n\t<meta property=\"og:image:type\" content=\"image\/jpeg\" \/>\n<meta name=\"author\" content=\"Farn\u00e9sio\" \/>\n<meta name=\"twitter:card\" content=\"summary_large_image\" \/>\n<meta name=\"twitter:label1\" content=\"Escrito por\" \/>\n\t<meta name=\"twitter:data1\" content=\"Farn\u00e9sio\" \/>\n\t<meta name=\"twitter:label2\" content=\"Est. tempo de leitura\" \/>\n\t<meta name=\"twitter:data2\" content=\"1 minuto\" \/>\n<script type=\"application\/ld+json\" class=\"yoast-schema-graph\">{\"@context\":\"https:\\\/\\\/schema.org\",\"@graph\":[{\"@type\":\"Article\",\"@id\":\"https:\\\/\\\/blogdofarnesio.com.br\\\/?p=286649#article\",\"isPartOf\":{\"@id\":\"https:\\\/\\\/blogdofarnesio.com.br\\\/?p=286649\"},\"author\":{\"name\":\"Farn\u00e9sio\",\"@id\":\"https:\\\/\\\/blogdofarnesio.com.br\\\/#\\\/schema\\\/person\\\/301c4acf522bccbfdb45af95b5b906a1\"},\"headline\":\"Boletim desta quarta-feira confirma 186 novos casos do coronav\u00edrus em Petrolina\",\"datePublished\":\"2021-05-27T14:59:50+00:00\",\"mainEntityOfPage\":{\"@id\":\"https:\\\/\\\/blogdofarnesio.com.br\\\/?p=286649\"},\"wordCount\":286,\"publisher\":{\"@id\":\"https:\\\/\\\/blogdofarnesio.com.br\\\/#organization\"},\"image\":{\"@id\":\"https:\\\/\\\/blogdofarnesio.com.br\\\/?p=286649#primaryimage\"},\"thumbnailUrl\":\"https:\\\/\\\/blogdofarnesio.com.br\\\/wp-content\\\/uploads\\\/2021\\\/03\\\/blogqspcoronavirus-pixabay-2-868x644-1.jpg\",\"articleSection\":[\"Pol\u00edtica\"],\"inLanguage\":\"pt-BR\"},{\"@type\":\"WebPage\",\"@id\":\"https:\\\/\\\/blogdofarnesio.com.br\\\/?p=286649\",\"url\":\"https:\\\/\\\/blogdofarnesio.com.br\\\/?p=286649\",\"name\":\"Boletim desta quarta-feira confirma 186 novos casos do coronav\u00edrus em Petrolina - Blog do Farn\u00e9sio\",\"isPartOf\":{\"@id\":\"https:\\\/\\\/blogdofarnesio.com.br\\\/#website\"},\"primaryImageOfPage\":{\"@id\":\"https:\\\/\\\/blogdofarnesio.com.br\\\/?p=286649#primaryimage\"},\"image\":{\"@id\":\"https:\\\/\\\/blogdofarnesio.com.br\\\/?p=286649#primaryimage\"},\"thumbnailUrl\":\"https:\\\/\\\/blogdofarnesio.com.br\\\/wp-content\\\/uploads\\\/2021\\\/03\\\/blogqspcoronavirus-pixabay-2-868x644-1.jpg\",\"datePublished\":\"2021-05-27T14:59:50+00:00\",\"breadcrumb\":{\"@id\":\"https:\\\/\\\/blogdofarnesio.com.br\\\/?p=286649#breadcrumb\"},\"inLanguage\":\"pt-BR\",\"potentialAction\":[{\"@type\":\"ReadAction\",\"target\":[\"https:\\\/\\\/blogdofarnesio.com.br\\\/?p=286649\"]}]},{\"@type\":\"ImageObject\",\"inLanguage\":\"pt-BR\",\"@id\":\"https:\\\/\\\/blogdofarnesio.com.br\\\/?p=286649#primaryimage\",\"url\":\"https:\\\/\\\/blogdofarnesio.com.br\\\/wp-content\\\/uploads\\\/2021\\\/03\\\/blogqspcoronavirus-pixabay-2-868x644-1.jpg\",\"contentUrl\":\"https:\\\/\\\/blogdofarnesio.com.br\\\/wp-content\\\/uploads\\\/2021\\\/03\\\/blogqspcoronavirus-pixabay-2-868x644-1.jpg\",\"width\":868,\"height\":644},{\"@type\":\"BreadcrumbList\",\"@id\":\"https:\\\/\\\/blogdofarnesio.com.br\\\/?p=286649#breadcrumb\",\"itemListElement\":[{\"@type\":\"ListItem\",\"position\":1,\"name\":\"In\u00edcio\",\"item\":\"https:\\\/\\\/blogdofarnesio.com.br\\\/\"},{\"@type\":\"ListItem\",\"position\":2,\"name\":\"Boletim desta quarta-feira confirma 186 novos casos do coronav\u00edrus em Petrolina\"}]},{\"@type\":\"WebSite\",\"@id\":\"https:\\\/\\\/blogdofarnesio.com.br\\\/#website\",\"url\":\"https:\\\/\\\/blogdofarnesio.com.br\\\/\",\"name\":\"Blog do Farn\u00e9sio\",\"description\":\"Quer Saber Pol\u00edtica?\",\"publisher\":{\"@id\":\"https:\\\/\\\/blogdofarnesio.com.br\\\/#organization\"},\"potentialAction\":[{\"@type\":\"SearchAction\",\"target\":{\"@type\":\"EntryPoint\",\"urlTemplate\":\"https:\\\/\\\/blogdofarnesio.com.br\\\/?s={search_term_string}\"},\"query-input\":{\"@type\":\"PropertyValueSpecification\",\"valueRequired\":true,\"valueName\":\"search_term_string\"}}],\"inLanguage\":\"pt-BR\"},{\"@type\":\"Organization\",\"@id\":\"https:\\\/\\\/blogdofarnesio.com.br\\\/#organization\",\"name\":\"Blog do Farn\u00e9sio\",\"url\":\"https:\\\/\\\/blogdofarnesio.com.br\\\/\",\"logo\":{\"@type\":\"ImageObject\",\"inLanguage\":\"pt-BR\",\"@id\":\"https:\\\/\\\/blogdofarnesio.com.br\\\/#\\\/schema\\\/logo\\\/image\\\/\",\"url\":\"https:\\\/\\\/blogdofarnesio.com.br\\\/wp-content\\\/uploads\\\/2026\\\/03\\\/cropped-logo_new-1.png\",\"contentUrl\":\"https:\\\/\\\/blogdofarnesio.com.br\\\/wp-content\\\/uploads\\\/2026\\\/03\\\/cropped-logo_new-1.png\",\"width\":881,\"height\":685,\"caption\":\"Blog do Farn\u00e9sio\"},\"image\":{\"@id\":\"https:\\\/\\\/blogdofarnesio.com.br\\\/#\\\/schema\\\/logo\\\/image\\\/\"},\"sameAs\":[\"https:\\\/\\\/www.facebook.com\\\/BlogQuerSaberPolitica\\\/\"]},{\"@type\":\"Person\",\"@id\":\"https:\\\/\\\/blogdofarnesio.com.br\\\/#\\\/schema\\\/person\\\/301c4acf522bccbfdb45af95b5b906a1\",\"name\":\"Farn\u00e9sio\",\"image\":{\"@type\":\"ImageObject\",\"inLanguage\":\"pt-BR\",\"@id\":\"https:\\\/\\\/secure.gravatar.com\\\/avatar\\\/df0c9a14567c056f8ad6876ba5bbd1e3e2c48023eb6807342fc4663adf549f38?s=96&d=mm&r=g\",\"url\":\"https:\\\/\\\/secure.gravatar.com\\\/avatar\\\/df0c9a14567c056f8ad6876ba5bbd1e3e2c48023eb6807342fc4663adf549f38?s=96&d=mm&r=g\",\"contentUrl\":\"https:\\\/\\\/secure.gravatar.com\\\/avatar\\\/df0c9a14567c056f8ad6876ba5bbd1e3e2c48023eb6807342fc4663adf549f38?s=96&d=mm&r=g\",\"caption\":\"Farn\u00e9sio\"},\"sameAs\":[\"https:\\\/\\\/quersaberpolitica.com.br\"],\"url\":\"https:\\\/\\\/blogdofarnesio.com.br\\\/?author=1\"}]}<\/script>\n<!-- \/ Yoast SEO plugin. -->","yoast_head_json":{"title":"Boletim desta quarta-feira confirma 186 novos casos do coronav\u00edrus em Petrolina - Blog do Farn\u00e9sio","robots":{"index":"index","follow":"follow","max-snippet":"max-snippet:-1","max-image-preview":"max-image-preview:large","max-video-preview":"max-video-preview:-1"},"canonical":"https:\/\/blogdofarnesio.com.br\/?p=286649","og_locale":"pt_BR","og_type":"article","og_title":"Boletim desta quarta-feira confirma 186 novos casos do coronav\u00edrus em Petrolina - Blog do Farn\u00e9sio","og_description":"O boletim epidemiol\u00f3gico da Covid-19 divulgado pela Secretaria de Sa\u00fade de Petrolina, informa que a taxa de ocupa\u00e7\u00e3o dos leitos de UTI desta quarta-feira (26), est\u00e1 em 90,2%. Dos 82 leitos, 74 est\u00e3o ocupados. 45 pacientes s\u00e3o de Petrolina e 29 de outras cidades da regi\u00e3o. &nbsp; Foram confirmados 186 novos casos, sendo 85 pessoas do sexo masculino, com idades de nove meses a 85 anos, e 101 do sexo feminino, com idades de dois a 82 anos. Dos resultados obtidos, 182 se deram atrav\u00e9s de exames realizados pela Prefeitura de Petrolina, os outros quatros foram por exames laboratoriais. Com isso, 27.328 pessoas j\u00e1 foram infectadas pelo novo coronav\u00edrus. O total de pacientes recuperados \u00e9 23.034, isso representa 84,3% do&hellip;","og_url":"https:\/\/blogdofarnesio.com.br\/?p=286649","og_site_name":"Blog do Farn\u00e9sio","article_publisher":"https:\/\/www.facebook.com\/BlogQuerSaberPolitica\/","article_published_time":"2021-05-27T14:59:50+00:00","og_image":[{"width":868,"height":644,"url":"https:\/\/blogdofarnesio.com.br\/wp-content\/uploads\/2021\/03\/blogqspcoronavirus-pixabay-2-868x644-1.jpg","type":"image\/jpeg"}],"author":"Farn\u00e9sio","twitter_card":"summary_large_image","twitter_misc":{"Escrito por":"Farn\u00e9sio","Est. tempo de leitura":"1 minuto"},"schema":{"@context":"https:\/\/schema.org","@graph":[{"@type":"Article","@id":"https:\/\/blogdofarnesio.com.br\/?p=286649#article","isPartOf":{"@id":"https:\/\/blogdofarnesio.com.br\/?p=286649"},"author":{"name":"Farn\u00e9sio","@id":"https:\/\/blogdofarnesio.com.br\/#\/schema\/person\/301c4acf522bccbfdb45af95b5b906a1"},"headline":"Boletim desta quarta-feira confirma 186 novos casos do coronav\u00edrus em Petrolina","datePublished":"2021-05-27T14:59:50+00:00","mainEntityOfPage":{"@id":"https:\/\/blogdofarnesio.com.br\/?p=286649"},"wordCount":286,"publisher":{"@id":"https:\/\/blogdofarnesio.com.br\/#organization"},"image":{"@id":"https:\/\/blogdofarnesio.com.br\/?p=286649#primaryimage"},"thumbnailUrl":"https:\/\/blogdofarnesio.com.br\/wp-content\/uploads\/2021\/03\/blogqspcoronavirus-pixabay-2-868x644-1.jpg","articleSection":["Pol\u00edtica"],"inLanguage":"pt-BR"},{"@type":"WebPage","@id":"https:\/\/blogdofarnesio.com.br\/?p=286649","url":"https:\/\/blogdofarnesio.com.br\/?p=286649","name":"Boletim desta quarta-feira confirma 186 novos casos do coronav\u00edrus em Petrolina - Blog do Farn\u00e9sio","isPartOf":{"@id":"https:\/\/blogdofarnesio.com.br\/#website"},"primaryImageOfPage":{"@id":"https:\/\/blogdofarnesio.com.br\/?p=286649#primaryimage"},"image":{"@id":"https:\/\/blogdofarnesio.com.br\/?p=286649#primaryimage"},"thumbnailUrl":"https:\/\/blogdofarnesio.com.br\/wp-content\/uploads\/2021\/03\/blogqspcoronavirus-pixabay-2-868x644-1.jpg","datePublished":"2021-05-27T14:59:50+00:00","breadcrumb":{"@id":"https:\/\/blogdofarnesio.com.br\/?p=286649#breadcrumb"},"inLanguage":"pt-BR","potentialAction":[{"@type":"ReadAction","target":["https:\/\/blogdofarnesio.com.br\/?p=286649"]}]},{"@type":"ImageObject","inLanguage":"pt-BR","@id":"https:\/\/blogdofarnesio.com.br\/?p=286649#primaryimage","url":"https:\/\/blogdofarnesio.com.br\/wp-content\/uploads\/2021\/03\/blogqspcoronavirus-pixabay-2-868x644-1.jpg","contentUrl":"https:\/\/blogdofarnesio.com.br\/wp-content\/uploads\/2021\/03\/blogqspcoronavirus-pixabay-2-868x644-1.jpg","width":868,"height":644},{"@type":"BreadcrumbList","@id":"https:\/\/blogdofarnesio.com.br\/?p=286649#breadcrumb","itemListElement":[{"@type":"ListItem","position":1,"name":"In\u00edcio","item":"https:\/\/blogdofarnesio.com.br\/"},{"@type":"ListItem","position":2,"name":"Boletim desta quarta-feira confirma 186 novos casos do coronav\u00edrus em Petrolina"}]},{"@type":"WebSite","@id":"https:\/\/blogdofarnesio.com.br\/#website","url":"https:\/\/blogdofarnesio.com.br\/","name":"Blog do Farn\u00e9sio","description":"Quer Saber Pol\u00edtica?","publisher":{"@id":"https:\/\/blogdofarnesio.com.br\/#organization"},"potentialAction":[{"@type":"SearchAction","target":{"@type":"EntryPoint","urlTemplate":"https:\/\/blogdofarnesio.com.br\/?s={search_term_string}"},"query-input":{"@type":"PropertyValueSpecification","valueRequired":true,"valueName":"search_term_string"}}],"inLanguage":"pt-BR"},{"@type":"Organization","@id":"https:\/\/blogdofarnesio.com.br\/#organization","name":"Blog do Farn\u00e9sio","url":"https:\/\/blogdofarnesio.com.br\/","logo":{"@type":"ImageObject","inLanguage":"pt-BR","@id":"https:\/\/blogdofarnesio.com.br\/#\/schema\/logo\/image\/","url":"https:\/\/blogdofarnesio.com.br\/wp-content\/uploads\/2026\/03\/cropped-logo_new-1.png","contentUrl":"https:\/\/blogdofarnesio.com.br\/wp-content\/uploads\/2026\/03\/cropped-logo_new-1.png","width":881,"height":685,"caption":"Blog do Farn\u00e9sio"},"image":{"@id":"https:\/\/blogdofarnesio.com.br\/#\/schema\/logo\/image\/"},"sameAs":["https:\/\/www.facebook.com\/BlogQuerSaberPolitica\/"]},{"@type":"Person","@id":"https:\/\/blogdofarnesio.com.br\/#\/schema\/person\/301c4acf522bccbfdb45af95b5b906a1","name":"Farn\u00e9sio","image":{"@type":"ImageObject","inLanguage":"pt-BR","@id":"https:\/\/secure.gravatar.com\/avatar\/df0c9a14567c056f8ad6876ba5bbd1e3e2c48023eb6807342fc4663adf549f38?s=96&d=mm&r=g","url":"https:\/\/secure.gravatar.com\/avatar\/df0c9a14567c056f8ad6876ba5bbd1e3e2c48023eb6807342fc4663adf549f38?s=96&d=mm&r=g","contentUrl":"https:\/\/secure.gravatar.com\/avatar\/df0c9a14567c056f8ad6876ba5bbd1e3e2c48023eb6807342fc4663adf549f38?s=96&d=mm&r=g","caption":"Farn\u00e9sio"},"sameAs":["https:\/\/quersaberpolitica.com.br"],"url":"https:\/\/blogdofarnesio.com.br\/?author=1"}]}},"_links":{"self":[{"href":"https:\/\/blogdofarnesio.com.br\/index.php?rest_route=\/wp\/v2\/posts\/286649","targetHints":{"allow":["GET"]}}],"collection":[{"href":"https:\/\/blogdofarnesio.com.br\/index.php?rest_route=\/wp\/v2\/posts"}],"about":[{"href":"https:\/\/blogdofarnesio.com.br\/index.php?rest_route=\/wp\/v2\/types\/post"}],"author":[{"embeddable":true,"href":"https:\/\/blogdofarnesio.com.br\/index.php?rest_route=\/wp\/v2\/users\/1"}],"replies":[{"embeddable":true,"href":"https:\/\/blogdofarnesio.com.br\/index.php?rest_route=%2Fwp%2Fv2%2Fcomments&post=286649"}],"version-history":[{"count":0,"href":"https:\/\/blogdofarnesio.com.br\/index.php?rest_route=\/wp\/v2\/posts\/286649\/revisions"}],"wp:featuredmedia":[{"embeddable":true,"href":"https:\/\/blogdofarnesio.com.br\/index.php?rest_route=\/wp\/v2\/media\/280225"}],"wp:attachment":[{"href":"https:\/\/blogdofarnesio.com.br\/index.php?rest_route=%2Fwp%2Fv2%2Fmedia&parent=286649"}],"wp:term":[{"taxonomy":"category","embeddable":true,"href":"https:\/\/blogdofarnesio.com.br\/index.php?rest_route=%2Fwp%2Fv2%2Fcategories&post=286649"},{"taxonomy":"post_tag","embeddable":true,"href":"https:\/\/blogdofarnesio.com.br\/index.php?rest_route=%2Fwp%2Fv2%2Ftags&post=286649"}],"curies":[{"name":"wp","href":"https:\/\/api.w.org\/{rel}","templated":true}]}}