{"id":286646,"date":"2021-05-27T11:32:28","date_gmt":"2021-05-27T14:32:28","guid":{"rendered":"http:\/\/quersaberpolitica.com.br\/2016\/?p=286646"},"modified":"2021-05-27T08:42:42","modified_gmt":"2021-05-27T11:42:42","slug":"rejeicao-ao-governo-bolsonaro-volta-ao-recorde-de-59-aprovacao-e-de-35","status":"publish","type":"post","link":"https:\/\/blogdofarnesio.com.br\/?p=286646","title":{"rendered":"Rejei\u00e7\u00e3o ao governo Bolsonaro volta ao recorde de 59%; aprova\u00e7\u00e3o \u00e9 de 35%"},"content":{"rendered":"<h2 class=\"post-title\"><\/h2>\n<p><a href=\"https:\/\/i0.wp.com\/nilljunior.com.br\/wp-content\/uploads\/2021\/05\/pd-bolsonaro-drive-26-mai-2021-03-1710x2048.png?ssl=1\"><img loading=\"lazy\" decoding=\"async\" class=\"alignleft wp-image-204449\" src=\"https:\/\/i0.wp.com\/nilljunior.com.br\/wp-content\/uploads\/2021\/05\/pd-bolsonaro-drive-26-mai-2021-03-1710x2048.png?resize=400%2C479&amp;ssl=1\" sizes=\"auto, (max-width: 400px) 100vw, 400px\" srcset=\"https:\/\/i0.wp.com\/nilljunior.com.br\/wp-content\/uploads\/2021\/05\/pd-bolsonaro-drive-26-mai-2021-03-1710x2048.png?resize=1710%2C2048&amp;ssl=1 1710w, https:\/\/i0.wp.com\/nilljunior.com.br\/wp-content\/uploads\/2021\/05\/pd-bolsonaro-drive-26-mai-2021-03-1710x2048.png?resize=209%2C250&amp;ssl=1 209w, https:\/\/i0.wp.com\/nilljunior.com.br\/wp-content\/uploads\/2021\/05\/pd-bolsonaro-drive-26-mai-2021-03-1710x2048.png?resize=768%2C920&amp;ssl=1 768w, https:\/\/i0.wp.com\/nilljunior.com.br\/wp-content\/uploads\/2021\/05\/pd-bolsonaro-drive-26-mai-2021-03-1710x2048.png?resize=334%2C400&amp;ssl=1 334w\" alt=\"\" width=\"320\" height=\"383\" data-attachment-id=\"204449\" data-permalink=\"https:\/\/nilljunior.com.br\/rejeicao-ao-governo-bolsonaro-volta-ao-recorde-de-59-aprovacao-e-de-35\/pd-bolsonaro-drive-26-mai-2021-03-1710x2048\/\" data-orig-file=\"https:\/\/i0.wp.com\/nilljunior.com.br\/wp-content\/uploads\/2021\/05\/pd-bolsonaro-drive-26-mai-2021-03-1710x2048.png?fit=1710%2C2048&amp;ssl=1\" data-orig-size=\"1710,2048\" data-comments-opened=\"1\" data-image-meta=\"{&quot;aperture&quot;:&quot;0&quot;,&quot;credit&quot;:&quot;&quot;,&quot;camera&quot;:&quot;&quot;,&quot;caption&quot;:&quot;&quot;,&quot;created_timestamp&quot;:&quot;0&quot;,&quot;copyright&quot;:&quot;&quot;,&quot;focal_length&quot;:&quot;0&quot;,&quot;iso&quot;:&quot;0&quot;,&quot;shutter_speed&quot;:&quot;0&quot;,&quot;title&quot;:&quot;&quot;,&quot;orientation&quot;:&quot;0&quot;}\" data-image-title=\"pd-bolsonaro-drive-26-mai-2021-03-1710\u00d72048\" data-image-description=\"\" data-medium-file=\"https:\/\/i0.wp.com\/nilljunior.com.br\/wp-content\/uploads\/2021\/05\/pd-bolsonaro-drive-26-mai-2021-03-1710x2048.png?fit=209%2C250&amp;ssl=1\" data-large-file=\"https:\/\/i0.wp.com\/nilljunior.com.br\/wp-content\/uploads\/2021\/05\/pd-bolsonaro-drive-26-mai-2021-03-1710x2048.png?fit=334%2C400&amp;ssl=1\" \/><\/a><strong>Poder 360<\/strong><\/p>\n<p>Pesquisa\u00a0<b>PoderData<\/b>\u00a0realizada nesta semana (24 a 26) mostra que a reprova\u00e7\u00e3o ao governo do presidente Jair Bolsonaro voltou a subir e igualou o recorde de 59%, uma alta de 5 pontos percentuais em rela\u00e7\u00e3o a duas semanas antes.<\/p>\n<p>\u00c9 o maior n\u00edvel desde junho de 2020, quando essa pergunta passou a ser feita a cada 15 dias.<\/p>\n<p>A gest\u00e3o federal, no entanto, segue sendo bem avaliada por 35% dos brasileiros. Era 36% h\u00e1 duas semanas. A varia\u00e7\u00e3o se deu dentro da margem de erro, que \u00e9 de 2 pontos percentuais, para mais ou para menos.<\/p>\n<p>A pesquisa PoderData foi a primeira realizada com a CPI da Covid funcionando j\u00e1 de maneira plena, sobretudo depois de todos os depoimentos de ex-ministros da Sa\u00fade. A comiss\u00e3o tem produzido intenso conte\u00fado noticioso negativo sobre o governo Bolsonaro.<\/p>\n<p>Nesta semana, na segunda e ter\u00e7a-feira (24 e 25 de maio), o Jornal Nacional, na TV Globo, dedicou 6min16s e 7min48s, respectivamente, a reportagens sobre a investiga\u00e7\u00e3o no Senado. Al\u00e9m disso, teve mais 24 minutos somados, nos 2 dias, a respeito de fatos correlatos \u00e0 pandemia de coronav\u00edrus.<\/p>\n<p>O resultado indica que o notici\u00e1rio desfavor\u00e1vel n\u00e3o chega a perfurar o n\u00facleo de apoio mais pr\u00f3ximo do presidente. Mas teve impacto sobre o crescimento da desaprova\u00e7\u00e3o.<\/p>\n<p>Outro fen\u00f4meno notado nesta rodada do PoderData \u00e9 a redu\u00e7\u00e3o dos eleitores \u201cindiferentes\u201d, os que respondem n\u00e3o ter opini\u00e3o. H\u00e1 15 dias, 10% diziam n\u00e3o saber se aprovavam ou desaprovavam o governo Bolsonaro. Agora, s\u00e3o 6%.<\/p>\n<p>Os n\u00fameros de avalia\u00e7\u00e3o do trabalho pessoal do presidente tamb\u00e9m indicam um quadro de maior polariza\u00e7\u00e3o. Os brasileiros que consideram Bolsonaro \u201cregular\u201d eram 19% h\u00e1 duas semanas e passaram a ser 13%.<\/p>\n<p>J\u00e1 a propor\u00e7\u00e3o dos que avaliam seu trabalho pessoal como \u201cruim\u201d ou \u201cp\u00e9ssimo\u201d foi de 51% para 55%. Outros 28% dizem que o presidente \u00e9 \u201cbom\u201d ou \u201c\u00f3timo\u201d, mesmo n\u00famero da pesquisa anterior.<\/p>\n<p>Esta pesquisa foi realizada no per\u00edodo de 24 a 26 de maio de 2021 pelo PoderData, a divis\u00e3o de estudos estat\u00edsticos do Poder360. A divulga\u00e7\u00e3o do levantamento \u00e9 feita em parceria editorial com o Grupo Bandeirantes.<\/p>\n<p>Foram 2.500 entrevistas em 462 munic\u00edpios nas 27 unidades da Federa\u00e7\u00e3o. A margem de erro \u00e9 de 2 pontos percentuais, para mais ou para menos.<\/p>\n<p>Para chegar a 2.500 entrevistas que preencham proporcionalmente (conforme aparecem na sociedade) os grupos por sexo, idade, renda, escolaridade e localiza\u00e7\u00e3o geogr\u00e1fica, o PoderData faz dezenas de milhares de telefonemas. Muitas vezes, mais de 100 mil liga\u00e7\u00f5es at\u00e9 que sejam encontrados os entrevistados que representem de forma fiel o conjunto da popula\u00e7\u00e3o.<\/p>\n<p>DESTAQUES DEMOGR\u00c1FICOS: AVALIA\u00c7\u00c3O DO GOVERNO<\/p>\n<p>Os que t\u00eam de 16 a 24 anos (75% desse grupo), os moradores da regi\u00e3o Nordeste (66%) e os que ganham de 5 a 10 sal\u00e1rios m\u00ednimos (70%) s\u00e3o os estratos que mais rejeitam a administra\u00e7\u00e3o bolsonarista.<\/p>\n<p>J\u00e1 os que mais aprovam s\u00e3o: homens (40%), os que t\u00eam de 45 a 59 anos (43%) e os moradores da regi\u00e3o Norte (74%). Os demais grupos t\u00eam varia\u00e7\u00f5es que se igualam \u00e0 m\u00e9dia geral, considerando a margem de erro.<\/p>\n<p>DESTAQUES DEMOGR\u00c1FICOS: AVALIA\u00c7\u00c3O DO TRABALHO DE BOLSONARO<\/p>\n<p>O Poder360 destaca os seguintes recortes:<\/p>\n<p>sexo \u2013 35% dos homens aprovam o presidente; entre mulheres, a taxa \u00e9 de 22%;<\/p>\n<p>regi\u00e3o \u2013 62% da regi\u00e3o Sudeste rejeitam Bolsonaro; no Norte, taxa \u00e9 de 21%;<\/p>\n<p>renda \u2013 dos mais ricos (que ganham mais de 10 sal\u00e1rios m\u00ednimos), 63% rejeitam o presidente; taxa cai para 51% entre desempregados e para 50% entre os que ganham de 5 a 10 sal\u00e1rios m\u00ednimos.<\/p>\n","protected":false},"excerpt":{"rendered":"<p>Poder 360 Pesquisa\u00a0PoderData\u00a0realizada nesta semana (24 a 26) mostra que a reprova\u00e7\u00e3o ao governo do presidente Jair Bolsonaro voltou a subir e igualou o recorde de 59%, uma alta de 5 pontos percentuais em rela\u00e7\u00e3o a duas semanas antes. \u00c9 o maior n\u00edvel desde junho de 2020, quando essa pergunta passou a ser feita a cada 15 dias. A gest\u00e3o federal, no entanto, segue sendo bem avaliada por 35% dos brasileiros. Era 36% h\u00e1 duas semanas. A varia\u00e7\u00e3o se deu dentro da margem de erro, que \u00e9 de 2 pontos percentuais, para mais ou para menos. A pesquisa PoderData foi a primeira realizada com a CPI da Covid funcionando j\u00e1 de maneira plena, sobretudo depois de todos os depoimentos de&hellip; <\/p>\n","protected":false},"author":1,"featured_media":285796,"comment_status":"closed","ping_status":"closed","sticky":false,"template":"","format":"standard","meta":{"_acf_changed":false,"footnotes":""},"categories":[1],"tags":[],"class_list":["post-286646","post","type-post","status-publish","format-standard","has-post-thumbnail","hentry","category-politica"],"acf":[],"yoast_head":"<!-- This site is optimized with the Yoast SEO plugin v27.4 - https:\/\/yoast.com\/product\/yoast-seo-wordpress\/ -->\n<title>Rejei\u00e7\u00e3o ao governo Bolsonaro volta ao recorde de 59%; aprova\u00e7\u00e3o \u00e9 de 35% - Blog do Farn\u00e9sio<\/title>\n<meta name=\"robots\" content=\"index, follow, max-snippet:-1, max-image-preview:large, max-video-preview:-1\" \/>\n<link rel=\"canonical\" href=\"https:\/\/blogdofarnesio.com.br\/?p=286646\" \/>\n<meta property=\"og:locale\" content=\"pt_BR\" \/>\n<meta property=\"og:type\" content=\"article\" \/>\n<meta property=\"og:title\" content=\"Rejei\u00e7\u00e3o ao governo Bolsonaro volta ao recorde de 59%; aprova\u00e7\u00e3o \u00e9 de 35% - Blog do Farn\u00e9sio\" \/>\n<meta property=\"og:description\" content=\"Poder 360 Pesquisa\u00a0PoderData\u00a0realizada nesta semana (24 a 26) mostra que a reprova\u00e7\u00e3o ao governo do presidente Jair Bolsonaro voltou a subir e igualou o recorde de 59%, uma alta de 5 pontos percentuais em rela\u00e7\u00e3o a duas semanas antes. \u00c9 o maior n\u00edvel desde junho de 2020, quando essa pergunta passou a ser feita a cada 15 dias. A gest\u00e3o federal, no entanto, segue sendo bem avaliada por 35% dos brasileiros. Era 36% h\u00e1 duas semanas. A varia\u00e7\u00e3o se deu dentro da margem de erro, que \u00e9 de 2 pontos percentuais, para mais ou para menos. A pesquisa PoderData foi a primeira realizada com a CPI da Covid funcionando j\u00e1 de maneira plena, sobretudo depois de todos os depoimentos de&hellip;\" \/>\n<meta property=\"og:url\" content=\"https:\/\/blogdofarnesio.com.br\/?p=286646\" \/>\n<meta property=\"og:site_name\" content=\"Blog do Farn\u00e9sio\" \/>\n<meta property=\"article:publisher\" content=\"https:\/\/www.facebook.com\/BlogQuerSaberPolitica\/\" \/>\n<meta property=\"article:published_time\" content=\"2021-05-27T14:32:28+00:00\" \/>\n<meta property=\"og:image\" content=\"https:\/\/blogdofarnesio.com.br\/wp-content\/uploads\/2021\/05\/blogqspFbc-e-bolsonaro-750x450-1.jpg\" \/>\n\t<meta property=\"og:image:width\" content=\"750\" \/>\n\t<meta property=\"og:image:height\" content=\"450\" \/>\n\t<meta property=\"og:image:type\" content=\"image\/jpeg\" \/>\n<meta name=\"author\" content=\"Farn\u00e9sio\" \/>\n<meta name=\"twitter:card\" content=\"summary_large_image\" \/>\n<meta name=\"twitter:label1\" content=\"Escrito por\" \/>\n\t<meta name=\"twitter:data1\" content=\"Farn\u00e9sio\" \/>\n\t<meta name=\"twitter:label2\" content=\"Est. tempo de leitura\" \/>\n\t<meta name=\"twitter:data2\" content=\"3 minutos\" \/>\n<script type=\"application\/ld+json\" class=\"yoast-schema-graph\">{\"@context\":\"https:\\\/\\\/schema.org\",\"@graph\":[{\"@type\":\"Article\",\"@id\":\"https:\\\/\\\/blogdofarnesio.com.br\\\/?p=286646#article\",\"isPartOf\":{\"@id\":\"https:\\\/\\\/blogdofarnesio.com.br\\\/?p=286646\"},\"author\":{\"name\":\"Farn\u00e9sio\",\"@id\":\"https:\\\/\\\/blogdofarnesio.com.br\\\/#\\\/schema\\\/person\\\/301c4acf522bccbfdb45af95b5b906a1\"},\"headline\":\"Rejei\u00e7\u00e3o ao governo Bolsonaro volta ao recorde de 59%; aprova\u00e7\u00e3o \u00e9 de 35%\",\"datePublished\":\"2021-05-27T14:32:28+00:00\",\"mainEntityOfPage\":{\"@id\":\"https:\\\/\\\/blogdofarnesio.com.br\\\/?p=286646\"},\"wordCount\":596,\"publisher\":{\"@id\":\"https:\\\/\\\/blogdofarnesio.com.br\\\/#organization\"},\"image\":{\"@id\":\"https:\\\/\\\/blogdofarnesio.com.br\\\/?p=286646#primaryimage\"},\"thumbnailUrl\":\"https:\\\/\\\/blogdofarnesio.com.br\\\/wp-content\\\/uploads\\\/2021\\\/05\\\/blogqspFbc-e-bolsonaro-750x450-1.jpg\",\"articleSection\":[\"Pol\u00edtica\"],\"inLanguage\":\"pt-BR\"},{\"@type\":\"WebPage\",\"@id\":\"https:\\\/\\\/blogdofarnesio.com.br\\\/?p=286646\",\"url\":\"https:\\\/\\\/blogdofarnesio.com.br\\\/?p=286646\",\"name\":\"Rejei\u00e7\u00e3o ao governo Bolsonaro volta ao recorde de 59%; aprova\u00e7\u00e3o \u00e9 de 35% - Blog do Farn\u00e9sio\",\"isPartOf\":{\"@id\":\"https:\\\/\\\/blogdofarnesio.com.br\\\/#website\"},\"primaryImageOfPage\":{\"@id\":\"https:\\\/\\\/blogdofarnesio.com.br\\\/?p=286646#primaryimage\"},\"image\":{\"@id\":\"https:\\\/\\\/blogdofarnesio.com.br\\\/?p=286646#primaryimage\"},\"thumbnailUrl\":\"https:\\\/\\\/blogdofarnesio.com.br\\\/wp-content\\\/uploads\\\/2021\\\/05\\\/blogqspFbc-e-bolsonaro-750x450-1.jpg\",\"datePublished\":\"2021-05-27T14:32:28+00:00\",\"breadcrumb\":{\"@id\":\"https:\\\/\\\/blogdofarnesio.com.br\\\/?p=286646#breadcrumb\"},\"inLanguage\":\"pt-BR\",\"potentialAction\":[{\"@type\":\"ReadAction\",\"target\":[\"https:\\\/\\\/blogdofarnesio.com.br\\\/?p=286646\"]}]},{\"@type\":\"ImageObject\",\"inLanguage\":\"pt-BR\",\"@id\":\"https:\\\/\\\/blogdofarnesio.com.br\\\/?p=286646#primaryimage\",\"url\":\"https:\\\/\\\/blogdofarnesio.com.br\\\/wp-content\\\/uploads\\\/2021\\\/05\\\/blogqspFbc-e-bolsonaro-750x450-1.jpg\",\"contentUrl\":\"https:\\\/\\\/blogdofarnesio.com.br\\\/wp-content\\\/uploads\\\/2021\\\/05\\\/blogqspFbc-e-bolsonaro-750x450-1.jpg\",\"width\":750,\"height\":450},{\"@type\":\"BreadcrumbList\",\"@id\":\"https:\\\/\\\/blogdofarnesio.com.br\\\/?p=286646#breadcrumb\",\"itemListElement\":[{\"@type\":\"ListItem\",\"position\":1,\"name\":\"In\u00edcio\",\"item\":\"https:\\\/\\\/blogdofarnesio.com.br\\\/\"},{\"@type\":\"ListItem\",\"position\":2,\"name\":\"Rejei\u00e7\u00e3o ao governo Bolsonaro volta ao recorde de 59%; aprova\u00e7\u00e3o \u00e9 de 35%\"}]},{\"@type\":\"WebSite\",\"@id\":\"https:\\\/\\\/blogdofarnesio.com.br\\\/#website\",\"url\":\"https:\\\/\\\/blogdofarnesio.com.br\\\/\",\"name\":\"Blog do Farn\u00e9sio\",\"description\":\"Quer Saber Pol\u00edtica?\",\"publisher\":{\"@id\":\"https:\\\/\\\/blogdofarnesio.com.br\\\/#organization\"},\"potentialAction\":[{\"@type\":\"SearchAction\",\"target\":{\"@type\":\"EntryPoint\",\"urlTemplate\":\"https:\\\/\\\/blogdofarnesio.com.br\\\/?s={search_term_string}\"},\"query-input\":{\"@type\":\"PropertyValueSpecification\",\"valueRequired\":true,\"valueName\":\"search_term_string\"}}],\"inLanguage\":\"pt-BR\"},{\"@type\":\"Organization\",\"@id\":\"https:\\\/\\\/blogdofarnesio.com.br\\\/#organization\",\"name\":\"Blog do Farn\u00e9sio\",\"url\":\"https:\\\/\\\/blogdofarnesio.com.br\\\/\",\"logo\":{\"@type\":\"ImageObject\",\"inLanguage\":\"pt-BR\",\"@id\":\"https:\\\/\\\/blogdofarnesio.com.br\\\/#\\\/schema\\\/logo\\\/image\\\/\",\"url\":\"https:\\\/\\\/blogdofarnesio.com.br\\\/wp-content\\\/uploads\\\/2026\\\/03\\\/cropped-logo_new-1.png\",\"contentUrl\":\"https:\\\/\\\/blogdofarnesio.com.br\\\/wp-content\\\/uploads\\\/2026\\\/03\\\/cropped-logo_new-1.png\",\"width\":881,\"height\":685,\"caption\":\"Blog do Farn\u00e9sio\"},\"image\":{\"@id\":\"https:\\\/\\\/blogdofarnesio.com.br\\\/#\\\/schema\\\/logo\\\/image\\\/\"},\"sameAs\":[\"https:\\\/\\\/www.facebook.com\\\/BlogQuerSaberPolitica\\\/\"]},{\"@type\":\"Person\",\"@id\":\"https:\\\/\\\/blogdofarnesio.com.br\\\/#\\\/schema\\\/person\\\/301c4acf522bccbfdb45af95b5b906a1\",\"name\":\"Farn\u00e9sio\",\"image\":{\"@type\":\"ImageObject\",\"inLanguage\":\"pt-BR\",\"@id\":\"https:\\\/\\\/secure.gravatar.com\\\/avatar\\\/df0c9a14567c056f8ad6876ba5bbd1e3e2c48023eb6807342fc4663adf549f38?s=96&d=mm&r=g\",\"url\":\"https:\\\/\\\/secure.gravatar.com\\\/avatar\\\/df0c9a14567c056f8ad6876ba5bbd1e3e2c48023eb6807342fc4663adf549f38?s=96&d=mm&r=g\",\"contentUrl\":\"https:\\\/\\\/secure.gravatar.com\\\/avatar\\\/df0c9a14567c056f8ad6876ba5bbd1e3e2c48023eb6807342fc4663adf549f38?s=96&d=mm&r=g\",\"caption\":\"Farn\u00e9sio\"},\"sameAs\":[\"https:\\\/\\\/quersaberpolitica.com.br\"],\"url\":\"https:\\\/\\\/blogdofarnesio.com.br\\\/?author=1\"}]}<\/script>\n<!-- \/ Yoast SEO plugin. -->","yoast_head_json":{"title":"Rejei\u00e7\u00e3o ao governo Bolsonaro volta ao recorde de 59%; aprova\u00e7\u00e3o \u00e9 de 35% - Blog do Farn\u00e9sio","robots":{"index":"index","follow":"follow","max-snippet":"max-snippet:-1","max-image-preview":"max-image-preview:large","max-video-preview":"max-video-preview:-1"},"canonical":"https:\/\/blogdofarnesio.com.br\/?p=286646","og_locale":"pt_BR","og_type":"article","og_title":"Rejei\u00e7\u00e3o ao governo Bolsonaro volta ao recorde de 59%; aprova\u00e7\u00e3o \u00e9 de 35% - Blog do Farn\u00e9sio","og_description":"Poder 360 Pesquisa\u00a0PoderData\u00a0realizada nesta semana (24 a 26) mostra que a reprova\u00e7\u00e3o ao governo do presidente Jair Bolsonaro voltou a subir e igualou o recorde de 59%, uma alta de 5 pontos percentuais em rela\u00e7\u00e3o a duas semanas antes. \u00c9 o maior n\u00edvel desde junho de 2020, quando essa pergunta passou a ser feita a cada 15 dias. A gest\u00e3o federal, no entanto, segue sendo bem avaliada por 35% dos brasileiros. Era 36% h\u00e1 duas semanas. A varia\u00e7\u00e3o se deu dentro da margem de erro, que \u00e9 de 2 pontos percentuais, para mais ou para menos. A pesquisa PoderData foi a primeira realizada com a CPI da Covid funcionando j\u00e1 de maneira plena, sobretudo depois de todos os depoimentos de&hellip;","og_url":"https:\/\/blogdofarnesio.com.br\/?p=286646","og_site_name":"Blog do Farn\u00e9sio","article_publisher":"https:\/\/www.facebook.com\/BlogQuerSaberPolitica\/","article_published_time":"2021-05-27T14:32:28+00:00","og_image":[{"width":750,"height":450,"url":"https:\/\/blogdofarnesio.com.br\/wp-content\/uploads\/2021\/05\/blogqspFbc-e-bolsonaro-750x450-1.jpg","type":"image\/jpeg"}],"author":"Farn\u00e9sio","twitter_card":"summary_large_image","twitter_misc":{"Escrito por":"Farn\u00e9sio","Est. tempo de leitura":"3 minutos"},"schema":{"@context":"https:\/\/schema.org","@graph":[{"@type":"Article","@id":"https:\/\/blogdofarnesio.com.br\/?p=286646#article","isPartOf":{"@id":"https:\/\/blogdofarnesio.com.br\/?p=286646"},"author":{"name":"Farn\u00e9sio","@id":"https:\/\/blogdofarnesio.com.br\/#\/schema\/person\/301c4acf522bccbfdb45af95b5b906a1"},"headline":"Rejei\u00e7\u00e3o ao governo Bolsonaro volta ao recorde de 59%; aprova\u00e7\u00e3o \u00e9 de 35%","datePublished":"2021-05-27T14:32:28+00:00","mainEntityOfPage":{"@id":"https:\/\/blogdofarnesio.com.br\/?p=286646"},"wordCount":596,"publisher":{"@id":"https:\/\/blogdofarnesio.com.br\/#organization"},"image":{"@id":"https:\/\/blogdofarnesio.com.br\/?p=286646#primaryimage"},"thumbnailUrl":"https:\/\/blogdofarnesio.com.br\/wp-content\/uploads\/2021\/05\/blogqspFbc-e-bolsonaro-750x450-1.jpg","articleSection":["Pol\u00edtica"],"inLanguage":"pt-BR"},{"@type":"WebPage","@id":"https:\/\/blogdofarnesio.com.br\/?p=286646","url":"https:\/\/blogdofarnesio.com.br\/?p=286646","name":"Rejei\u00e7\u00e3o ao governo Bolsonaro volta ao recorde de 59%; aprova\u00e7\u00e3o \u00e9 de 35% - Blog do Farn\u00e9sio","isPartOf":{"@id":"https:\/\/blogdofarnesio.com.br\/#website"},"primaryImageOfPage":{"@id":"https:\/\/blogdofarnesio.com.br\/?p=286646#primaryimage"},"image":{"@id":"https:\/\/blogdofarnesio.com.br\/?p=286646#primaryimage"},"thumbnailUrl":"https:\/\/blogdofarnesio.com.br\/wp-content\/uploads\/2021\/05\/blogqspFbc-e-bolsonaro-750x450-1.jpg","datePublished":"2021-05-27T14:32:28+00:00","breadcrumb":{"@id":"https:\/\/blogdofarnesio.com.br\/?p=286646#breadcrumb"},"inLanguage":"pt-BR","potentialAction":[{"@type":"ReadAction","target":["https:\/\/blogdofarnesio.com.br\/?p=286646"]}]},{"@type":"ImageObject","inLanguage":"pt-BR","@id":"https:\/\/blogdofarnesio.com.br\/?p=286646#primaryimage","url":"https:\/\/blogdofarnesio.com.br\/wp-content\/uploads\/2021\/05\/blogqspFbc-e-bolsonaro-750x450-1.jpg","contentUrl":"https:\/\/blogdofarnesio.com.br\/wp-content\/uploads\/2021\/05\/blogqspFbc-e-bolsonaro-750x450-1.jpg","width":750,"height":450},{"@type":"BreadcrumbList","@id":"https:\/\/blogdofarnesio.com.br\/?p=286646#breadcrumb","itemListElement":[{"@type":"ListItem","position":1,"name":"In\u00edcio","item":"https:\/\/blogdofarnesio.com.br\/"},{"@type":"ListItem","position":2,"name":"Rejei\u00e7\u00e3o ao governo Bolsonaro volta ao recorde de 59%; aprova\u00e7\u00e3o \u00e9 de 35%"}]},{"@type":"WebSite","@id":"https:\/\/blogdofarnesio.com.br\/#website","url":"https:\/\/blogdofarnesio.com.br\/","name":"Blog do Farn\u00e9sio","description":"Quer Saber Pol\u00edtica?","publisher":{"@id":"https:\/\/blogdofarnesio.com.br\/#organization"},"potentialAction":[{"@type":"SearchAction","target":{"@type":"EntryPoint","urlTemplate":"https:\/\/blogdofarnesio.com.br\/?s={search_term_string}"},"query-input":{"@type":"PropertyValueSpecification","valueRequired":true,"valueName":"search_term_string"}}],"inLanguage":"pt-BR"},{"@type":"Organization","@id":"https:\/\/blogdofarnesio.com.br\/#organization","name":"Blog do Farn\u00e9sio","url":"https:\/\/blogdofarnesio.com.br\/","logo":{"@type":"ImageObject","inLanguage":"pt-BR","@id":"https:\/\/blogdofarnesio.com.br\/#\/schema\/logo\/image\/","url":"https:\/\/blogdofarnesio.com.br\/wp-content\/uploads\/2026\/03\/cropped-logo_new-1.png","contentUrl":"https:\/\/blogdofarnesio.com.br\/wp-content\/uploads\/2026\/03\/cropped-logo_new-1.png","width":881,"height":685,"caption":"Blog do Farn\u00e9sio"},"image":{"@id":"https:\/\/blogdofarnesio.com.br\/#\/schema\/logo\/image\/"},"sameAs":["https:\/\/www.facebook.com\/BlogQuerSaberPolitica\/"]},{"@type":"Person","@id":"https:\/\/blogdofarnesio.com.br\/#\/schema\/person\/301c4acf522bccbfdb45af95b5b906a1","name":"Farn\u00e9sio","image":{"@type":"ImageObject","inLanguage":"pt-BR","@id":"https:\/\/secure.gravatar.com\/avatar\/df0c9a14567c056f8ad6876ba5bbd1e3e2c48023eb6807342fc4663adf549f38?s=96&d=mm&r=g","url":"https:\/\/secure.gravatar.com\/avatar\/df0c9a14567c056f8ad6876ba5bbd1e3e2c48023eb6807342fc4663adf549f38?s=96&d=mm&r=g","contentUrl":"https:\/\/secure.gravatar.com\/avatar\/df0c9a14567c056f8ad6876ba5bbd1e3e2c48023eb6807342fc4663adf549f38?s=96&d=mm&r=g","caption":"Farn\u00e9sio"},"sameAs":["https:\/\/quersaberpolitica.com.br"],"url":"https:\/\/blogdofarnesio.com.br\/?author=1"}]}},"_links":{"self":[{"href":"https:\/\/blogdofarnesio.com.br\/index.php?rest_route=\/wp\/v2\/posts\/286646","targetHints":{"allow":["GET"]}}],"collection":[{"href":"https:\/\/blogdofarnesio.com.br\/index.php?rest_route=\/wp\/v2\/posts"}],"about":[{"href":"https:\/\/blogdofarnesio.com.br\/index.php?rest_route=\/wp\/v2\/types\/post"}],"author":[{"embeddable":true,"href":"https:\/\/blogdofarnesio.com.br\/index.php?rest_route=\/wp\/v2\/users\/1"}],"replies":[{"embeddable":true,"href":"https:\/\/blogdofarnesio.com.br\/index.php?rest_route=%2Fwp%2Fv2%2Fcomments&post=286646"}],"version-history":[{"count":0,"href":"https:\/\/blogdofarnesio.com.br\/index.php?rest_route=\/wp\/v2\/posts\/286646\/revisions"}],"wp:featuredmedia":[{"embeddable":true,"href":"https:\/\/blogdofarnesio.com.br\/index.php?rest_route=\/wp\/v2\/media\/285796"}],"wp:attachment":[{"href":"https:\/\/blogdofarnesio.com.br\/index.php?rest_route=%2Fwp%2Fv2%2Fmedia&parent=286646"}],"wp:term":[{"taxonomy":"category","embeddable":true,"href":"https:\/\/blogdofarnesio.com.br\/index.php?rest_route=%2Fwp%2Fv2%2Fcategories&post=286646"},{"taxonomy":"post_tag","embeddable":true,"href":"https:\/\/blogdofarnesio.com.br\/index.php?rest_route=%2Fwp%2Fv2%2Ftags&post=286646"}],"curies":[{"name":"wp","href":"https:\/\/api.w.org\/{rel}","templated":true}]}}