{"id":286625,"date":"2021-05-27T09:02:21","date_gmt":"2021-05-27T12:02:21","guid":{"rendered":"http:\/\/quersaberpolitica.com.br\/2016\/?p=286625"},"modified":"2021-05-26T19:51:01","modified_gmt":"2021-05-26T22:51:01","slug":"univasf-realiza-mudancas-em-departamentos-e-pro-reitorias","status":"publish","type":"post","link":"https:\/\/blogdofarnesio.com.br\/?p=286625","title":{"rendered":"Univasf realiza mudan\u00e7as em departamentos e pr\u00f3- reitorias"},"content":{"rendered":"<h1 class=\"documentFirstHeading\">Comunicado da Reitoria sobre reestrutura\u00e7\u00e3o administrativa<\/h1>\n<div>\n<p>A Reitoria\u00a0<i>Pro Tempore<\/i>\u00a0da Universidade Federal do Vale do S\u00e3o Francisco (Univasf) promoveu uma reestrutura\u00e7\u00e3o administrativa no per\u00edodo de 5 e 20 de maio \u00faltimo.<\/p>\n<p>A medida baseou-se num estudo diagn\u00f3stico iniciado no final de 2019 e coordenado pela sua ent\u00e3o Assessoria Especial de Gest\u00e3o com a participa\u00e7\u00e3o ativa das Pr\u00f3-reitorias de Gest\u00e3o e Or\u00e7amento (PROGEST), de Planejamento e Desenvolvimento Institucional (PROPLADI) e de Gest\u00e3o de Pessoas (PROGEPE); da Prefeitura Universit\u00e1ria (PU) e da Secretaria de Administra\u00e7\u00e3o (SECAD).<\/p>\n<p>Com a reestrutura\u00e7\u00e3o procurou-se adequar o fluxo dos processos de execu\u00e7\u00e3o da despesa or\u00e7ament\u00e1ria da Universidade com foco especial na otimiza\u00e7\u00e3o da tramita\u00e7\u00e3o de processos buscando melhorar o desempenho institucional na gest\u00e3o administrativa e or\u00e7ament\u00e1ria com destaque na gest\u00e3o de contratos.<\/p>\n<p>No elenco de altera\u00e7\u00f5es destacou-se a extin\u00e7\u00e3o da Secretaria de Administra\u00e7\u00e3o (Secad), unidade criada em 2013, que deixou de existir como setor e teve suas atribui\u00e7\u00f5es distribu\u00eddas para a PROPLADI e PROGEST integrando duas novas diretorias: Altera\u00e7\u00f5es e Formaliza\u00e7\u00f5es Contratuais (DAFC) e a de San\u00e7\u00f5es e Fiscaliza\u00e7\u00f5es Contratuais (DSAF). A PROGEST, que absorveu parte da demanda, tamb\u00e9m j\u00e1 conta uma nova unidade de apoio denominada de Departamento de Contabilidade e Custos (DCC), atuando em conjunto com os Departamentos de Or\u00e7amento e Financeiro e a Diretoria de Compras e Licita\u00e7\u00f5es.<\/p>\n<p>A medida efetivou substitui\u00e7\u00f5es nos principais cargos de comando em quatro das sete Pr\u00f3-reitorias e tamb\u00e9m na Secretaria de Educa\u00e7\u00e3o a Dist\u00e2ncia (Sead) e Prefeitura universit\u00e1ria. Assumiram os novos comandos os servidores Bruno Cezar Silva, que retorna ao cargo de pr\u00f3-reitor da PROPLADI, Sileide Neves, ex-chefe da Divis\u00e3o Administrativa do Hospital Universit\u00e1rio (HU) na Pr\u00f3-reitora de Gest\u00e3o e Or\u00e7amento, Patr\u00edcia Avello Nicola na Pr\u00f3-reitoria de Pesquisa, P\u00f3s-gradua\u00e7\u00e3o e Inova\u00e7\u00e3o, Marcos da Mota na Prefeitura Universit\u00e1ria e Ricardo Duarte na Secretaria de Educa\u00e7\u00e3o a Dist\u00e2ncia (SEAD).<\/p>\n<p>\u00c0 frente das novas diretorias da PROPLADI est\u00e3o Victor Amadeu, diretor da DAFC e Ana Gabriela Seabra, diretora da DSAF; Thiago Magalh\u00e3es na Diretoria de Desenvolvimento Institucional e Kleiton Andrade na Assessoria do Pr\u00f3-reitor.<\/p>\n<p>Na PROGEST Ant\u00f4nio Fernandes Correia assumiu o Departamento de Or\u00e7amento; Henrique da Gama, o Departamento Financeiro e Marcos Paulo Barros o rec\u00e9m criado DCC. Na Pr\u00f3-reitoria de Ensino (Proen), Alan Francisco Carvalho \u00e9 o atual diretor de Planejamento e Ensino, em substitui\u00e7\u00e3o a Ricardo Duarte que voltou a ocupar o cargo de Secret\u00e1rio da SEAD.<\/p>\n<p>Na Prefeitura Universit\u00e1ria outro setor de apoio \u00e0 gest\u00e3o universit\u00e1ria tamb\u00e9m conta com novo respons\u00e1vel pelo Departamento de Obras e Or\u00e7amento: Jos\u00e9 Edilson dos Santos.<\/p>\n<p>No Gabinete da Reitoria, Ant\u00f4nio Sabino Silva deixou o cargo de Assessor de Rela\u00e7\u00f5es Institucionais e assumiu a Assessoria Especial de Gest\u00e3o e Anderson Miranda a Assessoria de Rela\u00e7\u00f5es Institucionais do Desenvolvimento Regional e Empreendedorismo.<\/p>\n<p>Segundo o Pr\u00f3-reitor de Planejamento e Desenvolvimento Institucional, Bruno Cezar Silva, rec\u00e9m nomeado, a reestrutura\u00e7\u00e3o efetivada pela Reitoria tem como base a perspectiva de unificar os trabalhos de gest\u00e3o e fiscaliza\u00e7\u00e3o dos contratos da universidade. \u201cExistia um enorme gargalo nos servi\u00e7os nestas atividades-meio\u201d, disse. Entre os resultados esperados com a reforma, ele cita \u201cmaior fluidez e uniformidade nos procedimentos contratuais e acompanhamento dos contratos de compras, consumos e obras\u201d. Com a nova configura\u00e7\u00e3o e organiza\u00e7\u00e3o interna, a PROPLADI passou a contar com vinte e cinco subunidades, entre diretorias, departamentos, setores e outras.<\/p>\n<p>Para o Reitor\u00a0<i>Pro Tempore<\/i>\u00a0\u201ca efetiva\u00e7\u00e3o desta reestrutura\u00e7\u00e3o, baseada no resultado de um estudo diagn\u00f3stico pormenorizado, constitui-se num instrumento importante para imprimir uma governan\u00e7a mais eficiente e eficaz \u00e0 gest\u00e3o administrativa e program\u00e1tica da universidade, cada vez mais pressionada pelas restri\u00e7\u00f5es or\u00e7ament\u00e1rias e financeiras e marcos regulat\u00f3rios de controle externo que pressionam a nossa capacidade de entregarmos as atividades fim e os servi\u00e7os essenciais de manuten\u00e7\u00e3o e de assist\u00eancia \u00e0 nossa comunidade universit\u00e1ria, principalmente nesse per\u00edodo pand\u00eamico\u201d.<\/p>\n<p>&nbsp;<\/p>\n<p align=\"center\"><strong>Univasf | Reitoria pro tempore<\/strong><\/p>\n<\/div>\n","protected":false},"excerpt":{"rendered":"<p>Comunicado da Reitoria sobre reestrutura\u00e7\u00e3o administrativa A Reitoria\u00a0Pro Tempore\u00a0da Universidade Federal do Vale do S\u00e3o Francisco (Univasf) promoveu uma reestrutura\u00e7\u00e3o administrativa no per\u00edodo de 5 e 20 de maio \u00faltimo. A medida baseou-se num estudo diagn\u00f3stico iniciado no final de 2019 e coordenado pela sua ent\u00e3o Assessoria Especial de Gest\u00e3o com a participa\u00e7\u00e3o ativa das Pr\u00f3-reitorias de Gest\u00e3o e Or\u00e7amento (PROGEST), de Planejamento e Desenvolvimento Institucional (PROPLADI) e de Gest\u00e3o de Pessoas (PROGEPE); da Prefeitura Universit\u00e1ria (PU) e da Secretaria de Administra\u00e7\u00e3o (SECAD). Com a reestrutura\u00e7\u00e3o procurou-se adequar o fluxo dos processos de execu\u00e7\u00e3o da despesa or\u00e7ament\u00e1ria da Universidade com foco especial na otimiza\u00e7\u00e3o da tramita\u00e7\u00e3o de processos buscando melhorar o desempenho institucional na gest\u00e3o administrativa e or\u00e7ament\u00e1ria com destaque&hellip; <\/p>\n","protected":false},"author":1,"featured_media":282196,"comment_status":"closed","ping_status":"closed","sticky":false,"template":"","format":"standard","meta":{"_acf_changed":false,"footnotes":""},"categories":[6],"tags":[],"class_list":["post-286625","post","type-post","status-publish","format-standard","has-post-thumbnail","hentry","category-educacao"],"acf":[],"yoast_head":"<!-- This site is optimized with the Yoast SEO plugin v27.4 - https:\/\/yoast.com\/product\/yoast-seo-wordpress\/ -->\n<title>Univasf realiza mudan\u00e7as em departamentos e pr\u00f3- reitorias - Blog do Farn\u00e9sio<\/title>\n<meta name=\"robots\" content=\"index, follow, max-snippet:-1, max-image-preview:large, max-video-preview:-1\" \/>\n<link rel=\"canonical\" href=\"https:\/\/blogdofarnesio.com.br\/?p=286625\" \/>\n<meta property=\"og:locale\" content=\"pt_BR\" \/>\n<meta property=\"og:type\" content=\"article\" \/>\n<meta property=\"og:title\" content=\"Univasf realiza mudan\u00e7as em departamentos e pr\u00f3- reitorias - Blog do Farn\u00e9sio\" \/>\n<meta property=\"og:description\" content=\"Comunicado da Reitoria sobre reestrutura\u00e7\u00e3o administrativa A Reitoria\u00a0Pro Tempore\u00a0da Universidade Federal do Vale do S\u00e3o Francisco (Univasf) promoveu uma reestrutura\u00e7\u00e3o administrativa no per\u00edodo de 5 e 20 de maio \u00faltimo. A medida baseou-se num estudo diagn\u00f3stico iniciado no final de 2019 e coordenado pela sua ent\u00e3o Assessoria Especial de Gest\u00e3o com a participa\u00e7\u00e3o ativa das Pr\u00f3-reitorias de Gest\u00e3o e Or\u00e7amento (PROGEST), de Planejamento e Desenvolvimento Institucional (PROPLADI) e de Gest\u00e3o de Pessoas (PROGEPE); da Prefeitura Universit\u00e1ria (PU) e da Secretaria de Administra\u00e7\u00e3o (SECAD). Com a reestrutura\u00e7\u00e3o procurou-se adequar o fluxo dos processos de execu\u00e7\u00e3o da despesa or\u00e7ament\u00e1ria da Universidade com foco especial na otimiza\u00e7\u00e3o da tramita\u00e7\u00e3o de processos buscando melhorar o desempenho institucional na gest\u00e3o administrativa e or\u00e7ament\u00e1ria com destaque&hellip;\" \/>\n<meta property=\"og:url\" content=\"https:\/\/blogdofarnesio.com.br\/?p=286625\" \/>\n<meta property=\"og:site_name\" content=\"Blog do Farn\u00e9sio\" \/>\n<meta property=\"article:publisher\" content=\"https:\/\/www.facebook.com\/BlogQuerSaberPolitica\/\" \/>\n<meta property=\"article:published_time\" content=\"2021-05-27T12:02:21+00:00\" \/>\n<meta property=\"og:image\" content=\"https:\/\/blogdofarnesio.com.br\/wp-content\/uploads\/2021\/03\/blogqspunivasf-campus-petrolina-scaled-e1617228434934.jpg\" \/>\n\t<meta property=\"og:image:width\" content=\"760\" \/>\n\t<meta property=\"og:image:height\" content=\"509\" \/>\n\t<meta property=\"og:image:type\" content=\"image\/jpeg\" \/>\n<meta name=\"author\" content=\"Farn\u00e9sio\" \/>\n<meta name=\"twitter:card\" content=\"summary_large_image\" \/>\n<meta name=\"twitter:label1\" content=\"Escrito por\" \/>\n\t<meta name=\"twitter:data1\" content=\"Farn\u00e9sio\" \/>\n\t<meta name=\"twitter:label2\" content=\"Est. tempo de leitura\" \/>\n\t<meta name=\"twitter:data2\" content=\"4 minutos\" \/>\n<script type=\"application\/ld+json\" class=\"yoast-schema-graph\">{\"@context\":\"https:\\\/\\\/schema.org\",\"@graph\":[{\"@type\":\"Article\",\"@id\":\"https:\\\/\\\/blogdofarnesio.com.br\\\/?p=286625#article\",\"isPartOf\":{\"@id\":\"https:\\\/\\\/blogdofarnesio.com.br\\\/?p=286625\"},\"author\":{\"name\":\"Farn\u00e9sio\",\"@id\":\"https:\\\/\\\/blogdofarnesio.com.br\\\/#\\\/schema\\\/person\\\/301c4acf522bccbfdb45af95b5b906a1\"},\"headline\":\"Univasf realiza mudan\u00e7as em departamentos e pr\u00f3- reitorias\",\"datePublished\":\"2021-05-27T12:02:21+00:00\",\"mainEntityOfPage\":{\"@id\":\"https:\\\/\\\/blogdofarnesio.com.br\\\/?p=286625\"},\"wordCount\":724,\"publisher\":{\"@id\":\"https:\\\/\\\/blogdofarnesio.com.br\\\/#organization\"},\"image\":{\"@id\":\"https:\\\/\\\/blogdofarnesio.com.br\\\/?p=286625#primaryimage\"},\"thumbnailUrl\":\"https:\\\/\\\/blogdofarnesio.com.br\\\/wp-content\\\/uploads\\\/2021\\\/03\\\/blogqspunivasf-campus-petrolina-scaled-e1617228434934.jpg\",\"articleSection\":[\"Educa\u00e7\u00e3o\"],\"inLanguage\":\"pt-BR\"},{\"@type\":\"WebPage\",\"@id\":\"https:\\\/\\\/blogdofarnesio.com.br\\\/?p=286625\",\"url\":\"https:\\\/\\\/blogdofarnesio.com.br\\\/?p=286625\",\"name\":\"Univasf realiza mudan\u00e7as em departamentos e pr\u00f3- reitorias - Blog do Farn\u00e9sio\",\"isPartOf\":{\"@id\":\"https:\\\/\\\/blogdofarnesio.com.br\\\/#website\"},\"primaryImageOfPage\":{\"@id\":\"https:\\\/\\\/blogdofarnesio.com.br\\\/?p=286625#primaryimage\"},\"image\":{\"@id\":\"https:\\\/\\\/blogdofarnesio.com.br\\\/?p=286625#primaryimage\"},\"thumbnailUrl\":\"https:\\\/\\\/blogdofarnesio.com.br\\\/wp-content\\\/uploads\\\/2021\\\/03\\\/blogqspunivasf-campus-petrolina-scaled-e1617228434934.jpg\",\"datePublished\":\"2021-05-27T12:02:21+00:00\",\"breadcrumb\":{\"@id\":\"https:\\\/\\\/blogdofarnesio.com.br\\\/?p=286625#breadcrumb\"},\"inLanguage\":\"pt-BR\",\"potentialAction\":[{\"@type\":\"ReadAction\",\"target\":[\"https:\\\/\\\/blogdofarnesio.com.br\\\/?p=286625\"]}]},{\"@type\":\"ImageObject\",\"inLanguage\":\"pt-BR\",\"@id\":\"https:\\\/\\\/blogdofarnesio.com.br\\\/?p=286625#primaryimage\",\"url\":\"https:\\\/\\\/blogdofarnesio.com.br\\\/wp-content\\\/uploads\\\/2021\\\/03\\\/blogqspunivasf-campus-petrolina-scaled-e1617228434934.jpg\",\"contentUrl\":\"https:\\\/\\\/blogdofarnesio.com.br\\\/wp-content\\\/uploads\\\/2021\\\/03\\\/blogqspunivasf-campus-petrolina-scaled-e1617228434934.jpg\",\"width\":760,\"height\":509},{\"@type\":\"BreadcrumbList\",\"@id\":\"https:\\\/\\\/blogdofarnesio.com.br\\\/?p=286625#breadcrumb\",\"itemListElement\":[{\"@type\":\"ListItem\",\"position\":1,\"name\":\"In\u00edcio\",\"item\":\"https:\\\/\\\/blogdofarnesio.com.br\\\/\"},{\"@type\":\"ListItem\",\"position\":2,\"name\":\"Univasf realiza mudan\u00e7as em departamentos e pr\u00f3- reitorias\"}]},{\"@type\":\"WebSite\",\"@id\":\"https:\\\/\\\/blogdofarnesio.com.br\\\/#website\",\"url\":\"https:\\\/\\\/blogdofarnesio.com.br\\\/\",\"name\":\"Blog do Farn\u00e9sio\",\"description\":\"Quer Saber Pol\u00edtica?\",\"publisher\":{\"@id\":\"https:\\\/\\\/blogdofarnesio.com.br\\\/#organization\"},\"potentialAction\":[{\"@type\":\"SearchAction\",\"target\":{\"@type\":\"EntryPoint\",\"urlTemplate\":\"https:\\\/\\\/blogdofarnesio.com.br\\\/?s={search_term_string}\"},\"query-input\":{\"@type\":\"PropertyValueSpecification\",\"valueRequired\":true,\"valueName\":\"search_term_string\"}}],\"inLanguage\":\"pt-BR\"},{\"@type\":\"Organization\",\"@id\":\"https:\\\/\\\/blogdofarnesio.com.br\\\/#organization\",\"name\":\"Blog do Farn\u00e9sio\",\"url\":\"https:\\\/\\\/blogdofarnesio.com.br\\\/\",\"logo\":{\"@type\":\"ImageObject\",\"inLanguage\":\"pt-BR\",\"@id\":\"https:\\\/\\\/blogdofarnesio.com.br\\\/#\\\/schema\\\/logo\\\/image\\\/\",\"url\":\"https:\\\/\\\/blogdofarnesio.com.br\\\/wp-content\\\/uploads\\\/2026\\\/03\\\/cropped-logo_new-1.png\",\"contentUrl\":\"https:\\\/\\\/blogdofarnesio.com.br\\\/wp-content\\\/uploads\\\/2026\\\/03\\\/cropped-logo_new-1.png\",\"width\":881,\"height\":685,\"caption\":\"Blog do Farn\u00e9sio\"},\"image\":{\"@id\":\"https:\\\/\\\/blogdofarnesio.com.br\\\/#\\\/schema\\\/logo\\\/image\\\/\"},\"sameAs\":[\"https:\\\/\\\/www.facebook.com\\\/BlogQuerSaberPolitica\\\/\"]},{\"@type\":\"Person\",\"@id\":\"https:\\\/\\\/blogdofarnesio.com.br\\\/#\\\/schema\\\/person\\\/301c4acf522bccbfdb45af95b5b906a1\",\"name\":\"Farn\u00e9sio\",\"image\":{\"@type\":\"ImageObject\",\"inLanguage\":\"pt-BR\",\"@id\":\"https:\\\/\\\/secure.gravatar.com\\\/avatar\\\/df0c9a14567c056f8ad6876ba5bbd1e3e2c48023eb6807342fc4663adf549f38?s=96&d=mm&r=g\",\"url\":\"https:\\\/\\\/secure.gravatar.com\\\/avatar\\\/df0c9a14567c056f8ad6876ba5bbd1e3e2c48023eb6807342fc4663adf549f38?s=96&d=mm&r=g\",\"contentUrl\":\"https:\\\/\\\/secure.gravatar.com\\\/avatar\\\/df0c9a14567c056f8ad6876ba5bbd1e3e2c48023eb6807342fc4663adf549f38?s=96&d=mm&r=g\",\"caption\":\"Farn\u00e9sio\"},\"sameAs\":[\"https:\\\/\\\/quersaberpolitica.com.br\"],\"url\":\"https:\\\/\\\/blogdofarnesio.com.br\\\/?author=1\"}]}<\/script>\n<!-- \/ Yoast SEO plugin. -->","yoast_head_json":{"title":"Univasf realiza mudan\u00e7as em departamentos e pr\u00f3- reitorias - Blog do Farn\u00e9sio","robots":{"index":"index","follow":"follow","max-snippet":"max-snippet:-1","max-image-preview":"max-image-preview:large","max-video-preview":"max-video-preview:-1"},"canonical":"https:\/\/blogdofarnesio.com.br\/?p=286625","og_locale":"pt_BR","og_type":"article","og_title":"Univasf realiza mudan\u00e7as em departamentos e pr\u00f3- reitorias - Blog do Farn\u00e9sio","og_description":"Comunicado da Reitoria sobre reestrutura\u00e7\u00e3o administrativa A Reitoria\u00a0Pro Tempore\u00a0da Universidade Federal do Vale do S\u00e3o Francisco (Univasf) promoveu uma reestrutura\u00e7\u00e3o administrativa no per\u00edodo de 5 e 20 de maio \u00faltimo. A medida baseou-se num estudo diagn\u00f3stico iniciado no final de 2019 e coordenado pela sua ent\u00e3o Assessoria Especial de Gest\u00e3o com a participa\u00e7\u00e3o ativa das Pr\u00f3-reitorias de Gest\u00e3o e Or\u00e7amento (PROGEST), de Planejamento e Desenvolvimento Institucional (PROPLADI) e de Gest\u00e3o de Pessoas (PROGEPE); da Prefeitura Universit\u00e1ria (PU) e da Secretaria de Administra\u00e7\u00e3o (SECAD). Com a reestrutura\u00e7\u00e3o procurou-se adequar o fluxo dos processos de execu\u00e7\u00e3o da despesa or\u00e7ament\u00e1ria da Universidade com foco especial na otimiza\u00e7\u00e3o da tramita\u00e7\u00e3o de processos buscando melhorar o desempenho institucional na gest\u00e3o administrativa e or\u00e7ament\u00e1ria com destaque&hellip;","og_url":"https:\/\/blogdofarnesio.com.br\/?p=286625","og_site_name":"Blog do Farn\u00e9sio","article_publisher":"https:\/\/www.facebook.com\/BlogQuerSaberPolitica\/","article_published_time":"2021-05-27T12:02:21+00:00","og_image":[{"width":760,"height":509,"url":"https:\/\/blogdofarnesio.com.br\/wp-content\/uploads\/2021\/03\/blogqspunivasf-campus-petrolina-scaled-e1617228434934.jpg","type":"image\/jpeg"}],"author":"Farn\u00e9sio","twitter_card":"summary_large_image","twitter_misc":{"Escrito por":"Farn\u00e9sio","Est. tempo de leitura":"4 minutos"},"schema":{"@context":"https:\/\/schema.org","@graph":[{"@type":"Article","@id":"https:\/\/blogdofarnesio.com.br\/?p=286625#article","isPartOf":{"@id":"https:\/\/blogdofarnesio.com.br\/?p=286625"},"author":{"name":"Farn\u00e9sio","@id":"https:\/\/blogdofarnesio.com.br\/#\/schema\/person\/301c4acf522bccbfdb45af95b5b906a1"},"headline":"Univasf realiza mudan\u00e7as em departamentos e pr\u00f3- reitorias","datePublished":"2021-05-27T12:02:21+00:00","mainEntityOfPage":{"@id":"https:\/\/blogdofarnesio.com.br\/?p=286625"},"wordCount":724,"publisher":{"@id":"https:\/\/blogdofarnesio.com.br\/#organization"},"image":{"@id":"https:\/\/blogdofarnesio.com.br\/?p=286625#primaryimage"},"thumbnailUrl":"https:\/\/blogdofarnesio.com.br\/wp-content\/uploads\/2021\/03\/blogqspunivasf-campus-petrolina-scaled-e1617228434934.jpg","articleSection":["Educa\u00e7\u00e3o"],"inLanguage":"pt-BR"},{"@type":"WebPage","@id":"https:\/\/blogdofarnesio.com.br\/?p=286625","url":"https:\/\/blogdofarnesio.com.br\/?p=286625","name":"Univasf realiza mudan\u00e7as em departamentos e pr\u00f3- reitorias - Blog do Farn\u00e9sio","isPartOf":{"@id":"https:\/\/blogdofarnesio.com.br\/#website"},"primaryImageOfPage":{"@id":"https:\/\/blogdofarnesio.com.br\/?p=286625#primaryimage"},"image":{"@id":"https:\/\/blogdofarnesio.com.br\/?p=286625#primaryimage"},"thumbnailUrl":"https:\/\/blogdofarnesio.com.br\/wp-content\/uploads\/2021\/03\/blogqspunivasf-campus-petrolina-scaled-e1617228434934.jpg","datePublished":"2021-05-27T12:02:21+00:00","breadcrumb":{"@id":"https:\/\/blogdofarnesio.com.br\/?p=286625#breadcrumb"},"inLanguage":"pt-BR","potentialAction":[{"@type":"ReadAction","target":["https:\/\/blogdofarnesio.com.br\/?p=286625"]}]},{"@type":"ImageObject","inLanguage":"pt-BR","@id":"https:\/\/blogdofarnesio.com.br\/?p=286625#primaryimage","url":"https:\/\/blogdofarnesio.com.br\/wp-content\/uploads\/2021\/03\/blogqspunivasf-campus-petrolina-scaled-e1617228434934.jpg","contentUrl":"https:\/\/blogdofarnesio.com.br\/wp-content\/uploads\/2021\/03\/blogqspunivasf-campus-petrolina-scaled-e1617228434934.jpg","width":760,"height":509},{"@type":"BreadcrumbList","@id":"https:\/\/blogdofarnesio.com.br\/?p=286625#breadcrumb","itemListElement":[{"@type":"ListItem","position":1,"name":"In\u00edcio","item":"https:\/\/blogdofarnesio.com.br\/"},{"@type":"ListItem","position":2,"name":"Univasf realiza mudan\u00e7as em departamentos e pr\u00f3- reitorias"}]},{"@type":"WebSite","@id":"https:\/\/blogdofarnesio.com.br\/#website","url":"https:\/\/blogdofarnesio.com.br\/","name":"Blog do Farn\u00e9sio","description":"Quer Saber Pol\u00edtica?","publisher":{"@id":"https:\/\/blogdofarnesio.com.br\/#organization"},"potentialAction":[{"@type":"SearchAction","target":{"@type":"EntryPoint","urlTemplate":"https:\/\/blogdofarnesio.com.br\/?s={search_term_string}"},"query-input":{"@type":"PropertyValueSpecification","valueRequired":true,"valueName":"search_term_string"}}],"inLanguage":"pt-BR"},{"@type":"Organization","@id":"https:\/\/blogdofarnesio.com.br\/#organization","name":"Blog do Farn\u00e9sio","url":"https:\/\/blogdofarnesio.com.br\/","logo":{"@type":"ImageObject","inLanguage":"pt-BR","@id":"https:\/\/blogdofarnesio.com.br\/#\/schema\/logo\/image\/","url":"https:\/\/blogdofarnesio.com.br\/wp-content\/uploads\/2026\/03\/cropped-logo_new-1.png","contentUrl":"https:\/\/blogdofarnesio.com.br\/wp-content\/uploads\/2026\/03\/cropped-logo_new-1.png","width":881,"height":685,"caption":"Blog do Farn\u00e9sio"},"image":{"@id":"https:\/\/blogdofarnesio.com.br\/#\/schema\/logo\/image\/"},"sameAs":["https:\/\/www.facebook.com\/BlogQuerSaberPolitica\/"]},{"@type":"Person","@id":"https:\/\/blogdofarnesio.com.br\/#\/schema\/person\/301c4acf522bccbfdb45af95b5b906a1","name":"Farn\u00e9sio","image":{"@type":"ImageObject","inLanguage":"pt-BR","@id":"https:\/\/secure.gravatar.com\/avatar\/df0c9a14567c056f8ad6876ba5bbd1e3e2c48023eb6807342fc4663adf549f38?s=96&d=mm&r=g","url":"https:\/\/secure.gravatar.com\/avatar\/df0c9a14567c056f8ad6876ba5bbd1e3e2c48023eb6807342fc4663adf549f38?s=96&d=mm&r=g","contentUrl":"https:\/\/secure.gravatar.com\/avatar\/df0c9a14567c056f8ad6876ba5bbd1e3e2c48023eb6807342fc4663adf549f38?s=96&d=mm&r=g","caption":"Farn\u00e9sio"},"sameAs":["https:\/\/quersaberpolitica.com.br"],"url":"https:\/\/blogdofarnesio.com.br\/?author=1"}]}},"_links":{"self":[{"href":"https:\/\/blogdofarnesio.com.br\/index.php?rest_route=\/wp\/v2\/posts\/286625","targetHints":{"allow":["GET"]}}],"collection":[{"href":"https:\/\/blogdofarnesio.com.br\/index.php?rest_route=\/wp\/v2\/posts"}],"about":[{"href":"https:\/\/blogdofarnesio.com.br\/index.php?rest_route=\/wp\/v2\/types\/post"}],"author":[{"embeddable":true,"href":"https:\/\/blogdofarnesio.com.br\/index.php?rest_route=\/wp\/v2\/users\/1"}],"replies":[{"embeddable":true,"href":"https:\/\/blogdofarnesio.com.br\/index.php?rest_route=%2Fwp%2Fv2%2Fcomments&post=286625"}],"version-history":[{"count":0,"href":"https:\/\/blogdofarnesio.com.br\/index.php?rest_route=\/wp\/v2\/posts\/286625\/revisions"}],"wp:featuredmedia":[{"embeddable":true,"href":"https:\/\/blogdofarnesio.com.br\/index.php?rest_route=\/wp\/v2\/media\/282196"}],"wp:attachment":[{"href":"https:\/\/blogdofarnesio.com.br\/index.php?rest_route=%2Fwp%2Fv2%2Fmedia&parent=286625"}],"wp:term":[{"taxonomy":"category","embeddable":true,"href":"https:\/\/blogdofarnesio.com.br\/index.php?rest_route=%2Fwp%2Fv2%2Fcategories&post=286625"},{"taxonomy":"post_tag","embeddable":true,"href":"https:\/\/blogdofarnesio.com.br\/index.php?rest_route=%2Fwp%2Fv2%2Ftags&post=286625"}],"curies":[{"name":"wp","href":"https:\/\/api.w.org\/{rel}","templated":true}]}}