{"id":286606,"date":"2021-05-27T08:02:44","date_gmt":"2021-05-27T11:02:44","guid":{"rendered":"http:\/\/quersaberpolitica.com.br\/2016\/?p=286606"},"modified":"2021-05-26T16:33:38","modified_gmt":"2021-05-26T19:33:38","slug":"vestibular-aprovados-nao-aparecem-em-lista-e-uneb-manda-aguardar-2a-chamada","status":"publish","type":"post","link":"https:\/\/blogdofarnesio.com.br\/?p=286606","title":{"rendered":"Vestibular: Aprovados n\u00e3o aparecem em lista e Uneb manda aguardar 2\u00aa chamada"},"content":{"rendered":"<div class=\"box-title\">\n<p>por Ailma Teixeira\/BN &#8211;<\/p>\n<\/div>\n<div class=\"box-body\" data-io-article-url=\"https:\/\/www.bahianoticias.com.br\/\">\n<div class=\"text-descricao\">\n<p>Aprovados na primeira lista do Vestibular 2020 da Universidade do Estado da Bahia (Uneb), um grupo de estudantes procura entender por que tiveram seus nomes retirados da lista de convoca\u00e7\u00e3o para matr\u00edcula. Eles contam que foram convocados para o segundo semestre do ano passado &#8211; adiado, em decorr\u00eancia da pandemia &#8211; na lista divulgada em fevereiro de 2020. No entanto, ao retomar suas atividades, a Uneb divulgou uma nova lista referente a esse semestre, agora previsto para come\u00e7ar em agosto, onde n\u00e3o consta o nome de diversos alunos.<\/p>\n<p dir=\"ltr\">Su\u00e9len Belas, aprovada para o curso de Psicologia no campus de Salvador, diz que h\u00e1 pelo menos 34 colegas na mesma situa\u00e7\u00e3o. Segundo a lista divulgada no ano passado, eles foram aprovados para uma s\u00e9rie de cursos, como Medicina, Fisioterapia e Direito, nos v\u00e1rios campi da universidade.<\/p>\n<p dir=\"ltr\">&#8220;N\u00f3s fizemos o vestibular em dezembro de 2019, que \u00e9 o processo seletivo de 2020. A\u00ed em fevereiro saiu o resultado, onde constava meu nome, com a lista do primeiro e do segundo semestre. S\u00f3 que veio a pandemia, a Uneb parou suas atividades e parou essa quest\u00e3o de matr\u00edculas e tudo mais. No final do ano passado, em novembro, retomaram as aulas e as atividades de matr\u00edcula. Para o primeiro semestre, utilizaram a mesma lista, fizeram matr\u00edcula e tal e, a\u00ed quando foi agora, dia 5, divulgaram um edital de matr\u00edcula para as pessoas do segundo semestre, junto com uma nova lista. S\u00f3 que alguns nomes foram retirados e colocaram nomes de outras pessoas&#8221;, denuncia Su\u00e9len.<\/p>\n<p dir=\"ltr\">\n<p dir=\"ltr\"><a href=\"https:\/\/www.bahianoticias.com.br\/fotos\/principal_noticias\/259265\/mg\/suelen1.jpg\" target=\"_blank\" rel=\"noopener\"><img decoding=\"async\" src=\"https:\/\/www.bahianoticias.com.br\/fotos\/principal_noticias\/259265\/mg\/suelen1.jpg\" alt=\"\" \/><\/a><a href=\"https:\/\/www.bahianoticias.com.br\/fotos\/principal_noticias\/259265\/mg\/suelen2.jpg\" target=\"_blank\" rel=\"noopener\"><img decoding=\"async\" src=\"https:\/\/www.bahianoticias.com.br\/fotos\/principal_noticias\/259265\/mg\/suelen2.jpg\" alt=\"\" \/><\/a><\/p>\n<p dir=\"ltr\"><em>\u00c0 esquerda, a primeira lista, divulgada em 2020, e \u00e0 direita, a segunda | Imagens: PrintScreen\/ Listas de convoca\u00e7\u00e3o (clique para ampliar)<\/em><\/p>\n<p>&nbsp;<\/p>\n<p dir=\"ltr\">A situa\u00e7\u00e3o \u00e9 a mesma de Victoria Leite, aprovada para o curso de Fisioterapia, tamb\u00e9m em Salvador. &#8220;Estamos muito apreensivos com isso que est\u00e1 acontecendo e eles n\u00e3o se pronunciam. \u00c9 triste&#8221;, lamenta a estudante.<\/p>\n<p>&nbsp;<\/p>\n<p dir=\"ltr\">Su\u00e9len pontua que, desde ent\u00e3o, todos os vestibulandos prejudicados come\u00e7aram a mandar mensagens para a Uneb via redes sociais e tamb\u00e9m por e-mail. O Diret\u00f3rio Central dos Estudantes (DCE) tamb\u00e9m tentou ajudar, criando um formul\u00e1rio para que eles preenchessem e a situa\u00e7\u00e3o fosse intermediada com a institui\u00e7\u00e3o, mas ainda assim o problema n\u00e3o foi resolvido.<\/p>\n<p>&nbsp;<\/p>\n<p dir=\"ltr\">De acordo com Su\u00e9len, apenas no \u00faltimo dia 14, a institui\u00e7\u00e3o lhe enviou um e-mail de resposta. &#8220;Informamos que, de acordo com o banco de dados do Vestibular Uneb 2020 disponibilizado pelo setor respons\u00e1vel, voc\u00ea est\u00e1 classificado (a) na 27\u00aa coloca\u00e7\u00e3o entre os (as) candidatos (as) n\u00e3o optantes por cotas, no curso 125 &#8211; Psicologia &#8211; Bacharelado &#8211; Salvador &#8211; Diurno &#8211; 2\u00ba Semestre. A Uneb encontra-se atualmente realizando os procedimentos para ingresso dos candidatos (as) aprovados (as) para o segundo semestre de 2020, conforme cronograma divulgado no Edital n\u00ba 034\/3031, e identificamos que voc\u00ea ser\u00e1 convocado (a) na 2\u00aa chamada&#8221;, diz um trecho da resposta. O prazo de matr\u00edcula chegou ao fim na sexta-feira (21).<\/p>\n<p>&nbsp;<\/p>\n<p dir=\"ltr\">A estudante refuta essa coloca\u00e7\u00e3o, pois afirma ter sido aprovada na 21\u00aa posi\u00e7\u00e3o. Ainda assim, ela afirma estar apreensiva, j\u00e1 que as pr\u00f3ximas chamadas dependem do preenchimento de vagas nesta primeira, o que n\u00e3o garante que os demais alunos ser\u00e3o convocados.<\/p>\n<p>&nbsp;<\/p>\n<p dir=\"ltr\">O Bahia Not\u00edcias procura a Uneb desde a \u00faltima sexta, a fim de entender o que motivou a confus\u00e3o nas listas. No entanto, at\u00e9 o momento, n\u00e3o houve resposta.<\/p>\n<\/div>\n<\/div>\n","protected":false},"excerpt":{"rendered":"<p>por Ailma Teixeira\/BN &#8211; Aprovados na primeira lista do Vestibular 2020 da Universidade do Estado da Bahia (Uneb), um grupo de estudantes procura entender por que tiveram seus nomes retirados da lista de convoca\u00e7\u00e3o para matr\u00edcula. Eles contam que foram convocados para o segundo semestre do ano passado &#8211; adiado, em decorr\u00eancia da pandemia &#8211; na lista divulgada em fevereiro de 2020. No entanto, ao retomar suas atividades, a Uneb divulgou uma nova lista referente a esse semestre, agora previsto para come\u00e7ar em agosto, onde n\u00e3o consta o nome de diversos alunos. Su\u00e9len Belas, aprovada para o curso de Psicologia no campus de Salvador, diz que h\u00e1 pelo menos 34 colegas na mesma situa\u00e7\u00e3o. Segundo a lista divulgada no ano&hellip; <\/p>\n","protected":false},"author":1,"featured_media":164272,"comment_status":"closed","ping_status":"closed","sticky":false,"template":"","format":"standard","meta":{"_acf_changed":false,"footnotes":""},"categories":[6],"tags":[],"class_list":["post-286606","post","type-post","status-publish","format-standard","has-post-thumbnail","hentry","category-educacao"],"acf":[],"yoast_head":"<!-- This site is optimized with the Yoast SEO plugin v27.4 - https:\/\/yoast.com\/product\/yoast-seo-wordpress\/ -->\n<title>Vestibular: Aprovados n\u00e3o aparecem em lista e Uneb manda aguardar 2\u00aa chamada - Blog do Farn\u00e9sio<\/title>\n<meta name=\"robots\" content=\"index, follow, max-snippet:-1, max-image-preview:large, max-video-preview:-1\" \/>\n<link rel=\"canonical\" href=\"https:\/\/blogdofarnesio.com.br\/?p=286606\" \/>\n<meta property=\"og:locale\" content=\"pt_BR\" \/>\n<meta property=\"og:type\" content=\"article\" \/>\n<meta property=\"og:title\" content=\"Vestibular: Aprovados n\u00e3o aparecem em lista e Uneb manda aguardar 2\u00aa chamada - Blog do Farn\u00e9sio\" \/>\n<meta property=\"og:description\" content=\"por Ailma Teixeira\/BN &#8211; Aprovados na primeira lista do Vestibular 2020 da Universidade do Estado da Bahia (Uneb), um grupo de estudantes procura entender por que tiveram seus nomes retirados da lista de convoca\u00e7\u00e3o para matr\u00edcula. Eles contam que foram convocados para o segundo semestre do ano passado &#8211; adiado, em decorr\u00eancia da pandemia &#8211; na lista divulgada em fevereiro de 2020. No entanto, ao retomar suas atividades, a Uneb divulgou uma nova lista referente a esse semestre, agora previsto para come\u00e7ar em agosto, onde n\u00e3o consta o nome de diversos alunos. Su\u00e9len Belas, aprovada para o curso de Psicologia no campus de Salvador, diz que h\u00e1 pelo menos 34 colegas na mesma situa\u00e7\u00e3o. Segundo a lista divulgada no ano&hellip;\" \/>\n<meta property=\"og:url\" content=\"https:\/\/blogdofarnesio.com.br\/?p=286606\" \/>\n<meta property=\"og:site_name\" content=\"Blog do Farn\u00e9sio\" \/>\n<meta property=\"article:publisher\" content=\"https:\/\/www.facebook.com\/BlogQuerSaberPolitica\/\" \/>\n<meta property=\"article:published_time\" content=\"2021-05-27T11:02:44+00:00\" \/>\n<meta property=\"og:image\" content=\"https:\/\/blogdofarnesio.com.br\/wp-content\/uploads\/2017\/04\/blogqspuneb.jpg\" \/>\n\t<meta property=\"og:image:width\" content=\"380\" \/>\n\t<meta property=\"og:image:height\" content=\"280\" \/>\n\t<meta property=\"og:image:type\" content=\"image\/jpeg\" \/>\n<meta name=\"author\" content=\"Farn\u00e9sio\" \/>\n<meta name=\"twitter:card\" content=\"summary_large_image\" \/>\n<meta name=\"twitter:label1\" content=\"Escrito por\" \/>\n\t<meta name=\"twitter:data1\" content=\"Farn\u00e9sio\" \/>\n\t<meta name=\"twitter:label2\" content=\"Est. tempo de leitura\" \/>\n\t<meta name=\"twitter:data2\" content=\"3 minutos\" \/>\n<script type=\"application\/ld+json\" class=\"yoast-schema-graph\">{\"@context\":\"https:\\\/\\\/schema.org\",\"@graph\":[{\"@type\":\"Article\",\"@id\":\"https:\\\/\\\/blogdofarnesio.com.br\\\/?p=286606#article\",\"isPartOf\":{\"@id\":\"https:\\\/\\\/blogdofarnesio.com.br\\\/?p=286606\"},\"author\":{\"name\":\"Farn\u00e9sio\",\"@id\":\"https:\\\/\\\/blogdofarnesio.com.br\\\/#\\\/schema\\\/person\\\/301c4acf522bccbfdb45af95b5b906a1\"},\"headline\":\"Vestibular: Aprovados n\u00e3o aparecem em lista e Uneb manda aguardar 2\u00aa chamada\",\"datePublished\":\"2021-05-27T11:02:44+00:00\",\"mainEntityOfPage\":{\"@id\":\"https:\\\/\\\/blogdofarnesio.com.br\\\/?p=286606\"},\"wordCount\":593,\"publisher\":{\"@id\":\"https:\\\/\\\/blogdofarnesio.com.br\\\/#organization\"},\"image\":{\"@id\":\"https:\\\/\\\/blogdofarnesio.com.br\\\/?p=286606#primaryimage\"},\"thumbnailUrl\":\"https:\\\/\\\/blogdofarnesio.com.br\\\/wp-content\\\/uploads\\\/2017\\\/04\\\/blogqspuneb.jpg\",\"articleSection\":[\"Educa\u00e7\u00e3o\"],\"inLanguage\":\"pt-BR\"},{\"@type\":\"WebPage\",\"@id\":\"https:\\\/\\\/blogdofarnesio.com.br\\\/?p=286606\",\"url\":\"https:\\\/\\\/blogdofarnesio.com.br\\\/?p=286606\",\"name\":\"Vestibular: Aprovados n\u00e3o aparecem em lista e Uneb manda aguardar 2\u00aa chamada - Blog do Farn\u00e9sio\",\"isPartOf\":{\"@id\":\"https:\\\/\\\/blogdofarnesio.com.br\\\/#website\"},\"primaryImageOfPage\":{\"@id\":\"https:\\\/\\\/blogdofarnesio.com.br\\\/?p=286606#primaryimage\"},\"image\":{\"@id\":\"https:\\\/\\\/blogdofarnesio.com.br\\\/?p=286606#primaryimage\"},\"thumbnailUrl\":\"https:\\\/\\\/blogdofarnesio.com.br\\\/wp-content\\\/uploads\\\/2017\\\/04\\\/blogqspuneb.jpg\",\"datePublished\":\"2021-05-27T11:02:44+00:00\",\"breadcrumb\":{\"@id\":\"https:\\\/\\\/blogdofarnesio.com.br\\\/?p=286606#breadcrumb\"},\"inLanguage\":\"pt-BR\",\"potentialAction\":[{\"@type\":\"ReadAction\",\"target\":[\"https:\\\/\\\/blogdofarnesio.com.br\\\/?p=286606\"]}]},{\"@type\":\"ImageObject\",\"inLanguage\":\"pt-BR\",\"@id\":\"https:\\\/\\\/blogdofarnesio.com.br\\\/?p=286606#primaryimage\",\"url\":\"https:\\\/\\\/blogdofarnesio.com.br\\\/wp-content\\\/uploads\\\/2017\\\/04\\\/blogqspuneb.jpg\",\"contentUrl\":\"https:\\\/\\\/blogdofarnesio.com.br\\\/wp-content\\\/uploads\\\/2017\\\/04\\\/blogqspuneb.jpg\",\"width\":380,\"height\":280},{\"@type\":\"BreadcrumbList\",\"@id\":\"https:\\\/\\\/blogdofarnesio.com.br\\\/?p=286606#breadcrumb\",\"itemListElement\":[{\"@type\":\"ListItem\",\"position\":1,\"name\":\"In\u00edcio\",\"item\":\"https:\\\/\\\/blogdofarnesio.com.br\\\/\"},{\"@type\":\"ListItem\",\"position\":2,\"name\":\"Vestibular: Aprovados n\u00e3o aparecem em lista e Uneb manda aguardar 2\u00aa chamada\"}]},{\"@type\":\"WebSite\",\"@id\":\"https:\\\/\\\/blogdofarnesio.com.br\\\/#website\",\"url\":\"https:\\\/\\\/blogdofarnesio.com.br\\\/\",\"name\":\"Blog do Farn\u00e9sio\",\"description\":\"Quer Saber Pol\u00edtica?\",\"publisher\":{\"@id\":\"https:\\\/\\\/blogdofarnesio.com.br\\\/#organization\"},\"potentialAction\":[{\"@type\":\"SearchAction\",\"target\":{\"@type\":\"EntryPoint\",\"urlTemplate\":\"https:\\\/\\\/blogdofarnesio.com.br\\\/?s={search_term_string}\"},\"query-input\":{\"@type\":\"PropertyValueSpecification\",\"valueRequired\":true,\"valueName\":\"search_term_string\"}}],\"inLanguage\":\"pt-BR\"},{\"@type\":\"Organization\",\"@id\":\"https:\\\/\\\/blogdofarnesio.com.br\\\/#organization\",\"name\":\"Blog do Farn\u00e9sio\",\"url\":\"https:\\\/\\\/blogdofarnesio.com.br\\\/\",\"logo\":{\"@type\":\"ImageObject\",\"inLanguage\":\"pt-BR\",\"@id\":\"https:\\\/\\\/blogdofarnesio.com.br\\\/#\\\/schema\\\/logo\\\/image\\\/\",\"url\":\"https:\\\/\\\/blogdofarnesio.com.br\\\/wp-content\\\/uploads\\\/2026\\\/03\\\/cropped-logo_new-1.png\",\"contentUrl\":\"https:\\\/\\\/blogdofarnesio.com.br\\\/wp-content\\\/uploads\\\/2026\\\/03\\\/cropped-logo_new-1.png\",\"width\":881,\"height\":685,\"caption\":\"Blog do Farn\u00e9sio\"},\"image\":{\"@id\":\"https:\\\/\\\/blogdofarnesio.com.br\\\/#\\\/schema\\\/logo\\\/image\\\/\"},\"sameAs\":[\"https:\\\/\\\/www.facebook.com\\\/BlogQuerSaberPolitica\\\/\"]},{\"@type\":\"Person\",\"@id\":\"https:\\\/\\\/blogdofarnesio.com.br\\\/#\\\/schema\\\/person\\\/301c4acf522bccbfdb45af95b5b906a1\",\"name\":\"Farn\u00e9sio\",\"image\":{\"@type\":\"ImageObject\",\"inLanguage\":\"pt-BR\",\"@id\":\"https:\\\/\\\/secure.gravatar.com\\\/avatar\\\/df0c9a14567c056f8ad6876ba5bbd1e3e2c48023eb6807342fc4663adf549f38?s=96&d=mm&r=g\",\"url\":\"https:\\\/\\\/secure.gravatar.com\\\/avatar\\\/df0c9a14567c056f8ad6876ba5bbd1e3e2c48023eb6807342fc4663adf549f38?s=96&d=mm&r=g\",\"contentUrl\":\"https:\\\/\\\/secure.gravatar.com\\\/avatar\\\/df0c9a14567c056f8ad6876ba5bbd1e3e2c48023eb6807342fc4663adf549f38?s=96&d=mm&r=g\",\"caption\":\"Farn\u00e9sio\"},\"sameAs\":[\"https:\\\/\\\/quersaberpolitica.com.br\"],\"url\":\"https:\\\/\\\/blogdofarnesio.com.br\\\/?author=1\"}]}<\/script>\n<!-- \/ Yoast SEO plugin. -->","yoast_head_json":{"title":"Vestibular: Aprovados n\u00e3o aparecem em lista e Uneb manda aguardar 2\u00aa chamada - Blog do Farn\u00e9sio","robots":{"index":"index","follow":"follow","max-snippet":"max-snippet:-1","max-image-preview":"max-image-preview:large","max-video-preview":"max-video-preview:-1"},"canonical":"https:\/\/blogdofarnesio.com.br\/?p=286606","og_locale":"pt_BR","og_type":"article","og_title":"Vestibular: Aprovados n\u00e3o aparecem em lista e Uneb manda aguardar 2\u00aa chamada - Blog do Farn\u00e9sio","og_description":"por Ailma Teixeira\/BN &#8211; Aprovados na primeira lista do Vestibular 2020 da Universidade do Estado da Bahia (Uneb), um grupo de estudantes procura entender por que tiveram seus nomes retirados da lista de convoca\u00e7\u00e3o para matr\u00edcula. Eles contam que foram convocados para o segundo semestre do ano passado &#8211; adiado, em decorr\u00eancia da pandemia &#8211; na lista divulgada em fevereiro de 2020. No entanto, ao retomar suas atividades, a Uneb divulgou uma nova lista referente a esse semestre, agora previsto para come\u00e7ar em agosto, onde n\u00e3o consta o nome de diversos alunos. Su\u00e9len Belas, aprovada para o curso de Psicologia no campus de Salvador, diz que h\u00e1 pelo menos 34 colegas na mesma situa\u00e7\u00e3o. Segundo a lista divulgada no ano&hellip;","og_url":"https:\/\/blogdofarnesio.com.br\/?p=286606","og_site_name":"Blog do Farn\u00e9sio","article_publisher":"https:\/\/www.facebook.com\/BlogQuerSaberPolitica\/","article_published_time":"2021-05-27T11:02:44+00:00","og_image":[{"width":380,"height":280,"url":"https:\/\/blogdofarnesio.com.br\/wp-content\/uploads\/2017\/04\/blogqspuneb.jpg","type":"image\/jpeg"}],"author":"Farn\u00e9sio","twitter_card":"summary_large_image","twitter_misc":{"Escrito por":"Farn\u00e9sio","Est. tempo de leitura":"3 minutos"},"schema":{"@context":"https:\/\/schema.org","@graph":[{"@type":"Article","@id":"https:\/\/blogdofarnesio.com.br\/?p=286606#article","isPartOf":{"@id":"https:\/\/blogdofarnesio.com.br\/?p=286606"},"author":{"name":"Farn\u00e9sio","@id":"https:\/\/blogdofarnesio.com.br\/#\/schema\/person\/301c4acf522bccbfdb45af95b5b906a1"},"headline":"Vestibular: Aprovados n\u00e3o aparecem em lista e Uneb manda aguardar 2\u00aa chamada","datePublished":"2021-05-27T11:02:44+00:00","mainEntityOfPage":{"@id":"https:\/\/blogdofarnesio.com.br\/?p=286606"},"wordCount":593,"publisher":{"@id":"https:\/\/blogdofarnesio.com.br\/#organization"},"image":{"@id":"https:\/\/blogdofarnesio.com.br\/?p=286606#primaryimage"},"thumbnailUrl":"https:\/\/blogdofarnesio.com.br\/wp-content\/uploads\/2017\/04\/blogqspuneb.jpg","articleSection":["Educa\u00e7\u00e3o"],"inLanguage":"pt-BR"},{"@type":"WebPage","@id":"https:\/\/blogdofarnesio.com.br\/?p=286606","url":"https:\/\/blogdofarnesio.com.br\/?p=286606","name":"Vestibular: Aprovados n\u00e3o aparecem em lista e Uneb manda aguardar 2\u00aa chamada - Blog do Farn\u00e9sio","isPartOf":{"@id":"https:\/\/blogdofarnesio.com.br\/#website"},"primaryImageOfPage":{"@id":"https:\/\/blogdofarnesio.com.br\/?p=286606#primaryimage"},"image":{"@id":"https:\/\/blogdofarnesio.com.br\/?p=286606#primaryimage"},"thumbnailUrl":"https:\/\/blogdofarnesio.com.br\/wp-content\/uploads\/2017\/04\/blogqspuneb.jpg","datePublished":"2021-05-27T11:02:44+00:00","breadcrumb":{"@id":"https:\/\/blogdofarnesio.com.br\/?p=286606#breadcrumb"},"inLanguage":"pt-BR","potentialAction":[{"@type":"ReadAction","target":["https:\/\/blogdofarnesio.com.br\/?p=286606"]}]},{"@type":"ImageObject","inLanguage":"pt-BR","@id":"https:\/\/blogdofarnesio.com.br\/?p=286606#primaryimage","url":"https:\/\/blogdofarnesio.com.br\/wp-content\/uploads\/2017\/04\/blogqspuneb.jpg","contentUrl":"https:\/\/blogdofarnesio.com.br\/wp-content\/uploads\/2017\/04\/blogqspuneb.jpg","width":380,"height":280},{"@type":"BreadcrumbList","@id":"https:\/\/blogdofarnesio.com.br\/?p=286606#breadcrumb","itemListElement":[{"@type":"ListItem","position":1,"name":"In\u00edcio","item":"https:\/\/blogdofarnesio.com.br\/"},{"@type":"ListItem","position":2,"name":"Vestibular: Aprovados n\u00e3o aparecem em lista e Uneb manda aguardar 2\u00aa chamada"}]},{"@type":"WebSite","@id":"https:\/\/blogdofarnesio.com.br\/#website","url":"https:\/\/blogdofarnesio.com.br\/","name":"Blog do Farn\u00e9sio","description":"Quer Saber Pol\u00edtica?","publisher":{"@id":"https:\/\/blogdofarnesio.com.br\/#organization"},"potentialAction":[{"@type":"SearchAction","target":{"@type":"EntryPoint","urlTemplate":"https:\/\/blogdofarnesio.com.br\/?s={search_term_string}"},"query-input":{"@type":"PropertyValueSpecification","valueRequired":true,"valueName":"search_term_string"}}],"inLanguage":"pt-BR"},{"@type":"Organization","@id":"https:\/\/blogdofarnesio.com.br\/#organization","name":"Blog do Farn\u00e9sio","url":"https:\/\/blogdofarnesio.com.br\/","logo":{"@type":"ImageObject","inLanguage":"pt-BR","@id":"https:\/\/blogdofarnesio.com.br\/#\/schema\/logo\/image\/","url":"https:\/\/blogdofarnesio.com.br\/wp-content\/uploads\/2026\/03\/cropped-logo_new-1.png","contentUrl":"https:\/\/blogdofarnesio.com.br\/wp-content\/uploads\/2026\/03\/cropped-logo_new-1.png","width":881,"height":685,"caption":"Blog do Farn\u00e9sio"},"image":{"@id":"https:\/\/blogdofarnesio.com.br\/#\/schema\/logo\/image\/"},"sameAs":["https:\/\/www.facebook.com\/BlogQuerSaberPolitica\/"]},{"@type":"Person","@id":"https:\/\/blogdofarnesio.com.br\/#\/schema\/person\/301c4acf522bccbfdb45af95b5b906a1","name":"Farn\u00e9sio","image":{"@type":"ImageObject","inLanguage":"pt-BR","@id":"https:\/\/secure.gravatar.com\/avatar\/df0c9a14567c056f8ad6876ba5bbd1e3e2c48023eb6807342fc4663adf549f38?s=96&d=mm&r=g","url":"https:\/\/secure.gravatar.com\/avatar\/df0c9a14567c056f8ad6876ba5bbd1e3e2c48023eb6807342fc4663adf549f38?s=96&d=mm&r=g","contentUrl":"https:\/\/secure.gravatar.com\/avatar\/df0c9a14567c056f8ad6876ba5bbd1e3e2c48023eb6807342fc4663adf549f38?s=96&d=mm&r=g","caption":"Farn\u00e9sio"},"sameAs":["https:\/\/quersaberpolitica.com.br"],"url":"https:\/\/blogdofarnesio.com.br\/?author=1"}]}},"_links":{"self":[{"href":"https:\/\/blogdofarnesio.com.br\/index.php?rest_route=\/wp\/v2\/posts\/286606","targetHints":{"allow":["GET"]}}],"collection":[{"href":"https:\/\/blogdofarnesio.com.br\/index.php?rest_route=\/wp\/v2\/posts"}],"about":[{"href":"https:\/\/blogdofarnesio.com.br\/index.php?rest_route=\/wp\/v2\/types\/post"}],"author":[{"embeddable":true,"href":"https:\/\/blogdofarnesio.com.br\/index.php?rest_route=\/wp\/v2\/users\/1"}],"replies":[{"embeddable":true,"href":"https:\/\/blogdofarnesio.com.br\/index.php?rest_route=%2Fwp%2Fv2%2Fcomments&post=286606"}],"version-history":[{"count":0,"href":"https:\/\/blogdofarnesio.com.br\/index.php?rest_route=\/wp\/v2\/posts\/286606\/revisions"}],"wp:featuredmedia":[{"embeddable":true,"href":"https:\/\/blogdofarnesio.com.br\/index.php?rest_route=\/wp\/v2\/media\/164272"}],"wp:attachment":[{"href":"https:\/\/blogdofarnesio.com.br\/index.php?rest_route=%2Fwp%2Fv2%2Fmedia&parent=286606"}],"wp:term":[{"taxonomy":"category","embeddable":true,"href":"https:\/\/blogdofarnesio.com.br\/index.php?rest_route=%2Fwp%2Fv2%2Fcategories&post=286606"},{"taxonomy":"post_tag","embeddable":true,"href":"https:\/\/blogdofarnesio.com.br\/index.php?rest_route=%2Fwp%2Fv2%2Ftags&post=286606"}],"curies":[{"name":"wp","href":"https:\/\/api.w.org\/{rel}","templated":true}]}}