{"id":286562,"date":"2021-05-26T16:02:41","date_gmt":"2021-05-26T19:02:41","guid":{"rendered":"http:\/\/quersaberpolitica.com.br\/2016\/?p=286562"},"modified":"2021-05-26T15:42:22","modified_gmt":"2021-05-26T18:42:22","slug":"cia-biruta-de-teatro-sera-uma-das-atracoes-do-projeto-cena-agora-do-itau-cultural","status":"publish","type":"post","link":"https:\/\/blogdofarnesio.com.br\/?p=286562","title":{"rendered":"Cia Biruta de Teatro ser\u00e1 uma das atra\u00e7\u00f5es do projeto \u2018Cena agora\u2019 do Ita\u00fa Cultural"},"content":{"rendered":"<p style=\"font-weight: 400;\"><em>O grupo vai apresentar a cena \u2018Not\u00edcias do dil\u00favio \u2013 um canto a Canudos\u2019 neste domingo (30), \u00e0s 19h<\/em><\/p>\n<p style=\"font-weight: 400;\">A encruzilhada \u00e9 o espa\u00e7o\/tempo de toda possibilidade, onde as refer\u00eancias se encontram, se atravessam, se misturam, se espalham. Pot\u00eancia ancestral do cosmoencantamento, tece a liga\u00e7\u00e3o entre as exist\u00eancias: que foram, que s\u00e3o e que ser\u00e3o. \u00c9 na encruzilhada que deitamos nossa esteira e sentamos o ch\u00e3o do nosso pertencimento, e partilhamos as nossas experi\u00eancias, brindamos os nossos saberes, louvamos os nossos sentidos, renovamos o nosso ax\u00e9.<\/p>\n<p style=\"font-weight: 400;\">\u00c9 por isso que, quando o projeto Cena agora, realizado pelo N\u00facleo de Artes C\u00eanicas do Ita\u00fa Cultural, apresentou o tema &#8220;Encruzilhada Nordeste(s): (contra)narrativas po\u00e9ticas&#8221; n\u00e3o deixou escapat\u00f3ria. O convite era para assentarmos sobre a esteira dos 13 anos da Cia Biruta, os caminhos dos encontros com as ancestralidades que amparam e promovem as narrativas po\u00e9ticas de um grupo que cria o sentido da sua pr\u00f3pria exist\u00eancia nos afetos, atravessamentos e viv\u00eancias.<\/p>\n<p style=\"font-weight: 400;\">Com duas mulheres em cena e a Encruzilhada Nordeste(s) como provoca\u00e7\u00e3o, a a\u00e7\u00e3o c\u00eanica vai \u00e0 fonte de uma das mais importantes experi\u00eancias de resist\u00eancia popular do Brasil: a Terra Santa do Beato Santo Ant\u00f4nio, nomeada Belo Monte. \u00c9 de l\u00e1 que as vozes de Maria Rita, Maria da Guerra, Macotas, Benta e tantas outras an\u00f4nimas lutadoras no Massacre de Canudos submergem em ora\u00e7\u00e3o, rememora\u00e7\u00e3o e alucina\u00e7\u00e3o \u00e0 superf\u00edcie pand\u00eamica de um pa\u00eds massacrado por tantos genoc\u00eddios.<\/p>\n<p style=\"font-weight: 400;\">&#8220;Not\u00edcias do Dil\u00favio &#8211; um canto a Canudos&#8221; \u00e9 o nome da cena gatilho e as duas personagens da trama, Das Dores e Dos Anjos, re\u00fanem as vozes-mulheres do Belo Monte e as pr\u00e1ticas culturais populares que resistem a tantas tentativas de apagamentos, a fim de atualizar, contar e cantar o lugar em que se forma o sil\u00eancio que luta e afronta o esquecimento.<\/p>\n<p style=\"font-weight: 400;\">\u00c9 nessa encruzilhada que a Cia Biruta louva as ancestralidades teatrais, pol\u00edticas e espirituais, enquanto tece mais um passo na constru\u00e7\u00e3o do seu pr\u00f3prio cosmoencantamento.<\/p>\n<p style=\"font-weight: 400;\">A cena ser\u00e1 apresentada neste domingo (30), \u00e0s 19h, no encerramento da programa\u00e7\u00e3o do Palco Virtual montado pelo Ita\u00fa Cultural para apresenta\u00e7\u00f5es teatrais de at\u00e9 15 minutos realizadas por artistas e grupos de todo o pa\u00eds, que aceitaram o desafio de abordar identidades nordestinas plurais.<\/p>\n<p style=\"font-weight: 400;\">As quatro sess\u00f5es desta semana ser\u00e3o realizadas nos dias 27, 28, 29 (\u00e0s 20h) e 30 de maio (\u00e0s 19h), com a participa\u00e7\u00e3o de J\u00e9ssica Teixeira e Coletiva Teatral Es Tetetas; Pand\u00eamica Coletivo Tempor\u00e1rio de Cria\u00e7\u00e3o e Silvero Pereira; Cia. P\u00e3o Doce e Maicyra Le\u00e3o; Cia. de Artes Fiasco e Cia. Biruta de Teatro. As reservas de ingressos s\u00e3o feitas pela plataforma Sympla\/Zoom, com limite de 270 ingressos por dia.<\/p>\n<p style=\"font-weight: 400;\">Saiba mais em\u00a0<a href=\"https:\/\/www.itaucultural.org.br\/secoes\/agenda-cultural\/cena-agora-conclui-ciclo#programacao\" data-saferedirecturl=\"https:\/\/www.google.com\/url?q=https:\/\/www.itaucultural.org.br\/secoes\/agenda-cultural\/cena-agora-conclui-ciclo%23programacao&amp;source=gmail&amp;ust=1622116900657000&amp;usg=AFQjCNHBz6cyjQ7vu7S-5THwWzGfuEyCtA\">https:\/\/www.itaucultural.org.br\/secoes\/agenda-cultural\/cena-agora-conclui-ciclo#programacao<\/a>.<\/p>\n<p style=\"font-weight: 400;\">Texto: Luis Osete Ribeiro Carvalho<\/p>\n<p style=\"font-weight: 400;\"><strong>FICHA T\u00c9CNICA<\/strong><\/p>\n<p style=\"font-weight: 400;\">ANTONIO VERONALDO<\/p>\n<p style=\"font-weight: 400;\">Dire\u00e7\u00e3o<\/p>\n<p style=\"font-weight: 400;\">ANTONIO VERONALDO<\/p>\n<p style=\"font-weight: 400;\">LUIS OSETE<\/p>\n<p style=\"font-weight: 400;\">Dramaturgia<\/p>\n<p style=\"font-weight: 400;\">ANTONIO VERONALDO<\/p>\n<p style=\"font-weight: 400;\">CAMILA RODRIGUES<\/p>\n<p style=\"font-weight: 400;\">CRISTIANE CRISPIM<\/p>\n<p style=\"font-weight: 400;\">Roteiro<\/p>\n<p style=\"font-weight: 400;\">CRISTIANE CRISPIM<\/p>\n<p style=\"font-weight: 400;\">Produ\u00e7\u00e3o executiva<\/p>\n<p style=\"font-weight: 400;\">CAMILA RODRIGUES<\/p>\n<p style=\"font-weight: 400;\">CRISTIANE CRISPIM<\/p>\n<p style=\"font-weight: 400;\">Elenco<\/p>\n<p style=\"font-weight: 400;\">LETICIA RODRIGUES<\/p>\n<p style=\"font-weight: 400;\">Figurino e Assist\u00eancia de produ\u00e7\u00e3o<\/p>\n<p style=\"font-weight: 400;\">AMANDA MARTINS<\/p>\n<p style=\"font-weight: 400;\">Ilumina\u00e7\u00e3o<\/p>\n<p style=\"font-weight: 400;\">FERNANDO PEREIRA<\/p>\n<p style=\"font-weight: 400;\">Registro Audiovisual<\/p>\n<p style=\"font-weight: 400;\">CAMILA RODRIGUES<\/p>\n<p style=\"font-weight: 400;\">Edi\u00e7\u00e3o<\/p>\n<p style=\"font-weight: 400;\">MARIA SENHORA<\/p>\n<p style=\"font-weight: 400;\">Voz off<\/p>\n<p style=\"font-weight: 400;\">JOANA CRISPIM<\/p>\n<p style=\"font-weight: 400;\">ZENILTON SOUZA<\/p>\n<p style=\"font-weight: 400;\">Adere\u00e7os<\/p>\n<p style=\"font-weight: 400;\">ITA\u00da CULTURAL<\/p>\n<p style=\"font-weight: 400;\">Provoca\u00e7\u00e3o<\/p>\n<p>&#8212;<\/p>\n<p>Eneida Trindade<\/p>\n","protected":false},"excerpt":{"rendered":"<p>O grupo vai apresentar a cena \u2018Not\u00edcias do dil\u00favio \u2013 um canto a Canudos\u2019 neste domingo (30), \u00e0s 19h A encruzilhada \u00e9 o espa\u00e7o\/tempo de toda possibilidade, onde as refer\u00eancias se encontram, se atravessam, se misturam, se espalham. Pot\u00eancia ancestral do cosmoencantamento, tece a liga\u00e7\u00e3o entre as exist\u00eancias: que foram, que s\u00e3o e que ser\u00e3o. \u00c9 na encruzilhada que deitamos nossa esteira e sentamos o ch\u00e3o do nosso pertencimento, e partilhamos as nossas experi\u00eancias, brindamos os nossos saberes, louvamos os nossos sentidos, renovamos o nosso ax\u00e9. \u00c9 por isso que, quando o projeto Cena agora, realizado pelo N\u00facleo de Artes C\u00eanicas do Ita\u00fa Cultural, apresentou o tema &#8220;Encruzilhada Nordeste(s): (contra)narrativas po\u00e9ticas&#8221; n\u00e3o deixou escapat\u00f3ria. O convite era para assentarmos sobre&hellip; <\/p>\n","protected":false},"author":1,"featured_media":286563,"comment_status":"closed","ping_status":"closed","sticky":false,"template":"","format":"standard","meta":{"_acf_changed":false,"footnotes":""},"categories":[10],"tags":[],"class_list":["post-286562","post","type-post","status-publish","format-standard","has-post-thumbnail","hentry","category-cultura"],"acf":[],"yoast_head":"<!-- This site is optimized with the Yoast SEO plugin v27.4 - https:\/\/yoast.com\/product\/yoast-seo-wordpress\/ -->\n<title>Cia Biruta de Teatro ser\u00e1 uma das atra\u00e7\u00f5es do projeto \u2018Cena agora\u2019 do Ita\u00fa Cultural - Blog do Farn\u00e9sio<\/title>\n<meta name=\"robots\" content=\"index, follow, max-snippet:-1, max-image-preview:large, max-video-preview:-1\" \/>\n<link rel=\"canonical\" href=\"https:\/\/blogdofarnesio.com.br\/?p=286562\" \/>\n<meta property=\"og:locale\" content=\"pt_BR\" \/>\n<meta property=\"og:type\" content=\"article\" \/>\n<meta property=\"og:title\" content=\"Cia Biruta de Teatro ser\u00e1 uma das atra\u00e7\u00f5es do projeto \u2018Cena agora\u2019 do Ita\u00fa Cultural - Blog do Farn\u00e9sio\" \/>\n<meta property=\"og:description\" content=\"O grupo vai apresentar a cena \u2018Not\u00edcias do dil\u00favio \u2013 um canto a Canudos\u2019 neste domingo (30), \u00e0s 19h A encruzilhada \u00e9 o espa\u00e7o\/tempo de toda possibilidade, onde as refer\u00eancias se encontram, se atravessam, se misturam, se espalham. Pot\u00eancia ancestral do cosmoencantamento, tece a liga\u00e7\u00e3o entre as exist\u00eancias: que foram, que s\u00e3o e que ser\u00e3o. \u00c9 na encruzilhada que deitamos nossa esteira e sentamos o ch\u00e3o do nosso pertencimento, e partilhamos as nossas experi\u00eancias, brindamos os nossos saberes, louvamos os nossos sentidos, renovamos o nosso ax\u00e9. \u00c9 por isso que, quando o projeto Cena agora, realizado pelo N\u00facleo de Artes C\u00eanicas do Ita\u00fa Cultural, apresentou o tema &#8220;Encruzilhada Nordeste(s): (contra)narrativas po\u00e9ticas&#8221; n\u00e3o deixou escapat\u00f3ria. O convite era para assentarmos sobre&hellip;\" \/>\n<meta property=\"og:url\" content=\"https:\/\/blogdofarnesio.com.br\/?p=286562\" \/>\n<meta property=\"og:site_name\" content=\"Blog do Farn\u00e9sio\" \/>\n<meta property=\"article:publisher\" content=\"https:\/\/www.facebook.com\/BlogQuerSaberPolitica\/\" \/>\n<meta property=\"article:published_time\" content=\"2021-05-26T19:02:41+00:00\" \/>\n<meta property=\"og:image\" content=\"https:\/\/blogdofarnesio.com.br\/wp-content\/uploads\/2021\/05\/blogqsppet-companhia-Biruta-e1622030745970.jpg\" \/>\n\t<meta property=\"og:image:width\" content=\"680\" \/>\n\t<meta property=\"og:image:height\" content=\"453\" \/>\n\t<meta property=\"og:image:type\" content=\"image\/jpeg\" \/>\n<meta name=\"author\" content=\"Farn\u00e9sio\" \/>\n<meta name=\"twitter:card\" content=\"summary_large_image\" \/>\n<meta name=\"twitter:label1\" content=\"Escrito por\" \/>\n\t<meta name=\"twitter:data1\" content=\"Farn\u00e9sio\" \/>\n\t<meta name=\"twitter:label2\" content=\"Est. tempo de leitura\" \/>\n\t<meta name=\"twitter:data2\" content=\"3 minutos\" \/>\n<script type=\"application\/ld+json\" class=\"yoast-schema-graph\">{\"@context\":\"https:\\\/\\\/schema.org\",\"@graph\":[{\"@type\":\"Article\",\"@id\":\"https:\\\/\\\/blogdofarnesio.com.br\\\/?p=286562#article\",\"isPartOf\":{\"@id\":\"https:\\\/\\\/blogdofarnesio.com.br\\\/?p=286562\"},\"author\":{\"name\":\"Farn\u00e9sio\",\"@id\":\"https:\\\/\\\/blogdofarnesio.com.br\\\/#\\\/schema\\\/person\\\/301c4acf522bccbfdb45af95b5b906a1\"},\"headline\":\"Cia Biruta de Teatro ser\u00e1 uma das atra\u00e7\u00f5es do projeto \u2018Cena agora\u2019 do Ita\u00fa Cultural\",\"datePublished\":\"2021-05-26T19:02:41+00:00\",\"mainEntityOfPage\":{\"@id\":\"https:\\\/\\\/blogdofarnesio.com.br\\\/?p=286562\"},\"wordCount\":581,\"publisher\":{\"@id\":\"https:\\\/\\\/blogdofarnesio.com.br\\\/#organization\"},\"image\":{\"@id\":\"https:\\\/\\\/blogdofarnesio.com.br\\\/?p=286562#primaryimage\"},\"thumbnailUrl\":\"https:\\\/\\\/blogdofarnesio.com.br\\\/wp-content\\\/uploads\\\/2021\\\/05\\\/blogqsppet-companhia-Biruta-e1622030745970.jpg\",\"articleSection\":[\"Cultura\"],\"inLanguage\":\"pt-BR\"},{\"@type\":\"WebPage\",\"@id\":\"https:\\\/\\\/blogdofarnesio.com.br\\\/?p=286562\",\"url\":\"https:\\\/\\\/blogdofarnesio.com.br\\\/?p=286562\",\"name\":\"Cia Biruta de Teatro ser\u00e1 uma das atra\u00e7\u00f5es do projeto \u2018Cena agora\u2019 do Ita\u00fa Cultural - Blog do Farn\u00e9sio\",\"isPartOf\":{\"@id\":\"https:\\\/\\\/blogdofarnesio.com.br\\\/#website\"},\"primaryImageOfPage\":{\"@id\":\"https:\\\/\\\/blogdofarnesio.com.br\\\/?p=286562#primaryimage\"},\"image\":{\"@id\":\"https:\\\/\\\/blogdofarnesio.com.br\\\/?p=286562#primaryimage\"},\"thumbnailUrl\":\"https:\\\/\\\/blogdofarnesio.com.br\\\/wp-content\\\/uploads\\\/2021\\\/05\\\/blogqsppet-companhia-Biruta-e1622030745970.jpg\",\"datePublished\":\"2021-05-26T19:02:41+00:00\",\"breadcrumb\":{\"@id\":\"https:\\\/\\\/blogdofarnesio.com.br\\\/?p=286562#breadcrumb\"},\"inLanguage\":\"pt-BR\",\"potentialAction\":[{\"@type\":\"ReadAction\",\"target\":[\"https:\\\/\\\/blogdofarnesio.com.br\\\/?p=286562\"]}]},{\"@type\":\"ImageObject\",\"inLanguage\":\"pt-BR\",\"@id\":\"https:\\\/\\\/blogdofarnesio.com.br\\\/?p=286562#primaryimage\",\"url\":\"https:\\\/\\\/blogdofarnesio.com.br\\\/wp-content\\\/uploads\\\/2021\\\/05\\\/blogqsppet-companhia-Biruta-e1622030745970.jpg\",\"contentUrl\":\"https:\\\/\\\/blogdofarnesio.com.br\\\/wp-content\\\/uploads\\\/2021\\\/05\\\/blogqsppet-companhia-Biruta-e1622030745970.jpg\",\"width\":680,\"height\":453},{\"@type\":\"BreadcrumbList\",\"@id\":\"https:\\\/\\\/blogdofarnesio.com.br\\\/?p=286562#breadcrumb\",\"itemListElement\":[{\"@type\":\"ListItem\",\"position\":1,\"name\":\"In\u00edcio\",\"item\":\"https:\\\/\\\/blogdofarnesio.com.br\\\/\"},{\"@type\":\"ListItem\",\"position\":2,\"name\":\"Cia Biruta de Teatro ser\u00e1 uma das atra\u00e7\u00f5es do projeto \u2018Cena agora\u2019 do Ita\u00fa Cultural\"}]},{\"@type\":\"WebSite\",\"@id\":\"https:\\\/\\\/blogdofarnesio.com.br\\\/#website\",\"url\":\"https:\\\/\\\/blogdofarnesio.com.br\\\/\",\"name\":\"Blog do Farn\u00e9sio\",\"description\":\"Quer Saber Pol\u00edtica?\",\"publisher\":{\"@id\":\"https:\\\/\\\/blogdofarnesio.com.br\\\/#organization\"},\"potentialAction\":[{\"@type\":\"SearchAction\",\"target\":{\"@type\":\"EntryPoint\",\"urlTemplate\":\"https:\\\/\\\/blogdofarnesio.com.br\\\/?s={search_term_string}\"},\"query-input\":{\"@type\":\"PropertyValueSpecification\",\"valueRequired\":true,\"valueName\":\"search_term_string\"}}],\"inLanguage\":\"pt-BR\"},{\"@type\":\"Organization\",\"@id\":\"https:\\\/\\\/blogdofarnesio.com.br\\\/#organization\",\"name\":\"Blog do Farn\u00e9sio\",\"url\":\"https:\\\/\\\/blogdofarnesio.com.br\\\/\",\"logo\":{\"@type\":\"ImageObject\",\"inLanguage\":\"pt-BR\",\"@id\":\"https:\\\/\\\/blogdofarnesio.com.br\\\/#\\\/schema\\\/logo\\\/image\\\/\",\"url\":\"https:\\\/\\\/blogdofarnesio.com.br\\\/wp-content\\\/uploads\\\/2026\\\/03\\\/cropped-logo_new-1.png\",\"contentUrl\":\"https:\\\/\\\/blogdofarnesio.com.br\\\/wp-content\\\/uploads\\\/2026\\\/03\\\/cropped-logo_new-1.png\",\"width\":881,\"height\":685,\"caption\":\"Blog do Farn\u00e9sio\"},\"image\":{\"@id\":\"https:\\\/\\\/blogdofarnesio.com.br\\\/#\\\/schema\\\/logo\\\/image\\\/\"},\"sameAs\":[\"https:\\\/\\\/www.facebook.com\\\/BlogQuerSaberPolitica\\\/\"]},{\"@type\":\"Person\",\"@id\":\"https:\\\/\\\/blogdofarnesio.com.br\\\/#\\\/schema\\\/person\\\/301c4acf522bccbfdb45af95b5b906a1\",\"name\":\"Farn\u00e9sio\",\"image\":{\"@type\":\"ImageObject\",\"inLanguage\":\"pt-BR\",\"@id\":\"https:\\\/\\\/secure.gravatar.com\\\/avatar\\\/df0c9a14567c056f8ad6876ba5bbd1e3e2c48023eb6807342fc4663adf549f38?s=96&d=mm&r=g\",\"url\":\"https:\\\/\\\/secure.gravatar.com\\\/avatar\\\/df0c9a14567c056f8ad6876ba5bbd1e3e2c48023eb6807342fc4663adf549f38?s=96&d=mm&r=g\",\"contentUrl\":\"https:\\\/\\\/secure.gravatar.com\\\/avatar\\\/df0c9a14567c056f8ad6876ba5bbd1e3e2c48023eb6807342fc4663adf549f38?s=96&d=mm&r=g\",\"caption\":\"Farn\u00e9sio\"},\"sameAs\":[\"https:\\\/\\\/quersaberpolitica.com.br\"],\"url\":\"https:\\\/\\\/blogdofarnesio.com.br\\\/?author=1\"}]}<\/script>\n<!-- \/ Yoast SEO plugin. -->","yoast_head_json":{"title":"Cia Biruta de Teatro ser\u00e1 uma das atra\u00e7\u00f5es do projeto \u2018Cena agora\u2019 do Ita\u00fa Cultural - Blog do Farn\u00e9sio","robots":{"index":"index","follow":"follow","max-snippet":"max-snippet:-1","max-image-preview":"max-image-preview:large","max-video-preview":"max-video-preview:-1"},"canonical":"https:\/\/blogdofarnesio.com.br\/?p=286562","og_locale":"pt_BR","og_type":"article","og_title":"Cia Biruta de Teatro ser\u00e1 uma das atra\u00e7\u00f5es do projeto \u2018Cena agora\u2019 do Ita\u00fa Cultural - Blog do Farn\u00e9sio","og_description":"O grupo vai apresentar a cena \u2018Not\u00edcias do dil\u00favio \u2013 um canto a Canudos\u2019 neste domingo (30), \u00e0s 19h A encruzilhada \u00e9 o espa\u00e7o\/tempo de toda possibilidade, onde as refer\u00eancias se encontram, se atravessam, se misturam, se espalham. Pot\u00eancia ancestral do cosmoencantamento, tece a liga\u00e7\u00e3o entre as exist\u00eancias: que foram, que s\u00e3o e que ser\u00e3o. \u00c9 na encruzilhada que deitamos nossa esteira e sentamos o ch\u00e3o do nosso pertencimento, e partilhamos as nossas experi\u00eancias, brindamos os nossos saberes, louvamos os nossos sentidos, renovamos o nosso ax\u00e9. \u00c9 por isso que, quando o projeto Cena agora, realizado pelo N\u00facleo de Artes C\u00eanicas do Ita\u00fa Cultural, apresentou o tema &#8220;Encruzilhada Nordeste(s): (contra)narrativas po\u00e9ticas&#8221; n\u00e3o deixou escapat\u00f3ria. O convite era para assentarmos sobre&hellip;","og_url":"https:\/\/blogdofarnesio.com.br\/?p=286562","og_site_name":"Blog do Farn\u00e9sio","article_publisher":"https:\/\/www.facebook.com\/BlogQuerSaberPolitica\/","article_published_time":"2021-05-26T19:02:41+00:00","og_image":[{"width":680,"height":453,"url":"https:\/\/blogdofarnesio.com.br\/wp-content\/uploads\/2021\/05\/blogqsppet-companhia-Biruta-e1622030745970.jpg","type":"image\/jpeg"}],"author":"Farn\u00e9sio","twitter_card":"summary_large_image","twitter_misc":{"Escrito por":"Farn\u00e9sio","Est. tempo de leitura":"3 minutos"},"schema":{"@context":"https:\/\/schema.org","@graph":[{"@type":"Article","@id":"https:\/\/blogdofarnesio.com.br\/?p=286562#article","isPartOf":{"@id":"https:\/\/blogdofarnesio.com.br\/?p=286562"},"author":{"name":"Farn\u00e9sio","@id":"https:\/\/blogdofarnesio.com.br\/#\/schema\/person\/301c4acf522bccbfdb45af95b5b906a1"},"headline":"Cia Biruta de Teatro ser\u00e1 uma das atra\u00e7\u00f5es do projeto \u2018Cena agora\u2019 do Ita\u00fa Cultural","datePublished":"2021-05-26T19:02:41+00:00","mainEntityOfPage":{"@id":"https:\/\/blogdofarnesio.com.br\/?p=286562"},"wordCount":581,"publisher":{"@id":"https:\/\/blogdofarnesio.com.br\/#organization"},"image":{"@id":"https:\/\/blogdofarnesio.com.br\/?p=286562#primaryimage"},"thumbnailUrl":"https:\/\/blogdofarnesio.com.br\/wp-content\/uploads\/2021\/05\/blogqsppet-companhia-Biruta-e1622030745970.jpg","articleSection":["Cultura"],"inLanguage":"pt-BR"},{"@type":"WebPage","@id":"https:\/\/blogdofarnesio.com.br\/?p=286562","url":"https:\/\/blogdofarnesio.com.br\/?p=286562","name":"Cia Biruta de Teatro ser\u00e1 uma das atra\u00e7\u00f5es do projeto \u2018Cena agora\u2019 do Ita\u00fa Cultural - Blog do Farn\u00e9sio","isPartOf":{"@id":"https:\/\/blogdofarnesio.com.br\/#website"},"primaryImageOfPage":{"@id":"https:\/\/blogdofarnesio.com.br\/?p=286562#primaryimage"},"image":{"@id":"https:\/\/blogdofarnesio.com.br\/?p=286562#primaryimage"},"thumbnailUrl":"https:\/\/blogdofarnesio.com.br\/wp-content\/uploads\/2021\/05\/blogqsppet-companhia-Biruta-e1622030745970.jpg","datePublished":"2021-05-26T19:02:41+00:00","breadcrumb":{"@id":"https:\/\/blogdofarnesio.com.br\/?p=286562#breadcrumb"},"inLanguage":"pt-BR","potentialAction":[{"@type":"ReadAction","target":["https:\/\/blogdofarnesio.com.br\/?p=286562"]}]},{"@type":"ImageObject","inLanguage":"pt-BR","@id":"https:\/\/blogdofarnesio.com.br\/?p=286562#primaryimage","url":"https:\/\/blogdofarnesio.com.br\/wp-content\/uploads\/2021\/05\/blogqsppet-companhia-Biruta-e1622030745970.jpg","contentUrl":"https:\/\/blogdofarnesio.com.br\/wp-content\/uploads\/2021\/05\/blogqsppet-companhia-Biruta-e1622030745970.jpg","width":680,"height":453},{"@type":"BreadcrumbList","@id":"https:\/\/blogdofarnesio.com.br\/?p=286562#breadcrumb","itemListElement":[{"@type":"ListItem","position":1,"name":"In\u00edcio","item":"https:\/\/blogdofarnesio.com.br\/"},{"@type":"ListItem","position":2,"name":"Cia Biruta de Teatro ser\u00e1 uma das atra\u00e7\u00f5es do projeto \u2018Cena agora\u2019 do Ita\u00fa Cultural"}]},{"@type":"WebSite","@id":"https:\/\/blogdofarnesio.com.br\/#website","url":"https:\/\/blogdofarnesio.com.br\/","name":"Blog do Farn\u00e9sio","description":"Quer Saber Pol\u00edtica?","publisher":{"@id":"https:\/\/blogdofarnesio.com.br\/#organization"},"potentialAction":[{"@type":"SearchAction","target":{"@type":"EntryPoint","urlTemplate":"https:\/\/blogdofarnesio.com.br\/?s={search_term_string}"},"query-input":{"@type":"PropertyValueSpecification","valueRequired":true,"valueName":"search_term_string"}}],"inLanguage":"pt-BR"},{"@type":"Organization","@id":"https:\/\/blogdofarnesio.com.br\/#organization","name":"Blog do Farn\u00e9sio","url":"https:\/\/blogdofarnesio.com.br\/","logo":{"@type":"ImageObject","inLanguage":"pt-BR","@id":"https:\/\/blogdofarnesio.com.br\/#\/schema\/logo\/image\/","url":"https:\/\/blogdofarnesio.com.br\/wp-content\/uploads\/2026\/03\/cropped-logo_new-1.png","contentUrl":"https:\/\/blogdofarnesio.com.br\/wp-content\/uploads\/2026\/03\/cropped-logo_new-1.png","width":881,"height":685,"caption":"Blog do Farn\u00e9sio"},"image":{"@id":"https:\/\/blogdofarnesio.com.br\/#\/schema\/logo\/image\/"},"sameAs":["https:\/\/www.facebook.com\/BlogQuerSaberPolitica\/"]},{"@type":"Person","@id":"https:\/\/blogdofarnesio.com.br\/#\/schema\/person\/301c4acf522bccbfdb45af95b5b906a1","name":"Farn\u00e9sio","image":{"@type":"ImageObject","inLanguage":"pt-BR","@id":"https:\/\/secure.gravatar.com\/avatar\/df0c9a14567c056f8ad6876ba5bbd1e3e2c48023eb6807342fc4663adf549f38?s=96&d=mm&r=g","url":"https:\/\/secure.gravatar.com\/avatar\/df0c9a14567c056f8ad6876ba5bbd1e3e2c48023eb6807342fc4663adf549f38?s=96&d=mm&r=g","contentUrl":"https:\/\/secure.gravatar.com\/avatar\/df0c9a14567c056f8ad6876ba5bbd1e3e2c48023eb6807342fc4663adf549f38?s=96&d=mm&r=g","caption":"Farn\u00e9sio"},"sameAs":["https:\/\/quersaberpolitica.com.br"],"url":"https:\/\/blogdofarnesio.com.br\/?author=1"}]}},"_links":{"self":[{"href":"https:\/\/blogdofarnesio.com.br\/index.php?rest_route=\/wp\/v2\/posts\/286562","targetHints":{"allow":["GET"]}}],"collection":[{"href":"https:\/\/blogdofarnesio.com.br\/index.php?rest_route=\/wp\/v2\/posts"}],"about":[{"href":"https:\/\/blogdofarnesio.com.br\/index.php?rest_route=\/wp\/v2\/types\/post"}],"author":[{"embeddable":true,"href":"https:\/\/blogdofarnesio.com.br\/index.php?rest_route=\/wp\/v2\/users\/1"}],"replies":[{"embeddable":true,"href":"https:\/\/blogdofarnesio.com.br\/index.php?rest_route=%2Fwp%2Fv2%2Fcomments&post=286562"}],"version-history":[{"count":0,"href":"https:\/\/blogdofarnesio.com.br\/index.php?rest_route=\/wp\/v2\/posts\/286562\/revisions"}],"wp:featuredmedia":[{"embeddable":true,"href":"https:\/\/blogdofarnesio.com.br\/index.php?rest_route=\/wp\/v2\/media\/286563"}],"wp:attachment":[{"href":"https:\/\/blogdofarnesio.com.br\/index.php?rest_route=%2Fwp%2Fv2%2Fmedia&parent=286562"}],"wp:term":[{"taxonomy":"category","embeddable":true,"href":"https:\/\/blogdofarnesio.com.br\/index.php?rest_route=%2Fwp%2Fv2%2Fcategories&post=286562"},{"taxonomy":"post_tag","embeddable":true,"href":"https:\/\/blogdofarnesio.com.br\/index.php?rest_route=%2Fwp%2Fv2%2Ftags&post=286562"}],"curies":[{"name":"wp","href":"https:\/\/api.w.org\/{rel}","templated":true}]}}