{"id":286142,"date":"2021-05-27T09:42:05","date_gmt":"2021-05-27T12:42:05","guid":{"rendered":"http:\/\/quersaberpolitica.com.br\/2016\/?p=286142"},"modified":"2021-05-20T17:57:49","modified_gmt":"2021-05-20T20:57:49","slug":"hoje-e-dia-de-comemorar-a-emancipacao-da-cidade-de-tabira-pe-que-completa-72-anos","status":"publish","type":"post","link":"https:\/\/blogdofarnesio.com.br\/?p=286142","title":{"rendered":"Hoje \u00e9 dia de comemorar a emancipa\u00e7\u00e3o da cidade de Tabira-PE que completa 72 anos"},"content":{"rendered":"<p>A Secretaria Municipal de Educa\u00e7\u00e3o de Tabira divulgou a programa\u00e7\u00e3o especial em celebra\u00e7\u00e3o aos 72 anos de Emancipa\u00e7\u00e3o Pol\u00edtica do munic\u00edpio, comemorado no dia 27 de maio. Devido ao momento at\u00edpico que estamos vivenciando, uma pandemia mundial, as atividades comemorativas foram repensadas, os tradicionais jogos escolares que aconteciam nesse per\u00edodo anualmente, deram lugar a um campeonato interno de jogos escolares eletr\u00f4nicos, que estar\u00e3o acontecendo entre os dias 13 a 27 de maio nas escolas da Rede Municipal.<\/p>\n<p>Entre os dias 24 e 25 de maio ser\u00e1 vivenciada, de forma remota \u2013 atrav\u00e9s da Plataforma Google Meet, a 1\u00ba edi\u00e7\u00e3o da Jornada Pedag\u00f3gica: \u201cEduca\u00e7\u00e3o que transforma\u201d, tal a\u00e7\u00e3o \u00e9 fruto da parceria da Secretaria de Educa\u00e7\u00e3o de Tabira com a Rede Conectando Saberes (Rede nacional de professores apoiada pela Funda\u00e7\u00e3o Lemann) e trar\u00e1 palestras\/lives com nomes de peso do cen\u00e1rio educacional nacional, como o Jornalista e Escritor Laurentino Gomes, a Professora L\u00facia Cortez (Top 10 do Pr\u00eamio Educador Nota 10 do ano 2020) e a professora Gina Vieira (Autora do Projeto Mulheres inspiradoras e Pr\u00eamio Ibero-Americano de Educa\u00e7\u00e3o em Direitos Humanos) tendo como p\u00fablico-alvo os docentes das redes municipal, estadual e particular de Tabira. As inscri\u00e7\u00f5es para participa\u00e7\u00e3o nas palestras ser\u00e3o atrav\u00e9s de formul\u00e1rio eletr\u00f4nico encaminhado as escolas.<\/p>\n<p>Ainda dentro da programa\u00e7\u00e3o acontecer\u00e1 o lan\u00e7amento do \u201c1\u00ba Conectando Boas Pr\u00e1ticas: Professor Transformador\u201d \u2013 \u00e9 uma iniciativa da Rede Conectando Saberes com apoio da Secretaria Municipal de Educa\u00e7\u00e3o de Tabira, que inclui uma sele\u00e7\u00e3o de a\u00e7\u00f5es pedag\u00f3gicas de professores, coordenadores e gestores que atuam na rede municipal de ensino.<\/p>\n<p>Essas a\u00e7\u00f5es pedag\u00f3gicas formar\u00e3o o 1\u00ba Banco de Boas Pr\u00e1ticas Pedag\u00f3gicas do munic\u00edpio, a fim de auxiliar os professores dos diversos segmentos.<\/p>\n<p>As a\u00e7\u00f5es que tiverem destaque em cada categoria ser\u00e3o finalistas do Pr\u00eamio Professor Transformador 2021. Na ocasi\u00e3o ser\u00e1 apresentando o edital do concurso para o munic\u00edpio de Tabira, visando o incentivo a dissemina\u00e7\u00e3o de pr\u00e1ticas docentes inspiradoras.<\/p>\n<p><strong>Veja mais sobre a programa\u00e7\u00e3o especial em comemora\u00e7\u00e3o aos 72 anos de emancipa\u00e7\u00e3o de Tabira:<\/strong><\/p>\n<p>O LUGAR ONDE VIVO \u2013 No dia 26 de maio a SME \u2013 Tabira estar\u00e1 promovendo a seletiva do Concurso de Leitura intitulado \u201cO Lugar onde vivo\u201d, que objetiva a produ\u00e7\u00e3o por parte dos estudantes da Rede Municipal de pe\u00e7as originais e criativas tais como: desenhos, v\u00eddeos, frases, quadras, par\u00f3dias e poemas com a tem\u00e1tica O Lugar Onde Vivo com divulga\u00e7\u00e3o dos finalistas atrav\u00e9s das Redes sociais oficiais da Secretaria Municipal de Educa\u00e7\u00e3o.<\/p>\n<p>CONCURSO LER BEM \u2013 Ainda no dia 26 de maio haver\u00e1 a Etapa Municipal de Sele\u00e7\u00e3o do Concurso Ler Bem \u2013 Idealizado pela ASPA (Associa\u00e7\u00e3o Pernambucana de Atacadista e Distribuidores) que visa atrav\u00e9s de uma competi\u00e7\u00e3o escolar, incentivar a forma\u00e7\u00e3o de jovens leitores do 4\u00ba ano do Ensino fundamental I, matriculados nas escolas municipais pernambucanas. O estudante vencedor na etapa municipal ir\u00e1 concorrer a etapa regional do projeto.<\/p>\n","protected":false},"excerpt":{"rendered":"<p>A Secretaria Municipal de Educa\u00e7\u00e3o de Tabira divulgou a programa\u00e7\u00e3o especial em celebra\u00e7\u00e3o aos 72 anos de Emancipa\u00e7\u00e3o Pol\u00edtica do munic\u00edpio, comemorado no dia 27 de maio. Devido ao momento at\u00edpico que estamos vivenciando, uma pandemia mundial, as atividades comemorativas foram repensadas, os tradicionais jogos escolares que aconteciam nesse per\u00edodo anualmente, deram lugar a um campeonato interno de jogos escolares eletr\u00f4nicos, que estar\u00e3o acontecendo entre os dias 13 a 27 de maio nas escolas da Rede Municipal. Entre os dias 24 e 25 de maio ser\u00e1 vivenciada, de forma remota \u2013 atrav\u00e9s da Plataforma Google Meet, a 1\u00ba edi\u00e7\u00e3o da Jornada Pedag\u00f3gica: \u201cEduca\u00e7\u00e3o que transforma\u201d, tal a\u00e7\u00e3o \u00e9 fruto da parceria da Secretaria de Educa\u00e7\u00e3o de Tabira com a Rede&hellip; <\/p>\n","protected":false},"author":1,"featured_media":286143,"comment_status":"closed","ping_status":"closed","sticky":false,"template":"","format":"standard","meta":{"_acf_changed":false,"footnotes":""},"categories":[27],"tags":[],"class_list":["post-286142","post","type-post","status-publish","format-standard","has-post-thumbnail","hentry","category-cidades"],"acf":[],"yoast_head":"<!-- This site is optimized with the Yoast SEO plugin v27.4 - https:\/\/yoast.com\/product\/yoast-seo-wordpress\/ -->\n<title>Hoje \u00e9 dia de comemorar a emancipa\u00e7\u00e3o da cidade de Tabira-PE que completa 72 anos - Blog do Farn\u00e9sio<\/title>\n<meta name=\"robots\" content=\"index, follow, max-snippet:-1, max-image-preview:large, max-video-preview:-1\" \/>\n<link rel=\"canonical\" href=\"https:\/\/blogdofarnesio.com.br\/?p=286142\" \/>\n<meta property=\"og:locale\" content=\"pt_BR\" \/>\n<meta property=\"og:type\" content=\"article\" \/>\n<meta property=\"og:title\" content=\"Hoje \u00e9 dia de comemorar a emancipa\u00e7\u00e3o da cidade de Tabira-PE que completa 72 anos - Blog do Farn\u00e9sio\" \/>\n<meta property=\"og:description\" content=\"A Secretaria Municipal de Educa\u00e7\u00e3o de Tabira divulgou a programa\u00e7\u00e3o especial em celebra\u00e7\u00e3o aos 72 anos de Emancipa\u00e7\u00e3o Pol\u00edtica do munic\u00edpio, comemorado no dia 27 de maio. Devido ao momento at\u00edpico que estamos vivenciando, uma pandemia mundial, as atividades comemorativas foram repensadas, os tradicionais jogos escolares que aconteciam nesse per\u00edodo anualmente, deram lugar a um campeonato interno de jogos escolares eletr\u00f4nicos, que estar\u00e3o acontecendo entre os dias 13 a 27 de maio nas escolas da Rede Municipal. Entre os dias 24 e 25 de maio ser\u00e1 vivenciada, de forma remota \u2013 atrav\u00e9s da Plataforma Google Meet, a 1\u00ba edi\u00e7\u00e3o da Jornada Pedag\u00f3gica: \u201cEduca\u00e7\u00e3o que transforma\u201d, tal a\u00e7\u00e3o \u00e9 fruto da parceria da Secretaria de Educa\u00e7\u00e3o de Tabira com a Rede&hellip;\" \/>\n<meta property=\"og:url\" content=\"https:\/\/blogdofarnesio.com.br\/?p=286142\" \/>\n<meta property=\"og:site_name\" content=\"Blog do Farn\u00e9sio\" \/>\n<meta property=\"article:publisher\" content=\"https:\/\/www.facebook.com\/BlogQuerSaberPolitica\/\" \/>\n<meta property=\"article:published_time\" content=\"2021-05-27T12:42:05+00:00\" \/>\n<meta property=\"og:image\" content=\"https:\/\/blogdofarnesio.com.br\/wp-content\/uploads\/2021\/05\/blogqspTabira-PE.png\" \/>\n\t<meta property=\"og:image:width\" content=\"533\" \/>\n\t<meta property=\"og:image:height\" content=\"400\" \/>\n\t<meta property=\"og:image:type\" content=\"image\/png\" \/>\n<meta name=\"author\" content=\"Farn\u00e9sio\" \/>\n<meta name=\"twitter:card\" content=\"summary_large_image\" \/>\n<meta name=\"twitter:label1\" content=\"Escrito por\" \/>\n\t<meta name=\"twitter:data1\" content=\"Farn\u00e9sio\" \/>\n\t<meta name=\"twitter:label2\" content=\"Est. tempo de leitura\" \/>\n\t<meta name=\"twitter:data2\" content=\"3 minutos\" \/>\n<script type=\"application\/ld+json\" class=\"yoast-schema-graph\">{\"@context\":\"https:\\\/\\\/schema.org\",\"@graph\":[{\"@type\":\"Article\",\"@id\":\"https:\\\/\\\/blogdofarnesio.com.br\\\/?p=286142#article\",\"isPartOf\":{\"@id\":\"https:\\\/\\\/blogdofarnesio.com.br\\\/?p=286142\"},\"author\":{\"name\":\"Farn\u00e9sio\",\"@id\":\"https:\\\/\\\/blogdofarnesio.com.br\\\/#\\\/schema\\\/person\\\/301c4acf522bccbfdb45af95b5b906a1\"},\"headline\":\"Hoje \u00e9 dia de comemorar a emancipa\u00e7\u00e3o da cidade de Tabira-PE que completa 72 anos\",\"datePublished\":\"2021-05-27T12:42:05+00:00\",\"mainEntityOfPage\":{\"@id\":\"https:\\\/\\\/blogdofarnesio.com.br\\\/?p=286142\"},\"wordCount\":527,\"publisher\":{\"@id\":\"https:\\\/\\\/blogdofarnesio.com.br\\\/#organization\"},\"image\":{\"@id\":\"https:\\\/\\\/blogdofarnesio.com.br\\\/?p=286142#primaryimage\"},\"thumbnailUrl\":\"https:\\\/\\\/blogdofarnesio.com.br\\\/wp-content\\\/uploads\\\/2021\\\/05\\\/blogqspTabira-PE.png\",\"articleSection\":[\"Cidades\"],\"inLanguage\":\"pt-BR\"},{\"@type\":\"WebPage\",\"@id\":\"https:\\\/\\\/blogdofarnesio.com.br\\\/?p=286142\",\"url\":\"https:\\\/\\\/blogdofarnesio.com.br\\\/?p=286142\",\"name\":\"Hoje \u00e9 dia de comemorar a emancipa\u00e7\u00e3o da cidade de Tabira-PE que completa 72 anos - Blog do Farn\u00e9sio\",\"isPartOf\":{\"@id\":\"https:\\\/\\\/blogdofarnesio.com.br\\\/#website\"},\"primaryImageOfPage\":{\"@id\":\"https:\\\/\\\/blogdofarnesio.com.br\\\/?p=286142#primaryimage\"},\"image\":{\"@id\":\"https:\\\/\\\/blogdofarnesio.com.br\\\/?p=286142#primaryimage\"},\"thumbnailUrl\":\"https:\\\/\\\/blogdofarnesio.com.br\\\/wp-content\\\/uploads\\\/2021\\\/05\\\/blogqspTabira-PE.png\",\"datePublished\":\"2021-05-27T12:42:05+00:00\",\"breadcrumb\":{\"@id\":\"https:\\\/\\\/blogdofarnesio.com.br\\\/?p=286142#breadcrumb\"},\"inLanguage\":\"pt-BR\",\"potentialAction\":[{\"@type\":\"ReadAction\",\"target\":[\"https:\\\/\\\/blogdofarnesio.com.br\\\/?p=286142\"]}]},{\"@type\":\"ImageObject\",\"inLanguage\":\"pt-BR\",\"@id\":\"https:\\\/\\\/blogdofarnesio.com.br\\\/?p=286142#primaryimage\",\"url\":\"https:\\\/\\\/blogdofarnesio.com.br\\\/wp-content\\\/uploads\\\/2021\\\/05\\\/blogqspTabira-PE.png\",\"contentUrl\":\"https:\\\/\\\/blogdofarnesio.com.br\\\/wp-content\\\/uploads\\\/2021\\\/05\\\/blogqspTabira-PE.png\",\"width\":533,\"height\":400},{\"@type\":\"BreadcrumbList\",\"@id\":\"https:\\\/\\\/blogdofarnesio.com.br\\\/?p=286142#breadcrumb\",\"itemListElement\":[{\"@type\":\"ListItem\",\"position\":1,\"name\":\"In\u00edcio\",\"item\":\"https:\\\/\\\/blogdofarnesio.com.br\\\/\"},{\"@type\":\"ListItem\",\"position\":2,\"name\":\"Hoje \u00e9 dia de comemorar a emancipa\u00e7\u00e3o da cidade de Tabira-PE que completa 72 anos\"}]},{\"@type\":\"WebSite\",\"@id\":\"https:\\\/\\\/blogdofarnesio.com.br\\\/#website\",\"url\":\"https:\\\/\\\/blogdofarnesio.com.br\\\/\",\"name\":\"Blog do Farn\u00e9sio\",\"description\":\"Quer Saber Pol\u00edtica?\",\"publisher\":{\"@id\":\"https:\\\/\\\/blogdofarnesio.com.br\\\/#organization\"},\"potentialAction\":[{\"@type\":\"SearchAction\",\"target\":{\"@type\":\"EntryPoint\",\"urlTemplate\":\"https:\\\/\\\/blogdofarnesio.com.br\\\/?s={search_term_string}\"},\"query-input\":{\"@type\":\"PropertyValueSpecification\",\"valueRequired\":true,\"valueName\":\"search_term_string\"}}],\"inLanguage\":\"pt-BR\"},{\"@type\":\"Organization\",\"@id\":\"https:\\\/\\\/blogdofarnesio.com.br\\\/#organization\",\"name\":\"Blog do Farn\u00e9sio\",\"url\":\"https:\\\/\\\/blogdofarnesio.com.br\\\/\",\"logo\":{\"@type\":\"ImageObject\",\"inLanguage\":\"pt-BR\",\"@id\":\"https:\\\/\\\/blogdofarnesio.com.br\\\/#\\\/schema\\\/logo\\\/image\\\/\",\"url\":\"https:\\\/\\\/blogdofarnesio.com.br\\\/wp-content\\\/uploads\\\/2026\\\/03\\\/cropped-logo_new-1.png\",\"contentUrl\":\"https:\\\/\\\/blogdofarnesio.com.br\\\/wp-content\\\/uploads\\\/2026\\\/03\\\/cropped-logo_new-1.png\",\"width\":881,\"height\":685,\"caption\":\"Blog do Farn\u00e9sio\"},\"image\":{\"@id\":\"https:\\\/\\\/blogdofarnesio.com.br\\\/#\\\/schema\\\/logo\\\/image\\\/\"},\"sameAs\":[\"https:\\\/\\\/www.facebook.com\\\/BlogQuerSaberPolitica\\\/\"]},{\"@type\":\"Person\",\"@id\":\"https:\\\/\\\/blogdofarnesio.com.br\\\/#\\\/schema\\\/person\\\/301c4acf522bccbfdb45af95b5b906a1\",\"name\":\"Farn\u00e9sio\",\"image\":{\"@type\":\"ImageObject\",\"inLanguage\":\"pt-BR\",\"@id\":\"https:\\\/\\\/secure.gravatar.com\\\/avatar\\\/df0c9a14567c056f8ad6876ba5bbd1e3e2c48023eb6807342fc4663adf549f38?s=96&d=mm&r=g\",\"url\":\"https:\\\/\\\/secure.gravatar.com\\\/avatar\\\/df0c9a14567c056f8ad6876ba5bbd1e3e2c48023eb6807342fc4663adf549f38?s=96&d=mm&r=g\",\"contentUrl\":\"https:\\\/\\\/secure.gravatar.com\\\/avatar\\\/df0c9a14567c056f8ad6876ba5bbd1e3e2c48023eb6807342fc4663adf549f38?s=96&d=mm&r=g\",\"caption\":\"Farn\u00e9sio\"},\"sameAs\":[\"https:\\\/\\\/quersaberpolitica.com.br\"],\"url\":\"https:\\\/\\\/blogdofarnesio.com.br\\\/?author=1\"}]}<\/script>\n<!-- \/ Yoast SEO plugin. -->","yoast_head_json":{"title":"Hoje \u00e9 dia de comemorar a emancipa\u00e7\u00e3o da cidade de Tabira-PE que completa 72 anos - Blog do Farn\u00e9sio","robots":{"index":"index","follow":"follow","max-snippet":"max-snippet:-1","max-image-preview":"max-image-preview:large","max-video-preview":"max-video-preview:-1"},"canonical":"https:\/\/blogdofarnesio.com.br\/?p=286142","og_locale":"pt_BR","og_type":"article","og_title":"Hoje \u00e9 dia de comemorar a emancipa\u00e7\u00e3o da cidade de Tabira-PE que completa 72 anos - Blog do Farn\u00e9sio","og_description":"A Secretaria Municipal de Educa\u00e7\u00e3o de Tabira divulgou a programa\u00e7\u00e3o especial em celebra\u00e7\u00e3o aos 72 anos de Emancipa\u00e7\u00e3o Pol\u00edtica do munic\u00edpio, comemorado no dia 27 de maio. Devido ao momento at\u00edpico que estamos vivenciando, uma pandemia mundial, as atividades comemorativas foram repensadas, os tradicionais jogos escolares que aconteciam nesse per\u00edodo anualmente, deram lugar a um campeonato interno de jogos escolares eletr\u00f4nicos, que estar\u00e3o acontecendo entre os dias 13 a 27 de maio nas escolas da Rede Municipal. Entre os dias 24 e 25 de maio ser\u00e1 vivenciada, de forma remota \u2013 atrav\u00e9s da Plataforma Google Meet, a 1\u00ba edi\u00e7\u00e3o da Jornada Pedag\u00f3gica: \u201cEduca\u00e7\u00e3o que transforma\u201d, tal a\u00e7\u00e3o \u00e9 fruto da parceria da Secretaria de Educa\u00e7\u00e3o de Tabira com a Rede&hellip;","og_url":"https:\/\/blogdofarnesio.com.br\/?p=286142","og_site_name":"Blog do Farn\u00e9sio","article_publisher":"https:\/\/www.facebook.com\/BlogQuerSaberPolitica\/","article_published_time":"2021-05-27T12:42:05+00:00","og_image":[{"width":533,"height":400,"url":"https:\/\/blogdofarnesio.com.br\/wp-content\/uploads\/2021\/05\/blogqspTabira-PE.png","type":"image\/png"}],"author":"Farn\u00e9sio","twitter_card":"summary_large_image","twitter_misc":{"Escrito por":"Farn\u00e9sio","Est. tempo de leitura":"3 minutos"},"schema":{"@context":"https:\/\/schema.org","@graph":[{"@type":"Article","@id":"https:\/\/blogdofarnesio.com.br\/?p=286142#article","isPartOf":{"@id":"https:\/\/blogdofarnesio.com.br\/?p=286142"},"author":{"name":"Farn\u00e9sio","@id":"https:\/\/blogdofarnesio.com.br\/#\/schema\/person\/301c4acf522bccbfdb45af95b5b906a1"},"headline":"Hoje \u00e9 dia de comemorar a emancipa\u00e7\u00e3o da cidade de Tabira-PE que completa 72 anos","datePublished":"2021-05-27T12:42:05+00:00","mainEntityOfPage":{"@id":"https:\/\/blogdofarnesio.com.br\/?p=286142"},"wordCount":527,"publisher":{"@id":"https:\/\/blogdofarnesio.com.br\/#organization"},"image":{"@id":"https:\/\/blogdofarnesio.com.br\/?p=286142#primaryimage"},"thumbnailUrl":"https:\/\/blogdofarnesio.com.br\/wp-content\/uploads\/2021\/05\/blogqspTabira-PE.png","articleSection":["Cidades"],"inLanguage":"pt-BR"},{"@type":"WebPage","@id":"https:\/\/blogdofarnesio.com.br\/?p=286142","url":"https:\/\/blogdofarnesio.com.br\/?p=286142","name":"Hoje \u00e9 dia de comemorar a emancipa\u00e7\u00e3o da cidade de Tabira-PE que completa 72 anos - Blog do Farn\u00e9sio","isPartOf":{"@id":"https:\/\/blogdofarnesio.com.br\/#website"},"primaryImageOfPage":{"@id":"https:\/\/blogdofarnesio.com.br\/?p=286142#primaryimage"},"image":{"@id":"https:\/\/blogdofarnesio.com.br\/?p=286142#primaryimage"},"thumbnailUrl":"https:\/\/blogdofarnesio.com.br\/wp-content\/uploads\/2021\/05\/blogqspTabira-PE.png","datePublished":"2021-05-27T12:42:05+00:00","breadcrumb":{"@id":"https:\/\/blogdofarnesio.com.br\/?p=286142#breadcrumb"},"inLanguage":"pt-BR","potentialAction":[{"@type":"ReadAction","target":["https:\/\/blogdofarnesio.com.br\/?p=286142"]}]},{"@type":"ImageObject","inLanguage":"pt-BR","@id":"https:\/\/blogdofarnesio.com.br\/?p=286142#primaryimage","url":"https:\/\/blogdofarnesio.com.br\/wp-content\/uploads\/2021\/05\/blogqspTabira-PE.png","contentUrl":"https:\/\/blogdofarnesio.com.br\/wp-content\/uploads\/2021\/05\/blogqspTabira-PE.png","width":533,"height":400},{"@type":"BreadcrumbList","@id":"https:\/\/blogdofarnesio.com.br\/?p=286142#breadcrumb","itemListElement":[{"@type":"ListItem","position":1,"name":"In\u00edcio","item":"https:\/\/blogdofarnesio.com.br\/"},{"@type":"ListItem","position":2,"name":"Hoje \u00e9 dia de comemorar a emancipa\u00e7\u00e3o da cidade de Tabira-PE que completa 72 anos"}]},{"@type":"WebSite","@id":"https:\/\/blogdofarnesio.com.br\/#website","url":"https:\/\/blogdofarnesio.com.br\/","name":"Blog do Farn\u00e9sio","description":"Quer Saber Pol\u00edtica?","publisher":{"@id":"https:\/\/blogdofarnesio.com.br\/#organization"},"potentialAction":[{"@type":"SearchAction","target":{"@type":"EntryPoint","urlTemplate":"https:\/\/blogdofarnesio.com.br\/?s={search_term_string}"},"query-input":{"@type":"PropertyValueSpecification","valueRequired":true,"valueName":"search_term_string"}}],"inLanguage":"pt-BR"},{"@type":"Organization","@id":"https:\/\/blogdofarnesio.com.br\/#organization","name":"Blog do Farn\u00e9sio","url":"https:\/\/blogdofarnesio.com.br\/","logo":{"@type":"ImageObject","inLanguage":"pt-BR","@id":"https:\/\/blogdofarnesio.com.br\/#\/schema\/logo\/image\/","url":"https:\/\/blogdofarnesio.com.br\/wp-content\/uploads\/2026\/03\/cropped-logo_new-1.png","contentUrl":"https:\/\/blogdofarnesio.com.br\/wp-content\/uploads\/2026\/03\/cropped-logo_new-1.png","width":881,"height":685,"caption":"Blog do Farn\u00e9sio"},"image":{"@id":"https:\/\/blogdofarnesio.com.br\/#\/schema\/logo\/image\/"},"sameAs":["https:\/\/www.facebook.com\/BlogQuerSaberPolitica\/"]},{"@type":"Person","@id":"https:\/\/blogdofarnesio.com.br\/#\/schema\/person\/301c4acf522bccbfdb45af95b5b906a1","name":"Farn\u00e9sio","image":{"@type":"ImageObject","inLanguage":"pt-BR","@id":"https:\/\/secure.gravatar.com\/avatar\/df0c9a14567c056f8ad6876ba5bbd1e3e2c48023eb6807342fc4663adf549f38?s=96&d=mm&r=g","url":"https:\/\/secure.gravatar.com\/avatar\/df0c9a14567c056f8ad6876ba5bbd1e3e2c48023eb6807342fc4663adf549f38?s=96&d=mm&r=g","contentUrl":"https:\/\/secure.gravatar.com\/avatar\/df0c9a14567c056f8ad6876ba5bbd1e3e2c48023eb6807342fc4663adf549f38?s=96&d=mm&r=g","caption":"Farn\u00e9sio"},"sameAs":["https:\/\/quersaberpolitica.com.br"],"url":"https:\/\/blogdofarnesio.com.br\/?author=1"}]}},"_links":{"self":[{"href":"https:\/\/blogdofarnesio.com.br\/index.php?rest_route=\/wp\/v2\/posts\/286142","targetHints":{"allow":["GET"]}}],"collection":[{"href":"https:\/\/blogdofarnesio.com.br\/index.php?rest_route=\/wp\/v2\/posts"}],"about":[{"href":"https:\/\/blogdofarnesio.com.br\/index.php?rest_route=\/wp\/v2\/types\/post"}],"author":[{"embeddable":true,"href":"https:\/\/blogdofarnesio.com.br\/index.php?rest_route=\/wp\/v2\/users\/1"}],"replies":[{"embeddable":true,"href":"https:\/\/blogdofarnesio.com.br\/index.php?rest_route=%2Fwp%2Fv2%2Fcomments&post=286142"}],"version-history":[{"count":0,"href":"https:\/\/blogdofarnesio.com.br\/index.php?rest_route=\/wp\/v2\/posts\/286142\/revisions"}],"wp:featuredmedia":[{"embeddable":true,"href":"https:\/\/blogdofarnesio.com.br\/index.php?rest_route=\/wp\/v2\/media\/286143"}],"wp:attachment":[{"href":"https:\/\/blogdofarnesio.com.br\/index.php?rest_route=%2Fwp%2Fv2%2Fmedia&parent=286142"}],"wp:term":[{"taxonomy":"category","embeddable":true,"href":"https:\/\/blogdofarnesio.com.br\/index.php?rest_route=%2Fwp%2Fv2%2Fcategories&post=286142"},{"taxonomy":"post_tag","embeddable":true,"href":"https:\/\/blogdofarnesio.com.br\/index.php?rest_route=%2Fwp%2Fv2%2Ftags&post=286142"}],"curies":[{"name":"wp","href":"https:\/\/api.w.org\/{rel}","templated":true}]}}