{"id":285710,"date":"2021-05-16T10:00:27","date_gmt":"2021-05-16T13:00:27","guid":{"rendered":"http:\/\/quersaberpolitica.com.br\/2016\/?p=285710"},"modified":"2021-05-15T19:51:19","modified_gmt":"2021-05-15T22:51:19","slug":"com-a-chegada-de-novas-vacinas-petrolina-inicia-imunizacao-de-gravidas-puerperas-e-idosos-a-partir-de-67-anos-neste-domingo","status":"publish","type":"post","link":"https:\/\/blogdofarnesio.com.br\/?p=285710","title":{"rendered":"Com a chegada de novas vacinas, Petrolina inicia imuniza\u00e7\u00e3o de gr\u00e1vidas, pu\u00e9rperas e idosos a partir de 67 anos neste domingo"},"content":{"rendered":"<p style=\"font-weight: 400;\">Neste s\u00e1bado (15), a Prefeitura de Petrolina recebeu um novo repasse de doses das vacinas contra a COVID-19. Chegaram ao munic\u00edpio, vacinas produzidas pela Oxford\/Astrazeneca, Sinovac\/Coronavac e Pfizer\/Biontech para dar continuidade a imuniza\u00e7\u00e3o dos petrolinense.<\/p>\n<p style=\"font-weight: 400;\">As equipes da Secretaria de Sa\u00fade passaram por um treinamento, nesta manh\u00e3, com o objetivo de esclarecer d\u00favidas sobre a vacina da Pfizer. Durante o treinamento, foram passadas orienta\u00e7\u00f5es sobre transporte, log\u00edstica e manipula\u00e7\u00e3o das doses, j\u00e1 que o imunizante requer cuidados diferenciados, principalmente, com rela\u00e7\u00e3o a temperatura e armazenamento.<\/p>\n<p style=\"font-weight: 400;\">O in\u00edcio da vacina\u00e7\u00e3o de primeira dose para gestantes e pu\u00e9rperas, e segunda dose para idosos com 67 anos ou mais, inicia neste domingo (16). O hor\u00e1rio de vacina\u00e7\u00e3o ser\u00e1 das 8h \u00e0s 17h. Para as gr\u00e1vidas e pu\u00e9rperas \u00e9 necess\u00e1rio estar cadastrado na plataforma\u00a0<a href=\"http:\/\/vacinacaopetrolina.tisaude.com\/\" data-saferedirecturl=\"https:\/\/www.google.com\/url?q=http:\/\/vacinacaopetrolina.tisaude.com&amp;source=gmail&amp;ust=1621201119078000&amp;usg=AFQjCNGqPg2zB6WpWMvpdfu8tgXwUp1LJA\">vacinacaopetrolina.tisaude.com<\/a>\u00a0para receber a primeira dose. Al\u00e9m do documento de identifica\u00e7\u00e3o e comprovante de resid\u00eancia, \u00e9 preciso levar uma declara\u00e7\u00e3o atestando que faz parte deste grupo priorit\u00e1rio.<\/p>\n<p style=\"font-weight: 400;\"><strong>Pontos de vacina\u00e7\u00e3o gr\u00e1vidas e pu\u00e9rperas:<\/strong><\/p>\n<p style=\"font-weight: 400;\">&#8211; SESC, no Centro;<\/p>\n<p style=\"font-weight: 400;\">&#8211; Escola Municipal Luiza de Castro, no Jo\u00e3o de Deus;<\/p>\n<p style=\"font-weight: 400;\">J\u00e1 por meio de drive-thur, a equipe estar\u00e1 no estacionamento da Justi\u00e7a Federal, pr\u00f3ximo a c\u00e2mara de vereadores.<\/p>\n<p style=\"font-weight: 400;\"><strong>Pontos de vacina\u00e7\u00e3o idosos com 67 anos ou mais:<\/strong><\/p>\n<p style=\"font-weight: 400;\">&#8211; Sesi, na Vila Moc\u00f3;<\/p>\n<p style=\"font-weight: 400;\">&#8211; Centro do Idoso V\u00f3 Pul\u00fa, na Vila Eduardo;<\/p>\n<p style=\"font-weight: 400;\">&#8211; CMEI do Jo\u00e3o de Deus;<\/p>\n<p style=\"font-weight: 400;\">&#8211; Escola Municipal 21 de Setembro, no Jos\u00e9 e Maria.<\/p>\n<p style=\"font-weight: 400;\">J\u00e1 por meio de drive-thru, a equipe estar\u00e1 atendendo na avenida principal da Vila Eul\u00e1lia.<\/p>\n<p style=\"font-weight: 400;\">O munic\u00edpio tamb\u00e9m segue com a vacina\u00e7\u00e3o de comorbidos nos sete polos que est\u00e3o sendo utilizados desde a \u00faltima semana.<\/p>\n<p style=\"font-weight: 400;\"><strong>Petrolina \u00e9 refer\u00eancia<\/strong><\/p>\n<p style=\"font-weight: 400;\">Desde o in\u00edcio da campanha de vacina\u00e7\u00e3o contra a Covid-19, Petrolina est\u00e1 preparada e equipada para o recebimento das vacinas. Por isso, a &#8216;Capital do Sert\u00e3o&#8217; tornou-se\u00a0 refer\u00eancia para o armazenamento e aplica\u00e7\u00e3o da vacina em gestantes e pu\u00e9rperas de outros 17 munic\u00edpios pernambucanos. Este p\u00fablico ser\u00e1 vacinado em pontos diferentes dos que est\u00e3o abertos para as petrolinenses. Ser\u00e3o abertos dois polos de drive; um no posto Paiz\u00e3o na Br 428 e outro no posto Asa Branca no Cosme e Dami\u00e3o; e um ponto fixo na Escola Municipal Eliete Ara\u00fajo, na Vila Moc\u00f3.<\/p>\n<p style=\"font-weight: 400;\">A lista nominal ser\u00e1 enviada por cada munic\u00edpio, por\u00e9m, no momento da vacina\u00e7\u00e3o, a pessoa dever\u00e1 apresentar um documento de identifica\u00e7\u00e3o com foto.<\/p>\n<p style=\"font-weight: 400;\">Fotos: Jonas Santos<\/p>\n<p style=\"font-weight: 400;\">&#8212;&#8212;&#8212;&#8212;&#8212;&#8212;&#8212;&#8212;&#8212;&#8211;<\/p>\n<p style=\"font-weight: 400;\">Jhulyenne Souza &#8211; Assessoria de Comunica\u00e7\u00e3o<\/p>\n","protected":false},"excerpt":{"rendered":"<p>Neste s\u00e1bado (15), a Prefeitura de Petrolina recebeu um novo repasse de doses das vacinas contra a COVID-19. Chegaram ao munic\u00edpio, vacinas produzidas pela Oxford\/Astrazeneca, Sinovac\/Coronavac e Pfizer\/Biontech para dar continuidade a imuniza\u00e7\u00e3o dos petrolinense. As equipes da Secretaria de Sa\u00fade passaram por um treinamento, nesta manh\u00e3, com o objetivo de esclarecer d\u00favidas sobre a vacina da Pfizer. Durante o treinamento, foram passadas orienta\u00e7\u00f5es sobre transporte, log\u00edstica e manipula\u00e7\u00e3o das doses, j\u00e1 que o imunizante requer cuidados diferenciados, principalmente, com rela\u00e7\u00e3o a temperatura e armazenamento. O in\u00edcio da vacina\u00e7\u00e3o de primeira dose para gestantes e pu\u00e9rperas, e segunda dose para idosos com 67 anos ou mais, inicia neste domingo (16). O hor\u00e1rio de vacina\u00e7\u00e3o ser\u00e1 das 8h \u00e0s 17h. Para&hellip; <\/p>\n","protected":false},"author":1,"featured_media":285711,"comment_status":"closed","ping_status":"closed","sticky":false,"template":"","format":"standard","meta":{"_acf_changed":false,"footnotes":""},"categories":[1],"tags":[],"class_list":["post-285710","post","type-post","status-publish","format-standard","has-post-thumbnail","hentry","category-politica"],"acf":[],"yoast_head":"<!-- This site is optimized with the Yoast SEO plugin v27.4 - https:\/\/yoast.com\/product\/yoast-seo-wordpress\/ -->\n<title>Com a chegada de novas vacinas, Petrolina inicia imuniza\u00e7\u00e3o de gr\u00e1vidas, pu\u00e9rperas e idosos a partir de 67 anos neste domingo - Blog do Farn\u00e9sio<\/title>\n<meta name=\"robots\" content=\"index, follow, max-snippet:-1, max-image-preview:large, max-video-preview:-1\" \/>\n<link rel=\"canonical\" href=\"https:\/\/blogdofarnesio.com.br\/?p=285710\" \/>\n<meta property=\"og:locale\" content=\"pt_BR\" \/>\n<meta property=\"og:type\" content=\"article\" \/>\n<meta property=\"og:title\" content=\"Com a chegada de novas vacinas, Petrolina inicia imuniza\u00e7\u00e3o de gr\u00e1vidas, pu\u00e9rperas e idosos a partir de 67 anos neste domingo - Blog do Farn\u00e9sio\" \/>\n<meta property=\"og:description\" content=\"Neste s\u00e1bado (15), a Prefeitura de Petrolina recebeu um novo repasse de doses das vacinas contra a COVID-19. Chegaram ao munic\u00edpio, vacinas produzidas pela Oxford\/Astrazeneca, Sinovac\/Coronavac e Pfizer\/Biontech para dar continuidade a imuniza\u00e7\u00e3o dos petrolinense. As equipes da Secretaria de Sa\u00fade passaram por um treinamento, nesta manh\u00e3, com o objetivo de esclarecer d\u00favidas sobre a vacina da Pfizer. Durante o treinamento, foram passadas orienta\u00e7\u00f5es sobre transporte, log\u00edstica e manipula\u00e7\u00e3o das doses, j\u00e1 que o imunizante requer cuidados diferenciados, principalmente, com rela\u00e7\u00e3o a temperatura e armazenamento. O in\u00edcio da vacina\u00e7\u00e3o de primeira dose para gestantes e pu\u00e9rperas, e segunda dose para idosos com 67 anos ou mais, inicia neste domingo (16). O hor\u00e1rio de vacina\u00e7\u00e3o ser\u00e1 das 8h \u00e0s 17h. Para&hellip;\" \/>\n<meta property=\"og:url\" content=\"https:\/\/blogdofarnesio.com.br\/?p=285710\" \/>\n<meta property=\"og:site_name\" content=\"Blog do Farn\u00e9sio\" \/>\n<meta property=\"article:publisher\" content=\"https:\/\/www.facebook.com\/BlogQuerSaberPolitica\/\" \/>\n<meta property=\"article:published_time\" content=\"2021-05-16T13:00:27+00:00\" \/>\n<meta property=\"og:image\" content=\"https:\/\/blogdofarnesio.com.br\/wp-content\/uploads\/2021\/05\/Petrolina-inicia-imunizacao-de-gravidas-puerperase-idosos-a-partir-de-67-anos-neste-domingo-1-e1621119052931.jpeg\" \/>\n\t<meta property=\"og:image:width\" content=\"454\" \/>\n\t<meta property=\"og:image:height\" content=\"517\" \/>\n\t<meta property=\"og:image:type\" content=\"image\/jpeg\" \/>\n<meta name=\"author\" content=\"Farn\u00e9sio\" \/>\n<meta name=\"twitter:card\" content=\"summary_large_image\" \/>\n<meta name=\"twitter:label1\" content=\"Escrito por\" \/>\n\t<meta name=\"twitter:data1\" content=\"Farn\u00e9sio\" \/>\n\t<meta name=\"twitter:label2\" content=\"Est. tempo de leitura\" \/>\n\t<meta name=\"twitter:data2\" content=\"2 minutos\" \/>\n<script type=\"application\/ld+json\" class=\"yoast-schema-graph\">{\"@context\":\"https:\\\/\\\/schema.org\",\"@graph\":[{\"@type\":\"Article\",\"@id\":\"https:\\\/\\\/blogdofarnesio.com.br\\\/?p=285710#article\",\"isPartOf\":{\"@id\":\"https:\\\/\\\/blogdofarnesio.com.br\\\/?p=285710\"},\"author\":{\"name\":\"Farn\u00e9sio\",\"@id\":\"https:\\\/\\\/blogdofarnesio.com.br\\\/#\\\/schema\\\/person\\\/301c4acf522bccbfdb45af95b5b906a1\"},\"headline\":\"Com a chegada de novas vacinas, Petrolina inicia imuniza\u00e7\u00e3o de gr\u00e1vidas, pu\u00e9rperas e idosos a partir de 67 anos neste domingo\",\"datePublished\":\"2021-05-16T13:00:27+00:00\",\"mainEntityOfPage\":{\"@id\":\"https:\\\/\\\/blogdofarnesio.com.br\\\/?p=285710\"},\"wordCount\":471,\"publisher\":{\"@id\":\"https:\\\/\\\/blogdofarnesio.com.br\\\/#organization\"},\"image\":{\"@id\":\"https:\\\/\\\/blogdofarnesio.com.br\\\/?p=285710#primaryimage\"},\"thumbnailUrl\":\"https:\\\/\\\/blogdofarnesio.com.br\\\/wp-content\\\/uploads\\\/2021\\\/05\\\/Petrolina-inicia-imunizacao-de-gravidas-puerperase-idosos-a-partir-de-67-anos-neste-domingo-1-e1621119052931.jpeg\",\"articleSection\":[\"Pol\u00edtica\"],\"inLanguage\":\"pt-BR\"},{\"@type\":\"WebPage\",\"@id\":\"https:\\\/\\\/blogdofarnesio.com.br\\\/?p=285710\",\"url\":\"https:\\\/\\\/blogdofarnesio.com.br\\\/?p=285710\",\"name\":\"Com a chegada de novas vacinas, Petrolina inicia imuniza\u00e7\u00e3o de gr\u00e1vidas, pu\u00e9rperas e idosos a partir de 67 anos neste domingo - Blog do Farn\u00e9sio\",\"isPartOf\":{\"@id\":\"https:\\\/\\\/blogdofarnesio.com.br\\\/#website\"},\"primaryImageOfPage\":{\"@id\":\"https:\\\/\\\/blogdofarnesio.com.br\\\/?p=285710#primaryimage\"},\"image\":{\"@id\":\"https:\\\/\\\/blogdofarnesio.com.br\\\/?p=285710#primaryimage\"},\"thumbnailUrl\":\"https:\\\/\\\/blogdofarnesio.com.br\\\/wp-content\\\/uploads\\\/2021\\\/05\\\/Petrolina-inicia-imunizacao-de-gravidas-puerperase-idosos-a-partir-de-67-anos-neste-domingo-1-e1621119052931.jpeg\",\"datePublished\":\"2021-05-16T13:00:27+00:00\",\"breadcrumb\":{\"@id\":\"https:\\\/\\\/blogdofarnesio.com.br\\\/?p=285710#breadcrumb\"},\"inLanguage\":\"pt-BR\",\"potentialAction\":[{\"@type\":\"ReadAction\",\"target\":[\"https:\\\/\\\/blogdofarnesio.com.br\\\/?p=285710\"]}]},{\"@type\":\"ImageObject\",\"inLanguage\":\"pt-BR\",\"@id\":\"https:\\\/\\\/blogdofarnesio.com.br\\\/?p=285710#primaryimage\",\"url\":\"https:\\\/\\\/blogdofarnesio.com.br\\\/wp-content\\\/uploads\\\/2021\\\/05\\\/Petrolina-inicia-imunizacao-de-gravidas-puerperase-idosos-a-partir-de-67-anos-neste-domingo-1-e1621119052931.jpeg\",\"contentUrl\":\"https:\\\/\\\/blogdofarnesio.com.br\\\/wp-content\\\/uploads\\\/2021\\\/05\\\/Petrolina-inicia-imunizacao-de-gravidas-puerperase-idosos-a-partir-de-67-anos-neste-domingo-1-e1621119052931.jpeg\",\"width\":454,\"height\":517},{\"@type\":\"BreadcrumbList\",\"@id\":\"https:\\\/\\\/blogdofarnesio.com.br\\\/?p=285710#breadcrumb\",\"itemListElement\":[{\"@type\":\"ListItem\",\"position\":1,\"name\":\"In\u00edcio\",\"item\":\"https:\\\/\\\/blogdofarnesio.com.br\\\/\"},{\"@type\":\"ListItem\",\"position\":2,\"name\":\"Com a chegada de novas vacinas, Petrolina inicia imuniza\u00e7\u00e3o de gr\u00e1vidas, pu\u00e9rperas e idosos a partir de 67 anos neste domingo\"}]},{\"@type\":\"WebSite\",\"@id\":\"https:\\\/\\\/blogdofarnesio.com.br\\\/#website\",\"url\":\"https:\\\/\\\/blogdofarnesio.com.br\\\/\",\"name\":\"Blog do Farn\u00e9sio\",\"description\":\"Quer Saber Pol\u00edtica?\",\"publisher\":{\"@id\":\"https:\\\/\\\/blogdofarnesio.com.br\\\/#organization\"},\"potentialAction\":[{\"@type\":\"SearchAction\",\"target\":{\"@type\":\"EntryPoint\",\"urlTemplate\":\"https:\\\/\\\/blogdofarnesio.com.br\\\/?s={search_term_string}\"},\"query-input\":{\"@type\":\"PropertyValueSpecification\",\"valueRequired\":true,\"valueName\":\"search_term_string\"}}],\"inLanguage\":\"pt-BR\"},{\"@type\":\"Organization\",\"@id\":\"https:\\\/\\\/blogdofarnesio.com.br\\\/#organization\",\"name\":\"Blog do Farn\u00e9sio\",\"url\":\"https:\\\/\\\/blogdofarnesio.com.br\\\/\",\"logo\":{\"@type\":\"ImageObject\",\"inLanguage\":\"pt-BR\",\"@id\":\"https:\\\/\\\/blogdofarnesio.com.br\\\/#\\\/schema\\\/logo\\\/image\\\/\",\"url\":\"https:\\\/\\\/blogdofarnesio.com.br\\\/wp-content\\\/uploads\\\/2026\\\/03\\\/cropped-logo_new-1.png\",\"contentUrl\":\"https:\\\/\\\/blogdofarnesio.com.br\\\/wp-content\\\/uploads\\\/2026\\\/03\\\/cropped-logo_new-1.png\",\"width\":881,\"height\":685,\"caption\":\"Blog do Farn\u00e9sio\"},\"image\":{\"@id\":\"https:\\\/\\\/blogdofarnesio.com.br\\\/#\\\/schema\\\/logo\\\/image\\\/\"},\"sameAs\":[\"https:\\\/\\\/www.facebook.com\\\/BlogQuerSaberPolitica\\\/\"]},{\"@type\":\"Person\",\"@id\":\"https:\\\/\\\/blogdofarnesio.com.br\\\/#\\\/schema\\\/person\\\/301c4acf522bccbfdb45af95b5b906a1\",\"name\":\"Farn\u00e9sio\",\"image\":{\"@type\":\"ImageObject\",\"inLanguage\":\"pt-BR\",\"@id\":\"https:\\\/\\\/secure.gravatar.com\\\/avatar\\\/df0c9a14567c056f8ad6876ba5bbd1e3e2c48023eb6807342fc4663adf549f38?s=96&d=mm&r=g\",\"url\":\"https:\\\/\\\/secure.gravatar.com\\\/avatar\\\/df0c9a14567c056f8ad6876ba5bbd1e3e2c48023eb6807342fc4663adf549f38?s=96&d=mm&r=g\",\"contentUrl\":\"https:\\\/\\\/secure.gravatar.com\\\/avatar\\\/df0c9a14567c056f8ad6876ba5bbd1e3e2c48023eb6807342fc4663adf549f38?s=96&d=mm&r=g\",\"caption\":\"Farn\u00e9sio\"},\"sameAs\":[\"https:\\\/\\\/quersaberpolitica.com.br\"],\"url\":\"https:\\\/\\\/blogdofarnesio.com.br\\\/?author=1\"}]}<\/script>\n<!-- \/ Yoast SEO plugin. -->","yoast_head_json":{"title":"Com a chegada de novas vacinas, Petrolina inicia imuniza\u00e7\u00e3o de gr\u00e1vidas, pu\u00e9rperas e idosos a partir de 67 anos neste domingo - Blog do Farn\u00e9sio","robots":{"index":"index","follow":"follow","max-snippet":"max-snippet:-1","max-image-preview":"max-image-preview:large","max-video-preview":"max-video-preview:-1"},"canonical":"https:\/\/blogdofarnesio.com.br\/?p=285710","og_locale":"pt_BR","og_type":"article","og_title":"Com a chegada de novas vacinas, Petrolina inicia imuniza\u00e7\u00e3o de gr\u00e1vidas, pu\u00e9rperas e idosos a partir de 67 anos neste domingo - Blog do Farn\u00e9sio","og_description":"Neste s\u00e1bado (15), a Prefeitura de Petrolina recebeu um novo repasse de doses das vacinas contra a COVID-19. Chegaram ao munic\u00edpio, vacinas produzidas pela Oxford\/Astrazeneca, Sinovac\/Coronavac e Pfizer\/Biontech para dar continuidade a imuniza\u00e7\u00e3o dos petrolinense. As equipes da Secretaria de Sa\u00fade passaram por um treinamento, nesta manh\u00e3, com o objetivo de esclarecer d\u00favidas sobre a vacina da Pfizer. Durante o treinamento, foram passadas orienta\u00e7\u00f5es sobre transporte, log\u00edstica e manipula\u00e7\u00e3o das doses, j\u00e1 que o imunizante requer cuidados diferenciados, principalmente, com rela\u00e7\u00e3o a temperatura e armazenamento. O in\u00edcio da vacina\u00e7\u00e3o de primeira dose para gestantes e pu\u00e9rperas, e segunda dose para idosos com 67 anos ou mais, inicia neste domingo (16). O hor\u00e1rio de vacina\u00e7\u00e3o ser\u00e1 das 8h \u00e0s 17h. Para&hellip;","og_url":"https:\/\/blogdofarnesio.com.br\/?p=285710","og_site_name":"Blog do Farn\u00e9sio","article_publisher":"https:\/\/www.facebook.com\/BlogQuerSaberPolitica\/","article_published_time":"2021-05-16T13:00:27+00:00","og_image":[{"width":454,"height":517,"url":"https:\/\/blogdofarnesio.com.br\/wp-content\/uploads\/2021\/05\/Petrolina-inicia-imunizacao-de-gravidas-puerperase-idosos-a-partir-de-67-anos-neste-domingo-1-e1621119052931.jpeg","type":"image\/jpeg"}],"author":"Farn\u00e9sio","twitter_card":"summary_large_image","twitter_misc":{"Escrito por":"Farn\u00e9sio","Est. tempo de leitura":"2 minutos"},"schema":{"@context":"https:\/\/schema.org","@graph":[{"@type":"Article","@id":"https:\/\/blogdofarnesio.com.br\/?p=285710#article","isPartOf":{"@id":"https:\/\/blogdofarnesio.com.br\/?p=285710"},"author":{"name":"Farn\u00e9sio","@id":"https:\/\/blogdofarnesio.com.br\/#\/schema\/person\/301c4acf522bccbfdb45af95b5b906a1"},"headline":"Com a chegada de novas vacinas, Petrolina inicia imuniza\u00e7\u00e3o de gr\u00e1vidas, pu\u00e9rperas e idosos a partir de 67 anos neste domingo","datePublished":"2021-05-16T13:00:27+00:00","mainEntityOfPage":{"@id":"https:\/\/blogdofarnesio.com.br\/?p=285710"},"wordCount":471,"publisher":{"@id":"https:\/\/blogdofarnesio.com.br\/#organization"},"image":{"@id":"https:\/\/blogdofarnesio.com.br\/?p=285710#primaryimage"},"thumbnailUrl":"https:\/\/blogdofarnesio.com.br\/wp-content\/uploads\/2021\/05\/Petrolina-inicia-imunizacao-de-gravidas-puerperase-idosos-a-partir-de-67-anos-neste-domingo-1-e1621119052931.jpeg","articleSection":["Pol\u00edtica"],"inLanguage":"pt-BR"},{"@type":"WebPage","@id":"https:\/\/blogdofarnesio.com.br\/?p=285710","url":"https:\/\/blogdofarnesio.com.br\/?p=285710","name":"Com a chegada de novas vacinas, Petrolina inicia imuniza\u00e7\u00e3o de gr\u00e1vidas, pu\u00e9rperas e idosos a partir de 67 anos neste domingo - Blog do Farn\u00e9sio","isPartOf":{"@id":"https:\/\/blogdofarnesio.com.br\/#website"},"primaryImageOfPage":{"@id":"https:\/\/blogdofarnesio.com.br\/?p=285710#primaryimage"},"image":{"@id":"https:\/\/blogdofarnesio.com.br\/?p=285710#primaryimage"},"thumbnailUrl":"https:\/\/blogdofarnesio.com.br\/wp-content\/uploads\/2021\/05\/Petrolina-inicia-imunizacao-de-gravidas-puerperase-idosos-a-partir-de-67-anos-neste-domingo-1-e1621119052931.jpeg","datePublished":"2021-05-16T13:00:27+00:00","breadcrumb":{"@id":"https:\/\/blogdofarnesio.com.br\/?p=285710#breadcrumb"},"inLanguage":"pt-BR","potentialAction":[{"@type":"ReadAction","target":["https:\/\/blogdofarnesio.com.br\/?p=285710"]}]},{"@type":"ImageObject","inLanguage":"pt-BR","@id":"https:\/\/blogdofarnesio.com.br\/?p=285710#primaryimage","url":"https:\/\/blogdofarnesio.com.br\/wp-content\/uploads\/2021\/05\/Petrolina-inicia-imunizacao-de-gravidas-puerperase-idosos-a-partir-de-67-anos-neste-domingo-1-e1621119052931.jpeg","contentUrl":"https:\/\/blogdofarnesio.com.br\/wp-content\/uploads\/2021\/05\/Petrolina-inicia-imunizacao-de-gravidas-puerperase-idosos-a-partir-de-67-anos-neste-domingo-1-e1621119052931.jpeg","width":454,"height":517},{"@type":"BreadcrumbList","@id":"https:\/\/blogdofarnesio.com.br\/?p=285710#breadcrumb","itemListElement":[{"@type":"ListItem","position":1,"name":"In\u00edcio","item":"https:\/\/blogdofarnesio.com.br\/"},{"@type":"ListItem","position":2,"name":"Com a chegada de novas vacinas, Petrolina inicia imuniza\u00e7\u00e3o de gr\u00e1vidas, pu\u00e9rperas e idosos a partir de 67 anos neste domingo"}]},{"@type":"WebSite","@id":"https:\/\/blogdofarnesio.com.br\/#website","url":"https:\/\/blogdofarnesio.com.br\/","name":"Blog do Farn\u00e9sio","description":"Quer Saber Pol\u00edtica?","publisher":{"@id":"https:\/\/blogdofarnesio.com.br\/#organization"},"potentialAction":[{"@type":"SearchAction","target":{"@type":"EntryPoint","urlTemplate":"https:\/\/blogdofarnesio.com.br\/?s={search_term_string}"},"query-input":{"@type":"PropertyValueSpecification","valueRequired":true,"valueName":"search_term_string"}}],"inLanguage":"pt-BR"},{"@type":"Organization","@id":"https:\/\/blogdofarnesio.com.br\/#organization","name":"Blog do Farn\u00e9sio","url":"https:\/\/blogdofarnesio.com.br\/","logo":{"@type":"ImageObject","inLanguage":"pt-BR","@id":"https:\/\/blogdofarnesio.com.br\/#\/schema\/logo\/image\/","url":"https:\/\/blogdofarnesio.com.br\/wp-content\/uploads\/2026\/03\/cropped-logo_new-1.png","contentUrl":"https:\/\/blogdofarnesio.com.br\/wp-content\/uploads\/2026\/03\/cropped-logo_new-1.png","width":881,"height":685,"caption":"Blog do Farn\u00e9sio"},"image":{"@id":"https:\/\/blogdofarnesio.com.br\/#\/schema\/logo\/image\/"},"sameAs":["https:\/\/www.facebook.com\/BlogQuerSaberPolitica\/"]},{"@type":"Person","@id":"https:\/\/blogdofarnesio.com.br\/#\/schema\/person\/301c4acf522bccbfdb45af95b5b906a1","name":"Farn\u00e9sio","image":{"@type":"ImageObject","inLanguage":"pt-BR","@id":"https:\/\/secure.gravatar.com\/avatar\/df0c9a14567c056f8ad6876ba5bbd1e3e2c48023eb6807342fc4663adf549f38?s=96&d=mm&r=g","url":"https:\/\/secure.gravatar.com\/avatar\/df0c9a14567c056f8ad6876ba5bbd1e3e2c48023eb6807342fc4663adf549f38?s=96&d=mm&r=g","contentUrl":"https:\/\/secure.gravatar.com\/avatar\/df0c9a14567c056f8ad6876ba5bbd1e3e2c48023eb6807342fc4663adf549f38?s=96&d=mm&r=g","caption":"Farn\u00e9sio"},"sameAs":["https:\/\/quersaberpolitica.com.br"],"url":"https:\/\/blogdofarnesio.com.br\/?author=1"}]}},"_links":{"self":[{"href":"https:\/\/blogdofarnesio.com.br\/index.php?rest_route=\/wp\/v2\/posts\/285710","targetHints":{"allow":["GET"]}}],"collection":[{"href":"https:\/\/blogdofarnesio.com.br\/index.php?rest_route=\/wp\/v2\/posts"}],"about":[{"href":"https:\/\/blogdofarnesio.com.br\/index.php?rest_route=\/wp\/v2\/types\/post"}],"author":[{"embeddable":true,"href":"https:\/\/blogdofarnesio.com.br\/index.php?rest_route=\/wp\/v2\/users\/1"}],"replies":[{"embeddable":true,"href":"https:\/\/blogdofarnesio.com.br\/index.php?rest_route=%2Fwp%2Fv2%2Fcomments&post=285710"}],"version-history":[{"count":0,"href":"https:\/\/blogdofarnesio.com.br\/index.php?rest_route=\/wp\/v2\/posts\/285710\/revisions"}],"wp:featuredmedia":[{"embeddable":true,"href":"https:\/\/blogdofarnesio.com.br\/index.php?rest_route=\/wp\/v2\/media\/285711"}],"wp:attachment":[{"href":"https:\/\/blogdofarnesio.com.br\/index.php?rest_route=%2Fwp%2Fv2%2Fmedia&parent=285710"}],"wp:term":[{"taxonomy":"category","embeddable":true,"href":"https:\/\/blogdofarnesio.com.br\/index.php?rest_route=%2Fwp%2Fv2%2Fcategories&post=285710"},{"taxonomy":"post_tag","embeddable":true,"href":"https:\/\/blogdofarnesio.com.br\/index.php?rest_route=%2Fwp%2Fv2%2Ftags&post=285710"}],"curies":[{"name":"wp","href":"https:\/\/api.w.org\/{rel}","templated":true}]}}