{"id":285697,"date":"2021-05-16T08:01:51","date_gmt":"2021-05-16T11:01:51","guid":{"rendered":"http:\/\/quersaberpolitica.com.br\/2016\/?p=285697"},"modified":"2021-05-15T19:36:04","modified_gmt":"2021-05-15T22:36:04","slug":"datafolha-49-apoiam-impeachment-de-bolsonaro-e-46-se-dizem-contrarios","status":"publish","type":"post","link":"https:\/\/blogdofarnesio.com.br\/?p=285697","title":{"rendered":"Datafolha: 49% apoiam impeachment de Bolsonaro, e 46% se dizem contr\u00e1rios"},"content":{"rendered":"<header class=\"article-header article-header--\">\n<div class=\"article-header__container\">\n<div class=\"article-header__content\">\n<div class=\"article__subtitle\">O Globo \u2014 O \u00edndice da popula\u00e7\u00e3o que apoia o impeachment do presidente Jair Bolsonaro \u00e9, pela primeira vez, numericamente maior do que o percentual de quem \u00e9 contr\u00e1rio ao afastamento, de acordo com pesquisa Datafolha divulgada neste s\u00e1bado.<\/div>\n<\/div>\n<\/div>\n<\/header>\n<div class=\"article__content-container protected-content\"><main class=\"main-content\"><strong>Datafolha:<\/strong><a href=\"https:\/\/oglobo.globo.com\/brasil\/maioria-da-populacao-apoia-cpi-da-covid-mas-avalia-que-comissao-fara-apenas-uma-encenacao-diz-datafolha-1-25019647\">Maioria apoia CPI da Covid, mas avalia que comiss\u00e3o far\u00e1 apenas uma encena\u00e7\u00e3o<\/a><\/main>Entre os entrevistados, 49% s\u00e3o favor\u00e1veis ao processo. J\u00e1 46% se dizem contr\u00e1rios ao afastamento do presidente. O Datafolha entrevistou, presencialmente, 2.071 pessoas em todo o Brasil entre ter\u00e7a-feira e quarta-feira. A margem de erro \u00e9 de dois pontos percentuais, para mais ou para menos, com n\u00edvel de confian\u00e7a de 95%.<\/p>\n<p>Os \u00edndices representam um empate t\u00e9cnico dentro da margem de erro e praticamente se inverteram em rela\u00e7\u00e3o a mar\u00e7o deste ano, quando 50% afirmavam se opor ao impeachment, ante 46% que se declararam a favor.<\/p>\n<p>A reprova\u00e7\u00e3o ao impeachment \u00e9 de 52% entre homens e no Sul do pa\u00eds e de 60% entre entrevistados que dizem n\u00e3o ter medo do coronav\u00edrus. Tamb\u00e9m chega a 57% entre evang\u00e9licos e 56% entre assalariados registrados.<\/p>\n<p>J\u00e1 o apoio ao afastamento \u00e9 maior entre jovens de 16 a 24 anos (57%), moradores do Nordeste (57%), desempregados que procuram emprego (62%) e entrevistados que dizem ter muito medo do coronav\u00edrus (60%). Entre eleitores do ex-presidente Lula, o apoio ao afastamento \u00e9 de 74%.<\/p>\n<section class=\"article__photo-gallery-teaser gallery-teaser small-gallery gallery-teaser--mista\">\n<header class=\"photo-gallery-teaser__header gallery-teaser__header\">\n<h4 class=\"photo-gallery-teaser__header-title gallery-teaser__header-title\">CPI DA COVID: VEJA OS PRINCIPAIS ACONTECIMENTOS NA COMISS\u00c3O AT\u00c9 AGORA<\/h4>\n<\/header>\n<div class=\"gallery__controls carousel-controls\">\n<div class=\"carousel__controls\">\n<header class=\"article-header article-header--\">\n<div class=\"article-header__container\">\n<div class=\"article-header__content\">\n<h1 class=\"article__title\">Datafolha: 49% apoiam impeachment de Bolsonaro, e 46% se dizem contr\u00e1rios<\/h1>\n<div class=\"article__subtitle\">\u00c9 a primeira vez que \u00edndice dos favor\u00e1veis ao afastamento supera numericamente os contr\u00e1rios<\/div>\n<\/div>\n<div class=\"article-header__meta\">\n<div class=\"article__author\">O Globo<\/div>\n<div class=\"article__date\">15\/05\/2021 &#8211; 14:58 \/ Atualizado em 15\/05\/2021 &#8211; 18:07<\/div>\n<\/div>\n<figure class=\"article-header__picture\"><img decoding=\"async\" class=\"lazyload article__picture-image image--loaded\" src=\"https:\/\/ogimg.infoglobo.com.br\/in\/24930576-95f-8fa\/FT1086A\/x91957972_Brazils-President-Jair-Bolsonaro-speaks-at-the-Alvorada-Palace-amid-the-coronavirus-di-1.jpg.pagespeed.ic.RU6Dart3vu.jpg\" alt=\"O presidente Jair Bolsonaro na sa\u00edda do Pal\u00e1cio da Alvorada Foto: Ueslei Marcelino\/Reuters\/10-03-2021\" \/><figcaption class=\"article__picture-caption\">O presidente Jair Bolsonaro na sa\u00edda do Pal\u00e1cio da Alvorada Foto: Ueslei Marcelino\/Reuters\/10-03-2021<\/figcaption><\/figure>\n<\/div>\n<\/header>\n<div class=\"article__content-container protected-content\">\n<p>&nbsp;<\/p>\n<div class=\"block block--advertising block--advertising-inside\">\n<div class=\"block__advertising\">\n<div class=\"block__advertising-content\">\n<div id=\"pub-retangulo-1\" class=\"advertising advertising--retangulo advertising--loaded\" data-oglobo-advertising-format=\"retangulo\" data-oglobo-advertising-index=\"1\" data-google-query-id=\"CPbMk7nQzPACFVII1AodLS4I3Q\"><\/div>\n<\/div>\n<\/div>\n<\/div>\n<p>RIO \u2014 O \u00edndice da popula\u00e7\u00e3o que apoia o impeachment do presidente Jair Bolsonaro \u00e9, pela primeira vez, numericamente maior do que o percentual de quem \u00e9 contr\u00e1rio ao afastamento, de acordo com pesquisa Datafolha divulgada neste s\u00e1bado.<\/p>\n<p><strong>Datafolha:<\/strong><a href=\"https:\/\/oglobo.globo.com\/brasil\/maioria-da-populacao-apoia-cpi-da-covid-mas-avalia-que-comissao-fara-apenas-uma-encenacao-diz-datafolha-1-25019647\">Maioria apoia CPI da Covid, mas avalia que comiss\u00e3o far\u00e1 apenas uma encena\u00e7\u00e3o<\/a><\/p>\n<p>Entre os entrevistados, 49% s\u00e3o favor\u00e1veis ao processo. J\u00e1 46% se dizem contr\u00e1rios ao afastamento do presidente. O Datafolha entrevistou, presencialmente, 2.071 pessoas em todo o Brasil entre ter\u00e7a-feira e quarta-feira. A margem de erro \u00e9 de dois pontos percentuais, para mais ou para menos, com n\u00edvel de confian\u00e7a de 95%.<\/p>\n<p>Os \u00edndices representam um empate t\u00e9cnico dentro da margem de erro e praticamente se inverteram em rela\u00e7\u00e3o a mar\u00e7o deste ano, quando 50% afirmavam se opor ao impeachment, ante 46% que se declararam a favor.<\/p>\n<p>A reprova\u00e7\u00e3o ao impeachment \u00e9 de 52% entre homens e no Sul do pa\u00eds e de 60% entre entrevistados que dizem n\u00e3o ter medo do coronav\u00edrus. Tamb\u00e9m chega a 57% entre evang\u00e9licos e 56% entre assalariados registrados.<\/p>\n<p>J\u00e1 o apoio ao afastamento \u00e9 maior entre jovens de 16 a 24 anos (57%), moradores do Nordeste (57%), desempregados que procuram emprego (62%) e entrevistados que dizem ter muito medo do coronav\u00edrus (60%). Entre eleitores do ex-presidente Lula, o apoio ao afastamento \u00e9 de 74%.<\/p>\n<section class=\"article__photo-gallery-teaser gallery-teaser small-gallery gallery-teaser--mista\">\n<header class=\"photo-gallery-teaser__header gallery-teaser__header\">\n<h4 class=\"photo-gallery-teaser__header-title gallery-teaser__header-title\">CPI DA COVID: VEJA OS PRINCIPAIS ACONTECIMENTOS NA COMISS\u00c3O AT\u00c9 AGORA<\/h4>\n<\/header>\n<div class=\"gallery__controls carousel-controls\">\n<div class=\"carousel__page-counter control--counter\">1 de 18<\/div>\n<\/div>\n<\/section>\n<p>&nbsp;<\/p>\n<\/div>\n<\/div>\n<\/div>\n<div class=\"gallery-teaser--container carousel__container\">\n<div class=\"gallery-teaser--wrapper article_gallery-teaser--wrapper carousel__wrapper\">\n<article id=\"posicaoFoto1\" class=\"photo-gallery-teaser gallery-teaser gallery-teaser--horizontal carousel__item\">\n<figure class=\"photo-gallery-teaser__figure gallery-figure article__picture article__picture--horizontal\"><img decoding=\"async\" class=\"lazyload photo-gallery-teaser__image gallery-image article__picture-image image--loaded\" src=\"https:\/\/ogimg.infoglobo.com.br\/in\/25017274-8ea-bbc\/FT1086A\/x92877238_PA-Brasilia-BSB-13-05-2021-Sessao-da-CPI-da-Pandemia-na-foto-o-depoimento-do-Gerenteda-Pf.jpg.pagespeed.ic.IG3unuskLs.jpg\" alt=\"O gerente-geral da farmac\u00eautica Pfizer na Am\u00e9rica Latina, Carlos Murillo, revelou que o Brasil poderia ter recebido 4,5 milh\u00f5es de doses a mais de vacinas contra a Covid-19 at\u00e9 mar\u00e7o deste ano Foto: Pablo Jacob \/ Ag\u00eancia O Globo 13\/05\/2021\" data-src=\"https:\/\/ogimg.infoglobo.com.br\/in\/25017274-8ea-bbc\/FT1086A\/x92877238_PA-Brasilia-BSB-13-05-2021-Sessao-da-CPI-da-Pandemia-na-foto-o-depoimento-do-Gerenteda-Pf.jpg.pagespeed.ic.IG3unuskLs.jpg\" \/><figcaption class=\"photo-gallery-teaser__figcaption gallery-caption article__picture-caption\">O gerente-geral da farmac\u00eautica Pfizer na Am\u00e9rica Latina, Carlos Murillo, revelou que o Brasil poderia ter recebido 4,5 milh\u00f5es de doses a mais de vacinas contra a Covid-19 at\u00e9 mar\u00e7o deste ano Foto: Pablo Jacob \/ Ag\u00eancia O Globo 13\/05\/2021<\/figcaption><\/figure>\n<\/article>\n<article id=\"posicaoFoto2\" class=\"photo-gallery-teaser gallery-teaser gallery-teaser--horizontal carousel__item\">\n<figure class=\"photo-gallery-teaser__figure gallery-figure article__picture article__picture--horizontal\"><img decoding=\"async\" class=\"lazyload photo-gallery-teaser__image gallery-image article__picture-image image--loaded\" src=\"https:\/\/ogimg.infoglobo.com.br\/in\/25015088-63e-56e\/FT1086A\/xflaviobolsonaroerenan.jpeg.jpg.pagespeed.ic.y7-aL4ki-6.jpg\" alt=\"Bate-boca entre senadores Fl\u00e1vio Bolsonaro e Renan Calheiros marcou sess\u00e3o em que Wajngarten foi ouvido. Para o relator, governo tem &amp;#034;proximidade com milicianos&amp;#034; e, para o filho do presidente, \u201cn\u00e3o tem moral\u201d para dar voz de pris\u00e3o Foto: Marcos Oliveira e Leopoldo Silva \/ Ag\u00eancia Senado\" data-src=\"https:\/\/ogimg.infoglobo.com.br\/in\/25015088-63e-56e\/FT1086A\/xflaviobolsonaroerenan.jpeg.jpg.pagespeed.ic.y7-aL4ki-6.jpg\" \/><figcaption class=\"photo-gallery-teaser__figcaption gallery-caption article__picture-caption\">Bate-boca entre senadores Fl\u00e1vio Bolsonaro e Renan Calheiros marcou sess\u00e3o em que Wajngarten foi ouvido. Para o relator, governo tem &#8220;proximidade com milicianos&#8221; e, para o filho do presidente, \u201cn\u00e3o tem moral\u201d para dar voz de pris\u00e3o Foto: Marcos Oliveira e Leopoldo Silva \/ Ag\u00eancia Senado<\/figcaption><\/figure>\n<\/article>\n<article id=\"posicaoFoto3\" class=\"photo-gallery-teaser gallery-teaser gallery-teaser--horizontal carousel__item\">\n<figure class=\"photo-gallery-teaser__figure gallery-figure article__picture article__picture--horizontal\"><img decoding=\"async\" class=\"lazyload photo-gallery-teaser__image gallery-image article__picture-image image--loaded\" src=\"https:\/\/ogimg.infoglobo.com.br\/in\/25014709-3a9-dc4\/FT1086A\/x92863136_Comissao-Parlamentar-de-Inquerito-da-Pandemia-CPIPANDEMIA-realiza-oitiva-do-ex-secretario-e.jpg.pagespeed.ic.mPqwnkascm.jpg\" alt=\"Depois da apari\u00e7\u00e3o de Flavio Bolsonaro, em defesa de Wajngarten, sess\u00e3o da CPI da Covid foi interrompida Foto: Edilson Rodrigues \/ Ag\u00eancia O Globo - 12\/05\/2021\" data-src=\"https:\/\/ogimg.infoglobo.com.br\/in\/25014709-3a9-dc4\/FT1086A\/x92863136_Comissao-Parlamentar-de-Inquerito-da-Pandemia-CPIPANDEMIA-realiza-oitiva-do-ex-secretario-e.jpg.pagespeed.ic.mPqwnkascm.jpg\" \/><figcaption class=\"photo-gallery-teaser__figcaption gallery-caption article__picture-caption\">Depois da apari\u00e7\u00e3o de Flavio Bolsonaro, em defesa de Wajngarten, sess\u00e3o da CPI da Covid foi interrompida Foto: Edilson Rodrigues \/ Ag\u00eancia O Globo &#8211; 12\/05\/2021<\/figcaption><\/figure>\n<\/article>\n<article id=\"posicaoFoto4\" class=\"photo-gallery-teaser gallery-teaser gallery-teaser--horizontal carousel__item\">\n<figure class=\"photo-gallery-teaser__figure gallery-figure article__picture article__picture--horizontal\"><img decoding=\"async\" class=\"lazyload photo-gallery-teaser__image gallery-image article__picture-image image--loaded\" src=\"https:\/\/ogimg.infoglobo.com.br\/in\/25014710-22d-7f8\/FT1086A\/x92862892_PA-Brasilia-BSB-12-05-2021-Sessao-da-CPI-da-Pandemia-na-foto-o-depoimento-do-Ex-Chefe-da-SE.jpg.pagespeed.ic.1_TWiyKrJv.jpg\" alt=\"Fl\u00e1vio Bolsonaro fala com rep\u00f3rteres depois de interromper a sess\u00e3o da CPI para reclamar dos pares sobre o pedido de pris\u00e3o de Wajngarten por ele ter mentido \u00e0 CPI Foto: Pablo Jacob \/ Ag\u00eancia O Globo - 12\/05\/2021\" data-src=\"https:\/\/ogimg.infoglobo.com.br\/in\/25014710-22d-7f8\/FT1086A\/x92862892_PA-Brasilia-BSB-12-05-2021-Sessao-da-CPI-da-Pandemia-na-foto-o-depoimento-do-Ex-Chefe-da-SE.jpg.pagespeed.ic.1_TWiyKrJv.jpg\" \/><figcaption class=\"photo-gallery-teaser__figcaption gallery-caption article__picture-caption\">Fl\u00e1vio Bolsonaro fala com rep\u00f3rteres depois de interromper a sess\u00e3o da CPI para reclamar dos pares sobre o pedido de pris\u00e3o de Wajngarten por ele ter mentido \u00e0 CPI Foto: Pablo Jacob \/ Ag\u00eancia O Globo &#8211; 12\/05\/2021<\/figcaption><\/figure>\n<\/article>\n<article id=\"posicaoFoto5\" class=\"photo-gallery-teaser gallery-teaser gallery-teaser--horizontal carousel__item\">\n<figure class=\"photo-gallery-teaser__figure gallery-figure article__picture article__picture--horizontal\"><img decoding=\"async\" class=\"lazyload photo-gallery-teaser__image gallery-image article__picture-image image--loaded\" src=\"https:\/\/ogimg.infoglobo.com.br\/in\/25014711-b31-a4f\/FT1086A\/x92863096_Comissao-Parlamentar-de-Inquerito-da-Pandemia-CPIPANDEMIA-realiza-oitiva-do-ex-secretario-e.jpg.pagespeed.ic.pwzYzXjcjU.jpg\" alt=\"&amp;#034;Por favor, n\u00e3o menospreze nossa intelig\u00eancia, ningu\u00e9m \u00e9 imbecil aqui&amp;#034;, disse o presidente da CPI da Covid, o senador Omar Aziz (PSD-AM) Foto: Edilson Rodrigues \/ Ag\u00eancia O Globo - 12\/05\/2021\" data-src=\"https:\/\/ogimg.infoglobo.com.br\/in\/25014711-b31-a4f\/FT1086A\/x92863096_Comissao-Parlamentar-de-Inquerito-da-Pandemia-CPIPANDEMIA-realiza-oitiva-do-ex-secretario-e.jpg.pagespeed.ic.pwzYzXjcjU.jpg\" \/><figcaption class=\"photo-gallery-teaser__figcaption gallery-caption article__picture-caption\">&#8220;Por favor, n\u00e3o menospreze nossa intelig\u00eancia, ningu\u00e9m \u00e9 imbecil aqui&#8221;, disse o presidente da CPI da Covid, o senador Omar Aziz (PSD-AM) Foto: Edilson Rodrigues \/ Ag\u00eancia O Globo &#8211; 12\/05\/2021<\/figcaption><\/figure>\n<\/article>\n<article id=\"posicaoFoto6\" class=\"photo-gallery-teaser gallery-teaser gallery-teaser--horizontal carousel__item\">\n<figure class=\"photo-gallery-teaser__figure gallery-figure article__picture article__picture--horizontal\"><img decoding=\"async\" class=\"lazyload photo-gallery-teaser__image gallery-image article__picture-image image--loaded\" src=\"https:\/\/ogimg.infoglobo.com.br\/in\/25014460-dc3-ddc\/FT1086A\/x92858155_Comissao-Parlamentar-de-Inquerito-da-Pandemia-CPIPANDEMIA-realiza-oitiva-do-ex-secretario-e.jpg.pagespeed.ic.5mddi54DfU.jpg\" alt=\"Fabio Wajngarten se esquivou de respostas diretas e foi advertido pela mesa e acusado, pelo relator Renan Calheiros de mentir \u00e0 CPI por negar declara\u00e7\u00f5es dadas \u00e0 revista Veja \u2013 que logo divulgou \u00e1udios comprovando as declara\u00e7\u00f5es do ex-chefe da Secom Foto: Edilson Rodrigues \/ Ag\u00eancia O Globo - 12\/05\/2021\" data-src=\"https:\/\/ogimg.infoglobo.com.br\/in\/25014460-dc3-ddc\/FT1086A\/x92858155_Comissao-Parlamentar-de-Inquerito-da-Pandemia-CPIPANDEMIA-realiza-oitiva-do-ex-secretario-e.jpg.pagespeed.ic.5mddi54DfU.jpg\" \/><figcaption class=\"photo-gallery-teaser__figcaption gallery-caption article__picture-caption\">Fabio Wajngarten se esquivou de respostas diretas e foi advertido pela mesa e acusado, pelo relator Renan Calheiros de mentir \u00e0 CPI por negar declara\u00e7\u00f5es dadas \u00e0 revista Veja \u2013 que logo divulgou \u00e1udios comprovando as declara\u00e7\u00f5es do ex-chefe da Secom Foto: Edilson Rodrigues \/ Ag\u00eancia O Globo &#8211; 12\/05\/2021<\/figcaption><\/figure>\n<\/article>\n<article id=\"posicaoFoto7\" class=\"photo-gallery-teaser gallery-teaser gallery-teaser--horizontal carousel__item\">\n<figure class=\"photo-gallery-teaser__figure gallery-figure article__picture article__picture--horizontal\"><img decoding=\"async\" class=\"lazyload photo-gallery-teaser__image gallery-image article__picture-image image--loaded\" src=\"https:\/\/ogimg.infoglobo.com.br\/in\/25014461-972-28b\/FT1086A\/x92858100_PA-Brasilia-BSB-12-05-2021-Sessao-da-CPI-da-Pandemia-na-foto-o-depoimento-do-Ex-Chefe-da-SE.jpg.pagespeed.ic.i_U4IXg2FH.jpg\" alt=\"Relator Renan Calheiros (MDB-AL) trocou a placa que o identificava pelo n\u00famero de vidas perdidas para a Covid-19 no Brasil disse que pediria a pris\u00e3o do ex-secret\u00e1rio de Comunica\u00e7\u00e3o Social Fabio Wajngarten Foto: Pablo Jacob \/ Ag\u00eancia O Globo - 12\/05\/2021\" data-src=\"https:\/\/ogimg.infoglobo.com.br\/in\/25014461-972-28b\/FT1086A\/x92858100_PA-Brasilia-BSB-12-05-2021-Sessao-da-CPI-da-Pandemia-na-foto-o-depoimento-do-Ex-Chefe-da-SE.jpg.pagespeed.ic.i_U4IXg2FH.jpg\" \/><figcaption class=\"photo-gallery-teaser__figcaption gallery-caption article__picture-caption\">Relator Renan Calheiros (MDB-AL) trocou a placa que o identificava pelo n\u00famero de vidas perdidas para a Covid-19 no Brasil disse que pediria a pris\u00e3o do ex-secret\u00e1rio de Comunica\u00e7\u00e3o Social Fabio Wajngarten Foto: Pablo Jacob \/ Ag\u00eancia O Globo &#8211; 12\/05\/2021<\/figcaption><\/figure>\n<\/article>\n<article id=\"posicaoFoto8\" class=\"photo-gallery-teaser gallery-teaser gallery-teaser--horizontal carousel__item\">\n<figure class=\"photo-gallery-teaser__figure gallery-figure article__picture article__picture--horizontal\"><img decoding=\"async\" class=\"lazyload photo-gallery-teaser__image gallery-image article__picture-image image--loaded\" src=\"https:\/\/ogimg.infoglobo.com.br\/in\/25012742-62c-4e6\/FT1086A\/x92839050_PA-Brasilia-BSB-11-05-2021-Sessao-da-CPI-da-Pandemia-na-foto-o-depoimento-do-Diretor-da-ANV.jpg.pagespeed.ic.NGQ5AUkau3.jpg\" alt=\"O diretor-presidente da Ag\u00eancia Nacional de Vigil\u00e2ncia Sanit\u00e1ria (Anvisa), Antonio Barra Torres, confirmou que esteve em uma reuni\u00e3o no Pal\u00e1cio do Planalto, no ano passado, na qual foi cogitada a possibilidade de mudar a bula da cloroquina para que o medicamento fosse indicado no tratamento da Covid-19: &amp;#034;n\u00e3o tem cabimento&amp;#034;, classificou Foto: Pablo Jacob \/ Ag\u00eancia O Globo - 11\/05\/2021\" data-src=\"https:\/\/ogimg.infoglobo.com.br\/in\/25012742-62c-4e6\/FT1086A\/x92839050_PA-Brasilia-BSB-11-05-2021-Sessao-da-CPI-da-Pandemia-na-foto-o-depoimento-do-Diretor-da-ANV.jpg.pagespeed.ic.NGQ5AUkau3.jpg\" \/><figcaption class=\"photo-gallery-teaser__figcaption gallery-caption article__picture-caption\">O diretor-presidente da Ag\u00eancia Nacional de Vigil\u00e2ncia Sanit\u00e1ria (Anvisa), Antonio Barra Torres, confirmou que esteve em uma reuni\u00e3o no Pal\u00e1cio do Planalto, no ano passado, na qual foi cogitada a possibilidade de mudar a bula da cloroquina para que o medicamento fosse indicado no tratamento da Covid-19: &#8220;n\u00e3o tem cabimento&#8221;, classificou Foto: Pablo Jacob \/ Ag\u00eancia O Globo &#8211; 11\/05\/2021<\/figcaption><\/figure>\n<\/article>\n<article id=\"posicaoFoto9\" class=\"photo-gallery-teaser gallery-teaser gallery-teaser--horizontal carousel__item\">\n<figure class=\"photo-gallery-teaser__figure gallery-figure article__picture article__picture--horizontal\"><img decoding=\"async\" class=\"lazyload photo-gallery-teaser__image gallery-image article__picture-image image--loaded\" src=\"https:\/\/ogimg.infoglobo.com.br\/in\/25005725-b9f-d73\/FT1086A\/x92762041_PA-Brasilia-BSB-06-05-2021-Sessao-da-CPI-da-Pandemia-na-foto-o-depoimento-do-Ministro-da-Sa.jpg.pagespeed.ic.cKjEXdRuMs.jpg\" alt=\"Ministro da Sa\u00fade, Marcelo Queiroga, se esquivou de perguntas e n\u00e3o disse se concorda com Bolsonaro sobre uso de cloroquina: &amp;#034;Eu estou aqui na condi\u00e7\u00e3o de testemunha, o senhor quer que eu emita ju\u00edzo de valor&amp;#034;, respondeu ao relator da CPI Foto: Pablo Jacob \/ Ag\u00eancia O Globo - 06\/05\/2021\" data-src=\"https:\/\/ogimg.infoglobo.com.br\/in\/25005725-b9f-d73\/FT1086A\/x92762041_PA-Brasilia-BSB-06-05-2021-Sessao-da-CPI-da-Pandemia-na-foto-o-depoimento-do-Ministro-da-Sa.jpg.pagespeed.ic.cKjEXdRuMs.jpg\" \/><figcaption class=\"photo-gallery-teaser__figcaption gallery-caption article__picture-caption\">Ministro da Sa\u00fade, Marcelo Queiroga, se esquivou de perguntas e n\u00e3o disse se concorda com Bolsonaro sobre uso de cloroquina: &#8220;Eu estou aqui na condi\u00e7\u00e3o de testemunha, o senhor quer que eu emita ju\u00edzo de valor&#8221;, respondeu ao relator da CPI Foto: Pablo Jacob \/ Ag\u00eancia O Globo &#8211; 06\/05\/2021<\/figcaption><\/figure>\n<\/article>\n<article id=\"posicaoFoto10\" class=\"photo-gallery-teaser gallery-teaser gallery-teaser--horizontal carousel__item\">\n<figure class=\"photo-gallery-teaser__figure gallery-figure article__picture article__picture--horizontal\"><img decoding=\"async\" class=\"lazyload photo-gallery-teaser__image gallery-image article__picture-image image--loaded\" src=\"https:\/\/ogimg.infoglobo.com.br\/in\/25005829-896-93c\/FT1086A\/x92763021_Comissao-Parlamentar-de-Inquerito-da-Pandemia-CPIPANDEMIA-realiza-oitiva-do-ministro-de-Est.jpg.pagespeed.ic.6oZ2Wgffn0.jpg\" alt=\"Omar Aziz (PSD-AM) ironizou a resposta do ministro da Sa\u00fade: &amp;#034;At\u00e9 minha filha de 12 anos falaria sim ou n\u00e3o&amp;#034;, sobre concordar com o uso da cloroquina, conforme prega o presidente Bolsonaro durante toda a pandemia Foto: Edilson Rodrigues \/ Ag\u00eancia O Globo - 06\/05\/2021\" data-src=\"https:\/\/ogimg.infoglobo.com.br\/in\/25005829-896-93c\/FT1086A\/x92763021_Comissao-Parlamentar-de-Inquerito-da-Pandemia-CPIPANDEMIA-realiza-oitiva-do-ministro-de-Est.jpg.pagespeed.ic.6oZ2Wgffn0.jpg\" \/><figcaption class=\"photo-gallery-teaser__figcaption gallery-caption article__picture-caption\">Omar Aziz (PSD-AM) ironizou a resposta do ministro da Sa\u00fade: &#8220;At\u00e9 minha filha de 12 anos falaria sim ou n\u00e3o&#8221;, sobre concordar com o uso da cloroquina, conforme prega o presidente Bolsonaro durante toda a pandemia Foto: Edilson Rodrigues \/ Ag\u00eancia O Globo &#8211; 06\/05\/2021<\/figcaption><\/figure>\n<\/article>\n<article id=\"posicaoFoto11\" class=\"photo-gallery-teaser gallery-teaser gallery-teaser--horizontal carousel__item\">\n<figure class=\"photo-gallery-teaser__figure gallery-figure article__picture article__picture--horizontal\"><img decoding=\"async\" class=\"lazyload photo-gallery-teaser__image gallery-image article__picture-image image--loaded\" src=\"https:\/\/ogimg.infoglobo.com.br\/in\/25005830-8de-668\/FT1086A\/x92763023_Comissao-Parlamentar-de-Inquerito-da-Pandemia-CPIPANDEMIA-realiza-oitiva-do-ministro-de-Est.jpg.pagespeed.ic.jI3oFM_SuN.jpg\" alt=\"&amp;#034;N\u00e3o h\u00e1 press\u00e3o nenhuma&amp;#034;, disse Queiroga quando questionado sobre atua\u00e7\u00e3o do Planalto para incluir a cloroquina no tratamento de Covid-19. Foto: Jefferson Rudy \/ Ag\u00eancia O Globo - 06\/05\/2021\" data-src=\"https:\/\/ogimg.infoglobo.com.br\/in\/25005830-8de-668\/FT1086A\/x92763023_Comissao-Parlamentar-de-Inquerito-da-Pandemia-CPIPANDEMIA-realiza-oitiva-do-ministro-de-Est.jpg.pagespeed.ic.jI3oFM_SuN.jpg\" \/><figcaption class=\"photo-gallery-teaser__figcaption gallery-caption article__picture-caption\">&#8220;N\u00e3o h\u00e1 press\u00e3o nenhuma&#8221;, disse Queiroga quando questionado sobre atua\u00e7\u00e3o do Planalto para incluir a cloroquina no tratamento de Covid-19. Foto: Jefferson Rudy \/ Ag\u00eancia O Globo &#8211; 06\/05\/2021<\/figcaption><\/figure>\n<\/article>\n<article id=\"posicaoFoto12\" class=\"photo-gallery-teaser gallery-teaser gallery-teaser--horizontal carousel__item\">\n<figure class=\"photo-gallery-teaser__figure gallery-figure article__picture article__picture--horizontal\"><img decoding=\"async\" class=\"lazyload photo-gallery-teaser__image gallery-image article__picture-image image--loaded\" src=\"https:\/\/ogimg.infoglobo.com.br\/in\/25004586-04c-7ec\/FT1086A\/xcpi3.jpg.pagespeed.ic.ba836Vipdz.jpg\" alt=\"Ex-ministro da Sa\u00fade Nelson Teich presta depoimento na CPI da Pandemi. Segundo ele falta de autonomia quanto \u00e0 efic\u00e1cia e extens\u00e3o da cloroquina no tratamento de Covid-19 motivaram sua sa\u00edda Foto: Jefferson Rudy\/Ag\u00eancia Senado - 05\/05\/2021\" data-src=\"https:\/\/ogimg.infoglobo.com.br\/in\/25004586-04c-7ec\/FT1086A\/xcpi3.jpg.pagespeed.ic.ba836Vipdz.jpg\" \/><figcaption class=\"photo-gallery-teaser__figcaption gallery-caption article__picture-caption\">Ex-ministro da Sa\u00fade Nelson Teich presta depoimento na CPI da Pandemi. Segundo ele falta de autonomia quanto \u00e0 efic\u00e1cia e extens\u00e3o da cloroquina no tratamento de Covid-19 motivaram sua sa\u00edda Foto: Jefferson Rudy\/Ag\u00eancia Senado &#8211; 05\/05\/2021<\/figcaption><\/figure>\n<\/article>\n<article id=\"posicaoFoto13\" class=\"photo-gallery-teaser gallery-teaser gallery-teaser--horizontal carousel__item\">\n<figure class=\"photo-gallery-teaser__figure gallery-figure article__picture article__picture--horizontal\"><img decoding=\"async\" class=\"lazyload photo-gallery-teaser__image gallery-image article__picture-image image--loaded\" src=\"https:\/\/ogimg.infoglobo.com.br\/in\/25004815-f6e-c37\/FT1086A\/xotto.jpg.pagespeed.ic.sn-9OU6hDy.jpg\" alt=\"Otto Alencar (PSD-BA) recomenda vacina &amp;#039;antirr\u00e1bica&amp;#039; a senador governista que defendeu cloroquina Foto: Jefferson Rudy \/ Jefferson Rudy\/Ag\u00eancia Senado\" data-src=\"https:\/\/ogimg.infoglobo.com.br\/in\/25004815-f6e-c37\/FT1086A\/xotto.jpg.pagespeed.ic.sn-9OU6hDy.jpg\" \/><figcaption class=\"photo-gallery-teaser__figcaption gallery-caption article__picture-caption\">Otto Alencar (PSD-BA) recomenda vacina &#8216;antirr\u00e1bica&#8217; a senador governista que defendeu cloroquina Foto: Jefferson Rudy \/ Jefferson Rudy\/Ag\u00eancia Senado<\/figcaption><\/figure>\n<\/article>\n<article id=\"posicaoFoto14\" class=\"photo-gallery-teaser gallery-teaser gallery-teaser--horizontal carousel__item\">\n<figure class=\"photo-gallery-teaser__figure gallery-figure article__picture article__picture--horizontal\"><img decoding=\"async\" class=\"lazyload photo-gallery-teaser__image gallery-image article__picture-image image--loaded\" src=\"https:\/\/ogimg.infoglobo.com.br\/in\/25004585-5da-7b3\/FT1086A\/xcpi2.jpg.pagespeed.ic.umXRtllHhJ.jpg\" alt=\"Governistas questionam prioridade da bancada feminina e geram bate-boca na CPI Foto: Jefferson Rudy\/Ag\u00eancia Senado - 05\/05\/2021\" data-src=\"https:\/\/ogimg.infoglobo.com.br\/in\/25004585-5da-7b3\/FT1086A\/xcpi2.jpg.pagespeed.ic.umXRtllHhJ.jpg\" \/><figcaption class=\"photo-gallery-teaser__figcaption gallery-caption article__picture-caption\">Governistas questionam prioridade da bancada feminina e geram bate-boca na CPI Foto: Jefferson Rudy\/Ag\u00eancia Senado &#8211; 05\/05\/2021<\/figcaption><\/figure>\n<\/article>\n<article id=\"posicaoFoto15\" class=\"photo-gallery-teaser gallery-teaser gallery-teaser--horizontal carousel__item\">\n<figure class=\"photo-gallery-teaser__figure gallery-figure article__picture article__picture--horizontal\"><img decoding=\"async\" class=\"lazyload photo-gallery-teaser__image gallery-image article__picture-image image--loaded\" src=\"https:\/\/ogimg.infoglobo.com.br\/in\/25001988-354-a7b\/FT1086A\/x92734290_Comissao-Parlamentar-de-Inquerito-da-Pandemia-CPIPANDEMIA-realiza-oitiva-do-ex-ministro-de.jpg.pagespeed.ic.7WHJf79R9V.jpg\" alt=\"Ex-ministro da Sa\u00fade Luiz Henrique Mandetta sustentou discurso de que seguiu sempre orienta\u00e7\u00f5es t\u00e9nicas \u00e0 frente da pasta Foto: Jefferson Rudy \/ Ag\u00eancia O Globo - 05\/05\/2021\" data-src=\"https:\/\/ogimg.infoglobo.com.br\/in\/25001988-354-a7b\/FT1086A\/x92734290_Comissao-Parlamentar-de-Inquerito-da-Pandemia-CPIPANDEMIA-realiza-oitiva-do-ex-ministro-de.jpg.pagespeed.ic.7WHJf79R9V.jpg\" \/><figcaption class=\"photo-gallery-teaser__figcaption gallery-caption article__picture-caption\">Ex-ministro da Sa\u00fade Luiz Henrique Mandetta sustentou discurso de que seguiu sempre orienta\u00e7\u00f5es t\u00e9nicas \u00e0 frente da pasta Foto: Jefferson Rudy \/ Ag\u00eancia O Globo &#8211; 05\/05\/2021<\/figcaption><\/figure>\n<\/article>\n<article id=\"posicaoFoto16\" class=\"photo-gallery-teaser gallery-teaser gallery-teaser--horizontal carousel__item\">\n<figure class=\"photo-gallery-teaser__figure gallery-figure article__picture article__picture--horizontal\"><img decoding=\"async\" class=\"lazyload photo-gallery-teaser__image gallery-image article__picture-image image--loaded\" src=\"https:\/\/ogimg.infoglobo.com.br\/in\/24990263-0b6-5f8\/FT1086A\/x92642812_Comissao-Parlamentar-Mista-de-Inquerito-da-Pandemia-CPIPANDEMIAA-Comissao-Parlamentar-de.jpg.pagespeed.ic.poYDFmszEz.jpg\" alt=\"Senadores Otto Alencar (PSD-BA) e Fl\u00e1vio Bolsonaro (Republicanos-RJ) conversam durante primeira sess\u00e3o da CPI da Covid Foto: Jefferson Rudy \/ Ag\u00eancia O Globo - 27\/04\/2021\" data-src=\"https:\/\/ogimg.infoglobo.com.br\/in\/24990263-0b6-5f8\/FT1086A\/x92642812_Comissao-Parlamentar-Mista-de-Inquerito-da-Pandemia-CPIPANDEMIAA-Comissao-Parlamentar-de.jpg.pagespeed.ic.poYDFmszEz.jpg\" \/><figcaption class=\"photo-gallery-teaser__figcaption gallery-caption article__picture-caption\">Senadores Otto Alencar (PSD-BA) e Fl\u00e1vio Bolsonaro (Republicanos-RJ) conversam durante primeira sess\u00e3o da CPI da Covid Foto: Jefferson Rudy \/ Ag\u00eancia O Globo &#8211; 27\/04\/2021<\/figcaption><\/figure>\n<\/article>\n<article id=\"posicaoFoto17\" class=\"photo-gallery-teaser gallery-teaser gallery-teaser--horizontal carousel__item\">\n<figure class=\"photo-gallery-teaser__figure gallery-figure article__picture article__picture--horizontal\"><img decoding=\"async\" class=\"lazyload photo-gallery-teaser__image gallery-image article__picture-image image--loaded\" src=\"https:\/\/ogimg.infoglobo.com.br\/in\/24990267-e7d-489\/FT1086A\/x92643781_Comissao-Parlamentar-Mista-de-Inquerito-da-Pandemia-CPIPANDEMIAA-Comissao-Parlamentar-de.jpg.pagespeed.ic.HPH6BOSXqb.jpg\" alt=\"Senador Renan Calheiros (MDB-AL) foi indicado como relator por Aziz Foto: Jefferson Rudy \/ Ag\u00eancia O Globo - 05\/05\/2021\" data-src=\"https:\/\/ogimg.infoglobo.com.br\/in\/24990267-e7d-489\/FT1086A\/x92643781_Comissao-Parlamentar-Mista-de-Inquerito-da-Pandemia-CPIPANDEMIAA-Comissao-Parlamentar-de.jpg.pagespeed.ic.HPH6BOSXqb.jpg\" \/><figcaption class=\"photo-gallery-teaser__figcaption gallery-caption article__picture-caption\">Senador Renan Calheiros (MDB-AL) foi indicado como relator por Aziz Foto: Jefferson Rudy \/ Ag\u00eancia O Globo &#8211; 05\/05\/2021<\/figcaption><\/figure>\n<\/article>\n<article id=\"posicaoFoto18\" class=\"photo-gallery-teaser gallery-teaser gallery-teaser--horizontal carousel__item\">\n<figure class=\"photo-gallery-teaser__figure gallery-figure article__picture article__picture--horizontal\"><img decoding=\"async\" class=\"lazyload photo-gallery-teaser__image gallery-image article__picture-image image--loaded\" src=\"https:\/\/ogimg.infoglobo.com.br\/in\/24990260-1e3-c59\/FT1086A\/x92642616_Comissao-Parlamentar-Mista-de-Inquerito-da-Pandemia-CPIPANDEMIA-realiza-reuniao-para-instal.jpg.pagespeed.ic.sGEF66ypwP.jpg\" alt=\"Senador Omar Aziz (PSD-AM) \u00e9 eleito presidente da CPI Foto: Jefferson Rudy \/ Ag\u00eancia O Globo - 27\/04\/2021\" data-src=\"https:\/\/ogimg.infoglobo.com.br\/in\/24990260-1e3-c59\/FT1086A\/x92642616_Comissao-Parlamentar-Mista-de-Inquerito-da-Pandemia-CPIPANDEMIA-realiza-reuniao-para-instal.jpg.pagespeed.ic.sGEF66ypwP.jpg\" \/><figcaption class=\"photo-gallery-teaser__figcaption gallery-caption article__picture-caption\">Senador Omar Aziz (PSD-AM) \u00e9 eleito presidente da CPI Foto: Jefferson Rudy \/ Ag\u00eancia O Globo &#8211; 27\/04\/2021<\/figcaption><\/figure>\n<\/article>\n<\/div>\n<\/div>\n<\/section>\n<p>O levantamento foi divulgado na mesma semana em que a avalia\u00e7\u00e3o do governo do presidente\u00a0<a href=\"https:\/\/oglobo.globo.com\/brasil\/datafolha-51-reprovam-desempenho-de-bolsonaro-na-pandemia-25017256\">atingiu a pior marca desde o in\u00edcio do mandato<\/a>, segundo pesquisa Datafolha divulgada na noite desta quarta-feira. O percentual dos que consideram a gest\u00e3o \u00f3tima ou boa caiu de 30% em mar\u00e7o, quando foi feito o levantamento anterior, para 24%.<\/p>\n<p><strong>Omiss\u00e3o reconstitu\u00edda<\/strong>:\u00a0<a href=\"https:\/\/oglobo.globo.com\/brasil\/omissao-reconstituida-veja-passo-passo-como-governo-bolsonaro-ignorou-vacina-da-pfizer-1-25015239\">veja, passo a passo, como o governo Bolsonaro ignorou vacina da Pfizer<\/a><\/p>\n<p>O \u00edndice dos consideram o governo ruim ou p\u00e9ssimo era 44% e agora soma 45% na pesquisa realizada entre esta ter\u00e7a-feira e esta quarta-feira, com 2.071 entrevistas presenciais em 146 munic\u00edpios de todo o Brasil. A margem de erro \u00e9 de dois pontos percentuais para mais ou para menos.<\/p>\n<p>A avalia\u00e7\u00e3o de \u00f3timo ou bom do Bolsonaro \u00e9 maior entre os homens (29%) do que entre as mulheres (21%). Entre pessoas com 16 a 24 anos, apenas 13% acham a gest\u00e3o \u00f3tima ou boa. O maior \u00edndice de aprova\u00e7\u00e3o est\u00e1 entre quem t\u00eam 60 anos ou mais (29%).<\/p>\n<p>J\u00e1 a classifica\u00e7\u00e3o por escolaridade demonstra impopularidade maior entre os que estudaram mais. Enquanto entre os brasileiros com ensino superior, a taxa de ruim ou p\u00e9ssimo chega a 57%. O percentual despenca para 40% entre as pessoas que t\u00eam s\u00f3 o ensino fundamental.<\/p>\n<aside id=\"li-recommendation-unit\" class=\"article-related-links article-related-links--inside\" data-gtm-vis-first-on-screen-207797_390=\"352282\" data-gtm-vis-total-visible-time-207797_390=\"100\" data-gtm-vis-has-fired-207797_390=\"1\">\n<div class=\"article-related-links__container\">\n<h4 class=\"article-related-links__title\">O GLOBO<\/h4>\n<\/div>\n<\/aside>\n<p>&nbsp;<\/p>\n<\/div>\n","protected":false},"excerpt":{"rendered":"<p>O Globo \u2014 O \u00edndice da popula\u00e7\u00e3o que apoia o impeachment do presidente Jair Bolsonaro \u00e9, pela primeira vez, numericamente maior do que o percentual de quem \u00e9 contr\u00e1rio ao afastamento, de acordo com pesquisa Datafolha divulgada neste s\u00e1bado. Datafolha:Maioria apoia CPI da Covid, mas avalia que comiss\u00e3o far\u00e1 apenas uma encena\u00e7\u00e3oEntre os entrevistados, 49% s\u00e3o favor\u00e1veis ao processo. J\u00e1 46% se dizem contr\u00e1rios ao afastamento do presidente. O Datafolha entrevistou, presencialmente, 2.071 pessoas em todo o Brasil entre ter\u00e7a-feira e quarta-feira. A margem de erro \u00e9 de dois pontos percentuais, para mais ou para menos, com n\u00edvel de confian\u00e7a de 95%. Os \u00edndices representam um empate t\u00e9cnico dentro da margem de erro e praticamente se inverteram em rela\u00e7\u00e3o a&hellip; <\/p>\n","protected":false},"author":1,"featured_media":281988,"comment_status":"closed","ping_status":"closed","sticky":false,"template":"","format":"standard","meta":{"_acf_changed":false,"footnotes":""},"categories":[1],"tags":[],"class_list":["post-285697","post","type-post","status-publish","format-standard","has-post-thumbnail","hentry","category-politica"],"acf":[],"yoast_head":"<!-- This site is optimized with the Yoast SEO plugin v27.4 - https:\/\/yoast.com\/product\/yoast-seo-wordpress\/ -->\n<title>Datafolha: 49% apoiam impeachment de Bolsonaro, e 46% se dizem contr\u00e1rios - Blog do Farn\u00e9sio<\/title>\n<meta name=\"robots\" content=\"index, follow, max-snippet:-1, max-image-preview:large, max-video-preview:-1\" \/>\n<link rel=\"canonical\" href=\"https:\/\/blogdofarnesio.com.br\/?p=285697\" \/>\n<meta property=\"og:locale\" content=\"pt_BR\" \/>\n<meta property=\"og:type\" content=\"article\" \/>\n<meta property=\"og:title\" content=\"Datafolha: 49% apoiam impeachment de Bolsonaro, e 46% se dizem contr\u00e1rios - Blog do Farn\u00e9sio\" \/>\n<meta property=\"og:description\" content=\"O Globo \u2014 O \u00edndice da popula\u00e7\u00e3o que apoia o impeachment do presidente Jair Bolsonaro \u00e9, pela primeira vez, numericamente maior do que o percentual de quem \u00e9 contr\u00e1rio ao afastamento, de acordo com pesquisa Datafolha divulgada neste s\u00e1bado. Datafolha:Maioria apoia CPI da Covid, mas avalia que comiss\u00e3o far\u00e1 apenas uma encena\u00e7\u00e3oEntre os entrevistados, 49% s\u00e3o favor\u00e1veis ao processo. J\u00e1 46% se dizem contr\u00e1rios ao afastamento do presidente. O Datafolha entrevistou, presencialmente, 2.071 pessoas em todo o Brasil entre ter\u00e7a-feira e quarta-feira. A margem de erro \u00e9 de dois pontos percentuais, para mais ou para menos, com n\u00edvel de confian\u00e7a de 95%. Os \u00edndices representam um empate t\u00e9cnico dentro da margem de erro e praticamente se inverteram em rela\u00e7\u00e3o a&hellip;\" \/>\n<meta property=\"og:url\" content=\"https:\/\/blogdofarnesio.com.br\/?p=285697\" \/>\n<meta property=\"og:site_name\" content=\"Blog do Farn\u00e9sio\" \/>\n<meta property=\"article:publisher\" content=\"https:\/\/www.facebook.com\/BlogQuerSaberPolitica\/\" \/>\n<meta property=\"article:published_time\" content=\"2021-05-16T11:01:51+00:00\" \/>\n<meta property=\"og:image\" content=\"https:\/\/blogdofarnesio.com.br\/wp-content\/uploads\/2021\/03\/blogqspbolsonaro-credito-Evaristo-Sa-AFP.jpg\" \/>\n\t<meta property=\"og:image:width\" content=\"675\" \/>\n\t<meta property=\"og:image:height\" content=\"449\" \/>\n\t<meta property=\"og:image:type\" content=\"image\/jpeg\" \/>\n<meta name=\"author\" content=\"Farn\u00e9sio\" \/>\n<meta name=\"twitter:card\" content=\"summary_large_image\" \/>\n<meta name=\"twitter:label1\" content=\"Escrito por\" \/>\n\t<meta name=\"twitter:data1\" content=\"Farn\u00e9sio\" \/>\n\t<meta name=\"twitter:label2\" content=\"Est. tempo de leitura\" \/>\n\t<meta name=\"twitter:data2\" content=\"7 minutos\" \/>\n<script type=\"application\/ld+json\" class=\"yoast-schema-graph\">{\"@context\":\"https:\\\/\\\/schema.org\",\"@graph\":[{\"@type\":\"Article\",\"@id\":\"https:\\\/\\\/blogdofarnesio.com.br\\\/?p=285697#article\",\"isPartOf\":{\"@id\":\"https:\\\/\\\/blogdofarnesio.com.br\\\/?p=285697\"},\"author\":{\"name\":\"Farn\u00e9sio\",\"@id\":\"https:\\\/\\\/blogdofarnesio.com.br\\\/#\\\/schema\\\/person\\\/301c4acf522bccbfdb45af95b5b906a1\"},\"headline\":\"Datafolha: 49% apoiam impeachment de Bolsonaro, e 46% se dizem contr\u00e1rios\",\"datePublished\":\"2021-05-16T11:01:51+00:00\",\"mainEntityOfPage\":{\"@id\":\"https:\\\/\\\/blogdofarnesio.com.br\\\/?p=285697\"},\"wordCount\":1379,\"publisher\":{\"@id\":\"https:\\\/\\\/blogdofarnesio.com.br\\\/#organization\"},\"image\":{\"@id\":\"https:\\\/\\\/blogdofarnesio.com.br\\\/?p=285697#primaryimage\"},\"thumbnailUrl\":\"https:\\\/\\\/blogdofarnesio.com.br\\\/wp-content\\\/uploads\\\/2021\\\/03\\\/blogqspbolsonaro-credito-Evaristo-Sa-AFP.jpg\",\"articleSection\":[\"Pol\u00edtica\"],\"inLanguage\":\"pt-BR\"},{\"@type\":\"WebPage\",\"@id\":\"https:\\\/\\\/blogdofarnesio.com.br\\\/?p=285697\",\"url\":\"https:\\\/\\\/blogdofarnesio.com.br\\\/?p=285697\",\"name\":\"Datafolha: 49% apoiam impeachment de Bolsonaro, e 46% se dizem contr\u00e1rios - Blog do Farn\u00e9sio\",\"isPartOf\":{\"@id\":\"https:\\\/\\\/blogdofarnesio.com.br\\\/#website\"},\"primaryImageOfPage\":{\"@id\":\"https:\\\/\\\/blogdofarnesio.com.br\\\/?p=285697#primaryimage\"},\"image\":{\"@id\":\"https:\\\/\\\/blogdofarnesio.com.br\\\/?p=285697#primaryimage\"},\"thumbnailUrl\":\"https:\\\/\\\/blogdofarnesio.com.br\\\/wp-content\\\/uploads\\\/2021\\\/03\\\/blogqspbolsonaro-credito-Evaristo-Sa-AFP.jpg\",\"datePublished\":\"2021-05-16T11:01:51+00:00\",\"breadcrumb\":{\"@id\":\"https:\\\/\\\/blogdofarnesio.com.br\\\/?p=285697#breadcrumb\"},\"inLanguage\":\"pt-BR\",\"potentialAction\":[{\"@type\":\"ReadAction\",\"target\":[\"https:\\\/\\\/blogdofarnesio.com.br\\\/?p=285697\"]}]},{\"@type\":\"ImageObject\",\"inLanguage\":\"pt-BR\",\"@id\":\"https:\\\/\\\/blogdofarnesio.com.br\\\/?p=285697#primaryimage\",\"url\":\"https:\\\/\\\/blogdofarnesio.com.br\\\/wp-content\\\/uploads\\\/2021\\\/03\\\/blogqspbolsonaro-credito-Evaristo-Sa-AFP.jpg\",\"contentUrl\":\"https:\\\/\\\/blogdofarnesio.com.br\\\/wp-content\\\/uploads\\\/2021\\\/03\\\/blogqspbolsonaro-credito-Evaristo-Sa-AFP.jpg\",\"width\":675,\"height\":449},{\"@type\":\"BreadcrumbList\",\"@id\":\"https:\\\/\\\/blogdofarnesio.com.br\\\/?p=285697#breadcrumb\",\"itemListElement\":[{\"@type\":\"ListItem\",\"position\":1,\"name\":\"In\u00edcio\",\"item\":\"https:\\\/\\\/blogdofarnesio.com.br\\\/\"},{\"@type\":\"ListItem\",\"position\":2,\"name\":\"Datafolha: 49% apoiam impeachment de Bolsonaro, e 46% se dizem contr\u00e1rios\"}]},{\"@type\":\"WebSite\",\"@id\":\"https:\\\/\\\/blogdofarnesio.com.br\\\/#website\",\"url\":\"https:\\\/\\\/blogdofarnesio.com.br\\\/\",\"name\":\"Blog do Farn\u00e9sio\",\"description\":\"Quer Saber Pol\u00edtica?\",\"publisher\":{\"@id\":\"https:\\\/\\\/blogdofarnesio.com.br\\\/#organization\"},\"potentialAction\":[{\"@type\":\"SearchAction\",\"target\":{\"@type\":\"EntryPoint\",\"urlTemplate\":\"https:\\\/\\\/blogdofarnesio.com.br\\\/?s={search_term_string}\"},\"query-input\":{\"@type\":\"PropertyValueSpecification\",\"valueRequired\":true,\"valueName\":\"search_term_string\"}}],\"inLanguage\":\"pt-BR\"},{\"@type\":\"Organization\",\"@id\":\"https:\\\/\\\/blogdofarnesio.com.br\\\/#organization\",\"name\":\"Blog do Farn\u00e9sio\",\"url\":\"https:\\\/\\\/blogdofarnesio.com.br\\\/\",\"logo\":{\"@type\":\"ImageObject\",\"inLanguage\":\"pt-BR\",\"@id\":\"https:\\\/\\\/blogdofarnesio.com.br\\\/#\\\/schema\\\/logo\\\/image\\\/\",\"url\":\"https:\\\/\\\/blogdofarnesio.com.br\\\/wp-content\\\/uploads\\\/2026\\\/03\\\/cropped-logo_new-1.png\",\"contentUrl\":\"https:\\\/\\\/blogdofarnesio.com.br\\\/wp-content\\\/uploads\\\/2026\\\/03\\\/cropped-logo_new-1.png\",\"width\":881,\"height\":685,\"caption\":\"Blog do Farn\u00e9sio\"},\"image\":{\"@id\":\"https:\\\/\\\/blogdofarnesio.com.br\\\/#\\\/schema\\\/logo\\\/image\\\/\"},\"sameAs\":[\"https:\\\/\\\/www.facebook.com\\\/BlogQuerSaberPolitica\\\/\"]},{\"@type\":\"Person\",\"@id\":\"https:\\\/\\\/blogdofarnesio.com.br\\\/#\\\/schema\\\/person\\\/301c4acf522bccbfdb45af95b5b906a1\",\"name\":\"Farn\u00e9sio\",\"image\":{\"@type\":\"ImageObject\",\"inLanguage\":\"pt-BR\",\"@id\":\"https:\\\/\\\/secure.gravatar.com\\\/avatar\\\/df0c9a14567c056f8ad6876ba5bbd1e3e2c48023eb6807342fc4663adf549f38?s=96&d=mm&r=g\",\"url\":\"https:\\\/\\\/secure.gravatar.com\\\/avatar\\\/df0c9a14567c056f8ad6876ba5bbd1e3e2c48023eb6807342fc4663adf549f38?s=96&d=mm&r=g\",\"contentUrl\":\"https:\\\/\\\/secure.gravatar.com\\\/avatar\\\/df0c9a14567c056f8ad6876ba5bbd1e3e2c48023eb6807342fc4663adf549f38?s=96&d=mm&r=g\",\"caption\":\"Farn\u00e9sio\"},\"sameAs\":[\"https:\\\/\\\/quersaberpolitica.com.br\"],\"url\":\"https:\\\/\\\/blogdofarnesio.com.br\\\/?author=1\"}]}<\/script>\n<!-- \/ Yoast SEO plugin. -->","yoast_head_json":{"title":"Datafolha: 49% apoiam impeachment de Bolsonaro, e 46% se dizem contr\u00e1rios - Blog do Farn\u00e9sio","robots":{"index":"index","follow":"follow","max-snippet":"max-snippet:-1","max-image-preview":"max-image-preview:large","max-video-preview":"max-video-preview:-1"},"canonical":"https:\/\/blogdofarnesio.com.br\/?p=285697","og_locale":"pt_BR","og_type":"article","og_title":"Datafolha: 49% apoiam impeachment de Bolsonaro, e 46% se dizem contr\u00e1rios - Blog do Farn\u00e9sio","og_description":"O Globo \u2014 O \u00edndice da popula\u00e7\u00e3o que apoia o impeachment do presidente Jair Bolsonaro \u00e9, pela primeira vez, numericamente maior do que o percentual de quem \u00e9 contr\u00e1rio ao afastamento, de acordo com pesquisa Datafolha divulgada neste s\u00e1bado. Datafolha:Maioria apoia CPI da Covid, mas avalia que comiss\u00e3o far\u00e1 apenas uma encena\u00e7\u00e3oEntre os entrevistados, 49% s\u00e3o favor\u00e1veis ao processo. J\u00e1 46% se dizem contr\u00e1rios ao afastamento do presidente. O Datafolha entrevistou, presencialmente, 2.071 pessoas em todo o Brasil entre ter\u00e7a-feira e quarta-feira. A margem de erro \u00e9 de dois pontos percentuais, para mais ou para menos, com n\u00edvel de confian\u00e7a de 95%. Os \u00edndices representam um empate t\u00e9cnico dentro da margem de erro e praticamente se inverteram em rela\u00e7\u00e3o a&hellip;","og_url":"https:\/\/blogdofarnesio.com.br\/?p=285697","og_site_name":"Blog do Farn\u00e9sio","article_publisher":"https:\/\/www.facebook.com\/BlogQuerSaberPolitica\/","article_published_time":"2021-05-16T11:01:51+00:00","og_image":[{"width":675,"height":449,"url":"https:\/\/blogdofarnesio.com.br\/wp-content\/uploads\/2021\/03\/blogqspbolsonaro-credito-Evaristo-Sa-AFP.jpg","type":"image\/jpeg"}],"author":"Farn\u00e9sio","twitter_card":"summary_large_image","twitter_misc":{"Escrito por":"Farn\u00e9sio","Est. tempo de leitura":"7 minutos"},"schema":{"@context":"https:\/\/schema.org","@graph":[{"@type":"Article","@id":"https:\/\/blogdofarnesio.com.br\/?p=285697#article","isPartOf":{"@id":"https:\/\/blogdofarnesio.com.br\/?p=285697"},"author":{"name":"Farn\u00e9sio","@id":"https:\/\/blogdofarnesio.com.br\/#\/schema\/person\/301c4acf522bccbfdb45af95b5b906a1"},"headline":"Datafolha: 49% apoiam impeachment de Bolsonaro, e 46% se dizem contr\u00e1rios","datePublished":"2021-05-16T11:01:51+00:00","mainEntityOfPage":{"@id":"https:\/\/blogdofarnesio.com.br\/?p=285697"},"wordCount":1379,"publisher":{"@id":"https:\/\/blogdofarnesio.com.br\/#organization"},"image":{"@id":"https:\/\/blogdofarnesio.com.br\/?p=285697#primaryimage"},"thumbnailUrl":"https:\/\/blogdofarnesio.com.br\/wp-content\/uploads\/2021\/03\/blogqspbolsonaro-credito-Evaristo-Sa-AFP.jpg","articleSection":["Pol\u00edtica"],"inLanguage":"pt-BR"},{"@type":"WebPage","@id":"https:\/\/blogdofarnesio.com.br\/?p=285697","url":"https:\/\/blogdofarnesio.com.br\/?p=285697","name":"Datafolha: 49% apoiam impeachment de Bolsonaro, e 46% se dizem contr\u00e1rios - Blog do Farn\u00e9sio","isPartOf":{"@id":"https:\/\/blogdofarnesio.com.br\/#website"},"primaryImageOfPage":{"@id":"https:\/\/blogdofarnesio.com.br\/?p=285697#primaryimage"},"image":{"@id":"https:\/\/blogdofarnesio.com.br\/?p=285697#primaryimage"},"thumbnailUrl":"https:\/\/blogdofarnesio.com.br\/wp-content\/uploads\/2021\/03\/blogqspbolsonaro-credito-Evaristo-Sa-AFP.jpg","datePublished":"2021-05-16T11:01:51+00:00","breadcrumb":{"@id":"https:\/\/blogdofarnesio.com.br\/?p=285697#breadcrumb"},"inLanguage":"pt-BR","potentialAction":[{"@type":"ReadAction","target":["https:\/\/blogdofarnesio.com.br\/?p=285697"]}]},{"@type":"ImageObject","inLanguage":"pt-BR","@id":"https:\/\/blogdofarnesio.com.br\/?p=285697#primaryimage","url":"https:\/\/blogdofarnesio.com.br\/wp-content\/uploads\/2021\/03\/blogqspbolsonaro-credito-Evaristo-Sa-AFP.jpg","contentUrl":"https:\/\/blogdofarnesio.com.br\/wp-content\/uploads\/2021\/03\/blogqspbolsonaro-credito-Evaristo-Sa-AFP.jpg","width":675,"height":449},{"@type":"BreadcrumbList","@id":"https:\/\/blogdofarnesio.com.br\/?p=285697#breadcrumb","itemListElement":[{"@type":"ListItem","position":1,"name":"In\u00edcio","item":"https:\/\/blogdofarnesio.com.br\/"},{"@type":"ListItem","position":2,"name":"Datafolha: 49% apoiam impeachment de Bolsonaro, e 46% se dizem contr\u00e1rios"}]},{"@type":"WebSite","@id":"https:\/\/blogdofarnesio.com.br\/#website","url":"https:\/\/blogdofarnesio.com.br\/","name":"Blog do Farn\u00e9sio","description":"Quer Saber Pol\u00edtica?","publisher":{"@id":"https:\/\/blogdofarnesio.com.br\/#organization"},"potentialAction":[{"@type":"SearchAction","target":{"@type":"EntryPoint","urlTemplate":"https:\/\/blogdofarnesio.com.br\/?s={search_term_string}"},"query-input":{"@type":"PropertyValueSpecification","valueRequired":true,"valueName":"search_term_string"}}],"inLanguage":"pt-BR"},{"@type":"Organization","@id":"https:\/\/blogdofarnesio.com.br\/#organization","name":"Blog do Farn\u00e9sio","url":"https:\/\/blogdofarnesio.com.br\/","logo":{"@type":"ImageObject","inLanguage":"pt-BR","@id":"https:\/\/blogdofarnesio.com.br\/#\/schema\/logo\/image\/","url":"https:\/\/blogdofarnesio.com.br\/wp-content\/uploads\/2026\/03\/cropped-logo_new-1.png","contentUrl":"https:\/\/blogdofarnesio.com.br\/wp-content\/uploads\/2026\/03\/cropped-logo_new-1.png","width":881,"height":685,"caption":"Blog do Farn\u00e9sio"},"image":{"@id":"https:\/\/blogdofarnesio.com.br\/#\/schema\/logo\/image\/"},"sameAs":["https:\/\/www.facebook.com\/BlogQuerSaberPolitica\/"]},{"@type":"Person","@id":"https:\/\/blogdofarnesio.com.br\/#\/schema\/person\/301c4acf522bccbfdb45af95b5b906a1","name":"Farn\u00e9sio","image":{"@type":"ImageObject","inLanguage":"pt-BR","@id":"https:\/\/secure.gravatar.com\/avatar\/df0c9a14567c056f8ad6876ba5bbd1e3e2c48023eb6807342fc4663adf549f38?s=96&d=mm&r=g","url":"https:\/\/secure.gravatar.com\/avatar\/df0c9a14567c056f8ad6876ba5bbd1e3e2c48023eb6807342fc4663adf549f38?s=96&d=mm&r=g","contentUrl":"https:\/\/secure.gravatar.com\/avatar\/df0c9a14567c056f8ad6876ba5bbd1e3e2c48023eb6807342fc4663adf549f38?s=96&d=mm&r=g","caption":"Farn\u00e9sio"},"sameAs":["https:\/\/quersaberpolitica.com.br"],"url":"https:\/\/blogdofarnesio.com.br\/?author=1"}]}},"_links":{"self":[{"href":"https:\/\/blogdofarnesio.com.br\/index.php?rest_route=\/wp\/v2\/posts\/285697","targetHints":{"allow":["GET"]}}],"collection":[{"href":"https:\/\/blogdofarnesio.com.br\/index.php?rest_route=\/wp\/v2\/posts"}],"about":[{"href":"https:\/\/blogdofarnesio.com.br\/index.php?rest_route=\/wp\/v2\/types\/post"}],"author":[{"embeddable":true,"href":"https:\/\/blogdofarnesio.com.br\/index.php?rest_route=\/wp\/v2\/users\/1"}],"replies":[{"embeddable":true,"href":"https:\/\/blogdofarnesio.com.br\/index.php?rest_route=%2Fwp%2Fv2%2Fcomments&post=285697"}],"version-history":[{"count":0,"href":"https:\/\/blogdofarnesio.com.br\/index.php?rest_route=\/wp\/v2\/posts\/285697\/revisions"}],"wp:featuredmedia":[{"embeddable":true,"href":"https:\/\/blogdofarnesio.com.br\/index.php?rest_route=\/wp\/v2\/media\/281988"}],"wp:attachment":[{"href":"https:\/\/blogdofarnesio.com.br\/index.php?rest_route=%2Fwp%2Fv2%2Fmedia&parent=285697"}],"wp:term":[{"taxonomy":"category","embeddable":true,"href":"https:\/\/blogdofarnesio.com.br\/index.php?rest_route=%2Fwp%2Fv2%2Fcategories&post=285697"},{"taxonomy":"post_tag","embeddable":true,"href":"https:\/\/blogdofarnesio.com.br\/index.php?rest_route=%2Fwp%2Fv2%2Ftags&post=285697"}],"curies":[{"name":"wp","href":"https:\/\/api.w.org\/{rel}","templated":true}]}}