{"id":285653,"date":"2021-05-15T08:00:03","date_gmt":"2021-05-15T11:00:03","guid":{"rendered":"http:\/\/quersaberpolitica.com.br\/2016\/?p=285653"},"modified":"2021-05-14T20:28:45","modified_gmt":"2021-05-14T23:28:45","slug":"fiepe-discute-criacao-de-um-polo-de-desenvolvimento-economico-em-lagoa-grande","status":"publish","type":"post","link":"https:\/\/blogdofarnesio.com.br\/?p=285653","title":{"rendered":"FIEPE discute cria\u00e7\u00e3o de um polo de desenvolvimento econ\u00f4mico em Lagoa Grande"},"content":{"rendered":"<p>A expans\u00e3o do polo empresarial, antigo Distrito Industrial de Petrolina, com atra\u00e7\u00e3o tamb\u00e9m de empresas comerciais e a cria\u00e7\u00e3o de um polo de desenvolvimento econ\u00f4mico no munic\u00edpio de Lagoa Grande, foram os temas principais da reuni\u00e3o remota do Conselho Empresarial da Unidade Regional do Sert\u00e3o do S\u00e3o Francisco da Federa\u00e7\u00e3o das Ind\u00fastrias do Estado de Pernambuco (URSF\/FIEPE) na tarde desta quinta-feira (13).<\/p>\n<p>No encontro, o presidente da Ag\u00eancia de Desenvolvimento Econ\u00f4mico de Pernambuco &#8211; AD Diper, Roberto Abreu e Lima, explicou que as mudan\u00e7as no Distrito Industrial de Petrolina fazem parte do novo conceito da ag\u00eancia que atua, hoje, com polos empresariais de perfil misto. \u201cS\u00e3o \u00e1reas de neg\u00f3cios din\u00e2micas, zonas comerciais com ind\u00fastrias de pequeno porte, n\u00e3o poluentes, centrais de distribui\u00e7\u00e3o, operadores log\u00edsticos, transportadoras e prestadoras de servi\u00e7os gerais\u201d, ressaltou.<\/p>\n<p>Roberto Abreu tamb\u00e9m detalhou a cria\u00e7\u00e3o do polo empresarial de Lagoa Grande, que ser\u00e1 implantado em parceria com a prefeitura do munic\u00edpio em uma \u00e1rea estrat\u00e9gica de 27 hectares. O terreno foi doado pelo empres\u00e1rio Antonio Calmon, como contrapartida para implanta\u00e7\u00e3o de uma unidade de distribui\u00e7\u00e3o, e o munic\u00edpio ficou respons\u00e1vel pelos servi\u00e7os de saneamento, terraplenagem, eletrifica\u00e7\u00e3o e a concess\u00e3o de incentivos fiscais aos futuros empreendedores. \u201cJ\u00e1 recebemos, inclusive, a visita de uma empresa argentina que vai implantar uma f\u00e1brica de embalagens para frutas\u201d, adiantou.<\/p>\n<p>Ainda durante a reuni\u00e3o, o gestor da AD Diper, enumerou diversos projetos e a\u00e7\u00f5es para o desenvolvimento e diversifica\u00e7\u00e3o da matriz econ\u00f4mica do Estado. Falou da atra\u00e7\u00e3o de investimentos produtivos, da melhoria do ambiente de neg\u00f3cios e do apoio aos arranjos produtivos locais. Ao final da explana\u00e7\u00e3o, respondeu tamb\u00e9m sobre pontos importantes como o fomento \u00e0 inova\u00e7\u00e3o, promo\u00e7\u00e3o da economia criativa e comercializa\u00e7\u00e3o de energia el\u00e9trica de fontes renov\u00e1veis no mercado livre.<\/p>\n<p>No encerramento da reuni\u00e3o, o presidente da FIEPE, Ricardo Essinger, agradeceu ao palestrante e a todos os conselheiros regionais, enfatizando a import\u00e2ncia dos temas tratados no encontro. \u201cTivemos um momento muito rico de informa\u00e7\u00f5es e bastante esclarecedor sobre os pequenos e grandes investimentos que fazem girar a roda da economia em nosso Estado\u201d, concluiu.<\/p>\n","protected":false},"excerpt":{"rendered":"<p>A expans\u00e3o do polo empresarial, antigo Distrito Industrial de Petrolina, com atra\u00e7\u00e3o tamb\u00e9m de empresas comerciais e a cria\u00e7\u00e3o de um polo de desenvolvimento econ\u00f4mico no munic\u00edpio de Lagoa Grande, foram os temas principais da reuni\u00e3o remota do Conselho Empresarial da Unidade Regional do Sert\u00e3o do S\u00e3o Francisco da Federa\u00e7\u00e3o das Ind\u00fastrias do Estado de Pernambuco (URSF\/FIEPE) na tarde desta quinta-feira (13). No encontro, o presidente da Ag\u00eancia de Desenvolvimento Econ\u00f4mico de Pernambuco &#8211; AD Diper, Roberto Abreu e Lima, explicou que as mudan\u00e7as no Distrito Industrial de Petrolina fazem parte do novo conceito da ag\u00eancia que atua, hoje, com polos empresariais de perfil misto. \u201cS\u00e3o \u00e1reas de neg\u00f3cios din\u00e2micas, zonas comerciais com ind\u00fastrias de pequeno porte, n\u00e3o poluentes, centrais&hellip; <\/p>\n","protected":false},"author":1,"featured_media":285654,"comment_status":"closed","ping_status":"closed","sticky":false,"template":"","format":"standard","meta":{"_acf_changed":false,"footnotes":""},"categories":[27,20],"tags":[],"class_list":["post-285653","post","type-post","status-publish","format-standard","has-post-thumbnail","hentry","category-cidades","category-economia"],"acf":[],"yoast_head":"<!-- This site is optimized with the Yoast SEO plugin v27.4 - https:\/\/yoast.com\/product\/yoast-seo-wordpress\/ -->\n<title>FIEPE discute cria\u00e7\u00e3o de um polo de desenvolvimento econ\u00f4mico em Lagoa Grande - Blog do Farn\u00e9sio<\/title>\n<meta name=\"robots\" content=\"index, follow, max-snippet:-1, max-image-preview:large, max-video-preview:-1\" \/>\n<link rel=\"canonical\" href=\"https:\/\/blogdofarnesio.com.br\/?p=285653\" \/>\n<meta property=\"og:locale\" content=\"pt_BR\" \/>\n<meta property=\"og:type\" content=\"article\" \/>\n<meta property=\"og:title\" content=\"FIEPE discute cria\u00e7\u00e3o de um polo de desenvolvimento econ\u00f4mico em Lagoa Grande - Blog do Farn\u00e9sio\" \/>\n<meta property=\"og:description\" content=\"A expans\u00e3o do polo empresarial, antigo Distrito Industrial de Petrolina, com atra\u00e7\u00e3o tamb\u00e9m de empresas comerciais e a cria\u00e7\u00e3o de um polo de desenvolvimento econ\u00f4mico no munic\u00edpio de Lagoa Grande, foram os temas principais da reuni\u00e3o remota do Conselho Empresarial da Unidade Regional do Sert\u00e3o do S\u00e3o Francisco da Federa\u00e7\u00e3o das Ind\u00fastrias do Estado de Pernambuco (URSF\/FIEPE) na tarde desta quinta-feira (13). No encontro, o presidente da Ag\u00eancia de Desenvolvimento Econ\u00f4mico de Pernambuco &#8211; AD Diper, Roberto Abreu e Lima, explicou que as mudan\u00e7as no Distrito Industrial de Petrolina fazem parte do novo conceito da ag\u00eancia que atua, hoje, com polos empresariais de perfil misto. \u201cS\u00e3o \u00e1reas de neg\u00f3cios din\u00e2micas, zonas comerciais com ind\u00fastrias de pequeno porte, n\u00e3o poluentes, centrais&hellip;\" \/>\n<meta property=\"og:url\" content=\"https:\/\/blogdofarnesio.com.br\/?p=285653\" \/>\n<meta property=\"og:site_name\" content=\"Blog do Farn\u00e9sio\" \/>\n<meta property=\"article:publisher\" content=\"https:\/\/www.facebook.com\/BlogQuerSaberPolitica\/\" \/>\n<meta property=\"article:published_time\" content=\"2021-05-15T11:00:03+00:00\" \/>\n<meta property=\"og:image\" content=\"https:\/\/blogdofarnesio.com.br\/wp-content\/uploads\/2021\/05\/blogqsppet-FIEPE-e1621034833863.jpg\" \/>\n\t<meta property=\"og:image:width\" content=\"584\" \/>\n\t<meta property=\"og:image:height\" content=\"333\" \/>\n\t<meta property=\"og:image:type\" content=\"image\/jpeg\" \/>\n<meta name=\"author\" content=\"Farn\u00e9sio\" \/>\n<meta name=\"twitter:card\" content=\"summary_large_image\" \/>\n<meta name=\"twitter:label1\" content=\"Escrito por\" \/>\n\t<meta name=\"twitter:data1\" content=\"Farn\u00e9sio\" \/>\n\t<meta name=\"twitter:label2\" content=\"Est. tempo de leitura\" \/>\n\t<meta name=\"twitter:data2\" content=\"2 minutos\" \/>\n<script type=\"application\/ld+json\" class=\"yoast-schema-graph\">{\"@context\":\"https:\\\/\\\/schema.org\",\"@graph\":[{\"@type\":\"Article\",\"@id\":\"https:\\\/\\\/blogdofarnesio.com.br\\\/?p=285653#article\",\"isPartOf\":{\"@id\":\"https:\\\/\\\/blogdofarnesio.com.br\\\/?p=285653\"},\"author\":{\"name\":\"Farn\u00e9sio\",\"@id\":\"https:\\\/\\\/blogdofarnesio.com.br\\\/#\\\/schema\\\/person\\\/301c4acf522bccbfdb45af95b5b906a1\"},\"headline\":\"FIEPE discute cria\u00e7\u00e3o de um polo de desenvolvimento econ\u00f4mico em Lagoa Grande\",\"datePublished\":\"2021-05-15T11:00:03+00:00\",\"mainEntityOfPage\":{\"@id\":\"https:\\\/\\\/blogdofarnesio.com.br\\\/?p=285653\"},\"wordCount\":406,\"publisher\":{\"@id\":\"https:\\\/\\\/blogdofarnesio.com.br\\\/#organization\"},\"image\":{\"@id\":\"https:\\\/\\\/blogdofarnesio.com.br\\\/?p=285653#primaryimage\"},\"thumbnailUrl\":\"https:\\\/\\\/blogdofarnesio.com.br\\\/wp-content\\\/uploads\\\/2021\\\/05\\\/blogqsppet-FIEPE-e1621034833863.jpg\",\"articleSection\":[\"Cidades\",\"Economia\"],\"inLanguage\":\"pt-BR\"},{\"@type\":\"WebPage\",\"@id\":\"https:\\\/\\\/blogdofarnesio.com.br\\\/?p=285653\",\"url\":\"https:\\\/\\\/blogdofarnesio.com.br\\\/?p=285653\",\"name\":\"FIEPE discute cria\u00e7\u00e3o de um polo de desenvolvimento econ\u00f4mico em Lagoa Grande - Blog do Farn\u00e9sio\",\"isPartOf\":{\"@id\":\"https:\\\/\\\/blogdofarnesio.com.br\\\/#website\"},\"primaryImageOfPage\":{\"@id\":\"https:\\\/\\\/blogdofarnesio.com.br\\\/?p=285653#primaryimage\"},\"image\":{\"@id\":\"https:\\\/\\\/blogdofarnesio.com.br\\\/?p=285653#primaryimage\"},\"thumbnailUrl\":\"https:\\\/\\\/blogdofarnesio.com.br\\\/wp-content\\\/uploads\\\/2021\\\/05\\\/blogqsppet-FIEPE-e1621034833863.jpg\",\"datePublished\":\"2021-05-15T11:00:03+00:00\",\"breadcrumb\":{\"@id\":\"https:\\\/\\\/blogdofarnesio.com.br\\\/?p=285653#breadcrumb\"},\"inLanguage\":\"pt-BR\",\"potentialAction\":[{\"@type\":\"ReadAction\",\"target\":[\"https:\\\/\\\/blogdofarnesio.com.br\\\/?p=285653\"]}]},{\"@type\":\"ImageObject\",\"inLanguage\":\"pt-BR\",\"@id\":\"https:\\\/\\\/blogdofarnesio.com.br\\\/?p=285653#primaryimage\",\"url\":\"https:\\\/\\\/blogdofarnesio.com.br\\\/wp-content\\\/uploads\\\/2021\\\/05\\\/blogqsppet-FIEPE-e1621034833863.jpg\",\"contentUrl\":\"https:\\\/\\\/blogdofarnesio.com.br\\\/wp-content\\\/uploads\\\/2021\\\/05\\\/blogqsppet-FIEPE-e1621034833863.jpg\",\"width\":584,\"height\":333},{\"@type\":\"BreadcrumbList\",\"@id\":\"https:\\\/\\\/blogdofarnesio.com.br\\\/?p=285653#breadcrumb\",\"itemListElement\":[{\"@type\":\"ListItem\",\"position\":1,\"name\":\"In\u00edcio\",\"item\":\"https:\\\/\\\/blogdofarnesio.com.br\\\/\"},{\"@type\":\"ListItem\",\"position\":2,\"name\":\"FIEPE discute cria\u00e7\u00e3o de um polo de desenvolvimento econ\u00f4mico em Lagoa Grande\"}]},{\"@type\":\"WebSite\",\"@id\":\"https:\\\/\\\/blogdofarnesio.com.br\\\/#website\",\"url\":\"https:\\\/\\\/blogdofarnesio.com.br\\\/\",\"name\":\"Blog do Farn\u00e9sio\",\"description\":\"Quer Saber Pol\u00edtica?\",\"publisher\":{\"@id\":\"https:\\\/\\\/blogdofarnesio.com.br\\\/#organization\"},\"potentialAction\":[{\"@type\":\"SearchAction\",\"target\":{\"@type\":\"EntryPoint\",\"urlTemplate\":\"https:\\\/\\\/blogdofarnesio.com.br\\\/?s={search_term_string}\"},\"query-input\":{\"@type\":\"PropertyValueSpecification\",\"valueRequired\":true,\"valueName\":\"search_term_string\"}}],\"inLanguage\":\"pt-BR\"},{\"@type\":\"Organization\",\"@id\":\"https:\\\/\\\/blogdofarnesio.com.br\\\/#organization\",\"name\":\"Blog do Farn\u00e9sio\",\"url\":\"https:\\\/\\\/blogdofarnesio.com.br\\\/\",\"logo\":{\"@type\":\"ImageObject\",\"inLanguage\":\"pt-BR\",\"@id\":\"https:\\\/\\\/blogdofarnesio.com.br\\\/#\\\/schema\\\/logo\\\/image\\\/\",\"url\":\"https:\\\/\\\/blogdofarnesio.com.br\\\/wp-content\\\/uploads\\\/2026\\\/03\\\/cropped-logo_new-1.png\",\"contentUrl\":\"https:\\\/\\\/blogdofarnesio.com.br\\\/wp-content\\\/uploads\\\/2026\\\/03\\\/cropped-logo_new-1.png\",\"width\":881,\"height\":685,\"caption\":\"Blog do Farn\u00e9sio\"},\"image\":{\"@id\":\"https:\\\/\\\/blogdofarnesio.com.br\\\/#\\\/schema\\\/logo\\\/image\\\/\"},\"sameAs\":[\"https:\\\/\\\/www.facebook.com\\\/BlogQuerSaberPolitica\\\/\"]},{\"@type\":\"Person\",\"@id\":\"https:\\\/\\\/blogdofarnesio.com.br\\\/#\\\/schema\\\/person\\\/301c4acf522bccbfdb45af95b5b906a1\",\"name\":\"Farn\u00e9sio\",\"image\":{\"@type\":\"ImageObject\",\"inLanguage\":\"pt-BR\",\"@id\":\"https:\\\/\\\/secure.gravatar.com\\\/avatar\\\/df0c9a14567c056f8ad6876ba5bbd1e3e2c48023eb6807342fc4663adf549f38?s=96&d=mm&r=g\",\"url\":\"https:\\\/\\\/secure.gravatar.com\\\/avatar\\\/df0c9a14567c056f8ad6876ba5bbd1e3e2c48023eb6807342fc4663adf549f38?s=96&d=mm&r=g\",\"contentUrl\":\"https:\\\/\\\/secure.gravatar.com\\\/avatar\\\/df0c9a14567c056f8ad6876ba5bbd1e3e2c48023eb6807342fc4663adf549f38?s=96&d=mm&r=g\",\"caption\":\"Farn\u00e9sio\"},\"sameAs\":[\"https:\\\/\\\/quersaberpolitica.com.br\"],\"url\":\"https:\\\/\\\/blogdofarnesio.com.br\\\/?author=1\"}]}<\/script>\n<!-- \/ Yoast SEO plugin. -->","yoast_head_json":{"title":"FIEPE discute cria\u00e7\u00e3o de um polo de desenvolvimento econ\u00f4mico em Lagoa Grande - Blog do Farn\u00e9sio","robots":{"index":"index","follow":"follow","max-snippet":"max-snippet:-1","max-image-preview":"max-image-preview:large","max-video-preview":"max-video-preview:-1"},"canonical":"https:\/\/blogdofarnesio.com.br\/?p=285653","og_locale":"pt_BR","og_type":"article","og_title":"FIEPE discute cria\u00e7\u00e3o de um polo de desenvolvimento econ\u00f4mico em Lagoa Grande - Blog do Farn\u00e9sio","og_description":"A expans\u00e3o do polo empresarial, antigo Distrito Industrial de Petrolina, com atra\u00e7\u00e3o tamb\u00e9m de empresas comerciais e a cria\u00e7\u00e3o de um polo de desenvolvimento econ\u00f4mico no munic\u00edpio de Lagoa Grande, foram os temas principais da reuni\u00e3o remota do Conselho Empresarial da Unidade Regional do Sert\u00e3o do S\u00e3o Francisco da Federa\u00e7\u00e3o das Ind\u00fastrias do Estado de Pernambuco (URSF\/FIEPE) na tarde desta quinta-feira (13). No encontro, o presidente da Ag\u00eancia de Desenvolvimento Econ\u00f4mico de Pernambuco &#8211; AD Diper, Roberto Abreu e Lima, explicou que as mudan\u00e7as no Distrito Industrial de Petrolina fazem parte do novo conceito da ag\u00eancia que atua, hoje, com polos empresariais de perfil misto. \u201cS\u00e3o \u00e1reas de neg\u00f3cios din\u00e2micas, zonas comerciais com ind\u00fastrias de pequeno porte, n\u00e3o poluentes, centrais&hellip;","og_url":"https:\/\/blogdofarnesio.com.br\/?p=285653","og_site_name":"Blog do Farn\u00e9sio","article_publisher":"https:\/\/www.facebook.com\/BlogQuerSaberPolitica\/","article_published_time":"2021-05-15T11:00:03+00:00","og_image":[{"width":584,"height":333,"url":"https:\/\/blogdofarnesio.com.br\/wp-content\/uploads\/2021\/05\/blogqsppet-FIEPE-e1621034833863.jpg","type":"image\/jpeg"}],"author":"Farn\u00e9sio","twitter_card":"summary_large_image","twitter_misc":{"Escrito por":"Farn\u00e9sio","Est. tempo de leitura":"2 minutos"},"schema":{"@context":"https:\/\/schema.org","@graph":[{"@type":"Article","@id":"https:\/\/blogdofarnesio.com.br\/?p=285653#article","isPartOf":{"@id":"https:\/\/blogdofarnesio.com.br\/?p=285653"},"author":{"name":"Farn\u00e9sio","@id":"https:\/\/blogdofarnesio.com.br\/#\/schema\/person\/301c4acf522bccbfdb45af95b5b906a1"},"headline":"FIEPE discute cria\u00e7\u00e3o de um polo de desenvolvimento econ\u00f4mico em Lagoa Grande","datePublished":"2021-05-15T11:00:03+00:00","mainEntityOfPage":{"@id":"https:\/\/blogdofarnesio.com.br\/?p=285653"},"wordCount":406,"publisher":{"@id":"https:\/\/blogdofarnesio.com.br\/#organization"},"image":{"@id":"https:\/\/blogdofarnesio.com.br\/?p=285653#primaryimage"},"thumbnailUrl":"https:\/\/blogdofarnesio.com.br\/wp-content\/uploads\/2021\/05\/blogqsppet-FIEPE-e1621034833863.jpg","articleSection":["Cidades","Economia"],"inLanguage":"pt-BR"},{"@type":"WebPage","@id":"https:\/\/blogdofarnesio.com.br\/?p=285653","url":"https:\/\/blogdofarnesio.com.br\/?p=285653","name":"FIEPE discute cria\u00e7\u00e3o de um polo de desenvolvimento econ\u00f4mico em Lagoa Grande - Blog do Farn\u00e9sio","isPartOf":{"@id":"https:\/\/blogdofarnesio.com.br\/#website"},"primaryImageOfPage":{"@id":"https:\/\/blogdofarnesio.com.br\/?p=285653#primaryimage"},"image":{"@id":"https:\/\/blogdofarnesio.com.br\/?p=285653#primaryimage"},"thumbnailUrl":"https:\/\/blogdofarnesio.com.br\/wp-content\/uploads\/2021\/05\/blogqsppet-FIEPE-e1621034833863.jpg","datePublished":"2021-05-15T11:00:03+00:00","breadcrumb":{"@id":"https:\/\/blogdofarnesio.com.br\/?p=285653#breadcrumb"},"inLanguage":"pt-BR","potentialAction":[{"@type":"ReadAction","target":["https:\/\/blogdofarnesio.com.br\/?p=285653"]}]},{"@type":"ImageObject","inLanguage":"pt-BR","@id":"https:\/\/blogdofarnesio.com.br\/?p=285653#primaryimage","url":"https:\/\/blogdofarnesio.com.br\/wp-content\/uploads\/2021\/05\/blogqsppet-FIEPE-e1621034833863.jpg","contentUrl":"https:\/\/blogdofarnesio.com.br\/wp-content\/uploads\/2021\/05\/blogqsppet-FIEPE-e1621034833863.jpg","width":584,"height":333},{"@type":"BreadcrumbList","@id":"https:\/\/blogdofarnesio.com.br\/?p=285653#breadcrumb","itemListElement":[{"@type":"ListItem","position":1,"name":"In\u00edcio","item":"https:\/\/blogdofarnesio.com.br\/"},{"@type":"ListItem","position":2,"name":"FIEPE discute cria\u00e7\u00e3o de um polo de desenvolvimento econ\u00f4mico em Lagoa Grande"}]},{"@type":"WebSite","@id":"https:\/\/blogdofarnesio.com.br\/#website","url":"https:\/\/blogdofarnesio.com.br\/","name":"Blog do Farn\u00e9sio","description":"Quer Saber Pol\u00edtica?","publisher":{"@id":"https:\/\/blogdofarnesio.com.br\/#organization"},"potentialAction":[{"@type":"SearchAction","target":{"@type":"EntryPoint","urlTemplate":"https:\/\/blogdofarnesio.com.br\/?s={search_term_string}"},"query-input":{"@type":"PropertyValueSpecification","valueRequired":true,"valueName":"search_term_string"}}],"inLanguage":"pt-BR"},{"@type":"Organization","@id":"https:\/\/blogdofarnesio.com.br\/#organization","name":"Blog do Farn\u00e9sio","url":"https:\/\/blogdofarnesio.com.br\/","logo":{"@type":"ImageObject","inLanguage":"pt-BR","@id":"https:\/\/blogdofarnesio.com.br\/#\/schema\/logo\/image\/","url":"https:\/\/blogdofarnesio.com.br\/wp-content\/uploads\/2026\/03\/cropped-logo_new-1.png","contentUrl":"https:\/\/blogdofarnesio.com.br\/wp-content\/uploads\/2026\/03\/cropped-logo_new-1.png","width":881,"height":685,"caption":"Blog do Farn\u00e9sio"},"image":{"@id":"https:\/\/blogdofarnesio.com.br\/#\/schema\/logo\/image\/"},"sameAs":["https:\/\/www.facebook.com\/BlogQuerSaberPolitica\/"]},{"@type":"Person","@id":"https:\/\/blogdofarnesio.com.br\/#\/schema\/person\/301c4acf522bccbfdb45af95b5b906a1","name":"Farn\u00e9sio","image":{"@type":"ImageObject","inLanguage":"pt-BR","@id":"https:\/\/secure.gravatar.com\/avatar\/df0c9a14567c056f8ad6876ba5bbd1e3e2c48023eb6807342fc4663adf549f38?s=96&d=mm&r=g","url":"https:\/\/secure.gravatar.com\/avatar\/df0c9a14567c056f8ad6876ba5bbd1e3e2c48023eb6807342fc4663adf549f38?s=96&d=mm&r=g","contentUrl":"https:\/\/secure.gravatar.com\/avatar\/df0c9a14567c056f8ad6876ba5bbd1e3e2c48023eb6807342fc4663adf549f38?s=96&d=mm&r=g","caption":"Farn\u00e9sio"},"sameAs":["https:\/\/quersaberpolitica.com.br"],"url":"https:\/\/blogdofarnesio.com.br\/?author=1"}]}},"_links":{"self":[{"href":"https:\/\/blogdofarnesio.com.br\/index.php?rest_route=\/wp\/v2\/posts\/285653","targetHints":{"allow":["GET"]}}],"collection":[{"href":"https:\/\/blogdofarnesio.com.br\/index.php?rest_route=\/wp\/v2\/posts"}],"about":[{"href":"https:\/\/blogdofarnesio.com.br\/index.php?rest_route=\/wp\/v2\/types\/post"}],"author":[{"embeddable":true,"href":"https:\/\/blogdofarnesio.com.br\/index.php?rest_route=\/wp\/v2\/users\/1"}],"replies":[{"embeddable":true,"href":"https:\/\/blogdofarnesio.com.br\/index.php?rest_route=%2Fwp%2Fv2%2Fcomments&post=285653"}],"version-history":[{"count":0,"href":"https:\/\/blogdofarnesio.com.br\/index.php?rest_route=\/wp\/v2\/posts\/285653\/revisions"}],"wp:featuredmedia":[{"embeddable":true,"href":"https:\/\/blogdofarnesio.com.br\/index.php?rest_route=\/wp\/v2\/media\/285654"}],"wp:attachment":[{"href":"https:\/\/blogdofarnesio.com.br\/index.php?rest_route=%2Fwp%2Fv2%2Fmedia&parent=285653"}],"wp:term":[{"taxonomy":"category","embeddable":true,"href":"https:\/\/blogdofarnesio.com.br\/index.php?rest_route=%2Fwp%2Fv2%2Fcategories&post=285653"},{"taxonomy":"post_tag","embeddable":true,"href":"https:\/\/blogdofarnesio.com.br\/index.php?rest_route=%2Fwp%2Fv2%2Ftags&post=285653"}],"curies":[{"name":"wp","href":"https:\/\/api.w.org\/{rel}","templated":true}]}}