{"id":285638,"date":"2021-05-14T17:31:13","date_gmt":"2021-05-14T20:31:13","guid":{"rendered":"http:\/\/quersaberpolitica.com.br\/2016\/?p=285638"},"modified":"2021-05-14T17:03:01","modified_gmt":"2021-05-14T20:03:01","slug":"carta-aberta-reducao-cortes-e-bloqueio-no-orcamento-colocam-em-risco-funcionamento-das-instituicoes-federais-de-educacao-profissional","status":"publish","type":"post","link":"https:\/\/blogdofarnesio.com.br\/?p=285638","title":{"rendered":"CARTA ABERTA: Redu\u00e7\u00e3o, cortes e bloqueio no or\u00e7amento colocam em risco funcionamento das institui\u00e7\u00f5es federais de Educa\u00e7\u00e3o Profissional"},"content":{"rendered":"<div class=\"page-header\"><\/div>\n<p>Com R$ 770 milh\u00f5es a menos, a Rede Federal corre risco de interromper suas atividades no in\u00edcio do segundo semestre. Caso n\u00e3o ocorra a revers\u00e3o da situa\u00e7\u00e3o or\u00e7ament\u00e1ria ora imposta, haver\u00e1 um regresso aos patamares or\u00e7ament\u00e1rios do ano de 2010, o menor nos \u00faltimos 10 anos, quando a Rede contava ainda com 418 mil estudantes matriculados.<\/p>\n<p>Hoje, esse n\u00famero mais que dobrou: s\u00e3o mais de um milh\u00e3o de estudantes nos cursos t\u00e9cnicos, de gradua\u00e7\u00e3o e de p\u00f3s-gradua\u00e7\u00e3o nas institui\u00e7\u00f5es que comp\u00f5em a Rede Federal de Educa\u00e7\u00e3o profissional, Cient\u00edfica e Tecnol\u00f3gica.<\/p>\n<p><img decoding=\"async\" src=\"https:\/\/www.ifsertao-pe.edu.br\/images\/Destaques\/2021\/5-Maio\/carta-aberta-conif-arte.jpeg\" width=\"440\" \/><\/p>\n<p>O or\u00e7amento previsto pelo Governo Federal aos Institutos Federais, Cefets e Col\u00e9gio Pedro II para 2021 foi 18,2% menor do que o do ano passado, ou seja, uma redu\u00e7\u00e3o de R$ 431.897.262 milh\u00f5es. Durante a tramita\u00e7\u00e3o da pe\u00e7a or\u00e7ament\u00e1ria no Congresso Nacional, a Comiss\u00e3o Mista do Or\u00e7amento aplicou um corte linear de mais 43 milh\u00f5es, ou seja, 2,2% no total dos recursos alocados em programa\u00e7\u00f5es discricion\u00e1rias nas institui\u00e7\u00f5es, tais como assist\u00eancia estudantil, funcionamento, capacita\u00e7\u00e3o, dentre outros.<\/p>\n<p>J\u00e1 na san\u00e7\u00e3o presidencial ao Projeto de Lei Or\u00e7ament\u00e1ria (PLOA) ocorreu um novo corte, chamado de veto, desta vez de R$ 24,3 milh\u00f5es, representando mais 1,2% do or\u00e7amento previsto. Portanto, desde que o PLOA foi para o Congresso Nacional at\u00e9 a san\u00e7\u00e3o da LOA, a Rede Federal sofreu uma perda de, aproximadamente, R$ 500 milh\u00f5es.<\/p>\n<p>Ap\u00f3s a san\u00e7\u00e3o da LOA, o Minist\u00e9rio da Educa\u00e7\u00e3o (MEC) anunciou um novo bloqueio de mais 13,8% do j\u00e1 reduzido or\u00e7amento deste ano, representando R$273 milh\u00f5es a menos no or\u00e7amento total da Rede Federal. Importante destacar que a Rede sempre priorizou a manuten\u00e7\u00e3o dos recursos voltado para a assist\u00eancia estudantil. Contudo, ap\u00f3s esse novo corte do governo, a assist\u00eancia estudantil sofreu uma redu\u00e7\u00e3o de 3,4%, o equivalente a R$ 13,5 milh\u00f5es.<\/p>\n<p>Al\u00e9m das complica\u00e7\u00f5es enfrentadas pelos cortes, outro fato que dificulta ainda mais a gest\u00e3o or\u00e7ament\u00e1ria da Rede \u00e9 que mais da metade do or\u00e7amento das institui\u00e7\u00f5es est\u00e1 condicionado ao envio de Projeto de Lei de Cr\u00e9dito Suplementar pelo governo e posterior aprova\u00e7\u00e3o pelo Congresso Nacional. Ou seja, no quinto m\u00eas do ano as institui\u00e7\u00f5es contam com somente R$ 847 milh\u00f5es (42%) liberados do or\u00e7amento 2021, fato que inviabiliza quaisquer tipos de planejamento.<\/p>\n<p>O contexto torna-se mais cr\u00edtico pois, do valor liberado, nem tudo \u00e9 poss\u00edvel ser utilizado (empenhado), uma vez que depende ainda do Decreto de Programa\u00e7\u00e3o Or\u00e7ament\u00e1ria e Financeira do Governo Federal.<\/p>\n<p>Tal medida levou as Institui\u00e7\u00f5es da Rede Federal a fazerem escolhas no pagamento das despesas correntes, tais como servi\u00e7os de vigil\u00e2ncia, limpeza, energia, \u00e1gua e insumos. Al\u00e9m disso, h\u00e1 atraso e at\u00e9 cancelamento de editais de ensino, pesquisa e extens\u00e3o, tais como bolsas para atendimento \u00e0 comunidade acad\u00eamica.<\/p>\n<p>Outro fator que merece aten\u00e7\u00e3o s\u00e3o os recursos de emendas parlamentares de 2020, que tamb\u00e9m est\u00e3o represados. O levantamento realizado pelo F\u00f3rum de Planejamento (Forplan), do Conselho Nacional das Institui\u00e7\u00f5es da Rede Federal de Educa\u00e7\u00e3o Profissional, Cient\u00edfica e Tecnol\u00f3gica (Conif), verificou um d\u00e9bito de R$ 42 milh\u00f5es de financeiro para pagar as despesas j\u00e1 liquidadas referentes a obras, equipamentos e custeio, tornando a Administra\u00e7\u00e3o P\u00fablica inadimplente por falta de pagamento com empresas e fornecedores, o que pode ocasionar em desemprego e paralisa\u00e7\u00e3o das obras em curso.<\/p>\n<p>A informa\u00e7\u00e3o inicial do governo era de que, com a aprova\u00e7\u00e3o da LOA o recurso seria liberado. Entretanto, uma nova informa\u00e7\u00e3o, anunciada pelo MEC, diz ser preciso aguardar o decreto de programa\u00e7\u00e3o or\u00e7ament\u00e1ria e financeira, previsto somente para o pr\u00f3ximo dia 21 de maio.<\/p>\n<p>Diante desse cen\u00e1rio ca\u00f3tico previsto para o ano de 2021, \u00e9 preciso que o Congresso Nacional e o Governo Federal atuem em conjunto para uma mudan\u00e7a na situa\u00e7\u00e3o aqui circunscrita. A Educa\u00e7\u00e3o, al\u00e9m de um direito e bem inalien\u00e1vel da popula\u00e7\u00e3o brasileira, deve ser tratada como prioridade para o pa\u00eds, especialmente em tempos t\u00e3o duros como os advindos da pandemia.<\/p>\n<p>A provis\u00e3o de recursos adequados para a continuidade das atividades de excel\u00eancia produzidas no \u00e2mbito da Educa\u00e7\u00e3o Profissional, Cient\u00edfica e Tecnol\u00f3gica, que tanto contribui para o crescimento e desenvolvimento do Brasil, \u00e9 uma obriga\u00e7\u00e3o e responsabilidade da Uni\u00e3o. Sem o compromisso de que haver\u00e1 um or\u00e7amento que garanta ao menos, o m\u00ednimo constitucional para o prosseguimento desse trabalho de refer\u00eancia internacional, a Rede Federal pode, desastrosamente, parar.<\/p>\n<p><strong>Bras\u00edlia, 7 de maio de 2021.<\/strong><\/p>\n<p><em>Conselho Nacional das Institui\u00e7\u00f5es da Rede Federal de Educa\u00e7\u00e3o Profissional, Cient\u00edfica e Tecnol\u00f3gica (Conif)<\/em><\/p>\n<div id=\"yt_article_info\" class=\"article-info\">\n<dl class=\"article-author\">\n<dd class=\"createdby\">Escrito por Jadir Souza \/ ASCOM<\/dd>\n<\/dl>\n<\/div>\n","protected":false},"excerpt":{"rendered":"<p>Com R$ 770 milh\u00f5es a menos, a Rede Federal corre risco de interromper suas atividades no in\u00edcio do segundo semestre. Caso n\u00e3o ocorra a revers\u00e3o da situa\u00e7\u00e3o or\u00e7ament\u00e1ria ora imposta, haver\u00e1 um regresso aos patamares or\u00e7ament\u00e1rios do ano de 2010, o menor nos \u00faltimos 10 anos, quando a Rede contava ainda com 418 mil estudantes matriculados. Hoje, esse n\u00famero mais que dobrou: s\u00e3o mais de um milh\u00e3o de estudantes nos cursos t\u00e9cnicos, de gradua\u00e7\u00e3o e de p\u00f3s-gradua\u00e7\u00e3o nas institui\u00e7\u00f5es que comp\u00f5em a Rede Federal de Educa\u00e7\u00e3o profissional, Cient\u00edfica e Tecnol\u00f3gica. O or\u00e7amento previsto pelo Governo Federal aos Institutos Federais, Cefets e Col\u00e9gio Pedro II para 2021 foi 18,2% menor do que o do ano passado, ou seja, uma redu\u00e7\u00e3o de&hellip; <\/p>\n","protected":false},"author":1,"featured_media":273486,"comment_status":"closed","ping_status":"closed","sticky":false,"template":"","format":"standard","meta":{"_acf_changed":false,"footnotes":""},"categories":[6],"tags":[],"class_list":["post-285638","post","type-post","status-publish","format-standard","has-post-thumbnail","hentry","category-educacao"],"acf":[],"yoast_head":"<!-- This site is optimized with the Yoast SEO plugin v27.4 - https:\/\/yoast.com\/product\/yoast-seo-wordpress\/ -->\n<title>CARTA ABERTA: Redu\u00e7\u00e3o, cortes e bloqueio no or\u00e7amento colocam em risco funcionamento das institui\u00e7\u00f5es federais de Educa\u00e7\u00e3o Profissional - Blog do Farn\u00e9sio<\/title>\n<meta name=\"robots\" content=\"index, follow, max-snippet:-1, max-image-preview:large, max-video-preview:-1\" \/>\n<link rel=\"canonical\" href=\"https:\/\/blogdofarnesio.com.br\/?p=285638\" \/>\n<meta property=\"og:locale\" content=\"pt_BR\" \/>\n<meta property=\"og:type\" content=\"article\" \/>\n<meta property=\"og:title\" content=\"CARTA ABERTA: Redu\u00e7\u00e3o, cortes e bloqueio no or\u00e7amento colocam em risco funcionamento das institui\u00e7\u00f5es federais de Educa\u00e7\u00e3o Profissional - Blog do Farn\u00e9sio\" \/>\n<meta property=\"og:description\" content=\"Com R$ 770 milh\u00f5es a menos, a Rede Federal corre risco de interromper suas atividades no in\u00edcio do segundo semestre. Caso n\u00e3o ocorra a revers\u00e3o da situa\u00e7\u00e3o or\u00e7ament\u00e1ria ora imposta, haver\u00e1 um regresso aos patamares or\u00e7ament\u00e1rios do ano de 2010, o menor nos \u00faltimos 10 anos, quando a Rede contava ainda com 418 mil estudantes matriculados. Hoje, esse n\u00famero mais que dobrou: s\u00e3o mais de um milh\u00e3o de estudantes nos cursos t\u00e9cnicos, de gradua\u00e7\u00e3o e de p\u00f3s-gradua\u00e7\u00e3o nas institui\u00e7\u00f5es que comp\u00f5em a Rede Federal de Educa\u00e7\u00e3o profissional, Cient\u00edfica e Tecnol\u00f3gica. O or\u00e7amento previsto pelo Governo Federal aos Institutos Federais, Cefets e Col\u00e9gio Pedro II para 2021 foi 18,2% menor do que o do ano passado, ou seja, uma redu\u00e7\u00e3o de&hellip;\" \/>\n<meta property=\"og:url\" content=\"https:\/\/blogdofarnesio.com.br\/?p=285638\" \/>\n<meta property=\"og:site_name\" content=\"Blog do Farn\u00e9sio\" \/>\n<meta property=\"article:publisher\" content=\"https:\/\/www.facebook.com\/BlogQuerSaberPolitica\/\" \/>\n<meta property=\"article:published_time\" content=\"2021-05-14T20:31:13+00:00\" \/>\n<meta property=\"og:image\" content=\"https:\/\/blogdofarnesio.com.br\/wp-content\/uploads\/2020\/12\/blogqspIF-sertao-conif-nota-e1607168200986.jpg\" \/>\n\t<meta property=\"og:image:width\" content=\"550\" \/>\n\t<meta property=\"og:image:height\" content=\"367\" \/>\n\t<meta property=\"og:image:type\" content=\"image\/jpeg\" \/>\n<meta name=\"author\" content=\"Farn\u00e9sio\" \/>\n<meta name=\"twitter:card\" content=\"summary_large_image\" \/>\n<meta name=\"twitter:label1\" content=\"Escrito por\" \/>\n\t<meta name=\"twitter:data1\" content=\"Farn\u00e9sio\" \/>\n\t<meta name=\"twitter:label2\" content=\"Est. tempo de leitura\" \/>\n\t<meta name=\"twitter:data2\" content=\"4 minutos\" \/>\n<script type=\"application\/ld+json\" class=\"yoast-schema-graph\">{\"@context\":\"https:\\\/\\\/schema.org\",\"@graph\":[{\"@type\":\"Article\",\"@id\":\"https:\\\/\\\/blogdofarnesio.com.br\\\/?p=285638#article\",\"isPartOf\":{\"@id\":\"https:\\\/\\\/blogdofarnesio.com.br\\\/?p=285638\"},\"author\":{\"name\":\"Farn\u00e9sio\",\"@id\":\"https:\\\/\\\/blogdofarnesio.com.br\\\/#\\\/schema\\\/person\\\/301c4acf522bccbfdb45af95b5b906a1\"},\"headline\":\"CARTA ABERTA: Redu\u00e7\u00e3o, cortes e bloqueio no or\u00e7amento colocam em risco funcionamento das institui\u00e7\u00f5es federais de Educa\u00e7\u00e3o Profissional\",\"datePublished\":\"2021-05-14T20:31:13+00:00\",\"mainEntityOfPage\":{\"@id\":\"https:\\\/\\\/blogdofarnesio.com.br\\\/?p=285638\"},\"wordCount\":845,\"publisher\":{\"@id\":\"https:\\\/\\\/blogdofarnesio.com.br\\\/#organization\"},\"image\":{\"@id\":\"https:\\\/\\\/blogdofarnesio.com.br\\\/?p=285638#primaryimage\"},\"thumbnailUrl\":\"https:\\\/\\\/blogdofarnesio.com.br\\\/wp-content\\\/uploads\\\/2020\\\/12\\\/blogqspIF-sertao-conif-nota-e1607168200986.jpg\",\"articleSection\":[\"Educa\u00e7\u00e3o\"],\"inLanguage\":\"pt-BR\"},{\"@type\":\"WebPage\",\"@id\":\"https:\\\/\\\/blogdofarnesio.com.br\\\/?p=285638\",\"url\":\"https:\\\/\\\/blogdofarnesio.com.br\\\/?p=285638\",\"name\":\"CARTA ABERTA: Redu\u00e7\u00e3o, cortes e bloqueio no or\u00e7amento colocam em risco funcionamento das institui\u00e7\u00f5es federais de Educa\u00e7\u00e3o Profissional - Blog do Farn\u00e9sio\",\"isPartOf\":{\"@id\":\"https:\\\/\\\/blogdofarnesio.com.br\\\/#website\"},\"primaryImageOfPage\":{\"@id\":\"https:\\\/\\\/blogdofarnesio.com.br\\\/?p=285638#primaryimage\"},\"image\":{\"@id\":\"https:\\\/\\\/blogdofarnesio.com.br\\\/?p=285638#primaryimage\"},\"thumbnailUrl\":\"https:\\\/\\\/blogdofarnesio.com.br\\\/wp-content\\\/uploads\\\/2020\\\/12\\\/blogqspIF-sertao-conif-nota-e1607168200986.jpg\",\"datePublished\":\"2021-05-14T20:31:13+00:00\",\"breadcrumb\":{\"@id\":\"https:\\\/\\\/blogdofarnesio.com.br\\\/?p=285638#breadcrumb\"},\"inLanguage\":\"pt-BR\",\"potentialAction\":[{\"@type\":\"ReadAction\",\"target\":[\"https:\\\/\\\/blogdofarnesio.com.br\\\/?p=285638\"]}]},{\"@type\":\"ImageObject\",\"inLanguage\":\"pt-BR\",\"@id\":\"https:\\\/\\\/blogdofarnesio.com.br\\\/?p=285638#primaryimage\",\"url\":\"https:\\\/\\\/blogdofarnesio.com.br\\\/wp-content\\\/uploads\\\/2020\\\/12\\\/blogqspIF-sertao-conif-nota-e1607168200986.jpg\",\"contentUrl\":\"https:\\\/\\\/blogdofarnesio.com.br\\\/wp-content\\\/uploads\\\/2020\\\/12\\\/blogqspIF-sertao-conif-nota-e1607168200986.jpg\",\"width\":550,\"height\":367},{\"@type\":\"BreadcrumbList\",\"@id\":\"https:\\\/\\\/blogdofarnesio.com.br\\\/?p=285638#breadcrumb\",\"itemListElement\":[{\"@type\":\"ListItem\",\"position\":1,\"name\":\"In\u00edcio\",\"item\":\"https:\\\/\\\/blogdofarnesio.com.br\\\/\"},{\"@type\":\"ListItem\",\"position\":2,\"name\":\"CARTA ABERTA: Redu\u00e7\u00e3o, cortes e bloqueio no or\u00e7amento colocam em risco funcionamento das institui\u00e7\u00f5es federais de Educa\u00e7\u00e3o Profissional\"}]},{\"@type\":\"WebSite\",\"@id\":\"https:\\\/\\\/blogdofarnesio.com.br\\\/#website\",\"url\":\"https:\\\/\\\/blogdofarnesio.com.br\\\/\",\"name\":\"Blog do Farn\u00e9sio\",\"description\":\"Quer Saber Pol\u00edtica?\",\"publisher\":{\"@id\":\"https:\\\/\\\/blogdofarnesio.com.br\\\/#organization\"},\"potentialAction\":[{\"@type\":\"SearchAction\",\"target\":{\"@type\":\"EntryPoint\",\"urlTemplate\":\"https:\\\/\\\/blogdofarnesio.com.br\\\/?s={search_term_string}\"},\"query-input\":{\"@type\":\"PropertyValueSpecification\",\"valueRequired\":true,\"valueName\":\"search_term_string\"}}],\"inLanguage\":\"pt-BR\"},{\"@type\":\"Organization\",\"@id\":\"https:\\\/\\\/blogdofarnesio.com.br\\\/#organization\",\"name\":\"Blog do Farn\u00e9sio\",\"url\":\"https:\\\/\\\/blogdofarnesio.com.br\\\/\",\"logo\":{\"@type\":\"ImageObject\",\"inLanguage\":\"pt-BR\",\"@id\":\"https:\\\/\\\/blogdofarnesio.com.br\\\/#\\\/schema\\\/logo\\\/image\\\/\",\"url\":\"https:\\\/\\\/blogdofarnesio.com.br\\\/wp-content\\\/uploads\\\/2026\\\/03\\\/cropped-logo_new-1.png\",\"contentUrl\":\"https:\\\/\\\/blogdofarnesio.com.br\\\/wp-content\\\/uploads\\\/2026\\\/03\\\/cropped-logo_new-1.png\",\"width\":881,\"height\":685,\"caption\":\"Blog do Farn\u00e9sio\"},\"image\":{\"@id\":\"https:\\\/\\\/blogdofarnesio.com.br\\\/#\\\/schema\\\/logo\\\/image\\\/\"},\"sameAs\":[\"https:\\\/\\\/www.facebook.com\\\/BlogQuerSaberPolitica\\\/\"]},{\"@type\":\"Person\",\"@id\":\"https:\\\/\\\/blogdofarnesio.com.br\\\/#\\\/schema\\\/person\\\/301c4acf522bccbfdb45af95b5b906a1\",\"name\":\"Farn\u00e9sio\",\"image\":{\"@type\":\"ImageObject\",\"inLanguage\":\"pt-BR\",\"@id\":\"https:\\\/\\\/secure.gravatar.com\\\/avatar\\\/df0c9a14567c056f8ad6876ba5bbd1e3e2c48023eb6807342fc4663adf549f38?s=96&d=mm&r=g\",\"url\":\"https:\\\/\\\/secure.gravatar.com\\\/avatar\\\/df0c9a14567c056f8ad6876ba5bbd1e3e2c48023eb6807342fc4663adf549f38?s=96&d=mm&r=g\",\"contentUrl\":\"https:\\\/\\\/secure.gravatar.com\\\/avatar\\\/df0c9a14567c056f8ad6876ba5bbd1e3e2c48023eb6807342fc4663adf549f38?s=96&d=mm&r=g\",\"caption\":\"Farn\u00e9sio\"},\"sameAs\":[\"https:\\\/\\\/quersaberpolitica.com.br\"],\"url\":\"https:\\\/\\\/blogdofarnesio.com.br\\\/?author=1\"}]}<\/script>\n<!-- \/ Yoast SEO plugin. -->","yoast_head_json":{"title":"CARTA ABERTA: Redu\u00e7\u00e3o, cortes e bloqueio no or\u00e7amento colocam em risco funcionamento das institui\u00e7\u00f5es federais de Educa\u00e7\u00e3o Profissional - Blog do Farn\u00e9sio","robots":{"index":"index","follow":"follow","max-snippet":"max-snippet:-1","max-image-preview":"max-image-preview:large","max-video-preview":"max-video-preview:-1"},"canonical":"https:\/\/blogdofarnesio.com.br\/?p=285638","og_locale":"pt_BR","og_type":"article","og_title":"CARTA ABERTA: Redu\u00e7\u00e3o, cortes e bloqueio no or\u00e7amento colocam em risco funcionamento das institui\u00e7\u00f5es federais de Educa\u00e7\u00e3o Profissional - Blog do Farn\u00e9sio","og_description":"Com R$ 770 milh\u00f5es a menos, a Rede Federal corre risco de interromper suas atividades no in\u00edcio do segundo semestre. Caso n\u00e3o ocorra a revers\u00e3o da situa\u00e7\u00e3o or\u00e7ament\u00e1ria ora imposta, haver\u00e1 um regresso aos patamares or\u00e7ament\u00e1rios do ano de 2010, o menor nos \u00faltimos 10 anos, quando a Rede contava ainda com 418 mil estudantes matriculados. Hoje, esse n\u00famero mais que dobrou: s\u00e3o mais de um milh\u00e3o de estudantes nos cursos t\u00e9cnicos, de gradua\u00e7\u00e3o e de p\u00f3s-gradua\u00e7\u00e3o nas institui\u00e7\u00f5es que comp\u00f5em a Rede Federal de Educa\u00e7\u00e3o profissional, Cient\u00edfica e Tecnol\u00f3gica. O or\u00e7amento previsto pelo Governo Federal aos Institutos Federais, Cefets e Col\u00e9gio Pedro II para 2021 foi 18,2% menor do que o do ano passado, ou seja, uma redu\u00e7\u00e3o de&hellip;","og_url":"https:\/\/blogdofarnesio.com.br\/?p=285638","og_site_name":"Blog do Farn\u00e9sio","article_publisher":"https:\/\/www.facebook.com\/BlogQuerSaberPolitica\/","article_published_time":"2021-05-14T20:31:13+00:00","og_image":[{"width":550,"height":367,"url":"https:\/\/blogdofarnesio.com.br\/wp-content\/uploads\/2020\/12\/blogqspIF-sertao-conif-nota-e1607168200986.jpg","type":"image\/jpeg"}],"author":"Farn\u00e9sio","twitter_card":"summary_large_image","twitter_misc":{"Escrito por":"Farn\u00e9sio","Est. tempo de leitura":"4 minutos"},"schema":{"@context":"https:\/\/schema.org","@graph":[{"@type":"Article","@id":"https:\/\/blogdofarnesio.com.br\/?p=285638#article","isPartOf":{"@id":"https:\/\/blogdofarnesio.com.br\/?p=285638"},"author":{"name":"Farn\u00e9sio","@id":"https:\/\/blogdofarnesio.com.br\/#\/schema\/person\/301c4acf522bccbfdb45af95b5b906a1"},"headline":"CARTA ABERTA: Redu\u00e7\u00e3o, cortes e bloqueio no or\u00e7amento colocam em risco funcionamento das institui\u00e7\u00f5es federais de Educa\u00e7\u00e3o Profissional","datePublished":"2021-05-14T20:31:13+00:00","mainEntityOfPage":{"@id":"https:\/\/blogdofarnesio.com.br\/?p=285638"},"wordCount":845,"publisher":{"@id":"https:\/\/blogdofarnesio.com.br\/#organization"},"image":{"@id":"https:\/\/blogdofarnesio.com.br\/?p=285638#primaryimage"},"thumbnailUrl":"https:\/\/blogdofarnesio.com.br\/wp-content\/uploads\/2020\/12\/blogqspIF-sertao-conif-nota-e1607168200986.jpg","articleSection":["Educa\u00e7\u00e3o"],"inLanguage":"pt-BR"},{"@type":"WebPage","@id":"https:\/\/blogdofarnesio.com.br\/?p=285638","url":"https:\/\/blogdofarnesio.com.br\/?p=285638","name":"CARTA ABERTA: Redu\u00e7\u00e3o, cortes e bloqueio no or\u00e7amento colocam em risco funcionamento das institui\u00e7\u00f5es federais de Educa\u00e7\u00e3o Profissional - Blog do Farn\u00e9sio","isPartOf":{"@id":"https:\/\/blogdofarnesio.com.br\/#website"},"primaryImageOfPage":{"@id":"https:\/\/blogdofarnesio.com.br\/?p=285638#primaryimage"},"image":{"@id":"https:\/\/blogdofarnesio.com.br\/?p=285638#primaryimage"},"thumbnailUrl":"https:\/\/blogdofarnesio.com.br\/wp-content\/uploads\/2020\/12\/blogqspIF-sertao-conif-nota-e1607168200986.jpg","datePublished":"2021-05-14T20:31:13+00:00","breadcrumb":{"@id":"https:\/\/blogdofarnesio.com.br\/?p=285638#breadcrumb"},"inLanguage":"pt-BR","potentialAction":[{"@type":"ReadAction","target":["https:\/\/blogdofarnesio.com.br\/?p=285638"]}]},{"@type":"ImageObject","inLanguage":"pt-BR","@id":"https:\/\/blogdofarnesio.com.br\/?p=285638#primaryimage","url":"https:\/\/blogdofarnesio.com.br\/wp-content\/uploads\/2020\/12\/blogqspIF-sertao-conif-nota-e1607168200986.jpg","contentUrl":"https:\/\/blogdofarnesio.com.br\/wp-content\/uploads\/2020\/12\/blogqspIF-sertao-conif-nota-e1607168200986.jpg","width":550,"height":367},{"@type":"BreadcrumbList","@id":"https:\/\/blogdofarnesio.com.br\/?p=285638#breadcrumb","itemListElement":[{"@type":"ListItem","position":1,"name":"In\u00edcio","item":"https:\/\/blogdofarnesio.com.br\/"},{"@type":"ListItem","position":2,"name":"CARTA ABERTA: Redu\u00e7\u00e3o, cortes e bloqueio no or\u00e7amento colocam em risco funcionamento das institui\u00e7\u00f5es federais de Educa\u00e7\u00e3o Profissional"}]},{"@type":"WebSite","@id":"https:\/\/blogdofarnesio.com.br\/#website","url":"https:\/\/blogdofarnesio.com.br\/","name":"Blog do Farn\u00e9sio","description":"Quer Saber Pol\u00edtica?","publisher":{"@id":"https:\/\/blogdofarnesio.com.br\/#organization"},"potentialAction":[{"@type":"SearchAction","target":{"@type":"EntryPoint","urlTemplate":"https:\/\/blogdofarnesio.com.br\/?s={search_term_string}"},"query-input":{"@type":"PropertyValueSpecification","valueRequired":true,"valueName":"search_term_string"}}],"inLanguage":"pt-BR"},{"@type":"Organization","@id":"https:\/\/blogdofarnesio.com.br\/#organization","name":"Blog do Farn\u00e9sio","url":"https:\/\/blogdofarnesio.com.br\/","logo":{"@type":"ImageObject","inLanguage":"pt-BR","@id":"https:\/\/blogdofarnesio.com.br\/#\/schema\/logo\/image\/","url":"https:\/\/blogdofarnesio.com.br\/wp-content\/uploads\/2026\/03\/cropped-logo_new-1.png","contentUrl":"https:\/\/blogdofarnesio.com.br\/wp-content\/uploads\/2026\/03\/cropped-logo_new-1.png","width":881,"height":685,"caption":"Blog do Farn\u00e9sio"},"image":{"@id":"https:\/\/blogdofarnesio.com.br\/#\/schema\/logo\/image\/"},"sameAs":["https:\/\/www.facebook.com\/BlogQuerSaberPolitica\/"]},{"@type":"Person","@id":"https:\/\/blogdofarnesio.com.br\/#\/schema\/person\/301c4acf522bccbfdb45af95b5b906a1","name":"Farn\u00e9sio","image":{"@type":"ImageObject","inLanguage":"pt-BR","@id":"https:\/\/secure.gravatar.com\/avatar\/df0c9a14567c056f8ad6876ba5bbd1e3e2c48023eb6807342fc4663adf549f38?s=96&d=mm&r=g","url":"https:\/\/secure.gravatar.com\/avatar\/df0c9a14567c056f8ad6876ba5bbd1e3e2c48023eb6807342fc4663adf549f38?s=96&d=mm&r=g","contentUrl":"https:\/\/secure.gravatar.com\/avatar\/df0c9a14567c056f8ad6876ba5bbd1e3e2c48023eb6807342fc4663adf549f38?s=96&d=mm&r=g","caption":"Farn\u00e9sio"},"sameAs":["https:\/\/quersaberpolitica.com.br"],"url":"https:\/\/blogdofarnesio.com.br\/?author=1"}]}},"_links":{"self":[{"href":"https:\/\/blogdofarnesio.com.br\/index.php?rest_route=\/wp\/v2\/posts\/285638","targetHints":{"allow":["GET"]}}],"collection":[{"href":"https:\/\/blogdofarnesio.com.br\/index.php?rest_route=\/wp\/v2\/posts"}],"about":[{"href":"https:\/\/blogdofarnesio.com.br\/index.php?rest_route=\/wp\/v2\/types\/post"}],"author":[{"embeddable":true,"href":"https:\/\/blogdofarnesio.com.br\/index.php?rest_route=\/wp\/v2\/users\/1"}],"replies":[{"embeddable":true,"href":"https:\/\/blogdofarnesio.com.br\/index.php?rest_route=%2Fwp%2Fv2%2Fcomments&post=285638"}],"version-history":[{"count":0,"href":"https:\/\/blogdofarnesio.com.br\/index.php?rest_route=\/wp\/v2\/posts\/285638\/revisions"}],"wp:featuredmedia":[{"embeddable":true,"href":"https:\/\/blogdofarnesio.com.br\/index.php?rest_route=\/wp\/v2\/media\/273486"}],"wp:attachment":[{"href":"https:\/\/blogdofarnesio.com.br\/index.php?rest_route=%2Fwp%2Fv2%2Fmedia&parent=285638"}],"wp:term":[{"taxonomy":"category","embeddable":true,"href":"https:\/\/blogdofarnesio.com.br\/index.php?rest_route=%2Fwp%2Fv2%2Fcategories&post=285638"},{"taxonomy":"post_tag","embeddable":true,"href":"https:\/\/blogdofarnesio.com.br\/index.php?rest_route=%2Fwp%2Fv2%2Ftags&post=285638"}],"curies":[{"name":"wp","href":"https:\/\/api.w.org\/{rel}","templated":true}]}}