{"id":285593,"date":"2021-05-14T08:02:25","date_gmt":"2021-05-14T11:02:25","guid":{"rendered":"http:\/\/quersaberpolitica.com.br\/2016\/?p=285593"},"modified":"2021-05-13T19:36:20","modified_gmt":"2021-05-13T22:36:20","slug":"senadores-da-cpi-da-covid-veem-ameaca-em-mensagem-de-augusto-aras","status":"publish","type":"post","link":"https:\/\/blogdofarnesio.com.br\/?p=285593","title":{"rendered":"Senadores da CPI da Covid veem amea\u00e7a em mensagem de Augusto Aras"},"content":{"rendered":"<div class=\"row content-head non-featured profiled\">\n<div class=\"title\"><\/div>\n<\/div>\n<div class=\"mc-article-body\">\n<article>\n<div class=\"mc-column content-text active-extra-styles active-capital-letter\" data-block-type=\"unstyled\" data-block-weight=\"41\" data-block-id=\"1\">\n<p class=\"content-text__container theme-color-primary-first-letter\" data-track-category=\"Link no Texto\" data-track-links=\"\">Senadores da\u00a0<a href=\"https:\/\/g1.globo.com\/politica\/noticia\/2021\/05\/12\/cpi-aziz-suspende-sessao-apos-flavio-bolsonaro-chamar-renan-calheiros-de-vagabundo.ghtml\">CPI da Covid<\/a>\u00a0receberam uma mensagem enviada pelo Procurador-Geral da Rep\u00fablica (PGR),\u00a0<a href=\"https:\/\/g1.globo.com\/tudo-sobre\/augusto-aras\/\">Augusto Aras<\/a>, em que afirma que a convoca\u00e7\u00e3o da sub-procuradora Lindora Ara\u00fajo, seu bra\u00e7o direito na PGR, para depor na comiss\u00e3o, seria \u201cafronta sem precedentes na hist\u00f3ria\u201d.<\/p>\n<\/div>\n<div class=\"wall protected-content\">\n<div class=\"mc-column content-text active-extra-styles \" data-block-type=\"unstyled\" data-block-weight=\"24\" data-block-id=\"2\">\n<p class=\"content-text__container \" data-track-category=\"Link no Texto\" data-track-links=\"\">A mensagem foi vista com estranheza e at\u00e9 como uma amea\u00e7a por senadores. Outros integrantes viram o movimento como uma tentativa de blindar Lindora.<\/p>\n<\/div>\n<div class=\"mc-column content-text active-extra-styles \" data-block-type=\"unstyled\" data-block-weight=\"26\" data-block-id=\"3\">\n<p class=\"content-text__container \" data-track-category=\"Link no Texto\" data-track-links=\"\">O relator, Renan Calheiros, que recebeu o texto de Aras, leu a mensagem na sess\u00e3o da comiss\u00e3o desta quinta-feira (13), quando se discutiam requerimentos de convoca\u00e7\u00e3o.<\/p>\n<\/div>\n<div class=\"bs-video-block mc-column  content-media content-video\" data-block-type=\"backstage-video\" data-block-id=\"4\">\n<div class=\"content-media__container\">\n<div class=\"content-video__bigger-player-description-fixer\">\n<article class=\"content-video\">\n<section class=\"content-video__video-container\">\n<div class=\"content-video__video\">\n<div class=\"content-video__placeholder\" data-video-id=\"9510157\"><img decoding=\"async\" class=\"content-video__placeholder__thumb\" title=\"Ana Flor sobre carta: 'Pfizer deu prefer\u00eancia ao Brasil e o governo jogou essa prefer\u00eancia fora'\" src=\"https:\/\/s02.video.glbimg.com\/x240\/9510157.jpg\" alt=\"Ana Flor sobre carta: 'Pfizer deu prefer\u00eancia ao Brasil e o governo jogou essa prefer\u00eancia fora'\" \/><\/div>\n<div id=\"wp3-player-2\" class=\"clappr-player\" tabindex=\"9999\" data-player=\"\">\n<div class=\"dfp-ad-overlay dfp-ad-overlay--poster-mode\">\n<div><\/div>\n<\/div>\n<div class=\"container master-container pointer-enabled\" data-container=\"\" data-pip=\"\">\n<div class=\"id-playback\" data-id-playback=\"\"><video id=\"c76\" poster=\"https:\/\/s02.video.glbimg.com\/x240\/9510157.jpg\" preload=\"none\" width=\"300\" height=\"150\" data-html5-video=\"\" data-mce-fragment=\"1\"><\/video><\/div>\n<\/div>\n<div class=\"media-control media-control-hide\">\n<div class=\"media-control-panel\">\n<div class=\"media-control-panel__modal\"><\/div>\n<\/div>\n<\/div>\n<\/div>\n<\/div>\n<\/section>\n<\/article>\n<\/div>\n<p class=\"content-media__description\">Ana Flor sobre carta: &#8216;Pfizer deu prefer\u00eancia ao Brasil e o governo jogou essa prefer\u00eancia fora&#8217;<\/p>\n<\/div>\n<\/div>\n<div class=\"mc-column content-text active-extra-styles \" data-block-type=\"unstyled\" data-block-weight=\"36\" data-block-id=\"5\">\n<p class=\"content-text__container \" data-track-category=\"Link no Texto\" data-track-links=\"\">Na mensagem, a que o<strong>\u00a0blog\u00a0<\/strong>teve acesso, Aras afirma que membros do MPF e ju\u00edzes n\u00e3o podem prestar depoimento sobre atividade fim. Ele se comprometeu a entregar todas as informa\u00e7\u00f5es dispon\u00edveis na PGR \u00e0 CPI.<\/p>\n<\/div>\n<div class=\"mc-column content-text active-extra-styles \" data-block-type=\"unstyled\" data-block-weight=\"13\" data-block-id=\"6\">\n<p class=\"content-text__container \" data-track-category=\"Link no Texto\" data-track-links=\"\">Al\u00e9m de Renan, o presidente da CPI, Omar Aziz, tamb\u00e9m recebeu a mensagem.<\/p>\n<\/div>\n<div class=\"mc-column content-text active-extra-styles \" data-block-type=\"unstyled\" data-block-weight=\"31\" data-block-id=\"7\">\n<p class=\"content-text__container \" data-track-category=\"Link no Texto\" data-track-links=\"\">Em CPIs anteriores, membros do MPF compareceram e prestaram depoimento. \u00c9 o caso da CPI Mista do Banestado, em 2003, na qual o procurador Luiz Francisco Fernandes de Souza prestou depoimento.<\/p>\n<\/div>\n<\/div>\n<\/article>\n<\/div>\n","protected":false},"excerpt":{"rendered":"<p>Senadores da\u00a0CPI da Covid\u00a0receberam uma mensagem enviada pelo Procurador-Geral da Rep\u00fablica (PGR),\u00a0Augusto Aras, em que afirma que a convoca\u00e7\u00e3o da sub-procuradora Lindora Ara\u00fajo, seu bra\u00e7o direito na PGR, para depor na comiss\u00e3o, seria \u201cafronta sem precedentes na hist\u00f3ria\u201d. A mensagem foi vista com estranheza e at\u00e9 como uma amea\u00e7a por senadores. Outros integrantes viram o movimento como uma tentativa de blindar Lindora. O relator, Renan Calheiros, que recebeu o texto de Aras, leu a mensagem na sess\u00e3o da comiss\u00e3o desta quinta-feira (13), quando se discutiam requerimentos de convoca\u00e7\u00e3o. Ana Flor sobre carta: &#8216;Pfizer deu prefer\u00eancia ao Brasil e o governo jogou essa prefer\u00eancia fora&#8217; Na mensagem, a que o\u00a0blog\u00a0teve acesso, Aras afirma que membros do MPF e ju\u00edzes n\u00e3o podem&hellip; <\/p>\n","protected":false},"author":1,"featured_media":211129,"comment_status":"closed","ping_status":"closed","sticky":false,"template":"","format":"standard","meta":{"_acf_changed":false,"footnotes":""},"categories":[1],"tags":[],"class_list":["post-285593","post","type-post","status-publish","format-standard","has-post-thumbnail","hentry","category-politica"],"acf":[],"yoast_head":"<!-- This site is optimized with the Yoast SEO plugin v27.4 - https:\/\/yoast.com\/product\/yoast-seo-wordpress\/ -->\n<title>Senadores da CPI da Covid veem amea\u00e7a em mensagem de Augusto Aras - Blog do Farn\u00e9sio<\/title>\n<meta name=\"robots\" content=\"index, follow, max-snippet:-1, max-image-preview:large, max-video-preview:-1\" \/>\n<link rel=\"canonical\" href=\"https:\/\/blogdofarnesio.com.br\/?p=285593\" \/>\n<meta property=\"og:locale\" content=\"pt_BR\" \/>\n<meta property=\"og:type\" content=\"article\" \/>\n<meta property=\"og:title\" content=\"Senadores da CPI da Covid veem amea\u00e7a em mensagem de Augusto Aras - Blog do Farn\u00e9sio\" \/>\n<meta property=\"og:description\" content=\"Senadores da\u00a0CPI da Covid\u00a0receberam uma mensagem enviada pelo Procurador-Geral da Rep\u00fablica (PGR),\u00a0Augusto Aras, em que afirma que a convoca\u00e7\u00e3o da sub-procuradora Lindora Ara\u00fajo, seu bra\u00e7o direito na PGR, para depor na comiss\u00e3o, seria \u201cafronta sem precedentes na hist\u00f3ria\u201d. A mensagem foi vista com estranheza e at\u00e9 como uma amea\u00e7a por senadores. Outros integrantes viram o movimento como uma tentativa de blindar Lindora. O relator, Renan Calheiros, que recebeu o texto de Aras, leu a mensagem na sess\u00e3o da comiss\u00e3o desta quinta-feira (13), quando se discutiam requerimentos de convoca\u00e7\u00e3o. Ana Flor sobre carta: &#8216;Pfizer deu prefer\u00eancia ao Brasil e o governo jogou essa prefer\u00eancia fora&#8217; Na mensagem, a que o\u00a0blog\u00a0teve acesso, Aras afirma que membros do MPF e ju\u00edzes n\u00e3o podem&hellip;\" \/>\n<meta property=\"og:url\" content=\"https:\/\/blogdofarnesio.com.br\/?p=285593\" \/>\n<meta property=\"og:site_name\" content=\"Blog do Farn\u00e9sio\" \/>\n<meta property=\"article:publisher\" content=\"https:\/\/www.facebook.com\/BlogQuerSaberPolitica\/\" \/>\n<meta property=\"article:published_time\" content=\"2021-05-14T11:02:25+00:00\" \/>\n<meta property=\"og:image\" content=\"https:\/\/blogdofarnesio.com.br\/wp-content\/uploads\/2018\/10\/blogqspcongressosalve-sequempuder-e1538692422501.jpg\" \/>\n\t<meta property=\"og:image:width\" content=\"630\" \/>\n\t<meta property=\"og:image:height\" content=\"379\" \/>\n\t<meta property=\"og:image:type\" content=\"image\/jpeg\" \/>\n<meta name=\"author\" content=\"Farn\u00e9sio\" \/>\n<meta name=\"twitter:card\" content=\"summary_large_image\" \/>\n<meta name=\"twitter:label1\" content=\"Escrito por\" \/>\n\t<meta name=\"twitter:data1\" content=\"Farn\u00e9sio\" \/>\n\t<meta name=\"twitter:label2\" content=\"Est. tempo de leitura\" \/>\n\t<meta name=\"twitter:data2\" content=\"1 minuto\" \/>\n<script type=\"application\/ld+json\" class=\"yoast-schema-graph\">{\"@context\":\"https:\\\/\\\/schema.org\",\"@graph\":[{\"@type\":\"Article\",\"@id\":\"https:\\\/\\\/blogdofarnesio.com.br\\\/?p=285593#article\",\"isPartOf\":{\"@id\":\"https:\\\/\\\/blogdofarnesio.com.br\\\/?p=285593\"},\"author\":{\"name\":\"Farn\u00e9sio\",\"@id\":\"https:\\\/\\\/blogdofarnesio.com.br\\\/#\\\/schema\\\/person\\\/301c4acf522bccbfdb45af95b5b906a1\"},\"headline\":\"Senadores da CPI da Covid veem amea\u00e7a em mensagem de Augusto Aras\",\"datePublished\":\"2021-05-14T11:02:25+00:00\",\"mainEntityOfPage\":{\"@id\":\"https:\\\/\\\/blogdofarnesio.com.br\\\/?p=285593\"},\"wordCount\":214,\"publisher\":{\"@id\":\"https:\\\/\\\/blogdofarnesio.com.br\\\/#organization\"},\"image\":{\"@id\":\"https:\\\/\\\/blogdofarnesio.com.br\\\/?p=285593#primaryimage\"},\"thumbnailUrl\":\"https:\\\/\\\/blogdofarnesio.com.br\\\/wp-content\\\/uploads\\\/2018\\\/10\\\/blogqspcongressosalve-sequempuder-e1538692422501.jpg\",\"articleSection\":[\"Pol\u00edtica\"],\"inLanguage\":\"pt-BR\"},{\"@type\":\"WebPage\",\"@id\":\"https:\\\/\\\/blogdofarnesio.com.br\\\/?p=285593\",\"url\":\"https:\\\/\\\/blogdofarnesio.com.br\\\/?p=285593\",\"name\":\"Senadores da CPI da Covid veem amea\u00e7a em mensagem de Augusto Aras - Blog do Farn\u00e9sio\",\"isPartOf\":{\"@id\":\"https:\\\/\\\/blogdofarnesio.com.br\\\/#website\"},\"primaryImageOfPage\":{\"@id\":\"https:\\\/\\\/blogdofarnesio.com.br\\\/?p=285593#primaryimage\"},\"image\":{\"@id\":\"https:\\\/\\\/blogdofarnesio.com.br\\\/?p=285593#primaryimage\"},\"thumbnailUrl\":\"https:\\\/\\\/blogdofarnesio.com.br\\\/wp-content\\\/uploads\\\/2018\\\/10\\\/blogqspcongressosalve-sequempuder-e1538692422501.jpg\",\"datePublished\":\"2021-05-14T11:02:25+00:00\",\"breadcrumb\":{\"@id\":\"https:\\\/\\\/blogdofarnesio.com.br\\\/?p=285593#breadcrumb\"},\"inLanguage\":\"pt-BR\",\"potentialAction\":[{\"@type\":\"ReadAction\",\"target\":[\"https:\\\/\\\/blogdofarnesio.com.br\\\/?p=285593\"]}]},{\"@type\":\"ImageObject\",\"inLanguage\":\"pt-BR\",\"@id\":\"https:\\\/\\\/blogdofarnesio.com.br\\\/?p=285593#primaryimage\",\"url\":\"https:\\\/\\\/blogdofarnesio.com.br\\\/wp-content\\\/uploads\\\/2018\\\/10\\\/blogqspcongressosalve-sequempuder-e1538692422501.jpg\",\"contentUrl\":\"https:\\\/\\\/blogdofarnesio.com.br\\\/wp-content\\\/uploads\\\/2018\\\/10\\\/blogqspcongressosalve-sequempuder-e1538692422501.jpg\",\"width\":630,\"height\":379},{\"@type\":\"BreadcrumbList\",\"@id\":\"https:\\\/\\\/blogdofarnesio.com.br\\\/?p=285593#breadcrumb\",\"itemListElement\":[{\"@type\":\"ListItem\",\"position\":1,\"name\":\"In\u00edcio\",\"item\":\"https:\\\/\\\/blogdofarnesio.com.br\\\/\"},{\"@type\":\"ListItem\",\"position\":2,\"name\":\"Senadores da CPI da Covid veem amea\u00e7a em mensagem de Augusto Aras\"}]},{\"@type\":\"WebSite\",\"@id\":\"https:\\\/\\\/blogdofarnesio.com.br\\\/#website\",\"url\":\"https:\\\/\\\/blogdofarnesio.com.br\\\/\",\"name\":\"Blog do Farn\u00e9sio\",\"description\":\"Quer Saber Pol\u00edtica?\",\"publisher\":{\"@id\":\"https:\\\/\\\/blogdofarnesio.com.br\\\/#organization\"},\"potentialAction\":[{\"@type\":\"SearchAction\",\"target\":{\"@type\":\"EntryPoint\",\"urlTemplate\":\"https:\\\/\\\/blogdofarnesio.com.br\\\/?s={search_term_string}\"},\"query-input\":{\"@type\":\"PropertyValueSpecification\",\"valueRequired\":true,\"valueName\":\"search_term_string\"}}],\"inLanguage\":\"pt-BR\"},{\"@type\":\"Organization\",\"@id\":\"https:\\\/\\\/blogdofarnesio.com.br\\\/#organization\",\"name\":\"Blog do Farn\u00e9sio\",\"url\":\"https:\\\/\\\/blogdofarnesio.com.br\\\/\",\"logo\":{\"@type\":\"ImageObject\",\"inLanguage\":\"pt-BR\",\"@id\":\"https:\\\/\\\/blogdofarnesio.com.br\\\/#\\\/schema\\\/logo\\\/image\\\/\",\"url\":\"https:\\\/\\\/blogdofarnesio.com.br\\\/wp-content\\\/uploads\\\/2026\\\/03\\\/cropped-logo_new-1.png\",\"contentUrl\":\"https:\\\/\\\/blogdofarnesio.com.br\\\/wp-content\\\/uploads\\\/2026\\\/03\\\/cropped-logo_new-1.png\",\"width\":881,\"height\":685,\"caption\":\"Blog do Farn\u00e9sio\"},\"image\":{\"@id\":\"https:\\\/\\\/blogdofarnesio.com.br\\\/#\\\/schema\\\/logo\\\/image\\\/\"},\"sameAs\":[\"https:\\\/\\\/www.facebook.com\\\/BlogQuerSaberPolitica\\\/\"]},{\"@type\":\"Person\",\"@id\":\"https:\\\/\\\/blogdofarnesio.com.br\\\/#\\\/schema\\\/person\\\/301c4acf522bccbfdb45af95b5b906a1\",\"name\":\"Farn\u00e9sio\",\"image\":{\"@type\":\"ImageObject\",\"inLanguage\":\"pt-BR\",\"@id\":\"https:\\\/\\\/secure.gravatar.com\\\/avatar\\\/df0c9a14567c056f8ad6876ba5bbd1e3e2c48023eb6807342fc4663adf549f38?s=96&d=mm&r=g\",\"url\":\"https:\\\/\\\/secure.gravatar.com\\\/avatar\\\/df0c9a14567c056f8ad6876ba5bbd1e3e2c48023eb6807342fc4663adf549f38?s=96&d=mm&r=g\",\"contentUrl\":\"https:\\\/\\\/secure.gravatar.com\\\/avatar\\\/df0c9a14567c056f8ad6876ba5bbd1e3e2c48023eb6807342fc4663adf549f38?s=96&d=mm&r=g\",\"caption\":\"Farn\u00e9sio\"},\"sameAs\":[\"https:\\\/\\\/quersaberpolitica.com.br\"],\"url\":\"https:\\\/\\\/blogdofarnesio.com.br\\\/?author=1\"}]}<\/script>\n<!-- \/ Yoast SEO plugin. -->","yoast_head_json":{"title":"Senadores da CPI da Covid veem amea\u00e7a em mensagem de Augusto Aras - Blog do Farn\u00e9sio","robots":{"index":"index","follow":"follow","max-snippet":"max-snippet:-1","max-image-preview":"max-image-preview:large","max-video-preview":"max-video-preview:-1"},"canonical":"https:\/\/blogdofarnesio.com.br\/?p=285593","og_locale":"pt_BR","og_type":"article","og_title":"Senadores da CPI da Covid veem amea\u00e7a em mensagem de Augusto Aras - Blog do Farn\u00e9sio","og_description":"Senadores da\u00a0CPI da Covid\u00a0receberam uma mensagem enviada pelo Procurador-Geral da Rep\u00fablica (PGR),\u00a0Augusto Aras, em que afirma que a convoca\u00e7\u00e3o da sub-procuradora Lindora Ara\u00fajo, seu bra\u00e7o direito na PGR, para depor na comiss\u00e3o, seria \u201cafronta sem precedentes na hist\u00f3ria\u201d. A mensagem foi vista com estranheza e at\u00e9 como uma amea\u00e7a por senadores. Outros integrantes viram o movimento como uma tentativa de blindar Lindora. O relator, Renan Calheiros, que recebeu o texto de Aras, leu a mensagem na sess\u00e3o da comiss\u00e3o desta quinta-feira (13), quando se discutiam requerimentos de convoca\u00e7\u00e3o. Ana Flor sobre carta: &#8216;Pfizer deu prefer\u00eancia ao Brasil e o governo jogou essa prefer\u00eancia fora&#8217; Na mensagem, a que o\u00a0blog\u00a0teve acesso, Aras afirma que membros do MPF e ju\u00edzes n\u00e3o podem&hellip;","og_url":"https:\/\/blogdofarnesio.com.br\/?p=285593","og_site_name":"Blog do Farn\u00e9sio","article_publisher":"https:\/\/www.facebook.com\/BlogQuerSaberPolitica\/","article_published_time":"2021-05-14T11:02:25+00:00","og_image":[{"width":630,"height":379,"url":"https:\/\/blogdofarnesio.com.br\/wp-content\/uploads\/2018\/10\/blogqspcongressosalve-sequempuder-e1538692422501.jpg","type":"image\/jpeg"}],"author":"Farn\u00e9sio","twitter_card":"summary_large_image","twitter_misc":{"Escrito por":"Farn\u00e9sio","Est. tempo de leitura":"1 minuto"},"schema":{"@context":"https:\/\/schema.org","@graph":[{"@type":"Article","@id":"https:\/\/blogdofarnesio.com.br\/?p=285593#article","isPartOf":{"@id":"https:\/\/blogdofarnesio.com.br\/?p=285593"},"author":{"name":"Farn\u00e9sio","@id":"https:\/\/blogdofarnesio.com.br\/#\/schema\/person\/301c4acf522bccbfdb45af95b5b906a1"},"headline":"Senadores da CPI da Covid veem amea\u00e7a em mensagem de Augusto Aras","datePublished":"2021-05-14T11:02:25+00:00","mainEntityOfPage":{"@id":"https:\/\/blogdofarnesio.com.br\/?p=285593"},"wordCount":214,"publisher":{"@id":"https:\/\/blogdofarnesio.com.br\/#organization"},"image":{"@id":"https:\/\/blogdofarnesio.com.br\/?p=285593#primaryimage"},"thumbnailUrl":"https:\/\/blogdofarnesio.com.br\/wp-content\/uploads\/2018\/10\/blogqspcongressosalve-sequempuder-e1538692422501.jpg","articleSection":["Pol\u00edtica"],"inLanguage":"pt-BR"},{"@type":"WebPage","@id":"https:\/\/blogdofarnesio.com.br\/?p=285593","url":"https:\/\/blogdofarnesio.com.br\/?p=285593","name":"Senadores da CPI da Covid veem amea\u00e7a em mensagem de Augusto Aras - Blog do Farn\u00e9sio","isPartOf":{"@id":"https:\/\/blogdofarnesio.com.br\/#website"},"primaryImageOfPage":{"@id":"https:\/\/blogdofarnesio.com.br\/?p=285593#primaryimage"},"image":{"@id":"https:\/\/blogdofarnesio.com.br\/?p=285593#primaryimage"},"thumbnailUrl":"https:\/\/blogdofarnesio.com.br\/wp-content\/uploads\/2018\/10\/blogqspcongressosalve-sequempuder-e1538692422501.jpg","datePublished":"2021-05-14T11:02:25+00:00","breadcrumb":{"@id":"https:\/\/blogdofarnesio.com.br\/?p=285593#breadcrumb"},"inLanguage":"pt-BR","potentialAction":[{"@type":"ReadAction","target":["https:\/\/blogdofarnesio.com.br\/?p=285593"]}]},{"@type":"ImageObject","inLanguage":"pt-BR","@id":"https:\/\/blogdofarnesio.com.br\/?p=285593#primaryimage","url":"https:\/\/blogdofarnesio.com.br\/wp-content\/uploads\/2018\/10\/blogqspcongressosalve-sequempuder-e1538692422501.jpg","contentUrl":"https:\/\/blogdofarnesio.com.br\/wp-content\/uploads\/2018\/10\/blogqspcongressosalve-sequempuder-e1538692422501.jpg","width":630,"height":379},{"@type":"BreadcrumbList","@id":"https:\/\/blogdofarnesio.com.br\/?p=285593#breadcrumb","itemListElement":[{"@type":"ListItem","position":1,"name":"In\u00edcio","item":"https:\/\/blogdofarnesio.com.br\/"},{"@type":"ListItem","position":2,"name":"Senadores da CPI da Covid veem amea\u00e7a em mensagem de Augusto Aras"}]},{"@type":"WebSite","@id":"https:\/\/blogdofarnesio.com.br\/#website","url":"https:\/\/blogdofarnesio.com.br\/","name":"Blog do Farn\u00e9sio","description":"Quer Saber Pol\u00edtica?","publisher":{"@id":"https:\/\/blogdofarnesio.com.br\/#organization"},"potentialAction":[{"@type":"SearchAction","target":{"@type":"EntryPoint","urlTemplate":"https:\/\/blogdofarnesio.com.br\/?s={search_term_string}"},"query-input":{"@type":"PropertyValueSpecification","valueRequired":true,"valueName":"search_term_string"}}],"inLanguage":"pt-BR"},{"@type":"Organization","@id":"https:\/\/blogdofarnesio.com.br\/#organization","name":"Blog do Farn\u00e9sio","url":"https:\/\/blogdofarnesio.com.br\/","logo":{"@type":"ImageObject","inLanguage":"pt-BR","@id":"https:\/\/blogdofarnesio.com.br\/#\/schema\/logo\/image\/","url":"https:\/\/blogdofarnesio.com.br\/wp-content\/uploads\/2026\/03\/cropped-logo_new-1.png","contentUrl":"https:\/\/blogdofarnesio.com.br\/wp-content\/uploads\/2026\/03\/cropped-logo_new-1.png","width":881,"height":685,"caption":"Blog do Farn\u00e9sio"},"image":{"@id":"https:\/\/blogdofarnesio.com.br\/#\/schema\/logo\/image\/"},"sameAs":["https:\/\/www.facebook.com\/BlogQuerSaberPolitica\/"]},{"@type":"Person","@id":"https:\/\/blogdofarnesio.com.br\/#\/schema\/person\/301c4acf522bccbfdb45af95b5b906a1","name":"Farn\u00e9sio","image":{"@type":"ImageObject","inLanguage":"pt-BR","@id":"https:\/\/secure.gravatar.com\/avatar\/df0c9a14567c056f8ad6876ba5bbd1e3e2c48023eb6807342fc4663adf549f38?s=96&d=mm&r=g","url":"https:\/\/secure.gravatar.com\/avatar\/df0c9a14567c056f8ad6876ba5bbd1e3e2c48023eb6807342fc4663adf549f38?s=96&d=mm&r=g","contentUrl":"https:\/\/secure.gravatar.com\/avatar\/df0c9a14567c056f8ad6876ba5bbd1e3e2c48023eb6807342fc4663adf549f38?s=96&d=mm&r=g","caption":"Farn\u00e9sio"},"sameAs":["https:\/\/quersaberpolitica.com.br"],"url":"https:\/\/blogdofarnesio.com.br\/?author=1"}]}},"_links":{"self":[{"href":"https:\/\/blogdofarnesio.com.br\/index.php?rest_route=\/wp\/v2\/posts\/285593","targetHints":{"allow":["GET"]}}],"collection":[{"href":"https:\/\/blogdofarnesio.com.br\/index.php?rest_route=\/wp\/v2\/posts"}],"about":[{"href":"https:\/\/blogdofarnesio.com.br\/index.php?rest_route=\/wp\/v2\/types\/post"}],"author":[{"embeddable":true,"href":"https:\/\/blogdofarnesio.com.br\/index.php?rest_route=\/wp\/v2\/users\/1"}],"replies":[{"embeddable":true,"href":"https:\/\/blogdofarnesio.com.br\/index.php?rest_route=%2Fwp%2Fv2%2Fcomments&post=285593"}],"version-history":[{"count":0,"href":"https:\/\/blogdofarnesio.com.br\/index.php?rest_route=\/wp\/v2\/posts\/285593\/revisions"}],"wp:featuredmedia":[{"embeddable":true,"href":"https:\/\/blogdofarnesio.com.br\/index.php?rest_route=\/wp\/v2\/media\/211129"}],"wp:attachment":[{"href":"https:\/\/blogdofarnesio.com.br\/index.php?rest_route=%2Fwp%2Fv2%2Fmedia&parent=285593"}],"wp:term":[{"taxonomy":"category","embeddable":true,"href":"https:\/\/blogdofarnesio.com.br\/index.php?rest_route=%2Fwp%2Fv2%2Fcategories&post=285593"},{"taxonomy":"post_tag","embeddable":true,"href":"https:\/\/blogdofarnesio.com.br\/index.php?rest_route=%2Fwp%2Fv2%2Ftags&post=285593"}],"curies":[{"name":"wp","href":"https:\/\/api.w.org\/{rel}","templated":true}]}}