{"id":285575,"date":"2021-05-14T08:22:31","date_gmt":"2021-05-14T11:22:31","guid":{"rendered":"http:\/\/quersaberpolitica.com.br\/2016\/?p=285575"},"modified":"2021-05-13T19:57:50","modified_gmt":"2021-05-13T22:57:50","slug":"coordenador-regional-da-compesa-participa-de-programa-na-canabrava-fm-e-fala-do-abastecimento-de-belem-do-sao-francisco","status":"publish","type":"post","link":"https:\/\/blogdofarnesio.com.br\/?p=285575","title":{"rendered":"Coordenador Regional da COMPESA participa de programa na Canabrava FM e fala do abastecimento de Bel\u00e9m do S\u00e3o Francisco"},"content":{"rendered":"<p>Em entrevista ao comunicador Gilmar Dantas da R\u00e1dio Canabrava FM de Bel\u00e9m do S\u00e3o Francisco o Coordenador da Regional da COMPESA, senhor Erinaldo J\u00fanior disse que foram feitos tr\u00eas projetos para melhorar o abastecimento de \u00e1gua em Bel\u00e9m.<\/p>\n<p>1\u00b0 Aumentar para 10 litros por segundos o abastecer de todo munic\u00edpio com \u00e1gua tratada 24h.<\/p>\n<p>2\u00b0 Separar o Distrito de Riacho Pequeno da rede de abastecimento de Bel\u00e9m colocando na adutora de Concei\u00e7\u00e3o das Criolas no Munic\u00edpio de Salgueiro, segundo o Coordenador al\u00e9m de melhorar o abastecimento no Distrito e vai tamb\u00e9m possibilitar o envio de \u00e1gua para as Fazendas que ficam nos arredores, obedecendo ao sistema de rod\u00edzio.<\/p>\n<p>3\u00b0 Dividir a cidade em dois setores de uma forma que possa abastecer usando dois reservat\u00f3rios. Com isso se ocorrer um estouro na tubula\u00e7\u00e3o a cidade toda n\u00e3o ser\u00e1 penalizada.<\/p>\n<p>Ainda de acordo com o Coordenador esses projetos v\u00e3o ser colocados em pr\u00e1tica a partir do segundo semestre e at\u00e9 o fim deste ano ser\u00e3o conclu\u00eddos.<br \/>\nErinaldo Junior tamb\u00e9m respondeu aos ouvintes que participaram ao vivo fazendo v\u00e1rias reclama\u00e7\u00f5es, dentre elas; a press\u00e3o do ar nos hidr\u00f4metros e valores altos na conta de \u00e1gua. Junior disse que a COMPESA de Bel\u00e9m tem um funcion\u00e1rio no escrit\u00f3rio local apara atender a popula\u00e7\u00e3o 8h por dia e que a equipe possu\u00ed equipamentos e est\u00e1 a disposi\u00e7\u00e3o para fazer an\u00e1lise nas resid\u00eancias dos Belemitas que se sentirem lesados.<\/p>\n","protected":false},"excerpt":{"rendered":"<p>Em entrevista ao comunicador Gilmar Dantas da R\u00e1dio Canabrava FM de Bel\u00e9m do S\u00e3o Francisco o Coordenador da Regional da COMPESA, senhor Erinaldo J\u00fanior disse que foram feitos tr\u00eas projetos para melhorar o abastecimento de \u00e1gua em Bel\u00e9m. 1\u00b0 Aumentar para 10 litros por segundos o abastecer de todo munic\u00edpio com \u00e1gua tratada 24h. 2\u00b0 Separar o Distrito de Riacho Pequeno da rede de abastecimento de Bel\u00e9m colocando na adutora de Concei\u00e7\u00e3o das Criolas no Munic\u00edpio de Salgueiro, segundo o Coordenador al\u00e9m de melhorar o abastecimento no Distrito e vai tamb\u00e9m possibilitar o envio de \u00e1gua para as Fazendas que ficam nos arredores, obedecendo ao sistema de rod\u00edzio. 3\u00b0 Dividir a cidade em dois setores de uma forma que possa&hellip; <\/p>\n","protected":false},"author":1,"featured_media":285597,"comment_status":"closed","ping_status":"closed","sticky":false,"template":"","format":"standard","meta":{"_acf_changed":false,"footnotes":""},"categories":[27],"tags":[],"class_list":["post-285575","post","type-post","status-publish","format-standard","has-post-thumbnail","hentry","category-cidades"],"acf":[],"yoast_head":"<!-- This site is optimized with the Yoast SEO plugin v27.4 - https:\/\/yoast.com\/product\/yoast-seo-wordpress\/ -->\n<title>Coordenador Regional da COMPESA participa de programa na Canabrava FM e fala do abastecimento de Bel\u00e9m do S\u00e3o Francisco - Blog do Farn\u00e9sio<\/title>\n<meta name=\"robots\" content=\"index, follow, max-snippet:-1, max-image-preview:large, max-video-preview:-1\" \/>\n<link rel=\"canonical\" href=\"https:\/\/blogdofarnesio.com.br\/?p=285575\" \/>\n<meta property=\"og:locale\" content=\"pt_BR\" \/>\n<meta property=\"og:type\" content=\"article\" \/>\n<meta property=\"og:title\" content=\"Coordenador Regional da COMPESA participa de programa na Canabrava FM e fala do abastecimento de Bel\u00e9m do S\u00e3o Francisco - Blog do Farn\u00e9sio\" \/>\n<meta property=\"og:description\" content=\"Em entrevista ao comunicador Gilmar Dantas da R\u00e1dio Canabrava FM de Bel\u00e9m do S\u00e3o Francisco o Coordenador da Regional da COMPESA, senhor Erinaldo J\u00fanior disse que foram feitos tr\u00eas projetos para melhorar o abastecimento de \u00e1gua em Bel\u00e9m. 1\u00b0 Aumentar para 10 litros por segundos o abastecer de todo munic\u00edpio com \u00e1gua tratada 24h. 2\u00b0 Separar o Distrito de Riacho Pequeno da rede de abastecimento de Bel\u00e9m colocando na adutora de Concei\u00e7\u00e3o das Criolas no Munic\u00edpio de Salgueiro, segundo o Coordenador al\u00e9m de melhorar o abastecimento no Distrito e vai tamb\u00e9m possibilitar o envio de \u00e1gua para as Fazendas que ficam nos arredores, obedecendo ao sistema de rod\u00edzio. 3\u00b0 Dividir a cidade em dois setores de uma forma que possa&hellip;\" \/>\n<meta property=\"og:url\" content=\"https:\/\/blogdofarnesio.com.br\/?p=285575\" \/>\n<meta property=\"og:site_name\" content=\"Blog do Farn\u00e9sio\" \/>\n<meta property=\"article:publisher\" content=\"https:\/\/www.facebook.com\/BlogQuerSaberPolitica\/\" \/>\n<meta property=\"article:published_time\" content=\"2021-05-14T11:22:31+00:00\" \/>\n<meta property=\"og:image\" content=\"https:\/\/blogdofarnesio.com.br\/wp-content\/uploads\/2021\/05\/IMG-20210513-WA0290.jpg\" \/>\n\t<meta property=\"og:image:width\" content=\"720\" \/>\n\t<meta property=\"og:image:height\" content=\"446\" \/>\n\t<meta property=\"og:image:type\" content=\"image\/jpeg\" \/>\n<meta name=\"author\" content=\"Farn\u00e9sio\" \/>\n<meta name=\"twitter:card\" content=\"summary_large_image\" \/>\n<meta name=\"twitter:label1\" content=\"Escrito por\" \/>\n\t<meta name=\"twitter:data1\" content=\"Farn\u00e9sio\" \/>\n\t<meta name=\"twitter:label2\" content=\"Est. tempo de leitura\" \/>\n\t<meta name=\"twitter:data2\" content=\"1 minuto\" \/>\n<script type=\"application\/ld+json\" class=\"yoast-schema-graph\">{\"@context\":\"https:\\\/\\\/schema.org\",\"@graph\":[{\"@type\":\"Article\",\"@id\":\"https:\\\/\\\/blogdofarnesio.com.br\\\/?p=285575#article\",\"isPartOf\":{\"@id\":\"https:\\\/\\\/blogdofarnesio.com.br\\\/?p=285575\"},\"author\":{\"name\":\"Farn\u00e9sio\",\"@id\":\"https:\\\/\\\/blogdofarnesio.com.br\\\/#\\\/schema\\\/person\\\/301c4acf522bccbfdb45af95b5b906a1\"},\"headline\":\"Coordenador Regional da COMPESA participa de programa na Canabrava FM e fala do abastecimento de Bel\u00e9m do S\u00e3o Francisco\",\"datePublished\":\"2021-05-14T11:22:31+00:00\",\"mainEntityOfPage\":{\"@id\":\"https:\\\/\\\/blogdofarnesio.com.br\\\/?p=285575\"},\"wordCount\":282,\"publisher\":{\"@id\":\"https:\\\/\\\/blogdofarnesio.com.br\\\/#organization\"},\"image\":{\"@id\":\"https:\\\/\\\/blogdofarnesio.com.br\\\/?p=285575#primaryimage\"},\"thumbnailUrl\":\"https:\\\/\\\/blogdofarnesio.com.br\\\/wp-content\\\/uploads\\\/2021\\\/05\\\/IMG-20210513-WA0290.jpg\",\"articleSection\":[\"Cidades\"],\"inLanguage\":\"pt-BR\"},{\"@type\":\"WebPage\",\"@id\":\"https:\\\/\\\/blogdofarnesio.com.br\\\/?p=285575\",\"url\":\"https:\\\/\\\/blogdofarnesio.com.br\\\/?p=285575\",\"name\":\"Coordenador Regional da COMPESA participa de programa na Canabrava FM e fala do abastecimento de Bel\u00e9m do S\u00e3o Francisco - Blog do Farn\u00e9sio\",\"isPartOf\":{\"@id\":\"https:\\\/\\\/blogdofarnesio.com.br\\\/#website\"},\"primaryImageOfPage\":{\"@id\":\"https:\\\/\\\/blogdofarnesio.com.br\\\/?p=285575#primaryimage\"},\"image\":{\"@id\":\"https:\\\/\\\/blogdofarnesio.com.br\\\/?p=285575#primaryimage\"},\"thumbnailUrl\":\"https:\\\/\\\/blogdofarnesio.com.br\\\/wp-content\\\/uploads\\\/2021\\\/05\\\/IMG-20210513-WA0290.jpg\",\"datePublished\":\"2021-05-14T11:22:31+00:00\",\"breadcrumb\":{\"@id\":\"https:\\\/\\\/blogdofarnesio.com.br\\\/?p=285575#breadcrumb\"},\"inLanguage\":\"pt-BR\",\"potentialAction\":[{\"@type\":\"ReadAction\",\"target\":[\"https:\\\/\\\/blogdofarnesio.com.br\\\/?p=285575\"]}]},{\"@type\":\"ImageObject\",\"inLanguage\":\"pt-BR\",\"@id\":\"https:\\\/\\\/blogdofarnesio.com.br\\\/?p=285575#primaryimage\",\"url\":\"https:\\\/\\\/blogdofarnesio.com.br\\\/wp-content\\\/uploads\\\/2021\\\/05\\\/IMG-20210513-WA0290.jpg\",\"contentUrl\":\"https:\\\/\\\/blogdofarnesio.com.br\\\/wp-content\\\/uploads\\\/2021\\\/05\\\/IMG-20210513-WA0290.jpg\",\"width\":720,\"height\":446},{\"@type\":\"BreadcrumbList\",\"@id\":\"https:\\\/\\\/blogdofarnesio.com.br\\\/?p=285575#breadcrumb\",\"itemListElement\":[{\"@type\":\"ListItem\",\"position\":1,\"name\":\"In\u00edcio\",\"item\":\"https:\\\/\\\/blogdofarnesio.com.br\\\/\"},{\"@type\":\"ListItem\",\"position\":2,\"name\":\"Coordenador Regional da COMPESA participa de programa na Canabrava FM e fala do abastecimento de Bel\u00e9m do S\u00e3o Francisco\"}]},{\"@type\":\"WebSite\",\"@id\":\"https:\\\/\\\/blogdofarnesio.com.br\\\/#website\",\"url\":\"https:\\\/\\\/blogdofarnesio.com.br\\\/\",\"name\":\"Blog do Farn\u00e9sio\",\"description\":\"Quer Saber Pol\u00edtica?\",\"publisher\":{\"@id\":\"https:\\\/\\\/blogdofarnesio.com.br\\\/#organization\"},\"potentialAction\":[{\"@type\":\"SearchAction\",\"target\":{\"@type\":\"EntryPoint\",\"urlTemplate\":\"https:\\\/\\\/blogdofarnesio.com.br\\\/?s={search_term_string}\"},\"query-input\":{\"@type\":\"PropertyValueSpecification\",\"valueRequired\":true,\"valueName\":\"search_term_string\"}}],\"inLanguage\":\"pt-BR\"},{\"@type\":\"Organization\",\"@id\":\"https:\\\/\\\/blogdofarnesio.com.br\\\/#organization\",\"name\":\"Blog do Farn\u00e9sio\",\"url\":\"https:\\\/\\\/blogdofarnesio.com.br\\\/\",\"logo\":{\"@type\":\"ImageObject\",\"inLanguage\":\"pt-BR\",\"@id\":\"https:\\\/\\\/blogdofarnesio.com.br\\\/#\\\/schema\\\/logo\\\/image\\\/\",\"url\":\"https:\\\/\\\/blogdofarnesio.com.br\\\/wp-content\\\/uploads\\\/2026\\\/03\\\/cropped-logo_new-1.png\",\"contentUrl\":\"https:\\\/\\\/blogdofarnesio.com.br\\\/wp-content\\\/uploads\\\/2026\\\/03\\\/cropped-logo_new-1.png\",\"width\":881,\"height\":685,\"caption\":\"Blog do Farn\u00e9sio\"},\"image\":{\"@id\":\"https:\\\/\\\/blogdofarnesio.com.br\\\/#\\\/schema\\\/logo\\\/image\\\/\"},\"sameAs\":[\"https:\\\/\\\/www.facebook.com\\\/BlogQuerSaberPolitica\\\/\"]},{\"@type\":\"Person\",\"@id\":\"https:\\\/\\\/blogdofarnesio.com.br\\\/#\\\/schema\\\/person\\\/301c4acf522bccbfdb45af95b5b906a1\",\"name\":\"Farn\u00e9sio\",\"image\":{\"@type\":\"ImageObject\",\"inLanguage\":\"pt-BR\",\"@id\":\"https:\\\/\\\/secure.gravatar.com\\\/avatar\\\/df0c9a14567c056f8ad6876ba5bbd1e3e2c48023eb6807342fc4663adf549f38?s=96&d=mm&r=g\",\"url\":\"https:\\\/\\\/secure.gravatar.com\\\/avatar\\\/df0c9a14567c056f8ad6876ba5bbd1e3e2c48023eb6807342fc4663adf549f38?s=96&d=mm&r=g\",\"contentUrl\":\"https:\\\/\\\/secure.gravatar.com\\\/avatar\\\/df0c9a14567c056f8ad6876ba5bbd1e3e2c48023eb6807342fc4663adf549f38?s=96&d=mm&r=g\",\"caption\":\"Farn\u00e9sio\"},\"sameAs\":[\"https:\\\/\\\/quersaberpolitica.com.br\"],\"url\":\"https:\\\/\\\/blogdofarnesio.com.br\\\/?author=1\"}]}<\/script>\n<!-- \/ Yoast SEO plugin. -->","yoast_head_json":{"title":"Coordenador Regional da COMPESA participa de programa na Canabrava FM e fala do abastecimento de Bel\u00e9m do S\u00e3o Francisco - Blog do Farn\u00e9sio","robots":{"index":"index","follow":"follow","max-snippet":"max-snippet:-1","max-image-preview":"max-image-preview:large","max-video-preview":"max-video-preview:-1"},"canonical":"https:\/\/blogdofarnesio.com.br\/?p=285575","og_locale":"pt_BR","og_type":"article","og_title":"Coordenador Regional da COMPESA participa de programa na Canabrava FM e fala do abastecimento de Bel\u00e9m do S\u00e3o Francisco - Blog do Farn\u00e9sio","og_description":"Em entrevista ao comunicador Gilmar Dantas da R\u00e1dio Canabrava FM de Bel\u00e9m do S\u00e3o Francisco o Coordenador da Regional da COMPESA, senhor Erinaldo J\u00fanior disse que foram feitos tr\u00eas projetos para melhorar o abastecimento de \u00e1gua em Bel\u00e9m. 1\u00b0 Aumentar para 10 litros por segundos o abastecer de todo munic\u00edpio com \u00e1gua tratada 24h. 2\u00b0 Separar o Distrito de Riacho Pequeno da rede de abastecimento de Bel\u00e9m colocando na adutora de Concei\u00e7\u00e3o das Criolas no Munic\u00edpio de Salgueiro, segundo o Coordenador al\u00e9m de melhorar o abastecimento no Distrito e vai tamb\u00e9m possibilitar o envio de \u00e1gua para as Fazendas que ficam nos arredores, obedecendo ao sistema de rod\u00edzio. 3\u00b0 Dividir a cidade em dois setores de uma forma que possa&hellip;","og_url":"https:\/\/blogdofarnesio.com.br\/?p=285575","og_site_name":"Blog do Farn\u00e9sio","article_publisher":"https:\/\/www.facebook.com\/BlogQuerSaberPolitica\/","article_published_time":"2021-05-14T11:22:31+00:00","og_image":[{"width":720,"height":446,"url":"https:\/\/blogdofarnesio.com.br\/wp-content\/uploads\/2021\/05\/IMG-20210513-WA0290.jpg","type":"image\/jpeg"}],"author":"Farn\u00e9sio","twitter_card":"summary_large_image","twitter_misc":{"Escrito por":"Farn\u00e9sio","Est. tempo de leitura":"1 minuto"},"schema":{"@context":"https:\/\/schema.org","@graph":[{"@type":"Article","@id":"https:\/\/blogdofarnesio.com.br\/?p=285575#article","isPartOf":{"@id":"https:\/\/blogdofarnesio.com.br\/?p=285575"},"author":{"name":"Farn\u00e9sio","@id":"https:\/\/blogdofarnesio.com.br\/#\/schema\/person\/301c4acf522bccbfdb45af95b5b906a1"},"headline":"Coordenador Regional da COMPESA participa de programa na Canabrava FM e fala do abastecimento de Bel\u00e9m do S\u00e3o Francisco","datePublished":"2021-05-14T11:22:31+00:00","mainEntityOfPage":{"@id":"https:\/\/blogdofarnesio.com.br\/?p=285575"},"wordCount":282,"publisher":{"@id":"https:\/\/blogdofarnesio.com.br\/#organization"},"image":{"@id":"https:\/\/blogdofarnesio.com.br\/?p=285575#primaryimage"},"thumbnailUrl":"https:\/\/blogdofarnesio.com.br\/wp-content\/uploads\/2021\/05\/IMG-20210513-WA0290.jpg","articleSection":["Cidades"],"inLanguage":"pt-BR"},{"@type":"WebPage","@id":"https:\/\/blogdofarnesio.com.br\/?p=285575","url":"https:\/\/blogdofarnesio.com.br\/?p=285575","name":"Coordenador Regional da COMPESA participa de programa na Canabrava FM e fala do abastecimento de Bel\u00e9m do S\u00e3o Francisco - Blog do Farn\u00e9sio","isPartOf":{"@id":"https:\/\/blogdofarnesio.com.br\/#website"},"primaryImageOfPage":{"@id":"https:\/\/blogdofarnesio.com.br\/?p=285575#primaryimage"},"image":{"@id":"https:\/\/blogdofarnesio.com.br\/?p=285575#primaryimage"},"thumbnailUrl":"https:\/\/blogdofarnesio.com.br\/wp-content\/uploads\/2021\/05\/IMG-20210513-WA0290.jpg","datePublished":"2021-05-14T11:22:31+00:00","breadcrumb":{"@id":"https:\/\/blogdofarnesio.com.br\/?p=285575#breadcrumb"},"inLanguage":"pt-BR","potentialAction":[{"@type":"ReadAction","target":["https:\/\/blogdofarnesio.com.br\/?p=285575"]}]},{"@type":"ImageObject","inLanguage":"pt-BR","@id":"https:\/\/blogdofarnesio.com.br\/?p=285575#primaryimage","url":"https:\/\/blogdofarnesio.com.br\/wp-content\/uploads\/2021\/05\/IMG-20210513-WA0290.jpg","contentUrl":"https:\/\/blogdofarnesio.com.br\/wp-content\/uploads\/2021\/05\/IMG-20210513-WA0290.jpg","width":720,"height":446},{"@type":"BreadcrumbList","@id":"https:\/\/blogdofarnesio.com.br\/?p=285575#breadcrumb","itemListElement":[{"@type":"ListItem","position":1,"name":"In\u00edcio","item":"https:\/\/blogdofarnesio.com.br\/"},{"@type":"ListItem","position":2,"name":"Coordenador Regional da COMPESA participa de programa na Canabrava FM e fala do abastecimento de Bel\u00e9m do S\u00e3o Francisco"}]},{"@type":"WebSite","@id":"https:\/\/blogdofarnesio.com.br\/#website","url":"https:\/\/blogdofarnesio.com.br\/","name":"Blog do Farn\u00e9sio","description":"Quer Saber Pol\u00edtica?","publisher":{"@id":"https:\/\/blogdofarnesio.com.br\/#organization"},"potentialAction":[{"@type":"SearchAction","target":{"@type":"EntryPoint","urlTemplate":"https:\/\/blogdofarnesio.com.br\/?s={search_term_string}"},"query-input":{"@type":"PropertyValueSpecification","valueRequired":true,"valueName":"search_term_string"}}],"inLanguage":"pt-BR"},{"@type":"Organization","@id":"https:\/\/blogdofarnesio.com.br\/#organization","name":"Blog do Farn\u00e9sio","url":"https:\/\/blogdofarnesio.com.br\/","logo":{"@type":"ImageObject","inLanguage":"pt-BR","@id":"https:\/\/blogdofarnesio.com.br\/#\/schema\/logo\/image\/","url":"https:\/\/blogdofarnesio.com.br\/wp-content\/uploads\/2026\/03\/cropped-logo_new-1.png","contentUrl":"https:\/\/blogdofarnesio.com.br\/wp-content\/uploads\/2026\/03\/cropped-logo_new-1.png","width":881,"height":685,"caption":"Blog do Farn\u00e9sio"},"image":{"@id":"https:\/\/blogdofarnesio.com.br\/#\/schema\/logo\/image\/"},"sameAs":["https:\/\/www.facebook.com\/BlogQuerSaberPolitica\/"]},{"@type":"Person","@id":"https:\/\/blogdofarnesio.com.br\/#\/schema\/person\/301c4acf522bccbfdb45af95b5b906a1","name":"Farn\u00e9sio","image":{"@type":"ImageObject","inLanguage":"pt-BR","@id":"https:\/\/secure.gravatar.com\/avatar\/df0c9a14567c056f8ad6876ba5bbd1e3e2c48023eb6807342fc4663adf549f38?s=96&d=mm&r=g","url":"https:\/\/secure.gravatar.com\/avatar\/df0c9a14567c056f8ad6876ba5bbd1e3e2c48023eb6807342fc4663adf549f38?s=96&d=mm&r=g","contentUrl":"https:\/\/secure.gravatar.com\/avatar\/df0c9a14567c056f8ad6876ba5bbd1e3e2c48023eb6807342fc4663adf549f38?s=96&d=mm&r=g","caption":"Farn\u00e9sio"},"sameAs":["https:\/\/quersaberpolitica.com.br"],"url":"https:\/\/blogdofarnesio.com.br\/?author=1"}]}},"_links":{"self":[{"href":"https:\/\/blogdofarnesio.com.br\/index.php?rest_route=\/wp\/v2\/posts\/285575","targetHints":{"allow":["GET"]}}],"collection":[{"href":"https:\/\/blogdofarnesio.com.br\/index.php?rest_route=\/wp\/v2\/posts"}],"about":[{"href":"https:\/\/blogdofarnesio.com.br\/index.php?rest_route=\/wp\/v2\/types\/post"}],"author":[{"embeddable":true,"href":"https:\/\/blogdofarnesio.com.br\/index.php?rest_route=\/wp\/v2\/users\/1"}],"replies":[{"embeddable":true,"href":"https:\/\/blogdofarnesio.com.br\/index.php?rest_route=%2Fwp%2Fv2%2Fcomments&post=285575"}],"version-history":[{"count":0,"href":"https:\/\/blogdofarnesio.com.br\/index.php?rest_route=\/wp\/v2\/posts\/285575\/revisions"}],"wp:featuredmedia":[{"embeddable":true,"href":"https:\/\/blogdofarnesio.com.br\/index.php?rest_route=\/wp\/v2\/media\/285597"}],"wp:attachment":[{"href":"https:\/\/blogdofarnesio.com.br\/index.php?rest_route=%2Fwp%2Fv2%2Fmedia&parent=285575"}],"wp:term":[{"taxonomy":"category","embeddable":true,"href":"https:\/\/blogdofarnesio.com.br\/index.php?rest_route=%2Fwp%2Fv2%2Fcategories&post=285575"},{"taxonomy":"post_tag","embeddable":true,"href":"https:\/\/blogdofarnesio.com.br\/index.php?rest_route=%2Fwp%2Fv2%2Ftags&post=285575"}],"curies":[{"name":"wp","href":"https:\/\/api.w.org\/{rel}","templated":true}]}}