{"id":285556,"date":"2021-05-14T07:20:09","date_gmt":"2021-05-14T10:20:09","guid":{"rendered":"http:\/\/quersaberpolitica.com.br\/2016\/?p=285556"},"modified":"2021-05-13T17:29:16","modified_gmt":"2021-05-13T20:29:16","slug":"em-reuniao-agendada-pelo-deputado-roberto-carlos-prefeita-suzana-e-recebida-pelo-governador-rui-costa","status":"publish","type":"post","link":"https:\/\/blogdofarnesio.com.br\/?p=285556","title":{"rendered":"Em reuni\u00e3o agendada pelo deputado Roberto Carlos, prefeita Suzana \u00e9 recebida pelo governador Rui Costa"},"content":{"rendered":"<div class=\"Qs\">\n<div class=\"Fs\">\n<div class=\"Hs\">Na tarde desta quinta-feira (13), o deputado Roberto Carlos promoveu uma audi\u00eancia entre o governador Rui Costa e a prefeita de Juazeiro, Suzana Ramos, que esteve acompanhada por sua comitiva, bem como, o vice-prefeito Leonardo Bandeira, o ex-deputado federal Joseph Bandeira, o secret\u00e1rio de Obras do Municipal, Anderson Freire, e os assessores da prefeita, Ciro Viana e Jos\u00e9 Barbosa.<\/div>\n<\/div>\n<\/div>\n<div id=\"cv_\" class=\" pf  \">\n<div class=\"rf\">\n<div class=\"jf\">\n<div class=\"eh\">\n<div class=\"Rh\">\n<div class=\"ig\" data-onclick=\"w\">\n<div id=\"cvcmsg_1796755579e3399b\" class=\"Rf\">\n<div id=\"cvcfullmsg_1796755579e3399b\" class=\"og\">\n<div id=\"cvcmsgbod_1796755579e3399b\" class=\"th\">\n<div class=\"gh\">\n<div class=\"Gg Ig \" dir=\"ltr\">\n<div dir=\"ltr\">\n<p>De acordo com o parlamentar, todos foram extremamente bem recebidos pelo governador Rui Costa e, na oportunidade, apresentaram importantes pleitos que beneficiar\u00e1 o munic\u00edpio, bem como cal\u00e7amento de ruas, agilidade na reforma do Mercado Joca de Souza Oliveira, a requalifica\u00e7\u00e3o asf\u00e1ltica da BA-210 e do trecho que leva at\u00e9 o distrito de Ab\u00f3bora, a constru\u00e7\u00e3o de complexo poliesportivo, a requalifica\u00e7\u00e3o do mercado do produtor, ambul\u00e2ncias.<\/p>\n<p>O governador atendeu demandas apresentadas e garantiu visitar Juazeiro, em junho, para inaugurar obras e assinar novas ordens de servi\u00e7os para o atendimento dos pleitos que apresentamos na governadoria.<\/p>\n<p>Sa\u00edmos extremamente felizes com a receptividade do governador Rui Costa, que olhou de forma sens\u00edvel para as necessidades da nossa Juazeiro\u201d, disse o deputado Roberto Carlos..<\/p>\n<\/div>\n<\/div>\n<\/div>\n<\/div>\n<\/div>\n<\/div>\n<\/div>\n<\/div>\n<\/div>\n<\/div>\n<\/div>\n<\/div>\n","protected":false},"excerpt":{"rendered":"<p>Na tarde desta quinta-feira (13), o deputado Roberto Carlos promoveu uma audi\u00eancia entre o governador Rui Costa e a prefeita de Juazeiro, Suzana Ramos, que esteve acompanhada por sua comitiva, bem como, o vice-prefeito Leonardo Bandeira, o ex-deputado federal Joseph Bandeira, o secret\u00e1rio de Obras do Municipal, Anderson Freire, e os assessores da prefeita, Ciro Viana e Jos\u00e9 Barbosa. De acordo com o parlamentar, todos foram extremamente bem recebidos pelo governador Rui Costa e, na oportunidade, apresentaram importantes pleitos que beneficiar\u00e1 o munic\u00edpio, bem como cal\u00e7amento de ruas, agilidade na reforma do Mercado Joca de Souza Oliveira, a requalifica\u00e7\u00e3o asf\u00e1ltica da BA-210 e do trecho que leva at\u00e9 o distrito de Ab\u00f3bora, a constru\u00e7\u00e3o de complexo poliesportivo, a requalifica\u00e7\u00e3o do&hellip; <\/p>\n","protected":false},"author":1,"featured_media":285557,"comment_status":"closed","ping_status":"closed","sticky":false,"template":"","format":"standard","meta":{"_acf_changed":false,"footnotes":""},"categories":[44],"tags":[],"class_list":["post-285556","post","type-post","status-publish","format-standard","has-post-thumbnail","hentry","category-administracao"],"acf":[],"yoast_head":"<!-- This site is optimized with the Yoast SEO plugin v27.4 - https:\/\/yoast.com\/product\/yoast-seo-wordpress\/ -->\n<title>Em reuni\u00e3o agendada pelo deputado Roberto Carlos, prefeita Suzana \u00e9 recebida pelo governador Rui Costa - Blog do Farn\u00e9sio<\/title>\n<meta name=\"robots\" content=\"index, follow, max-snippet:-1, max-image-preview:large, max-video-preview:-1\" \/>\n<link rel=\"canonical\" href=\"https:\/\/blogdofarnesio.com.br\/?p=285556\" \/>\n<meta property=\"og:locale\" content=\"pt_BR\" \/>\n<meta property=\"og:type\" content=\"article\" \/>\n<meta property=\"og:title\" content=\"Em reuni\u00e3o agendada pelo deputado Roberto Carlos, prefeita Suzana \u00e9 recebida pelo governador Rui Costa - Blog do Farn\u00e9sio\" \/>\n<meta property=\"og:description\" content=\"Na tarde desta quinta-feira (13), o deputado Roberto Carlos promoveu uma audi\u00eancia entre o governador Rui Costa e a prefeita de Juazeiro, Suzana Ramos, que esteve acompanhada por sua comitiva, bem como, o vice-prefeito Leonardo Bandeira, o ex-deputado federal Joseph Bandeira, o secret\u00e1rio de Obras do Municipal, Anderson Freire, e os assessores da prefeita, Ciro Viana e Jos\u00e9 Barbosa. De acordo com o parlamentar, todos foram extremamente bem recebidos pelo governador Rui Costa e, na oportunidade, apresentaram importantes pleitos que beneficiar\u00e1 o munic\u00edpio, bem como cal\u00e7amento de ruas, agilidade na reforma do Mercado Joca de Souza Oliveira, a requalifica\u00e7\u00e3o asf\u00e1ltica da BA-210 e do trecho que leva at\u00e9 o distrito de Ab\u00f3bora, a constru\u00e7\u00e3o de complexo poliesportivo, a requalifica\u00e7\u00e3o do&hellip;\" \/>\n<meta property=\"og:url\" content=\"https:\/\/blogdofarnesio.com.br\/?p=285556\" \/>\n<meta property=\"og:site_name\" content=\"Blog do Farn\u00e9sio\" \/>\n<meta property=\"article:publisher\" content=\"https:\/\/www.facebook.com\/BlogQuerSaberPolitica\/\" \/>\n<meta property=\"article:published_time\" content=\"2021-05-14T10:20:09+00:00\" \/>\n<meta property=\"og:image\" content=\"https:\/\/blogdofarnesio.com.br\/wp-content\/uploads\/2021\/05\/WhatsApp-Image-2021-05-13-at-15.34.13-e1620937615207.jpeg\" \/>\n\t<meta property=\"og:image:width\" content=\"680\" \/>\n\t<meta property=\"og:image:height\" content=\"306\" \/>\n\t<meta property=\"og:image:type\" content=\"image\/jpeg\" \/>\n<meta name=\"author\" content=\"Farn\u00e9sio\" \/>\n<meta name=\"twitter:card\" content=\"summary_large_image\" \/>\n<meta name=\"twitter:label1\" content=\"Escrito por\" \/>\n\t<meta name=\"twitter:data1\" content=\"Farn\u00e9sio\" \/>\n\t<meta name=\"twitter:label2\" content=\"Est. tempo de leitura\" \/>\n\t<meta name=\"twitter:data2\" content=\"1 minuto\" \/>\n<script type=\"application\/ld+json\" class=\"yoast-schema-graph\">{\"@context\":\"https:\\\/\\\/schema.org\",\"@graph\":[{\"@type\":\"Article\",\"@id\":\"https:\\\/\\\/blogdofarnesio.com.br\\\/?p=285556#article\",\"isPartOf\":{\"@id\":\"https:\\\/\\\/blogdofarnesio.com.br\\\/?p=285556\"},\"author\":{\"name\":\"Farn\u00e9sio\",\"@id\":\"https:\\\/\\\/blogdofarnesio.com.br\\\/#\\\/schema\\\/person\\\/301c4acf522bccbfdb45af95b5b906a1\"},\"headline\":\"Em reuni\u00e3o agendada pelo deputado Roberto Carlos, prefeita Suzana \u00e9 recebida pelo governador Rui Costa\",\"datePublished\":\"2021-05-14T10:20:09+00:00\",\"mainEntityOfPage\":{\"@id\":\"https:\\\/\\\/blogdofarnesio.com.br\\\/?p=285556\"},\"wordCount\":206,\"publisher\":{\"@id\":\"https:\\\/\\\/blogdofarnesio.com.br\\\/#organization\"},\"image\":{\"@id\":\"https:\\\/\\\/blogdofarnesio.com.br\\\/?p=285556#primaryimage\"},\"thumbnailUrl\":\"https:\\\/\\\/blogdofarnesio.com.br\\\/wp-content\\\/uploads\\\/2021\\\/05\\\/WhatsApp-Image-2021-05-13-at-15.34.13-e1620937615207.jpeg\",\"articleSection\":[\"Administra\u00e7\u00e3o\"],\"inLanguage\":\"pt-BR\"},{\"@type\":\"WebPage\",\"@id\":\"https:\\\/\\\/blogdofarnesio.com.br\\\/?p=285556\",\"url\":\"https:\\\/\\\/blogdofarnesio.com.br\\\/?p=285556\",\"name\":\"Em reuni\u00e3o agendada pelo deputado Roberto Carlos, prefeita Suzana \u00e9 recebida pelo governador Rui Costa - Blog do Farn\u00e9sio\",\"isPartOf\":{\"@id\":\"https:\\\/\\\/blogdofarnesio.com.br\\\/#website\"},\"primaryImageOfPage\":{\"@id\":\"https:\\\/\\\/blogdofarnesio.com.br\\\/?p=285556#primaryimage\"},\"image\":{\"@id\":\"https:\\\/\\\/blogdofarnesio.com.br\\\/?p=285556#primaryimage\"},\"thumbnailUrl\":\"https:\\\/\\\/blogdofarnesio.com.br\\\/wp-content\\\/uploads\\\/2021\\\/05\\\/WhatsApp-Image-2021-05-13-at-15.34.13-e1620937615207.jpeg\",\"datePublished\":\"2021-05-14T10:20:09+00:00\",\"breadcrumb\":{\"@id\":\"https:\\\/\\\/blogdofarnesio.com.br\\\/?p=285556#breadcrumb\"},\"inLanguage\":\"pt-BR\",\"potentialAction\":[{\"@type\":\"ReadAction\",\"target\":[\"https:\\\/\\\/blogdofarnesio.com.br\\\/?p=285556\"]}]},{\"@type\":\"ImageObject\",\"inLanguage\":\"pt-BR\",\"@id\":\"https:\\\/\\\/blogdofarnesio.com.br\\\/?p=285556#primaryimage\",\"url\":\"https:\\\/\\\/blogdofarnesio.com.br\\\/wp-content\\\/uploads\\\/2021\\\/05\\\/WhatsApp-Image-2021-05-13-at-15.34.13-e1620937615207.jpeg\",\"contentUrl\":\"https:\\\/\\\/blogdofarnesio.com.br\\\/wp-content\\\/uploads\\\/2021\\\/05\\\/WhatsApp-Image-2021-05-13-at-15.34.13-e1620937615207.jpeg\",\"width\":680,\"height\":306},{\"@type\":\"BreadcrumbList\",\"@id\":\"https:\\\/\\\/blogdofarnesio.com.br\\\/?p=285556#breadcrumb\",\"itemListElement\":[{\"@type\":\"ListItem\",\"position\":1,\"name\":\"In\u00edcio\",\"item\":\"https:\\\/\\\/blogdofarnesio.com.br\\\/\"},{\"@type\":\"ListItem\",\"position\":2,\"name\":\"Em reuni\u00e3o agendada pelo deputado Roberto Carlos, prefeita Suzana \u00e9 recebida pelo governador Rui Costa\"}]},{\"@type\":\"WebSite\",\"@id\":\"https:\\\/\\\/blogdofarnesio.com.br\\\/#website\",\"url\":\"https:\\\/\\\/blogdofarnesio.com.br\\\/\",\"name\":\"Blog do Farn\u00e9sio\",\"description\":\"Quer Saber Pol\u00edtica?\",\"publisher\":{\"@id\":\"https:\\\/\\\/blogdofarnesio.com.br\\\/#organization\"},\"potentialAction\":[{\"@type\":\"SearchAction\",\"target\":{\"@type\":\"EntryPoint\",\"urlTemplate\":\"https:\\\/\\\/blogdofarnesio.com.br\\\/?s={search_term_string}\"},\"query-input\":{\"@type\":\"PropertyValueSpecification\",\"valueRequired\":true,\"valueName\":\"search_term_string\"}}],\"inLanguage\":\"pt-BR\"},{\"@type\":\"Organization\",\"@id\":\"https:\\\/\\\/blogdofarnesio.com.br\\\/#organization\",\"name\":\"Blog do Farn\u00e9sio\",\"url\":\"https:\\\/\\\/blogdofarnesio.com.br\\\/\",\"logo\":{\"@type\":\"ImageObject\",\"inLanguage\":\"pt-BR\",\"@id\":\"https:\\\/\\\/blogdofarnesio.com.br\\\/#\\\/schema\\\/logo\\\/image\\\/\",\"url\":\"https:\\\/\\\/blogdofarnesio.com.br\\\/wp-content\\\/uploads\\\/2026\\\/03\\\/cropped-logo_new-1.png\",\"contentUrl\":\"https:\\\/\\\/blogdofarnesio.com.br\\\/wp-content\\\/uploads\\\/2026\\\/03\\\/cropped-logo_new-1.png\",\"width\":881,\"height\":685,\"caption\":\"Blog do Farn\u00e9sio\"},\"image\":{\"@id\":\"https:\\\/\\\/blogdofarnesio.com.br\\\/#\\\/schema\\\/logo\\\/image\\\/\"},\"sameAs\":[\"https:\\\/\\\/www.facebook.com\\\/BlogQuerSaberPolitica\\\/\"]},{\"@type\":\"Person\",\"@id\":\"https:\\\/\\\/blogdofarnesio.com.br\\\/#\\\/schema\\\/person\\\/301c4acf522bccbfdb45af95b5b906a1\",\"name\":\"Farn\u00e9sio\",\"image\":{\"@type\":\"ImageObject\",\"inLanguage\":\"pt-BR\",\"@id\":\"https:\\\/\\\/secure.gravatar.com\\\/avatar\\\/df0c9a14567c056f8ad6876ba5bbd1e3e2c48023eb6807342fc4663adf549f38?s=96&d=mm&r=g\",\"url\":\"https:\\\/\\\/secure.gravatar.com\\\/avatar\\\/df0c9a14567c056f8ad6876ba5bbd1e3e2c48023eb6807342fc4663adf549f38?s=96&d=mm&r=g\",\"contentUrl\":\"https:\\\/\\\/secure.gravatar.com\\\/avatar\\\/df0c9a14567c056f8ad6876ba5bbd1e3e2c48023eb6807342fc4663adf549f38?s=96&d=mm&r=g\",\"caption\":\"Farn\u00e9sio\"},\"sameAs\":[\"https:\\\/\\\/quersaberpolitica.com.br\"],\"url\":\"https:\\\/\\\/blogdofarnesio.com.br\\\/?author=1\"}]}<\/script>\n<!-- \/ Yoast SEO plugin. -->","yoast_head_json":{"title":"Em reuni\u00e3o agendada pelo deputado Roberto Carlos, prefeita Suzana \u00e9 recebida pelo governador Rui Costa - Blog do Farn\u00e9sio","robots":{"index":"index","follow":"follow","max-snippet":"max-snippet:-1","max-image-preview":"max-image-preview:large","max-video-preview":"max-video-preview:-1"},"canonical":"https:\/\/blogdofarnesio.com.br\/?p=285556","og_locale":"pt_BR","og_type":"article","og_title":"Em reuni\u00e3o agendada pelo deputado Roberto Carlos, prefeita Suzana \u00e9 recebida pelo governador Rui Costa - Blog do Farn\u00e9sio","og_description":"Na tarde desta quinta-feira (13), o deputado Roberto Carlos promoveu uma audi\u00eancia entre o governador Rui Costa e a prefeita de Juazeiro, Suzana Ramos, que esteve acompanhada por sua comitiva, bem como, o vice-prefeito Leonardo Bandeira, o ex-deputado federal Joseph Bandeira, o secret\u00e1rio de Obras do Municipal, Anderson Freire, e os assessores da prefeita, Ciro Viana e Jos\u00e9 Barbosa. De acordo com o parlamentar, todos foram extremamente bem recebidos pelo governador Rui Costa e, na oportunidade, apresentaram importantes pleitos que beneficiar\u00e1 o munic\u00edpio, bem como cal\u00e7amento de ruas, agilidade na reforma do Mercado Joca de Souza Oliveira, a requalifica\u00e7\u00e3o asf\u00e1ltica da BA-210 e do trecho que leva at\u00e9 o distrito de Ab\u00f3bora, a constru\u00e7\u00e3o de complexo poliesportivo, a requalifica\u00e7\u00e3o do&hellip;","og_url":"https:\/\/blogdofarnesio.com.br\/?p=285556","og_site_name":"Blog do Farn\u00e9sio","article_publisher":"https:\/\/www.facebook.com\/BlogQuerSaberPolitica\/","article_published_time":"2021-05-14T10:20:09+00:00","og_image":[{"width":680,"height":306,"url":"https:\/\/blogdofarnesio.com.br\/wp-content\/uploads\/2021\/05\/WhatsApp-Image-2021-05-13-at-15.34.13-e1620937615207.jpeg","type":"image\/jpeg"}],"author":"Farn\u00e9sio","twitter_card":"summary_large_image","twitter_misc":{"Escrito por":"Farn\u00e9sio","Est. tempo de leitura":"1 minuto"},"schema":{"@context":"https:\/\/schema.org","@graph":[{"@type":"Article","@id":"https:\/\/blogdofarnesio.com.br\/?p=285556#article","isPartOf":{"@id":"https:\/\/blogdofarnesio.com.br\/?p=285556"},"author":{"name":"Farn\u00e9sio","@id":"https:\/\/blogdofarnesio.com.br\/#\/schema\/person\/301c4acf522bccbfdb45af95b5b906a1"},"headline":"Em reuni\u00e3o agendada pelo deputado Roberto Carlos, prefeita Suzana \u00e9 recebida pelo governador Rui Costa","datePublished":"2021-05-14T10:20:09+00:00","mainEntityOfPage":{"@id":"https:\/\/blogdofarnesio.com.br\/?p=285556"},"wordCount":206,"publisher":{"@id":"https:\/\/blogdofarnesio.com.br\/#organization"},"image":{"@id":"https:\/\/blogdofarnesio.com.br\/?p=285556#primaryimage"},"thumbnailUrl":"https:\/\/blogdofarnesio.com.br\/wp-content\/uploads\/2021\/05\/WhatsApp-Image-2021-05-13-at-15.34.13-e1620937615207.jpeg","articleSection":["Administra\u00e7\u00e3o"],"inLanguage":"pt-BR"},{"@type":"WebPage","@id":"https:\/\/blogdofarnesio.com.br\/?p=285556","url":"https:\/\/blogdofarnesio.com.br\/?p=285556","name":"Em reuni\u00e3o agendada pelo deputado Roberto Carlos, prefeita Suzana \u00e9 recebida pelo governador Rui Costa - Blog do Farn\u00e9sio","isPartOf":{"@id":"https:\/\/blogdofarnesio.com.br\/#website"},"primaryImageOfPage":{"@id":"https:\/\/blogdofarnesio.com.br\/?p=285556#primaryimage"},"image":{"@id":"https:\/\/blogdofarnesio.com.br\/?p=285556#primaryimage"},"thumbnailUrl":"https:\/\/blogdofarnesio.com.br\/wp-content\/uploads\/2021\/05\/WhatsApp-Image-2021-05-13-at-15.34.13-e1620937615207.jpeg","datePublished":"2021-05-14T10:20:09+00:00","breadcrumb":{"@id":"https:\/\/blogdofarnesio.com.br\/?p=285556#breadcrumb"},"inLanguage":"pt-BR","potentialAction":[{"@type":"ReadAction","target":["https:\/\/blogdofarnesio.com.br\/?p=285556"]}]},{"@type":"ImageObject","inLanguage":"pt-BR","@id":"https:\/\/blogdofarnesio.com.br\/?p=285556#primaryimage","url":"https:\/\/blogdofarnesio.com.br\/wp-content\/uploads\/2021\/05\/WhatsApp-Image-2021-05-13-at-15.34.13-e1620937615207.jpeg","contentUrl":"https:\/\/blogdofarnesio.com.br\/wp-content\/uploads\/2021\/05\/WhatsApp-Image-2021-05-13-at-15.34.13-e1620937615207.jpeg","width":680,"height":306},{"@type":"BreadcrumbList","@id":"https:\/\/blogdofarnesio.com.br\/?p=285556#breadcrumb","itemListElement":[{"@type":"ListItem","position":1,"name":"In\u00edcio","item":"https:\/\/blogdofarnesio.com.br\/"},{"@type":"ListItem","position":2,"name":"Em reuni\u00e3o agendada pelo deputado Roberto Carlos, prefeita Suzana \u00e9 recebida pelo governador Rui Costa"}]},{"@type":"WebSite","@id":"https:\/\/blogdofarnesio.com.br\/#website","url":"https:\/\/blogdofarnesio.com.br\/","name":"Blog do Farn\u00e9sio","description":"Quer Saber Pol\u00edtica?","publisher":{"@id":"https:\/\/blogdofarnesio.com.br\/#organization"},"potentialAction":[{"@type":"SearchAction","target":{"@type":"EntryPoint","urlTemplate":"https:\/\/blogdofarnesio.com.br\/?s={search_term_string}"},"query-input":{"@type":"PropertyValueSpecification","valueRequired":true,"valueName":"search_term_string"}}],"inLanguage":"pt-BR"},{"@type":"Organization","@id":"https:\/\/blogdofarnesio.com.br\/#organization","name":"Blog do Farn\u00e9sio","url":"https:\/\/blogdofarnesio.com.br\/","logo":{"@type":"ImageObject","inLanguage":"pt-BR","@id":"https:\/\/blogdofarnesio.com.br\/#\/schema\/logo\/image\/","url":"https:\/\/blogdofarnesio.com.br\/wp-content\/uploads\/2026\/03\/cropped-logo_new-1.png","contentUrl":"https:\/\/blogdofarnesio.com.br\/wp-content\/uploads\/2026\/03\/cropped-logo_new-1.png","width":881,"height":685,"caption":"Blog do Farn\u00e9sio"},"image":{"@id":"https:\/\/blogdofarnesio.com.br\/#\/schema\/logo\/image\/"},"sameAs":["https:\/\/www.facebook.com\/BlogQuerSaberPolitica\/"]},{"@type":"Person","@id":"https:\/\/blogdofarnesio.com.br\/#\/schema\/person\/301c4acf522bccbfdb45af95b5b906a1","name":"Farn\u00e9sio","image":{"@type":"ImageObject","inLanguage":"pt-BR","@id":"https:\/\/secure.gravatar.com\/avatar\/df0c9a14567c056f8ad6876ba5bbd1e3e2c48023eb6807342fc4663adf549f38?s=96&d=mm&r=g","url":"https:\/\/secure.gravatar.com\/avatar\/df0c9a14567c056f8ad6876ba5bbd1e3e2c48023eb6807342fc4663adf549f38?s=96&d=mm&r=g","contentUrl":"https:\/\/secure.gravatar.com\/avatar\/df0c9a14567c056f8ad6876ba5bbd1e3e2c48023eb6807342fc4663adf549f38?s=96&d=mm&r=g","caption":"Farn\u00e9sio"},"sameAs":["https:\/\/quersaberpolitica.com.br"],"url":"https:\/\/blogdofarnesio.com.br\/?author=1"}]}},"_links":{"self":[{"href":"https:\/\/blogdofarnesio.com.br\/index.php?rest_route=\/wp\/v2\/posts\/285556","targetHints":{"allow":["GET"]}}],"collection":[{"href":"https:\/\/blogdofarnesio.com.br\/index.php?rest_route=\/wp\/v2\/posts"}],"about":[{"href":"https:\/\/blogdofarnesio.com.br\/index.php?rest_route=\/wp\/v2\/types\/post"}],"author":[{"embeddable":true,"href":"https:\/\/blogdofarnesio.com.br\/index.php?rest_route=\/wp\/v2\/users\/1"}],"replies":[{"embeddable":true,"href":"https:\/\/blogdofarnesio.com.br\/index.php?rest_route=%2Fwp%2Fv2%2Fcomments&post=285556"}],"version-history":[{"count":0,"href":"https:\/\/blogdofarnesio.com.br\/index.php?rest_route=\/wp\/v2\/posts\/285556\/revisions"}],"wp:featuredmedia":[{"embeddable":true,"href":"https:\/\/blogdofarnesio.com.br\/index.php?rest_route=\/wp\/v2\/media\/285557"}],"wp:attachment":[{"href":"https:\/\/blogdofarnesio.com.br\/index.php?rest_route=%2Fwp%2Fv2%2Fmedia&parent=285556"}],"wp:term":[{"taxonomy":"category","embeddable":true,"href":"https:\/\/blogdofarnesio.com.br\/index.php?rest_route=%2Fwp%2Fv2%2Fcategories&post=285556"},{"taxonomy":"post_tag","embeddable":true,"href":"https:\/\/blogdofarnesio.com.br\/index.php?rest_route=%2Fwp%2Fv2%2Ftags&post=285556"}],"curies":[{"name":"wp","href":"https:\/\/api.w.org\/{rel}","templated":true}]}}