{"id":285554,"date":"2021-05-13T17:33:42","date_gmt":"2021-05-13T20:33:42","guid":{"rendered":"http:\/\/quersaberpolitica.com.br\/2016\/?p=285554"},"modified":"2021-05-13T16:38:54","modified_gmt":"2021-05-13T19:38:54","slug":"poderdata-rejeicao-a-lula-sobe-e-alcanca-a-de-bolsonaro-50-negam-voto-no-petista-bolsonaro-e-rejeitado-por-49","status":"publish","type":"post","link":"https:\/\/blogdofarnesio.com.br\/?p=285554","title":{"rendered":"PoderData: rejei\u00e7\u00e3o a Lula sobe e alcan\u00e7a a de Bolsonaro. 50% negam voto no petista; Bolsonaro \u00e9 rejeitado por 49%"},"content":{"rendered":"<header>\n<p class=\"author\"><a class=\"author url fn\" title=\"Posts de Gabriela Oliva\" href=\"https:\/\/www.poder360.com.br\/author\/gabriela-oliva\/\" rel=\"author\">GABRIELA OLIVA &#8211;\u00a0<\/a><\/p>\n<\/header>\n<div class=\"content wp js-mediator-article\" data-ga-ano=\"2021\" data-ga-categoria=\"Pesquisas\" data-ga-autor=\"Gabriela Oliva\">\n<p>Pesquisa\u00a0<b>PoderData\u00a0<\/b>realizada nesta semana (10-12.mai.2021) mostra que a rejei\u00e7\u00e3o ao ex-presidente Luiz In\u00e1cio Lula da Silva (PT) para as elei\u00e7\u00f5es de 2022 cresceu e agora rivaliza com a do presidente Jair Bolsonaro. A parcela dos\u00a0que n\u00e3o votariam\u00a0<i>\u201cde jeito nenhum\u201d\u00a0<\/i>no petista subiu 9 p.p. e atingiu 50%. O chefe do Executivo tem 49%.<\/p>\n<p>As taxas de rejei\u00e7\u00e3o dos 2, portanto, est\u00e3o em empate t\u00e9cnico, dentro da margem de erro de 2 pontos percentuais da pesquisa. Um m\u00eas antes, Lula era o candidato\u00a0<a href=\"https:\/\/www.poder360.com.br\/poderdata\/poderdata-moro-tem-maior-rejeicao-para-2022-lula-a-menor\/\">menos rejeitado<\/a>.<\/p>\n<p>A pesquisa\u00a0<b>PoderData<\/b>\u00a0captou que o governador de S\u00e3o Paulo,\u00a0<a href=\"https:\/\/eleicoes.poder360.com.br\/candidato\/654174#2018\">Jo\u00e3o Doria<\/a>\u00a0(PSDB) \u00e9 o mais rejeitado, com 62%.\u00a0<a href=\"https:\/\/www.poder360.com.br\/poderdata\/poderdata-moro-tem-maior-rejeicao-para-2022-lula-a-menor\/\">H\u00e1 1 m\u00eas<\/a>, sua rejei\u00e7\u00e3o era de 55%. Ciro Gomes (PDT) est\u00e1 em seguida, com 58%.<\/p>\n<p>O levantamento mostra, ainda, que o apresentador global Luciano Huck tem a menor rejei\u00e7\u00e3o, com 45%. Oscilou 3 pontos percentuais para baixo em rela\u00e7\u00e3o ao m\u00eas anterior.<\/p>\n<p><strong>Eis os \u00edndices de rejei\u00e7\u00e3o dos poss\u00edveis candidatos:<\/strong><\/p>\n<p><img loading=\"lazy\" decoding=\"async\" class=\"wp-image-690174 aligncenter\" src=\"https:\/\/static.poder360.com.br\/2021\/05\/pd-potencial-voto-presidente-12-mai-2021-1-01.png\" sizes=\"auto, (max-width: 3334px) 100vw, 3334px\" srcset=\"\/\/static.poder360.com.br\/2021\/05\/pd-potencial-voto-presidente-12-mai-2021-1-01.png 3334w, \/\/static.poder360.com.br\/2021\/05\/pd-potencial-voto-presidente-12-mai-2021-1-01-450x533.png 450w, \/\/static.poder360.com.br\/2021\/05\/pd-potencial-voto-presidente-12-mai-2021-1-01-864x1024.png 864w, \/\/static.poder360.com.br\/2021\/05\/pd-potencial-voto-presidente-12-mai-2021-1-01-768x910.png 768w, \/\/static.poder360.com.br\/2021\/05\/pd-potencial-voto-presidente-12-mai-2021-1-01-1296x1536.png 1296w, \/\/static.poder360.com.br\/2021\/05\/pd-potencial-voto-presidente-12-mai-2021-1-01-1728x2048.png 1728w\" alt=\"\" width=\"568\" height=\"673\" \/><\/p>\n<p>Esta pesquisa foi realizada de 2\u00aa a 4\u00aa feira desta semana (10-12.mai.2021) pelo\u00a0<a href=\"https:\/\/www.poder360.com.br\/poderdata-institucional\/\">PoderData<\/a>, a divis\u00e3o de estudos estat\u00edsticos do\u00a0<a href=\"https:\/\/www.poder360.com.br\/quem-somos\/\">Poder360<\/a>. A divulga\u00e7\u00e3o do levantamento \u00e9 feita em\u00a0<a href=\"https:\/\/www.poder360.com.br\/institucional-poder360\/poder360-e-grupo-bandeirantes-fazem-parceria-para-a-divulgacao-de-pesquisas\/\">parceria editorial<\/a>\u00a0com o Grupo\u00a0<i>Bandeirantes<\/i>.<\/p>\n<p>Foram 2.500 entrevistas em 489 munic\u00edpios nas 27 unidades da Federa\u00e7\u00e3o. A margem de erro \u00e9 de 2 pontos percentuais, para mais ou para menos. Saiba mais sobre a\u00a0<a href=\"https:\/\/www.poder360.com.br\/poderdata\/entenda-como-e-realizada-a-pesquisa-poderdata\/\">metodologia lendo este texto<\/a>.<\/p>\n<p>Para chegar a 2.500 entrevistas que preencham proporcionalmente (conforme aparecem na sociedade) os grupos por sexo, idade, renda, escolaridade e localiza\u00e7\u00e3o geogr\u00e1fica, o\u00a0<b>PoderData<\/b>\u00a0faz dezenas de milhares de telefonemas. Muitas vezes, mais de 100 mil liga\u00e7\u00f5es at\u00e9 que sejam encontrados os entrevistados que representem de forma fiel o conjunto da popula\u00e7\u00e3o.<\/p>\n<h2>DISPUTA PRESIDENCIAL<\/h2>\n<p>Caso a elei\u00e7\u00e3o presidencial fosse hoje, o\u00a0presidente Jair Bolsonaro (sem partido) e o ex-presidente Luiz In\u00e1cio Lula da Silva (PT) estariam numericamente empatados e iriam para o 2\u00ba turno. Cada um tem 32%.\u00a0O resultado dos\u00a02 candidatos variou dentro da margem de erro da pesquisa, de 2 pontos percentuais para mais ou para menos, em rela\u00e7\u00e3o a\u00a0<a href=\"https:\/\/www.poder360.com.br\/poderdata\/lula-e-ciro-venceriam-bolsonaro-no-2o-turno-diz-poderdata\/\" target=\"_blank\" rel=\"noopener\">17 de mar\u00e7o<\/a>\u00a0e a\u00a0<a href=\"https:\/\/www.poder360.com.br\/poderdata\/lula-tem-34-contra-31-de-bolsonaro-no-1o-turno-diz-poderdata\/\" target=\"_blank\" rel=\"noopener\">14 de abril<\/a>.<\/p>\n<p>A pesquisa exp\u00f5e ainda que o eleitorado segue dividido em 3 segmentos numericamente pr\u00f3ximos: 1 deles vota em Lula, outro em Bolsonaro e outra parcela, de 34%, inclina-se a um dos nomes do chamado \u201ccentro\u201d, anula seu voto ou vota em branco. Outros 2% se dizem indecisos.<\/p>\n<p><img loading=\"lazy\" decoding=\"async\" class=\"wp-image-690159 aligncenter\" src=\"https:\/\/static.poder360.com.br\/2021\/05\/pd-potencial-voto-presidente-12-mai-2021-versa-1-01.png\" sizes=\"auto, (max-width: 3334px) 100vw, 3334px\" srcset=\"\/\/static.poder360.com.br\/2021\/05\/pd-potencial-voto-presidente-12-mai-2021-versa-1-01.png 3334w, \/\/static.poder360.com.br\/2021\/05\/pd-potencial-voto-presidente-12-mai-2021-versa-1-01-307x600.png 307w, \/\/static.poder360.com.br\/2021\/05\/pd-potencial-voto-presidente-12-mai-2021-versa-1-01-524x1024.png 524w, \/\/static.poder360.com.br\/2021\/05\/pd-potencial-voto-presidente-12-mai-2021-versa-1-01-768x1501.png 768w, \/\/static.poder360.com.br\/2021\/05\/pd-potencial-voto-presidente-12-mai-2021-versa-1-01-786x1536.png 786w, \/\/static.poder360.com.br\/2021\/05\/pd-potencial-voto-presidente-12-mai-2021-versa-1-01-1048x2048.png 1048w\" alt=\"\" width=\"545\" height=\"1065\" \/><\/p>\n<h2><b>DESTAQUES DEMOGR\u00c1FICOS<\/b><\/h2>\n<p>O gr\u00e1fico a seguir estratifica o voto de cada entrevistado. O\u00a0<strong>Poder360<\/strong>\u00a0destaca:<\/p>\n<ul>\n<li><strong>sexo<\/strong>\u00a0\u2013 Bolsonaro tem 36% entre homens; Lula, 25%. Entre mulheres, Bolsonaro tem 28%; Lula, 36%;<\/li>\n<li><strong>regi\u00e3o<\/strong>\u00a0\u2013 Bolsonaro tem 47% no Norte e 38% no Sul. Lula tem 47% no Nordeste e 35% no Centro-Oeste;<\/li>\n<li><strong>renda<\/strong>\u00a0\u2013 Bolsonaro tem 38% entre os que ganham de 5 a 10 sal\u00e1rios m\u00ednimos. Lula tem 50% entre os desempregados ou sem renda fixa.<\/li>\n<\/ul>\n<p><img loading=\"lazy\" decoding=\"async\" class=\"wp-image-690160 aligncenter\" src=\"https:\/\/static.poder360.com.br\/2021\/05\/pd-potencial-voto-presidente-12-mai-2021-versa-1-02.png\" sizes=\"auto, (max-width: 3334px) 100vw, 3334px\" srcset=\"\/\/static.poder360.com.br\/2021\/05\/pd-potencial-voto-presidente-12-mai-2021-versa-1-02.png 3334w, \/\/static.poder360.com.br\/2021\/05\/pd-potencial-voto-presidente-12-mai-2021-versa-1-02-295x600.png 295w, \/\/static.poder360.com.br\/2021\/05\/pd-potencial-voto-presidente-12-mai-2021-versa-1-02-504x1024.png 504w, \/\/static.poder360.com.br\/2021\/05\/pd-potencial-voto-presidente-12-mai-2021-versa-1-02-768x1561.png 768w, \/\/static.poder360.com.br\/2021\/05\/pd-potencial-voto-presidente-12-mai-2021-versa-1-02-756x1536.png 756w, \/\/static.poder360.com.br\/2021\/05\/pd-potencial-voto-presidente-12-mai-2021-versa-1-02-1008x2048.png 1008w\" alt=\"\" width=\"487\" height=\"989\" \/><\/p>\n<h2><strong>PODERDATA<\/strong><\/h2>\n<p>O conte\u00fado do\u00a0<strong>PoderData<\/strong>\u00a0pode ser lido nas redes sociais, onde s\u00e3o compartilhados os infogr\u00e1ficos e as not\u00edcias. Siga os perfis da divis\u00e3o de pesquisas do\u00a0<strong>Poder360<\/strong>\u00a0no\u00a0<a href=\"https:\/\/twitter.com\/PoderData_\">Twitter<\/a>, no\u00a0<a href=\"https:\/\/web.facebook.com\/poderdata\">Facebook<\/a>, no\u00a0<a href=\"https:\/\/www.instagram.com\/poderdata\" target=\"_blank\" rel=\"noopener noreferrer\">Instagram<\/a>\u00a0e no\u00a0<a href=\"https:\/\/www.linkedin.com\/company\/poderdata\">LinkedIn<\/a>.<\/p>\n<h2><b>PESQUISAS MAIS FREQUENTES<\/b><\/h2>\n<p>O\u00a0<b>PoderData<\/b>\u00a0\u00e9 a \u00fanica empresa de pesquisas no Brasil que vai a campo a cada 15 dias desde abril de 2020. Tem coletado um minucioso acervo de dados sobre como o brasileiro est\u00e1 reagindo \u00e0 pandemia de coronav\u00edrus.<\/p>\n<p>Num ambiente em que a pol\u00edtica vive em tempo real por causa da for\u00e7a da internet e das redes sociais, a conjuntura muda com muita velocidade. No passado, na era anal\u00f3gica, j\u00e1 era recomendado fazer pesquisas com frequ\u00eancia para analisar a aprova\u00e7\u00e3o ou desaprova\u00e7\u00e3o de algum governo. Agora, no s\u00e9culo 21,\u00a0<a href=\"https:\/\/www.poder360.com.br\/analise\/se-nao-for-frequente-pesquisa-capta-sinal-incompleto-sobre-bolsonaro\/\">passou a ser vital a repeti\u00e7\u00e3o regular de estudos de opini\u00e3o<\/a>.<\/p>\n<\/div>\n","protected":false},"excerpt":{"rendered":"<p>GABRIELA OLIVA &#8211;\u00a0 Pesquisa\u00a0PoderData\u00a0realizada nesta semana (10-12.mai.2021) mostra que a rejei\u00e7\u00e3o ao ex-presidente Luiz In\u00e1cio Lula da Silva (PT) para as elei\u00e7\u00f5es de 2022 cresceu e agora rivaliza com a do presidente Jair Bolsonaro. A parcela dos\u00a0que n\u00e3o votariam\u00a0\u201cde jeito nenhum\u201d\u00a0no petista subiu 9 p.p. e atingiu 50%. O chefe do Executivo tem 49%. As taxas de rejei\u00e7\u00e3o dos 2, portanto, est\u00e3o em empate t\u00e9cnico, dentro da margem de erro de 2 pontos percentuais da pesquisa. Um m\u00eas antes, Lula era o candidato\u00a0menos rejeitado. A pesquisa\u00a0PoderData\u00a0captou que o governador de S\u00e3o Paulo,\u00a0Jo\u00e3o Doria\u00a0(PSDB) \u00e9 o mais rejeitado, com 62%.\u00a0H\u00e1 1 m\u00eas, sua rejei\u00e7\u00e3o era de 55%. Ciro Gomes (PDT) est\u00e1 em seguida, com 58%. O levantamento mostra, ainda, que o&hellip; <\/p>\n","protected":false},"author":1,"featured_media":267631,"comment_status":"closed","ping_status":"closed","sticky":false,"template":"","format":"standard","meta":{"_acf_changed":false,"footnotes":""},"categories":[1],"tags":[],"class_list":["post-285554","post","type-post","status-publish","format-standard","has-post-thumbnail","hentry","category-politica"],"acf":[],"yoast_head":"<!-- This site is optimized with the Yoast SEO plugin v27.4 - https:\/\/yoast.com\/product\/yoast-seo-wordpress\/ -->\n<title>PoderData: rejei\u00e7\u00e3o a Lula sobe e alcan\u00e7a a de Bolsonaro. 50% negam voto no petista; Bolsonaro \u00e9 rejeitado por 49% - Blog do Farn\u00e9sio<\/title>\n<meta name=\"robots\" content=\"index, follow, max-snippet:-1, max-image-preview:large, max-video-preview:-1\" \/>\n<link rel=\"canonical\" href=\"https:\/\/blogdofarnesio.com.br\/?p=285554\" \/>\n<meta property=\"og:locale\" content=\"pt_BR\" \/>\n<meta property=\"og:type\" content=\"article\" \/>\n<meta property=\"og:title\" content=\"PoderData: rejei\u00e7\u00e3o a Lula sobe e alcan\u00e7a a de Bolsonaro. 50% negam voto no petista; Bolsonaro \u00e9 rejeitado por 49% - Blog do Farn\u00e9sio\" \/>\n<meta property=\"og:description\" content=\"GABRIELA OLIVA &#8211;\u00a0 Pesquisa\u00a0PoderData\u00a0realizada nesta semana (10-12.mai.2021) mostra que a rejei\u00e7\u00e3o ao ex-presidente Luiz In\u00e1cio Lula da Silva (PT) para as elei\u00e7\u00f5es de 2022 cresceu e agora rivaliza com a do presidente Jair Bolsonaro. A parcela dos\u00a0que n\u00e3o votariam\u00a0\u201cde jeito nenhum\u201d\u00a0no petista subiu 9 p.p. e atingiu 50%. O chefe do Executivo tem 49%. As taxas de rejei\u00e7\u00e3o dos 2, portanto, est\u00e3o em empate t\u00e9cnico, dentro da margem de erro de 2 pontos percentuais da pesquisa. Um m\u00eas antes, Lula era o candidato\u00a0menos rejeitado. A pesquisa\u00a0PoderData\u00a0captou que o governador de S\u00e3o Paulo,\u00a0Jo\u00e3o Doria\u00a0(PSDB) \u00e9 o mais rejeitado, com 62%.\u00a0H\u00e1 1 m\u00eas, sua rejei\u00e7\u00e3o era de 55%. Ciro Gomes (PDT) est\u00e1 em seguida, com 58%. O levantamento mostra, ainda, que o&hellip;\" \/>\n<meta property=\"og:url\" content=\"https:\/\/blogdofarnesio.com.br\/?p=285554\" \/>\n<meta property=\"og:site_name\" content=\"Blog do Farn\u00e9sio\" \/>\n<meta property=\"article:publisher\" content=\"https:\/\/www.facebook.com\/BlogQuerSaberPolitica\/\" \/>\n<meta property=\"article:published_time\" content=\"2021-05-13T20:33:42+00:00\" \/>\n<meta property=\"og:image\" content=\"https:\/\/blogdofarnesio.com.br\/wp-content\/uploads\/2020\/09\/blogqsplula-bolsonaro-868x644-1.jpg\" \/>\n\t<meta property=\"og:image:width\" content=\"868\" \/>\n\t<meta property=\"og:image:height\" content=\"644\" \/>\n\t<meta property=\"og:image:type\" content=\"image\/jpeg\" \/>\n<meta name=\"author\" content=\"Farn\u00e9sio\" \/>\n<meta name=\"twitter:card\" content=\"summary_large_image\" \/>\n<meta name=\"twitter:label1\" content=\"Escrito por\" \/>\n\t<meta name=\"twitter:data1\" content=\"Farn\u00e9sio\" \/>\n\t<meta name=\"twitter:label2\" content=\"Est. tempo de leitura\" \/>\n\t<meta name=\"twitter:data2\" content=\"3 minutos\" \/>\n<script type=\"application\/ld+json\" class=\"yoast-schema-graph\">{\"@context\":\"https:\\\/\\\/schema.org\",\"@graph\":[{\"@type\":\"Article\",\"@id\":\"https:\\\/\\\/blogdofarnesio.com.br\\\/?p=285554#article\",\"isPartOf\":{\"@id\":\"https:\\\/\\\/blogdofarnesio.com.br\\\/?p=285554\"},\"author\":{\"name\":\"Farn\u00e9sio\",\"@id\":\"https:\\\/\\\/blogdofarnesio.com.br\\\/#\\\/schema\\\/person\\\/301c4acf522bccbfdb45af95b5b906a1\"},\"headline\":\"PoderData: rejei\u00e7\u00e3o a Lula sobe e alcan\u00e7a a de Bolsonaro. 50% negam voto no petista; Bolsonaro \u00e9 rejeitado por 49%\",\"datePublished\":\"2021-05-13T20:33:42+00:00\",\"mainEntityOfPage\":{\"@id\":\"https:\\\/\\\/blogdofarnesio.com.br\\\/?p=285554\"},\"wordCount\":633,\"publisher\":{\"@id\":\"https:\\\/\\\/blogdofarnesio.com.br\\\/#organization\"},\"image\":{\"@id\":\"https:\\\/\\\/blogdofarnesio.com.br\\\/?p=285554#primaryimage\"},\"thumbnailUrl\":\"https:\\\/\\\/blogdofarnesio.com.br\\\/wp-content\\\/uploads\\\/2020\\\/09\\\/blogqsplula-bolsonaro-868x644-1.jpg\",\"articleSection\":[\"Pol\u00edtica\"],\"inLanguage\":\"pt-BR\"},{\"@type\":\"WebPage\",\"@id\":\"https:\\\/\\\/blogdofarnesio.com.br\\\/?p=285554\",\"url\":\"https:\\\/\\\/blogdofarnesio.com.br\\\/?p=285554\",\"name\":\"PoderData: rejei\u00e7\u00e3o a Lula sobe e alcan\u00e7a a de Bolsonaro. 50% negam voto no petista; Bolsonaro \u00e9 rejeitado por 49% - Blog do Farn\u00e9sio\",\"isPartOf\":{\"@id\":\"https:\\\/\\\/blogdofarnesio.com.br\\\/#website\"},\"primaryImageOfPage\":{\"@id\":\"https:\\\/\\\/blogdofarnesio.com.br\\\/?p=285554#primaryimage\"},\"image\":{\"@id\":\"https:\\\/\\\/blogdofarnesio.com.br\\\/?p=285554#primaryimage\"},\"thumbnailUrl\":\"https:\\\/\\\/blogdofarnesio.com.br\\\/wp-content\\\/uploads\\\/2020\\\/09\\\/blogqsplula-bolsonaro-868x644-1.jpg\",\"datePublished\":\"2021-05-13T20:33:42+00:00\",\"breadcrumb\":{\"@id\":\"https:\\\/\\\/blogdofarnesio.com.br\\\/?p=285554#breadcrumb\"},\"inLanguage\":\"pt-BR\",\"potentialAction\":[{\"@type\":\"ReadAction\",\"target\":[\"https:\\\/\\\/blogdofarnesio.com.br\\\/?p=285554\"]}]},{\"@type\":\"ImageObject\",\"inLanguage\":\"pt-BR\",\"@id\":\"https:\\\/\\\/blogdofarnesio.com.br\\\/?p=285554#primaryimage\",\"url\":\"https:\\\/\\\/blogdofarnesio.com.br\\\/wp-content\\\/uploads\\\/2020\\\/09\\\/blogqsplula-bolsonaro-868x644-1.jpg\",\"contentUrl\":\"https:\\\/\\\/blogdofarnesio.com.br\\\/wp-content\\\/uploads\\\/2020\\\/09\\\/blogqsplula-bolsonaro-868x644-1.jpg\",\"width\":868,\"height\":644},{\"@type\":\"BreadcrumbList\",\"@id\":\"https:\\\/\\\/blogdofarnesio.com.br\\\/?p=285554#breadcrumb\",\"itemListElement\":[{\"@type\":\"ListItem\",\"position\":1,\"name\":\"In\u00edcio\",\"item\":\"https:\\\/\\\/blogdofarnesio.com.br\\\/\"},{\"@type\":\"ListItem\",\"position\":2,\"name\":\"PoderData: rejei\u00e7\u00e3o a Lula sobe e alcan\u00e7a a de Bolsonaro. 50% negam voto no petista; Bolsonaro \u00e9 rejeitado por 49%\"}]},{\"@type\":\"WebSite\",\"@id\":\"https:\\\/\\\/blogdofarnesio.com.br\\\/#website\",\"url\":\"https:\\\/\\\/blogdofarnesio.com.br\\\/\",\"name\":\"Blog do Farn\u00e9sio\",\"description\":\"Quer Saber Pol\u00edtica?\",\"publisher\":{\"@id\":\"https:\\\/\\\/blogdofarnesio.com.br\\\/#organization\"},\"potentialAction\":[{\"@type\":\"SearchAction\",\"target\":{\"@type\":\"EntryPoint\",\"urlTemplate\":\"https:\\\/\\\/blogdofarnesio.com.br\\\/?s={search_term_string}\"},\"query-input\":{\"@type\":\"PropertyValueSpecification\",\"valueRequired\":true,\"valueName\":\"search_term_string\"}}],\"inLanguage\":\"pt-BR\"},{\"@type\":\"Organization\",\"@id\":\"https:\\\/\\\/blogdofarnesio.com.br\\\/#organization\",\"name\":\"Blog do Farn\u00e9sio\",\"url\":\"https:\\\/\\\/blogdofarnesio.com.br\\\/\",\"logo\":{\"@type\":\"ImageObject\",\"inLanguage\":\"pt-BR\",\"@id\":\"https:\\\/\\\/blogdofarnesio.com.br\\\/#\\\/schema\\\/logo\\\/image\\\/\",\"url\":\"https:\\\/\\\/blogdofarnesio.com.br\\\/wp-content\\\/uploads\\\/2026\\\/03\\\/cropped-logo_new-1.png\",\"contentUrl\":\"https:\\\/\\\/blogdofarnesio.com.br\\\/wp-content\\\/uploads\\\/2026\\\/03\\\/cropped-logo_new-1.png\",\"width\":881,\"height\":685,\"caption\":\"Blog do Farn\u00e9sio\"},\"image\":{\"@id\":\"https:\\\/\\\/blogdofarnesio.com.br\\\/#\\\/schema\\\/logo\\\/image\\\/\"},\"sameAs\":[\"https:\\\/\\\/www.facebook.com\\\/BlogQuerSaberPolitica\\\/\"]},{\"@type\":\"Person\",\"@id\":\"https:\\\/\\\/blogdofarnesio.com.br\\\/#\\\/schema\\\/person\\\/301c4acf522bccbfdb45af95b5b906a1\",\"name\":\"Farn\u00e9sio\",\"image\":{\"@type\":\"ImageObject\",\"inLanguage\":\"pt-BR\",\"@id\":\"https:\\\/\\\/secure.gravatar.com\\\/avatar\\\/df0c9a14567c056f8ad6876ba5bbd1e3e2c48023eb6807342fc4663adf549f38?s=96&d=mm&r=g\",\"url\":\"https:\\\/\\\/secure.gravatar.com\\\/avatar\\\/df0c9a14567c056f8ad6876ba5bbd1e3e2c48023eb6807342fc4663adf549f38?s=96&d=mm&r=g\",\"contentUrl\":\"https:\\\/\\\/secure.gravatar.com\\\/avatar\\\/df0c9a14567c056f8ad6876ba5bbd1e3e2c48023eb6807342fc4663adf549f38?s=96&d=mm&r=g\",\"caption\":\"Farn\u00e9sio\"},\"sameAs\":[\"https:\\\/\\\/quersaberpolitica.com.br\"],\"url\":\"https:\\\/\\\/blogdofarnesio.com.br\\\/?author=1\"}]}<\/script>\n<!-- \/ Yoast SEO plugin. -->","yoast_head_json":{"title":"PoderData: rejei\u00e7\u00e3o a Lula sobe e alcan\u00e7a a de Bolsonaro. 50% negam voto no petista; Bolsonaro \u00e9 rejeitado por 49% - Blog do Farn\u00e9sio","robots":{"index":"index","follow":"follow","max-snippet":"max-snippet:-1","max-image-preview":"max-image-preview:large","max-video-preview":"max-video-preview:-1"},"canonical":"https:\/\/blogdofarnesio.com.br\/?p=285554","og_locale":"pt_BR","og_type":"article","og_title":"PoderData: rejei\u00e7\u00e3o a Lula sobe e alcan\u00e7a a de Bolsonaro. 50% negam voto no petista; Bolsonaro \u00e9 rejeitado por 49% - Blog do Farn\u00e9sio","og_description":"GABRIELA OLIVA &#8211;\u00a0 Pesquisa\u00a0PoderData\u00a0realizada nesta semana (10-12.mai.2021) mostra que a rejei\u00e7\u00e3o ao ex-presidente Luiz In\u00e1cio Lula da Silva (PT) para as elei\u00e7\u00f5es de 2022 cresceu e agora rivaliza com a do presidente Jair Bolsonaro. A parcela dos\u00a0que n\u00e3o votariam\u00a0\u201cde jeito nenhum\u201d\u00a0no petista subiu 9 p.p. e atingiu 50%. O chefe do Executivo tem 49%. As taxas de rejei\u00e7\u00e3o dos 2, portanto, est\u00e3o em empate t\u00e9cnico, dentro da margem de erro de 2 pontos percentuais da pesquisa. Um m\u00eas antes, Lula era o candidato\u00a0menos rejeitado. A pesquisa\u00a0PoderData\u00a0captou que o governador de S\u00e3o Paulo,\u00a0Jo\u00e3o Doria\u00a0(PSDB) \u00e9 o mais rejeitado, com 62%.\u00a0H\u00e1 1 m\u00eas, sua rejei\u00e7\u00e3o era de 55%. Ciro Gomes (PDT) est\u00e1 em seguida, com 58%. O levantamento mostra, ainda, que o&hellip;","og_url":"https:\/\/blogdofarnesio.com.br\/?p=285554","og_site_name":"Blog do Farn\u00e9sio","article_publisher":"https:\/\/www.facebook.com\/BlogQuerSaberPolitica\/","article_published_time":"2021-05-13T20:33:42+00:00","og_image":[{"width":868,"height":644,"url":"https:\/\/blogdofarnesio.com.br\/wp-content\/uploads\/2020\/09\/blogqsplula-bolsonaro-868x644-1.jpg","type":"image\/jpeg"}],"author":"Farn\u00e9sio","twitter_card":"summary_large_image","twitter_misc":{"Escrito por":"Farn\u00e9sio","Est. tempo de leitura":"3 minutos"},"schema":{"@context":"https:\/\/schema.org","@graph":[{"@type":"Article","@id":"https:\/\/blogdofarnesio.com.br\/?p=285554#article","isPartOf":{"@id":"https:\/\/blogdofarnesio.com.br\/?p=285554"},"author":{"name":"Farn\u00e9sio","@id":"https:\/\/blogdofarnesio.com.br\/#\/schema\/person\/301c4acf522bccbfdb45af95b5b906a1"},"headline":"PoderData: rejei\u00e7\u00e3o a Lula sobe e alcan\u00e7a a de Bolsonaro. 50% negam voto no petista; Bolsonaro \u00e9 rejeitado por 49%","datePublished":"2021-05-13T20:33:42+00:00","mainEntityOfPage":{"@id":"https:\/\/blogdofarnesio.com.br\/?p=285554"},"wordCount":633,"publisher":{"@id":"https:\/\/blogdofarnesio.com.br\/#organization"},"image":{"@id":"https:\/\/blogdofarnesio.com.br\/?p=285554#primaryimage"},"thumbnailUrl":"https:\/\/blogdofarnesio.com.br\/wp-content\/uploads\/2020\/09\/blogqsplula-bolsonaro-868x644-1.jpg","articleSection":["Pol\u00edtica"],"inLanguage":"pt-BR"},{"@type":"WebPage","@id":"https:\/\/blogdofarnesio.com.br\/?p=285554","url":"https:\/\/blogdofarnesio.com.br\/?p=285554","name":"PoderData: rejei\u00e7\u00e3o a Lula sobe e alcan\u00e7a a de Bolsonaro. 50% negam voto no petista; Bolsonaro \u00e9 rejeitado por 49% - Blog do Farn\u00e9sio","isPartOf":{"@id":"https:\/\/blogdofarnesio.com.br\/#website"},"primaryImageOfPage":{"@id":"https:\/\/blogdofarnesio.com.br\/?p=285554#primaryimage"},"image":{"@id":"https:\/\/blogdofarnesio.com.br\/?p=285554#primaryimage"},"thumbnailUrl":"https:\/\/blogdofarnesio.com.br\/wp-content\/uploads\/2020\/09\/blogqsplula-bolsonaro-868x644-1.jpg","datePublished":"2021-05-13T20:33:42+00:00","breadcrumb":{"@id":"https:\/\/blogdofarnesio.com.br\/?p=285554#breadcrumb"},"inLanguage":"pt-BR","potentialAction":[{"@type":"ReadAction","target":["https:\/\/blogdofarnesio.com.br\/?p=285554"]}]},{"@type":"ImageObject","inLanguage":"pt-BR","@id":"https:\/\/blogdofarnesio.com.br\/?p=285554#primaryimage","url":"https:\/\/blogdofarnesio.com.br\/wp-content\/uploads\/2020\/09\/blogqsplula-bolsonaro-868x644-1.jpg","contentUrl":"https:\/\/blogdofarnesio.com.br\/wp-content\/uploads\/2020\/09\/blogqsplula-bolsonaro-868x644-1.jpg","width":868,"height":644},{"@type":"BreadcrumbList","@id":"https:\/\/blogdofarnesio.com.br\/?p=285554#breadcrumb","itemListElement":[{"@type":"ListItem","position":1,"name":"In\u00edcio","item":"https:\/\/blogdofarnesio.com.br\/"},{"@type":"ListItem","position":2,"name":"PoderData: rejei\u00e7\u00e3o a Lula sobe e alcan\u00e7a a de Bolsonaro. 50% negam voto no petista; Bolsonaro \u00e9 rejeitado por 49%"}]},{"@type":"WebSite","@id":"https:\/\/blogdofarnesio.com.br\/#website","url":"https:\/\/blogdofarnesio.com.br\/","name":"Blog do Farn\u00e9sio","description":"Quer Saber Pol\u00edtica?","publisher":{"@id":"https:\/\/blogdofarnesio.com.br\/#organization"},"potentialAction":[{"@type":"SearchAction","target":{"@type":"EntryPoint","urlTemplate":"https:\/\/blogdofarnesio.com.br\/?s={search_term_string}"},"query-input":{"@type":"PropertyValueSpecification","valueRequired":true,"valueName":"search_term_string"}}],"inLanguage":"pt-BR"},{"@type":"Organization","@id":"https:\/\/blogdofarnesio.com.br\/#organization","name":"Blog do Farn\u00e9sio","url":"https:\/\/blogdofarnesio.com.br\/","logo":{"@type":"ImageObject","inLanguage":"pt-BR","@id":"https:\/\/blogdofarnesio.com.br\/#\/schema\/logo\/image\/","url":"https:\/\/blogdofarnesio.com.br\/wp-content\/uploads\/2026\/03\/cropped-logo_new-1.png","contentUrl":"https:\/\/blogdofarnesio.com.br\/wp-content\/uploads\/2026\/03\/cropped-logo_new-1.png","width":881,"height":685,"caption":"Blog do Farn\u00e9sio"},"image":{"@id":"https:\/\/blogdofarnesio.com.br\/#\/schema\/logo\/image\/"},"sameAs":["https:\/\/www.facebook.com\/BlogQuerSaberPolitica\/"]},{"@type":"Person","@id":"https:\/\/blogdofarnesio.com.br\/#\/schema\/person\/301c4acf522bccbfdb45af95b5b906a1","name":"Farn\u00e9sio","image":{"@type":"ImageObject","inLanguage":"pt-BR","@id":"https:\/\/secure.gravatar.com\/avatar\/df0c9a14567c056f8ad6876ba5bbd1e3e2c48023eb6807342fc4663adf549f38?s=96&d=mm&r=g","url":"https:\/\/secure.gravatar.com\/avatar\/df0c9a14567c056f8ad6876ba5bbd1e3e2c48023eb6807342fc4663adf549f38?s=96&d=mm&r=g","contentUrl":"https:\/\/secure.gravatar.com\/avatar\/df0c9a14567c056f8ad6876ba5bbd1e3e2c48023eb6807342fc4663adf549f38?s=96&d=mm&r=g","caption":"Farn\u00e9sio"},"sameAs":["https:\/\/quersaberpolitica.com.br"],"url":"https:\/\/blogdofarnesio.com.br\/?author=1"}]}},"_links":{"self":[{"href":"https:\/\/blogdofarnesio.com.br\/index.php?rest_route=\/wp\/v2\/posts\/285554","targetHints":{"allow":["GET"]}}],"collection":[{"href":"https:\/\/blogdofarnesio.com.br\/index.php?rest_route=\/wp\/v2\/posts"}],"about":[{"href":"https:\/\/blogdofarnesio.com.br\/index.php?rest_route=\/wp\/v2\/types\/post"}],"author":[{"embeddable":true,"href":"https:\/\/blogdofarnesio.com.br\/index.php?rest_route=\/wp\/v2\/users\/1"}],"replies":[{"embeddable":true,"href":"https:\/\/blogdofarnesio.com.br\/index.php?rest_route=%2Fwp%2Fv2%2Fcomments&post=285554"}],"version-history":[{"count":0,"href":"https:\/\/blogdofarnesio.com.br\/index.php?rest_route=\/wp\/v2\/posts\/285554\/revisions"}],"wp:featuredmedia":[{"embeddable":true,"href":"https:\/\/blogdofarnesio.com.br\/index.php?rest_route=\/wp\/v2\/media\/267631"}],"wp:attachment":[{"href":"https:\/\/blogdofarnesio.com.br\/index.php?rest_route=%2Fwp%2Fv2%2Fmedia&parent=285554"}],"wp:term":[{"taxonomy":"category","embeddable":true,"href":"https:\/\/blogdofarnesio.com.br\/index.php?rest_route=%2Fwp%2Fv2%2Fcategories&post=285554"},{"taxonomy":"post_tag","embeddable":true,"href":"https:\/\/blogdofarnesio.com.br\/index.php?rest_route=%2Fwp%2Fv2%2Ftags&post=285554"}],"curies":[{"name":"wp","href":"https:\/\/api.w.org\/{rel}","templated":true}]}}