{"id":285517,"date":"2021-05-13T13:00:15","date_gmt":"2021-05-13T16:00:15","guid":{"rendered":"http:\/\/quersaberpolitica.com.br\/2016\/?p=285517"},"modified":"2021-05-13T10:14:20","modified_gmt":"2021-05-13T13:14:20","slug":"motorista-embriagado-e-tirado-de-circulacao-pela-policia-rodoviaria-estadual-na-ba-210","status":"publish","type":"post","link":"https:\/\/blogdofarnesio.com.br\/?p=285517","title":{"rendered":"Motorista embriagado \u00e9 tirado de circula\u00e7\u00e3o pela Pol\u00edcia Rodovi\u00e1ria Estadual na BA-210"},"content":{"rendered":"<div>Na tarde desta quarta-feira (12), durante a execu\u00e7\u00e3o do policiamento ostensivo de tr\u00e2nsito rodovi\u00e1rio, a 4\u00aa Companhia de Pol\u00edcia Rodovi\u00e1ria (4\u00aaCiaPRv) realizou abordagem a condutor de ve\u00edculo envolvido em sinistro, ap\u00f3s com fundada suspeita, um autom\u00f3vel VW, modelo Gol, cor prata, na BA 210, Km 396, pr\u00f3ximo ao SAAE.<\/div>\n<div><\/div>\n<div><img loading=\"lazy\" decoding=\"async\" class=\"wp-image-285518 alignleft\" src=\"http:\/\/quersaberpolitica.com.br\/2016\/wp-content\/uploads\/2021\/05\/WhatsApp-Image-2021-05-12-at-20.33.32-e1620911579213.jpeg\" alt=\"\" width=\"257\" height=\"313\" \/>Ap\u00f3s busca pessoal e veicular foi ofertado etil\u00f4metro (baf\u00f4metro) ao condutor do sexo masculino, 39 anos, sendo aferido 1,06mg\/l, constatando-se que conduzia ve\u00edculo automotor com capacidade psicomotora alterada em raz\u00e3o de influ\u00eancia de \u00e1lcool.<\/div>\n<div><\/div>\n<div>Diante do fato foi dada voz e lavrada pris\u00e3o em flagrante \u00e0 luz do Art. 306 do C\u00f3digo de Tr\u00e2nsito Brasileiro &#8211; CTB, sendo conduzido e apresentado na delegacia, onde gerou boletim de ocorr\u00eancia na 1\u00aa DT &#8211; Juazeiro-BA.<\/div>\n<div><\/div>\n<div><span style=\"font-family: Calibri, Arial, Helvetica, sans-serif, serif, EmojiFont;\">Destaca-se que, apenas neste semestre, a 4\u00aa CiaPRv executou mais de 15 pris\u00f5es em flagrante e conduziu mais de 20 pessoas \u00e0 delegacia de Pol\u00edcia Civil, em Juazeiro, al\u00e9m de outras pris\u00f5es por adultera\u00e7\u00e3o de ve\u00edculo e apreens\u00e3o de arma de fogo.<br \/>\n<\/span><\/p>\n<div>\n<div><\/div>\n<p>PMBA, uma For\u00e7a a servi\u00e7o do cidad\u00e3o!<\/p><\/div>\n<\/div>\n","protected":false},"excerpt":{"rendered":"<p>Na tarde desta quarta-feira (12), durante a execu\u00e7\u00e3o do policiamento ostensivo de tr\u00e2nsito rodovi\u00e1rio, a 4\u00aa Companhia de Pol\u00edcia Rodovi\u00e1ria (4\u00aaCiaPRv) realizou abordagem a condutor de ve\u00edculo envolvido em sinistro, ap\u00f3s com fundada suspeita, um autom\u00f3vel VW, modelo Gol, cor prata, na BA 210, Km 396, pr\u00f3ximo ao SAAE. Ap\u00f3s busca pessoal e veicular foi ofertado etil\u00f4metro (baf\u00f4metro) ao condutor do sexo masculino, 39 anos, sendo aferido 1,06mg\/l, constatando-se que conduzia ve\u00edculo automotor com capacidade psicomotora alterada em raz\u00e3o de influ\u00eancia de \u00e1lcool. Diante do fato foi dada voz e lavrada pris\u00e3o em flagrante \u00e0 luz do Art. 306 do C\u00f3digo de Tr\u00e2nsito Brasileiro &#8211; CTB, sendo conduzido e apresentado na delegacia, onde gerou boletim de ocorr\u00eancia na 1\u00aa DT&hellip; <\/p>\n","protected":false},"author":1,"featured_media":209349,"comment_status":"closed","ping_status":"closed","sticky":false,"template":"","format":"standard","meta":{"_acf_changed":false,"footnotes":""},"categories":[17],"tags":[],"class_list":["post-285517","post","type-post","status-publish","format-standard","has-post-thumbnail","hentry","category-estradas"],"acf":[],"yoast_head":"<!-- This site is optimized with the Yoast SEO plugin v27.4 - https:\/\/yoast.com\/product\/yoast-seo-wordpress\/ -->\n<title>Motorista embriagado \u00e9 tirado de circula\u00e7\u00e3o pela Pol\u00edcia Rodovi\u00e1ria Estadual na BA-210 - Blog do Farn\u00e9sio<\/title>\n<meta name=\"robots\" content=\"index, follow, max-snippet:-1, max-image-preview:large, max-video-preview:-1\" \/>\n<link rel=\"canonical\" href=\"https:\/\/blogdofarnesio.com.br\/?p=285517\" \/>\n<meta property=\"og:locale\" content=\"pt_BR\" \/>\n<meta property=\"og:type\" content=\"article\" \/>\n<meta property=\"og:title\" content=\"Motorista embriagado \u00e9 tirado de circula\u00e7\u00e3o pela Pol\u00edcia Rodovi\u00e1ria Estadual na BA-210 - Blog do Farn\u00e9sio\" \/>\n<meta property=\"og:description\" content=\"Na tarde desta quarta-feira (12), durante a execu\u00e7\u00e3o do policiamento ostensivo de tr\u00e2nsito rodovi\u00e1rio, a 4\u00aa Companhia de Pol\u00edcia Rodovi\u00e1ria (4\u00aaCiaPRv) realizou abordagem a condutor de ve\u00edculo envolvido em sinistro, ap\u00f3s com fundada suspeita, um autom\u00f3vel VW, modelo Gol, cor prata, na BA 210, Km 396, pr\u00f3ximo ao SAAE. Ap\u00f3s busca pessoal e veicular foi ofertado etil\u00f4metro (baf\u00f4metro) ao condutor do sexo masculino, 39 anos, sendo aferido 1,06mg\/l, constatando-se que conduzia ve\u00edculo automotor com capacidade psicomotora alterada em raz\u00e3o de influ\u00eancia de \u00e1lcool. Diante do fato foi dada voz e lavrada pris\u00e3o em flagrante \u00e0 luz do Art. 306 do C\u00f3digo de Tr\u00e2nsito Brasileiro &#8211; CTB, sendo conduzido e apresentado na delegacia, onde gerou boletim de ocorr\u00eancia na 1\u00aa DT&hellip;\" \/>\n<meta property=\"og:url\" content=\"https:\/\/blogdofarnesio.com.br\/?p=285517\" \/>\n<meta property=\"og:site_name\" content=\"Blog do Farn\u00e9sio\" \/>\n<meta property=\"article:publisher\" content=\"https:\/\/www.facebook.com\/BlogQuerSaberPolitica\/\" \/>\n<meta property=\"article:published_time\" content=\"2021-05-13T16:00:15+00:00\" \/>\n<meta property=\"og:image\" content=\"https:\/\/blogdofarnesio.com.br\/wp-content\/uploads\/2018\/09\/blogqspbafometrobebida.jpg\" \/>\n\t<meta property=\"og:image:width\" content=\"480\" \/>\n\t<meta property=\"og:image:height\" content=\"345\" \/>\n\t<meta property=\"og:image:type\" content=\"image\/jpeg\" \/>\n<meta name=\"author\" content=\"Farn\u00e9sio\" \/>\n<meta name=\"twitter:card\" content=\"summary_large_image\" \/>\n<meta name=\"twitter:label1\" content=\"Escrito por\" \/>\n\t<meta name=\"twitter:data1\" content=\"Farn\u00e9sio\" \/>\n\t<meta name=\"twitter:label2\" content=\"Est. tempo de leitura\" \/>\n\t<meta name=\"twitter:data2\" content=\"1 minuto\" \/>\n<script type=\"application\/ld+json\" class=\"yoast-schema-graph\">{\"@context\":\"https:\\\/\\\/schema.org\",\"@graph\":[{\"@type\":\"Article\",\"@id\":\"https:\\\/\\\/blogdofarnesio.com.br\\\/?p=285517#article\",\"isPartOf\":{\"@id\":\"https:\\\/\\\/blogdofarnesio.com.br\\\/?p=285517\"},\"author\":{\"name\":\"Farn\u00e9sio\",\"@id\":\"https:\\\/\\\/blogdofarnesio.com.br\\\/#\\\/schema\\\/person\\\/301c4acf522bccbfdb45af95b5b906a1\"},\"headline\":\"Motorista embriagado \u00e9 tirado de circula\u00e7\u00e3o pela Pol\u00edcia Rodovi\u00e1ria Estadual na BA-210\",\"datePublished\":\"2021-05-13T16:00:15+00:00\",\"mainEntityOfPage\":{\"@id\":\"https:\\\/\\\/blogdofarnesio.com.br\\\/?p=285517\"},\"wordCount\":203,\"publisher\":{\"@id\":\"https:\\\/\\\/blogdofarnesio.com.br\\\/#organization\"},\"image\":{\"@id\":\"https:\\\/\\\/blogdofarnesio.com.br\\\/?p=285517#primaryimage\"},\"thumbnailUrl\":\"https:\\\/\\\/blogdofarnesio.com.br\\\/wp-content\\\/uploads\\\/2018\\\/09\\\/blogqspbafometrobebida.jpg\",\"articleSection\":[\"Estradas\"],\"inLanguage\":\"pt-BR\"},{\"@type\":\"WebPage\",\"@id\":\"https:\\\/\\\/blogdofarnesio.com.br\\\/?p=285517\",\"url\":\"https:\\\/\\\/blogdofarnesio.com.br\\\/?p=285517\",\"name\":\"Motorista embriagado \u00e9 tirado de circula\u00e7\u00e3o pela Pol\u00edcia Rodovi\u00e1ria Estadual na BA-210 - Blog do Farn\u00e9sio\",\"isPartOf\":{\"@id\":\"https:\\\/\\\/blogdofarnesio.com.br\\\/#website\"},\"primaryImageOfPage\":{\"@id\":\"https:\\\/\\\/blogdofarnesio.com.br\\\/?p=285517#primaryimage\"},\"image\":{\"@id\":\"https:\\\/\\\/blogdofarnesio.com.br\\\/?p=285517#primaryimage\"},\"thumbnailUrl\":\"https:\\\/\\\/blogdofarnesio.com.br\\\/wp-content\\\/uploads\\\/2018\\\/09\\\/blogqspbafometrobebida.jpg\",\"datePublished\":\"2021-05-13T16:00:15+00:00\",\"breadcrumb\":{\"@id\":\"https:\\\/\\\/blogdofarnesio.com.br\\\/?p=285517#breadcrumb\"},\"inLanguage\":\"pt-BR\",\"potentialAction\":[{\"@type\":\"ReadAction\",\"target\":[\"https:\\\/\\\/blogdofarnesio.com.br\\\/?p=285517\"]}]},{\"@type\":\"ImageObject\",\"inLanguage\":\"pt-BR\",\"@id\":\"https:\\\/\\\/blogdofarnesio.com.br\\\/?p=285517#primaryimage\",\"url\":\"https:\\\/\\\/blogdofarnesio.com.br\\\/wp-content\\\/uploads\\\/2018\\\/09\\\/blogqspbafometrobebida.jpg\",\"contentUrl\":\"https:\\\/\\\/blogdofarnesio.com.br\\\/wp-content\\\/uploads\\\/2018\\\/09\\\/blogqspbafometrobebida.jpg\",\"width\":480,\"height\":345},{\"@type\":\"BreadcrumbList\",\"@id\":\"https:\\\/\\\/blogdofarnesio.com.br\\\/?p=285517#breadcrumb\",\"itemListElement\":[{\"@type\":\"ListItem\",\"position\":1,\"name\":\"In\u00edcio\",\"item\":\"https:\\\/\\\/blogdofarnesio.com.br\\\/\"},{\"@type\":\"ListItem\",\"position\":2,\"name\":\"Motorista embriagado \u00e9 tirado de circula\u00e7\u00e3o pela Pol\u00edcia Rodovi\u00e1ria Estadual na BA-210\"}]},{\"@type\":\"WebSite\",\"@id\":\"https:\\\/\\\/blogdofarnesio.com.br\\\/#website\",\"url\":\"https:\\\/\\\/blogdofarnesio.com.br\\\/\",\"name\":\"Blog do Farn\u00e9sio\",\"description\":\"Quer Saber Pol\u00edtica?\",\"publisher\":{\"@id\":\"https:\\\/\\\/blogdofarnesio.com.br\\\/#organization\"},\"potentialAction\":[{\"@type\":\"SearchAction\",\"target\":{\"@type\":\"EntryPoint\",\"urlTemplate\":\"https:\\\/\\\/blogdofarnesio.com.br\\\/?s={search_term_string}\"},\"query-input\":{\"@type\":\"PropertyValueSpecification\",\"valueRequired\":true,\"valueName\":\"search_term_string\"}}],\"inLanguage\":\"pt-BR\"},{\"@type\":\"Organization\",\"@id\":\"https:\\\/\\\/blogdofarnesio.com.br\\\/#organization\",\"name\":\"Blog do Farn\u00e9sio\",\"url\":\"https:\\\/\\\/blogdofarnesio.com.br\\\/\",\"logo\":{\"@type\":\"ImageObject\",\"inLanguage\":\"pt-BR\",\"@id\":\"https:\\\/\\\/blogdofarnesio.com.br\\\/#\\\/schema\\\/logo\\\/image\\\/\",\"url\":\"https:\\\/\\\/blogdofarnesio.com.br\\\/wp-content\\\/uploads\\\/2026\\\/03\\\/cropped-logo_new-1.png\",\"contentUrl\":\"https:\\\/\\\/blogdofarnesio.com.br\\\/wp-content\\\/uploads\\\/2026\\\/03\\\/cropped-logo_new-1.png\",\"width\":881,\"height\":685,\"caption\":\"Blog do Farn\u00e9sio\"},\"image\":{\"@id\":\"https:\\\/\\\/blogdofarnesio.com.br\\\/#\\\/schema\\\/logo\\\/image\\\/\"},\"sameAs\":[\"https:\\\/\\\/www.facebook.com\\\/BlogQuerSaberPolitica\\\/\"]},{\"@type\":\"Person\",\"@id\":\"https:\\\/\\\/blogdofarnesio.com.br\\\/#\\\/schema\\\/person\\\/301c4acf522bccbfdb45af95b5b906a1\",\"name\":\"Farn\u00e9sio\",\"image\":{\"@type\":\"ImageObject\",\"inLanguage\":\"pt-BR\",\"@id\":\"https:\\\/\\\/secure.gravatar.com\\\/avatar\\\/df0c9a14567c056f8ad6876ba5bbd1e3e2c48023eb6807342fc4663adf549f38?s=96&d=mm&r=g\",\"url\":\"https:\\\/\\\/secure.gravatar.com\\\/avatar\\\/df0c9a14567c056f8ad6876ba5bbd1e3e2c48023eb6807342fc4663adf549f38?s=96&d=mm&r=g\",\"contentUrl\":\"https:\\\/\\\/secure.gravatar.com\\\/avatar\\\/df0c9a14567c056f8ad6876ba5bbd1e3e2c48023eb6807342fc4663adf549f38?s=96&d=mm&r=g\",\"caption\":\"Farn\u00e9sio\"},\"sameAs\":[\"https:\\\/\\\/quersaberpolitica.com.br\"],\"url\":\"https:\\\/\\\/blogdofarnesio.com.br\\\/?author=1\"}]}<\/script>\n<!-- \/ Yoast SEO plugin. -->","yoast_head_json":{"title":"Motorista embriagado \u00e9 tirado de circula\u00e7\u00e3o pela Pol\u00edcia Rodovi\u00e1ria Estadual na BA-210 - Blog do Farn\u00e9sio","robots":{"index":"index","follow":"follow","max-snippet":"max-snippet:-1","max-image-preview":"max-image-preview:large","max-video-preview":"max-video-preview:-1"},"canonical":"https:\/\/blogdofarnesio.com.br\/?p=285517","og_locale":"pt_BR","og_type":"article","og_title":"Motorista embriagado \u00e9 tirado de circula\u00e7\u00e3o pela Pol\u00edcia Rodovi\u00e1ria Estadual na BA-210 - Blog do Farn\u00e9sio","og_description":"Na tarde desta quarta-feira (12), durante a execu\u00e7\u00e3o do policiamento ostensivo de tr\u00e2nsito rodovi\u00e1rio, a 4\u00aa Companhia de Pol\u00edcia Rodovi\u00e1ria (4\u00aaCiaPRv) realizou abordagem a condutor de ve\u00edculo envolvido em sinistro, ap\u00f3s com fundada suspeita, um autom\u00f3vel VW, modelo Gol, cor prata, na BA 210, Km 396, pr\u00f3ximo ao SAAE. Ap\u00f3s busca pessoal e veicular foi ofertado etil\u00f4metro (baf\u00f4metro) ao condutor do sexo masculino, 39 anos, sendo aferido 1,06mg\/l, constatando-se que conduzia ve\u00edculo automotor com capacidade psicomotora alterada em raz\u00e3o de influ\u00eancia de \u00e1lcool. Diante do fato foi dada voz e lavrada pris\u00e3o em flagrante \u00e0 luz do Art. 306 do C\u00f3digo de Tr\u00e2nsito Brasileiro &#8211; CTB, sendo conduzido e apresentado na delegacia, onde gerou boletim de ocorr\u00eancia na 1\u00aa DT&hellip;","og_url":"https:\/\/blogdofarnesio.com.br\/?p=285517","og_site_name":"Blog do Farn\u00e9sio","article_publisher":"https:\/\/www.facebook.com\/BlogQuerSaberPolitica\/","article_published_time":"2021-05-13T16:00:15+00:00","og_image":[{"width":480,"height":345,"url":"https:\/\/blogdofarnesio.com.br\/wp-content\/uploads\/2018\/09\/blogqspbafometrobebida.jpg","type":"image\/jpeg"}],"author":"Farn\u00e9sio","twitter_card":"summary_large_image","twitter_misc":{"Escrito por":"Farn\u00e9sio","Est. tempo de leitura":"1 minuto"},"schema":{"@context":"https:\/\/schema.org","@graph":[{"@type":"Article","@id":"https:\/\/blogdofarnesio.com.br\/?p=285517#article","isPartOf":{"@id":"https:\/\/blogdofarnesio.com.br\/?p=285517"},"author":{"name":"Farn\u00e9sio","@id":"https:\/\/blogdofarnesio.com.br\/#\/schema\/person\/301c4acf522bccbfdb45af95b5b906a1"},"headline":"Motorista embriagado \u00e9 tirado de circula\u00e7\u00e3o pela Pol\u00edcia Rodovi\u00e1ria Estadual na BA-210","datePublished":"2021-05-13T16:00:15+00:00","mainEntityOfPage":{"@id":"https:\/\/blogdofarnesio.com.br\/?p=285517"},"wordCount":203,"publisher":{"@id":"https:\/\/blogdofarnesio.com.br\/#organization"},"image":{"@id":"https:\/\/blogdofarnesio.com.br\/?p=285517#primaryimage"},"thumbnailUrl":"https:\/\/blogdofarnesio.com.br\/wp-content\/uploads\/2018\/09\/blogqspbafometrobebida.jpg","articleSection":["Estradas"],"inLanguage":"pt-BR"},{"@type":"WebPage","@id":"https:\/\/blogdofarnesio.com.br\/?p=285517","url":"https:\/\/blogdofarnesio.com.br\/?p=285517","name":"Motorista embriagado \u00e9 tirado de circula\u00e7\u00e3o pela Pol\u00edcia Rodovi\u00e1ria Estadual na BA-210 - Blog do Farn\u00e9sio","isPartOf":{"@id":"https:\/\/blogdofarnesio.com.br\/#website"},"primaryImageOfPage":{"@id":"https:\/\/blogdofarnesio.com.br\/?p=285517#primaryimage"},"image":{"@id":"https:\/\/blogdofarnesio.com.br\/?p=285517#primaryimage"},"thumbnailUrl":"https:\/\/blogdofarnesio.com.br\/wp-content\/uploads\/2018\/09\/blogqspbafometrobebida.jpg","datePublished":"2021-05-13T16:00:15+00:00","breadcrumb":{"@id":"https:\/\/blogdofarnesio.com.br\/?p=285517#breadcrumb"},"inLanguage":"pt-BR","potentialAction":[{"@type":"ReadAction","target":["https:\/\/blogdofarnesio.com.br\/?p=285517"]}]},{"@type":"ImageObject","inLanguage":"pt-BR","@id":"https:\/\/blogdofarnesio.com.br\/?p=285517#primaryimage","url":"https:\/\/blogdofarnesio.com.br\/wp-content\/uploads\/2018\/09\/blogqspbafometrobebida.jpg","contentUrl":"https:\/\/blogdofarnesio.com.br\/wp-content\/uploads\/2018\/09\/blogqspbafometrobebida.jpg","width":480,"height":345},{"@type":"BreadcrumbList","@id":"https:\/\/blogdofarnesio.com.br\/?p=285517#breadcrumb","itemListElement":[{"@type":"ListItem","position":1,"name":"In\u00edcio","item":"https:\/\/blogdofarnesio.com.br\/"},{"@type":"ListItem","position":2,"name":"Motorista embriagado \u00e9 tirado de circula\u00e7\u00e3o pela Pol\u00edcia Rodovi\u00e1ria Estadual na BA-210"}]},{"@type":"WebSite","@id":"https:\/\/blogdofarnesio.com.br\/#website","url":"https:\/\/blogdofarnesio.com.br\/","name":"Blog do Farn\u00e9sio","description":"Quer Saber Pol\u00edtica?","publisher":{"@id":"https:\/\/blogdofarnesio.com.br\/#organization"},"potentialAction":[{"@type":"SearchAction","target":{"@type":"EntryPoint","urlTemplate":"https:\/\/blogdofarnesio.com.br\/?s={search_term_string}"},"query-input":{"@type":"PropertyValueSpecification","valueRequired":true,"valueName":"search_term_string"}}],"inLanguage":"pt-BR"},{"@type":"Organization","@id":"https:\/\/blogdofarnesio.com.br\/#organization","name":"Blog do Farn\u00e9sio","url":"https:\/\/blogdofarnesio.com.br\/","logo":{"@type":"ImageObject","inLanguage":"pt-BR","@id":"https:\/\/blogdofarnesio.com.br\/#\/schema\/logo\/image\/","url":"https:\/\/blogdofarnesio.com.br\/wp-content\/uploads\/2026\/03\/cropped-logo_new-1.png","contentUrl":"https:\/\/blogdofarnesio.com.br\/wp-content\/uploads\/2026\/03\/cropped-logo_new-1.png","width":881,"height":685,"caption":"Blog do Farn\u00e9sio"},"image":{"@id":"https:\/\/blogdofarnesio.com.br\/#\/schema\/logo\/image\/"},"sameAs":["https:\/\/www.facebook.com\/BlogQuerSaberPolitica\/"]},{"@type":"Person","@id":"https:\/\/blogdofarnesio.com.br\/#\/schema\/person\/301c4acf522bccbfdb45af95b5b906a1","name":"Farn\u00e9sio","image":{"@type":"ImageObject","inLanguage":"pt-BR","@id":"https:\/\/secure.gravatar.com\/avatar\/df0c9a14567c056f8ad6876ba5bbd1e3e2c48023eb6807342fc4663adf549f38?s=96&d=mm&r=g","url":"https:\/\/secure.gravatar.com\/avatar\/df0c9a14567c056f8ad6876ba5bbd1e3e2c48023eb6807342fc4663adf549f38?s=96&d=mm&r=g","contentUrl":"https:\/\/secure.gravatar.com\/avatar\/df0c9a14567c056f8ad6876ba5bbd1e3e2c48023eb6807342fc4663adf549f38?s=96&d=mm&r=g","caption":"Farn\u00e9sio"},"sameAs":["https:\/\/quersaberpolitica.com.br"],"url":"https:\/\/blogdofarnesio.com.br\/?author=1"}]}},"_links":{"self":[{"href":"https:\/\/blogdofarnesio.com.br\/index.php?rest_route=\/wp\/v2\/posts\/285517","targetHints":{"allow":["GET"]}}],"collection":[{"href":"https:\/\/blogdofarnesio.com.br\/index.php?rest_route=\/wp\/v2\/posts"}],"about":[{"href":"https:\/\/blogdofarnesio.com.br\/index.php?rest_route=\/wp\/v2\/types\/post"}],"author":[{"embeddable":true,"href":"https:\/\/blogdofarnesio.com.br\/index.php?rest_route=\/wp\/v2\/users\/1"}],"replies":[{"embeddable":true,"href":"https:\/\/blogdofarnesio.com.br\/index.php?rest_route=%2Fwp%2Fv2%2Fcomments&post=285517"}],"version-history":[{"count":0,"href":"https:\/\/blogdofarnesio.com.br\/index.php?rest_route=\/wp\/v2\/posts\/285517\/revisions"}],"wp:featuredmedia":[{"embeddable":true,"href":"https:\/\/blogdofarnesio.com.br\/index.php?rest_route=\/wp\/v2\/media\/209349"}],"wp:attachment":[{"href":"https:\/\/blogdofarnesio.com.br\/index.php?rest_route=%2Fwp%2Fv2%2Fmedia&parent=285517"}],"wp:term":[{"taxonomy":"category","embeddable":true,"href":"https:\/\/blogdofarnesio.com.br\/index.php?rest_route=%2Fwp%2Fv2%2Fcategories&post=285517"},{"taxonomy":"post_tag","embeddable":true,"href":"https:\/\/blogdofarnesio.com.br\/index.php?rest_route=%2Fwp%2Fv2%2Ftags&post=285517"}],"curies":[{"name":"wp","href":"https:\/\/api.w.org\/{rel}","templated":true}]}}