{"id":285509,"date":"2021-05-13T11:23:27","date_gmt":"2021-05-13T14:23:27","guid":{"rendered":"http:\/\/quersaberpolitica.com.br\/2016\/?p=285509"},"modified":"2021-05-13T09:38:57","modified_gmt":"2021-05-13T12:38:57","slug":"mais-de-50-dizem-que-nao-votariam-em-bolsonaro-de-jeito-nenhum-em-2022","status":"publish","type":"post","link":"https:\/\/blogdofarnesio.com.br\/2021\/05\/mais-de-50-dizem-que-nao-votariam-em-bolsonaro-de-jeito-nenhum-em-2022\/","title":{"rendered":"Mais de 50% dizem que n\u00e3o votariam em Bolsonaro de jeito nenhum em 2022"},"content":{"rendered":"<div class=\"box-title\">\n<p>por Folhapress &#8211;<\/p>\n<\/div>\n<div class=\"box-body\" data-io-article-url=\"https:\/\/www.bahianoticias.com.br\/\">\n<div class=\"text-center\">\n<div class=\"box-img\">\n<div class=\"img-legenda\">Para se reeleger no ano que vem, o presidente Jair Bolsonaro (sem partido) tamb\u00e9m ter\u00e1 de enfrentar um alto \u00edndice de rejei\u00e7\u00e3o, que ultrapassa metade do eleitorado e poder\u00e1 ser um complicador, especialmente em um segundo turno. Dentre os entrevistados pelo Datafolha, 54% dizem que jamais votariam nele.<\/div>\n<\/div>\n<\/div>\n<div class=\"text-descricao\">\n<p dir=\"ltr\">A rejei\u00e7\u00e3o do ex-presidente Lula \u00e9 a segunda maior, com 36%, seguida pelas de Jo\u00e3o Doria (30%), Luciano Huck (29%), Sergio Moro (26%) e Ciro Gomes (24%).<\/p>\n<p dir=\"ltr\">O levantamento foi realizado com 2.071 pessoas, de forma presencial, em 146 munic\u00edpios, nos dias 11 e 12 de maio. A margem de erro \u00e9 de dois pontos percentuais.<\/p>\n<p dir=\"ltr\">Pouco mais de dois meses ap\u00f3s ter seus direitos pol\u00edticos restabelecidos, Lula lidera a corrida para a Presid\u00eancia com margem confort\u00e1vel no primeiro turno e venceria Bolsonaro na segunda etapa, revela pesquisa Datafolha.<\/p>\n<p dir=\"ltr\">O petista alcan\u00e7a 41% das inten\u00e7\u00f5es de voto no primeiro turno, contra 23% de Bolsonaro.<\/p>\n<p dir=\"ltr\">Em um segundo pelot\u00e3o, embolados, aparecem o ex-ministro da Justi\u00e7a Sergio Moro (sem partido), com 7%, o ex-ministro da Integra\u00e7\u00e3o Ciro Gomes (PDT), com 6%, o apresentador Luciano Huck (sem partido), com 4%, o governador de S\u00e3o Paulo, Jo\u00e3o Doria (PSDB), que obt\u00e9m 3%, e, empatados com 2%, o ex-ministro da Sa\u00fade Luiz Henrique Mandetta (DEM) e o empres\u00e1rio Jo\u00e3o Amo\u00eado (Novo).<\/p>\n<p dir=\"ltr\">Somados, os advers\u00e1rios de Lula chegam a 47%, apenas seis pontos percentuais a mais do que o petista. Outros 9% disseram que pretendem votar em branco, nulo, ou em nenhum candidato, e 4% se disseram indecisos.<\/p>\n<p dir=\"ltr\">Num eventual segundo turno contra Bolsonaro, Lula levaria ampla vantagem, com uma margem de 55% a 32%. Ele receberia a maioria dos votos dados a Doria, Ciro e Huck, enquanto o presidente herdaria a maior fatia dos que optam por Moro, seu ex-ministro da Justi\u00e7a e atual desafeto.<\/p>\n<p dir=\"ltr\">O petista tamb\u00e9m venceria na segunda etapa contra Moro (53% a 33%) e Doria (57% a 21%).<\/p>\n<p>&nbsp;<\/p>\n<p dir=\"ltr\">J\u00e1 Bolsonaro empataria tecnicamente com Doria, marcando 39%, contra 40% para o tucano. E perderia para Ciro, obtendo 36%, contra 48% para o pedetista.<\/p>\n<p>&nbsp;<\/p>\n<p dir=\"ltr\">Essa a primeira pesquisa de inten\u00e7\u00e3o de voto do Datafolha feita desde que o ministro Edson Fachin, do Supremo Tribunal Federal, anulou as condena\u00e7\u00f5es judiciais do petista, com a justificativa de que a Justi\u00e7a Federal em Curitiba n\u00e3o era o foro competente para as a\u00e7\u00f5es.<\/p>\n<\/div>\n<\/div>\n","protected":false},"excerpt":{"rendered":"<p>por Folhapress &#8211; Para se reeleger no ano que vem, o presidente Jair Bolsonaro (sem partido) tamb\u00e9m ter\u00e1 de enfrentar um alto \u00edndice de rejei\u00e7\u00e3o, que ultrapassa metade do eleitorado e poder\u00e1 ser um complicador, especialmente em um segundo turno. Dentre os entrevistados pelo Datafolha, 54% dizem que jamais votariam nele. A rejei\u00e7\u00e3o do ex-presidente Lula \u00e9 a segunda maior, com 36%, seguida pelas de Jo\u00e3o Doria (30%), Luciano Huck (29%), Sergio Moro (26%) e Ciro Gomes (24%). O levantamento foi realizado com 2.071 pessoas, de forma presencial, em 146 munic\u00edpios, nos dias 11 e 12 de maio. A margem de erro \u00e9 de dois pontos percentuais. Pouco mais de dois meses ap\u00f3s ter seus direitos pol\u00edticos restabelecidos, Lula lidera&hellip; <\/p>\n","protected":false},"author":1,"featured_media":281203,"comment_status":"closed","ping_status":"closed","sticky":false,"template":"","format":"standard","meta":{"_acf_changed":false,"footnotes":""},"categories":[1],"tags":[],"class_list":["post-285509","post","type-post","status-publish","format-standard","has-post-thumbnail","hentry","category-politica"],"acf":[],"yoast_head":"<!-- This site is optimized with the Yoast SEO plugin v27.5 - https:\/\/yoast.com\/product\/yoast-seo-wordpress\/ -->\n<title>Mais de 50% dizem que n\u00e3o votariam em Bolsonaro de jeito nenhum em 2022 - Blog do Farn\u00e9sio<\/title>\n<meta name=\"robots\" content=\"index, follow, max-snippet:-1, max-image-preview:large, max-video-preview:-1\" \/>\n<link rel=\"canonical\" href=\"https:\/\/blogdofarnesio.com.br\/2021\/05\/mais-de-50-dizem-que-nao-votariam-em-bolsonaro-de-jeito-nenhum-em-2022\/\" \/>\n<meta property=\"og:locale\" content=\"pt_BR\" \/>\n<meta property=\"og:type\" content=\"article\" \/>\n<meta property=\"og:title\" content=\"Mais de 50% dizem que n\u00e3o votariam em Bolsonaro de jeito nenhum em 2022 - Blog do Farn\u00e9sio\" \/>\n<meta property=\"og:description\" content=\"por Folhapress &#8211; Para se reeleger no ano que vem, o presidente Jair Bolsonaro (sem partido) tamb\u00e9m ter\u00e1 de enfrentar um alto \u00edndice de rejei\u00e7\u00e3o, que ultrapassa metade do eleitorado e poder\u00e1 ser um complicador, especialmente em um segundo turno. Dentre os entrevistados pelo Datafolha, 54% dizem que jamais votariam nele. A rejei\u00e7\u00e3o do ex-presidente Lula \u00e9 a segunda maior, com 36%, seguida pelas de Jo\u00e3o Doria (30%), Luciano Huck (29%), Sergio Moro (26%) e Ciro Gomes (24%). O levantamento foi realizado com 2.071 pessoas, de forma presencial, em 146 munic\u00edpios, nos dias 11 e 12 de maio. A margem de erro \u00e9 de dois pontos percentuais. Pouco mais de dois meses ap\u00f3s ter seus direitos pol\u00edticos restabelecidos, Lula lidera&hellip;\" \/>\n<meta property=\"og:url\" content=\"https:\/\/blogdofarnesio.com.br\/2021\/05\/mais-de-50-dizem-que-nao-votariam-em-bolsonaro-de-jeito-nenhum-em-2022\/\" \/>\n<meta property=\"og:site_name\" content=\"Blog do Farn\u00e9sio\" \/>\n<meta property=\"article:publisher\" content=\"https:\/\/www.facebook.com\/BlogQuerSaberPolitica\/\" \/>\n<meta property=\"article:published_time\" content=\"2021-05-13T14:23:27+00:00\" \/>\n<meta property=\"og:image\" content=\"https:\/\/blogdofarnesio.com.br\/wp-content\/uploads\/2021\/03\/blogqspLula-Bolsonaro-Ciro-868x644-1-e1616073839500.jpeg\" \/>\n\t<meta property=\"og:image:width\" content=\"668\" \/>\n\t<meta property=\"og:image:height\" content=\"496\" \/>\n\t<meta property=\"og:image:type\" content=\"image\/jpeg\" \/>\n<meta name=\"author\" content=\"Farn\u00e9sio\" \/>\n<meta name=\"twitter:card\" content=\"summary_large_image\" \/>\n<meta name=\"twitter:label1\" content=\"Escrito por\" \/>\n\t<meta name=\"twitter:data1\" content=\"Farn\u00e9sio\" \/>\n\t<meta name=\"twitter:label2\" content=\"Est. tempo de leitura\" \/>\n\t<meta name=\"twitter:data2\" content=\"2 minutos\" \/>\n<script type=\"application\/ld+json\" class=\"yoast-schema-graph\">{\"@context\":\"https:\\\/\\\/schema.org\",\"@graph\":[{\"@type\":\"Article\",\"@id\":\"https:\\\/\\\/blogdofarnesio.com.br\\\/2021\\\/05\\\/mais-de-50-dizem-que-nao-votariam-em-bolsonaro-de-jeito-nenhum-em-2022\\\/#article\",\"isPartOf\":{\"@id\":\"https:\\\/\\\/blogdofarnesio.com.br\\\/2021\\\/05\\\/mais-de-50-dizem-que-nao-votariam-em-bolsonaro-de-jeito-nenhum-em-2022\\\/\"},\"author\":{\"name\":\"Farn\u00e9sio\",\"@id\":\"https:\\\/\\\/blogdofarnesio.com.br\\\/#\\\/schema\\\/person\\\/301c4acf522bccbfdb45af95b5b906a1\"},\"headline\":\"Mais de 50% dizem que n\u00e3o votariam em Bolsonaro de jeito nenhum em 2022\",\"datePublished\":\"2021-05-13T14:23:27+00:00\",\"mainEntityOfPage\":{\"@id\":\"https:\\\/\\\/blogdofarnesio.com.br\\\/2021\\\/05\\\/mais-de-50-dizem-que-nao-votariam-em-bolsonaro-de-jeito-nenhum-em-2022\\\/\"},\"wordCount\":399,\"publisher\":{\"@id\":\"https:\\\/\\\/blogdofarnesio.com.br\\\/#organization\"},\"image\":{\"@id\":\"https:\\\/\\\/blogdofarnesio.com.br\\\/2021\\\/05\\\/mais-de-50-dizem-que-nao-votariam-em-bolsonaro-de-jeito-nenhum-em-2022\\\/#primaryimage\"},\"thumbnailUrl\":\"https:\\\/\\\/blogdofarnesio.com.br\\\/wp-content\\\/uploads\\\/2021\\\/03\\\/blogqspLula-Bolsonaro-Ciro-868x644-1-e1616073839500.jpeg\",\"articleSection\":[\"Pol\u00edtica\"],\"inLanguage\":\"pt-BR\"},{\"@type\":\"WebPage\",\"@id\":\"https:\\\/\\\/blogdofarnesio.com.br\\\/2021\\\/05\\\/mais-de-50-dizem-que-nao-votariam-em-bolsonaro-de-jeito-nenhum-em-2022\\\/\",\"url\":\"https:\\\/\\\/blogdofarnesio.com.br\\\/2021\\\/05\\\/mais-de-50-dizem-que-nao-votariam-em-bolsonaro-de-jeito-nenhum-em-2022\\\/\",\"name\":\"Mais de 50% dizem que n\u00e3o votariam em Bolsonaro de jeito nenhum em 2022 - Blog do Farn\u00e9sio\",\"isPartOf\":{\"@id\":\"https:\\\/\\\/blogdofarnesio.com.br\\\/#website\"},\"primaryImageOfPage\":{\"@id\":\"https:\\\/\\\/blogdofarnesio.com.br\\\/2021\\\/05\\\/mais-de-50-dizem-que-nao-votariam-em-bolsonaro-de-jeito-nenhum-em-2022\\\/#primaryimage\"},\"image\":{\"@id\":\"https:\\\/\\\/blogdofarnesio.com.br\\\/2021\\\/05\\\/mais-de-50-dizem-que-nao-votariam-em-bolsonaro-de-jeito-nenhum-em-2022\\\/#primaryimage\"},\"thumbnailUrl\":\"https:\\\/\\\/blogdofarnesio.com.br\\\/wp-content\\\/uploads\\\/2021\\\/03\\\/blogqspLula-Bolsonaro-Ciro-868x644-1-e1616073839500.jpeg\",\"datePublished\":\"2021-05-13T14:23:27+00:00\",\"breadcrumb\":{\"@id\":\"https:\\\/\\\/blogdofarnesio.com.br\\\/2021\\\/05\\\/mais-de-50-dizem-que-nao-votariam-em-bolsonaro-de-jeito-nenhum-em-2022\\\/#breadcrumb\"},\"inLanguage\":\"pt-BR\",\"potentialAction\":[{\"@type\":\"ReadAction\",\"target\":[\"https:\\\/\\\/blogdofarnesio.com.br\\\/2021\\\/05\\\/mais-de-50-dizem-que-nao-votariam-em-bolsonaro-de-jeito-nenhum-em-2022\\\/\"]}]},{\"@type\":\"ImageObject\",\"inLanguage\":\"pt-BR\",\"@id\":\"https:\\\/\\\/blogdofarnesio.com.br\\\/2021\\\/05\\\/mais-de-50-dizem-que-nao-votariam-em-bolsonaro-de-jeito-nenhum-em-2022\\\/#primaryimage\",\"url\":\"https:\\\/\\\/blogdofarnesio.com.br\\\/wp-content\\\/uploads\\\/2021\\\/03\\\/blogqspLula-Bolsonaro-Ciro-868x644-1-e1616073839500.jpeg\",\"contentUrl\":\"https:\\\/\\\/blogdofarnesio.com.br\\\/wp-content\\\/uploads\\\/2021\\\/03\\\/blogqspLula-Bolsonaro-Ciro-868x644-1-e1616073839500.jpeg\",\"width\":668,\"height\":496,\"caption\":\"Presidente Jair Bolsonaro com os presidentes eleitos do Senado, Rodrigo Pacheco e da C\u00e2mara dos Deputados, Arthur Lira. S\u00e9rgio Lima\\\/Poder360 03.02.2021\"},{\"@type\":\"BreadcrumbList\",\"@id\":\"https:\\\/\\\/blogdofarnesio.com.br\\\/2021\\\/05\\\/mais-de-50-dizem-que-nao-votariam-em-bolsonaro-de-jeito-nenhum-em-2022\\\/#breadcrumb\",\"itemListElement\":[{\"@type\":\"ListItem\",\"position\":1,\"name\":\"In\u00edcio\",\"item\":\"https:\\\/\\\/blogdofarnesio.com.br\\\/\"},{\"@type\":\"ListItem\",\"position\":2,\"name\":\"Mais de 50% dizem que n\u00e3o votariam em Bolsonaro de jeito nenhum em 2022\"}]},{\"@type\":\"WebSite\",\"@id\":\"https:\\\/\\\/blogdofarnesio.com.br\\\/#website\",\"url\":\"https:\\\/\\\/blogdofarnesio.com.br\\\/\",\"name\":\"Blog do Farn\u00e9sio\",\"description\":\"Quer Saber Pol\u00edtica?\",\"publisher\":{\"@id\":\"https:\\\/\\\/blogdofarnesio.com.br\\\/#organization\"},\"potentialAction\":[{\"@type\":\"SearchAction\",\"target\":{\"@type\":\"EntryPoint\",\"urlTemplate\":\"https:\\\/\\\/blogdofarnesio.com.br\\\/?s={search_term_string}\"},\"query-input\":{\"@type\":\"PropertyValueSpecification\",\"valueRequired\":true,\"valueName\":\"search_term_string\"}}],\"inLanguage\":\"pt-BR\"},{\"@type\":\"Organization\",\"@id\":\"https:\\\/\\\/blogdofarnesio.com.br\\\/#organization\",\"name\":\"Blog do Farn\u00e9sio\",\"url\":\"https:\\\/\\\/blogdofarnesio.com.br\\\/\",\"logo\":{\"@type\":\"ImageObject\",\"inLanguage\":\"pt-BR\",\"@id\":\"https:\\\/\\\/blogdofarnesio.com.br\\\/#\\\/schema\\\/logo\\\/image\\\/\",\"url\":\"https:\\\/\\\/blogdofarnesio.com.br\\\/wp-content\\\/uploads\\\/2026\\\/03\\\/cropped-logo_new-1.png\",\"contentUrl\":\"https:\\\/\\\/blogdofarnesio.com.br\\\/wp-content\\\/uploads\\\/2026\\\/03\\\/cropped-logo_new-1.png\",\"width\":881,\"height\":685,\"caption\":\"Blog do Farn\u00e9sio\"},\"image\":{\"@id\":\"https:\\\/\\\/blogdofarnesio.com.br\\\/#\\\/schema\\\/logo\\\/image\\\/\"},\"sameAs\":[\"https:\\\/\\\/www.facebook.com\\\/BlogQuerSaberPolitica\\\/\"]},{\"@type\":\"Person\",\"@id\":\"https:\\\/\\\/blogdofarnesio.com.br\\\/#\\\/schema\\\/person\\\/301c4acf522bccbfdb45af95b5b906a1\",\"name\":\"Farn\u00e9sio\",\"image\":{\"@type\":\"ImageObject\",\"inLanguage\":\"pt-BR\",\"@id\":\"https:\\\/\\\/secure.gravatar.com\\\/avatar\\\/df0c9a14567c056f8ad6876ba5bbd1e3e2c48023eb6807342fc4663adf549f38?s=96&d=mm&r=g\",\"url\":\"https:\\\/\\\/secure.gravatar.com\\\/avatar\\\/df0c9a14567c056f8ad6876ba5bbd1e3e2c48023eb6807342fc4663adf549f38?s=96&d=mm&r=g\",\"contentUrl\":\"https:\\\/\\\/secure.gravatar.com\\\/avatar\\\/df0c9a14567c056f8ad6876ba5bbd1e3e2c48023eb6807342fc4663adf549f38?s=96&d=mm&r=g\",\"caption\":\"Farn\u00e9sio\"},\"sameAs\":[\"https:\\\/\\\/quersaberpolitica.com.br\"],\"url\":\"https:\\\/\\\/blogdofarnesio.com.br\\\/author\\\/farnesio\\\/\"}]}<\/script>\n<!-- \/ Yoast SEO plugin. -->","yoast_head_json":{"title":"Mais de 50% dizem que n\u00e3o votariam em Bolsonaro de jeito nenhum em 2022 - Blog do Farn\u00e9sio","robots":{"index":"index","follow":"follow","max-snippet":"max-snippet:-1","max-image-preview":"max-image-preview:large","max-video-preview":"max-video-preview:-1"},"canonical":"https:\/\/blogdofarnesio.com.br\/2021\/05\/mais-de-50-dizem-que-nao-votariam-em-bolsonaro-de-jeito-nenhum-em-2022\/","og_locale":"pt_BR","og_type":"article","og_title":"Mais de 50% dizem que n\u00e3o votariam em Bolsonaro de jeito nenhum em 2022 - Blog do Farn\u00e9sio","og_description":"por Folhapress &#8211; Para se reeleger no ano que vem, o presidente Jair Bolsonaro (sem partido) tamb\u00e9m ter\u00e1 de enfrentar um alto \u00edndice de rejei\u00e7\u00e3o, que ultrapassa metade do eleitorado e poder\u00e1 ser um complicador, especialmente em um segundo turno. Dentre os entrevistados pelo Datafolha, 54% dizem que jamais votariam nele. A rejei\u00e7\u00e3o do ex-presidente Lula \u00e9 a segunda maior, com 36%, seguida pelas de Jo\u00e3o Doria (30%), Luciano Huck (29%), Sergio Moro (26%) e Ciro Gomes (24%). O levantamento foi realizado com 2.071 pessoas, de forma presencial, em 146 munic\u00edpios, nos dias 11 e 12 de maio. A margem de erro \u00e9 de dois pontos percentuais. Pouco mais de dois meses ap\u00f3s ter seus direitos pol\u00edticos restabelecidos, Lula lidera&hellip;","og_url":"https:\/\/blogdofarnesio.com.br\/2021\/05\/mais-de-50-dizem-que-nao-votariam-em-bolsonaro-de-jeito-nenhum-em-2022\/","og_site_name":"Blog do Farn\u00e9sio","article_publisher":"https:\/\/www.facebook.com\/BlogQuerSaberPolitica\/","article_published_time":"2021-05-13T14:23:27+00:00","og_image":[{"width":668,"height":496,"url":"https:\/\/blogdofarnesio.com.br\/wp-content\/uploads\/2021\/03\/blogqspLula-Bolsonaro-Ciro-868x644-1-e1616073839500.jpeg","type":"image\/jpeg"}],"author":"Farn\u00e9sio","twitter_card":"summary_large_image","twitter_misc":{"Escrito por":"Farn\u00e9sio","Est. tempo de leitura":"2 minutos"},"schema":{"@context":"https:\/\/schema.org","@graph":[{"@type":"Article","@id":"https:\/\/blogdofarnesio.com.br\/2021\/05\/mais-de-50-dizem-que-nao-votariam-em-bolsonaro-de-jeito-nenhum-em-2022\/#article","isPartOf":{"@id":"https:\/\/blogdofarnesio.com.br\/2021\/05\/mais-de-50-dizem-que-nao-votariam-em-bolsonaro-de-jeito-nenhum-em-2022\/"},"author":{"name":"Farn\u00e9sio","@id":"https:\/\/blogdofarnesio.com.br\/#\/schema\/person\/301c4acf522bccbfdb45af95b5b906a1"},"headline":"Mais de 50% dizem que n\u00e3o votariam em Bolsonaro de jeito nenhum em 2022","datePublished":"2021-05-13T14:23:27+00:00","mainEntityOfPage":{"@id":"https:\/\/blogdofarnesio.com.br\/2021\/05\/mais-de-50-dizem-que-nao-votariam-em-bolsonaro-de-jeito-nenhum-em-2022\/"},"wordCount":399,"publisher":{"@id":"https:\/\/blogdofarnesio.com.br\/#organization"},"image":{"@id":"https:\/\/blogdofarnesio.com.br\/2021\/05\/mais-de-50-dizem-que-nao-votariam-em-bolsonaro-de-jeito-nenhum-em-2022\/#primaryimage"},"thumbnailUrl":"https:\/\/blogdofarnesio.com.br\/wp-content\/uploads\/2021\/03\/blogqspLula-Bolsonaro-Ciro-868x644-1-e1616073839500.jpeg","articleSection":["Pol\u00edtica"],"inLanguage":"pt-BR"},{"@type":"WebPage","@id":"https:\/\/blogdofarnesio.com.br\/2021\/05\/mais-de-50-dizem-que-nao-votariam-em-bolsonaro-de-jeito-nenhum-em-2022\/","url":"https:\/\/blogdofarnesio.com.br\/2021\/05\/mais-de-50-dizem-que-nao-votariam-em-bolsonaro-de-jeito-nenhum-em-2022\/","name":"Mais de 50% dizem que n\u00e3o votariam em Bolsonaro de jeito nenhum em 2022 - Blog do Farn\u00e9sio","isPartOf":{"@id":"https:\/\/blogdofarnesio.com.br\/#website"},"primaryImageOfPage":{"@id":"https:\/\/blogdofarnesio.com.br\/2021\/05\/mais-de-50-dizem-que-nao-votariam-em-bolsonaro-de-jeito-nenhum-em-2022\/#primaryimage"},"image":{"@id":"https:\/\/blogdofarnesio.com.br\/2021\/05\/mais-de-50-dizem-que-nao-votariam-em-bolsonaro-de-jeito-nenhum-em-2022\/#primaryimage"},"thumbnailUrl":"https:\/\/blogdofarnesio.com.br\/wp-content\/uploads\/2021\/03\/blogqspLula-Bolsonaro-Ciro-868x644-1-e1616073839500.jpeg","datePublished":"2021-05-13T14:23:27+00:00","breadcrumb":{"@id":"https:\/\/blogdofarnesio.com.br\/2021\/05\/mais-de-50-dizem-que-nao-votariam-em-bolsonaro-de-jeito-nenhum-em-2022\/#breadcrumb"},"inLanguage":"pt-BR","potentialAction":[{"@type":"ReadAction","target":["https:\/\/blogdofarnesio.com.br\/2021\/05\/mais-de-50-dizem-que-nao-votariam-em-bolsonaro-de-jeito-nenhum-em-2022\/"]}]},{"@type":"ImageObject","inLanguage":"pt-BR","@id":"https:\/\/blogdofarnesio.com.br\/2021\/05\/mais-de-50-dizem-que-nao-votariam-em-bolsonaro-de-jeito-nenhum-em-2022\/#primaryimage","url":"https:\/\/blogdofarnesio.com.br\/wp-content\/uploads\/2021\/03\/blogqspLula-Bolsonaro-Ciro-868x644-1-e1616073839500.jpeg","contentUrl":"https:\/\/blogdofarnesio.com.br\/wp-content\/uploads\/2021\/03\/blogqspLula-Bolsonaro-Ciro-868x644-1-e1616073839500.jpeg","width":668,"height":496,"caption":"Presidente Jair Bolsonaro com os presidentes eleitos do Senado, Rodrigo Pacheco e da C\u00e2mara dos Deputados, Arthur Lira. S\u00e9rgio Lima\/Poder360 03.02.2021"},{"@type":"BreadcrumbList","@id":"https:\/\/blogdofarnesio.com.br\/2021\/05\/mais-de-50-dizem-que-nao-votariam-em-bolsonaro-de-jeito-nenhum-em-2022\/#breadcrumb","itemListElement":[{"@type":"ListItem","position":1,"name":"In\u00edcio","item":"https:\/\/blogdofarnesio.com.br\/"},{"@type":"ListItem","position":2,"name":"Mais de 50% dizem que n\u00e3o votariam em Bolsonaro de jeito nenhum em 2022"}]},{"@type":"WebSite","@id":"https:\/\/blogdofarnesio.com.br\/#website","url":"https:\/\/blogdofarnesio.com.br\/","name":"Blog do Farn\u00e9sio","description":"Quer Saber Pol\u00edtica?","publisher":{"@id":"https:\/\/blogdofarnesio.com.br\/#organization"},"potentialAction":[{"@type":"SearchAction","target":{"@type":"EntryPoint","urlTemplate":"https:\/\/blogdofarnesio.com.br\/?s={search_term_string}"},"query-input":{"@type":"PropertyValueSpecification","valueRequired":true,"valueName":"search_term_string"}}],"inLanguage":"pt-BR"},{"@type":"Organization","@id":"https:\/\/blogdofarnesio.com.br\/#organization","name":"Blog do Farn\u00e9sio","url":"https:\/\/blogdofarnesio.com.br\/","logo":{"@type":"ImageObject","inLanguage":"pt-BR","@id":"https:\/\/blogdofarnesio.com.br\/#\/schema\/logo\/image\/","url":"https:\/\/blogdofarnesio.com.br\/wp-content\/uploads\/2026\/03\/cropped-logo_new-1.png","contentUrl":"https:\/\/blogdofarnesio.com.br\/wp-content\/uploads\/2026\/03\/cropped-logo_new-1.png","width":881,"height":685,"caption":"Blog do Farn\u00e9sio"},"image":{"@id":"https:\/\/blogdofarnesio.com.br\/#\/schema\/logo\/image\/"},"sameAs":["https:\/\/www.facebook.com\/BlogQuerSaberPolitica\/"]},{"@type":"Person","@id":"https:\/\/blogdofarnesio.com.br\/#\/schema\/person\/301c4acf522bccbfdb45af95b5b906a1","name":"Farn\u00e9sio","image":{"@type":"ImageObject","inLanguage":"pt-BR","@id":"https:\/\/secure.gravatar.com\/avatar\/df0c9a14567c056f8ad6876ba5bbd1e3e2c48023eb6807342fc4663adf549f38?s=96&d=mm&r=g","url":"https:\/\/secure.gravatar.com\/avatar\/df0c9a14567c056f8ad6876ba5bbd1e3e2c48023eb6807342fc4663adf549f38?s=96&d=mm&r=g","contentUrl":"https:\/\/secure.gravatar.com\/avatar\/df0c9a14567c056f8ad6876ba5bbd1e3e2c48023eb6807342fc4663adf549f38?s=96&d=mm&r=g","caption":"Farn\u00e9sio"},"sameAs":["https:\/\/quersaberpolitica.com.br"],"url":"https:\/\/blogdofarnesio.com.br\/author\/farnesio\/"}]}},"_links":{"self":[{"href":"https:\/\/blogdofarnesio.com.br\/wp-json\/wp\/v2\/posts\/285509","targetHints":{"allow":["GET"]}}],"collection":[{"href":"https:\/\/blogdofarnesio.com.br\/wp-json\/wp\/v2\/posts"}],"about":[{"href":"https:\/\/blogdofarnesio.com.br\/wp-json\/wp\/v2\/types\/post"}],"author":[{"embeddable":true,"href":"https:\/\/blogdofarnesio.com.br\/wp-json\/wp\/v2\/users\/1"}],"replies":[{"embeddable":true,"href":"https:\/\/blogdofarnesio.com.br\/wp-json\/wp\/v2\/comments?post=285509"}],"version-history":[{"count":0,"href":"https:\/\/blogdofarnesio.com.br\/wp-json\/wp\/v2\/posts\/285509\/revisions"}],"wp:featuredmedia":[{"embeddable":true,"href":"https:\/\/blogdofarnesio.com.br\/wp-json\/wp\/v2\/media\/281203"}],"wp:attachment":[{"href":"https:\/\/blogdofarnesio.com.br\/wp-json\/wp\/v2\/media?parent=285509"}],"wp:term":[{"taxonomy":"category","embeddable":true,"href":"https:\/\/blogdofarnesio.com.br\/wp-json\/wp\/v2\/categories?post=285509"},{"taxonomy":"post_tag","embeddable":true,"href":"https:\/\/blogdofarnesio.com.br\/wp-json\/wp\/v2\/tags?post=285509"}],"curies":[{"name":"wp","href":"https:\/\/api.w.org\/{rel}","templated":true}]}}