{"id":285483,"date":"2021-05-13T10:42:02","date_gmt":"2021-05-13T13:42:02","guid":{"rendered":"http:\/\/quersaberpolitica.com.br\/2016\/?p=285483"},"modified":"2021-05-12T19:44:10","modified_gmt":"2021-05-12T22:44:10","slug":"prefeitura-de-juazeiro-vai-discutir-cidadania-lgbtqiap-na-segunda-live-do-maio-da-diversidade","status":"publish","type":"post","link":"https:\/\/blogdofarnesio.com.br\/?p=285483","title":{"rendered":"Prefeitura de Juazeiro vai discutir Cidadania LGBTQIAP+ na segunda live do Maio da Diversidade"},"content":{"rendered":"<p style=\"font-weight: 400;\">Nesta quinta-feira (13), \u00e0s 19h, a Prefeitura de Juazeiro, atrav\u00e9s da Secretaria de Desenvolvimento Social, Mulher e Diversidade (SEDES), vai transmitir a segunda live que integra a programa\u00e7\u00e3o do Maio da Diversidade. Dessa vez, o evento virtual vai abordar a Cidadania LGBTQIAP+ e o papel da fam\u00edlia no apoio a essa popula\u00e7\u00e3o. A transmiss\u00e3o estar\u00e1 dispon\u00edvel no canal da prefeitura no YouTube (<a href=\"https:\/\/www.youtube.com\/channel\/UCqr1ApNvlkko89bhpI04qRA\" data-saferedirecturl=\"https:\/\/www.google.com\/url?q=https:\/\/www.youtube.com\/channel\/UCqr1ApNvlkko89bhpI04qRA&amp;source=gmail&amp;ust=1620941263171000&amp;usg=AFQjCNFa9VtJXxSkyDiMMG_k4lNGWIFt4w\">https:\/\/www.youtube.com\/channel\/UCqr1ApNvlkko89bhpI04qRA<\/a>).<\/p>\n<p style=\"font-weight: 400;\">A atividade \u00e9 coordenada pela Diretoria de Diversidade da SEDES e contar\u00e1 com a participa\u00e7\u00e3o do produtor cultural, Edvaldo Franciolli, da representante do Coletivo Fam\u00edlias da Diversidade, Cibele Granja, e do militante da causa LGBTQIAP+, Marcos Velasch. A media\u00e7\u00e3o ser\u00e1 do assessor especial da prefeita, Devilles Sena.<\/p>\n<p style=\"font-weight: 400;\">De acordo com a diretora de Diversidade, Eva Suene, a ideia da programa\u00e7\u00e3o foi criar espa\u00e7os de discuss\u00e3o sobre os temas que atravessam a inclus\u00e3o da popula\u00e7\u00e3o LGBT na sociedade. \u201cN\u00f3s pensamos essa programa\u00e7\u00e3o com muita aten\u00e7\u00e3o e buscamos incluir a popula\u00e7\u00e3o LGBT em todas as discuss\u00f5es, especialmente nas lives, porque entendemos que esse \u00e9 o lugar de fala deles. S\u00e3o eles e suas experi\u00eancias que v\u00e3o nos ajudar a construir pol\u00edticas p\u00fablicas mais eficientes\u201d, frisa a gestora, informando que ap\u00f3s a exibi\u00e7\u00e3o, a live continuar\u00e1 dispon\u00edvel no canal da prefeitura.<\/p>\n<p style=\"font-weight: 400;\">A programa\u00e7\u00e3o do Maio da Diversidade prev\u00ea ainda a realiza\u00e7\u00e3o de mais uma roda de conversa virtual, no dia 20 de maio, \u00e0s 19h, al\u00e9m da capacita\u00e7\u00e3o de servidores e exposi\u00e7\u00e3o de artes visuais.<\/p>\n<p style=\"font-weight: 400;\"><strong>Programa\u00e7\u00e3o:<\/strong><\/p>\n<p style=\"font-weight: 400;\"><strong>De 5 a 31\/05 &#8211; Capacita\u00e7\u00e3o dos servidores da SEDES para o combate \u00e0 LGBTQIAP+ fobia.<\/strong><\/p>\n<p style=\"font-weight: 400;\">Local: SEDES<\/p>\n<p style=\"font-weight: 400;\">Sempre \u00e0s ter\u00e7as e sextas-feiras<\/p>\n<p style=\"font-weight: 400;\"><strong>07\/05 \u2013 Live com o tema \u201cSa\u00fade da popula\u00e7\u00e3o LGBTQIAP+, uma demanda urgente!\u201d.<\/strong><\/p>\n<p style=\"font-weight: 400;\">Transmiss\u00e3o virtual pelo canal da Prefeitura de Juazeiro no YouTube, \u00e0s 19h.<\/p>\n<p style=\"font-weight: 400;\"><strong>13\/05 Live com o tema \u2013 Cidadania LGBTQIAP+, respeito \u00e0 diversidade.<\/strong><\/p>\n<p style=\"font-weight: 400;\">Transmiss\u00e3o virtual pelo canal da Prefeitura de Juazeiro no YouTube, \u00e0s 19h.<\/p>\n<p style=\"font-weight: 400;\"><strong>18\/05 \u2013 Entrega do projeto de lei para cria\u00e7\u00e3o do \u201cAmbulat\u00f3rio TRANS\u201d.<\/strong><\/p>\n<p style=\"font-weight: 400;\">Local: Pa\u00e7o Municipal<\/p>\n<p style=\"font-weight: 400;\"><strong>20\/05 Live com o tema \u201cEduca\u00e7\u00e3o da popula\u00e7\u00e3o LGBTQIAP+: Agregar, manter e potencializar\u201d.<\/strong><\/p>\n<p style=\"font-weight: 400;\">Transmiss\u00e3o virtual pelo canal da Prefeitura de Juazeiro no YouTube, \u00e0s 19h.<\/p>\n<p style=\"font-weight: 400;\"><strong>26\/05 \u2013 Reuni\u00e3o com a prefeita para alinhamento da cria\u00e7\u00e3o do Centro de<\/strong><\/p>\n<p style=\"font-weight: 400;\">Atendimento LGBT e Enfrentamento \u00e0 LGBTQIAP+fobia.<\/p>\n<p style=\"font-weight: 400;\"><strong>27\/05 \u2013 Capacita\u00e7\u00e3o para o setor de seguran\u00e7a do munic\u00edpio.<\/strong><\/p>\n<p style=\"font-weight: 400;\">P\u00fablico-alvo: servidores da Guarda Municipal de CSTT<\/p>\n<p style=\"font-weight: 400;\"><strong>29 e 30\/05 Exposi\u00e7\u00e3o da pinacoteca \u201cPersona: Silhuetas que Brilham\u201d, do artista pl\u00e1stico Yehoshu\u00e1 Iahueh<\/strong><\/p>\n<p style=\"font-weight: 400;\">29\/05 \u2013 Pa\u00e7o Municipal<\/p>\n<p style=\"font-weight: 400;\">30\/05 \u2013 Jo\u00e3o Paulo II<\/p>\n<p style=\"font-weight: 400;\">9h \u00e0s 17h<\/p>\n<p style=\"font-weight: 400;\">Texto: Eneida Trindade \u2013 Assessora de Imprensa<\/p>\n","protected":false},"excerpt":{"rendered":"<p>Nesta quinta-feira (13), \u00e0s 19h, a Prefeitura de Juazeiro, atrav\u00e9s da Secretaria de Desenvolvimento Social, Mulher e Diversidade (SEDES), vai transmitir a segunda live que integra a programa\u00e7\u00e3o do Maio da Diversidade. Dessa vez, o evento virtual vai abordar a Cidadania LGBTQIAP+ e o papel da fam\u00edlia no apoio a essa popula\u00e7\u00e3o. A transmiss\u00e3o estar\u00e1 dispon\u00edvel no canal da prefeitura no YouTube (https:\/\/www.youtube.com\/channel\/UCqr1ApNvlkko89bhpI04qRA). A atividade \u00e9 coordenada pela Diretoria de Diversidade da SEDES e contar\u00e1 com a participa\u00e7\u00e3o do produtor cultural, Edvaldo Franciolli, da representante do Coletivo Fam\u00edlias da Diversidade, Cibele Granja, e do militante da causa LGBTQIAP+, Marcos Velasch. A media\u00e7\u00e3o ser\u00e1 do assessor especial da prefeita, Devilles Sena. De acordo com a diretora de Diversidade, Eva Suene, a&hellip; <\/p>\n","protected":false},"author":1,"featured_media":285484,"comment_status":"closed","ping_status":"closed","sticky":false,"template":"","format":"standard","meta":{"_acf_changed":false,"footnotes":""},"categories":[32],"tags":[],"class_list":["post-285483","post","type-post","status-publish","format-standard","has-post-thumbnail","hentry","category-costumes"],"acf":[],"yoast_head":"<!-- This site is optimized with the Yoast SEO plugin v27.4 - https:\/\/yoast.com\/product\/yoast-seo-wordpress\/ -->\n<title>Prefeitura de Juazeiro vai discutir Cidadania LGBTQIAP+ na segunda live do Maio da Diversidade - Blog do Farn\u00e9sio<\/title>\n<meta name=\"robots\" content=\"index, follow, max-snippet:-1, max-image-preview:large, max-video-preview:-1\" \/>\n<link rel=\"canonical\" href=\"https:\/\/blogdofarnesio.com.br\/?p=285483\" \/>\n<meta property=\"og:locale\" content=\"pt_BR\" \/>\n<meta property=\"og:type\" content=\"article\" \/>\n<meta property=\"og:title\" content=\"Prefeitura de Juazeiro vai discutir Cidadania LGBTQIAP+ na segunda live do Maio da Diversidade - Blog do Farn\u00e9sio\" \/>\n<meta property=\"og:description\" content=\"Nesta quinta-feira (13), \u00e0s 19h, a Prefeitura de Juazeiro, atrav\u00e9s da Secretaria de Desenvolvimento Social, Mulher e Diversidade (SEDES), vai transmitir a segunda live que integra a programa\u00e7\u00e3o do Maio da Diversidade. Dessa vez, o evento virtual vai abordar a Cidadania LGBTQIAP+ e o papel da fam\u00edlia no apoio a essa popula\u00e7\u00e3o. A transmiss\u00e3o estar\u00e1 dispon\u00edvel no canal da prefeitura no YouTube (https:\/\/www.youtube.com\/channel\/UCqr1ApNvlkko89bhpI04qRA). A atividade \u00e9 coordenada pela Diretoria de Diversidade da SEDES e contar\u00e1 com a participa\u00e7\u00e3o do produtor cultural, Edvaldo Franciolli, da representante do Coletivo Fam\u00edlias da Diversidade, Cibele Granja, e do militante da causa LGBTQIAP+, Marcos Velasch. A media\u00e7\u00e3o ser\u00e1 do assessor especial da prefeita, Devilles Sena. De acordo com a diretora de Diversidade, Eva Suene, a&hellip;\" \/>\n<meta property=\"og:url\" content=\"https:\/\/blogdofarnesio.com.br\/?p=285483\" \/>\n<meta property=\"og:site_name\" content=\"Blog do Farn\u00e9sio\" \/>\n<meta property=\"article:publisher\" content=\"https:\/\/www.facebook.com\/BlogQuerSaberPolitica\/\" \/>\n<meta property=\"article:published_time\" content=\"2021-05-13T13:42:02+00:00\" \/>\n<meta property=\"og:image\" content=\"https:\/\/blogdofarnesio.com.br\/wp-content\/uploads\/2021\/05\/Live-2-Maio-da-Diversidade-e1620859391178.jpg\" \/>\n\t<meta property=\"og:image:width\" content=\"680\" \/>\n\t<meta property=\"og:image:height\" content=\"555\" \/>\n\t<meta property=\"og:image:type\" content=\"image\/jpeg\" \/>\n<meta name=\"author\" content=\"Farn\u00e9sio\" \/>\n<meta name=\"twitter:card\" content=\"summary_large_image\" \/>\n<meta name=\"twitter:label1\" content=\"Escrito por\" \/>\n\t<meta name=\"twitter:data1\" content=\"Farn\u00e9sio\" \/>\n\t<meta name=\"twitter:label2\" content=\"Est. tempo de leitura\" \/>\n\t<meta name=\"twitter:data2\" content=\"2 minutos\" \/>\n<script type=\"application\/ld+json\" class=\"yoast-schema-graph\">{\"@context\":\"https:\\\/\\\/schema.org\",\"@graph\":[{\"@type\":\"Article\",\"@id\":\"https:\\\/\\\/blogdofarnesio.com.br\\\/?p=285483#article\",\"isPartOf\":{\"@id\":\"https:\\\/\\\/blogdofarnesio.com.br\\\/?p=285483\"},\"author\":{\"name\":\"Farn\u00e9sio\",\"@id\":\"https:\\\/\\\/blogdofarnesio.com.br\\\/#\\\/schema\\\/person\\\/301c4acf522bccbfdb45af95b5b906a1\"},\"headline\":\"Prefeitura de Juazeiro vai discutir Cidadania LGBTQIAP+ na segunda live do Maio da Diversidade\",\"datePublished\":\"2021-05-13T13:42:02+00:00\",\"mainEntityOfPage\":{\"@id\":\"https:\\\/\\\/blogdofarnesio.com.br\\\/?p=285483\"},\"wordCount\":468,\"publisher\":{\"@id\":\"https:\\\/\\\/blogdofarnesio.com.br\\\/#organization\"},\"image\":{\"@id\":\"https:\\\/\\\/blogdofarnesio.com.br\\\/?p=285483#primaryimage\"},\"thumbnailUrl\":\"https:\\\/\\\/blogdofarnesio.com.br\\\/wp-content\\\/uploads\\\/2021\\\/05\\\/Live-2-Maio-da-Diversidade-e1620859391178.jpg\",\"articleSection\":[\"Costumes\"],\"inLanguage\":\"pt-BR\"},{\"@type\":\"WebPage\",\"@id\":\"https:\\\/\\\/blogdofarnesio.com.br\\\/?p=285483\",\"url\":\"https:\\\/\\\/blogdofarnesio.com.br\\\/?p=285483\",\"name\":\"Prefeitura de Juazeiro vai discutir Cidadania LGBTQIAP+ na segunda live do Maio da Diversidade - Blog do Farn\u00e9sio\",\"isPartOf\":{\"@id\":\"https:\\\/\\\/blogdofarnesio.com.br\\\/#website\"},\"primaryImageOfPage\":{\"@id\":\"https:\\\/\\\/blogdofarnesio.com.br\\\/?p=285483#primaryimage\"},\"image\":{\"@id\":\"https:\\\/\\\/blogdofarnesio.com.br\\\/?p=285483#primaryimage\"},\"thumbnailUrl\":\"https:\\\/\\\/blogdofarnesio.com.br\\\/wp-content\\\/uploads\\\/2021\\\/05\\\/Live-2-Maio-da-Diversidade-e1620859391178.jpg\",\"datePublished\":\"2021-05-13T13:42:02+00:00\",\"breadcrumb\":{\"@id\":\"https:\\\/\\\/blogdofarnesio.com.br\\\/?p=285483#breadcrumb\"},\"inLanguage\":\"pt-BR\",\"potentialAction\":[{\"@type\":\"ReadAction\",\"target\":[\"https:\\\/\\\/blogdofarnesio.com.br\\\/?p=285483\"]}]},{\"@type\":\"ImageObject\",\"inLanguage\":\"pt-BR\",\"@id\":\"https:\\\/\\\/blogdofarnesio.com.br\\\/?p=285483#primaryimage\",\"url\":\"https:\\\/\\\/blogdofarnesio.com.br\\\/wp-content\\\/uploads\\\/2021\\\/05\\\/Live-2-Maio-da-Diversidade-e1620859391178.jpg\",\"contentUrl\":\"https:\\\/\\\/blogdofarnesio.com.br\\\/wp-content\\\/uploads\\\/2021\\\/05\\\/Live-2-Maio-da-Diversidade-e1620859391178.jpg\",\"width\":680,\"height\":555},{\"@type\":\"BreadcrumbList\",\"@id\":\"https:\\\/\\\/blogdofarnesio.com.br\\\/?p=285483#breadcrumb\",\"itemListElement\":[{\"@type\":\"ListItem\",\"position\":1,\"name\":\"In\u00edcio\",\"item\":\"https:\\\/\\\/blogdofarnesio.com.br\\\/\"},{\"@type\":\"ListItem\",\"position\":2,\"name\":\"Prefeitura de Juazeiro vai discutir Cidadania LGBTQIAP+ na segunda live do Maio da Diversidade\"}]},{\"@type\":\"WebSite\",\"@id\":\"https:\\\/\\\/blogdofarnesio.com.br\\\/#website\",\"url\":\"https:\\\/\\\/blogdofarnesio.com.br\\\/\",\"name\":\"Blog do Farn\u00e9sio\",\"description\":\"Quer Saber Pol\u00edtica?\",\"publisher\":{\"@id\":\"https:\\\/\\\/blogdofarnesio.com.br\\\/#organization\"},\"potentialAction\":[{\"@type\":\"SearchAction\",\"target\":{\"@type\":\"EntryPoint\",\"urlTemplate\":\"https:\\\/\\\/blogdofarnesio.com.br\\\/?s={search_term_string}\"},\"query-input\":{\"@type\":\"PropertyValueSpecification\",\"valueRequired\":true,\"valueName\":\"search_term_string\"}}],\"inLanguage\":\"pt-BR\"},{\"@type\":\"Organization\",\"@id\":\"https:\\\/\\\/blogdofarnesio.com.br\\\/#organization\",\"name\":\"Blog do Farn\u00e9sio\",\"url\":\"https:\\\/\\\/blogdofarnesio.com.br\\\/\",\"logo\":{\"@type\":\"ImageObject\",\"inLanguage\":\"pt-BR\",\"@id\":\"https:\\\/\\\/blogdofarnesio.com.br\\\/#\\\/schema\\\/logo\\\/image\\\/\",\"url\":\"https:\\\/\\\/blogdofarnesio.com.br\\\/wp-content\\\/uploads\\\/2026\\\/03\\\/cropped-logo_new-1.png\",\"contentUrl\":\"https:\\\/\\\/blogdofarnesio.com.br\\\/wp-content\\\/uploads\\\/2026\\\/03\\\/cropped-logo_new-1.png\",\"width\":881,\"height\":685,\"caption\":\"Blog do Farn\u00e9sio\"},\"image\":{\"@id\":\"https:\\\/\\\/blogdofarnesio.com.br\\\/#\\\/schema\\\/logo\\\/image\\\/\"},\"sameAs\":[\"https:\\\/\\\/www.facebook.com\\\/BlogQuerSaberPolitica\\\/\"]},{\"@type\":\"Person\",\"@id\":\"https:\\\/\\\/blogdofarnesio.com.br\\\/#\\\/schema\\\/person\\\/301c4acf522bccbfdb45af95b5b906a1\",\"name\":\"Farn\u00e9sio\",\"image\":{\"@type\":\"ImageObject\",\"inLanguage\":\"pt-BR\",\"@id\":\"https:\\\/\\\/secure.gravatar.com\\\/avatar\\\/df0c9a14567c056f8ad6876ba5bbd1e3e2c48023eb6807342fc4663adf549f38?s=96&d=mm&r=g\",\"url\":\"https:\\\/\\\/secure.gravatar.com\\\/avatar\\\/df0c9a14567c056f8ad6876ba5bbd1e3e2c48023eb6807342fc4663adf549f38?s=96&d=mm&r=g\",\"contentUrl\":\"https:\\\/\\\/secure.gravatar.com\\\/avatar\\\/df0c9a14567c056f8ad6876ba5bbd1e3e2c48023eb6807342fc4663adf549f38?s=96&d=mm&r=g\",\"caption\":\"Farn\u00e9sio\"},\"sameAs\":[\"https:\\\/\\\/quersaberpolitica.com.br\"],\"url\":\"https:\\\/\\\/blogdofarnesio.com.br\\\/?author=1\"}]}<\/script>\n<!-- \/ Yoast SEO plugin. -->","yoast_head_json":{"title":"Prefeitura de Juazeiro vai discutir Cidadania LGBTQIAP+ na segunda live do Maio da Diversidade - Blog do Farn\u00e9sio","robots":{"index":"index","follow":"follow","max-snippet":"max-snippet:-1","max-image-preview":"max-image-preview:large","max-video-preview":"max-video-preview:-1"},"canonical":"https:\/\/blogdofarnesio.com.br\/?p=285483","og_locale":"pt_BR","og_type":"article","og_title":"Prefeitura de Juazeiro vai discutir Cidadania LGBTQIAP+ na segunda live do Maio da Diversidade - Blog do Farn\u00e9sio","og_description":"Nesta quinta-feira (13), \u00e0s 19h, a Prefeitura de Juazeiro, atrav\u00e9s da Secretaria de Desenvolvimento Social, Mulher e Diversidade (SEDES), vai transmitir a segunda live que integra a programa\u00e7\u00e3o do Maio da Diversidade. Dessa vez, o evento virtual vai abordar a Cidadania LGBTQIAP+ e o papel da fam\u00edlia no apoio a essa popula\u00e7\u00e3o. A transmiss\u00e3o estar\u00e1 dispon\u00edvel no canal da prefeitura no YouTube (https:\/\/www.youtube.com\/channel\/UCqr1ApNvlkko89bhpI04qRA). A atividade \u00e9 coordenada pela Diretoria de Diversidade da SEDES e contar\u00e1 com a participa\u00e7\u00e3o do produtor cultural, Edvaldo Franciolli, da representante do Coletivo Fam\u00edlias da Diversidade, Cibele Granja, e do militante da causa LGBTQIAP+, Marcos Velasch. A media\u00e7\u00e3o ser\u00e1 do assessor especial da prefeita, Devilles Sena. De acordo com a diretora de Diversidade, Eva Suene, a&hellip;","og_url":"https:\/\/blogdofarnesio.com.br\/?p=285483","og_site_name":"Blog do Farn\u00e9sio","article_publisher":"https:\/\/www.facebook.com\/BlogQuerSaberPolitica\/","article_published_time":"2021-05-13T13:42:02+00:00","og_image":[{"width":680,"height":555,"url":"https:\/\/blogdofarnesio.com.br\/wp-content\/uploads\/2021\/05\/Live-2-Maio-da-Diversidade-e1620859391178.jpg","type":"image\/jpeg"}],"author":"Farn\u00e9sio","twitter_card":"summary_large_image","twitter_misc":{"Escrito por":"Farn\u00e9sio","Est. tempo de leitura":"2 minutos"},"schema":{"@context":"https:\/\/schema.org","@graph":[{"@type":"Article","@id":"https:\/\/blogdofarnesio.com.br\/?p=285483#article","isPartOf":{"@id":"https:\/\/blogdofarnesio.com.br\/?p=285483"},"author":{"name":"Farn\u00e9sio","@id":"https:\/\/blogdofarnesio.com.br\/#\/schema\/person\/301c4acf522bccbfdb45af95b5b906a1"},"headline":"Prefeitura de Juazeiro vai discutir Cidadania LGBTQIAP+ na segunda live do Maio da Diversidade","datePublished":"2021-05-13T13:42:02+00:00","mainEntityOfPage":{"@id":"https:\/\/blogdofarnesio.com.br\/?p=285483"},"wordCount":468,"publisher":{"@id":"https:\/\/blogdofarnesio.com.br\/#organization"},"image":{"@id":"https:\/\/blogdofarnesio.com.br\/?p=285483#primaryimage"},"thumbnailUrl":"https:\/\/blogdofarnesio.com.br\/wp-content\/uploads\/2021\/05\/Live-2-Maio-da-Diversidade-e1620859391178.jpg","articleSection":["Costumes"],"inLanguage":"pt-BR"},{"@type":"WebPage","@id":"https:\/\/blogdofarnesio.com.br\/?p=285483","url":"https:\/\/blogdofarnesio.com.br\/?p=285483","name":"Prefeitura de Juazeiro vai discutir Cidadania LGBTQIAP+ na segunda live do Maio da Diversidade - Blog do Farn\u00e9sio","isPartOf":{"@id":"https:\/\/blogdofarnesio.com.br\/#website"},"primaryImageOfPage":{"@id":"https:\/\/blogdofarnesio.com.br\/?p=285483#primaryimage"},"image":{"@id":"https:\/\/blogdofarnesio.com.br\/?p=285483#primaryimage"},"thumbnailUrl":"https:\/\/blogdofarnesio.com.br\/wp-content\/uploads\/2021\/05\/Live-2-Maio-da-Diversidade-e1620859391178.jpg","datePublished":"2021-05-13T13:42:02+00:00","breadcrumb":{"@id":"https:\/\/blogdofarnesio.com.br\/?p=285483#breadcrumb"},"inLanguage":"pt-BR","potentialAction":[{"@type":"ReadAction","target":["https:\/\/blogdofarnesio.com.br\/?p=285483"]}]},{"@type":"ImageObject","inLanguage":"pt-BR","@id":"https:\/\/blogdofarnesio.com.br\/?p=285483#primaryimage","url":"https:\/\/blogdofarnesio.com.br\/wp-content\/uploads\/2021\/05\/Live-2-Maio-da-Diversidade-e1620859391178.jpg","contentUrl":"https:\/\/blogdofarnesio.com.br\/wp-content\/uploads\/2021\/05\/Live-2-Maio-da-Diversidade-e1620859391178.jpg","width":680,"height":555},{"@type":"BreadcrumbList","@id":"https:\/\/blogdofarnesio.com.br\/?p=285483#breadcrumb","itemListElement":[{"@type":"ListItem","position":1,"name":"In\u00edcio","item":"https:\/\/blogdofarnesio.com.br\/"},{"@type":"ListItem","position":2,"name":"Prefeitura de Juazeiro vai discutir Cidadania LGBTQIAP+ na segunda live do Maio da Diversidade"}]},{"@type":"WebSite","@id":"https:\/\/blogdofarnesio.com.br\/#website","url":"https:\/\/blogdofarnesio.com.br\/","name":"Blog do Farn\u00e9sio","description":"Quer Saber Pol\u00edtica?","publisher":{"@id":"https:\/\/blogdofarnesio.com.br\/#organization"},"potentialAction":[{"@type":"SearchAction","target":{"@type":"EntryPoint","urlTemplate":"https:\/\/blogdofarnesio.com.br\/?s={search_term_string}"},"query-input":{"@type":"PropertyValueSpecification","valueRequired":true,"valueName":"search_term_string"}}],"inLanguage":"pt-BR"},{"@type":"Organization","@id":"https:\/\/blogdofarnesio.com.br\/#organization","name":"Blog do Farn\u00e9sio","url":"https:\/\/blogdofarnesio.com.br\/","logo":{"@type":"ImageObject","inLanguage":"pt-BR","@id":"https:\/\/blogdofarnesio.com.br\/#\/schema\/logo\/image\/","url":"https:\/\/blogdofarnesio.com.br\/wp-content\/uploads\/2026\/03\/cropped-logo_new-1.png","contentUrl":"https:\/\/blogdofarnesio.com.br\/wp-content\/uploads\/2026\/03\/cropped-logo_new-1.png","width":881,"height":685,"caption":"Blog do Farn\u00e9sio"},"image":{"@id":"https:\/\/blogdofarnesio.com.br\/#\/schema\/logo\/image\/"},"sameAs":["https:\/\/www.facebook.com\/BlogQuerSaberPolitica\/"]},{"@type":"Person","@id":"https:\/\/blogdofarnesio.com.br\/#\/schema\/person\/301c4acf522bccbfdb45af95b5b906a1","name":"Farn\u00e9sio","image":{"@type":"ImageObject","inLanguage":"pt-BR","@id":"https:\/\/secure.gravatar.com\/avatar\/df0c9a14567c056f8ad6876ba5bbd1e3e2c48023eb6807342fc4663adf549f38?s=96&d=mm&r=g","url":"https:\/\/secure.gravatar.com\/avatar\/df0c9a14567c056f8ad6876ba5bbd1e3e2c48023eb6807342fc4663adf549f38?s=96&d=mm&r=g","contentUrl":"https:\/\/secure.gravatar.com\/avatar\/df0c9a14567c056f8ad6876ba5bbd1e3e2c48023eb6807342fc4663adf549f38?s=96&d=mm&r=g","caption":"Farn\u00e9sio"},"sameAs":["https:\/\/quersaberpolitica.com.br"],"url":"https:\/\/blogdofarnesio.com.br\/?author=1"}]}},"_links":{"self":[{"href":"https:\/\/blogdofarnesio.com.br\/index.php?rest_route=\/wp\/v2\/posts\/285483","targetHints":{"allow":["GET"]}}],"collection":[{"href":"https:\/\/blogdofarnesio.com.br\/index.php?rest_route=\/wp\/v2\/posts"}],"about":[{"href":"https:\/\/blogdofarnesio.com.br\/index.php?rest_route=\/wp\/v2\/types\/post"}],"author":[{"embeddable":true,"href":"https:\/\/blogdofarnesio.com.br\/index.php?rest_route=\/wp\/v2\/users\/1"}],"replies":[{"embeddable":true,"href":"https:\/\/blogdofarnesio.com.br\/index.php?rest_route=%2Fwp%2Fv2%2Fcomments&post=285483"}],"version-history":[{"count":0,"href":"https:\/\/blogdofarnesio.com.br\/index.php?rest_route=\/wp\/v2\/posts\/285483\/revisions"}],"wp:featuredmedia":[{"embeddable":true,"href":"https:\/\/blogdofarnesio.com.br\/index.php?rest_route=\/wp\/v2\/media\/285484"}],"wp:attachment":[{"href":"https:\/\/blogdofarnesio.com.br\/index.php?rest_route=%2Fwp%2Fv2%2Fmedia&parent=285483"}],"wp:term":[{"taxonomy":"category","embeddable":true,"href":"https:\/\/blogdofarnesio.com.br\/index.php?rest_route=%2Fwp%2Fv2%2Fcategories&post=285483"},{"taxonomy":"post_tag","embeddable":true,"href":"https:\/\/blogdofarnesio.com.br\/index.php?rest_route=%2Fwp%2Fv2%2Ftags&post=285483"}],"curies":[{"name":"wp","href":"https:\/\/api.w.org\/{rel}","templated":true}]}}