{"id":285480,"date":"2021-05-13T10:22:04","date_gmt":"2021-05-13T13:22:04","guid":{"rendered":"http:\/\/quersaberpolitica.com.br\/2016\/?p=285480"},"modified":"2021-05-13T09:11:26","modified_gmt":"2021-05-13T12:11:26","slug":"governo-de-pernambuco-anuncia-que-vai-convocar-aprovados-em-concursos-para-bombeiros-pm-policia-civil-e-cientifica","status":"publish","type":"post","link":"https:\/\/blogdofarnesio.com.br\/?p=285480","title":{"rendered":"Governo de Pernambuco anuncia que vai convocar aprovados em concursos para Bombeiros, PM, Pol\u00edcia Civil e Cient\u00edfica"},"content":{"rendered":"<p>O governador Paulo C\u00e2mara autoriza, em declara\u00e7\u00e3o nesta quarta-feira (12), anunciou a convoca\u00e7\u00e3o dos aprovados nos concursos para a seguran\u00e7a p\u00fablica de Pernambuco. Com a homologa\u00e7\u00e3o da resolu\u00e7\u00e3o da C\u00e2mara de Pol\u00edtica de Pessoal do Estado (CPP) pelo governador, nos pr\u00f3ximos dias, as organizadoras dos certames \u2013 IAUPE e Cebraspe \u2013 publicar\u00e3o em seus sites os editais com o cronograma de matr\u00edcula.<\/p>\n<p>Nesta etapa, <strong>ser\u00e3o convocados 1.085 candidatos remanescentes<\/strong> aprovados nos concursos, que ir\u00e3o integrar os quadros das pol\u00edcias Militar, Civil, Cient\u00edfica e Corpo de Bombeiros.<\/p>\n<p>Segundo a previs\u00e3o inicial, 750 aprovados no concurso da Pol\u00edcia Militar come\u00e7ariam o curso de forma\u00e7\u00e3o de soldados, em abril deste ano \u2013 deve durar seis meses. Tamb\u00e9m neste m\u00eas, 60 seriam convocados para curso de oficial. J\u00e1 em janeiro de 2022, est\u00e1 prevista a convoca\u00e7\u00e3o de mais 700 pessoas para a segunda turma de soldados.<\/p>\n<p>No Corpo de Bombeiros, 100 come\u00e7ariam o curso de forma\u00e7\u00e3o em abril. A dura\u00e7\u00e3o ser\u00e1 de sete meses. Vinte tamb\u00e9m seriam convocados para curso de oficial, com dura\u00e7\u00e3o de 12 meses. J\u00e1 em janeiro de 2022, mais 100 ser\u00e3o convocados para curso de forma\u00e7\u00e3o.<\/p>\n<p>Na Pol\u00edcia Civil, 50 aprovados seriam convocados para forma\u00e7\u00e3o em delegado a partir de abril. Dura\u00e7\u00e3o do curso \u00e9 de quatro meses. Em abril de 2022, mais 50 convoca\u00e7\u00f5es. Por fim, na Pol\u00edcia Cient\u00edfica, seriam 50 aprovados que far\u00e3o curso para m\u00e9dico legista. Dura\u00e7\u00e3o de quatro meses, contados a partir de abril. E 45 pessoas far\u00e3o curso para auxiliar de perito.<\/p>\n","protected":false},"excerpt":{"rendered":"<p>O governador Paulo C\u00e2mara autoriza, em declara\u00e7\u00e3o nesta quarta-feira (12), anunciou a convoca\u00e7\u00e3o dos aprovados nos concursos para a seguran\u00e7a p\u00fablica de Pernambuco. Com a homologa\u00e7\u00e3o da resolu\u00e7\u00e3o da C\u00e2mara de Pol\u00edtica de Pessoal do Estado (CPP) pelo governador, nos pr\u00f3ximos dias, as organizadoras dos certames \u2013 IAUPE e Cebraspe \u2013 publicar\u00e3o em seus sites os editais com o cronograma de matr\u00edcula. Nesta etapa, ser\u00e3o convocados 1.085 candidatos remanescentes aprovados nos concursos, que ir\u00e3o integrar os quadros das pol\u00edcias Militar, Civil, Cient\u00edfica e Corpo de Bombeiros. Segundo a previs\u00e3o inicial, 750 aprovados no concurso da Pol\u00edcia Militar come\u00e7ariam o curso de forma\u00e7\u00e3o de soldados, em abril deste ano \u2013 deve durar seis meses. Tamb\u00e9m neste m\u00eas, 60 seriam convocados para&hellip; <\/p>\n","protected":false},"author":1,"featured_media":206059,"comment_status":"closed","ping_status":"closed","sticky":false,"template":"","format":"standard","meta":{"_acf_changed":false,"footnotes":""},"categories":[31,5],"tags":[],"class_list":["post-285480","post","type-post","status-publish","format-standard","has-post-thumbnail","hentry","category-concursos","category-seguranca"],"acf":[],"yoast_head":"<!-- This site is optimized with the Yoast SEO plugin v27.4 - https:\/\/yoast.com\/product\/yoast-seo-wordpress\/ -->\n<title>Governo de Pernambuco anuncia que vai convocar aprovados em concursos para Bombeiros, PM, Pol\u00edcia Civil e Cient\u00edfica - Blog do Farn\u00e9sio<\/title>\n<meta name=\"robots\" content=\"index, follow, max-snippet:-1, max-image-preview:large, max-video-preview:-1\" \/>\n<link rel=\"canonical\" href=\"https:\/\/blogdofarnesio.com.br\/?p=285480\" \/>\n<meta property=\"og:locale\" content=\"pt_BR\" \/>\n<meta property=\"og:type\" content=\"article\" \/>\n<meta property=\"og:title\" content=\"Governo de Pernambuco anuncia que vai convocar aprovados em concursos para Bombeiros, PM, Pol\u00edcia Civil e Cient\u00edfica - Blog do Farn\u00e9sio\" \/>\n<meta property=\"og:description\" content=\"O governador Paulo C\u00e2mara autoriza, em declara\u00e7\u00e3o nesta quarta-feira (12), anunciou a convoca\u00e7\u00e3o dos aprovados nos concursos para a seguran\u00e7a p\u00fablica de Pernambuco. Com a homologa\u00e7\u00e3o da resolu\u00e7\u00e3o da C\u00e2mara de Pol\u00edtica de Pessoal do Estado (CPP) pelo governador, nos pr\u00f3ximos dias, as organizadoras dos certames \u2013 IAUPE e Cebraspe \u2013 publicar\u00e3o em seus sites os editais com o cronograma de matr\u00edcula. Nesta etapa, ser\u00e3o convocados 1.085 candidatos remanescentes aprovados nos concursos, que ir\u00e3o integrar os quadros das pol\u00edcias Militar, Civil, Cient\u00edfica e Corpo de Bombeiros. Segundo a previs\u00e3o inicial, 750 aprovados no concurso da Pol\u00edcia Militar come\u00e7ariam o curso de forma\u00e7\u00e3o de soldados, em abril deste ano \u2013 deve durar seis meses. Tamb\u00e9m neste m\u00eas, 60 seriam convocados para&hellip;\" \/>\n<meta property=\"og:url\" content=\"https:\/\/blogdofarnesio.com.br\/?p=285480\" \/>\n<meta property=\"og:site_name\" content=\"Blog do Farn\u00e9sio\" \/>\n<meta property=\"article:publisher\" content=\"https:\/\/www.facebook.com\/BlogQuerSaberPolitica\/\" \/>\n<meta property=\"article:published_time\" content=\"2021-05-13T13:22:04+00:00\" \/>\n<meta property=\"og:image\" content=\"https:\/\/blogdofarnesio.com.br\/wp-content\/uploads\/2018\/08\/blogqsppmpe.jpg\" \/>\n\t<meta property=\"og:image:width\" content=\"612\" \/>\n\t<meta property=\"og:image:height\" content=\"480\" \/>\n\t<meta property=\"og:image:type\" content=\"image\/jpeg\" \/>\n<meta name=\"author\" content=\"Farn\u00e9sio\" \/>\n<meta name=\"twitter:card\" content=\"summary_large_image\" \/>\n<meta name=\"twitter:label1\" content=\"Escrito por\" \/>\n\t<meta name=\"twitter:data1\" content=\"Farn\u00e9sio\" \/>\n\t<meta name=\"twitter:label2\" content=\"Est. tempo de leitura\" \/>\n\t<meta name=\"twitter:data2\" content=\"1 minuto\" \/>\n<script type=\"application\/ld+json\" class=\"yoast-schema-graph\">{\"@context\":\"https:\\\/\\\/schema.org\",\"@graph\":[{\"@type\":\"Article\",\"@id\":\"https:\\\/\\\/blogdofarnesio.com.br\\\/?p=285480#article\",\"isPartOf\":{\"@id\":\"https:\\\/\\\/blogdofarnesio.com.br\\\/?p=285480\"},\"author\":{\"name\":\"Farn\u00e9sio\",\"@id\":\"https:\\\/\\\/blogdofarnesio.com.br\\\/#\\\/schema\\\/person\\\/301c4acf522bccbfdb45af95b5b906a1\"},\"headline\":\"Governo de Pernambuco anuncia que vai convocar aprovados em concursos para Bombeiros, PM, Pol\u00edcia Civil e Cient\u00edfica\",\"datePublished\":\"2021-05-13T13:22:04+00:00\",\"mainEntityOfPage\":{\"@id\":\"https:\\\/\\\/blogdofarnesio.com.br\\\/?p=285480\"},\"wordCount\":287,\"publisher\":{\"@id\":\"https:\\\/\\\/blogdofarnesio.com.br\\\/#organization\"},\"image\":{\"@id\":\"https:\\\/\\\/blogdofarnesio.com.br\\\/?p=285480#primaryimage\"},\"thumbnailUrl\":\"https:\\\/\\\/blogdofarnesio.com.br\\\/wp-content\\\/uploads\\\/2018\\\/08\\\/blogqsppmpe.jpg\",\"articleSection\":[\"Concursos\",\"Seguran\u00e7a\"],\"inLanguage\":\"pt-BR\"},{\"@type\":\"WebPage\",\"@id\":\"https:\\\/\\\/blogdofarnesio.com.br\\\/?p=285480\",\"url\":\"https:\\\/\\\/blogdofarnesio.com.br\\\/?p=285480\",\"name\":\"Governo de Pernambuco anuncia que vai convocar aprovados em concursos para Bombeiros, PM, Pol\u00edcia Civil e Cient\u00edfica - Blog do Farn\u00e9sio\",\"isPartOf\":{\"@id\":\"https:\\\/\\\/blogdofarnesio.com.br\\\/#website\"},\"primaryImageOfPage\":{\"@id\":\"https:\\\/\\\/blogdofarnesio.com.br\\\/?p=285480#primaryimage\"},\"image\":{\"@id\":\"https:\\\/\\\/blogdofarnesio.com.br\\\/?p=285480#primaryimage\"},\"thumbnailUrl\":\"https:\\\/\\\/blogdofarnesio.com.br\\\/wp-content\\\/uploads\\\/2018\\\/08\\\/blogqsppmpe.jpg\",\"datePublished\":\"2021-05-13T13:22:04+00:00\",\"breadcrumb\":{\"@id\":\"https:\\\/\\\/blogdofarnesio.com.br\\\/?p=285480#breadcrumb\"},\"inLanguage\":\"pt-BR\",\"potentialAction\":[{\"@type\":\"ReadAction\",\"target\":[\"https:\\\/\\\/blogdofarnesio.com.br\\\/?p=285480\"]}]},{\"@type\":\"ImageObject\",\"inLanguage\":\"pt-BR\",\"@id\":\"https:\\\/\\\/blogdofarnesio.com.br\\\/?p=285480#primaryimage\",\"url\":\"https:\\\/\\\/blogdofarnesio.com.br\\\/wp-content\\\/uploads\\\/2018\\\/08\\\/blogqsppmpe.jpg\",\"contentUrl\":\"https:\\\/\\\/blogdofarnesio.com.br\\\/wp-content\\\/uploads\\\/2018\\\/08\\\/blogqsppmpe.jpg\",\"width\":612,\"height\":480},{\"@type\":\"BreadcrumbList\",\"@id\":\"https:\\\/\\\/blogdofarnesio.com.br\\\/?p=285480#breadcrumb\",\"itemListElement\":[{\"@type\":\"ListItem\",\"position\":1,\"name\":\"In\u00edcio\",\"item\":\"https:\\\/\\\/blogdofarnesio.com.br\\\/\"},{\"@type\":\"ListItem\",\"position\":2,\"name\":\"Governo de Pernambuco anuncia que vai convocar aprovados em concursos para Bombeiros, PM, Pol\u00edcia Civil e Cient\u00edfica\"}]},{\"@type\":\"WebSite\",\"@id\":\"https:\\\/\\\/blogdofarnesio.com.br\\\/#website\",\"url\":\"https:\\\/\\\/blogdofarnesio.com.br\\\/\",\"name\":\"Blog do Farn\u00e9sio\",\"description\":\"Quer Saber Pol\u00edtica?\",\"publisher\":{\"@id\":\"https:\\\/\\\/blogdofarnesio.com.br\\\/#organization\"},\"potentialAction\":[{\"@type\":\"SearchAction\",\"target\":{\"@type\":\"EntryPoint\",\"urlTemplate\":\"https:\\\/\\\/blogdofarnesio.com.br\\\/?s={search_term_string}\"},\"query-input\":{\"@type\":\"PropertyValueSpecification\",\"valueRequired\":true,\"valueName\":\"search_term_string\"}}],\"inLanguage\":\"pt-BR\"},{\"@type\":\"Organization\",\"@id\":\"https:\\\/\\\/blogdofarnesio.com.br\\\/#organization\",\"name\":\"Blog do Farn\u00e9sio\",\"url\":\"https:\\\/\\\/blogdofarnesio.com.br\\\/\",\"logo\":{\"@type\":\"ImageObject\",\"inLanguage\":\"pt-BR\",\"@id\":\"https:\\\/\\\/blogdofarnesio.com.br\\\/#\\\/schema\\\/logo\\\/image\\\/\",\"url\":\"https:\\\/\\\/blogdofarnesio.com.br\\\/wp-content\\\/uploads\\\/2026\\\/03\\\/cropped-logo_new-1.png\",\"contentUrl\":\"https:\\\/\\\/blogdofarnesio.com.br\\\/wp-content\\\/uploads\\\/2026\\\/03\\\/cropped-logo_new-1.png\",\"width\":881,\"height\":685,\"caption\":\"Blog do Farn\u00e9sio\"},\"image\":{\"@id\":\"https:\\\/\\\/blogdofarnesio.com.br\\\/#\\\/schema\\\/logo\\\/image\\\/\"},\"sameAs\":[\"https:\\\/\\\/www.facebook.com\\\/BlogQuerSaberPolitica\\\/\"]},{\"@type\":\"Person\",\"@id\":\"https:\\\/\\\/blogdofarnesio.com.br\\\/#\\\/schema\\\/person\\\/301c4acf522bccbfdb45af95b5b906a1\",\"name\":\"Farn\u00e9sio\",\"image\":{\"@type\":\"ImageObject\",\"inLanguage\":\"pt-BR\",\"@id\":\"https:\\\/\\\/secure.gravatar.com\\\/avatar\\\/df0c9a14567c056f8ad6876ba5bbd1e3e2c48023eb6807342fc4663adf549f38?s=96&d=mm&r=g\",\"url\":\"https:\\\/\\\/secure.gravatar.com\\\/avatar\\\/df0c9a14567c056f8ad6876ba5bbd1e3e2c48023eb6807342fc4663adf549f38?s=96&d=mm&r=g\",\"contentUrl\":\"https:\\\/\\\/secure.gravatar.com\\\/avatar\\\/df0c9a14567c056f8ad6876ba5bbd1e3e2c48023eb6807342fc4663adf549f38?s=96&d=mm&r=g\",\"caption\":\"Farn\u00e9sio\"},\"sameAs\":[\"https:\\\/\\\/quersaberpolitica.com.br\"],\"url\":\"https:\\\/\\\/blogdofarnesio.com.br\\\/?author=1\"}]}<\/script>\n<!-- \/ Yoast SEO plugin. -->","yoast_head_json":{"title":"Governo de Pernambuco anuncia que vai convocar aprovados em concursos para Bombeiros, PM, Pol\u00edcia Civil e Cient\u00edfica - Blog do Farn\u00e9sio","robots":{"index":"index","follow":"follow","max-snippet":"max-snippet:-1","max-image-preview":"max-image-preview:large","max-video-preview":"max-video-preview:-1"},"canonical":"https:\/\/blogdofarnesio.com.br\/?p=285480","og_locale":"pt_BR","og_type":"article","og_title":"Governo de Pernambuco anuncia que vai convocar aprovados em concursos para Bombeiros, PM, Pol\u00edcia Civil e Cient\u00edfica - Blog do Farn\u00e9sio","og_description":"O governador Paulo C\u00e2mara autoriza, em declara\u00e7\u00e3o nesta quarta-feira (12), anunciou a convoca\u00e7\u00e3o dos aprovados nos concursos para a seguran\u00e7a p\u00fablica de Pernambuco. Com a homologa\u00e7\u00e3o da resolu\u00e7\u00e3o da C\u00e2mara de Pol\u00edtica de Pessoal do Estado (CPP) pelo governador, nos pr\u00f3ximos dias, as organizadoras dos certames \u2013 IAUPE e Cebraspe \u2013 publicar\u00e3o em seus sites os editais com o cronograma de matr\u00edcula. Nesta etapa, ser\u00e3o convocados 1.085 candidatos remanescentes aprovados nos concursos, que ir\u00e3o integrar os quadros das pol\u00edcias Militar, Civil, Cient\u00edfica e Corpo de Bombeiros. Segundo a previs\u00e3o inicial, 750 aprovados no concurso da Pol\u00edcia Militar come\u00e7ariam o curso de forma\u00e7\u00e3o de soldados, em abril deste ano \u2013 deve durar seis meses. Tamb\u00e9m neste m\u00eas, 60 seriam convocados para&hellip;","og_url":"https:\/\/blogdofarnesio.com.br\/?p=285480","og_site_name":"Blog do Farn\u00e9sio","article_publisher":"https:\/\/www.facebook.com\/BlogQuerSaberPolitica\/","article_published_time":"2021-05-13T13:22:04+00:00","og_image":[{"width":612,"height":480,"url":"https:\/\/blogdofarnesio.com.br\/wp-content\/uploads\/2018\/08\/blogqsppmpe.jpg","type":"image\/jpeg"}],"author":"Farn\u00e9sio","twitter_card":"summary_large_image","twitter_misc":{"Escrito por":"Farn\u00e9sio","Est. tempo de leitura":"1 minuto"},"schema":{"@context":"https:\/\/schema.org","@graph":[{"@type":"Article","@id":"https:\/\/blogdofarnesio.com.br\/?p=285480#article","isPartOf":{"@id":"https:\/\/blogdofarnesio.com.br\/?p=285480"},"author":{"name":"Farn\u00e9sio","@id":"https:\/\/blogdofarnesio.com.br\/#\/schema\/person\/301c4acf522bccbfdb45af95b5b906a1"},"headline":"Governo de Pernambuco anuncia que vai convocar aprovados em concursos para Bombeiros, PM, Pol\u00edcia Civil e Cient\u00edfica","datePublished":"2021-05-13T13:22:04+00:00","mainEntityOfPage":{"@id":"https:\/\/blogdofarnesio.com.br\/?p=285480"},"wordCount":287,"publisher":{"@id":"https:\/\/blogdofarnesio.com.br\/#organization"},"image":{"@id":"https:\/\/blogdofarnesio.com.br\/?p=285480#primaryimage"},"thumbnailUrl":"https:\/\/blogdofarnesio.com.br\/wp-content\/uploads\/2018\/08\/blogqsppmpe.jpg","articleSection":["Concursos","Seguran\u00e7a"],"inLanguage":"pt-BR"},{"@type":"WebPage","@id":"https:\/\/blogdofarnesio.com.br\/?p=285480","url":"https:\/\/blogdofarnesio.com.br\/?p=285480","name":"Governo de Pernambuco anuncia que vai convocar aprovados em concursos para Bombeiros, PM, Pol\u00edcia Civil e Cient\u00edfica - Blog do Farn\u00e9sio","isPartOf":{"@id":"https:\/\/blogdofarnesio.com.br\/#website"},"primaryImageOfPage":{"@id":"https:\/\/blogdofarnesio.com.br\/?p=285480#primaryimage"},"image":{"@id":"https:\/\/blogdofarnesio.com.br\/?p=285480#primaryimage"},"thumbnailUrl":"https:\/\/blogdofarnesio.com.br\/wp-content\/uploads\/2018\/08\/blogqsppmpe.jpg","datePublished":"2021-05-13T13:22:04+00:00","breadcrumb":{"@id":"https:\/\/blogdofarnesio.com.br\/?p=285480#breadcrumb"},"inLanguage":"pt-BR","potentialAction":[{"@type":"ReadAction","target":["https:\/\/blogdofarnesio.com.br\/?p=285480"]}]},{"@type":"ImageObject","inLanguage":"pt-BR","@id":"https:\/\/blogdofarnesio.com.br\/?p=285480#primaryimage","url":"https:\/\/blogdofarnesio.com.br\/wp-content\/uploads\/2018\/08\/blogqsppmpe.jpg","contentUrl":"https:\/\/blogdofarnesio.com.br\/wp-content\/uploads\/2018\/08\/blogqsppmpe.jpg","width":612,"height":480},{"@type":"BreadcrumbList","@id":"https:\/\/blogdofarnesio.com.br\/?p=285480#breadcrumb","itemListElement":[{"@type":"ListItem","position":1,"name":"In\u00edcio","item":"https:\/\/blogdofarnesio.com.br\/"},{"@type":"ListItem","position":2,"name":"Governo de Pernambuco anuncia que vai convocar aprovados em concursos para Bombeiros, PM, Pol\u00edcia Civil e Cient\u00edfica"}]},{"@type":"WebSite","@id":"https:\/\/blogdofarnesio.com.br\/#website","url":"https:\/\/blogdofarnesio.com.br\/","name":"Blog do Farn\u00e9sio","description":"Quer Saber Pol\u00edtica?","publisher":{"@id":"https:\/\/blogdofarnesio.com.br\/#organization"},"potentialAction":[{"@type":"SearchAction","target":{"@type":"EntryPoint","urlTemplate":"https:\/\/blogdofarnesio.com.br\/?s={search_term_string}"},"query-input":{"@type":"PropertyValueSpecification","valueRequired":true,"valueName":"search_term_string"}}],"inLanguage":"pt-BR"},{"@type":"Organization","@id":"https:\/\/blogdofarnesio.com.br\/#organization","name":"Blog do Farn\u00e9sio","url":"https:\/\/blogdofarnesio.com.br\/","logo":{"@type":"ImageObject","inLanguage":"pt-BR","@id":"https:\/\/blogdofarnesio.com.br\/#\/schema\/logo\/image\/","url":"https:\/\/blogdofarnesio.com.br\/wp-content\/uploads\/2026\/03\/cropped-logo_new-1.png","contentUrl":"https:\/\/blogdofarnesio.com.br\/wp-content\/uploads\/2026\/03\/cropped-logo_new-1.png","width":881,"height":685,"caption":"Blog do Farn\u00e9sio"},"image":{"@id":"https:\/\/blogdofarnesio.com.br\/#\/schema\/logo\/image\/"},"sameAs":["https:\/\/www.facebook.com\/BlogQuerSaberPolitica\/"]},{"@type":"Person","@id":"https:\/\/blogdofarnesio.com.br\/#\/schema\/person\/301c4acf522bccbfdb45af95b5b906a1","name":"Farn\u00e9sio","image":{"@type":"ImageObject","inLanguage":"pt-BR","@id":"https:\/\/secure.gravatar.com\/avatar\/df0c9a14567c056f8ad6876ba5bbd1e3e2c48023eb6807342fc4663adf549f38?s=96&d=mm&r=g","url":"https:\/\/secure.gravatar.com\/avatar\/df0c9a14567c056f8ad6876ba5bbd1e3e2c48023eb6807342fc4663adf549f38?s=96&d=mm&r=g","contentUrl":"https:\/\/secure.gravatar.com\/avatar\/df0c9a14567c056f8ad6876ba5bbd1e3e2c48023eb6807342fc4663adf549f38?s=96&d=mm&r=g","caption":"Farn\u00e9sio"},"sameAs":["https:\/\/quersaberpolitica.com.br"],"url":"https:\/\/blogdofarnesio.com.br\/?author=1"}]}},"_links":{"self":[{"href":"https:\/\/blogdofarnesio.com.br\/index.php?rest_route=\/wp\/v2\/posts\/285480","targetHints":{"allow":["GET"]}}],"collection":[{"href":"https:\/\/blogdofarnesio.com.br\/index.php?rest_route=\/wp\/v2\/posts"}],"about":[{"href":"https:\/\/blogdofarnesio.com.br\/index.php?rest_route=\/wp\/v2\/types\/post"}],"author":[{"embeddable":true,"href":"https:\/\/blogdofarnesio.com.br\/index.php?rest_route=\/wp\/v2\/users\/1"}],"replies":[{"embeddable":true,"href":"https:\/\/blogdofarnesio.com.br\/index.php?rest_route=%2Fwp%2Fv2%2Fcomments&post=285480"}],"version-history":[{"count":0,"href":"https:\/\/blogdofarnesio.com.br\/index.php?rest_route=\/wp\/v2\/posts\/285480\/revisions"}],"wp:featuredmedia":[{"embeddable":true,"href":"https:\/\/blogdofarnesio.com.br\/index.php?rest_route=\/wp\/v2\/media\/206059"}],"wp:attachment":[{"href":"https:\/\/blogdofarnesio.com.br\/index.php?rest_route=%2Fwp%2Fv2%2Fmedia&parent=285480"}],"wp:term":[{"taxonomy":"category","embeddable":true,"href":"https:\/\/blogdofarnesio.com.br\/index.php?rest_route=%2Fwp%2Fv2%2Fcategories&post=285480"},{"taxonomy":"post_tag","embeddable":true,"href":"https:\/\/blogdofarnesio.com.br\/index.php?rest_route=%2Fwp%2Fv2%2Ftags&post=285480"}],"curies":[{"name":"wp","href":"https:\/\/api.w.org\/{rel}","templated":true}]}}