{"id":285252,"date":"2021-05-10T09:40:26","date_gmt":"2021-05-10T12:40:26","guid":{"rendered":"http:\/\/quersaberpolitica.com.br\/2016\/?p=285252"},"modified":"2021-05-10T09:33:45","modified_gmt":"2021-05-10T12:33:45","slug":"juazeiro-prorroga-medidas-restritivas-no-municipio","status":"publish","type":"post","link":"https:\/\/blogdofarnesio.com.br\/?p=285252","title":{"rendered":"Juazeiro prorroga medidas restritivas no munic\u00edpio"},"content":{"rendered":"<p dir=\"ltr\">Em acordo com \u00faltimo decreto estadual publicado neste domingo (9), a Prefeitura de Juazeiro decidiu acatar e prorrogar as medidas restritivas no munic\u00edpio at\u00e9 o dia 17 de maio, das 21h \u00e0s 5h da manh\u00e3. Continua vedada a venda de bebida alco\u00f3lica das 18h de 14 de maio at\u00e9 \u00e0s 05h de 17 de maio de 2021, em quaisquer estabelecimentos, inclusive por sistema de entrega em domic\u00edlio (delivery).<\/p>\n<p dir=\"ltr\">Tamb\u00e9m seguem proibidas a pr\u00e1tica de quaisquer atividades esportivas coletivas amadoras, sendo permitidas as pr\u00e1ticas individuais, desde que n\u00e3o gerem aglomera\u00e7\u00f5es. At\u00e9 o dia 17 de maio continua suspensa a realiza\u00e7\u00e3o de eventos, atividades, shows e festas, independentemente do n\u00famero de participantes.<\/p>\n<p dir=\"ltr\"><strong>Academias<\/strong><\/p>\n<p dir=\"ltr\">Podem funcionar desde que limitem a ocupa\u00e7\u00e3o ao m\u00e1ximo de 50% (cinquenta por cento) da capacidade do local, observados os protocolos sanit\u00e1rios estabelecidos.<\/p>\n<p dir=\"ltr\"><strong>Atos religiosos<\/strong><\/p>\n<p dir=\"ltr\">Est\u00e3o permitidos desde que respeitados os protocolos de seguran\u00e7a, como uso obrigat\u00f3rio de m\u00e1scaras e \u00e1lcool gel e o distanciamento social, al\u00e9m de ventila\u00e7\u00e3o cruzada nos locais de realiza\u00e7\u00e3o dos cultos. &#8212;<\/p>\n<p>&nbsp;<\/p>\n<p dir=\"ltr\">Texto: Ed\u00edsia Santos \u2013 Ascom\/PMJ<\/p>\n","protected":false},"excerpt":{"rendered":"<p>Em acordo com \u00faltimo decreto estadual publicado neste domingo (9), a Prefeitura de Juazeiro decidiu acatar e prorrogar as medidas restritivas no munic\u00edpio at\u00e9 o dia 17 de maio, das 21h \u00e0s 5h da manh\u00e3. Continua vedada a venda de bebida alco\u00f3lica das 18h de 14 de maio at\u00e9 \u00e0s 05h de 17 de maio de 2021, em quaisquer estabelecimentos, inclusive por sistema de entrega em domic\u00edlio (delivery). Tamb\u00e9m seguem proibidas a pr\u00e1tica de quaisquer atividades esportivas coletivas amadoras, sendo permitidas as pr\u00e1ticas individuais, desde que n\u00e3o gerem aglomera\u00e7\u00f5es. At\u00e9 o dia 17 de maio continua suspensa a realiza\u00e7\u00e3o de eventos, atividades, shows e festas, independentemente do n\u00famero de participantes. Academias Podem funcionar desde que limitem a ocupa\u00e7\u00e3o ao m\u00e1ximo&hellip; <\/p>\n","protected":false},"author":1,"featured_media":179250,"comment_status":"closed","ping_status":"closed","sticky":false,"template":"","format":"standard","meta":{"_acf_changed":false,"footnotes":""},"categories":[5],"tags":[],"class_list":["post-285252","post","type-post","status-publish","format-standard","has-post-thumbnail","hentry","category-seguranca"],"acf":[],"yoast_head":"<!-- This site is optimized with the Yoast SEO plugin v27.4 - https:\/\/yoast.com\/product\/yoast-seo-wordpress\/ -->\n<title>Juazeiro prorroga medidas restritivas no munic\u00edpio - Blog do Farn\u00e9sio<\/title>\n<meta name=\"robots\" content=\"index, follow, max-snippet:-1, max-image-preview:large, max-video-preview:-1\" \/>\n<link rel=\"canonical\" href=\"https:\/\/blogdofarnesio.com.br\/?p=285252\" \/>\n<meta property=\"og:locale\" content=\"pt_BR\" \/>\n<meta property=\"og:type\" content=\"article\" \/>\n<meta property=\"og:title\" content=\"Juazeiro prorroga medidas restritivas no munic\u00edpio - Blog do Farn\u00e9sio\" \/>\n<meta property=\"og:description\" content=\"Em acordo com \u00faltimo decreto estadual publicado neste domingo (9), a Prefeitura de Juazeiro decidiu acatar e prorrogar as medidas restritivas no munic\u00edpio at\u00e9 o dia 17 de maio, das 21h \u00e0s 5h da manh\u00e3. Continua vedada a venda de bebida alco\u00f3lica das 18h de 14 de maio at\u00e9 \u00e0s 05h de 17 de maio de 2021, em quaisquer estabelecimentos, inclusive por sistema de entrega em domic\u00edlio (delivery). Tamb\u00e9m seguem proibidas a pr\u00e1tica de quaisquer atividades esportivas coletivas amadoras, sendo permitidas as pr\u00e1ticas individuais, desde que n\u00e3o gerem aglomera\u00e7\u00f5es. At\u00e9 o dia 17 de maio continua suspensa a realiza\u00e7\u00e3o de eventos, atividades, shows e festas, independentemente do n\u00famero de participantes. Academias Podem funcionar desde que limitem a ocupa\u00e7\u00e3o ao m\u00e1ximo&hellip;\" \/>\n<meta property=\"og:url\" content=\"https:\/\/blogdofarnesio.com.br\/?p=285252\" \/>\n<meta property=\"og:site_name\" content=\"Blog do Farn\u00e9sio\" \/>\n<meta property=\"article:publisher\" content=\"https:\/\/www.facebook.com\/BlogQuerSaberPolitica\/\" \/>\n<meta property=\"article:published_time\" content=\"2021-05-10T12:40:26+00:00\" \/>\n<meta property=\"og:image\" content=\"https:\/\/blogdofarnesio.com.br\/wp-content\/uploads\/2017\/10\/Blogqspprorrogadoprazo-e1508349664517.png\" \/>\n\t<meta property=\"og:image:width\" content=\"626\" \/>\n\t<meta property=\"og:image:height\" content=\"341\" \/>\n\t<meta property=\"og:image:type\" content=\"image\/png\" \/>\n<meta name=\"author\" content=\"Farn\u00e9sio\" \/>\n<meta name=\"twitter:card\" content=\"summary_large_image\" \/>\n<meta name=\"twitter:label1\" content=\"Escrito por\" \/>\n\t<meta name=\"twitter:data1\" content=\"Farn\u00e9sio\" \/>\n\t<meta name=\"twitter:label2\" content=\"Est. tempo de leitura\" \/>\n\t<meta name=\"twitter:data2\" content=\"1 minuto\" \/>\n<script type=\"application\/ld+json\" class=\"yoast-schema-graph\">{\"@context\":\"https:\\\/\\\/schema.org\",\"@graph\":[{\"@type\":\"Article\",\"@id\":\"https:\\\/\\\/blogdofarnesio.com.br\\\/?p=285252#article\",\"isPartOf\":{\"@id\":\"https:\\\/\\\/blogdofarnesio.com.br\\\/?p=285252\"},\"author\":{\"name\":\"Farn\u00e9sio\",\"@id\":\"https:\\\/\\\/blogdofarnesio.com.br\\\/#\\\/schema\\\/person\\\/301c4acf522bccbfdb45af95b5b906a1\"},\"headline\":\"Juazeiro prorroga medidas restritivas no munic\u00edpio\",\"datePublished\":\"2021-05-10T12:40:26+00:00\",\"mainEntityOfPage\":{\"@id\":\"https:\\\/\\\/blogdofarnesio.com.br\\\/?p=285252\"},\"wordCount\":195,\"publisher\":{\"@id\":\"https:\\\/\\\/blogdofarnesio.com.br\\\/#organization\"},\"image\":{\"@id\":\"https:\\\/\\\/blogdofarnesio.com.br\\\/?p=285252#primaryimage\"},\"thumbnailUrl\":\"https:\\\/\\\/blogdofarnesio.com.br\\\/wp-content\\\/uploads\\\/2017\\\/10\\\/Blogqspprorrogadoprazo-e1508349664517.png\",\"articleSection\":[\"Seguran\u00e7a\"],\"inLanguage\":\"pt-BR\"},{\"@type\":\"WebPage\",\"@id\":\"https:\\\/\\\/blogdofarnesio.com.br\\\/?p=285252\",\"url\":\"https:\\\/\\\/blogdofarnesio.com.br\\\/?p=285252\",\"name\":\"Juazeiro prorroga medidas restritivas no munic\u00edpio - Blog do Farn\u00e9sio\",\"isPartOf\":{\"@id\":\"https:\\\/\\\/blogdofarnesio.com.br\\\/#website\"},\"primaryImageOfPage\":{\"@id\":\"https:\\\/\\\/blogdofarnesio.com.br\\\/?p=285252#primaryimage\"},\"image\":{\"@id\":\"https:\\\/\\\/blogdofarnesio.com.br\\\/?p=285252#primaryimage\"},\"thumbnailUrl\":\"https:\\\/\\\/blogdofarnesio.com.br\\\/wp-content\\\/uploads\\\/2017\\\/10\\\/Blogqspprorrogadoprazo-e1508349664517.png\",\"datePublished\":\"2021-05-10T12:40:26+00:00\",\"breadcrumb\":{\"@id\":\"https:\\\/\\\/blogdofarnesio.com.br\\\/?p=285252#breadcrumb\"},\"inLanguage\":\"pt-BR\",\"potentialAction\":[{\"@type\":\"ReadAction\",\"target\":[\"https:\\\/\\\/blogdofarnesio.com.br\\\/?p=285252\"]}]},{\"@type\":\"ImageObject\",\"inLanguage\":\"pt-BR\",\"@id\":\"https:\\\/\\\/blogdofarnesio.com.br\\\/?p=285252#primaryimage\",\"url\":\"https:\\\/\\\/blogdofarnesio.com.br\\\/wp-content\\\/uploads\\\/2017\\\/10\\\/Blogqspprorrogadoprazo-e1508349664517.png\",\"contentUrl\":\"https:\\\/\\\/blogdofarnesio.com.br\\\/wp-content\\\/uploads\\\/2017\\\/10\\\/Blogqspprorrogadoprazo-e1508349664517.png\",\"width\":626,\"height\":341},{\"@type\":\"BreadcrumbList\",\"@id\":\"https:\\\/\\\/blogdofarnesio.com.br\\\/?p=285252#breadcrumb\",\"itemListElement\":[{\"@type\":\"ListItem\",\"position\":1,\"name\":\"In\u00edcio\",\"item\":\"https:\\\/\\\/blogdofarnesio.com.br\\\/\"},{\"@type\":\"ListItem\",\"position\":2,\"name\":\"Juazeiro prorroga medidas restritivas no munic\u00edpio\"}]},{\"@type\":\"WebSite\",\"@id\":\"https:\\\/\\\/blogdofarnesio.com.br\\\/#website\",\"url\":\"https:\\\/\\\/blogdofarnesio.com.br\\\/\",\"name\":\"Blog do Farn\u00e9sio\",\"description\":\"Quer Saber Pol\u00edtica?\",\"publisher\":{\"@id\":\"https:\\\/\\\/blogdofarnesio.com.br\\\/#organization\"},\"potentialAction\":[{\"@type\":\"SearchAction\",\"target\":{\"@type\":\"EntryPoint\",\"urlTemplate\":\"https:\\\/\\\/blogdofarnesio.com.br\\\/?s={search_term_string}\"},\"query-input\":{\"@type\":\"PropertyValueSpecification\",\"valueRequired\":true,\"valueName\":\"search_term_string\"}}],\"inLanguage\":\"pt-BR\"},{\"@type\":\"Organization\",\"@id\":\"https:\\\/\\\/blogdofarnesio.com.br\\\/#organization\",\"name\":\"Blog do Farn\u00e9sio\",\"url\":\"https:\\\/\\\/blogdofarnesio.com.br\\\/\",\"logo\":{\"@type\":\"ImageObject\",\"inLanguage\":\"pt-BR\",\"@id\":\"https:\\\/\\\/blogdofarnesio.com.br\\\/#\\\/schema\\\/logo\\\/image\\\/\",\"url\":\"https:\\\/\\\/blogdofarnesio.com.br\\\/wp-content\\\/uploads\\\/2026\\\/03\\\/cropped-logo_new-1.png\",\"contentUrl\":\"https:\\\/\\\/blogdofarnesio.com.br\\\/wp-content\\\/uploads\\\/2026\\\/03\\\/cropped-logo_new-1.png\",\"width\":881,\"height\":685,\"caption\":\"Blog do Farn\u00e9sio\"},\"image\":{\"@id\":\"https:\\\/\\\/blogdofarnesio.com.br\\\/#\\\/schema\\\/logo\\\/image\\\/\"},\"sameAs\":[\"https:\\\/\\\/www.facebook.com\\\/BlogQuerSaberPolitica\\\/\"]},{\"@type\":\"Person\",\"@id\":\"https:\\\/\\\/blogdofarnesio.com.br\\\/#\\\/schema\\\/person\\\/301c4acf522bccbfdb45af95b5b906a1\",\"name\":\"Farn\u00e9sio\",\"image\":{\"@type\":\"ImageObject\",\"inLanguage\":\"pt-BR\",\"@id\":\"https:\\\/\\\/secure.gravatar.com\\\/avatar\\\/df0c9a14567c056f8ad6876ba5bbd1e3e2c48023eb6807342fc4663adf549f38?s=96&d=mm&r=g\",\"url\":\"https:\\\/\\\/secure.gravatar.com\\\/avatar\\\/df0c9a14567c056f8ad6876ba5bbd1e3e2c48023eb6807342fc4663adf549f38?s=96&d=mm&r=g\",\"contentUrl\":\"https:\\\/\\\/secure.gravatar.com\\\/avatar\\\/df0c9a14567c056f8ad6876ba5bbd1e3e2c48023eb6807342fc4663adf549f38?s=96&d=mm&r=g\",\"caption\":\"Farn\u00e9sio\"},\"sameAs\":[\"https:\\\/\\\/quersaberpolitica.com.br\"],\"url\":\"https:\\\/\\\/blogdofarnesio.com.br\\\/?author=1\"}]}<\/script>\n<!-- \/ Yoast SEO plugin. -->","yoast_head_json":{"title":"Juazeiro prorroga medidas restritivas no munic\u00edpio - Blog do Farn\u00e9sio","robots":{"index":"index","follow":"follow","max-snippet":"max-snippet:-1","max-image-preview":"max-image-preview:large","max-video-preview":"max-video-preview:-1"},"canonical":"https:\/\/blogdofarnesio.com.br\/?p=285252","og_locale":"pt_BR","og_type":"article","og_title":"Juazeiro prorroga medidas restritivas no munic\u00edpio - Blog do Farn\u00e9sio","og_description":"Em acordo com \u00faltimo decreto estadual publicado neste domingo (9), a Prefeitura de Juazeiro decidiu acatar e prorrogar as medidas restritivas no munic\u00edpio at\u00e9 o dia 17 de maio, das 21h \u00e0s 5h da manh\u00e3. Continua vedada a venda de bebida alco\u00f3lica das 18h de 14 de maio at\u00e9 \u00e0s 05h de 17 de maio de 2021, em quaisquer estabelecimentos, inclusive por sistema de entrega em domic\u00edlio (delivery). Tamb\u00e9m seguem proibidas a pr\u00e1tica de quaisquer atividades esportivas coletivas amadoras, sendo permitidas as pr\u00e1ticas individuais, desde que n\u00e3o gerem aglomera\u00e7\u00f5es. At\u00e9 o dia 17 de maio continua suspensa a realiza\u00e7\u00e3o de eventos, atividades, shows e festas, independentemente do n\u00famero de participantes. Academias Podem funcionar desde que limitem a ocupa\u00e7\u00e3o ao m\u00e1ximo&hellip;","og_url":"https:\/\/blogdofarnesio.com.br\/?p=285252","og_site_name":"Blog do Farn\u00e9sio","article_publisher":"https:\/\/www.facebook.com\/BlogQuerSaberPolitica\/","article_published_time":"2021-05-10T12:40:26+00:00","og_image":[{"width":626,"height":341,"url":"https:\/\/blogdofarnesio.com.br\/wp-content\/uploads\/2017\/10\/Blogqspprorrogadoprazo-e1508349664517.png","type":"image\/png"}],"author":"Farn\u00e9sio","twitter_card":"summary_large_image","twitter_misc":{"Escrito por":"Farn\u00e9sio","Est. tempo de leitura":"1 minuto"},"schema":{"@context":"https:\/\/schema.org","@graph":[{"@type":"Article","@id":"https:\/\/blogdofarnesio.com.br\/?p=285252#article","isPartOf":{"@id":"https:\/\/blogdofarnesio.com.br\/?p=285252"},"author":{"name":"Farn\u00e9sio","@id":"https:\/\/blogdofarnesio.com.br\/#\/schema\/person\/301c4acf522bccbfdb45af95b5b906a1"},"headline":"Juazeiro prorroga medidas restritivas no munic\u00edpio","datePublished":"2021-05-10T12:40:26+00:00","mainEntityOfPage":{"@id":"https:\/\/blogdofarnesio.com.br\/?p=285252"},"wordCount":195,"publisher":{"@id":"https:\/\/blogdofarnesio.com.br\/#organization"},"image":{"@id":"https:\/\/blogdofarnesio.com.br\/?p=285252#primaryimage"},"thumbnailUrl":"https:\/\/blogdofarnesio.com.br\/wp-content\/uploads\/2017\/10\/Blogqspprorrogadoprazo-e1508349664517.png","articleSection":["Seguran\u00e7a"],"inLanguage":"pt-BR"},{"@type":"WebPage","@id":"https:\/\/blogdofarnesio.com.br\/?p=285252","url":"https:\/\/blogdofarnesio.com.br\/?p=285252","name":"Juazeiro prorroga medidas restritivas no munic\u00edpio - Blog do Farn\u00e9sio","isPartOf":{"@id":"https:\/\/blogdofarnesio.com.br\/#website"},"primaryImageOfPage":{"@id":"https:\/\/blogdofarnesio.com.br\/?p=285252#primaryimage"},"image":{"@id":"https:\/\/blogdofarnesio.com.br\/?p=285252#primaryimage"},"thumbnailUrl":"https:\/\/blogdofarnesio.com.br\/wp-content\/uploads\/2017\/10\/Blogqspprorrogadoprazo-e1508349664517.png","datePublished":"2021-05-10T12:40:26+00:00","breadcrumb":{"@id":"https:\/\/blogdofarnesio.com.br\/?p=285252#breadcrumb"},"inLanguage":"pt-BR","potentialAction":[{"@type":"ReadAction","target":["https:\/\/blogdofarnesio.com.br\/?p=285252"]}]},{"@type":"ImageObject","inLanguage":"pt-BR","@id":"https:\/\/blogdofarnesio.com.br\/?p=285252#primaryimage","url":"https:\/\/blogdofarnesio.com.br\/wp-content\/uploads\/2017\/10\/Blogqspprorrogadoprazo-e1508349664517.png","contentUrl":"https:\/\/blogdofarnesio.com.br\/wp-content\/uploads\/2017\/10\/Blogqspprorrogadoprazo-e1508349664517.png","width":626,"height":341},{"@type":"BreadcrumbList","@id":"https:\/\/blogdofarnesio.com.br\/?p=285252#breadcrumb","itemListElement":[{"@type":"ListItem","position":1,"name":"In\u00edcio","item":"https:\/\/blogdofarnesio.com.br\/"},{"@type":"ListItem","position":2,"name":"Juazeiro prorroga medidas restritivas no munic\u00edpio"}]},{"@type":"WebSite","@id":"https:\/\/blogdofarnesio.com.br\/#website","url":"https:\/\/blogdofarnesio.com.br\/","name":"Blog do Farn\u00e9sio","description":"Quer Saber Pol\u00edtica?","publisher":{"@id":"https:\/\/blogdofarnesio.com.br\/#organization"},"potentialAction":[{"@type":"SearchAction","target":{"@type":"EntryPoint","urlTemplate":"https:\/\/blogdofarnesio.com.br\/?s={search_term_string}"},"query-input":{"@type":"PropertyValueSpecification","valueRequired":true,"valueName":"search_term_string"}}],"inLanguage":"pt-BR"},{"@type":"Organization","@id":"https:\/\/blogdofarnesio.com.br\/#organization","name":"Blog do Farn\u00e9sio","url":"https:\/\/blogdofarnesio.com.br\/","logo":{"@type":"ImageObject","inLanguage":"pt-BR","@id":"https:\/\/blogdofarnesio.com.br\/#\/schema\/logo\/image\/","url":"https:\/\/blogdofarnesio.com.br\/wp-content\/uploads\/2026\/03\/cropped-logo_new-1.png","contentUrl":"https:\/\/blogdofarnesio.com.br\/wp-content\/uploads\/2026\/03\/cropped-logo_new-1.png","width":881,"height":685,"caption":"Blog do Farn\u00e9sio"},"image":{"@id":"https:\/\/blogdofarnesio.com.br\/#\/schema\/logo\/image\/"},"sameAs":["https:\/\/www.facebook.com\/BlogQuerSaberPolitica\/"]},{"@type":"Person","@id":"https:\/\/blogdofarnesio.com.br\/#\/schema\/person\/301c4acf522bccbfdb45af95b5b906a1","name":"Farn\u00e9sio","image":{"@type":"ImageObject","inLanguage":"pt-BR","@id":"https:\/\/secure.gravatar.com\/avatar\/df0c9a14567c056f8ad6876ba5bbd1e3e2c48023eb6807342fc4663adf549f38?s=96&d=mm&r=g","url":"https:\/\/secure.gravatar.com\/avatar\/df0c9a14567c056f8ad6876ba5bbd1e3e2c48023eb6807342fc4663adf549f38?s=96&d=mm&r=g","contentUrl":"https:\/\/secure.gravatar.com\/avatar\/df0c9a14567c056f8ad6876ba5bbd1e3e2c48023eb6807342fc4663adf549f38?s=96&d=mm&r=g","caption":"Farn\u00e9sio"},"sameAs":["https:\/\/quersaberpolitica.com.br"],"url":"https:\/\/blogdofarnesio.com.br\/?author=1"}]}},"_links":{"self":[{"href":"https:\/\/blogdofarnesio.com.br\/index.php?rest_route=\/wp\/v2\/posts\/285252","targetHints":{"allow":["GET"]}}],"collection":[{"href":"https:\/\/blogdofarnesio.com.br\/index.php?rest_route=\/wp\/v2\/posts"}],"about":[{"href":"https:\/\/blogdofarnesio.com.br\/index.php?rest_route=\/wp\/v2\/types\/post"}],"author":[{"embeddable":true,"href":"https:\/\/blogdofarnesio.com.br\/index.php?rest_route=\/wp\/v2\/users\/1"}],"replies":[{"embeddable":true,"href":"https:\/\/blogdofarnesio.com.br\/index.php?rest_route=%2Fwp%2Fv2%2Fcomments&post=285252"}],"version-history":[{"count":0,"href":"https:\/\/blogdofarnesio.com.br\/index.php?rest_route=\/wp\/v2\/posts\/285252\/revisions"}],"wp:featuredmedia":[{"embeddable":true,"href":"https:\/\/blogdofarnesio.com.br\/index.php?rest_route=\/wp\/v2\/media\/179250"}],"wp:attachment":[{"href":"https:\/\/blogdofarnesio.com.br\/index.php?rest_route=%2Fwp%2Fv2%2Fmedia&parent=285252"}],"wp:term":[{"taxonomy":"category","embeddable":true,"href":"https:\/\/blogdofarnesio.com.br\/index.php?rest_route=%2Fwp%2Fv2%2Fcategories&post=285252"},{"taxonomy":"post_tag","embeddable":true,"href":"https:\/\/blogdofarnesio.com.br\/index.php?rest_route=%2Fwp%2Fv2%2Ftags&post=285252"}],"curies":[{"name":"wp","href":"https:\/\/api.w.org\/{rel}","templated":true}]}}