{"id":285227,"date":"2021-05-10T09:00:08","date_gmt":"2021-05-10T12:00:08","guid":{"rendered":"http:\/\/quersaberpolitica.com.br\/2016\/?p=285227"},"modified":"2021-05-09T18:03:16","modified_gmt":"2021-05-09T21:03:16","slug":"petrolina-amplia-vacinacao-de-comorbidos-nesta-segunda-feira","status":"publish","type":"post","link":"https:\/\/blogdofarnesio.com.br\/?p=285227","title":{"rendered":"Petrolina amplia vacina\u00e7\u00e3o de com\u00f3rbidos nesta segunda-feira"},"content":{"rendered":"<p style=\"font-weight: 400;\">A Prefeitura de Petrolina ir\u00e1 ampliar, nesta segunda-feira (10), a vacina\u00e7\u00e3o contra Covid-19 para outros grupos de pessoas que possuem comorbidades. Durante todo o dia, as equipes da Secretaria de Sa\u00fade atender\u00e3o esse p\u00fablico aplicando a primeira dose da vacina produzida pela Fiocruz\/Oxford-AstraZeneca.<\/p>\n<p style=\"font-weight: 400;\">Al\u00e9m das gestantes, pu\u00e9rperas, pessoas com doen\u00e7a renal cr\u00f4nica, pessoas com S\u00edndrome de Down, com obesidade m\u00f3rbida, transplantados e pacientes com HIV, tamb\u00e9m receber\u00e3o a vacina os seguintes grupos:<\/p>\n<ul>\n<li style=\"font-weight: 400;\">Doen\u00e7as reum\u00e1ticas imunomediadas sist\u00eamicas em atividade e em uso de dose de prednisona ou equivalente a mais que 10 mg\/dia ou recebendo pulsoterapia com cortic\u00f3ide e\/ou ciclofosfamida;<\/li>\n<li style=\"font-weight: 400;\">Indiv\u00edduos em uso de imunossupressores ou com imunodefici\u00eancias prim\u00e1rias;<\/li>\n<li style=\"font-weight: 400;\">Pacientes oncol\u00f3gicos que realizaram tratamento quimioter\u00e1pico ou radioter\u00e1pico nos \u00faltimos 6 meses;<\/li>\n<li style=\"font-weight: 400;\">Neoplasias hematol\u00f3gicas;<\/li>\n<li style=\"font-weight: 400;\">S\u00edndrome de Cushing;<\/li>\n<li style=\"font-weight: 400;\">L\u00fapus eritematoso sist\u00eamico;<\/li>\n<li style=\"font-weight: 400;\">Doen\u00e7a de Crohn;<\/li>\n<li style=\"font-weight: 400;\">Imunodefici\u00eancia prim\u00e1ria com predomin\u00e2ncia de defeitos de anticorpos;<\/li>\n<\/ul>\n<p style=\"font-weight: 400;\">Os demais grupos desta nova fase que n\u00e3o foram convocados ser\u00e3o vacinados em data a ser informada pela secretaria de sa\u00fade.<\/p>\n<p style=\"font-weight: 400;\">Para receber o imunizante \u00e9 obrigat\u00f3rio realizar o cadastro no site:\u00a0<a href=\"http:\/\/vacinacaopetrolina.tisaude.com\/\" data-saferedirecturl=\"https:\/\/www.google.com\/url?q=http:\/\/vacinacaopetrolina.tisaude.com&amp;source=gmail&amp;ust=1620675864592000&amp;usg=AFQjCNE4yc1LNAtquluR_rlScewBEd9QZw\">vacinacaopetrolina.tisaude.com<\/a>, e apresentar um laudo m\u00e9dico que comprove o pertencimento aos grupos convocados. Este laudo ficar\u00e1 retido. Al\u00e9m disso, \u00e9 preciso levar um documento de identifica\u00e7\u00e3o com foto, cart\u00e3o SUS ou CPF e comprovante de resid\u00eancia. A vacina\u00e7\u00e3o acontece em dez polos das 8h \u00e0s 17h.<\/p>\n<p style=\"font-weight: 400;\"><strong>Os pontos de vacina\u00e7\u00e3o s\u00e3o<\/strong>:<\/p>\n<p style=\"font-weight: 400;\">&#8211; IGEPREV, no Centro;<\/p>\n<p style=\"font-weight: 400;\">&#8211; SESC, no Centro;<\/p>\n<p style=\"font-weight: 400;\">&#8211; Centro de Conviv\u00eancia do Idoso Mimi Cruz, no Alto do Cocar;<\/p>\n<p style=\"font-weight: 400;\">&#8211; Escola Professora Luiza de Castro, no Jo\u00e3o de Deus;<\/p>\n<p style=\"font-weight: 400;\">&#8211; Escola Municipal Nossa Senhora Rainha dos Anjos (CAIC), na Cohab Massangano;<\/p>\n<p style=\"font-weight: 400;\">&#8211; Escola Professor Jos\u00e9 Joaquim, no Jos\u00e9 e Maria.<\/p>\n<p style=\"font-weight: 400;\">\u00a0<strong>Por meio de drive-thru:<\/strong><\/p>\n<p style=\"font-weight: 400;\">&#8211; Estacionamento da Justi\u00e7a Federal;<\/p>\n<p style=\"font-weight: 400;\">&#8211; Avenida da Integra\u00e7\u00e3o, em frente \u00e0 loja L\u00facia Gomes;<\/p>\n<p style=\"font-weight: 400;\">&#8211; Estacionamento do River Shopping; na Cohab VI, pr\u00f3ximo ao supermercado BonTempo.<\/p>\n<p style=\"font-weight: 400;\">&#8212;&#8212;&#8212;&#8211;<\/p>\n<p style=\"font-weight: 400;\">Cleilma Souza- Assessoria de Comunica\u00e7\u00e3o<\/p>\n","protected":false},"excerpt":{"rendered":"<p>A Prefeitura de Petrolina ir\u00e1 ampliar, nesta segunda-feira (10), a vacina\u00e7\u00e3o contra Covid-19 para outros grupos de pessoas que possuem comorbidades. Durante todo o dia, as equipes da Secretaria de Sa\u00fade atender\u00e3o esse p\u00fablico aplicando a primeira dose da vacina produzida pela Fiocruz\/Oxford-AstraZeneca. Al\u00e9m das gestantes, pu\u00e9rperas, pessoas com doen\u00e7a renal cr\u00f4nica, pessoas com S\u00edndrome de Down, com obesidade m\u00f3rbida, transplantados e pacientes com HIV, tamb\u00e9m receber\u00e3o a vacina os seguintes grupos: Doen\u00e7as reum\u00e1ticas imunomediadas sist\u00eamicas em atividade e em uso de dose de prednisona ou equivalente a mais que 10 mg\/dia ou recebendo pulsoterapia com cortic\u00f3ide e\/ou ciclofosfamida; Indiv\u00edduos em uso de imunossupressores ou com imunodefici\u00eancias prim\u00e1rias; Pacientes oncol\u00f3gicos que realizaram tratamento quimioter\u00e1pico ou radioter\u00e1pico nos \u00faltimos 6 meses;&hellip; <\/p>\n","protected":false},"author":1,"featured_media":281313,"comment_status":"closed","ping_status":"closed","sticky":false,"template":"","format":"standard","meta":{"_acf_changed":false,"footnotes":""},"categories":[1],"tags":[],"class_list":["post-285227","post","type-post","status-publish","format-standard","has-post-thumbnail","hentry","category-politica"],"acf":[],"yoast_head":"<!-- This site is optimized with the Yoast SEO plugin v27.4 - https:\/\/yoast.com\/product\/yoast-seo-wordpress\/ -->\n<title>Petrolina amplia vacina\u00e7\u00e3o de com\u00f3rbidos nesta segunda-feira - Blog do Farn\u00e9sio<\/title>\n<meta name=\"robots\" content=\"index, follow, max-snippet:-1, max-image-preview:large, max-video-preview:-1\" \/>\n<link rel=\"canonical\" href=\"https:\/\/blogdofarnesio.com.br\/?p=285227\" \/>\n<meta property=\"og:locale\" content=\"pt_BR\" \/>\n<meta property=\"og:type\" content=\"article\" \/>\n<meta property=\"og:title\" content=\"Petrolina amplia vacina\u00e7\u00e3o de com\u00f3rbidos nesta segunda-feira - Blog do Farn\u00e9sio\" \/>\n<meta property=\"og:description\" content=\"A Prefeitura de Petrolina ir\u00e1 ampliar, nesta segunda-feira (10), a vacina\u00e7\u00e3o contra Covid-19 para outros grupos de pessoas que possuem comorbidades. Durante todo o dia, as equipes da Secretaria de Sa\u00fade atender\u00e3o esse p\u00fablico aplicando a primeira dose da vacina produzida pela Fiocruz\/Oxford-AstraZeneca. Al\u00e9m das gestantes, pu\u00e9rperas, pessoas com doen\u00e7a renal cr\u00f4nica, pessoas com S\u00edndrome de Down, com obesidade m\u00f3rbida, transplantados e pacientes com HIV, tamb\u00e9m receber\u00e3o a vacina os seguintes grupos: Doen\u00e7as reum\u00e1ticas imunomediadas sist\u00eamicas em atividade e em uso de dose de prednisona ou equivalente a mais que 10 mg\/dia ou recebendo pulsoterapia com cortic\u00f3ide e\/ou ciclofosfamida; Indiv\u00edduos em uso de imunossupressores ou com imunodefici\u00eancias prim\u00e1rias; Pacientes oncol\u00f3gicos que realizaram tratamento quimioter\u00e1pico ou radioter\u00e1pico nos \u00faltimos 6 meses;&hellip;\" \/>\n<meta property=\"og:url\" content=\"https:\/\/blogdofarnesio.com.br\/?p=285227\" \/>\n<meta property=\"og:site_name\" content=\"Blog do Farn\u00e9sio\" \/>\n<meta property=\"article:publisher\" content=\"https:\/\/www.facebook.com\/BlogQuerSaberPolitica\/\" \/>\n<meta property=\"article:published_time\" content=\"2021-05-10T12:00:08+00:00\" \/>\n<meta property=\"og:image\" content=\"https:\/\/blogdofarnesio.com.br\/wp-content\/uploads\/2021\/03\/Vacinacao-idosos-Covid-2-e1616589709859.jpeg\" \/>\n\t<meta property=\"og:image:width\" content=\"680\" \/>\n\t<meta property=\"og:image:height\" content=\"453\" \/>\n\t<meta property=\"og:image:type\" content=\"image\/jpeg\" \/>\n<meta name=\"author\" content=\"Farn\u00e9sio\" \/>\n<meta name=\"twitter:card\" content=\"summary_large_image\" \/>\n<meta name=\"twitter:label1\" content=\"Escrito por\" \/>\n\t<meta name=\"twitter:data1\" content=\"Farn\u00e9sio\" \/>\n\t<meta name=\"twitter:label2\" content=\"Est. tempo de leitura\" \/>\n\t<meta name=\"twitter:data2\" content=\"2 minutos\" \/>\n<script type=\"application\/ld+json\" class=\"yoast-schema-graph\">{\"@context\":\"https:\\\/\\\/schema.org\",\"@graph\":[{\"@type\":\"Article\",\"@id\":\"https:\\\/\\\/blogdofarnesio.com.br\\\/?p=285227#article\",\"isPartOf\":{\"@id\":\"https:\\\/\\\/blogdofarnesio.com.br\\\/?p=285227\"},\"author\":{\"name\":\"Farn\u00e9sio\",\"@id\":\"https:\\\/\\\/blogdofarnesio.com.br\\\/#\\\/schema\\\/person\\\/301c4acf522bccbfdb45af95b5b906a1\"},\"headline\":\"Petrolina amplia vacina\u00e7\u00e3o de com\u00f3rbidos nesta segunda-feira\",\"datePublished\":\"2021-05-10T12:00:08+00:00\",\"mainEntityOfPage\":{\"@id\":\"https:\\\/\\\/blogdofarnesio.com.br\\\/?p=285227\"},\"wordCount\":367,\"publisher\":{\"@id\":\"https:\\\/\\\/blogdofarnesio.com.br\\\/#organization\"},\"image\":{\"@id\":\"https:\\\/\\\/blogdofarnesio.com.br\\\/?p=285227#primaryimage\"},\"thumbnailUrl\":\"https:\\\/\\\/blogdofarnesio.com.br\\\/wp-content\\\/uploads\\\/2021\\\/03\\\/Vacinacao-idosos-Covid-2-e1616589709859.jpeg\",\"articleSection\":[\"Pol\u00edtica\"],\"inLanguage\":\"pt-BR\"},{\"@type\":\"WebPage\",\"@id\":\"https:\\\/\\\/blogdofarnesio.com.br\\\/?p=285227\",\"url\":\"https:\\\/\\\/blogdofarnesio.com.br\\\/?p=285227\",\"name\":\"Petrolina amplia vacina\u00e7\u00e3o de com\u00f3rbidos nesta segunda-feira - Blog do Farn\u00e9sio\",\"isPartOf\":{\"@id\":\"https:\\\/\\\/blogdofarnesio.com.br\\\/#website\"},\"primaryImageOfPage\":{\"@id\":\"https:\\\/\\\/blogdofarnesio.com.br\\\/?p=285227#primaryimage\"},\"image\":{\"@id\":\"https:\\\/\\\/blogdofarnesio.com.br\\\/?p=285227#primaryimage\"},\"thumbnailUrl\":\"https:\\\/\\\/blogdofarnesio.com.br\\\/wp-content\\\/uploads\\\/2021\\\/03\\\/Vacinacao-idosos-Covid-2-e1616589709859.jpeg\",\"datePublished\":\"2021-05-10T12:00:08+00:00\",\"breadcrumb\":{\"@id\":\"https:\\\/\\\/blogdofarnesio.com.br\\\/?p=285227#breadcrumb\"},\"inLanguage\":\"pt-BR\",\"potentialAction\":[{\"@type\":\"ReadAction\",\"target\":[\"https:\\\/\\\/blogdofarnesio.com.br\\\/?p=285227\"]}]},{\"@type\":\"ImageObject\",\"inLanguage\":\"pt-BR\",\"@id\":\"https:\\\/\\\/blogdofarnesio.com.br\\\/?p=285227#primaryimage\",\"url\":\"https:\\\/\\\/blogdofarnesio.com.br\\\/wp-content\\\/uploads\\\/2021\\\/03\\\/Vacinacao-idosos-Covid-2-e1616589709859.jpeg\",\"contentUrl\":\"https:\\\/\\\/blogdofarnesio.com.br\\\/wp-content\\\/uploads\\\/2021\\\/03\\\/Vacinacao-idosos-Covid-2-e1616589709859.jpeg\",\"width\":680,\"height\":453},{\"@type\":\"BreadcrumbList\",\"@id\":\"https:\\\/\\\/blogdofarnesio.com.br\\\/?p=285227#breadcrumb\",\"itemListElement\":[{\"@type\":\"ListItem\",\"position\":1,\"name\":\"In\u00edcio\",\"item\":\"https:\\\/\\\/blogdofarnesio.com.br\\\/\"},{\"@type\":\"ListItem\",\"position\":2,\"name\":\"Petrolina amplia vacina\u00e7\u00e3o de com\u00f3rbidos nesta segunda-feira\"}]},{\"@type\":\"WebSite\",\"@id\":\"https:\\\/\\\/blogdofarnesio.com.br\\\/#website\",\"url\":\"https:\\\/\\\/blogdofarnesio.com.br\\\/\",\"name\":\"Blog do Farn\u00e9sio\",\"description\":\"Quer Saber Pol\u00edtica?\",\"publisher\":{\"@id\":\"https:\\\/\\\/blogdofarnesio.com.br\\\/#organization\"},\"potentialAction\":[{\"@type\":\"SearchAction\",\"target\":{\"@type\":\"EntryPoint\",\"urlTemplate\":\"https:\\\/\\\/blogdofarnesio.com.br\\\/?s={search_term_string}\"},\"query-input\":{\"@type\":\"PropertyValueSpecification\",\"valueRequired\":true,\"valueName\":\"search_term_string\"}}],\"inLanguage\":\"pt-BR\"},{\"@type\":\"Organization\",\"@id\":\"https:\\\/\\\/blogdofarnesio.com.br\\\/#organization\",\"name\":\"Blog do Farn\u00e9sio\",\"url\":\"https:\\\/\\\/blogdofarnesio.com.br\\\/\",\"logo\":{\"@type\":\"ImageObject\",\"inLanguage\":\"pt-BR\",\"@id\":\"https:\\\/\\\/blogdofarnesio.com.br\\\/#\\\/schema\\\/logo\\\/image\\\/\",\"url\":\"https:\\\/\\\/blogdofarnesio.com.br\\\/wp-content\\\/uploads\\\/2026\\\/03\\\/cropped-logo_new-1.png\",\"contentUrl\":\"https:\\\/\\\/blogdofarnesio.com.br\\\/wp-content\\\/uploads\\\/2026\\\/03\\\/cropped-logo_new-1.png\",\"width\":881,\"height\":685,\"caption\":\"Blog do Farn\u00e9sio\"},\"image\":{\"@id\":\"https:\\\/\\\/blogdofarnesio.com.br\\\/#\\\/schema\\\/logo\\\/image\\\/\"},\"sameAs\":[\"https:\\\/\\\/www.facebook.com\\\/BlogQuerSaberPolitica\\\/\"]},{\"@type\":\"Person\",\"@id\":\"https:\\\/\\\/blogdofarnesio.com.br\\\/#\\\/schema\\\/person\\\/301c4acf522bccbfdb45af95b5b906a1\",\"name\":\"Farn\u00e9sio\",\"image\":{\"@type\":\"ImageObject\",\"inLanguage\":\"pt-BR\",\"@id\":\"https:\\\/\\\/secure.gravatar.com\\\/avatar\\\/df0c9a14567c056f8ad6876ba5bbd1e3e2c48023eb6807342fc4663adf549f38?s=96&d=mm&r=g\",\"url\":\"https:\\\/\\\/secure.gravatar.com\\\/avatar\\\/df0c9a14567c056f8ad6876ba5bbd1e3e2c48023eb6807342fc4663adf549f38?s=96&d=mm&r=g\",\"contentUrl\":\"https:\\\/\\\/secure.gravatar.com\\\/avatar\\\/df0c9a14567c056f8ad6876ba5bbd1e3e2c48023eb6807342fc4663adf549f38?s=96&d=mm&r=g\",\"caption\":\"Farn\u00e9sio\"},\"sameAs\":[\"https:\\\/\\\/quersaberpolitica.com.br\"],\"url\":\"https:\\\/\\\/blogdofarnesio.com.br\\\/?author=1\"}]}<\/script>\n<!-- \/ Yoast SEO plugin. -->","yoast_head_json":{"title":"Petrolina amplia vacina\u00e7\u00e3o de com\u00f3rbidos nesta segunda-feira - Blog do Farn\u00e9sio","robots":{"index":"index","follow":"follow","max-snippet":"max-snippet:-1","max-image-preview":"max-image-preview:large","max-video-preview":"max-video-preview:-1"},"canonical":"https:\/\/blogdofarnesio.com.br\/?p=285227","og_locale":"pt_BR","og_type":"article","og_title":"Petrolina amplia vacina\u00e7\u00e3o de com\u00f3rbidos nesta segunda-feira - Blog do Farn\u00e9sio","og_description":"A Prefeitura de Petrolina ir\u00e1 ampliar, nesta segunda-feira (10), a vacina\u00e7\u00e3o contra Covid-19 para outros grupos de pessoas que possuem comorbidades. Durante todo o dia, as equipes da Secretaria de Sa\u00fade atender\u00e3o esse p\u00fablico aplicando a primeira dose da vacina produzida pela Fiocruz\/Oxford-AstraZeneca. Al\u00e9m das gestantes, pu\u00e9rperas, pessoas com doen\u00e7a renal cr\u00f4nica, pessoas com S\u00edndrome de Down, com obesidade m\u00f3rbida, transplantados e pacientes com HIV, tamb\u00e9m receber\u00e3o a vacina os seguintes grupos: Doen\u00e7as reum\u00e1ticas imunomediadas sist\u00eamicas em atividade e em uso de dose de prednisona ou equivalente a mais que 10 mg\/dia ou recebendo pulsoterapia com cortic\u00f3ide e\/ou ciclofosfamida; Indiv\u00edduos em uso de imunossupressores ou com imunodefici\u00eancias prim\u00e1rias; Pacientes oncol\u00f3gicos que realizaram tratamento quimioter\u00e1pico ou radioter\u00e1pico nos \u00faltimos 6 meses;&hellip;","og_url":"https:\/\/blogdofarnesio.com.br\/?p=285227","og_site_name":"Blog do Farn\u00e9sio","article_publisher":"https:\/\/www.facebook.com\/BlogQuerSaberPolitica\/","article_published_time":"2021-05-10T12:00:08+00:00","og_image":[{"width":680,"height":453,"url":"https:\/\/blogdofarnesio.com.br\/wp-content\/uploads\/2021\/03\/Vacinacao-idosos-Covid-2-e1616589709859.jpeg","type":"image\/jpeg"}],"author":"Farn\u00e9sio","twitter_card":"summary_large_image","twitter_misc":{"Escrito por":"Farn\u00e9sio","Est. tempo de leitura":"2 minutos"},"schema":{"@context":"https:\/\/schema.org","@graph":[{"@type":"Article","@id":"https:\/\/blogdofarnesio.com.br\/?p=285227#article","isPartOf":{"@id":"https:\/\/blogdofarnesio.com.br\/?p=285227"},"author":{"name":"Farn\u00e9sio","@id":"https:\/\/blogdofarnesio.com.br\/#\/schema\/person\/301c4acf522bccbfdb45af95b5b906a1"},"headline":"Petrolina amplia vacina\u00e7\u00e3o de com\u00f3rbidos nesta segunda-feira","datePublished":"2021-05-10T12:00:08+00:00","mainEntityOfPage":{"@id":"https:\/\/blogdofarnesio.com.br\/?p=285227"},"wordCount":367,"publisher":{"@id":"https:\/\/blogdofarnesio.com.br\/#organization"},"image":{"@id":"https:\/\/blogdofarnesio.com.br\/?p=285227#primaryimage"},"thumbnailUrl":"https:\/\/blogdofarnesio.com.br\/wp-content\/uploads\/2021\/03\/Vacinacao-idosos-Covid-2-e1616589709859.jpeg","articleSection":["Pol\u00edtica"],"inLanguage":"pt-BR"},{"@type":"WebPage","@id":"https:\/\/blogdofarnesio.com.br\/?p=285227","url":"https:\/\/blogdofarnesio.com.br\/?p=285227","name":"Petrolina amplia vacina\u00e7\u00e3o de com\u00f3rbidos nesta segunda-feira - Blog do Farn\u00e9sio","isPartOf":{"@id":"https:\/\/blogdofarnesio.com.br\/#website"},"primaryImageOfPage":{"@id":"https:\/\/blogdofarnesio.com.br\/?p=285227#primaryimage"},"image":{"@id":"https:\/\/blogdofarnesio.com.br\/?p=285227#primaryimage"},"thumbnailUrl":"https:\/\/blogdofarnesio.com.br\/wp-content\/uploads\/2021\/03\/Vacinacao-idosos-Covid-2-e1616589709859.jpeg","datePublished":"2021-05-10T12:00:08+00:00","breadcrumb":{"@id":"https:\/\/blogdofarnesio.com.br\/?p=285227#breadcrumb"},"inLanguage":"pt-BR","potentialAction":[{"@type":"ReadAction","target":["https:\/\/blogdofarnesio.com.br\/?p=285227"]}]},{"@type":"ImageObject","inLanguage":"pt-BR","@id":"https:\/\/blogdofarnesio.com.br\/?p=285227#primaryimage","url":"https:\/\/blogdofarnesio.com.br\/wp-content\/uploads\/2021\/03\/Vacinacao-idosos-Covid-2-e1616589709859.jpeg","contentUrl":"https:\/\/blogdofarnesio.com.br\/wp-content\/uploads\/2021\/03\/Vacinacao-idosos-Covid-2-e1616589709859.jpeg","width":680,"height":453},{"@type":"BreadcrumbList","@id":"https:\/\/blogdofarnesio.com.br\/?p=285227#breadcrumb","itemListElement":[{"@type":"ListItem","position":1,"name":"In\u00edcio","item":"https:\/\/blogdofarnesio.com.br\/"},{"@type":"ListItem","position":2,"name":"Petrolina amplia vacina\u00e7\u00e3o de com\u00f3rbidos nesta segunda-feira"}]},{"@type":"WebSite","@id":"https:\/\/blogdofarnesio.com.br\/#website","url":"https:\/\/blogdofarnesio.com.br\/","name":"Blog do Farn\u00e9sio","description":"Quer Saber Pol\u00edtica?","publisher":{"@id":"https:\/\/blogdofarnesio.com.br\/#organization"},"potentialAction":[{"@type":"SearchAction","target":{"@type":"EntryPoint","urlTemplate":"https:\/\/blogdofarnesio.com.br\/?s={search_term_string}"},"query-input":{"@type":"PropertyValueSpecification","valueRequired":true,"valueName":"search_term_string"}}],"inLanguage":"pt-BR"},{"@type":"Organization","@id":"https:\/\/blogdofarnesio.com.br\/#organization","name":"Blog do Farn\u00e9sio","url":"https:\/\/blogdofarnesio.com.br\/","logo":{"@type":"ImageObject","inLanguage":"pt-BR","@id":"https:\/\/blogdofarnesio.com.br\/#\/schema\/logo\/image\/","url":"https:\/\/blogdofarnesio.com.br\/wp-content\/uploads\/2026\/03\/cropped-logo_new-1.png","contentUrl":"https:\/\/blogdofarnesio.com.br\/wp-content\/uploads\/2026\/03\/cropped-logo_new-1.png","width":881,"height":685,"caption":"Blog do Farn\u00e9sio"},"image":{"@id":"https:\/\/blogdofarnesio.com.br\/#\/schema\/logo\/image\/"},"sameAs":["https:\/\/www.facebook.com\/BlogQuerSaberPolitica\/"]},{"@type":"Person","@id":"https:\/\/blogdofarnesio.com.br\/#\/schema\/person\/301c4acf522bccbfdb45af95b5b906a1","name":"Farn\u00e9sio","image":{"@type":"ImageObject","inLanguage":"pt-BR","@id":"https:\/\/secure.gravatar.com\/avatar\/df0c9a14567c056f8ad6876ba5bbd1e3e2c48023eb6807342fc4663adf549f38?s=96&d=mm&r=g","url":"https:\/\/secure.gravatar.com\/avatar\/df0c9a14567c056f8ad6876ba5bbd1e3e2c48023eb6807342fc4663adf549f38?s=96&d=mm&r=g","contentUrl":"https:\/\/secure.gravatar.com\/avatar\/df0c9a14567c056f8ad6876ba5bbd1e3e2c48023eb6807342fc4663adf549f38?s=96&d=mm&r=g","caption":"Farn\u00e9sio"},"sameAs":["https:\/\/quersaberpolitica.com.br"],"url":"https:\/\/blogdofarnesio.com.br\/?author=1"}]}},"_links":{"self":[{"href":"https:\/\/blogdofarnesio.com.br\/index.php?rest_route=\/wp\/v2\/posts\/285227","targetHints":{"allow":["GET"]}}],"collection":[{"href":"https:\/\/blogdofarnesio.com.br\/index.php?rest_route=\/wp\/v2\/posts"}],"about":[{"href":"https:\/\/blogdofarnesio.com.br\/index.php?rest_route=\/wp\/v2\/types\/post"}],"author":[{"embeddable":true,"href":"https:\/\/blogdofarnesio.com.br\/index.php?rest_route=\/wp\/v2\/users\/1"}],"replies":[{"embeddable":true,"href":"https:\/\/blogdofarnesio.com.br\/index.php?rest_route=%2Fwp%2Fv2%2Fcomments&post=285227"}],"version-history":[{"count":0,"href":"https:\/\/blogdofarnesio.com.br\/index.php?rest_route=\/wp\/v2\/posts\/285227\/revisions"}],"wp:featuredmedia":[{"embeddable":true,"href":"https:\/\/blogdofarnesio.com.br\/index.php?rest_route=\/wp\/v2\/media\/281313"}],"wp:attachment":[{"href":"https:\/\/blogdofarnesio.com.br\/index.php?rest_route=%2Fwp%2Fv2%2Fmedia&parent=285227"}],"wp:term":[{"taxonomy":"category","embeddable":true,"href":"https:\/\/blogdofarnesio.com.br\/index.php?rest_route=%2Fwp%2Fv2%2Fcategories&post=285227"},{"taxonomy":"post_tag","embeddable":true,"href":"https:\/\/blogdofarnesio.com.br\/index.php?rest_route=%2Fwp%2Fv2%2Ftags&post=285227"}],"curies":[{"name":"wp","href":"https:\/\/api.w.org\/{rel}","templated":true}]}}