{"id":285179,"date":"2021-05-10T10:43:24","date_gmt":"2021-05-10T13:43:24","guid":{"rendered":"http:\/\/quersaberpolitica.com.br\/2016\/?p=285179"},"modified":"2021-05-08T19:51:44","modified_gmt":"2021-05-08T22:51:44","slug":"semana-do-mei-comeca-nesta-segunda-feira-10","status":"publish","type":"post","link":"https:\/\/blogdofarnesio.com.br\/?p=285179","title":{"rendered":"Semana do MEI come\u00e7a nesta segunda-feira (10)"},"content":{"rendered":"<p style=\"font-weight: 400;\">O Sebrae preparou uma semana inteira com oficinas pr\u00e1ticas e palestras com especialistas para microempreendedores individuais (MEI) e para quem deseja abrir o pr\u00f3prio neg\u00f3cio. Entre os dias 10 e 14 de maio, a Semana do MEI oferece uma programa\u00e7\u00e3o totalmente online e gratuita para todo o pa\u00eds, com a participa\u00e7\u00e3o de 45 palestrantes, entre especialistas da entidade e convidados. As inscri\u00e7\u00f5es podem ser feitas no site\u00a0<a href=\"http:\/\/www.semanadomei.com.br\/\" data-saferedirecturl=\"https:\/\/www.google.com\/url?q=http:\/\/www.semanadomei.com.br\/&amp;source=gmail&amp;ust=1620587496860000&amp;usg=AFQjCNHFy3O5QfVjvDS1VutxQ93-V6Z6fg\">www.semanadomei.com.br<\/a><a href=\"http:\/\/www.semanadomei.com.br\/\" data-saferedirecturl=\"https:\/\/www.google.com\/url?q=http:\/\/www.semanadomei.com.br\/&amp;source=gmail&amp;ust=1620587496861000&amp;usg=AFQjCNG0YmFz8IscHfGUqjXVtxNuxGV1Uw\">\u00a0<\/a>.<\/p>\n<p style=\"font-weight: 400;\">O tema da edi\u00e7\u00e3o deste ano \u00e9 \u201cUma nova vis\u00e3o para o futuro do seu neg\u00f3cio\u201d, inspirado no bord\u00e3o do empreendedor, influenciador digital e escritor, Rick Chester, que ficou conhecido nas redes sociais ap\u00f3s viralizar com um v\u00eddeo no Youtube onde ensina como lucrar vendendo \u00e1gua no Rio de Janeiro. Ele ser\u00e1 a grande atra\u00e7\u00e3o do \u00faltimo dia da edi\u00e7\u00e3o da Semana do MEI 2021, com a palestra de encerramento \u201cPega a Vis\u00e3o\u201d.<\/p>\n<p style=\"font-weight: 400;\">Ao longo da semana, os inscritos na Semana do MEI ter\u00e3o a oportunidade de participar de uma jornada de conhecimento para encontrar inspira\u00e7\u00e3o para empreender, conhecer tend\u00eancias e oportunidades de neg\u00f3cios, aprender como se planejar para come\u00e7ar da forma adequada e cuidar das finan\u00e7as, al\u00e9m de interagir com especialistas convidados que trar\u00e3o dicas para vender mais na internet. A programa\u00e7\u00e3o nacional tem a colabora\u00e7\u00e3o de unidades regionais do Sebrae, sempre com atividades pr\u00e1ticas no per\u00edodo da manh\u00e3 e lives inspiradoras e com dicas durante a tarde.<\/p>\n<p style=\"font-weight: 400;\">O superintendente do Sebrae Bahia, Jorge Khoury, refor\u00e7a a oportunidade para os mais de 630 mil microempreendedores individuais do estado atualizarem seus conhecimentos e aprimorarem a gest\u00e3o. \u201cA Semana do MEI j\u00e1 \u00e9 um evento consolidado no calend\u00e1rio do empreendedor brasileiro. Mais uma vez, por conta da pandemia, vamos realizar os encontros de forma online, mas mantendo a ess\u00eancia das edi\u00e7\u00f5es anteriores, que \u00e9 proporcionar conhecimento e levar orienta\u00e7\u00f5es para os nossos microempreendedores individuais\u201d, destaca.<\/p>\n<p style=\"font-weight: 400;\">Os assuntos do 1\u00ba dia t\u00eam foco no momento de crise enfrentado pelos empreendedores. J\u00e1 o dia 11 ser\u00e1 voltado para oportunidades de neg\u00f3cios, com grandes tend\u00eancias, principalmente para o setor de alimentos e beleza. As lives ter\u00e3o a participa\u00e7\u00e3o de Helo\u00edsa N\u00f3brega, especialista do Sebrae em redes sociais, sobretudo o Tik Tok, e da maquiadora Jana\u00edna Mayane, embaixadora MEI que promove cursos online. No dia 12, os participantes poder\u00e3o aprender sobre a import\u00e2ncia do planejamento e vendas pela internet com a ajuda de Felipe Siqueira, s\u00f3cio do Grupo Reserva, e de Mayra Moreli, gerente de neg\u00f3cios da B2W Marketplace.<\/p>\n<p style=\"font-weight: 400;\">A equipe do Sebrae estar\u00e1 dispon\u00edvel no dia 15 para orientar os empreendedores na organiza\u00e7\u00e3o das contas, como fazer o dinheiro render e estrat\u00e9gias financeiras. A ganhadora do pr\u00eamio \u2018Mulheres que transformam\u2019, da XP, Bia Santos, abordar\u00e1 o tema educa\u00e7\u00e3o financeira. As oportunidades do PIX para o MEI tamb\u00e9m ser\u00e3o tema de outra palestra, com a especialista do Banco Central, Mayara Yano. No \u00faltimo dia, ser\u00e3o oferecidas oficinas para ajudar a vender mais, com foco no mercado digital, com convidados do Facebook, HostGator (multinacional de hospedagem de sites) e da Kyte (plataforma online de vendas).<\/p>\n<p style=\"font-weight: 400;\"><strong>Os eventos ser\u00e3o realizados sempre entre 10h e 12h50 e 14h e 18h30. Confira o resumo da programa\u00e7\u00e3o:<\/strong><\/p>\n<p style=\"font-weight: 400;\"><strong>10\/05<\/strong><br \/>\nOficinas de intelig\u00eancia emocional e palestras motivacionais<\/p>\n<p style=\"font-weight: 400;\"><strong>11\/05<\/strong><br \/>\nOficinas de comportamento empreendedor e palestras de como transformar crise em oportunidade<\/p>\n<p style=\"font-weight: 400;\"><strong>12\/05<\/strong><br \/>\nOficinas de planejamento e palestras de como come\u00e7ar a empreender<\/p>\n<p style=\"font-weight: 400;\"><strong>13\/05<\/strong><br \/>\nOficinas de finan\u00e7as e oficinas de marketing<\/p>\n<p style=\"font-weight: 400;\"><strong>14\/05<\/strong><br \/>\nPalestras de servi\u00e7os financeiros para o MEI e acesso a mercados<\/p>\n<p style=\"font-weight: 400;\">Saiba mais detalhes em\u00a0<a href=\"http:\/\/www.semanadomei.com.br\/\" data-saferedirecturl=\"https:\/\/www.google.com\/url?q=http:\/\/www.semanadomei.com.br\/&amp;source=gmail&amp;ust=1620587496861000&amp;usg=AFQjCNG0YmFz8IscHfGUqjXVtxNuxGV1Uw\">www.semanadomei.com.br<\/a>.<\/p>\n<p style=\"font-weight: 400;\"><strong>Ag\u00eancia Sebrae de Not\u00edcias Bahia:<\/strong><br \/>\n(71) 3320-4557 \/4558<br \/>\nMais not\u00edcias:\u00a0<a href=\"http:\/\/www.ba.agenciasebrae.com.br\/\" data-saferedirecturl=\"https:\/\/www.google.com\/url?q=http:\/\/www.ba.agenciasebrae.com.br\/&amp;source=gmail&amp;ust=1620587496861000&amp;usg=AFQjCNGKrH23WqvjxCK_yrw5vXYlZwWBsg\">http:\/\/www.ba.agenciasebrae.com.br<\/a><br \/>\nCanal no Telegram:\u00a0<a href=\"https:\/\/t.me\/sebraebahia\" data-saferedirecturl=\"https:\/\/www.google.com\/url?q=https:\/\/t.me\/sebraebahia&amp;source=gmail&amp;ust=1620587496861000&amp;usg=AFQjCNEWDiQt4dzjlnbw2FYsVx8OW-uHbQ\">t.me\/sebraebahia<\/a><br \/>\nPodcast:\u00a0<a href=\"http:\/\/bit.ly\/imersaosebrae\" data-saferedirecturl=\"https:\/\/www.google.com\/url?q=http:\/\/bit.ly\/imersaosebrae&amp;source=gmail&amp;ust=1620587496861000&amp;usg=AFQjCNEX_zk91iH5MVglCaDpqLL6jMR2lA\">bit.ly\/imersaosebrae<\/a><\/p>\n<p style=\"font-weight: 400;\">Para mais conte\u00fados, siga o perfil @sebraebahia nas redes sociais:<br \/>\n<a href=\"http:\/\/www.instagram.com\/sebraebahia\" data-saferedirecturl=\"https:\/\/www.google.com\/url?q=http:\/\/www.instagram.com\/sebraebahia&amp;source=gmail&amp;ust=1620587496861000&amp;usg=AFQjCNHFmtEUHX0ULo3VEdwdgTXgrCyOQA\">http:\/\/www.instagram.com\/sebraebahia<\/a><br \/>\n<a href=\"http:\/\/www.youtube.com\/sebraebahia\" data-saferedirecturl=\"https:\/\/www.google.com\/url?q=http:\/\/www.youtube.com\/sebraebahia&amp;source=gmail&amp;ust=1620587496861000&amp;usg=AFQjCNHo2Wq49gT5Su9nr2y2kai-vDJu7Q\">http:\/\/www.YouTube.com\/sebraebahia<\/a><br \/>\n<a href=\"http:\/\/www.facebook.com\/sebraebahia\" data-saferedirecturl=\"https:\/\/www.google.com\/url?q=http:\/\/www.facebook.com\/sebraebahia&amp;source=gmail&amp;ust=1620587496861000&amp;usg=AFQjCNF-dU-WwqH6-cytW18CI4DxEkE-lA\">http:\/\/www.facebook.com\/sebraebahia<\/a><br \/>\n<a href=\"http:\/\/www.twitter.com\/sebraebahia\" data-saferedirecturl=\"https:\/\/www.google.com\/url?q=http:\/\/www.twitter.com\/sebraebahia&amp;source=gmail&amp;ust=1620587496861000&amp;usg=AFQjCNGm7LLA57i1pO6DCtj5b9Eoieh-hw\">http:\/\/www.twitter.com\/sebraebahia<\/a><br \/>\n<a href=\"https:\/\/www.linkedin.com\/company\/sebraebahia\" data-saferedirecturl=\"https:\/\/www.google.com\/url?q=https:\/\/www.linkedin.com\/company\/sebraebahia&amp;source=gmail&amp;ust=1620587496861000&amp;usg=AFQjCNHg8suTBFDTvn3luRvX-pnLtE1_Ow\">https:\/\/www.linkedin.com\/company\/sebraebahia<\/a><\/p>\n<p style=\"font-weight: 400;\">Central de Relacionamento Sebrae: 0800 570 0800<\/p>\n","protected":false},"excerpt":{"rendered":"<p>O Sebrae preparou uma semana inteira com oficinas pr\u00e1ticas e palestras com especialistas para microempreendedores individuais (MEI) e para quem deseja abrir o pr\u00f3prio neg\u00f3cio. Entre os dias 10 e 14 de maio, a Semana do MEI oferece uma programa\u00e7\u00e3o totalmente online e gratuita para todo o pa\u00eds, com a participa\u00e7\u00e3o de 45 palestrantes, entre especialistas da entidade e convidados. As inscri\u00e7\u00f5es podem ser feitas no site\u00a0www.semanadomei.com.br\u00a0. O tema da edi\u00e7\u00e3o deste ano \u00e9 \u201cUma nova vis\u00e3o para o futuro do seu neg\u00f3cio\u201d, inspirado no bord\u00e3o do empreendedor, influenciador digital e escritor, Rick Chester, que ficou conhecido nas redes sociais ap\u00f3s viralizar com um v\u00eddeo no Youtube onde ensina como lucrar vendendo \u00e1gua no Rio de Janeiro. Ele ser\u00e1 a&hellip; <\/p>\n","protected":false},"author":1,"featured_media":285180,"comment_status":"closed","ping_status":"closed","sticky":false,"template":"","format":"standard","meta":{"_acf_changed":false,"footnotes":""},"categories":[1],"tags":[],"class_list":["post-285179","post","type-post","status-publish","format-standard","has-post-thumbnail","hentry","category-politica"],"acf":[],"yoast_head":"<!-- This site is optimized with the Yoast SEO plugin v27.4 - https:\/\/yoast.com\/product\/yoast-seo-wordpress\/ -->\n<title>Semana do MEI come\u00e7a nesta segunda-feira (10) - Blog do Farn\u00e9sio<\/title>\n<meta name=\"robots\" content=\"index, follow, max-snippet:-1, max-image-preview:large, max-video-preview:-1\" \/>\n<link rel=\"canonical\" href=\"https:\/\/blogdofarnesio.com.br\/?p=285179\" \/>\n<meta property=\"og:locale\" content=\"pt_BR\" \/>\n<meta property=\"og:type\" content=\"article\" \/>\n<meta property=\"og:title\" content=\"Semana do MEI come\u00e7a nesta segunda-feira (10) - Blog do Farn\u00e9sio\" \/>\n<meta property=\"og:description\" content=\"O Sebrae preparou uma semana inteira com oficinas pr\u00e1ticas e palestras com especialistas para microempreendedores individuais (MEI) e para quem deseja abrir o pr\u00f3prio neg\u00f3cio. Entre os dias 10 e 14 de maio, a Semana do MEI oferece uma programa\u00e7\u00e3o totalmente online e gratuita para todo o pa\u00eds, com a participa\u00e7\u00e3o de 45 palestrantes, entre especialistas da entidade e convidados. As inscri\u00e7\u00f5es podem ser feitas no site\u00a0www.semanadomei.com.br\u00a0. O tema da edi\u00e7\u00e3o deste ano \u00e9 \u201cUma nova vis\u00e3o para o futuro do seu neg\u00f3cio\u201d, inspirado no bord\u00e3o do empreendedor, influenciador digital e escritor, Rick Chester, que ficou conhecido nas redes sociais ap\u00f3s viralizar com um v\u00eddeo no Youtube onde ensina como lucrar vendendo \u00e1gua no Rio de Janeiro. Ele ser\u00e1 a&hellip;\" \/>\n<meta property=\"og:url\" content=\"https:\/\/blogdofarnesio.com.br\/?p=285179\" \/>\n<meta property=\"og:site_name\" content=\"Blog do Farn\u00e9sio\" \/>\n<meta property=\"article:publisher\" content=\"https:\/\/www.facebook.com\/BlogQuerSaberPolitica\/\" \/>\n<meta property=\"article:published_time\" content=\"2021-05-10T13:43:24+00:00\" \/>\n<meta property=\"og:image\" content=\"https:\/\/blogdofarnesio.com.br\/wp-content\/uploads\/2021\/05\/blogqspsebrae-semana-mei-e1620514203442.jpg\" \/>\n\t<meta property=\"og:image:width\" content=\"550\" \/>\n\t<meta property=\"og:image:height\" content=\"367\" \/>\n\t<meta property=\"og:image:type\" content=\"image\/jpeg\" \/>\n<meta name=\"author\" content=\"Farn\u00e9sio\" \/>\n<meta name=\"twitter:card\" content=\"summary_large_image\" \/>\n<meta name=\"twitter:label1\" content=\"Escrito por\" \/>\n\t<meta name=\"twitter:data1\" content=\"Farn\u00e9sio\" \/>\n\t<meta name=\"twitter:label2\" content=\"Est. tempo de leitura\" \/>\n\t<meta name=\"twitter:data2\" content=\"3 minutos\" \/>\n<script type=\"application\/ld+json\" class=\"yoast-schema-graph\">{\"@context\":\"https:\\\/\\\/schema.org\",\"@graph\":[{\"@type\":\"Article\",\"@id\":\"https:\\\/\\\/blogdofarnesio.com.br\\\/?p=285179#article\",\"isPartOf\":{\"@id\":\"https:\\\/\\\/blogdofarnesio.com.br\\\/?p=285179\"},\"author\":{\"name\":\"Farn\u00e9sio\",\"@id\":\"https:\\\/\\\/blogdofarnesio.com.br\\\/#\\\/schema\\\/person\\\/301c4acf522bccbfdb45af95b5b906a1\"},\"headline\":\"Semana do MEI come\u00e7a nesta segunda-feira (10)\",\"datePublished\":\"2021-05-10T13:43:24+00:00\",\"mainEntityOfPage\":{\"@id\":\"https:\\\/\\\/blogdofarnesio.com.br\\\/?p=285179\"},\"wordCount\":697,\"publisher\":{\"@id\":\"https:\\\/\\\/blogdofarnesio.com.br\\\/#organization\"},\"image\":{\"@id\":\"https:\\\/\\\/blogdofarnesio.com.br\\\/?p=285179#primaryimage\"},\"thumbnailUrl\":\"https:\\\/\\\/blogdofarnesio.com.br\\\/wp-content\\\/uploads\\\/2021\\\/05\\\/blogqspsebrae-semana-mei-e1620514203442.jpg\",\"articleSection\":[\"Pol\u00edtica\"],\"inLanguage\":\"pt-BR\"},{\"@type\":\"WebPage\",\"@id\":\"https:\\\/\\\/blogdofarnesio.com.br\\\/?p=285179\",\"url\":\"https:\\\/\\\/blogdofarnesio.com.br\\\/?p=285179\",\"name\":\"Semana do MEI come\u00e7a nesta segunda-feira (10) - Blog do Farn\u00e9sio\",\"isPartOf\":{\"@id\":\"https:\\\/\\\/blogdofarnesio.com.br\\\/#website\"},\"primaryImageOfPage\":{\"@id\":\"https:\\\/\\\/blogdofarnesio.com.br\\\/?p=285179#primaryimage\"},\"image\":{\"@id\":\"https:\\\/\\\/blogdofarnesio.com.br\\\/?p=285179#primaryimage\"},\"thumbnailUrl\":\"https:\\\/\\\/blogdofarnesio.com.br\\\/wp-content\\\/uploads\\\/2021\\\/05\\\/blogqspsebrae-semana-mei-e1620514203442.jpg\",\"datePublished\":\"2021-05-10T13:43:24+00:00\",\"breadcrumb\":{\"@id\":\"https:\\\/\\\/blogdofarnesio.com.br\\\/?p=285179#breadcrumb\"},\"inLanguage\":\"pt-BR\",\"potentialAction\":[{\"@type\":\"ReadAction\",\"target\":[\"https:\\\/\\\/blogdofarnesio.com.br\\\/?p=285179\"]}]},{\"@type\":\"ImageObject\",\"inLanguage\":\"pt-BR\",\"@id\":\"https:\\\/\\\/blogdofarnesio.com.br\\\/?p=285179#primaryimage\",\"url\":\"https:\\\/\\\/blogdofarnesio.com.br\\\/wp-content\\\/uploads\\\/2021\\\/05\\\/blogqspsebrae-semana-mei-e1620514203442.jpg\",\"contentUrl\":\"https:\\\/\\\/blogdofarnesio.com.br\\\/wp-content\\\/uploads\\\/2021\\\/05\\\/blogqspsebrae-semana-mei-e1620514203442.jpg\",\"width\":550,\"height\":367,\"caption\":\"Semana do Mei SSA. Foto Dar\u00edo G. Neto\\\/ASN Ba\"},{\"@type\":\"BreadcrumbList\",\"@id\":\"https:\\\/\\\/blogdofarnesio.com.br\\\/?p=285179#breadcrumb\",\"itemListElement\":[{\"@type\":\"ListItem\",\"position\":1,\"name\":\"In\u00edcio\",\"item\":\"https:\\\/\\\/blogdofarnesio.com.br\\\/\"},{\"@type\":\"ListItem\",\"position\":2,\"name\":\"Semana do MEI come\u00e7a nesta segunda-feira (10)\"}]},{\"@type\":\"WebSite\",\"@id\":\"https:\\\/\\\/blogdofarnesio.com.br\\\/#website\",\"url\":\"https:\\\/\\\/blogdofarnesio.com.br\\\/\",\"name\":\"Blog do Farn\u00e9sio\",\"description\":\"Quer Saber Pol\u00edtica?\",\"publisher\":{\"@id\":\"https:\\\/\\\/blogdofarnesio.com.br\\\/#organization\"},\"potentialAction\":[{\"@type\":\"SearchAction\",\"target\":{\"@type\":\"EntryPoint\",\"urlTemplate\":\"https:\\\/\\\/blogdofarnesio.com.br\\\/?s={search_term_string}\"},\"query-input\":{\"@type\":\"PropertyValueSpecification\",\"valueRequired\":true,\"valueName\":\"search_term_string\"}}],\"inLanguage\":\"pt-BR\"},{\"@type\":\"Organization\",\"@id\":\"https:\\\/\\\/blogdofarnesio.com.br\\\/#organization\",\"name\":\"Blog do Farn\u00e9sio\",\"url\":\"https:\\\/\\\/blogdofarnesio.com.br\\\/\",\"logo\":{\"@type\":\"ImageObject\",\"inLanguage\":\"pt-BR\",\"@id\":\"https:\\\/\\\/blogdofarnesio.com.br\\\/#\\\/schema\\\/logo\\\/image\\\/\",\"url\":\"https:\\\/\\\/blogdofarnesio.com.br\\\/wp-content\\\/uploads\\\/2026\\\/03\\\/cropped-logo_new-1.png\",\"contentUrl\":\"https:\\\/\\\/blogdofarnesio.com.br\\\/wp-content\\\/uploads\\\/2026\\\/03\\\/cropped-logo_new-1.png\",\"width\":881,\"height\":685,\"caption\":\"Blog do Farn\u00e9sio\"},\"image\":{\"@id\":\"https:\\\/\\\/blogdofarnesio.com.br\\\/#\\\/schema\\\/logo\\\/image\\\/\"},\"sameAs\":[\"https:\\\/\\\/www.facebook.com\\\/BlogQuerSaberPolitica\\\/\"]},{\"@type\":\"Person\",\"@id\":\"https:\\\/\\\/blogdofarnesio.com.br\\\/#\\\/schema\\\/person\\\/301c4acf522bccbfdb45af95b5b906a1\",\"name\":\"Farn\u00e9sio\",\"image\":{\"@type\":\"ImageObject\",\"inLanguage\":\"pt-BR\",\"@id\":\"https:\\\/\\\/secure.gravatar.com\\\/avatar\\\/df0c9a14567c056f8ad6876ba5bbd1e3e2c48023eb6807342fc4663adf549f38?s=96&d=mm&r=g\",\"url\":\"https:\\\/\\\/secure.gravatar.com\\\/avatar\\\/df0c9a14567c056f8ad6876ba5bbd1e3e2c48023eb6807342fc4663adf549f38?s=96&d=mm&r=g\",\"contentUrl\":\"https:\\\/\\\/secure.gravatar.com\\\/avatar\\\/df0c9a14567c056f8ad6876ba5bbd1e3e2c48023eb6807342fc4663adf549f38?s=96&d=mm&r=g\",\"caption\":\"Farn\u00e9sio\"},\"sameAs\":[\"https:\\\/\\\/quersaberpolitica.com.br\"],\"url\":\"https:\\\/\\\/blogdofarnesio.com.br\\\/?author=1\"}]}<\/script>\n<!-- \/ Yoast SEO plugin. -->","yoast_head_json":{"title":"Semana do MEI come\u00e7a nesta segunda-feira (10) - Blog do Farn\u00e9sio","robots":{"index":"index","follow":"follow","max-snippet":"max-snippet:-1","max-image-preview":"max-image-preview:large","max-video-preview":"max-video-preview:-1"},"canonical":"https:\/\/blogdofarnesio.com.br\/?p=285179","og_locale":"pt_BR","og_type":"article","og_title":"Semana do MEI come\u00e7a nesta segunda-feira (10) - Blog do Farn\u00e9sio","og_description":"O Sebrae preparou uma semana inteira com oficinas pr\u00e1ticas e palestras com especialistas para microempreendedores individuais (MEI) e para quem deseja abrir o pr\u00f3prio neg\u00f3cio. Entre os dias 10 e 14 de maio, a Semana do MEI oferece uma programa\u00e7\u00e3o totalmente online e gratuita para todo o pa\u00eds, com a participa\u00e7\u00e3o de 45 palestrantes, entre especialistas da entidade e convidados. As inscri\u00e7\u00f5es podem ser feitas no site\u00a0www.semanadomei.com.br\u00a0. O tema da edi\u00e7\u00e3o deste ano \u00e9 \u201cUma nova vis\u00e3o para o futuro do seu neg\u00f3cio\u201d, inspirado no bord\u00e3o do empreendedor, influenciador digital e escritor, Rick Chester, que ficou conhecido nas redes sociais ap\u00f3s viralizar com um v\u00eddeo no Youtube onde ensina como lucrar vendendo \u00e1gua no Rio de Janeiro. Ele ser\u00e1 a&hellip;","og_url":"https:\/\/blogdofarnesio.com.br\/?p=285179","og_site_name":"Blog do Farn\u00e9sio","article_publisher":"https:\/\/www.facebook.com\/BlogQuerSaberPolitica\/","article_published_time":"2021-05-10T13:43:24+00:00","og_image":[{"width":550,"height":367,"url":"https:\/\/blogdofarnesio.com.br\/wp-content\/uploads\/2021\/05\/blogqspsebrae-semana-mei-e1620514203442.jpg","type":"image\/jpeg"}],"author":"Farn\u00e9sio","twitter_card":"summary_large_image","twitter_misc":{"Escrito por":"Farn\u00e9sio","Est. tempo de leitura":"3 minutos"},"schema":{"@context":"https:\/\/schema.org","@graph":[{"@type":"Article","@id":"https:\/\/blogdofarnesio.com.br\/?p=285179#article","isPartOf":{"@id":"https:\/\/blogdofarnesio.com.br\/?p=285179"},"author":{"name":"Farn\u00e9sio","@id":"https:\/\/blogdofarnesio.com.br\/#\/schema\/person\/301c4acf522bccbfdb45af95b5b906a1"},"headline":"Semana do MEI come\u00e7a nesta segunda-feira (10)","datePublished":"2021-05-10T13:43:24+00:00","mainEntityOfPage":{"@id":"https:\/\/blogdofarnesio.com.br\/?p=285179"},"wordCount":697,"publisher":{"@id":"https:\/\/blogdofarnesio.com.br\/#organization"},"image":{"@id":"https:\/\/blogdofarnesio.com.br\/?p=285179#primaryimage"},"thumbnailUrl":"https:\/\/blogdofarnesio.com.br\/wp-content\/uploads\/2021\/05\/blogqspsebrae-semana-mei-e1620514203442.jpg","articleSection":["Pol\u00edtica"],"inLanguage":"pt-BR"},{"@type":"WebPage","@id":"https:\/\/blogdofarnesio.com.br\/?p=285179","url":"https:\/\/blogdofarnesio.com.br\/?p=285179","name":"Semana do MEI come\u00e7a nesta segunda-feira (10) - Blog do Farn\u00e9sio","isPartOf":{"@id":"https:\/\/blogdofarnesio.com.br\/#website"},"primaryImageOfPage":{"@id":"https:\/\/blogdofarnesio.com.br\/?p=285179#primaryimage"},"image":{"@id":"https:\/\/blogdofarnesio.com.br\/?p=285179#primaryimage"},"thumbnailUrl":"https:\/\/blogdofarnesio.com.br\/wp-content\/uploads\/2021\/05\/blogqspsebrae-semana-mei-e1620514203442.jpg","datePublished":"2021-05-10T13:43:24+00:00","breadcrumb":{"@id":"https:\/\/blogdofarnesio.com.br\/?p=285179#breadcrumb"},"inLanguage":"pt-BR","potentialAction":[{"@type":"ReadAction","target":["https:\/\/blogdofarnesio.com.br\/?p=285179"]}]},{"@type":"ImageObject","inLanguage":"pt-BR","@id":"https:\/\/blogdofarnesio.com.br\/?p=285179#primaryimage","url":"https:\/\/blogdofarnesio.com.br\/wp-content\/uploads\/2021\/05\/blogqspsebrae-semana-mei-e1620514203442.jpg","contentUrl":"https:\/\/blogdofarnesio.com.br\/wp-content\/uploads\/2021\/05\/blogqspsebrae-semana-mei-e1620514203442.jpg","width":550,"height":367,"caption":"Semana do Mei SSA. Foto Dar\u00edo G. Neto\/ASN Ba"},{"@type":"BreadcrumbList","@id":"https:\/\/blogdofarnesio.com.br\/?p=285179#breadcrumb","itemListElement":[{"@type":"ListItem","position":1,"name":"In\u00edcio","item":"https:\/\/blogdofarnesio.com.br\/"},{"@type":"ListItem","position":2,"name":"Semana do MEI come\u00e7a nesta segunda-feira (10)"}]},{"@type":"WebSite","@id":"https:\/\/blogdofarnesio.com.br\/#website","url":"https:\/\/blogdofarnesio.com.br\/","name":"Blog do Farn\u00e9sio","description":"Quer Saber Pol\u00edtica?","publisher":{"@id":"https:\/\/blogdofarnesio.com.br\/#organization"},"potentialAction":[{"@type":"SearchAction","target":{"@type":"EntryPoint","urlTemplate":"https:\/\/blogdofarnesio.com.br\/?s={search_term_string}"},"query-input":{"@type":"PropertyValueSpecification","valueRequired":true,"valueName":"search_term_string"}}],"inLanguage":"pt-BR"},{"@type":"Organization","@id":"https:\/\/blogdofarnesio.com.br\/#organization","name":"Blog do Farn\u00e9sio","url":"https:\/\/blogdofarnesio.com.br\/","logo":{"@type":"ImageObject","inLanguage":"pt-BR","@id":"https:\/\/blogdofarnesio.com.br\/#\/schema\/logo\/image\/","url":"https:\/\/blogdofarnesio.com.br\/wp-content\/uploads\/2026\/03\/cropped-logo_new-1.png","contentUrl":"https:\/\/blogdofarnesio.com.br\/wp-content\/uploads\/2026\/03\/cropped-logo_new-1.png","width":881,"height":685,"caption":"Blog do Farn\u00e9sio"},"image":{"@id":"https:\/\/blogdofarnesio.com.br\/#\/schema\/logo\/image\/"},"sameAs":["https:\/\/www.facebook.com\/BlogQuerSaberPolitica\/"]},{"@type":"Person","@id":"https:\/\/blogdofarnesio.com.br\/#\/schema\/person\/301c4acf522bccbfdb45af95b5b906a1","name":"Farn\u00e9sio","image":{"@type":"ImageObject","inLanguage":"pt-BR","@id":"https:\/\/secure.gravatar.com\/avatar\/df0c9a14567c056f8ad6876ba5bbd1e3e2c48023eb6807342fc4663adf549f38?s=96&d=mm&r=g","url":"https:\/\/secure.gravatar.com\/avatar\/df0c9a14567c056f8ad6876ba5bbd1e3e2c48023eb6807342fc4663adf549f38?s=96&d=mm&r=g","contentUrl":"https:\/\/secure.gravatar.com\/avatar\/df0c9a14567c056f8ad6876ba5bbd1e3e2c48023eb6807342fc4663adf549f38?s=96&d=mm&r=g","caption":"Farn\u00e9sio"},"sameAs":["https:\/\/quersaberpolitica.com.br"],"url":"https:\/\/blogdofarnesio.com.br\/?author=1"}]}},"_links":{"self":[{"href":"https:\/\/blogdofarnesio.com.br\/index.php?rest_route=\/wp\/v2\/posts\/285179","targetHints":{"allow":["GET"]}}],"collection":[{"href":"https:\/\/blogdofarnesio.com.br\/index.php?rest_route=\/wp\/v2\/posts"}],"about":[{"href":"https:\/\/blogdofarnesio.com.br\/index.php?rest_route=\/wp\/v2\/types\/post"}],"author":[{"embeddable":true,"href":"https:\/\/blogdofarnesio.com.br\/index.php?rest_route=\/wp\/v2\/users\/1"}],"replies":[{"embeddable":true,"href":"https:\/\/blogdofarnesio.com.br\/index.php?rest_route=%2Fwp%2Fv2%2Fcomments&post=285179"}],"version-history":[{"count":0,"href":"https:\/\/blogdofarnesio.com.br\/index.php?rest_route=\/wp\/v2\/posts\/285179\/revisions"}],"wp:featuredmedia":[{"embeddable":true,"href":"https:\/\/blogdofarnesio.com.br\/index.php?rest_route=\/wp\/v2\/media\/285180"}],"wp:attachment":[{"href":"https:\/\/blogdofarnesio.com.br\/index.php?rest_route=%2Fwp%2Fv2%2Fmedia&parent=285179"}],"wp:term":[{"taxonomy":"category","embeddable":true,"href":"https:\/\/blogdofarnesio.com.br\/index.php?rest_route=%2Fwp%2Fv2%2Fcategories&post=285179"},{"taxonomy":"post_tag","embeddable":true,"href":"https:\/\/blogdofarnesio.com.br\/index.php?rest_route=%2Fwp%2Fv2%2Ftags&post=285179"}],"curies":[{"name":"wp","href":"https:\/\/api.w.org\/{rel}","templated":true}]}}