{"id":285165,"date":"2021-05-10T08:22:23","date_gmt":"2021-05-10T11:22:23","guid":{"rendered":"http:\/\/quersaberpolitica.com.br\/2016\/?p=285165"},"modified":"2021-05-09T20:20:34","modified_gmt":"2021-05-09T23:20:34","slug":"reuniao-discutiu-desconto-previdenciario-de-14-nos-salarios-dos-servidores-da-prefeiturade-juazeiro","status":"publish","type":"post","link":"https:\/\/blogdofarnesio.com.br\/?p=285165","title":{"rendered":"Reuni\u00e3o discutiu desconto previdenci\u00e1rio de 14% nos sal\u00e1rios dos servidores da prefeiturade Juazeiro"},"content":{"rendered":"<p style=\"font-weight: 400;\">A prefeita Suzana Ramos se reuniu nesta quinta-feira (6) com o diretor executivo do Instituto de Previd\u00eancia de Juazeiro (IPJ), Marcus Onildo, para discutir medidas que possam ser implementadas para diminuir o impacto causado pelo desconto de 14% de contribui\u00e7\u00e3o previdenci\u00e1ria no pagamento dos servidores ativos e inativos.<\/p>\n<p style=\"font-weight: 400;\">Tamb\u00e9m estiveram presentes no encontro a superintendente do IPJ, Tarsila Ramos, a diretora previdenci\u00e1ria, R\u00fabia Oliveira, o secret\u00e1rio de Governo, Tomaz Anor, o procurador do munic\u00edpio, Thiago Cordeiro, e consultores em assessoria do c\u00e1lculo atuarial e compensa\u00e7\u00e3o previdenci\u00e1ria.<\/p>\n<p style=\"font-weight: 400;\">\u201cEntendemos que a situa\u00e7\u00e3o que o pa\u00eds atravessa por causa da pandemia \u00e9 complicada e aqui em Juazeiro tamb\u00e9m n\u00e3o \u00e9 diferente. Para os trabalhadores, servidores tamb\u00e9m n\u00e3o \u00e9 f\u00e1cil com o custo de vida ficando mais alto a cada dia. Ouvimos a demanda trazida pelo IPJ, n\u00f3s estamos sens\u00edveis \u00e0 situa\u00e7\u00e3o e vamos estudar uma solu\u00e7\u00e3o para n\u00e3o ficar t\u00e3o pesado para os servidores, nem cause tantos impactos para o munic\u00edpio\u201d, disse Suzana Ramos.<\/p>\n<p style=\"font-weight: 400;\">O diretor Marcus Onildo contou que o instituto contratou uma empresa especializada para analisar o cen\u00e1rio e propor alternativas. \u201cOs consultores fizeram um estudo detalhado e nos apresentaram propostas que est\u00e3o sendo, cuidadosamente, analisadas, pois n\u00e3o podemos tomar decis\u00f5es precipitadas que poder\u00e3o, a longo prazo, comprometer a manuten\u00e7\u00e3o e a pr\u00f3pria exist\u00eancia da previd\u00eancia\u201d, explicou.<\/p>\n<p style=\"font-weight: 400;\">O IPJ tamb\u00e9m vai debater a pauta com representantes de sindicatos e associa\u00e7\u00f5es de servidores e secret\u00e1rios municipais. A reuni\u00e3o est\u00e1 agendada para esta sexta-feira (07) na sede do instituto.<\/p>\n<p style=\"font-weight: 400;\"><strong>Sobre a contribui\u00e7\u00e3o previdenci\u00e1ria<\/strong><\/p>\n<p style=\"font-weight: 400;\">O percentual de 14% debitado mensalmente na folha de pagamento foi estabelecido pela Reforma da Previd\u00eancia, aprovada pelo Congresso Nacional, atrav\u00e9s da Emenda Constitucional n\u00ba 103\/2019 de 12 de novembro de 2019.<\/p>\n<p style=\"font-weight: 400;\">Texto: Marcela Cavalcanti\u00a0 &#8211; Assessora do IPJ<\/p>\n<p style=\"font-weight: 400;\">Foto: Pedro Angelo<\/p>\n","protected":false},"excerpt":{"rendered":"<p>A prefeita Suzana Ramos se reuniu nesta quinta-feira (6) com o diretor executivo do Instituto de Previd\u00eancia de Juazeiro (IPJ), Marcus Onildo, para discutir medidas que possam ser implementadas para diminuir o impacto causado pelo desconto de 14% de contribui\u00e7\u00e3o previdenci\u00e1ria no pagamento dos servidores ativos e inativos. Tamb\u00e9m estiveram presentes no encontro a superintendente do IPJ, Tarsila Ramos, a diretora previdenci\u00e1ria, R\u00fabia Oliveira, o secret\u00e1rio de Governo, Tomaz Anor, o procurador do munic\u00edpio, Thiago Cordeiro, e consultores em assessoria do c\u00e1lculo atuarial e compensa\u00e7\u00e3o previdenci\u00e1ria. \u201cEntendemos que a situa\u00e7\u00e3o que o pa\u00eds atravessa por causa da pandemia \u00e9 complicada e aqui em Juazeiro tamb\u00e9m n\u00e3o \u00e9 diferente. Para os trabalhadores, servidores tamb\u00e9m n\u00e3o \u00e9 f\u00e1cil com o custo de&hellip; <\/p>\n","protected":false},"author":1,"featured_media":285166,"comment_status":"closed","ping_status":"closed","sticky":false,"template":"","format":"standard","meta":{"_acf_changed":false,"footnotes":""},"categories":[1],"tags":[],"class_list":["post-285165","post","type-post","status-publish","format-standard","has-post-thumbnail","hentry","category-politica"],"acf":[],"yoast_head":"<!-- This site is optimized with the Yoast SEO plugin v27.4 - https:\/\/yoast.com\/product\/yoast-seo-wordpress\/ -->\n<title>Reuni\u00e3o discutiu desconto previdenci\u00e1rio de 14% nos sal\u00e1rios dos servidores da prefeiturade Juazeiro - Blog do Farn\u00e9sio<\/title>\n<meta name=\"robots\" content=\"index, follow, max-snippet:-1, max-image-preview:large, max-video-preview:-1\" \/>\n<link rel=\"canonical\" href=\"https:\/\/blogdofarnesio.com.br\/?p=285165\" \/>\n<meta property=\"og:locale\" content=\"pt_BR\" \/>\n<meta property=\"og:type\" content=\"article\" \/>\n<meta property=\"og:title\" content=\"Reuni\u00e3o discutiu desconto previdenci\u00e1rio de 14% nos sal\u00e1rios dos servidores da prefeiturade Juazeiro - Blog do Farn\u00e9sio\" \/>\n<meta property=\"og:description\" content=\"A prefeita Suzana Ramos se reuniu nesta quinta-feira (6) com o diretor executivo do Instituto de Previd\u00eancia de Juazeiro (IPJ), Marcus Onildo, para discutir medidas que possam ser implementadas para diminuir o impacto causado pelo desconto de 14% de contribui\u00e7\u00e3o previdenci\u00e1ria no pagamento dos servidores ativos e inativos. Tamb\u00e9m estiveram presentes no encontro a superintendente do IPJ, Tarsila Ramos, a diretora previdenci\u00e1ria, R\u00fabia Oliveira, o secret\u00e1rio de Governo, Tomaz Anor, o procurador do munic\u00edpio, Thiago Cordeiro, e consultores em assessoria do c\u00e1lculo atuarial e compensa\u00e7\u00e3o previdenci\u00e1ria. \u201cEntendemos que a situa\u00e7\u00e3o que o pa\u00eds atravessa por causa da pandemia \u00e9 complicada e aqui em Juazeiro tamb\u00e9m n\u00e3o \u00e9 diferente. Para os trabalhadores, servidores tamb\u00e9m n\u00e3o \u00e9 f\u00e1cil com o custo de&hellip;\" \/>\n<meta property=\"og:url\" content=\"https:\/\/blogdofarnesio.com.br\/?p=285165\" \/>\n<meta property=\"og:site_name\" content=\"Blog do Farn\u00e9sio\" \/>\n<meta property=\"article:publisher\" content=\"https:\/\/www.facebook.com\/BlogQuerSaberPolitica\/\" \/>\n<meta property=\"article:published_time\" content=\"2021-05-10T11:22:23+00:00\" \/>\n<meta property=\"og:image\" content=\"https:\/\/blogdofarnesio.com.br\/wp-content\/uploads\/2021\/05\/blogqspjua-ipj-servidores-e1620513182648.jpeg\" \/>\n\t<meta property=\"og:image:width\" content=\"680\" \/>\n\t<meta property=\"og:image:height\" content=\"453\" \/>\n\t<meta property=\"og:image:type\" content=\"image\/jpeg\" \/>\n<meta name=\"author\" content=\"Farn\u00e9sio\" \/>\n<meta name=\"twitter:card\" content=\"summary_large_image\" \/>\n<meta name=\"twitter:label1\" content=\"Escrito por\" \/>\n\t<meta name=\"twitter:data1\" content=\"Farn\u00e9sio\" \/>\n\t<meta name=\"twitter:label2\" content=\"Est. tempo de leitura\" \/>\n\t<meta name=\"twitter:data2\" content=\"2 minutos\" \/>\n<script type=\"application\/ld+json\" class=\"yoast-schema-graph\">{\"@context\":\"https:\\\/\\\/schema.org\",\"@graph\":[{\"@type\":\"Article\",\"@id\":\"https:\\\/\\\/blogdofarnesio.com.br\\\/?p=285165#article\",\"isPartOf\":{\"@id\":\"https:\\\/\\\/blogdofarnesio.com.br\\\/?p=285165\"},\"author\":{\"name\":\"Farn\u00e9sio\",\"@id\":\"https:\\\/\\\/blogdofarnesio.com.br\\\/#\\\/schema\\\/person\\\/301c4acf522bccbfdb45af95b5b906a1\"},\"headline\":\"Reuni\u00e3o discutiu desconto previdenci\u00e1rio de 14% nos sal\u00e1rios dos servidores da prefeiturade Juazeiro\",\"datePublished\":\"2021-05-10T11:22:23+00:00\",\"mainEntityOfPage\":{\"@id\":\"https:\\\/\\\/blogdofarnesio.com.br\\\/?p=285165\"},\"wordCount\":338,\"publisher\":{\"@id\":\"https:\\\/\\\/blogdofarnesio.com.br\\\/#organization\"},\"image\":{\"@id\":\"https:\\\/\\\/blogdofarnesio.com.br\\\/?p=285165#primaryimage\"},\"thumbnailUrl\":\"https:\\\/\\\/blogdofarnesio.com.br\\\/wp-content\\\/uploads\\\/2021\\\/05\\\/blogqspjua-ipj-servidores-e1620513182648.jpeg\",\"articleSection\":[\"Pol\u00edtica\"],\"inLanguage\":\"pt-BR\"},{\"@type\":\"WebPage\",\"@id\":\"https:\\\/\\\/blogdofarnesio.com.br\\\/?p=285165\",\"url\":\"https:\\\/\\\/blogdofarnesio.com.br\\\/?p=285165\",\"name\":\"Reuni\u00e3o discutiu desconto previdenci\u00e1rio de 14% nos sal\u00e1rios dos servidores da prefeiturade Juazeiro - Blog do Farn\u00e9sio\",\"isPartOf\":{\"@id\":\"https:\\\/\\\/blogdofarnesio.com.br\\\/#website\"},\"primaryImageOfPage\":{\"@id\":\"https:\\\/\\\/blogdofarnesio.com.br\\\/?p=285165#primaryimage\"},\"image\":{\"@id\":\"https:\\\/\\\/blogdofarnesio.com.br\\\/?p=285165#primaryimage\"},\"thumbnailUrl\":\"https:\\\/\\\/blogdofarnesio.com.br\\\/wp-content\\\/uploads\\\/2021\\\/05\\\/blogqspjua-ipj-servidores-e1620513182648.jpeg\",\"datePublished\":\"2021-05-10T11:22:23+00:00\",\"breadcrumb\":{\"@id\":\"https:\\\/\\\/blogdofarnesio.com.br\\\/?p=285165#breadcrumb\"},\"inLanguage\":\"pt-BR\",\"potentialAction\":[{\"@type\":\"ReadAction\",\"target\":[\"https:\\\/\\\/blogdofarnesio.com.br\\\/?p=285165\"]}]},{\"@type\":\"ImageObject\",\"inLanguage\":\"pt-BR\",\"@id\":\"https:\\\/\\\/blogdofarnesio.com.br\\\/?p=285165#primaryimage\",\"url\":\"https:\\\/\\\/blogdofarnesio.com.br\\\/wp-content\\\/uploads\\\/2021\\\/05\\\/blogqspjua-ipj-servidores-e1620513182648.jpeg\",\"contentUrl\":\"https:\\\/\\\/blogdofarnesio.com.br\\\/wp-content\\\/uploads\\\/2021\\\/05\\\/blogqspjua-ipj-servidores-e1620513182648.jpeg\",\"width\":680,\"height\":453},{\"@type\":\"BreadcrumbList\",\"@id\":\"https:\\\/\\\/blogdofarnesio.com.br\\\/?p=285165#breadcrumb\",\"itemListElement\":[{\"@type\":\"ListItem\",\"position\":1,\"name\":\"In\u00edcio\",\"item\":\"https:\\\/\\\/blogdofarnesio.com.br\\\/\"},{\"@type\":\"ListItem\",\"position\":2,\"name\":\"Reuni\u00e3o discutiu desconto previdenci\u00e1rio de 14% nos sal\u00e1rios dos servidores da prefeiturade Juazeiro\"}]},{\"@type\":\"WebSite\",\"@id\":\"https:\\\/\\\/blogdofarnesio.com.br\\\/#website\",\"url\":\"https:\\\/\\\/blogdofarnesio.com.br\\\/\",\"name\":\"Blog do Farn\u00e9sio\",\"description\":\"Quer Saber Pol\u00edtica?\",\"publisher\":{\"@id\":\"https:\\\/\\\/blogdofarnesio.com.br\\\/#organization\"},\"potentialAction\":[{\"@type\":\"SearchAction\",\"target\":{\"@type\":\"EntryPoint\",\"urlTemplate\":\"https:\\\/\\\/blogdofarnesio.com.br\\\/?s={search_term_string}\"},\"query-input\":{\"@type\":\"PropertyValueSpecification\",\"valueRequired\":true,\"valueName\":\"search_term_string\"}}],\"inLanguage\":\"pt-BR\"},{\"@type\":\"Organization\",\"@id\":\"https:\\\/\\\/blogdofarnesio.com.br\\\/#organization\",\"name\":\"Blog do Farn\u00e9sio\",\"url\":\"https:\\\/\\\/blogdofarnesio.com.br\\\/\",\"logo\":{\"@type\":\"ImageObject\",\"inLanguage\":\"pt-BR\",\"@id\":\"https:\\\/\\\/blogdofarnesio.com.br\\\/#\\\/schema\\\/logo\\\/image\\\/\",\"url\":\"https:\\\/\\\/blogdofarnesio.com.br\\\/wp-content\\\/uploads\\\/2026\\\/03\\\/cropped-logo_new-1.png\",\"contentUrl\":\"https:\\\/\\\/blogdofarnesio.com.br\\\/wp-content\\\/uploads\\\/2026\\\/03\\\/cropped-logo_new-1.png\",\"width\":881,\"height\":685,\"caption\":\"Blog do Farn\u00e9sio\"},\"image\":{\"@id\":\"https:\\\/\\\/blogdofarnesio.com.br\\\/#\\\/schema\\\/logo\\\/image\\\/\"},\"sameAs\":[\"https:\\\/\\\/www.facebook.com\\\/BlogQuerSaberPolitica\\\/\"]},{\"@type\":\"Person\",\"@id\":\"https:\\\/\\\/blogdofarnesio.com.br\\\/#\\\/schema\\\/person\\\/301c4acf522bccbfdb45af95b5b906a1\",\"name\":\"Farn\u00e9sio\",\"image\":{\"@type\":\"ImageObject\",\"inLanguage\":\"pt-BR\",\"@id\":\"https:\\\/\\\/secure.gravatar.com\\\/avatar\\\/df0c9a14567c056f8ad6876ba5bbd1e3e2c48023eb6807342fc4663adf549f38?s=96&d=mm&r=g\",\"url\":\"https:\\\/\\\/secure.gravatar.com\\\/avatar\\\/df0c9a14567c056f8ad6876ba5bbd1e3e2c48023eb6807342fc4663adf549f38?s=96&d=mm&r=g\",\"contentUrl\":\"https:\\\/\\\/secure.gravatar.com\\\/avatar\\\/df0c9a14567c056f8ad6876ba5bbd1e3e2c48023eb6807342fc4663adf549f38?s=96&d=mm&r=g\",\"caption\":\"Farn\u00e9sio\"},\"sameAs\":[\"https:\\\/\\\/quersaberpolitica.com.br\"],\"url\":\"https:\\\/\\\/blogdofarnesio.com.br\\\/?author=1\"}]}<\/script>\n<!-- \/ Yoast SEO plugin. -->","yoast_head_json":{"title":"Reuni\u00e3o discutiu desconto previdenci\u00e1rio de 14% nos sal\u00e1rios dos servidores da prefeiturade Juazeiro - Blog do Farn\u00e9sio","robots":{"index":"index","follow":"follow","max-snippet":"max-snippet:-1","max-image-preview":"max-image-preview:large","max-video-preview":"max-video-preview:-1"},"canonical":"https:\/\/blogdofarnesio.com.br\/?p=285165","og_locale":"pt_BR","og_type":"article","og_title":"Reuni\u00e3o discutiu desconto previdenci\u00e1rio de 14% nos sal\u00e1rios dos servidores da prefeiturade Juazeiro - Blog do Farn\u00e9sio","og_description":"A prefeita Suzana Ramos se reuniu nesta quinta-feira (6) com o diretor executivo do Instituto de Previd\u00eancia de Juazeiro (IPJ), Marcus Onildo, para discutir medidas que possam ser implementadas para diminuir o impacto causado pelo desconto de 14% de contribui\u00e7\u00e3o previdenci\u00e1ria no pagamento dos servidores ativos e inativos. Tamb\u00e9m estiveram presentes no encontro a superintendente do IPJ, Tarsila Ramos, a diretora previdenci\u00e1ria, R\u00fabia Oliveira, o secret\u00e1rio de Governo, Tomaz Anor, o procurador do munic\u00edpio, Thiago Cordeiro, e consultores em assessoria do c\u00e1lculo atuarial e compensa\u00e7\u00e3o previdenci\u00e1ria. \u201cEntendemos que a situa\u00e7\u00e3o que o pa\u00eds atravessa por causa da pandemia \u00e9 complicada e aqui em Juazeiro tamb\u00e9m n\u00e3o \u00e9 diferente. Para os trabalhadores, servidores tamb\u00e9m n\u00e3o \u00e9 f\u00e1cil com o custo de&hellip;","og_url":"https:\/\/blogdofarnesio.com.br\/?p=285165","og_site_name":"Blog do Farn\u00e9sio","article_publisher":"https:\/\/www.facebook.com\/BlogQuerSaberPolitica\/","article_published_time":"2021-05-10T11:22:23+00:00","og_image":[{"width":680,"height":453,"url":"https:\/\/blogdofarnesio.com.br\/wp-content\/uploads\/2021\/05\/blogqspjua-ipj-servidores-e1620513182648.jpeg","type":"image\/jpeg"}],"author":"Farn\u00e9sio","twitter_card":"summary_large_image","twitter_misc":{"Escrito por":"Farn\u00e9sio","Est. tempo de leitura":"2 minutos"},"schema":{"@context":"https:\/\/schema.org","@graph":[{"@type":"Article","@id":"https:\/\/blogdofarnesio.com.br\/?p=285165#article","isPartOf":{"@id":"https:\/\/blogdofarnesio.com.br\/?p=285165"},"author":{"name":"Farn\u00e9sio","@id":"https:\/\/blogdofarnesio.com.br\/#\/schema\/person\/301c4acf522bccbfdb45af95b5b906a1"},"headline":"Reuni\u00e3o discutiu desconto previdenci\u00e1rio de 14% nos sal\u00e1rios dos servidores da prefeiturade Juazeiro","datePublished":"2021-05-10T11:22:23+00:00","mainEntityOfPage":{"@id":"https:\/\/blogdofarnesio.com.br\/?p=285165"},"wordCount":338,"publisher":{"@id":"https:\/\/blogdofarnesio.com.br\/#organization"},"image":{"@id":"https:\/\/blogdofarnesio.com.br\/?p=285165#primaryimage"},"thumbnailUrl":"https:\/\/blogdofarnesio.com.br\/wp-content\/uploads\/2021\/05\/blogqspjua-ipj-servidores-e1620513182648.jpeg","articleSection":["Pol\u00edtica"],"inLanguage":"pt-BR"},{"@type":"WebPage","@id":"https:\/\/blogdofarnesio.com.br\/?p=285165","url":"https:\/\/blogdofarnesio.com.br\/?p=285165","name":"Reuni\u00e3o discutiu desconto previdenci\u00e1rio de 14% nos sal\u00e1rios dos servidores da prefeiturade Juazeiro - Blog do Farn\u00e9sio","isPartOf":{"@id":"https:\/\/blogdofarnesio.com.br\/#website"},"primaryImageOfPage":{"@id":"https:\/\/blogdofarnesio.com.br\/?p=285165#primaryimage"},"image":{"@id":"https:\/\/blogdofarnesio.com.br\/?p=285165#primaryimage"},"thumbnailUrl":"https:\/\/blogdofarnesio.com.br\/wp-content\/uploads\/2021\/05\/blogqspjua-ipj-servidores-e1620513182648.jpeg","datePublished":"2021-05-10T11:22:23+00:00","breadcrumb":{"@id":"https:\/\/blogdofarnesio.com.br\/?p=285165#breadcrumb"},"inLanguage":"pt-BR","potentialAction":[{"@type":"ReadAction","target":["https:\/\/blogdofarnesio.com.br\/?p=285165"]}]},{"@type":"ImageObject","inLanguage":"pt-BR","@id":"https:\/\/blogdofarnesio.com.br\/?p=285165#primaryimage","url":"https:\/\/blogdofarnesio.com.br\/wp-content\/uploads\/2021\/05\/blogqspjua-ipj-servidores-e1620513182648.jpeg","contentUrl":"https:\/\/blogdofarnesio.com.br\/wp-content\/uploads\/2021\/05\/blogqspjua-ipj-servidores-e1620513182648.jpeg","width":680,"height":453},{"@type":"BreadcrumbList","@id":"https:\/\/blogdofarnesio.com.br\/?p=285165#breadcrumb","itemListElement":[{"@type":"ListItem","position":1,"name":"In\u00edcio","item":"https:\/\/blogdofarnesio.com.br\/"},{"@type":"ListItem","position":2,"name":"Reuni\u00e3o discutiu desconto previdenci\u00e1rio de 14% nos sal\u00e1rios dos servidores da prefeiturade Juazeiro"}]},{"@type":"WebSite","@id":"https:\/\/blogdofarnesio.com.br\/#website","url":"https:\/\/blogdofarnesio.com.br\/","name":"Blog do Farn\u00e9sio","description":"Quer Saber Pol\u00edtica?","publisher":{"@id":"https:\/\/blogdofarnesio.com.br\/#organization"},"potentialAction":[{"@type":"SearchAction","target":{"@type":"EntryPoint","urlTemplate":"https:\/\/blogdofarnesio.com.br\/?s={search_term_string}"},"query-input":{"@type":"PropertyValueSpecification","valueRequired":true,"valueName":"search_term_string"}}],"inLanguage":"pt-BR"},{"@type":"Organization","@id":"https:\/\/blogdofarnesio.com.br\/#organization","name":"Blog do Farn\u00e9sio","url":"https:\/\/blogdofarnesio.com.br\/","logo":{"@type":"ImageObject","inLanguage":"pt-BR","@id":"https:\/\/blogdofarnesio.com.br\/#\/schema\/logo\/image\/","url":"https:\/\/blogdofarnesio.com.br\/wp-content\/uploads\/2026\/03\/cropped-logo_new-1.png","contentUrl":"https:\/\/blogdofarnesio.com.br\/wp-content\/uploads\/2026\/03\/cropped-logo_new-1.png","width":881,"height":685,"caption":"Blog do Farn\u00e9sio"},"image":{"@id":"https:\/\/blogdofarnesio.com.br\/#\/schema\/logo\/image\/"},"sameAs":["https:\/\/www.facebook.com\/BlogQuerSaberPolitica\/"]},{"@type":"Person","@id":"https:\/\/blogdofarnesio.com.br\/#\/schema\/person\/301c4acf522bccbfdb45af95b5b906a1","name":"Farn\u00e9sio","image":{"@type":"ImageObject","inLanguage":"pt-BR","@id":"https:\/\/secure.gravatar.com\/avatar\/df0c9a14567c056f8ad6876ba5bbd1e3e2c48023eb6807342fc4663adf549f38?s=96&d=mm&r=g","url":"https:\/\/secure.gravatar.com\/avatar\/df0c9a14567c056f8ad6876ba5bbd1e3e2c48023eb6807342fc4663adf549f38?s=96&d=mm&r=g","contentUrl":"https:\/\/secure.gravatar.com\/avatar\/df0c9a14567c056f8ad6876ba5bbd1e3e2c48023eb6807342fc4663adf549f38?s=96&d=mm&r=g","caption":"Farn\u00e9sio"},"sameAs":["https:\/\/quersaberpolitica.com.br"],"url":"https:\/\/blogdofarnesio.com.br\/?author=1"}]}},"_links":{"self":[{"href":"https:\/\/blogdofarnesio.com.br\/index.php?rest_route=\/wp\/v2\/posts\/285165","targetHints":{"allow":["GET"]}}],"collection":[{"href":"https:\/\/blogdofarnesio.com.br\/index.php?rest_route=\/wp\/v2\/posts"}],"about":[{"href":"https:\/\/blogdofarnesio.com.br\/index.php?rest_route=\/wp\/v2\/types\/post"}],"author":[{"embeddable":true,"href":"https:\/\/blogdofarnesio.com.br\/index.php?rest_route=\/wp\/v2\/users\/1"}],"replies":[{"embeddable":true,"href":"https:\/\/blogdofarnesio.com.br\/index.php?rest_route=%2Fwp%2Fv2%2Fcomments&post=285165"}],"version-history":[{"count":0,"href":"https:\/\/blogdofarnesio.com.br\/index.php?rest_route=\/wp\/v2\/posts\/285165\/revisions"}],"wp:featuredmedia":[{"embeddable":true,"href":"https:\/\/blogdofarnesio.com.br\/index.php?rest_route=\/wp\/v2\/media\/285166"}],"wp:attachment":[{"href":"https:\/\/blogdofarnesio.com.br\/index.php?rest_route=%2Fwp%2Fv2%2Fmedia&parent=285165"}],"wp:term":[{"taxonomy":"category","embeddable":true,"href":"https:\/\/blogdofarnesio.com.br\/index.php?rest_route=%2Fwp%2Fv2%2Fcategories&post=285165"},{"taxonomy":"post_tag","embeddable":true,"href":"https:\/\/blogdofarnesio.com.br\/index.php?rest_route=%2Fwp%2Fv2%2Ftags&post=285165"}],"curies":[{"name":"wp","href":"https:\/\/api.w.org\/{rel}","templated":true}]}}