{"id":285036,"date":"2021-05-10T10:22:28","date_gmt":"2021-05-10T13:22:28","guid":{"rendered":"http:\/\/quersaberpolitica.com.br\/2016\/?p=285036"},"modified":"2021-05-09T20:15:26","modified_gmt":"2021-05-09T23:15:26","slug":"patrulha-maria-da-penha-da-guarda-civil-de-petrolina-monitora-mulheres-vitimas-de-violencia-domestica","status":"publish","type":"post","link":"https:\/\/blogdofarnesio.com.br\/?p=285036","title":{"rendered":"Patrulha Maria da Penha da Guarda Civil de Petrolina monitora mulheres v\u00edtimas de viol\u00eancia dom\u00e9stica"},"content":{"rendered":"<p>Nos primeiros quatro meses de 2021, a Patrulha da Mulher, servi\u00e7o desenvolvido pela Guarda Civil Municipal de Petrolina, realizou 966 visitas domiciliares e atendeu 419 mulheres v\u00edtimas de viol\u00eancia dom\u00e9stica. Essas mulheres possu\u00edam medidas protetivas decretadas pelo Poder Judici\u00e1rio.<\/p>\n<p>O coordenador da Patrulha da Mulher, Inspetor Jenivaldo dos Santos, explica que a fiscaliza\u00e7\u00e3o que analisa a vigil\u00e2ncia do cumprimento das medidas \u00e9 feita com visitas domiciliares. Ou seja, o monitoramento \u00e9 realizado de forma presencial com seguran\u00e7a e intera\u00e7\u00e3o virtual com as v\u00edtimas. Ele destaca ainda que mais de tr\u00eas mil atendimentos j\u00e1 foram realizados desde a cria\u00e7\u00e3o do programa em Petrolina.<\/p>\n<p>\u201cA equipe vem proporcionando o resgate do direito \u00e0 vida, dignidade e seguran\u00e7a das mulheres v\u00edtimas e suas fam\u00edlias. Permitimos que essas mulheres voltem a viver em seguran\u00e7a, que trabalhem, estudem e tenham liberdade para decidir sobre sua pr\u00f3pria vida\u201d, pontuou o coordenador.<\/p>\n<p>A patrulha especializada presta servi\u00e7o \u00e0 popula\u00e7\u00e3o 24 horas por dia. Qualquer den\u00fancia que envolva viol\u00eancia contra a mulher pode ser registrada pela central de atendimento da Guarda Civil Municipal pelo telefone 153 ou pelo\u00a0whatsApp\u00a0(87) 98106-7310.<\/p>\n<p><strong>\u00a0<\/strong><\/p>\n<p>Fotos: Jonas Santos<\/p>\n<p>Luzete Nobre \u2013 Assessora<\/p>\n","protected":false},"excerpt":{"rendered":"<p>Nos primeiros quatro meses de 2021, a Patrulha da Mulher, servi\u00e7o desenvolvido pela Guarda Civil Municipal de Petrolina, realizou 966 visitas domiciliares e atendeu 419 mulheres v\u00edtimas de viol\u00eancia dom\u00e9stica. Essas mulheres possu\u00edam medidas protetivas decretadas pelo Poder Judici\u00e1rio. O coordenador da Patrulha da Mulher, Inspetor Jenivaldo dos Santos, explica que a fiscaliza\u00e7\u00e3o que analisa a vigil\u00e2ncia do cumprimento das medidas \u00e9 feita com visitas domiciliares. Ou seja, o monitoramento \u00e9 realizado de forma presencial com seguran\u00e7a e intera\u00e7\u00e3o virtual com as v\u00edtimas. Ele destaca ainda que mais de tr\u00eas mil atendimentos j\u00e1 foram realizados desde a cria\u00e7\u00e3o do programa em Petrolina. \u201cA equipe vem proporcionando o resgate do direito \u00e0 vida, dignidade e seguran\u00e7a das mulheres v\u00edtimas e suas&hellip; <\/p>\n","protected":false},"author":1,"featured_media":0,"comment_status":"closed","ping_status":"closed","sticky":false,"template":"","format":"standard","meta":{"_acf_changed":false,"footnotes":""},"categories":[22,5],"tags":[],"class_list":["post-285036","post","type-post","status-publish","format-standard","hentry","category-acao-social","category-seguranca"],"acf":[],"yoast_head":"<!-- This site is optimized with the Yoast SEO plugin v27.4 - https:\/\/yoast.com\/product\/yoast-seo-wordpress\/ -->\n<title>Patrulha Maria da Penha da Guarda Civil de Petrolina monitora mulheres v\u00edtimas de viol\u00eancia dom\u00e9stica - Blog do Farn\u00e9sio<\/title>\n<meta name=\"robots\" content=\"index, follow, max-snippet:-1, max-image-preview:large, max-video-preview:-1\" \/>\n<link rel=\"canonical\" href=\"https:\/\/blogdofarnesio.com.br\/?p=285036\" \/>\n<meta property=\"og:locale\" content=\"pt_BR\" \/>\n<meta property=\"og:type\" content=\"article\" \/>\n<meta property=\"og:title\" content=\"Patrulha Maria da Penha da Guarda Civil de Petrolina monitora mulheres v\u00edtimas de viol\u00eancia dom\u00e9stica - Blog do Farn\u00e9sio\" \/>\n<meta property=\"og:description\" content=\"Nos primeiros quatro meses de 2021, a Patrulha da Mulher, servi\u00e7o desenvolvido pela Guarda Civil Municipal de Petrolina, realizou 966 visitas domiciliares e atendeu 419 mulheres v\u00edtimas de viol\u00eancia dom\u00e9stica. Essas mulheres possu\u00edam medidas protetivas decretadas pelo Poder Judici\u00e1rio. O coordenador da Patrulha da Mulher, Inspetor Jenivaldo dos Santos, explica que a fiscaliza\u00e7\u00e3o que analisa a vigil\u00e2ncia do cumprimento das medidas \u00e9 feita com visitas domiciliares. Ou seja, o monitoramento \u00e9 realizado de forma presencial com seguran\u00e7a e intera\u00e7\u00e3o virtual com as v\u00edtimas. Ele destaca ainda que mais de tr\u00eas mil atendimentos j\u00e1 foram realizados desde a cria\u00e7\u00e3o do programa em Petrolina. \u201cA equipe vem proporcionando o resgate do direito \u00e0 vida, dignidade e seguran\u00e7a das mulheres v\u00edtimas e suas&hellip;\" \/>\n<meta property=\"og:url\" content=\"https:\/\/blogdofarnesio.com.br\/?p=285036\" \/>\n<meta property=\"og:site_name\" content=\"Blog do Farn\u00e9sio\" \/>\n<meta property=\"article:publisher\" content=\"https:\/\/www.facebook.com\/BlogQuerSaberPolitica\/\" \/>\n<meta property=\"article:published_time\" content=\"2021-05-10T13:22:28+00:00\" \/>\n<meta name=\"author\" content=\"Farn\u00e9sio\" \/>\n<meta name=\"twitter:card\" content=\"summary_large_image\" \/>\n<meta name=\"twitter:label1\" content=\"Escrito por\" \/>\n\t<meta name=\"twitter:data1\" content=\"Farn\u00e9sio\" \/>\n\t<meta name=\"twitter:label2\" content=\"Est. tempo de leitura\" \/>\n\t<meta name=\"twitter:data2\" content=\"1 minuto\" \/>\n<script type=\"application\/ld+json\" class=\"yoast-schema-graph\">{\"@context\":\"https:\\\/\\\/schema.org\",\"@graph\":[{\"@type\":\"Article\",\"@id\":\"https:\\\/\\\/blogdofarnesio.com.br\\\/?p=285036#article\",\"isPartOf\":{\"@id\":\"https:\\\/\\\/blogdofarnesio.com.br\\\/?p=285036\"},\"author\":{\"name\":\"Farn\u00e9sio\",\"@id\":\"https:\\\/\\\/blogdofarnesio.com.br\\\/#\\\/schema\\\/person\\\/301c4acf522bccbfdb45af95b5b906a1\"},\"headline\":\"Patrulha Maria da Penha da Guarda Civil de Petrolina monitora mulheres v\u00edtimas de viol\u00eancia dom\u00e9stica\",\"datePublished\":\"2021-05-10T13:22:28+00:00\",\"mainEntityOfPage\":{\"@id\":\"https:\\\/\\\/blogdofarnesio.com.br\\\/?p=285036\"},\"wordCount\":219,\"publisher\":{\"@id\":\"https:\\\/\\\/blogdofarnesio.com.br\\\/#organization\"},\"articleSection\":[\"A\u00e7\u00e3o Social\",\"Seguran\u00e7a\"],\"inLanguage\":\"pt-BR\"},{\"@type\":\"WebPage\",\"@id\":\"https:\\\/\\\/blogdofarnesio.com.br\\\/?p=285036\",\"url\":\"https:\\\/\\\/blogdofarnesio.com.br\\\/?p=285036\",\"name\":\"Patrulha Maria da Penha da Guarda Civil de Petrolina monitora mulheres v\u00edtimas de viol\u00eancia dom\u00e9stica - Blog do Farn\u00e9sio\",\"isPartOf\":{\"@id\":\"https:\\\/\\\/blogdofarnesio.com.br\\\/#website\"},\"datePublished\":\"2021-05-10T13:22:28+00:00\",\"breadcrumb\":{\"@id\":\"https:\\\/\\\/blogdofarnesio.com.br\\\/?p=285036#breadcrumb\"},\"inLanguage\":\"pt-BR\",\"potentialAction\":[{\"@type\":\"ReadAction\",\"target\":[\"https:\\\/\\\/blogdofarnesio.com.br\\\/?p=285036\"]}]},{\"@type\":\"BreadcrumbList\",\"@id\":\"https:\\\/\\\/blogdofarnesio.com.br\\\/?p=285036#breadcrumb\",\"itemListElement\":[{\"@type\":\"ListItem\",\"position\":1,\"name\":\"In\u00edcio\",\"item\":\"https:\\\/\\\/blogdofarnesio.com.br\\\/\"},{\"@type\":\"ListItem\",\"position\":2,\"name\":\"Patrulha Maria da Penha da Guarda Civil de Petrolina monitora mulheres v\u00edtimas de viol\u00eancia dom\u00e9stica\"}]},{\"@type\":\"WebSite\",\"@id\":\"https:\\\/\\\/blogdofarnesio.com.br\\\/#website\",\"url\":\"https:\\\/\\\/blogdofarnesio.com.br\\\/\",\"name\":\"Blog do Farn\u00e9sio\",\"description\":\"Quer Saber Pol\u00edtica?\",\"publisher\":{\"@id\":\"https:\\\/\\\/blogdofarnesio.com.br\\\/#organization\"},\"potentialAction\":[{\"@type\":\"SearchAction\",\"target\":{\"@type\":\"EntryPoint\",\"urlTemplate\":\"https:\\\/\\\/blogdofarnesio.com.br\\\/?s={search_term_string}\"},\"query-input\":{\"@type\":\"PropertyValueSpecification\",\"valueRequired\":true,\"valueName\":\"search_term_string\"}}],\"inLanguage\":\"pt-BR\"},{\"@type\":\"Organization\",\"@id\":\"https:\\\/\\\/blogdofarnesio.com.br\\\/#organization\",\"name\":\"Blog do Farn\u00e9sio\",\"url\":\"https:\\\/\\\/blogdofarnesio.com.br\\\/\",\"logo\":{\"@type\":\"ImageObject\",\"inLanguage\":\"pt-BR\",\"@id\":\"https:\\\/\\\/blogdofarnesio.com.br\\\/#\\\/schema\\\/logo\\\/image\\\/\",\"url\":\"https:\\\/\\\/blogdofarnesio.com.br\\\/wp-content\\\/uploads\\\/2026\\\/03\\\/cropped-logo_new-1.png\",\"contentUrl\":\"https:\\\/\\\/blogdofarnesio.com.br\\\/wp-content\\\/uploads\\\/2026\\\/03\\\/cropped-logo_new-1.png\",\"width\":881,\"height\":685,\"caption\":\"Blog do Farn\u00e9sio\"},\"image\":{\"@id\":\"https:\\\/\\\/blogdofarnesio.com.br\\\/#\\\/schema\\\/logo\\\/image\\\/\"},\"sameAs\":[\"https:\\\/\\\/www.facebook.com\\\/BlogQuerSaberPolitica\\\/\"]},{\"@type\":\"Person\",\"@id\":\"https:\\\/\\\/blogdofarnesio.com.br\\\/#\\\/schema\\\/person\\\/301c4acf522bccbfdb45af95b5b906a1\",\"name\":\"Farn\u00e9sio\",\"image\":{\"@type\":\"ImageObject\",\"inLanguage\":\"pt-BR\",\"@id\":\"https:\\\/\\\/secure.gravatar.com\\\/avatar\\\/df0c9a14567c056f8ad6876ba5bbd1e3e2c48023eb6807342fc4663adf549f38?s=96&d=mm&r=g\",\"url\":\"https:\\\/\\\/secure.gravatar.com\\\/avatar\\\/df0c9a14567c056f8ad6876ba5bbd1e3e2c48023eb6807342fc4663adf549f38?s=96&d=mm&r=g\",\"contentUrl\":\"https:\\\/\\\/secure.gravatar.com\\\/avatar\\\/df0c9a14567c056f8ad6876ba5bbd1e3e2c48023eb6807342fc4663adf549f38?s=96&d=mm&r=g\",\"caption\":\"Farn\u00e9sio\"},\"sameAs\":[\"https:\\\/\\\/quersaberpolitica.com.br\"],\"url\":\"https:\\\/\\\/blogdofarnesio.com.br\\\/?author=1\"}]}<\/script>\n<!-- \/ Yoast SEO plugin. -->","yoast_head_json":{"title":"Patrulha Maria da Penha da Guarda Civil de Petrolina monitora mulheres v\u00edtimas de viol\u00eancia dom\u00e9stica - Blog do Farn\u00e9sio","robots":{"index":"index","follow":"follow","max-snippet":"max-snippet:-1","max-image-preview":"max-image-preview:large","max-video-preview":"max-video-preview:-1"},"canonical":"https:\/\/blogdofarnesio.com.br\/?p=285036","og_locale":"pt_BR","og_type":"article","og_title":"Patrulha Maria da Penha da Guarda Civil de Petrolina monitora mulheres v\u00edtimas de viol\u00eancia dom\u00e9stica - Blog do Farn\u00e9sio","og_description":"Nos primeiros quatro meses de 2021, a Patrulha da Mulher, servi\u00e7o desenvolvido pela Guarda Civil Municipal de Petrolina, realizou 966 visitas domiciliares e atendeu 419 mulheres v\u00edtimas de viol\u00eancia dom\u00e9stica. Essas mulheres possu\u00edam medidas protetivas decretadas pelo Poder Judici\u00e1rio. O coordenador da Patrulha da Mulher, Inspetor Jenivaldo dos Santos, explica que a fiscaliza\u00e7\u00e3o que analisa a vigil\u00e2ncia do cumprimento das medidas \u00e9 feita com visitas domiciliares. Ou seja, o monitoramento \u00e9 realizado de forma presencial com seguran\u00e7a e intera\u00e7\u00e3o virtual com as v\u00edtimas. Ele destaca ainda que mais de tr\u00eas mil atendimentos j\u00e1 foram realizados desde a cria\u00e7\u00e3o do programa em Petrolina. \u201cA equipe vem proporcionando o resgate do direito \u00e0 vida, dignidade e seguran\u00e7a das mulheres v\u00edtimas e suas&hellip;","og_url":"https:\/\/blogdofarnesio.com.br\/?p=285036","og_site_name":"Blog do Farn\u00e9sio","article_publisher":"https:\/\/www.facebook.com\/BlogQuerSaberPolitica\/","article_published_time":"2021-05-10T13:22:28+00:00","author":"Farn\u00e9sio","twitter_card":"summary_large_image","twitter_misc":{"Escrito por":"Farn\u00e9sio","Est. tempo de leitura":"1 minuto"},"schema":{"@context":"https:\/\/schema.org","@graph":[{"@type":"Article","@id":"https:\/\/blogdofarnesio.com.br\/?p=285036#article","isPartOf":{"@id":"https:\/\/blogdofarnesio.com.br\/?p=285036"},"author":{"name":"Farn\u00e9sio","@id":"https:\/\/blogdofarnesio.com.br\/#\/schema\/person\/301c4acf522bccbfdb45af95b5b906a1"},"headline":"Patrulha Maria da Penha da Guarda Civil de Petrolina monitora mulheres v\u00edtimas de viol\u00eancia dom\u00e9stica","datePublished":"2021-05-10T13:22:28+00:00","mainEntityOfPage":{"@id":"https:\/\/blogdofarnesio.com.br\/?p=285036"},"wordCount":219,"publisher":{"@id":"https:\/\/blogdofarnesio.com.br\/#organization"},"articleSection":["A\u00e7\u00e3o Social","Seguran\u00e7a"],"inLanguage":"pt-BR"},{"@type":"WebPage","@id":"https:\/\/blogdofarnesio.com.br\/?p=285036","url":"https:\/\/blogdofarnesio.com.br\/?p=285036","name":"Patrulha Maria da Penha da Guarda Civil de Petrolina monitora mulheres v\u00edtimas de viol\u00eancia dom\u00e9stica - Blog do Farn\u00e9sio","isPartOf":{"@id":"https:\/\/blogdofarnesio.com.br\/#website"},"datePublished":"2021-05-10T13:22:28+00:00","breadcrumb":{"@id":"https:\/\/blogdofarnesio.com.br\/?p=285036#breadcrumb"},"inLanguage":"pt-BR","potentialAction":[{"@type":"ReadAction","target":["https:\/\/blogdofarnesio.com.br\/?p=285036"]}]},{"@type":"BreadcrumbList","@id":"https:\/\/blogdofarnesio.com.br\/?p=285036#breadcrumb","itemListElement":[{"@type":"ListItem","position":1,"name":"In\u00edcio","item":"https:\/\/blogdofarnesio.com.br\/"},{"@type":"ListItem","position":2,"name":"Patrulha Maria da Penha da Guarda Civil de Petrolina monitora mulheres v\u00edtimas de viol\u00eancia dom\u00e9stica"}]},{"@type":"WebSite","@id":"https:\/\/blogdofarnesio.com.br\/#website","url":"https:\/\/blogdofarnesio.com.br\/","name":"Blog do Farn\u00e9sio","description":"Quer Saber Pol\u00edtica?","publisher":{"@id":"https:\/\/blogdofarnesio.com.br\/#organization"},"potentialAction":[{"@type":"SearchAction","target":{"@type":"EntryPoint","urlTemplate":"https:\/\/blogdofarnesio.com.br\/?s={search_term_string}"},"query-input":{"@type":"PropertyValueSpecification","valueRequired":true,"valueName":"search_term_string"}}],"inLanguage":"pt-BR"},{"@type":"Organization","@id":"https:\/\/blogdofarnesio.com.br\/#organization","name":"Blog do Farn\u00e9sio","url":"https:\/\/blogdofarnesio.com.br\/","logo":{"@type":"ImageObject","inLanguage":"pt-BR","@id":"https:\/\/blogdofarnesio.com.br\/#\/schema\/logo\/image\/","url":"https:\/\/blogdofarnesio.com.br\/wp-content\/uploads\/2026\/03\/cropped-logo_new-1.png","contentUrl":"https:\/\/blogdofarnesio.com.br\/wp-content\/uploads\/2026\/03\/cropped-logo_new-1.png","width":881,"height":685,"caption":"Blog do Farn\u00e9sio"},"image":{"@id":"https:\/\/blogdofarnesio.com.br\/#\/schema\/logo\/image\/"},"sameAs":["https:\/\/www.facebook.com\/BlogQuerSaberPolitica\/"]},{"@type":"Person","@id":"https:\/\/blogdofarnesio.com.br\/#\/schema\/person\/301c4acf522bccbfdb45af95b5b906a1","name":"Farn\u00e9sio","image":{"@type":"ImageObject","inLanguage":"pt-BR","@id":"https:\/\/secure.gravatar.com\/avatar\/df0c9a14567c056f8ad6876ba5bbd1e3e2c48023eb6807342fc4663adf549f38?s=96&d=mm&r=g","url":"https:\/\/secure.gravatar.com\/avatar\/df0c9a14567c056f8ad6876ba5bbd1e3e2c48023eb6807342fc4663adf549f38?s=96&d=mm&r=g","contentUrl":"https:\/\/secure.gravatar.com\/avatar\/df0c9a14567c056f8ad6876ba5bbd1e3e2c48023eb6807342fc4663adf549f38?s=96&d=mm&r=g","caption":"Farn\u00e9sio"},"sameAs":["https:\/\/quersaberpolitica.com.br"],"url":"https:\/\/blogdofarnesio.com.br\/?author=1"}]}},"_links":{"self":[{"href":"https:\/\/blogdofarnesio.com.br\/index.php?rest_route=\/wp\/v2\/posts\/285036","targetHints":{"allow":["GET"]}}],"collection":[{"href":"https:\/\/blogdofarnesio.com.br\/index.php?rest_route=\/wp\/v2\/posts"}],"about":[{"href":"https:\/\/blogdofarnesio.com.br\/index.php?rest_route=\/wp\/v2\/types\/post"}],"author":[{"embeddable":true,"href":"https:\/\/blogdofarnesio.com.br\/index.php?rest_route=\/wp\/v2\/users\/1"}],"replies":[{"embeddable":true,"href":"https:\/\/blogdofarnesio.com.br\/index.php?rest_route=%2Fwp%2Fv2%2Fcomments&post=285036"}],"version-history":[{"count":0,"href":"https:\/\/blogdofarnesio.com.br\/index.php?rest_route=\/wp\/v2\/posts\/285036\/revisions"}],"wp:attachment":[{"href":"https:\/\/blogdofarnesio.com.br\/index.php?rest_route=%2Fwp%2Fv2%2Fmedia&parent=285036"}],"wp:term":[{"taxonomy":"category","embeddable":true,"href":"https:\/\/blogdofarnesio.com.br\/index.php?rest_route=%2Fwp%2Fv2%2Fcategories&post=285036"},{"taxonomy":"post_tag","embeddable":true,"href":"https:\/\/blogdofarnesio.com.br\/index.php?rest_route=%2Fwp%2Fv2%2Ftags&post=285036"}],"curies":[{"name":"wp","href":"https:\/\/api.w.org\/{rel}","templated":true}]}}