{"id":285023,"date":"2021-05-07T08:22:19","date_gmt":"2021-05-07T11:22:19","guid":{"rendered":"http:\/\/quersaberpolitica.com.br\/2016\/?p=285023"},"modified":"2021-05-07T08:05:21","modified_gmt":"2021-05-07T11:05:21","slug":"vice-prefeito-simao-durando-recebe-embaixador-de-israel-e-discute-avancos-tecnologicos-para-a-fruticultura-irrigada-de-petrolina","status":"publish","type":"post","link":"https:\/\/blogdofarnesio.com.br\/?p=285023","title":{"rendered":"Vice-prefeito Sim\u00e3o Durando recebe Embaixador de Israel e discute avan\u00e7os tecnol\u00f3gicos para a fruticultura irrigada de Petrolina"},"content":{"rendered":"<p style=\"font-weight: 400;\">O vice-prefeito de Petrolina, Sim\u00e3o Durando, recebeu nessa quinta-feira (06) a visita do novo embaixador de Israel no Brasil, Shmulik Arie Bass e sua comitiva.<\/p>\n<p style=\"font-weight: 400;\">Essa agenda fez parte de uma s\u00e9rie de visitas de cortesia da Embaixada de Israel ao nordeste brasileiro no intuito de estabelecer la\u00e7os entre os pa\u00edses, principalmente, para coopera\u00e7\u00e3o tecnol\u00f3gica em recursos h\u00eddricos e na agricultura.<\/p>\n<p style=\"font-weight: 400;\"><img loading=\"lazy\" decoding=\"async\" class=\"aligncenter size-full wp-image-285026\" src=\"http:\/\/quersaberpolitica.com.br\/2016\/wp-content\/uploads\/2021\/05\/blogqsppet-vice-simao-durando-Embaixador-de-Israel-3-e1620384886865.jpeg\" alt=\"\" width=\"624\" height=\"416\" \/>Em Petrolina, o embaixador foi apresentado aos sistemas p\u00fablicos de irriga\u00e7\u00e3o implantados pela Companhia de Desenvolvimento dos Vales do S\u00e3o Francisco e do Parna\u00edba (Codevasf), e tamb\u00e9m a fazendas de grande porte de produ\u00e7\u00e3o de manga e uva. Al\u00e9m da Capital Sertaneja, Shmulik Bass, o chefe de Departamento Pol\u00edtico da Embaixada de Israel, David Atar e o assessor de Agroneg\u00f3cios da Embaixada de Israel, Ari Fischer tamb\u00e9m conheceram o Lago de Sobradinho-BA e a vin\u00edcola Miolo, instalada na cidade de Casa Nova-BA, onde s\u00e3o produzidos vinhos e produtos com certifica\u00e7\u00e3o internacional.<\/p>\n<p style=\"font-weight: 400;\">Durante a visita o embaixador destacou o prop\u00f3sito que o fez vir at\u00e9 Petrolina, j\u00e1 reconhecida internacionalmente pela fruticultura irrigada atendendo a demandas de v\u00e1rios nichos pelo mundo. Por ano, s\u00e3o 170 mil toneladas de manga e 49 mil toneladas de uva que chegam at\u00e9 as mesas de pa\u00edses como Portugal, Canad\u00e1, Holanda, Espanha, EUA, Reino Unido, movimentando na regi\u00e3o de Petrolina, anualmente, cerca de quase R$ 300 milh\u00f5es. Shmulik tamb\u00e9m se mostrou favor\u00e1vel a disponibilizar, por meio de coopera\u00e7\u00e3o entre os pa\u00edses, a moderna tecnologia de manejo das \u00e1guas pelo qual Israel tornou-se afamado mundialmente, pois utiliza modelos inovadores, principalmente, na capta\u00e7\u00e3o.<\/p>\n<p style=\"font-weight: 400;\">\u00a0\u201cQuando chegamos aqui vimos essa \u00e1rea florida e esse \u00e9 o sonho de Israel, transformar uma \u00e1rea des\u00e9rtica em verde. Fico muito feliz de saber que a rela\u00e7\u00e3o entre Israel e Brasil fez t\u00e3o bem para tantas pessoas. Temos um ditado que diz \u2018se n\u00e3o tem farinha, n\u00e3o tem Tor\u00e1, o nosso livro sagrado; e mais uma vez fico contente de ver que voc\u00eas est\u00e3o unindo a educa\u00e7\u00e3o com a alimenta\u00e7\u00e3o, isso \u00e9 muito importante. Voc\u00eas s\u00e3o os her\u00f3is do Brasil porque mesmo com a pandemia n\u00e3o pararam de produzir alimentos e nesse ano a agricultura salvou a economia desse pa\u00eds\u201d, revelou o embaixador.<\/p>\n<p style=\"font-weight: 400;\">O vice-prefeito, Sim\u00e3o Durando, lembrou um fato hist\u00f3rico que envolve a rela\u00e7\u00e3o de Petrolina e Israel ao mencionar ida do ex-deputado Osvaldo Coelho ao pa\u00eds 30 anos atr\u00e1s. \u201cNilo Coelho foi at\u00e9 Israel buscar novas tecnologias, conhecer as t\u00e9cnicas de irriga\u00e7\u00e3o para traz\u00ea-las ao Vale do S\u00e3o Francisco. Hoje, com muita satisfa\u00e7\u00e3o, recebemos o embaixador de Israel que veio ver de perto a nossa evolu\u00e7\u00e3o, o que h\u00e1 de mais moderno no Brasil e no mundo na implementa\u00e7\u00e3o agr\u00edcola, na fruticultura irrigada.<\/p>\n<p style=\"font-weight: 400;\">Petrolina, que foi transformada a partir da irriga\u00e7\u00e3o, se destaca por sua gente trabalhadora, de uma for\u00e7a pol\u00edtica de homens comprometidos com o desenvolvimento da regi\u00e3o que n\u00e3o se deixaram desanimar pelas adversidades do nosso clima semi\u00e1rido nordestino. Nos enche de orgulho saber que o que estamos fazendo aqui n\u00e3o deixa a desejar para nenhum pa\u00eds do mundo!\u201d, ressaltou o vice-prefeito.<\/p>\n<p style=\"font-weight: 400;\">Tamb\u00e9m estiveram presentes na ocasi\u00e3o o diretor da Codevasf, Lu\u00eds Napole\u00e3o, o presidente da C\u00e2mara de Vereadores de Petrolina, Aerolande Cruz, o superintendente regional da 3\u00aa SR, Aurivalter Cordeiro, o presidente da ABRAFRUTAS, Guilherme Coelho, dentre outras autoridades locais.<\/p>\n<p style=\"font-weight: 400;\">Jaquelyne Costa\/Assessora de Imprensa<\/p>\n<p style=\"font-weight: 400;\">Fotos: Jonas Santos\/ Alexandre Justino<\/p>\n","protected":false},"excerpt":{"rendered":"<p>O vice-prefeito de Petrolina, Sim\u00e3o Durando, recebeu nessa quinta-feira (06) a visita do novo embaixador de Israel no Brasil, Shmulik Arie Bass e sua comitiva. Essa agenda fez parte de uma s\u00e9rie de visitas de cortesia da Embaixada de Israel ao nordeste brasileiro no intuito de estabelecer la\u00e7os entre os pa\u00edses, principalmente, para coopera\u00e7\u00e3o tecnol\u00f3gica em recursos h\u00eddricos e na agricultura. Em Petrolina, o embaixador foi apresentado aos sistemas p\u00fablicos de irriga\u00e7\u00e3o implantados pela Companhia de Desenvolvimento dos Vales do S\u00e3o Francisco e do Parna\u00edba (Codevasf), e tamb\u00e9m a fazendas de grande porte de produ\u00e7\u00e3o de manga e uva. Al\u00e9m da Capital Sertaneja, Shmulik Bass, o chefe de Departamento Pol\u00edtico da Embaixada de Israel, David Atar e o assessor de&hellip; <\/p>\n","protected":false},"author":1,"featured_media":285024,"comment_status":"closed","ping_status":"closed","sticky":false,"template":"","format":"standard","meta":{"_acf_changed":false,"footnotes":""},"categories":[1],"tags":[],"class_list":["post-285023","post","type-post","status-publish","format-standard","has-post-thumbnail","hentry","category-politica"],"acf":[],"yoast_head":"<!-- This site is optimized with the Yoast SEO plugin v27.4 - https:\/\/yoast.com\/product\/yoast-seo-wordpress\/ -->\n<title>Vice-prefeito Sim\u00e3o Durando recebe Embaixador de Israel e discute avan\u00e7os tecnol\u00f3gicos para a fruticultura irrigada de Petrolina - Blog do Farn\u00e9sio<\/title>\n<meta name=\"robots\" content=\"index, follow, max-snippet:-1, max-image-preview:large, max-video-preview:-1\" \/>\n<link rel=\"canonical\" href=\"https:\/\/blogdofarnesio.com.br\/?p=285023\" \/>\n<meta property=\"og:locale\" content=\"pt_BR\" \/>\n<meta property=\"og:type\" content=\"article\" \/>\n<meta property=\"og:title\" content=\"Vice-prefeito Sim\u00e3o Durando recebe Embaixador de Israel e discute avan\u00e7os tecnol\u00f3gicos para a fruticultura irrigada de Petrolina - Blog do Farn\u00e9sio\" \/>\n<meta property=\"og:description\" content=\"O vice-prefeito de Petrolina, Sim\u00e3o Durando, recebeu nessa quinta-feira (06) a visita do novo embaixador de Israel no Brasil, Shmulik Arie Bass e sua comitiva. Essa agenda fez parte de uma s\u00e9rie de visitas de cortesia da Embaixada de Israel ao nordeste brasileiro no intuito de estabelecer la\u00e7os entre os pa\u00edses, principalmente, para coopera\u00e7\u00e3o tecnol\u00f3gica em recursos h\u00eddricos e na agricultura. Em Petrolina, o embaixador foi apresentado aos sistemas p\u00fablicos de irriga\u00e7\u00e3o implantados pela Companhia de Desenvolvimento dos Vales do S\u00e3o Francisco e do Parna\u00edba (Codevasf), e tamb\u00e9m a fazendas de grande porte de produ\u00e7\u00e3o de manga e uva. Al\u00e9m da Capital Sertaneja, Shmulik Bass, o chefe de Departamento Pol\u00edtico da Embaixada de Israel, David Atar e o assessor de&hellip;\" \/>\n<meta property=\"og:url\" content=\"https:\/\/blogdofarnesio.com.br\/?p=285023\" \/>\n<meta property=\"og:site_name\" content=\"Blog do Farn\u00e9sio\" \/>\n<meta property=\"article:publisher\" content=\"https:\/\/www.facebook.com\/BlogQuerSaberPolitica\/\" \/>\n<meta property=\"article:published_time\" content=\"2021-05-07T11:22:19+00:00\" \/>\n<meta property=\"og:image\" content=\"https:\/\/blogdofarnesio.com.br\/wp-content\/uploads\/2021\/05\/blogqsppet-vice-simao-durando-Embaixador-de-Israel-1-e1620384853833.jpeg\" \/>\n\t<meta property=\"og:image:width\" content=\"680\" \/>\n\t<meta property=\"og:image:height\" content=\"453\" \/>\n\t<meta property=\"og:image:type\" content=\"image\/jpeg\" \/>\n<meta name=\"author\" content=\"Farn\u00e9sio\" \/>\n<meta name=\"twitter:card\" content=\"summary_large_image\" \/>\n<meta name=\"twitter:label1\" content=\"Escrito por\" \/>\n\t<meta name=\"twitter:data1\" content=\"Farn\u00e9sio\" \/>\n\t<meta name=\"twitter:label2\" content=\"Est. tempo de leitura\" \/>\n\t<meta name=\"twitter:data2\" content=\"3 minutos\" \/>\n<script type=\"application\/ld+json\" class=\"yoast-schema-graph\">{\"@context\":\"https:\\\/\\\/schema.org\",\"@graph\":[{\"@type\":\"Article\",\"@id\":\"https:\\\/\\\/blogdofarnesio.com.br\\\/?p=285023#article\",\"isPartOf\":{\"@id\":\"https:\\\/\\\/blogdofarnesio.com.br\\\/?p=285023\"},\"author\":{\"name\":\"Farn\u00e9sio\",\"@id\":\"https:\\\/\\\/blogdofarnesio.com.br\\\/#\\\/schema\\\/person\\\/301c4acf522bccbfdb45af95b5b906a1\"},\"headline\":\"Vice-prefeito Sim\u00e3o Durando recebe Embaixador de Israel e discute avan\u00e7os tecnol\u00f3gicos para a fruticultura irrigada de Petrolina\",\"datePublished\":\"2021-05-07T11:22:19+00:00\",\"mainEntityOfPage\":{\"@id\":\"https:\\\/\\\/blogdofarnesio.com.br\\\/?p=285023\"},\"wordCount\":634,\"publisher\":{\"@id\":\"https:\\\/\\\/blogdofarnesio.com.br\\\/#organization\"},\"image\":{\"@id\":\"https:\\\/\\\/blogdofarnesio.com.br\\\/?p=285023#primaryimage\"},\"thumbnailUrl\":\"https:\\\/\\\/blogdofarnesio.com.br\\\/wp-content\\\/uploads\\\/2021\\\/05\\\/blogqsppet-vice-simao-durando-Embaixador-de-Israel-1-e1620384853833.jpeg\",\"articleSection\":[\"Pol\u00edtica\"],\"inLanguage\":\"pt-BR\"},{\"@type\":\"WebPage\",\"@id\":\"https:\\\/\\\/blogdofarnesio.com.br\\\/?p=285023\",\"url\":\"https:\\\/\\\/blogdofarnesio.com.br\\\/?p=285023\",\"name\":\"Vice-prefeito Sim\u00e3o Durando recebe Embaixador de Israel e discute avan\u00e7os tecnol\u00f3gicos para a fruticultura irrigada de Petrolina - Blog do Farn\u00e9sio\",\"isPartOf\":{\"@id\":\"https:\\\/\\\/blogdofarnesio.com.br\\\/#website\"},\"primaryImageOfPage\":{\"@id\":\"https:\\\/\\\/blogdofarnesio.com.br\\\/?p=285023#primaryimage\"},\"image\":{\"@id\":\"https:\\\/\\\/blogdofarnesio.com.br\\\/?p=285023#primaryimage\"},\"thumbnailUrl\":\"https:\\\/\\\/blogdofarnesio.com.br\\\/wp-content\\\/uploads\\\/2021\\\/05\\\/blogqsppet-vice-simao-durando-Embaixador-de-Israel-1-e1620384853833.jpeg\",\"datePublished\":\"2021-05-07T11:22:19+00:00\",\"breadcrumb\":{\"@id\":\"https:\\\/\\\/blogdofarnesio.com.br\\\/?p=285023#breadcrumb\"},\"inLanguage\":\"pt-BR\",\"potentialAction\":[{\"@type\":\"ReadAction\",\"target\":[\"https:\\\/\\\/blogdofarnesio.com.br\\\/?p=285023\"]}]},{\"@type\":\"ImageObject\",\"inLanguage\":\"pt-BR\",\"@id\":\"https:\\\/\\\/blogdofarnesio.com.br\\\/?p=285023#primaryimage\",\"url\":\"https:\\\/\\\/blogdofarnesio.com.br\\\/wp-content\\\/uploads\\\/2021\\\/05\\\/blogqsppet-vice-simao-durando-Embaixador-de-Israel-1-e1620384853833.jpeg\",\"contentUrl\":\"https:\\\/\\\/blogdofarnesio.com.br\\\/wp-content\\\/uploads\\\/2021\\\/05\\\/blogqsppet-vice-simao-durando-Embaixador-de-Israel-1-e1620384853833.jpeg\",\"width\":680,\"height\":453},{\"@type\":\"BreadcrumbList\",\"@id\":\"https:\\\/\\\/blogdofarnesio.com.br\\\/?p=285023#breadcrumb\",\"itemListElement\":[{\"@type\":\"ListItem\",\"position\":1,\"name\":\"In\u00edcio\",\"item\":\"https:\\\/\\\/blogdofarnesio.com.br\\\/\"},{\"@type\":\"ListItem\",\"position\":2,\"name\":\"Vice-prefeito Sim\u00e3o Durando recebe Embaixador de Israel e discute avan\u00e7os tecnol\u00f3gicos para a fruticultura irrigada de Petrolina\"}]},{\"@type\":\"WebSite\",\"@id\":\"https:\\\/\\\/blogdofarnesio.com.br\\\/#website\",\"url\":\"https:\\\/\\\/blogdofarnesio.com.br\\\/\",\"name\":\"Blog do Farn\u00e9sio\",\"description\":\"Quer Saber Pol\u00edtica?\",\"publisher\":{\"@id\":\"https:\\\/\\\/blogdofarnesio.com.br\\\/#organization\"},\"potentialAction\":[{\"@type\":\"SearchAction\",\"target\":{\"@type\":\"EntryPoint\",\"urlTemplate\":\"https:\\\/\\\/blogdofarnesio.com.br\\\/?s={search_term_string}\"},\"query-input\":{\"@type\":\"PropertyValueSpecification\",\"valueRequired\":true,\"valueName\":\"search_term_string\"}}],\"inLanguage\":\"pt-BR\"},{\"@type\":\"Organization\",\"@id\":\"https:\\\/\\\/blogdofarnesio.com.br\\\/#organization\",\"name\":\"Blog do Farn\u00e9sio\",\"url\":\"https:\\\/\\\/blogdofarnesio.com.br\\\/\",\"logo\":{\"@type\":\"ImageObject\",\"inLanguage\":\"pt-BR\",\"@id\":\"https:\\\/\\\/blogdofarnesio.com.br\\\/#\\\/schema\\\/logo\\\/image\\\/\",\"url\":\"https:\\\/\\\/blogdofarnesio.com.br\\\/wp-content\\\/uploads\\\/2026\\\/03\\\/cropped-logo_new-1.png\",\"contentUrl\":\"https:\\\/\\\/blogdofarnesio.com.br\\\/wp-content\\\/uploads\\\/2026\\\/03\\\/cropped-logo_new-1.png\",\"width\":881,\"height\":685,\"caption\":\"Blog do Farn\u00e9sio\"},\"image\":{\"@id\":\"https:\\\/\\\/blogdofarnesio.com.br\\\/#\\\/schema\\\/logo\\\/image\\\/\"},\"sameAs\":[\"https:\\\/\\\/www.facebook.com\\\/BlogQuerSaberPolitica\\\/\"]},{\"@type\":\"Person\",\"@id\":\"https:\\\/\\\/blogdofarnesio.com.br\\\/#\\\/schema\\\/person\\\/301c4acf522bccbfdb45af95b5b906a1\",\"name\":\"Farn\u00e9sio\",\"image\":{\"@type\":\"ImageObject\",\"inLanguage\":\"pt-BR\",\"@id\":\"https:\\\/\\\/secure.gravatar.com\\\/avatar\\\/df0c9a14567c056f8ad6876ba5bbd1e3e2c48023eb6807342fc4663adf549f38?s=96&d=mm&r=g\",\"url\":\"https:\\\/\\\/secure.gravatar.com\\\/avatar\\\/df0c9a14567c056f8ad6876ba5bbd1e3e2c48023eb6807342fc4663adf549f38?s=96&d=mm&r=g\",\"contentUrl\":\"https:\\\/\\\/secure.gravatar.com\\\/avatar\\\/df0c9a14567c056f8ad6876ba5bbd1e3e2c48023eb6807342fc4663adf549f38?s=96&d=mm&r=g\",\"caption\":\"Farn\u00e9sio\"},\"sameAs\":[\"https:\\\/\\\/quersaberpolitica.com.br\"],\"url\":\"https:\\\/\\\/blogdofarnesio.com.br\\\/?author=1\"}]}<\/script>\n<!-- \/ Yoast SEO plugin. -->","yoast_head_json":{"title":"Vice-prefeito Sim\u00e3o Durando recebe Embaixador de Israel e discute avan\u00e7os tecnol\u00f3gicos para a fruticultura irrigada de Petrolina - Blog do Farn\u00e9sio","robots":{"index":"index","follow":"follow","max-snippet":"max-snippet:-1","max-image-preview":"max-image-preview:large","max-video-preview":"max-video-preview:-1"},"canonical":"https:\/\/blogdofarnesio.com.br\/?p=285023","og_locale":"pt_BR","og_type":"article","og_title":"Vice-prefeito Sim\u00e3o Durando recebe Embaixador de Israel e discute avan\u00e7os tecnol\u00f3gicos para a fruticultura irrigada de Petrolina - Blog do Farn\u00e9sio","og_description":"O vice-prefeito de Petrolina, Sim\u00e3o Durando, recebeu nessa quinta-feira (06) a visita do novo embaixador de Israel no Brasil, Shmulik Arie Bass e sua comitiva. Essa agenda fez parte de uma s\u00e9rie de visitas de cortesia da Embaixada de Israel ao nordeste brasileiro no intuito de estabelecer la\u00e7os entre os pa\u00edses, principalmente, para coopera\u00e7\u00e3o tecnol\u00f3gica em recursos h\u00eddricos e na agricultura. Em Petrolina, o embaixador foi apresentado aos sistemas p\u00fablicos de irriga\u00e7\u00e3o implantados pela Companhia de Desenvolvimento dos Vales do S\u00e3o Francisco e do Parna\u00edba (Codevasf), e tamb\u00e9m a fazendas de grande porte de produ\u00e7\u00e3o de manga e uva. Al\u00e9m da Capital Sertaneja, Shmulik Bass, o chefe de Departamento Pol\u00edtico da Embaixada de Israel, David Atar e o assessor de&hellip;","og_url":"https:\/\/blogdofarnesio.com.br\/?p=285023","og_site_name":"Blog do Farn\u00e9sio","article_publisher":"https:\/\/www.facebook.com\/BlogQuerSaberPolitica\/","article_published_time":"2021-05-07T11:22:19+00:00","og_image":[{"width":680,"height":453,"url":"https:\/\/blogdofarnesio.com.br\/wp-content\/uploads\/2021\/05\/blogqsppet-vice-simao-durando-Embaixador-de-Israel-1-e1620384853833.jpeg","type":"image\/jpeg"}],"author":"Farn\u00e9sio","twitter_card":"summary_large_image","twitter_misc":{"Escrito por":"Farn\u00e9sio","Est. tempo de leitura":"3 minutos"},"schema":{"@context":"https:\/\/schema.org","@graph":[{"@type":"Article","@id":"https:\/\/blogdofarnesio.com.br\/?p=285023#article","isPartOf":{"@id":"https:\/\/blogdofarnesio.com.br\/?p=285023"},"author":{"name":"Farn\u00e9sio","@id":"https:\/\/blogdofarnesio.com.br\/#\/schema\/person\/301c4acf522bccbfdb45af95b5b906a1"},"headline":"Vice-prefeito Sim\u00e3o Durando recebe Embaixador de Israel e discute avan\u00e7os tecnol\u00f3gicos para a fruticultura irrigada de Petrolina","datePublished":"2021-05-07T11:22:19+00:00","mainEntityOfPage":{"@id":"https:\/\/blogdofarnesio.com.br\/?p=285023"},"wordCount":634,"publisher":{"@id":"https:\/\/blogdofarnesio.com.br\/#organization"},"image":{"@id":"https:\/\/blogdofarnesio.com.br\/?p=285023#primaryimage"},"thumbnailUrl":"https:\/\/blogdofarnesio.com.br\/wp-content\/uploads\/2021\/05\/blogqsppet-vice-simao-durando-Embaixador-de-Israel-1-e1620384853833.jpeg","articleSection":["Pol\u00edtica"],"inLanguage":"pt-BR"},{"@type":"WebPage","@id":"https:\/\/blogdofarnesio.com.br\/?p=285023","url":"https:\/\/blogdofarnesio.com.br\/?p=285023","name":"Vice-prefeito Sim\u00e3o Durando recebe Embaixador de Israel e discute avan\u00e7os tecnol\u00f3gicos para a fruticultura irrigada de Petrolina - Blog do Farn\u00e9sio","isPartOf":{"@id":"https:\/\/blogdofarnesio.com.br\/#website"},"primaryImageOfPage":{"@id":"https:\/\/blogdofarnesio.com.br\/?p=285023#primaryimage"},"image":{"@id":"https:\/\/blogdofarnesio.com.br\/?p=285023#primaryimage"},"thumbnailUrl":"https:\/\/blogdofarnesio.com.br\/wp-content\/uploads\/2021\/05\/blogqsppet-vice-simao-durando-Embaixador-de-Israel-1-e1620384853833.jpeg","datePublished":"2021-05-07T11:22:19+00:00","breadcrumb":{"@id":"https:\/\/blogdofarnesio.com.br\/?p=285023#breadcrumb"},"inLanguage":"pt-BR","potentialAction":[{"@type":"ReadAction","target":["https:\/\/blogdofarnesio.com.br\/?p=285023"]}]},{"@type":"ImageObject","inLanguage":"pt-BR","@id":"https:\/\/blogdofarnesio.com.br\/?p=285023#primaryimage","url":"https:\/\/blogdofarnesio.com.br\/wp-content\/uploads\/2021\/05\/blogqsppet-vice-simao-durando-Embaixador-de-Israel-1-e1620384853833.jpeg","contentUrl":"https:\/\/blogdofarnesio.com.br\/wp-content\/uploads\/2021\/05\/blogqsppet-vice-simao-durando-Embaixador-de-Israel-1-e1620384853833.jpeg","width":680,"height":453},{"@type":"BreadcrumbList","@id":"https:\/\/blogdofarnesio.com.br\/?p=285023#breadcrumb","itemListElement":[{"@type":"ListItem","position":1,"name":"In\u00edcio","item":"https:\/\/blogdofarnesio.com.br\/"},{"@type":"ListItem","position":2,"name":"Vice-prefeito Sim\u00e3o Durando recebe Embaixador de Israel e discute avan\u00e7os tecnol\u00f3gicos para a fruticultura irrigada de Petrolina"}]},{"@type":"WebSite","@id":"https:\/\/blogdofarnesio.com.br\/#website","url":"https:\/\/blogdofarnesio.com.br\/","name":"Blog do Farn\u00e9sio","description":"Quer Saber Pol\u00edtica?","publisher":{"@id":"https:\/\/blogdofarnesio.com.br\/#organization"},"potentialAction":[{"@type":"SearchAction","target":{"@type":"EntryPoint","urlTemplate":"https:\/\/blogdofarnesio.com.br\/?s={search_term_string}"},"query-input":{"@type":"PropertyValueSpecification","valueRequired":true,"valueName":"search_term_string"}}],"inLanguage":"pt-BR"},{"@type":"Organization","@id":"https:\/\/blogdofarnesio.com.br\/#organization","name":"Blog do Farn\u00e9sio","url":"https:\/\/blogdofarnesio.com.br\/","logo":{"@type":"ImageObject","inLanguage":"pt-BR","@id":"https:\/\/blogdofarnesio.com.br\/#\/schema\/logo\/image\/","url":"https:\/\/blogdofarnesio.com.br\/wp-content\/uploads\/2026\/03\/cropped-logo_new-1.png","contentUrl":"https:\/\/blogdofarnesio.com.br\/wp-content\/uploads\/2026\/03\/cropped-logo_new-1.png","width":881,"height":685,"caption":"Blog do Farn\u00e9sio"},"image":{"@id":"https:\/\/blogdofarnesio.com.br\/#\/schema\/logo\/image\/"},"sameAs":["https:\/\/www.facebook.com\/BlogQuerSaberPolitica\/"]},{"@type":"Person","@id":"https:\/\/blogdofarnesio.com.br\/#\/schema\/person\/301c4acf522bccbfdb45af95b5b906a1","name":"Farn\u00e9sio","image":{"@type":"ImageObject","inLanguage":"pt-BR","@id":"https:\/\/secure.gravatar.com\/avatar\/df0c9a14567c056f8ad6876ba5bbd1e3e2c48023eb6807342fc4663adf549f38?s=96&d=mm&r=g","url":"https:\/\/secure.gravatar.com\/avatar\/df0c9a14567c056f8ad6876ba5bbd1e3e2c48023eb6807342fc4663adf549f38?s=96&d=mm&r=g","contentUrl":"https:\/\/secure.gravatar.com\/avatar\/df0c9a14567c056f8ad6876ba5bbd1e3e2c48023eb6807342fc4663adf549f38?s=96&d=mm&r=g","caption":"Farn\u00e9sio"},"sameAs":["https:\/\/quersaberpolitica.com.br"],"url":"https:\/\/blogdofarnesio.com.br\/?author=1"}]}},"_links":{"self":[{"href":"https:\/\/blogdofarnesio.com.br\/index.php?rest_route=\/wp\/v2\/posts\/285023","targetHints":{"allow":["GET"]}}],"collection":[{"href":"https:\/\/blogdofarnesio.com.br\/index.php?rest_route=\/wp\/v2\/posts"}],"about":[{"href":"https:\/\/blogdofarnesio.com.br\/index.php?rest_route=\/wp\/v2\/types\/post"}],"author":[{"embeddable":true,"href":"https:\/\/blogdofarnesio.com.br\/index.php?rest_route=\/wp\/v2\/users\/1"}],"replies":[{"embeddable":true,"href":"https:\/\/blogdofarnesio.com.br\/index.php?rest_route=%2Fwp%2Fv2%2Fcomments&post=285023"}],"version-history":[{"count":0,"href":"https:\/\/blogdofarnesio.com.br\/index.php?rest_route=\/wp\/v2\/posts\/285023\/revisions"}],"wp:featuredmedia":[{"embeddable":true,"href":"https:\/\/blogdofarnesio.com.br\/index.php?rest_route=\/wp\/v2\/media\/285024"}],"wp:attachment":[{"href":"https:\/\/blogdofarnesio.com.br\/index.php?rest_route=%2Fwp%2Fv2%2Fmedia&parent=285023"}],"wp:term":[{"taxonomy":"category","embeddable":true,"href":"https:\/\/blogdofarnesio.com.br\/index.php?rest_route=%2Fwp%2Fv2%2Fcategories&post=285023"},{"taxonomy":"post_tag","embeddable":true,"href":"https:\/\/blogdofarnesio.com.br\/index.php?rest_route=%2Fwp%2Fv2%2Ftags&post=285023"}],"curies":[{"name":"wp","href":"https:\/\/api.w.org\/{rel}","templated":true}]}}