{"id":285019,"date":"2021-05-07T08:42:45","date_gmt":"2021-05-07T11:42:45","guid":{"rendered":"http:\/\/quersaberpolitica.com.br\/2016\/?p=285019"},"modified":"2021-05-06T19:23:19","modified_gmt":"2021-05-06T22:23:19","slug":"brasil-registrou-15-milhoes-de-casos-de-covid-19-sao-73-380-em-24-horas","status":"publish","type":"post","link":"https:\/\/blogdofarnesio.com.br\/?p=285019","title":{"rendered":"Brasil registrou 15 milh\u00f5es de casos de covid-19; s\u00e3o 73.380 em 24 horas"},"content":{"rendered":"<header>\n<p class=\"author\"><a class=\"author url fn\" title=\"Posts de Sophia Lopes\" href=\"https:\/\/www.poder360.com.br\/author\/sophia-lopes\/\" rel=\"author\">SOPHIA LOPES &#8211;\u00a0<\/a><br \/>\nO <a href=\"https:\/\/susanalitico.saude.gov.br\/extensions\/covid-19_html\/covid-19_html.html\" target=\"_blank\" rel=\"noopener\">Minist\u00e9rio da Sa\u00fade<\/a>\u00a0contabilizou nesta 5\u00aa feira (6.mai.2021), 15.003.563 diagn\u00f3sticos diagn\u00f3sticos positivos de covid-19, em todo o Brasil. De acordo com a pasta, foram registrados mais 73.380 casos de covid-19 e 2.550 mortes nesta 5\u00aa feira (6.mai.2021). Ao todo, h\u00e1 416.949 mortos pela doen\u00e7a no pa\u00eds.<\/p>\n<\/header>\n<div class=\"content wp js-mediator-article\" data-ga-ano=\"2021\" data-ga-categoria=\"Coronav\u00edrus\" data-ga-autor=\"Sophia Lopes\">\n<p>As autoridades tamb\u00e9m contabilizam 13.591.335 pessoas recuperadas e 995.279 em acompanhamento.<\/p>\n<div class=\"enviar\">\n<div class=\"container\">\n<div class=\"row\">\n<section class=\"col lg12\">\n<div class=\"row\">\n<section class=\"mod-newsletter full clearfix\">\n<div class=\"col lg6 xs12 no-padding-xs\"><\/div>\n<div class=\"col lg6 xs12 no-padding-xs\">\n<form class=\"form-newsletter clearfix\" accept-charset=\"utf-8\" method=\"post\" novalidate=\"novalidate\">Na 5\u00aa feira anterior (29.abr), o Brasil superou a marca de <a href=\"https:\/\/www.poder360.com.br\/coronavirus\/brasil-confirma-mais-3-001-mortes-e-chega-a-401-mil-vitimas-da-covid-19\/\" target=\"_blank\" rel=\"noopener\">400 mil mortos.<\/a>\u00a0O pa\u00eds atingiu esse patamar 35 dias ap\u00f3s ter chegado a mais de 300.000 mortes. O avan\u00e7o j\u00e1 era previsto por\u00a0<a href=\"https:\/\/www.poder360.com.br\/coronavirus\/brasil-chega-a-400-mil-mortes-por-covid-19-em-abril-conforme-previsoes\/\" target=\"_blank\" rel=\"noopener\">especialistas<\/a>.<\/form>\n<\/div>\n<\/section>\n<\/div>\n<\/section>\n<\/div>\n<\/div>\n<\/div>\n<h2><strong>M\u00c9DIA DE MORTES E CASOS<\/strong><\/h2>\n<p>A m\u00e9dia m\u00f3vel matiza varia\u00e7\u00f5es abruptas. A curva \u00e9 uma m\u00e9dia do n\u00famero de ocorr\u00eancias confirmadas nos \u00faltimos 7 dias. A m\u00e9dia de novas mortes no pa\u00eds \u00e9 de\u00a0<span data-sheets-value=\"{&quot;1&quot;:3,&quot;3&quot;:2251.8571428571427}\" data-sheets-userformat=\"{&quot;2&quot;:1,&quot;3&quot;:[null,2,&quot;0&quot;,1]}\" data-sheets-formula=\"=M\u00c9DIA(R[-6]C[-1]:R[0]C[-1])\">2.252<\/span><span data-sheets-value=\"{&quot;1&quot;:3,&quot;3&quot;:2406}\" data-sheets-userformat=\"{&quot;2&quot;:1,&quot;3&quot;:[null,2,&quot;0&quot;,1]}\" data-sheets-formula=\"=M\u00c9DIA(R[-6]C[-1]:R[0]C[-1])\">.\u00a0<\/span><\/p>\n<p><img loading=\"lazy\" decoding=\"async\" class=\"wp-image-686216 aligncenter\" src=\"https:\/\/static.poder360.com.br\/2021\/05\/covid-media-movel-mortes-6-mai2021-01.png\" sizes=\"auto, (max-width: 1667px) 100vw, 1667px\" srcset=\"\/\/static.poder360.com.br\/2021\/05\/covid-media-movel-mortes-6-mai2021-01.png 1667w, \/\/static.poder360.com.br\/2021\/05\/covid-media-movel-mortes-6-mai2021-01-406x600.png 406w, \/\/static.poder360.com.br\/2021\/05\/covid-media-movel-mortes-6-mai2021-01-692x1024.png 692w, \/\/static.poder360.com.br\/2021\/05\/covid-media-movel-mortes-6-mai2021-01-768x1136.png 768w, \/\/static.poder360.com.br\/2021\/05\/covid-media-movel-mortes-6-mai2021-01-1038x1536.png 1038w, \/\/static.poder360.com.br\/2021\/05\/covid-media-movel-mortes-6-mai2021-01-1384x2048.png 1384w\" alt=\"\" width=\"574\" height=\"850\" \/><\/p>\n<p>J\u00e1 a curva de novos casos est\u00e1 em\u00a0<span data-sheets-value=\"{&quot;1&quot;:3,&quot;3&quot;:58983.57142857143}\" data-sheets-userformat=\"{&quot;2&quot;:1,&quot;3&quot;:{&quot;1&quot;:2,&quot;2&quot;:&quot;0&quot;,&quot;3&quot;:1}}\" data-sheets-formula=\"=M\u00c9DIA(R[-6]C[-1]:R[0]C[-1])\">58.984<\/span><span data-sheets-value=\"{&quot;1&quot;:3,&quot;3&quot;:56926.71428571428}\" data-sheets-userformat=\"{&quot;2&quot;:1,&quot;3&quot;:{&quot;1&quot;:2,&quot;2&quot;:&quot;0&quot;,&quot;3&quot;:1}}\" data-sheets-formula=\"=M\u00c9DIA(R[-6]C[-1]:R[0]C[-1])\">.<\/span><\/p>\n<p><img loading=\"lazy\" decoding=\"async\" class=\"wp-image-686213 aligncenter\" src=\"https:\/\/static.poder360.com.br\/2021\/05\/covid-casos-media-movel-6-mai-2021-01.png\" sizes=\"auto, (max-width: 1673px) 100vw, 1673px\" srcset=\"\/\/static.poder360.com.br\/2021\/05\/covid-casos-media-movel-6-mai-2021-01.png 1673w, \/\/static.poder360.com.br\/2021\/05\/covid-casos-media-movel-6-mai-2021-01-358x600.png 358w, \/\/static.poder360.com.br\/2021\/05\/covid-casos-media-movel-6-mai-2021-01-611x1024.png 611w, \/\/static.poder360.com.br\/2021\/05\/covid-casos-media-movel-6-mai-2021-01-768x1287.png 768w, \/\/static.poder360.com.br\/2021\/05\/covid-casos-media-movel-6-mai-2021-01-917x1536.png 917w, \/\/static.poder360.com.br\/2021\/05\/covid-casos-media-movel-6-mai-2021-01-1222x2048.png 1222w\" alt=\"\" width=\"569\" height=\"953\" \/><\/p>\n<h2><strong>MORTES PROPORCIONAIS<\/strong><\/h2>\n<p>O Brasil tem\u00a0<span data-sheets-value=\"{&quot;1&quot;:3,&quot;3&quot;:1954.5922313531698}\" data-sheets-userformat=\"{&quot;2&quot;:513,&quot;3&quot;:{&quot;1&quot;:2,&quot;2&quot;:&quot;#,##0&quot;,&quot;3&quot;:1},&quot;12&quot;:0}\" data-sheets-formula=\"=(R[0]C[-1]\/R[0]C[2])*1000000\">1.955<\/span><span data-sheets-value=\"{&quot;1&quot;:3,&quot;3&quot;:1942.6382269306853}\" data-sheets-userformat=\"{&quot;2&quot;:513,&quot;3&quot;:{&quot;1&quot;:2,&quot;2&quot;:&quot;#,##0&quot;,&quot;3&quot;:1},&quot;12&quot;:0}\" data-sheets-formula=\"=(R[0]C[-1]\/R[0]C[2])*1000000\">\u00a0<\/span>mortes por milh\u00e3o de habitantes. T<span data-sheets-value=\"{&quot;1&quot;:3,&quot;3&quot;:1001.5011333291022}\" data-sheets-userformat=\"{&quot;2&quot;:513,&quot;3&quot;:{&quot;1&quot;:2,&quot;2&quot;:&quot;#,##0&quot;,&quot;3&quot;:1},&quot;12&quot;:0}\" data-sheets-formula=\"=(R[0]C[-1]\/R[0]C[2])*1000000\">odos os Estados t\u00eam mais do que 1.000 mortes por milh\u00e3o. O Amazonas tem 2.976 mortes por milh\u00e3o e deve ser o 1\u00ba estado a atingir a marca de 3.000.<\/span><\/p>\n<p><img loading=\"lazy\" decoding=\"async\" class=\"wp-image-686204 aligncenter\" src=\"https:\/\/static.poder360.com.br\/2021\/05\/mortes-covid19-UF-6maio2021-01.png\" sizes=\"auto, (max-width: 1667px) 100vw, 1667px\" srcset=\"\/\/static.poder360.com.br\/2021\/05\/mortes-covid19-UF-6maio2021-01.png 1667w, \/\/static.poder360.com.br\/2021\/05\/mortes-covid19-UF-6maio2021-01-327x600.png 327w, \/\/static.poder360.com.br\/2021\/05\/mortes-covid19-UF-6maio2021-01-559x1024.png 559w, \/\/static.poder360.com.br\/2021\/05\/mortes-covid19-UF-6maio2021-01-768x1408.png 768w, \/\/static.poder360.com.br\/2021\/05\/mortes-covid19-UF-6maio2021-01-838x1536.png 838w, \/\/static.poder360.com.br\/2021\/05\/mortes-covid19-UF-6maio2021-01-1117x2048.png 1117w\" alt=\"\" width=\"587\" height=\"1077\" \/><\/p>\n<p>O pa\u00eds ultrapassou o Reino Unido na\u00a0<a href=\"https:\/\/www.poder360.com.br\/coronavirus\/brasil-confirma-mais-3-001-mortes-e-chega-a-401-mil-vitimas-da-covid-19\/\" target=\"_blank\" rel=\"noopener\">5\u00aa feira<\/a>\u00a0(29.abr) e agora \u00e9 o 11\u00ba no\u00a0<em>ranking<\/em>\u00a0mundial. A Hungria lidera a lista, com\u00a0<span data-sheets-value=\"{&quot;1&quot;:3,&quot;3&quot;:2935}\" data-sheets-userformat=\"{&quot;2&quot;:31487,&quot;3&quot;:[null,2,&quot;#,##0&quot;,1],&quot;4&quot;:[null,2,16777215],&quot;5&quot;:{&quot;1&quot;:[{&quot;1&quot;:2,&quot;2&quot;:0,&quot;5&quot;:[null,2,14540253]},{&quot;1&quot;:0,&quot;2&quot;:0,&quot;3&quot;:3},{&quot;1&quot;:1,&quot;2&quot;:0,&quot;4&quot;:1}]},&quot;6&quot;:{&quot;1&quot;:[{&quot;1&quot;:2,&quot;2&quot;:0,&quot;5&quot;:[null,2,14540253]},{&quot;1&quot;:0,&quot;2&quot;:0,&quot;3&quot;:3},{&quot;1&quot;:1,&quot;2&quot;:0,&quot;4&quot;:1}]},&quot;7&quot;:{&quot;1&quot;:[{&quot;1&quot;:2,&quot;2&quot;:0,&quot;5&quot;:[null,2,14540253]},{&quot;1&quot;:0,&quot;2&quot;:0,&quot;3&quot;:3},{&quot;1&quot;:1,&quot;2&quot;:0,&quot;4&quot;:1}]},&quot;8&quot;:{&quot;1&quot;:[{&quot;1&quot;:2,&quot;2&quot;:0,&quot;5&quot;:[null,2,14540253]},{&quot;1&quot;:0,&quot;2&quot;:0,&quot;3&quot;:3},{&quot;1&quot;:1,&quot;2&quot;:0,&quot;4&quot;:1}]},&quot;9&quot;:2,&quot;10&quot;:0,&quot;12&quot;:0,&quot;14&quot;:[null,2,3553605],&quot;15&quot;:&quot;Arial&quot;,&quot;16&quot;:12,&quot;17&quot;:1}\">2.935<\/span><span data-sheets-value=\"{&quot;1&quot;:3,&quot;3&quot;:2838}\" data-sheets-userformat=\"{&quot;2&quot;:31487,&quot;3&quot;:[null,2,&quot;#,##0&quot;,1],&quot;4&quot;:[null,2,16777215],&quot;5&quot;:{&quot;1&quot;:[{&quot;1&quot;:2,&quot;2&quot;:0,&quot;5&quot;:[null,2,14540253]},{&quot;1&quot;:0,&quot;2&quot;:0,&quot;3&quot;:3},{&quot;1&quot;:1,&quot;2&quot;:0,&quot;4&quot;:1}]},&quot;6&quot;:{&quot;1&quot;:[{&quot;1&quot;:2,&quot;2&quot;:0,&quot;5&quot;:[null,2,14540253]},{&quot;1&quot;:0,&quot;2&quot;:0,&quot;3&quot;:3},{&quot;1&quot;:1,&quot;2&quot;:0,&quot;4&quot;:1}]},&quot;7&quot;:{&quot;1&quot;:[{&quot;1&quot;:2,&quot;2&quot;:0,&quot;5&quot;:[null,2,14540253]},{&quot;1&quot;:0,&quot;2&quot;:0,&quot;3&quot;:3},{&quot;1&quot;:1,&quot;2&quot;:0,&quot;4&quot;:1}]},&quot;8&quot;:{&quot;1&quot;:[{&quot;1&quot;:2,&quot;2&quot;:0,&quot;5&quot;:[null,2,14540253]},{&quot;1&quot;:0,&quot;2&quot;:0,&quot;3&quot;:3},{&quot;1&quot;:1,&quot;2&quot;:0,&quot;4&quot;:1}]},&quot;9&quot;:2,&quot;10&quot;:0,&quot;12&quot;:0,&quot;14&quot;:[null,2,3553605],&quot;15&quot;:&quot;Arial&quot;,&quot;16&quot;:12,&quot;17&quot;:1}\">\u00a0<\/span>mortes por milh\u00e3o.<\/p>\n<p><img loading=\"lazy\" decoding=\"async\" class=\"wp-image-686206 aligncenter\" src=\"https:\/\/static.poder360.com.br\/2021\/05\/mortes-por-milhao-covid19-6mai2021-01.png\" sizes=\"auto, (max-width: 1668px) 100vw, 1668px\" srcset=\"\/\/static.poder360.com.br\/2021\/05\/mortes-por-milhao-covid19-6mai2021-01.png 1668w, \/\/static.poder360.com.br\/2021\/05\/mortes-por-milhao-covid19-6mai2021-01-222x600.png 222w, \/\/static.poder360.com.br\/2021\/05\/mortes-por-milhao-covid19-6mai2021-01-379x1024.png 379w, \/\/static.poder360.com.br\/2021\/05\/mortes-por-milhao-covid19-6mai2021-01-768x2076.png 768w, \/\/static.poder360.com.br\/2021\/05\/mortes-por-milhao-covid19-6mai2021-01-568x1536.png 568w, \/\/static.poder360.com.br\/2021\/05\/mortes-por-milhao-covid19-6mai2021-01-758x2048.png 758w\" alt=\"\" width=\"577\" height=\"1560\" \/><\/p>\n<\/div>\n","protected":false},"excerpt":{"rendered":"<p>SOPHIA LOPES &#8211;\u00a0 O Minist\u00e9rio da Sa\u00fade\u00a0contabilizou nesta 5\u00aa feira (6.mai.2021), 15.003.563 diagn\u00f3sticos diagn\u00f3sticos positivos de covid-19, em todo o Brasil. De acordo com a pasta, foram registrados mais 73.380 casos de covid-19 e 2.550 mortes nesta 5\u00aa feira (6.mai.2021). Ao todo, h\u00e1 416.949 mortos pela doen\u00e7a no pa\u00eds. As autoridades tamb\u00e9m contabilizam 13.591.335 pessoas recuperadas e 995.279 em acompanhamento. Na 5\u00aa feira anterior (29.abr), o Brasil superou a marca de 400 mil mortos.\u00a0O pa\u00eds atingiu esse patamar 35 dias ap\u00f3s ter chegado a mais de 300.000 mortes. O avan\u00e7o j\u00e1 era previsto por\u00a0especialistas. M\u00c9DIA DE MORTES E CASOS A m\u00e9dia m\u00f3vel matiza varia\u00e7\u00f5es abruptas. A curva \u00e9 uma m\u00e9dia do n\u00famero de ocorr\u00eancias confirmadas nos \u00faltimos 7 dias. A&hellip; <\/p>\n","protected":false},"author":1,"featured_media":283661,"comment_status":"closed","ping_status":"closed","sticky":false,"template":"","format":"standard","meta":{"_acf_changed":false,"footnotes":""},"categories":[4],"tags":[],"class_list":["post-285019","post","type-post","status-publish","format-standard","has-post-thumbnail","hentry","category-saude"],"acf":[],"yoast_head":"<!-- This site is optimized with the Yoast SEO plugin v27.4 - https:\/\/yoast.com\/product\/yoast-seo-wordpress\/ -->\n<title>Brasil registrou 15 milh\u00f5es de casos de covid-19; s\u00e3o 73.380 em 24 horas - Blog do Farn\u00e9sio<\/title>\n<meta name=\"robots\" content=\"index, follow, max-snippet:-1, max-image-preview:large, max-video-preview:-1\" \/>\n<link rel=\"canonical\" href=\"https:\/\/blogdofarnesio.com.br\/?p=285019\" \/>\n<meta property=\"og:locale\" content=\"pt_BR\" \/>\n<meta property=\"og:type\" content=\"article\" \/>\n<meta property=\"og:title\" content=\"Brasil registrou 15 milh\u00f5es de casos de covid-19; s\u00e3o 73.380 em 24 horas - Blog do Farn\u00e9sio\" \/>\n<meta property=\"og:description\" content=\"SOPHIA LOPES &#8211;\u00a0 O Minist\u00e9rio da Sa\u00fade\u00a0contabilizou nesta 5\u00aa feira (6.mai.2021), 15.003.563 diagn\u00f3sticos diagn\u00f3sticos positivos de covid-19, em todo o Brasil. De acordo com a pasta, foram registrados mais 73.380 casos de covid-19 e 2.550 mortes nesta 5\u00aa feira (6.mai.2021). Ao todo, h\u00e1 416.949 mortos pela doen\u00e7a no pa\u00eds. As autoridades tamb\u00e9m contabilizam 13.591.335 pessoas recuperadas e 995.279 em acompanhamento. Na 5\u00aa feira anterior (29.abr), o Brasil superou a marca de 400 mil mortos.\u00a0O pa\u00eds atingiu esse patamar 35 dias ap\u00f3s ter chegado a mais de 300.000 mortes. O avan\u00e7o j\u00e1 era previsto por\u00a0especialistas. M\u00c9DIA DE MORTES E CASOS A m\u00e9dia m\u00f3vel matiza varia\u00e7\u00f5es abruptas. A curva \u00e9 uma m\u00e9dia do n\u00famero de ocorr\u00eancias confirmadas nos \u00faltimos 7 dias. A&hellip;\" \/>\n<meta property=\"og:url\" content=\"https:\/\/blogdofarnesio.com.br\/?p=285019\" \/>\n<meta property=\"og:site_name\" content=\"Blog do Farn\u00e9sio\" \/>\n<meta property=\"article:publisher\" content=\"https:\/\/www.facebook.com\/BlogQuerSaberPolitica\/\" \/>\n<meta property=\"article:published_time\" content=\"2021-05-07T11:42:45+00:00\" \/>\n<meta property=\"og:image\" content=\"https:\/\/blogdofarnesio.com.br\/wp-content\/uploads\/2021\/04\/blogqspfique-em-casa-ATARDE-750_movimento-coronavirus-internet-contaminacao-quarentena_202031619123803-e1622232703270.jpg\" \/>\n\t<meta property=\"og:image:width\" content=\"550\" \/>\n\t<meta property=\"og:image:height\" content=\"437\" \/>\n\t<meta property=\"og:image:type\" content=\"image\/jpeg\" \/>\n<meta name=\"author\" content=\"Farn\u00e9sio\" \/>\n<meta name=\"twitter:card\" content=\"summary_large_image\" \/>\n<meta name=\"twitter:label1\" content=\"Escrito por\" \/>\n\t<meta name=\"twitter:data1\" content=\"Farn\u00e9sio\" \/>\n\t<meta name=\"twitter:label2\" content=\"Est. tempo de leitura\" \/>\n\t<meta name=\"twitter:data2\" content=\"1 minuto\" \/>\n<script type=\"application\/ld+json\" class=\"yoast-schema-graph\">{\"@context\":\"https:\\\/\\\/schema.org\",\"@graph\":[{\"@type\":\"Article\",\"@id\":\"https:\\\/\\\/blogdofarnesio.com.br\\\/?p=285019#article\",\"isPartOf\":{\"@id\":\"https:\\\/\\\/blogdofarnesio.com.br\\\/?p=285019\"},\"author\":{\"name\":\"Farn\u00e9sio\",\"@id\":\"https:\\\/\\\/blogdofarnesio.com.br\\\/#\\\/schema\\\/person\\\/301c4acf522bccbfdb45af95b5b906a1\"},\"headline\":\"Brasil registrou 15 milh\u00f5es de casos de covid-19; s\u00e3o 73.380 em 24 horas\",\"datePublished\":\"2021-05-07T11:42:45+00:00\",\"mainEntityOfPage\":{\"@id\":\"https:\\\/\\\/blogdofarnesio.com.br\\\/?p=285019\"},\"wordCount\":221,\"publisher\":{\"@id\":\"https:\\\/\\\/blogdofarnesio.com.br\\\/#organization\"},\"image\":{\"@id\":\"https:\\\/\\\/blogdofarnesio.com.br\\\/?p=285019#primaryimage\"},\"thumbnailUrl\":\"https:\\\/\\\/blogdofarnesio.com.br\\\/wp-content\\\/uploads\\\/2021\\\/04\\\/blogqspfique-em-casa-ATARDE-750_movimento-coronavirus-internet-contaminacao-quarentena_202031619123803-e1622232703270.jpg\",\"articleSection\":[\"Sa\u00fade\"],\"inLanguage\":\"pt-BR\"},{\"@type\":\"WebPage\",\"@id\":\"https:\\\/\\\/blogdofarnesio.com.br\\\/?p=285019\",\"url\":\"https:\\\/\\\/blogdofarnesio.com.br\\\/?p=285019\",\"name\":\"Brasil registrou 15 milh\u00f5es de casos de covid-19; s\u00e3o 73.380 em 24 horas - Blog do Farn\u00e9sio\",\"isPartOf\":{\"@id\":\"https:\\\/\\\/blogdofarnesio.com.br\\\/#website\"},\"primaryImageOfPage\":{\"@id\":\"https:\\\/\\\/blogdofarnesio.com.br\\\/?p=285019#primaryimage\"},\"image\":{\"@id\":\"https:\\\/\\\/blogdofarnesio.com.br\\\/?p=285019#primaryimage\"},\"thumbnailUrl\":\"https:\\\/\\\/blogdofarnesio.com.br\\\/wp-content\\\/uploads\\\/2021\\\/04\\\/blogqspfique-em-casa-ATARDE-750_movimento-coronavirus-internet-contaminacao-quarentena_202031619123803-e1622232703270.jpg\",\"datePublished\":\"2021-05-07T11:42:45+00:00\",\"breadcrumb\":{\"@id\":\"https:\\\/\\\/blogdofarnesio.com.br\\\/?p=285019#breadcrumb\"},\"inLanguage\":\"pt-BR\",\"potentialAction\":[{\"@type\":\"ReadAction\",\"target\":[\"https:\\\/\\\/blogdofarnesio.com.br\\\/?p=285019\"]}]},{\"@type\":\"ImageObject\",\"inLanguage\":\"pt-BR\",\"@id\":\"https:\\\/\\\/blogdofarnesio.com.br\\\/?p=285019#primaryimage\",\"url\":\"https:\\\/\\\/blogdofarnesio.com.br\\\/wp-content\\\/uploads\\\/2021\\\/04\\\/blogqspfique-em-casa-ATARDE-750_movimento-coronavirus-internet-contaminacao-quarentena_202031619123803-e1622232703270.jpg\",\"contentUrl\":\"https:\\\/\\\/blogdofarnesio.com.br\\\/wp-content\\\/uploads\\\/2021\\\/04\\\/blogqspfique-em-casa-ATARDE-750_movimento-coronavirus-internet-contaminacao-quarentena_202031619123803-e1622232703270.jpg\",\"width\":550,\"height\":437},{\"@type\":\"BreadcrumbList\",\"@id\":\"https:\\\/\\\/blogdofarnesio.com.br\\\/?p=285019#breadcrumb\",\"itemListElement\":[{\"@type\":\"ListItem\",\"position\":1,\"name\":\"In\u00edcio\",\"item\":\"https:\\\/\\\/blogdofarnesio.com.br\\\/\"},{\"@type\":\"ListItem\",\"position\":2,\"name\":\"Brasil registrou 15 milh\u00f5es de casos de covid-19; s\u00e3o 73.380 em 24 horas\"}]},{\"@type\":\"WebSite\",\"@id\":\"https:\\\/\\\/blogdofarnesio.com.br\\\/#website\",\"url\":\"https:\\\/\\\/blogdofarnesio.com.br\\\/\",\"name\":\"Blog do Farn\u00e9sio\",\"description\":\"Quer Saber Pol\u00edtica?\",\"publisher\":{\"@id\":\"https:\\\/\\\/blogdofarnesio.com.br\\\/#organization\"},\"potentialAction\":[{\"@type\":\"SearchAction\",\"target\":{\"@type\":\"EntryPoint\",\"urlTemplate\":\"https:\\\/\\\/blogdofarnesio.com.br\\\/?s={search_term_string}\"},\"query-input\":{\"@type\":\"PropertyValueSpecification\",\"valueRequired\":true,\"valueName\":\"search_term_string\"}}],\"inLanguage\":\"pt-BR\"},{\"@type\":\"Organization\",\"@id\":\"https:\\\/\\\/blogdofarnesio.com.br\\\/#organization\",\"name\":\"Blog do Farn\u00e9sio\",\"url\":\"https:\\\/\\\/blogdofarnesio.com.br\\\/\",\"logo\":{\"@type\":\"ImageObject\",\"inLanguage\":\"pt-BR\",\"@id\":\"https:\\\/\\\/blogdofarnesio.com.br\\\/#\\\/schema\\\/logo\\\/image\\\/\",\"url\":\"https:\\\/\\\/blogdofarnesio.com.br\\\/wp-content\\\/uploads\\\/2026\\\/03\\\/cropped-logo_new-1.png\",\"contentUrl\":\"https:\\\/\\\/blogdofarnesio.com.br\\\/wp-content\\\/uploads\\\/2026\\\/03\\\/cropped-logo_new-1.png\",\"width\":881,\"height\":685,\"caption\":\"Blog do Farn\u00e9sio\"},\"image\":{\"@id\":\"https:\\\/\\\/blogdofarnesio.com.br\\\/#\\\/schema\\\/logo\\\/image\\\/\"},\"sameAs\":[\"https:\\\/\\\/www.facebook.com\\\/BlogQuerSaberPolitica\\\/\"]},{\"@type\":\"Person\",\"@id\":\"https:\\\/\\\/blogdofarnesio.com.br\\\/#\\\/schema\\\/person\\\/301c4acf522bccbfdb45af95b5b906a1\",\"name\":\"Farn\u00e9sio\",\"image\":{\"@type\":\"ImageObject\",\"inLanguage\":\"pt-BR\",\"@id\":\"https:\\\/\\\/secure.gravatar.com\\\/avatar\\\/df0c9a14567c056f8ad6876ba5bbd1e3e2c48023eb6807342fc4663adf549f38?s=96&d=mm&r=g\",\"url\":\"https:\\\/\\\/secure.gravatar.com\\\/avatar\\\/df0c9a14567c056f8ad6876ba5bbd1e3e2c48023eb6807342fc4663adf549f38?s=96&d=mm&r=g\",\"contentUrl\":\"https:\\\/\\\/secure.gravatar.com\\\/avatar\\\/df0c9a14567c056f8ad6876ba5bbd1e3e2c48023eb6807342fc4663adf549f38?s=96&d=mm&r=g\",\"caption\":\"Farn\u00e9sio\"},\"sameAs\":[\"https:\\\/\\\/quersaberpolitica.com.br\"],\"url\":\"https:\\\/\\\/blogdofarnesio.com.br\\\/?author=1\"}]}<\/script>\n<!-- \/ Yoast SEO plugin. -->","yoast_head_json":{"title":"Brasil registrou 15 milh\u00f5es de casos de covid-19; s\u00e3o 73.380 em 24 horas - Blog do Farn\u00e9sio","robots":{"index":"index","follow":"follow","max-snippet":"max-snippet:-1","max-image-preview":"max-image-preview:large","max-video-preview":"max-video-preview:-1"},"canonical":"https:\/\/blogdofarnesio.com.br\/?p=285019","og_locale":"pt_BR","og_type":"article","og_title":"Brasil registrou 15 milh\u00f5es de casos de covid-19; s\u00e3o 73.380 em 24 horas - Blog do Farn\u00e9sio","og_description":"SOPHIA LOPES &#8211;\u00a0 O Minist\u00e9rio da Sa\u00fade\u00a0contabilizou nesta 5\u00aa feira (6.mai.2021), 15.003.563 diagn\u00f3sticos diagn\u00f3sticos positivos de covid-19, em todo o Brasil. De acordo com a pasta, foram registrados mais 73.380 casos de covid-19 e 2.550 mortes nesta 5\u00aa feira (6.mai.2021). Ao todo, h\u00e1 416.949 mortos pela doen\u00e7a no pa\u00eds. As autoridades tamb\u00e9m contabilizam 13.591.335 pessoas recuperadas e 995.279 em acompanhamento. Na 5\u00aa feira anterior (29.abr), o Brasil superou a marca de 400 mil mortos.\u00a0O pa\u00eds atingiu esse patamar 35 dias ap\u00f3s ter chegado a mais de 300.000 mortes. O avan\u00e7o j\u00e1 era previsto por\u00a0especialistas. M\u00c9DIA DE MORTES E CASOS A m\u00e9dia m\u00f3vel matiza varia\u00e7\u00f5es abruptas. A curva \u00e9 uma m\u00e9dia do n\u00famero de ocorr\u00eancias confirmadas nos \u00faltimos 7 dias. A&hellip;","og_url":"https:\/\/blogdofarnesio.com.br\/?p=285019","og_site_name":"Blog do Farn\u00e9sio","article_publisher":"https:\/\/www.facebook.com\/BlogQuerSaberPolitica\/","article_published_time":"2021-05-07T11:42:45+00:00","og_image":[{"width":550,"height":437,"url":"https:\/\/blogdofarnesio.com.br\/wp-content\/uploads\/2021\/04\/blogqspfique-em-casa-ATARDE-750_movimento-coronavirus-internet-contaminacao-quarentena_202031619123803-e1622232703270.jpg","type":"image\/jpeg"}],"author":"Farn\u00e9sio","twitter_card":"summary_large_image","twitter_misc":{"Escrito por":"Farn\u00e9sio","Est. tempo de leitura":"1 minuto"},"schema":{"@context":"https:\/\/schema.org","@graph":[{"@type":"Article","@id":"https:\/\/blogdofarnesio.com.br\/?p=285019#article","isPartOf":{"@id":"https:\/\/blogdofarnesio.com.br\/?p=285019"},"author":{"name":"Farn\u00e9sio","@id":"https:\/\/blogdofarnesio.com.br\/#\/schema\/person\/301c4acf522bccbfdb45af95b5b906a1"},"headline":"Brasil registrou 15 milh\u00f5es de casos de covid-19; s\u00e3o 73.380 em 24 horas","datePublished":"2021-05-07T11:42:45+00:00","mainEntityOfPage":{"@id":"https:\/\/blogdofarnesio.com.br\/?p=285019"},"wordCount":221,"publisher":{"@id":"https:\/\/blogdofarnesio.com.br\/#organization"},"image":{"@id":"https:\/\/blogdofarnesio.com.br\/?p=285019#primaryimage"},"thumbnailUrl":"https:\/\/blogdofarnesio.com.br\/wp-content\/uploads\/2021\/04\/blogqspfique-em-casa-ATARDE-750_movimento-coronavirus-internet-contaminacao-quarentena_202031619123803-e1622232703270.jpg","articleSection":["Sa\u00fade"],"inLanguage":"pt-BR"},{"@type":"WebPage","@id":"https:\/\/blogdofarnesio.com.br\/?p=285019","url":"https:\/\/blogdofarnesio.com.br\/?p=285019","name":"Brasil registrou 15 milh\u00f5es de casos de covid-19; s\u00e3o 73.380 em 24 horas - Blog do Farn\u00e9sio","isPartOf":{"@id":"https:\/\/blogdofarnesio.com.br\/#website"},"primaryImageOfPage":{"@id":"https:\/\/blogdofarnesio.com.br\/?p=285019#primaryimage"},"image":{"@id":"https:\/\/blogdofarnesio.com.br\/?p=285019#primaryimage"},"thumbnailUrl":"https:\/\/blogdofarnesio.com.br\/wp-content\/uploads\/2021\/04\/blogqspfique-em-casa-ATARDE-750_movimento-coronavirus-internet-contaminacao-quarentena_202031619123803-e1622232703270.jpg","datePublished":"2021-05-07T11:42:45+00:00","breadcrumb":{"@id":"https:\/\/blogdofarnesio.com.br\/?p=285019#breadcrumb"},"inLanguage":"pt-BR","potentialAction":[{"@type":"ReadAction","target":["https:\/\/blogdofarnesio.com.br\/?p=285019"]}]},{"@type":"ImageObject","inLanguage":"pt-BR","@id":"https:\/\/blogdofarnesio.com.br\/?p=285019#primaryimage","url":"https:\/\/blogdofarnesio.com.br\/wp-content\/uploads\/2021\/04\/blogqspfique-em-casa-ATARDE-750_movimento-coronavirus-internet-contaminacao-quarentena_202031619123803-e1622232703270.jpg","contentUrl":"https:\/\/blogdofarnesio.com.br\/wp-content\/uploads\/2021\/04\/blogqspfique-em-casa-ATARDE-750_movimento-coronavirus-internet-contaminacao-quarentena_202031619123803-e1622232703270.jpg","width":550,"height":437},{"@type":"BreadcrumbList","@id":"https:\/\/blogdofarnesio.com.br\/?p=285019#breadcrumb","itemListElement":[{"@type":"ListItem","position":1,"name":"In\u00edcio","item":"https:\/\/blogdofarnesio.com.br\/"},{"@type":"ListItem","position":2,"name":"Brasil registrou 15 milh\u00f5es de casos de covid-19; s\u00e3o 73.380 em 24 horas"}]},{"@type":"WebSite","@id":"https:\/\/blogdofarnesio.com.br\/#website","url":"https:\/\/blogdofarnesio.com.br\/","name":"Blog do Farn\u00e9sio","description":"Quer Saber Pol\u00edtica?","publisher":{"@id":"https:\/\/blogdofarnesio.com.br\/#organization"},"potentialAction":[{"@type":"SearchAction","target":{"@type":"EntryPoint","urlTemplate":"https:\/\/blogdofarnesio.com.br\/?s={search_term_string}"},"query-input":{"@type":"PropertyValueSpecification","valueRequired":true,"valueName":"search_term_string"}}],"inLanguage":"pt-BR"},{"@type":"Organization","@id":"https:\/\/blogdofarnesio.com.br\/#organization","name":"Blog do Farn\u00e9sio","url":"https:\/\/blogdofarnesio.com.br\/","logo":{"@type":"ImageObject","inLanguage":"pt-BR","@id":"https:\/\/blogdofarnesio.com.br\/#\/schema\/logo\/image\/","url":"https:\/\/blogdofarnesio.com.br\/wp-content\/uploads\/2026\/03\/cropped-logo_new-1.png","contentUrl":"https:\/\/blogdofarnesio.com.br\/wp-content\/uploads\/2026\/03\/cropped-logo_new-1.png","width":881,"height":685,"caption":"Blog do Farn\u00e9sio"},"image":{"@id":"https:\/\/blogdofarnesio.com.br\/#\/schema\/logo\/image\/"},"sameAs":["https:\/\/www.facebook.com\/BlogQuerSaberPolitica\/"]},{"@type":"Person","@id":"https:\/\/blogdofarnesio.com.br\/#\/schema\/person\/301c4acf522bccbfdb45af95b5b906a1","name":"Farn\u00e9sio","image":{"@type":"ImageObject","inLanguage":"pt-BR","@id":"https:\/\/secure.gravatar.com\/avatar\/df0c9a14567c056f8ad6876ba5bbd1e3e2c48023eb6807342fc4663adf549f38?s=96&d=mm&r=g","url":"https:\/\/secure.gravatar.com\/avatar\/df0c9a14567c056f8ad6876ba5bbd1e3e2c48023eb6807342fc4663adf549f38?s=96&d=mm&r=g","contentUrl":"https:\/\/secure.gravatar.com\/avatar\/df0c9a14567c056f8ad6876ba5bbd1e3e2c48023eb6807342fc4663adf549f38?s=96&d=mm&r=g","caption":"Farn\u00e9sio"},"sameAs":["https:\/\/quersaberpolitica.com.br"],"url":"https:\/\/blogdofarnesio.com.br\/?author=1"}]}},"_links":{"self":[{"href":"https:\/\/blogdofarnesio.com.br\/index.php?rest_route=\/wp\/v2\/posts\/285019","targetHints":{"allow":["GET"]}}],"collection":[{"href":"https:\/\/blogdofarnesio.com.br\/index.php?rest_route=\/wp\/v2\/posts"}],"about":[{"href":"https:\/\/blogdofarnesio.com.br\/index.php?rest_route=\/wp\/v2\/types\/post"}],"author":[{"embeddable":true,"href":"https:\/\/blogdofarnesio.com.br\/index.php?rest_route=\/wp\/v2\/users\/1"}],"replies":[{"embeddable":true,"href":"https:\/\/blogdofarnesio.com.br\/index.php?rest_route=%2Fwp%2Fv2%2Fcomments&post=285019"}],"version-history":[{"count":0,"href":"https:\/\/blogdofarnesio.com.br\/index.php?rest_route=\/wp\/v2\/posts\/285019\/revisions"}],"wp:featuredmedia":[{"embeddable":true,"href":"https:\/\/blogdofarnesio.com.br\/index.php?rest_route=\/wp\/v2\/media\/283661"}],"wp:attachment":[{"href":"https:\/\/blogdofarnesio.com.br\/index.php?rest_route=%2Fwp%2Fv2%2Fmedia&parent=285019"}],"wp:term":[{"taxonomy":"category","embeddable":true,"href":"https:\/\/blogdofarnesio.com.br\/index.php?rest_route=%2Fwp%2Fv2%2Fcategories&post=285019"},{"taxonomy":"post_tag","embeddable":true,"href":"https:\/\/blogdofarnesio.com.br\/index.php?rest_route=%2Fwp%2Fv2%2Ftags&post=285019"}],"curies":[{"name":"wp","href":"https:\/\/api.w.org\/{rel}","templated":true}]}}