{"id":284931,"date":"2021-05-07T07:42:16","date_gmt":"2021-05-07T10:42:16","guid":{"rendered":"http:\/\/quersaberpolitica.com.br\/2016\/?p=284931"},"modified":"2021-05-06T19:31:06","modified_gmt":"2021-05-06T22:31:06","slug":"dezenas-de-bairros-de-petrolina-vao-ficar-sem-agua-neste-sabado-08-confira-a-relacao","status":"publish","type":"post","link":"https:\/\/blogdofarnesio.com.br\/?p=284931","title":{"rendered":"Dezenas de bairros de Petrolina v\u00e3o ficar sem \u00e1gua neste s\u00e1bado (08). Confira a rela\u00e7\u00e3o"},"content":{"rendered":"<p>A Compesa informa que ser\u00e1 realizada, amanh\u00e3 (08), uma manuten\u00e7\u00e3o preventiva na subesta\u00e7\u00e3o de energia das unidades de capta\u00e7\u00e3o de \u00e1gua que abastecem as Esta\u00e7\u00f5es de Tratamento de \u00c1gua Petrolina 1 e 2, envolvendo 63 bairros\/loteamentos.<\/p>\n<p>Para executar o servi\u00e7o, ser\u00e1 necess\u00e1rio suspender, temporariamente, o fornecimento de \u00e1gua de alguns bairros da cidade, entre as 13h e 19h, com previs\u00e3o de retorno gradual do abastecimento ap\u00f3s a conclus\u00e3o dos servi\u00e7os.<\/p>\n<p>Ser\u00e3o afetados bairros da Zona Leste e Oeste, al\u00e9m do centro da cidade. Para mais informa\u00e7\u00f5es, o cliente pode entrar em contato pelos canais de atendimento da Compesa no 0800 081 0195, pelo site www.compesa.com.br ou pelo app Compesa Mobile.<\/p>\n<p>As localidades afetadas s\u00e3o: Loteamento Recife, Vila Marcela, Vila Eul\u00e1lia, Parte do Jos\u00e9 e Maria, Mandacaru, Terras do Sul, Santa Luzia, S\u00e3o Jorge, Parte do Jos\u00e9 e Maria, Vila D\u00e9bora, Loteamento Padre C\u00edcero, Dom Avelar, S\u00e3o Joaquim, Areia Branca, Dom Malan, Caminho do Sol, Maria Auxiliadora, Pedra Linda, Vale Dourado, Vila Esperan\u00e7a, Condom\u00ednio Mais Viver, Mais Viver Vinhedos, Morada Nova, Monsenhor Bernardino, Lot. Santa Barbara, Vivendas I e II, Buona Vita, Campos do Conde, Centro, Jardim Amazonas, Alto do Cocar, Pedro Raimundo, Quati, Jardim S\u00e3o Paulo, Campus Agr\u00e1rio Univasf, Vila Eduardo, Vila dos Ing\u00e1s, Lot N. Sra Rainha dos Anjos, Vitivin\u00edcola, Alto Cheiroso, S\u00e3o Jos\u00e9, Henrique Leite, Novo Horizonte, Jatob\u00e1, Carneiros, Cidade Universit\u00e1ria, Cond. \u00c1gua Viva, Cond. Portal das \u00c1guas, Vila das Imbiras, Vila Moc\u00f3, Parte do Gercino Coelho, Km 2, Lot Arco-\u00edris, Jardim Maravilha, Ouro Preto, Alto Grande, Ant\u00f4nio Cassimiro, Vale do Grande Rio, Cohab IV, Cohab V, Distrito Industrial, Colinas do Rio E Condom\u00ednio Rio Verde.<\/p>\n","protected":false},"excerpt":{"rendered":"<p>A Compesa informa que ser\u00e1 realizada, amanh\u00e3 (08), uma manuten\u00e7\u00e3o preventiva na subesta\u00e7\u00e3o de energia das unidades de capta\u00e7\u00e3o de \u00e1gua que abastecem as Esta\u00e7\u00f5es de Tratamento de \u00c1gua Petrolina 1 e 2, envolvendo 63 bairros\/loteamentos. Para executar o servi\u00e7o, ser\u00e1 necess\u00e1rio suspender, temporariamente, o fornecimento de \u00e1gua de alguns bairros da cidade, entre as 13h e 19h, com previs\u00e3o de retorno gradual do abastecimento ap\u00f3s a conclus\u00e3o dos servi\u00e7os. Ser\u00e3o afetados bairros da Zona Leste e Oeste, al\u00e9m do centro da cidade. Para mais informa\u00e7\u00f5es, o cliente pode entrar em contato pelos canais de atendimento da Compesa no 0800 081 0195, pelo site www.compesa.com.br ou pelo app Compesa Mobile. As localidades afetadas s\u00e3o: Loteamento Recife, Vila Marcela, Vila Eul\u00e1lia,&hellip; <\/p>\n","protected":false},"author":1,"featured_media":269553,"comment_status":"closed","ping_status":"closed","sticky":false,"template":"","format":"standard","meta":{"_acf_changed":false,"footnotes":""},"categories":[56],"tags":[],"class_list":["post-284931","post","type-post","status-publish","format-standard","has-post-thumbnail","hentry","category-agua"],"acf":[],"yoast_head":"<!-- This site is optimized with the Yoast SEO plugin v27.4 - https:\/\/yoast.com\/product\/yoast-seo-wordpress\/ -->\n<title>Dezenas de bairros de Petrolina v\u00e3o ficar sem \u00e1gua neste s\u00e1bado (08). Confira a rela\u00e7\u00e3o - Blog do Farn\u00e9sio<\/title>\n<meta name=\"robots\" content=\"index, follow, max-snippet:-1, max-image-preview:large, max-video-preview:-1\" \/>\n<link rel=\"canonical\" href=\"https:\/\/blogdofarnesio.com.br\/?p=284931\" \/>\n<meta property=\"og:locale\" content=\"pt_BR\" \/>\n<meta property=\"og:type\" content=\"article\" \/>\n<meta property=\"og:title\" content=\"Dezenas de bairros de Petrolina v\u00e3o ficar sem \u00e1gua neste s\u00e1bado (08). Confira a rela\u00e7\u00e3o - Blog do Farn\u00e9sio\" \/>\n<meta property=\"og:description\" content=\"A Compesa informa que ser\u00e1 realizada, amanh\u00e3 (08), uma manuten\u00e7\u00e3o preventiva na subesta\u00e7\u00e3o de energia das unidades de capta\u00e7\u00e3o de \u00e1gua que abastecem as Esta\u00e7\u00f5es de Tratamento de \u00c1gua Petrolina 1 e 2, envolvendo 63 bairros\/loteamentos. Para executar o servi\u00e7o, ser\u00e1 necess\u00e1rio suspender, temporariamente, o fornecimento de \u00e1gua de alguns bairros da cidade, entre as 13h e 19h, com previs\u00e3o de retorno gradual do abastecimento ap\u00f3s a conclus\u00e3o dos servi\u00e7os. Ser\u00e3o afetados bairros da Zona Leste e Oeste, al\u00e9m do centro da cidade. Para mais informa\u00e7\u00f5es, o cliente pode entrar em contato pelos canais de atendimento da Compesa no 0800 081 0195, pelo site www.compesa.com.br ou pelo app Compesa Mobile. As localidades afetadas s\u00e3o: Loteamento Recife, Vila Marcela, Vila Eul\u00e1lia,&hellip;\" \/>\n<meta property=\"og:url\" content=\"https:\/\/blogdofarnesio.com.br\/?p=284931\" \/>\n<meta property=\"og:site_name\" content=\"Blog do Farn\u00e9sio\" \/>\n<meta property=\"article:publisher\" content=\"https:\/\/www.facebook.com\/BlogQuerSaberPolitica\/\" \/>\n<meta property=\"article:published_time\" content=\"2021-05-07T10:42:16+00:00\" \/>\n<meta property=\"og:image\" content=\"https:\/\/blogdofarnesio.com.br\/wp-content\/uploads\/2020\/10\/blogqspcompesa-saae.jpg\" \/>\n\t<meta property=\"og:image:width\" content=\"366\" \/>\n\t<meta property=\"og:image:height\" content=\"287\" \/>\n\t<meta property=\"og:image:type\" content=\"image\/jpeg\" \/>\n<meta name=\"author\" content=\"Farn\u00e9sio\" \/>\n<meta name=\"twitter:card\" content=\"summary_large_image\" \/>\n<meta name=\"twitter:label1\" content=\"Escrito por\" \/>\n\t<meta name=\"twitter:data1\" content=\"Farn\u00e9sio\" \/>\n\t<meta name=\"twitter:label2\" content=\"Est. tempo de leitura\" \/>\n\t<meta name=\"twitter:data2\" content=\"1 minuto\" \/>\n<script type=\"application\/ld+json\" class=\"yoast-schema-graph\">{\"@context\":\"https:\\\/\\\/schema.org\",\"@graph\":[{\"@type\":\"Article\",\"@id\":\"https:\\\/\\\/blogdofarnesio.com.br\\\/?p=284931#article\",\"isPartOf\":{\"@id\":\"https:\\\/\\\/blogdofarnesio.com.br\\\/?p=284931\"},\"author\":{\"name\":\"Farn\u00e9sio\",\"@id\":\"https:\\\/\\\/blogdofarnesio.com.br\\\/#\\\/schema\\\/person\\\/301c4acf522bccbfdb45af95b5b906a1\"},\"headline\":\"Dezenas de bairros de Petrolina v\u00e3o ficar sem \u00e1gua neste s\u00e1bado (08). Confira a rela\u00e7\u00e3o\",\"datePublished\":\"2021-05-07T10:42:16+00:00\",\"mainEntityOfPage\":{\"@id\":\"https:\\\/\\\/blogdofarnesio.com.br\\\/?p=284931\"},\"wordCount\":311,\"publisher\":{\"@id\":\"https:\\\/\\\/blogdofarnesio.com.br\\\/#organization\"},\"image\":{\"@id\":\"https:\\\/\\\/blogdofarnesio.com.br\\\/?p=284931#primaryimage\"},\"thumbnailUrl\":\"https:\\\/\\\/blogdofarnesio.com.br\\\/wp-content\\\/uploads\\\/2020\\\/10\\\/blogqspcompesa-saae.jpg\",\"articleSection\":[\"\u00c1gua\"],\"inLanguage\":\"pt-BR\"},{\"@type\":\"WebPage\",\"@id\":\"https:\\\/\\\/blogdofarnesio.com.br\\\/?p=284931\",\"url\":\"https:\\\/\\\/blogdofarnesio.com.br\\\/?p=284931\",\"name\":\"Dezenas de bairros de Petrolina v\u00e3o ficar sem \u00e1gua neste s\u00e1bado (08). Confira a rela\u00e7\u00e3o - Blog do Farn\u00e9sio\",\"isPartOf\":{\"@id\":\"https:\\\/\\\/blogdofarnesio.com.br\\\/#website\"},\"primaryImageOfPage\":{\"@id\":\"https:\\\/\\\/blogdofarnesio.com.br\\\/?p=284931#primaryimage\"},\"image\":{\"@id\":\"https:\\\/\\\/blogdofarnesio.com.br\\\/?p=284931#primaryimage\"},\"thumbnailUrl\":\"https:\\\/\\\/blogdofarnesio.com.br\\\/wp-content\\\/uploads\\\/2020\\\/10\\\/blogqspcompesa-saae.jpg\",\"datePublished\":\"2021-05-07T10:42:16+00:00\",\"breadcrumb\":{\"@id\":\"https:\\\/\\\/blogdofarnesio.com.br\\\/?p=284931#breadcrumb\"},\"inLanguage\":\"pt-BR\",\"potentialAction\":[{\"@type\":\"ReadAction\",\"target\":[\"https:\\\/\\\/blogdofarnesio.com.br\\\/?p=284931\"]}]},{\"@type\":\"ImageObject\",\"inLanguage\":\"pt-BR\",\"@id\":\"https:\\\/\\\/blogdofarnesio.com.br\\\/?p=284931#primaryimage\",\"url\":\"https:\\\/\\\/blogdofarnesio.com.br\\\/wp-content\\\/uploads\\\/2020\\\/10\\\/blogqspcompesa-saae.jpg\",\"contentUrl\":\"https:\\\/\\\/blogdofarnesio.com.br\\\/wp-content\\\/uploads\\\/2020\\\/10\\\/blogqspcompesa-saae.jpg\",\"width\":366,\"height\":287},{\"@type\":\"BreadcrumbList\",\"@id\":\"https:\\\/\\\/blogdofarnesio.com.br\\\/?p=284931#breadcrumb\",\"itemListElement\":[{\"@type\":\"ListItem\",\"position\":1,\"name\":\"In\u00edcio\",\"item\":\"https:\\\/\\\/blogdofarnesio.com.br\\\/\"},{\"@type\":\"ListItem\",\"position\":2,\"name\":\"Dezenas de bairros de Petrolina v\u00e3o ficar sem \u00e1gua neste s\u00e1bado (08). Confira a rela\u00e7\u00e3o\"}]},{\"@type\":\"WebSite\",\"@id\":\"https:\\\/\\\/blogdofarnesio.com.br\\\/#website\",\"url\":\"https:\\\/\\\/blogdofarnesio.com.br\\\/\",\"name\":\"Blog do Farn\u00e9sio\",\"description\":\"Quer Saber Pol\u00edtica?\",\"publisher\":{\"@id\":\"https:\\\/\\\/blogdofarnesio.com.br\\\/#organization\"},\"potentialAction\":[{\"@type\":\"SearchAction\",\"target\":{\"@type\":\"EntryPoint\",\"urlTemplate\":\"https:\\\/\\\/blogdofarnesio.com.br\\\/?s={search_term_string}\"},\"query-input\":{\"@type\":\"PropertyValueSpecification\",\"valueRequired\":true,\"valueName\":\"search_term_string\"}}],\"inLanguage\":\"pt-BR\"},{\"@type\":\"Organization\",\"@id\":\"https:\\\/\\\/blogdofarnesio.com.br\\\/#organization\",\"name\":\"Blog do Farn\u00e9sio\",\"url\":\"https:\\\/\\\/blogdofarnesio.com.br\\\/\",\"logo\":{\"@type\":\"ImageObject\",\"inLanguage\":\"pt-BR\",\"@id\":\"https:\\\/\\\/blogdofarnesio.com.br\\\/#\\\/schema\\\/logo\\\/image\\\/\",\"url\":\"https:\\\/\\\/blogdofarnesio.com.br\\\/wp-content\\\/uploads\\\/2026\\\/03\\\/cropped-logo_new-1.png\",\"contentUrl\":\"https:\\\/\\\/blogdofarnesio.com.br\\\/wp-content\\\/uploads\\\/2026\\\/03\\\/cropped-logo_new-1.png\",\"width\":881,\"height\":685,\"caption\":\"Blog do Farn\u00e9sio\"},\"image\":{\"@id\":\"https:\\\/\\\/blogdofarnesio.com.br\\\/#\\\/schema\\\/logo\\\/image\\\/\"},\"sameAs\":[\"https:\\\/\\\/www.facebook.com\\\/BlogQuerSaberPolitica\\\/\"]},{\"@type\":\"Person\",\"@id\":\"https:\\\/\\\/blogdofarnesio.com.br\\\/#\\\/schema\\\/person\\\/301c4acf522bccbfdb45af95b5b906a1\",\"name\":\"Farn\u00e9sio\",\"image\":{\"@type\":\"ImageObject\",\"inLanguage\":\"pt-BR\",\"@id\":\"https:\\\/\\\/secure.gravatar.com\\\/avatar\\\/df0c9a14567c056f8ad6876ba5bbd1e3e2c48023eb6807342fc4663adf549f38?s=96&d=mm&r=g\",\"url\":\"https:\\\/\\\/secure.gravatar.com\\\/avatar\\\/df0c9a14567c056f8ad6876ba5bbd1e3e2c48023eb6807342fc4663adf549f38?s=96&d=mm&r=g\",\"contentUrl\":\"https:\\\/\\\/secure.gravatar.com\\\/avatar\\\/df0c9a14567c056f8ad6876ba5bbd1e3e2c48023eb6807342fc4663adf549f38?s=96&d=mm&r=g\",\"caption\":\"Farn\u00e9sio\"},\"sameAs\":[\"https:\\\/\\\/quersaberpolitica.com.br\"],\"url\":\"https:\\\/\\\/blogdofarnesio.com.br\\\/?author=1\"}]}<\/script>\n<!-- \/ Yoast SEO plugin. -->","yoast_head_json":{"title":"Dezenas de bairros de Petrolina v\u00e3o ficar sem \u00e1gua neste s\u00e1bado (08). Confira a rela\u00e7\u00e3o - Blog do Farn\u00e9sio","robots":{"index":"index","follow":"follow","max-snippet":"max-snippet:-1","max-image-preview":"max-image-preview:large","max-video-preview":"max-video-preview:-1"},"canonical":"https:\/\/blogdofarnesio.com.br\/?p=284931","og_locale":"pt_BR","og_type":"article","og_title":"Dezenas de bairros de Petrolina v\u00e3o ficar sem \u00e1gua neste s\u00e1bado (08). Confira a rela\u00e7\u00e3o - Blog do Farn\u00e9sio","og_description":"A Compesa informa que ser\u00e1 realizada, amanh\u00e3 (08), uma manuten\u00e7\u00e3o preventiva na subesta\u00e7\u00e3o de energia das unidades de capta\u00e7\u00e3o de \u00e1gua que abastecem as Esta\u00e7\u00f5es de Tratamento de \u00c1gua Petrolina 1 e 2, envolvendo 63 bairros\/loteamentos. Para executar o servi\u00e7o, ser\u00e1 necess\u00e1rio suspender, temporariamente, o fornecimento de \u00e1gua de alguns bairros da cidade, entre as 13h e 19h, com previs\u00e3o de retorno gradual do abastecimento ap\u00f3s a conclus\u00e3o dos servi\u00e7os. Ser\u00e3o afetados bairros da Zona Leste e Oeste, al\u00e9m do centro da cidade. Para mais informa\u00e7\u00f5es, o cliente pode entrar em contato pelos canais de atendimento da Compesa no 0800 081 0195, pelo site www.compesa.com.br ou pelo app Compesa Mobile. As localidades afetadas s\u00e3o: Loteamento Recife, Vila Marcela, Vila Eul\u00e1lia,&hellip;","og_url":"https:\/\/blogdofarnesio.com.br\/?p=284931","og_site_name":"Blog do Farn\u00e9sio","article_publisher":"https:\/\/www.facebook.com\/BlogQuerSaberPolitica\/","article_published_time":"2021-05-07T10:42:16+00:00","og_image":[{"width":366,"height":287,"url":"https:\/\/blogdofarnesio.com.br\/wp-content\/uploads\/2020\/10\/blogqspcompesa-saae.jpg","type":"image\/jpeg"}],"author":"Farn\u00e9sio","twitter_card":"summary_large_image","twitter_misc":{"Escrito por":"Farn\u00e9sio","Est. tempo de leitura":"1 minuto"},"schema":{"@context":"https:\/\/schema.org","@graph":[{"@type":"Article","@id":"https:\/\/blogdofarnesio.com.br\/?p=284931#article","isPartOf":{"@id":"https:\/\/blogdofarnesio.com.br\/?p=284931"},"author":{"name":"Farn\u00e9sio","@id":"https:\/\/blogdofarnesio.com.br\/#\/schema\/person\/301c4acf522bccbfdb45af95b5b906a1"},"headline":"Dezenas de bairros de Petrolina v\u00e3o ficar sem \u00e1gua neste s\u00e1bado (08). Confira a rela\u00e7\u00e3o","datePublished":"2021-05-07T10:42:16+00:00","mainEntityOfPage":{"@id":"https:\/\/blogdofarnesio.com.br\/?p=284931"},"wordCount":311,"publisher":{"@id":"https:\/\/blogdofarnesio.com.br\/#organization"},"image":{"@id":"https:\/\/blogdofarnesio.com.br\/?p=284931#primaryimage"},"thumbnailUrl":"https:\/\/blogdofarnesio.com.br\/wp-content\/uploads\/2020\/10\/blogqspcompesa-saae.jpg","articleSection":["\u00c1gua"],"inLanguage":"pt-BR"},{"@type":"WebPage","@id":"https:\/\/blogdofarnesio.com.br\/?p=284931","url":"https:\/\/blogdofarnesio.com.br\/?p=284931","name":"Dezenas de bairros de Petrolina v\u00e3o ficar sem \u00e1gua neste s\u00e1bado (08). Confira a rela\u00e7\u00e3o - Blog do Farn\u00e9sio","isPartOf":{"@id":"https:\/\/blogdofarnesio.com.br\/#website"},"primaryImageOfPage":{"@id":"https:\/\/blogdofarnesio.com.br\/?p=284931#primaryimage"},"image":{"@id":"https:\/\/blogdofarnesio.com.br\/?p=284931#primaryimage"},"thumbnailUrl":"https:\/\/blogdofarnesio.com.br\/wp-content\/uploads\/2020\/10\/blogqspcompesa-saae.jpg","datePublished":"2021-05-07T10:42:16+00:00","breadcrumb":{"@id":"https:\/\/blogdofarnesio.com.br\/?p=284931#breadcrumb"},"inLanguage":"pt-BR","potentialAction":[{"@type":"ReadAction","target":["https:\/\/blogdofarnesio.com.br\/?p=284931"]}]},{"@type":"ImageObject","inLanguage":"pt-BR","@id":"https:\/\/blogdofarnesio.com.br\/?p=284931#primaryimage","url":"https:\/\/blogdofarnesio.com.br\/wp-content\/uploads\/2020\/10\/blogqspcompesa-saae.jpg","contentUrl":"https:\/\/blogdofarnesio.com.br\/wp-content\/uploads\/2020\/10\/blogqspcompesa-saae.jpg","width":366,"height":287},{"@type":"BreadcrumbList","@id":"https:\/\/blogdofarnesio.com.br\/?p=284931#breadcrumb","itemListElement":[{"@type":"ListItem","position":1,"name":"In\u00edcio","item":"https:\/\/blogdofarnesio.com.br\/"},{"@type":"ListItem","position":2,"name":"Dezenas de bairros de Petrolina v\u00e3o ficar sem \u00e1gua neste s\u00e1bado (08). Confira a rela\u00e7\u00e3o"}]},{"@type":"WebSite","@id":"https:\/\/blogdofarnesio.com.br\/#website","url":"https:\/\/blogdofarnesio.com.br\/","name":"Blog do Farn\u00e9sio","description":"Quer Saber Pol\u00edtica?","publisher":{"@id":"https:\/\/blogdofarnesio.com.br\/#organization"},"potentialAction":[{"@type":"SearchAction","target":{"@type":"EntryPoint","urlTemplate":"https:\/\/blogdofarnesio.com.br\/?s={search_term_string}"},"query-input":{"@type":"PropertyValueSpecification","valueRequired":true,"valueName":"search_term_string"}}],"inLanguage":"pt-BR"},{"@type":"Organization","@id":"https:\/\/blogdofarnesio.com.br\/#organization","name":"Blog do Farn\u00e9sio","url":"https:\/\/blogdofarnesio.com.br\/","logo":{"@type":"ImageObject","inLanguage":"pt-BR","@id":"https:\/\/blogdofarnesio.com.br\/#\/schema\/logo\/image\/","url":"https:\/\/blogdofarnesio.com.br\/wp-content\/uploads\/2026\/03\/cropped-logo_new-1.png","contentUrl":"https:\/\/blogdofarnesio.com.br\/wp-content\/uploads\/2026\/03\/cropped-logo_new-1.png","width":881,"height":685,"caption":"Blog do Farn\u00e9sio"},"image":{"@id":"https:\/\/blogdofarnesio.com.br\/#\/schema\/logo\/image\/"},"sameAs":["https:\/\/www.facebook.com\/BlogQuerSaberPolitica\/"]},{"@type":"Person","@id":"https:\/\/blogdofarnesio.com.br\/#\/schema\/person\/301c4acf522bccbfdb45af95b5b906a1","name":"Farn\u00e9sio","image":{"@type":"ImageObject","inLanguage":"pt-BR","@id":"https:\/\/secure.gravatar.com\/avatar\/df0c9a14567c056f8ad6876ba5bbd1e3e2c48023eb6807342fc4663adf549f38?s=96&d=mm&r=g","url":"https:\/\/secure.gravatar.com\/avatar\/df0c9a14567c056f8ad6876ba5bbd1e3e2c48023eb6807342fc4663adf549f38?s=96&d=mm&r=g","contentUrl":"https:\/\/secure.gravatar.com\/avatar\/df0c9a14567c056f8ad6876ba5bbd1e3e2c48023eb6807342fc4663adf549f38?s=96&d=mm&r=g","caption":"Farn\u00e9sio"},"sameAs":["https:\/\/quersaberpolitica.com.br"],"url":"https:\/\/blogdofarnesio.com.br\/?author=1"}]}},"_links":{"self":[{"href":"https:\/\/blogdofarnesio.com.br\/index.php?rest_route=\/wp\/v2\/posts\/284931","targetHints":{"allow":["GET"]}}],"collection":[{"href":"https:\/\/blogdofarnesio.com.br\/index.php?rest_route=\/wp\/v2\/posts"}],"about":[{"href":"https:\/\/blogdofarnesio.com.br\/index.php?rest_route=\/wp\/v2\/types\/post"}],"author":[{"embeddable":true,"href":"https:\/\/blogdofarnesio.com.br\/index.php?rest_route=\/wp\/v2\/users\/1"}],"replies":[{"embeddable":true,"href":"https:\/\/blogdofarnesio.com.br\/index.php?rest_route=%2Fwp%2Fv2%2Fcomments&post=284931"}],"version-history":[{"count":0,"href":"https:\/\/blogdofarnesio.com.br\/index.php?rest_route=\/wp\/v2\/posts\/284931\/revisions"}],"wp:featuredmedia":[{"embeddable":true,"href":"https:\/\/blogdofarnesio.com.br\/index.php?rest_route=\/wp\/v2\/media\/269553"}],"wp:attachment":[{"href":"https:\/\/blogdofarnesio.com.br\/index.php?rest_route=%2Fwp%2Fv2%2Fmedia&parent=284931"}],"wp:term":[{"taxonomy":"category","embeddable":true,"href":"https:\/\/blogdofarnesio.com.br\/index.php?rest_route=%2Fwp%2Fv2%2Fcategories&post=284931"},{"taxonomy":"post_tag","embeddable":true,"href":"https:\/\/blogdofarnesio.com.br\/index.php?rest_route=%2Fwp%2Fv2%2Ftags&post=284931"}],"curies":[{"name":"wp","href":"https:\/\/api.w.org\/{rel}","templated":true}]}}