{"id":284330,"date":"2021-04-28T16:15:28","date_gmt":"2021-04-28T19:15:28","guid":{"rendered":"http:\/\/quersaberpolitica.com.br\/2016\/?p=284330"},"modified":"2021-04-28T16:15:28","modified_gmt":"2021-04-28T19:15:28","slug":"juazeiro-registrou-tres-obitos-por-complicacoes-da-covid-19-e-95-casos-novos-da-doenca-nas-ultimas-24-horas","status":"publish","type":"post","link":"https:\/\/blogdofarnesio.com.br\/?p=284330","title":{"rendered":"Juazeiro registrou tr\u00eas \u00f3bitos por complica\u00e7\u00f5es da Covid-19 e 95 casos novos da doen\u00e7a nas \u00faltimas 24 horas"},"content":{"rendered":"<p>A informa\u00e7\u00e3o est\u00e1 no boletim epidemiol\u00f3gico da Secretaria Municipal de Sa\u00fade (SESAU) desta quarta-feira (28).<\/p>\n<p>De acordo com o levantamento, 13.474 moradores foram infectados desde o in\u00edcio da pandemia na cidade, dos quais 12.863 j\u00e1 est\u00e3o recuperados. Os casos descartados somam 23.985. Juazeiro tem 378 casos ativos do novo coronav\u00edrus.<\/p>\n<p>Os \u00f3bitos ocorreram em hospitais privados de Petrolina. Morreram tr\u00eas pessoas do sexo masculino, de 41, 51 e 52 anos. Com esses tr\u00eas registros, o munic\u00edpio contabiliza o total de 233 mortes pela Covid-19.<\/p>\n<p><strong>Testes <img loading=\"lazy\" decoding=\"async\" class=\"aligncenter size-full wp-image-284332\" src=\"http:\/\/quersaberpolitica.com.br\/2016\/wp-content\/uploads\/2021\/04\/vacinometro-28.04-Juazeiro-scaled-e1619637265270.jpg\" alt=\"\" width=\"448\" height=\"560\" \/><\/strong><\/p>\n<p>Foram realizados desde o in\u00edcio da pandemia 32.047 testes r\u00e1pidos pela prefeitura e 1.565 pelo Lacen, em Salvador.<\/p>\n<p><strong>Ocupa\u00e7\u00e3o de leitos<\/strong><\/p>\n<p>Na rede hospitalar, o percentual de ocupa\u00e7\u00e3o dos leitos para Juazeiro na rede PEBA (hospitais de Pernambuco e Bahia) \u00e9 de 94%, com 13 leitos dispon\u00edveis. Somente em Juazeiro, 97% dos leitos de UTI para pacientes com Covid-19 est\u00e3o ocupados, com 1 leito dispon\u00edvel.<\/p>\n<p>Texto: Amanda Franco &#8211; Assessora de Imprensa da Secretaria de Sa\u00fade<\/p>\n","protected":false},"excerpt":{"rendered":"<p>A informa\u00e7\u00e3o est\u00e1 no boletim epidemiol\u00f3gico da Secretaria Municipal de Sa\u00fade (SESAU) desta quarta-feira (28). De acordo com o levantamento, 13.474 moradores foram infectados desde o in\u00edcio da pandemia na cidade, dos quais 12.863 j\u00e1 est\u00e3o recuperados. Os casos descartados somam 23.985. Juazeiro tem 378 casos ativos do novo coronav\u00edrus. Os \u00f3bitos ocorreram em hospitais privados de Petrolina. Morreram tr\u00eas pessoas do sexo masculino, de 41, 51 e 52 anos. Com esses tr\u00eas registros, o munic\u00edpio contabiliza o total de 233 mortes pela Covid-19. Testes Foram realizados desde o in\u00edcio da pandemia 32.047 testes r\u00e1pidos pela prefeitura e 1.565 pelo Lacen, em Salvador. Ocupa\u00e7\u00e3o de leitos Na rede hospitalar, o percentual de ocupa\u00e7\u00e3o dos leitos para Juazeiro na rede PEBA&hellip; <\/p>\n","protected":false},"author":1,"featured_media":284331,"comment_status":"closed","ping_status":"closed","sticky":false,"template":"","format":"standard","meta":{"_acf_changed":false,"footnotes":""},"categories":[4],"tags":[],"class_list":["post-284330","post","type-post","status-publish","format-standard","has-post-thumbnail","hentry","category-saude"],"acf":[],"yoast_head":"<!-- This site is optimized with the Yoast SEO plugin v27.4 - https:\/\/yoast.com\/product\/yoast-seo-wordpress\/ -->\n<title>Juazeiro registrou tr\u00eas \u00f3bitos por complica\u00e7\u00f5es da Covid-19 e 95 casos novos da doen\u00e7a nas \u00faltimas 24 horas - Blog do Farn\u00e9sio<\/title>\n<meta name=\"robots\" content=\"index, follow, max-snippet:-1, max-image-preview:large, max-video-preview:-1\" \/>\n<link rel=\"canonical\" href=\"https:\/\/blogdofarnesio.com.br\/?p=284330\" \/>\n<meta property=\"og:locale\" content=\"pt_BR\" \/>\n<meta property=\"og:type\" content=\"article\" \/>\n<meta property=\"og:title\" content=\"Juazeiro registrou tr\u00eas \u00f3bitos por complica\u00e7\u00f5es da Covid-19 e 95 casos novos da doen\u00e7a nas \u00faltimas 24 horas - Blog do Farn\u00e9sio\" \/>\n<meta property=\"og:description\" content=\"A informa\u00e7\u00e3o est\u00e1 no boletim epidemiol\u00f3gico da Secretaria Municipal de Sa\u00fade (SESAU) desta quarta-feira (28). De acordo com o levantamento, 13.474 moradores foram infectados desde o in\u00edcio da pandemia na cidade, dos quais 12.863 j\u00e1 est\u00e3o recuperados. Os casos descartados somam 23.985. Juazeiro tem 378 casos ativos do novo coronav\u00edrus. Os \u00f3bitos ocorreram em hospitais privados de Petrolina. Morreram tr\u00eas pessoas do sexo masculino, de 41, 51 e 52 anos. Com esses tr\u00eas registros, o munic\u00edpio contabiliza o total de 233 mortes pela Covid-19. Testes Foram realizados desde o in\u00edcio da pandemia 32.047 testes r\u00e1pidos pela prefeitura e 1.565 pelo Lacen, em Salvador. Ocupa\u00e7\u00e3o de leitos Na rede hospitalar, o percentual de ocupa\u00e7\u00e3o dos leitos para Juazeiro na rede PEBA&hellip;\" \/>\n<meta property=\"og:url\" content=\"https:\/\/blogdofarnesio.com.br\/?p=284330\" \/>\n<meta property=\"og:site_name\" content=\"Blog do Farn\u00e9sio\" \/>\n<meta property=\"article:publisher\" content=\"https:\/\/www.facebook.com\/BlogQuerSaberPolitica\/\" \/>\n<meta property=\"article:published_time\" content=\"2021-04-28T19:15:28+00:00\" \/>\n<meta property=\"og:image\" content=\"https:\/\/blogdofarnesio.com.br\/wp-content\/uploads\/2021\/04\/Boletim-covid-28.04-Juazeiro-scaled-e1619637180830.jpg\" \/>\n\t<meta property=\"og:image:width\" content=\"560\" \/>\n\t<meta property=\"og:image:height\" content=\"560\" \/>\n\t<meta property=\"og:image:type\" content=\"image\/jpeg\" \/>\n<meta name=\"author\" content=\"Farn\u00e9sio\" \/>\n<meta name=\"twitter:card\" content=\"summary_large_image\" \/>\n<meta name=\"twitter:label1\" content=\"Escrito por\" \/>\n\t<meta name=\"twitter:data1\" content=\"Farn\u00e9sio\" \/>\n\t<meta name=\"twitter:label2\" content=\"Est. tempo de leitura\" \/>\n\t<meta name=\"twitter:data2\" content=\"1 minuto\" \/>\n<script type=\"application\/ld+json\" class=\"yoast-schema-graph\">{\"@context\":\"https:\\\/\\\/schema.org\",\"@graph\":[{\"@type\":\"Article\",\"@id\":\"https:\\\/\\\/blogdofarnesio.com.br\\\/?p=284330#article\",\"isPartOf\":{\"@id\":\"https:\\\/\\\/blogdofarnesio.com.br\\\/?p=284330\"},\"author\":{\"name\":\"Farn\u00e9sio\",\"@id\":\"https:\\\/\\\/blogdofarnesio.com.br\\\/#\\\/schema\\\/person\\\/301c4acf522bccbfdb45af95b5b906a1\"},\"headline\":\"Juazeiro registrou tr\u00eas \u00f3bitos por complica\u00e7\u00f5es da Covid-19 e 95 casos novos da doen\u00e7a nas \u00faltimas 24 horas\",\"datePublished\":\"2021-04-28T19:15:28+00:00\",\"mainEntityOfPage\":{\"@id\":\"https:\\\/\\\/blogdofarnesio.com.br\\\/?p=284330\"},\"wordCount\":181,\"publisher\":{\"@id\":\"https:\\\/\\\/blogdofarnesio.com.br\\\/#organization\"},\"image\":{\"@id\":\"https:\\\/\\\/blogdofarnesio.com.br\\\/?p=284330#primaryimage\"},\"thumbnailUrl\":\"https:\\\/\\\/blogdofarnesio.com.br\\\/wp-content\\\/uploads\\\/2021\\\/04\\\/Boletim-covid-28.04-Juazeiro-scaled-e1619637180830.jpg\",\"articleSection\":[\"Sa\u00fade\"],\"inLanguage\":\"pt-BR\"},{\"@type\":\"WebPage\",\"@id\":\"https:\\\/\\\/blogdofarnesio.com.br\\\/?p=284330\",\"url\":\"https:\\\/\\\/blogdofarnesio.com.br\\\/?p=284330\",\"name\":\"Juazeiro registrou tr\u00eas \u00f3bitos por complica\u00e7\u00f5es da Covid-19 e 95 casos novos da doen\u00e7a nas \u00faltimas 24 horas - Blog do Farn\u00e9sio\",\"isPartOf\":{\"@id\":\"https:\\\/\\\/blogdofarnesio.com.br\\\/#website\"},\"primaryImageOfPage\":{\"@id\":\"https:\\\/\\\/blogdofarnesio.com.br\\\/?p=284330#primaryimage\"},\"image\":{\"@id\":\"https:\\\/\\\/blogdofarnesio.com.br\\\/?p=284330#primaryimage\"},\"thumbnailUrl\":\"https:\\\/\\\/blogdofarnesio.com.br\\\/wp-content\\\/uploads\\\/2021\\\/04\\\/Boletim-covid-28.04-Juazeiro-scaled-e1619637180830.jpg\",\"datePublished\":\"2021-04-28T19:15:28+00:00\",\"breadcrumb\":{\"@id\":\"https:\\\/\\\/blogdofarnesio.com.br\\\/?p=284330#breadcrumb\"},\"inLanguage\":\"pt-BR\",\"potentialAction\":[{\"@type\":\"ReadAction\",\"target\":[\"https:\\\/\\\/blogdofarnesio.com.br\\\/?p=284330\"]}]},{\"@type\":\"ImageObject\",\"inLanguage\":\"pt-BR\",\"@id\":\"https:\\\/\\\/blogdofarnesio.com.br\\\/?p=284330#primaryimage\",\"url\":\"https:\\\/\\\/blogdofarnesio.com.br\\\/wp-content\\\/uploads\\\/2021\\\/04\\\/Boletim-covid-28.04-Juazeiro-scaled-e1619637180830.jpg\",\"contentUrl\":\"https:\\\/\\\/blogdofarnesio.com.br\\\/wp-content\\\/uploads\\\/2021\\\/04\\\/Boletim-covid-28.04-Juazeiro-scaled-e1619637180830.jpg\",\"width\":560,\"height\":560},{\"@type\":\"BreadcrumbList\",\"@id\":\"https:\\\/\\\/blogdofarnesio.com.br\\\/?p=284330#breadcrumb\",\"itemListElement\":[{\"@type\":\"ListItem\",\"position\":1,\"name\":\"In\u00edcio\",\"item\":\"https:\\\/\\\/blogdofarnesio.com.br\\\/\"},{\"@type\":\"ListItem\",\"position\":2,\"name\":\"Juazeiro registrou tr\u00eas \u00f3bitos por complica\u00e7\u00f5es da Covid-19 e 95 casos novos da doen\u00e7a nas \u00faltimas 24 horas\"}]},{\"@type\":\"WebSite\",\"@id\":\"https:\\\/\\\/blogdofarnesio.com.br\\\/#website\",\"url\":\"https:\\\/\\\/blogdofarnesio.com.br\\\/\",\"name\":\"Blog do Farn\u00e9sio\",\"description\":\"Quer Saber Pol\u00edtica?\",\"publisher\":{\"@id\":\"https:\\\/\\\/blogdofarnesio.com.br\\\/#organization\"},\"potentialAction\":[{\"@type\":\"SearchAction\",\"target\":{\"@type\":\"EntryPoint\",\"urlTemplate\":\"https:\\\/\\\/blogdofarnesio.com.br\\\/?s={search_term_string}\"},\"query-input\":{\"@type\":\"PropertyValueSpecification\",\"valueRequired\":true,\"valueName\":\"search_term_string\"}}],\"inLanguage\":\"pt-BR\"},{\"@type\":\"Organization\",\"@id\":\"https:\\\/\\\/blogdofarnesio.com.br\\\/#organization\",\"name\":\"Blog do Farn\u00e9sio\",\"url\":\"https:\\\/\\\/blogdofarnesio.com.br\\\/\",\"logo\":{\"@type\":\"ImageObject\",\"inLanguage\":\"pt-BR\",\"@id\":\"https:\\\/\\\/blogdofarnesio.com.br\\\/#\\\/schema\\\/logo\\\/image\\\/\",\"url\":\"https:\\\/\\\/blogdofarnesio.com.br\\\/wp-content\\\/uploads\\\/2026\\\/03\\\/cropped-logo_new-1.png\",\"contentUrl\":\"https:\\\/\\\/blogdofarnesio.com.br\\\/wp-content\\\/uploads\\\/2026\\\/03\\\/cropped-logo_new-1.png\",\"width\":881,\"height\":685,\"caption\":\"Blog do Farn\u00e9sio\"},\"image\":{\"@id\":\"https:\\\/\\\/blogdofarnesio.com.br\\\/#\\\/schema\\\/logo\\\/image\\\/\"},\"sameAs\":[\"https:\\\/\\\/www.facebook.com\\\/BlogQuerSaberPolitica\\\/\"]},{\"@type\":\"Person\",\"@id\":\"https:\\\/\\\/blogdofarnesio.com.br\\\/#\\\/schema\\\/person\\\/301c4acf522bccbfdb45af95b5b906a1\",\"name\":\"Farn\u00e9sio\",\"image\":{\"@type\":\"ImageObject\",\"inLanguage\":\"pt-BR\",\"@id\":\"https:\\\/\\\/secure.gravatar.com\\\/avatar\\\/df0c9a14567c056f8ad6876ba5bbd1e3e2c48023eb6807342fc4663adf549f38?s=96&d=mm&r=g\",\"url\":\"https:\\\/\\\/secure.gravatar.com\\\/avatar\\\/df0c9a14567c056f8ad6876ba5bbd1e3e2c48023eb6807342fc4663adf549f38?s=96&d=mm&r=g\",\"contentUrl\":\"https:\\\/\\\/secure.gravatar.com\\\/avatar\\\/df0c9a14567c056f8ad6876ba5bbd1e3e2c48023eb6807342fc4663adf549f38?s=96&d=mm&r=g\",\"caption\":\"Farn\u00e9sio\"},\"sameAs\":[\"https:\\\/\\\/quersaberpolitica.com.br\"],\"url\":\"https:\\\/\\\/blogdofarnesio.com.br\\\/?author=1\"}]}<\/script>\n<!-- \/ Yoast SEO plugin. -->","yoast_head_json":{"title":"Juazeiro registrou tr\u00eas \u00f3bitos por complica\u00e7\u00f5es da Covid-19 e 95 casos novos da doen\u00e7a nas \u00faltimas 24 horas - Blog do Farn\u00e9sio","robots":{"index":"index","follow":"follow","max-snippet":"max-snippet:-1","max-image-preview":"max-image-preview:large","max-video-preview":"max-video-preview:-1"},"canonical":"https:\/\/blogdofarnesio.com.br\/?p=284330","og_locale":"pt_BR","og_type":"article","og_title":"Juazeiro registrou tr\u00eas \u00f3bitos por complica\u00e7\u00f5es da Covid-19 e 95 casos novos da doen\u00e7a nas \u00faltimas 24 horas - Blog do Farn\u00e9sio","og_description":"A informa\u00e7\u00e3o est\u00e1 no boletim epidemiol\u00f3gico da Secretaria Municipal de Sa\u00fade (SESAU) desta quarta-feira (28). De acordo com o levantamento, 13.474 moradores foram infectados desde o in\u00edcio da pandemia na cidade, dos quais 12.863 j\u00e1 est\u00e3o recuperados. Os casos descartados somam 23.985. Juazeiro tem 378 casos ativos do novo coronav\u00edrus. Os \u00f3bitos ocorreram em hospitais privados de Petrolina. Morreram tr\u00eas pessoas do sexo masculino, de 41, 51 e 52 anos. Com esses tr\u00eas registros, o munic\u00edpio contabiliza o total de 233 mortes pela Covid-19. Testes Foram realizados desde o in\u00edcio da pandemia 32.047 testes r\u00e1pidos pela prefeitura e 1.565 pelo Lacen, em Salvador. Ocupa\u00e7\u00e3o de leitos Na rede hospitalar, o percentual de ocupa\u00e7\u00e3o dos leitos para Juazeiro na rede PEBA&hellip;","og_url":"https:\/\/blogdofarnesio.com.br\/?p=284330","og_site_name":"Blog do Farn\u00e9sio","article_publisher":"https:\/\/www.facebook.com\/BlogQuerSaberPolitica\/","article_published_time":"2021-04-28T19:15:28+00:00","og_image":[{"width":560,"height":560,"url":"https:\/\/blogdofarnesio.com.br\/wp-content\/uploads\/2021\/04\/Boletim-covid-28.04-Juazeiro-scaled-e1619637180830.jpg","type":"image\/jpeg"}],"author":"Farn\u00e9sio","twitter_card":"summary_large_image","twitter_misc":{"Escrito por":"Farn\u00e9sio","Est. tempo de leitura":"1 minuto"},"schema":{"@context":"https:\/\/schema.org","@graph":[{"@type":"Article","@id":"https:\/\/blogdofarnesio.com.br\/?p=284330#article","isPartOf":{"@id":"https:\/\/blogdofarnesio.com.br\/?p=284330"},"author":{"name":"Farn\u00e9sio","@id":"https:\/\/blogdofarnesio.com.br\/#\/schema\/person\/301c4acf522bccbfdb45af95b5b906a1"},"headline":"Juazeiro registrou tr\u00eas \u00f3bitos por complica\u00e7\u00f5es da Covid-19 e 95 casos novos da doen\u00e7a nas \u00faltimas 24 horas","datePublished":"2021-04-28T19:15:28+00:00","mainEntityOfPage":{"@id":"https:\/\/blogdofarnesio.com.br\/?p=284330"},"wordCount":181,"publisher":{"@id":"https:\/\/blogdofarnesio.com.br\/#organization"},"image":{"@id":"https:\/\/blogdofarnesio.com.br\/?p=284330#primaryimage"},"thumbnailUrl":"https:\/\/blogdofarnesio.com.br\/wp-content\/uploads\/2021\/04\/Boletim-covid-28.04-Juazeiro-scaled-e1619637180830.jpg","articleSection":["Sa\u00fade"],"inLanguage":"pt-BR"},{"@type":"WebPage","@id":"https:\/\/blogdofarnesio.com.br\/?p=284330","url":"https:\/\/blogdofarnesio.com.br\/?p=284330","name":"Juazeiro registrou tr\u00eas \u00f3bitos por complica\u00e7\u00f5es da Covid-19 e 95 casos novos da doen\u00e7a nas \u00faltimas 24 horas - Blog do Farn\u00e9sio","isPartOf":{"@id":"https:\/\/blogdofarnesio.com.br\/#website"},"primaryImageOfPage":{"@id":"https:\/\/blogdofarnesio.com.br\/?p=284330#primaryimage"},"image":{"@id":"https:\/\/blogdofarnesio.com.br\/?p=284330#primaryimage"},"thumbnailUrl":"https:\/\/blogdofarnesio.com.br\/wp-content\/uploads\/2021\/04\/Boletim-covid-28.04-Juazeiro-scaled-e1619637180830.jpg","datePublished":"2021-04-28T19:15:28+00:00","breadcrumb":{"@id":"https:\/\/blogdofarnesio.com.br\/?p=284330#breadcrumb"},"inLanguage":"pt-BR","potentialAction":[{"@type":"ReadAction","target":["https:\/\/blogdofarnesio.com.br\/?p=284330"]}]},{"@type":"ImageObject","inLanguage":"pt-BR","@id":"https:\/\/blogdofarnesio.com.br\/?p=284330#primaryimage","url":"https:\/\/blogdofarnesio.com.br\/wp-content\/uploads\/2021\/04\/Boletim-covid-28.04-Juazeiro-scaled-e1619637180830.jpg","contentUrl":"https:\/\/blogdofarnesio.com.br\/wp-content\/uploads\/2021\/04\/Boletim-covid-28.04-Juazeiro-scaled-e1619637180830.jpg","width":560,"height":560},{"@type":"BreadcrumbList","@id":"https:\/\/blogdofarnesio.com.br\/?p=284330#breadcrumb","itemListElement":[{"@type":"ListItem","position":1,"name":"In\u00edcio","item":"https:\/\/blogdofarnesio.com.br\/"},{"@type":"ListItem","position":2,"name":"Juazeiro registrou tr\u00eas \u00f3bitos por complica\u00e7\u00f5es da Covid-19 e 95 casos novos da doen\u00e7a nas \u00faltimas 24 horas"}]},{"@type":"WebSite","@id":"https:\/\/blogdofarnesio.com.br\/#website","url":"https:\/\/blogdofarnesio.com.br\/","name":"Blog do Farn\u00e9sio","description":"Quer Saber Pol\u00edtica?","publisher":{"@id":"https:\/\/blogdofarnesio.com.br\/#organization"},"potentialAction":[{"@type":"SearchAction","target":{"@type":"EntryPoint","urlTemplate":"https:\/\/blogdofarnesio.com.br\/?s={search_term_string}"},"query-input":{"@type":"PropertyValueSpecification","valueRequired":true,"valueName":"search_term_string"}}],"inLanguage":"pt-BR"},{"@type":"Organization","@id":"https:\/\/blogdofarnesio.com.br\/#organization","name":"Blog do Farn\u00e9sio","url":"https:\/\/blogdofarnesio.com.br\/","logo":{"@type":"ImageObject","inLanguage":"pt-BR","@id":"https:\/\/blogdofarnesio.com.br\/#\/schema\/logo\/image\/","url":"https:\/\/blogdofarnesio.com.br\/wp-content\/uploads\/2026\/03\/cropped-logo_new-1.png","contentUrl":"https:\/\/blogdofarnesio.com.br\/wp-content\/uploads\/2026\/03\/cropped-logo_new-1.png","width":881,"height":685,"caption":"Blog do Farn\u00e9sio"},"image":{"@id":"https:\/\/blogdofarnesio.com.br\/#\/schema\/logo\/image\/"},"sameAs":["https:\/\/www.facebook.com\/BlogQuerSaberPolitica\/"]},{"@type":"Person","@id":"https:\/\/blogdofarnesio.com.br\/#\/schema\/person\/301c4acf522bccbfdb45af95b5b906a1","name":"Farn\u00e9sio","image":{"@type":"ImageObject","inLanguage":"pt-BR","@id":"https:\/\/secure.gravatar.com\/avatar\/df0c9a14567c056f8ad6876ba5bbd1e3e2c48023eb6807342fc4663adf549f38?s=96&d=mm&r=g","url":"https:\/\/secure.gravatar.com\/avatar\/df0c9a14567c056f8ad6876ba5bbd1e3e2c48023eb6807342fc4663adf549f38?s=96&d=mm&r=g","contentUrl":"https:\/\/secure.gravatar.com\/avatar\/df0c9a14567c056f8ad6876ba5bbd1e3e2c48023eb6807342fc4663adf549f38?s=96&d=mm&r=g","caption":"Farn\u00e9sio"},"sameAs":["https:\/\/quersaberpolitica.com.br"],"url":"https:\/\/blogdofarnesio.com.br\/?author=1"}]}},"_links":{"self":[{"href":"https:\/\/blogdofarnesio.com.br\/index.php?rest_route=\/wp\/v2\/posts\/284330","targetHints":{"allow":["GET"]}}],"collection":[{"href":"https:\/\/blogdofarnesio.com.br\/index.php?rest_route=\/wp\/v2\/posts"}],"about":[{"href":"https:\/\/blogdofarnesio.com.br\/index.php?rest_route=\/wp\/v2\/types\/post"}],"author":[{"embeddable":true,"href":"https:\/\/blogdofarnesio.com.br\/index.php?rest_route=\/wp\/v2\/users\/1"}],"replies":[{"embeddable":true,"href":"https:\/\/blogdofarnesio.com.br\/index.php?rest_route=%2Fwp%2Fv2%2Fcomments&post=284330"}],"version-history":[{"count":0,"href":"https:\/\/blogdofarnesio.com.br\/index.php?rest_route=\/wp\/v2\/posts\/284330\/revisions"}],"wp:featuredmedia":[{"embeddable":true,"href":"https:\/\/blogdofarnesio.com.br\/index.php?rest_route=\/wp\/v2\/media\/284331"}],"wp:attachment":[{"href":"https:\/\/blogdofarnesio.com.br\/index.php?rest_route=%2Fwp%2Fv2%2Fmedia&parent=284330"}],"wp:term":[{"taxonomy":"category","embeddable":true,"href":"https:\/\/blogdofarnesio.com.br\/index.php?rest_route=%2Fwp%2Fv2%2Fcategories&post=284330"},{"taxonomy":"post_tag","embeddable":true,"href":"https:\/\/blogdofarnesio.com.br\/index.php?rest_route=%2Fwp%2Fv2%2Ftags&post=284330"}],"curies":[{"name":"wp","href":"https:\/\/api.w.org\/{rel}","templated":true}]}}