{"id":284324,"date":"2021-04-28T17:02:02","date_gmt":"2021-04-28T20:02:02","guid":{"rendered":"http:\/\/quersaberpolitica.com.br\/2016\/?p=284324"},"modified":"2021-04-28T14:22:34","modified_gmt":"2021-04-28T17:22:34","slug":"paulo-afonso-operacao-cumpre-mandados-em-caso-de-milicia-formada-por-pms","status":"publish","type":"post","link":"https:\/\/blogdofarnesio.com.br\/?p=284324","title":{"rendered":"Paulo Afonso: Opera\u00e7\u00e3o cumpre mandados em caso de mil\u00edcia formada por PMs"},"content":{"rendered":"<div class=\"box-title\"><\/div>\n<div class=\"box-body\" data-io-article-url=\"https:\/\/www.bahianoticias.com.br\/\">\n<div class=\"text-descricao\">\n<p>Uma opera\u00e7\u00e3o cumpre nesta quarta-feira (28) tr\u00eas mandados de pris\u00e3o tempor\u00e1ria e outros oito de busca e apreens\u00e3o em Paulo Afonso, na divisa da Bahia com Sergipe e Alagoas; no Conde, no Litoral Norte, e no munic\u00edpio de Boca da Mata, em Alagoas.<\/p>\n<p>Denominada de C\u00e1fila, a a\u00e7\u00e3o \u00e9 um desdobramento da Opera\u00e7\u00e3o Alcateia, deflagrada em 29 de outubro do ano passado. Na ocasi\u00e3o v\u00e1rios policiais militares foram presos acusados de integrar uma organiza\u00e7\u00e3o criminosa [no caso, uma mil\u00edcia] voltada para a pr\u00e1tica de homic\u00eddios, tr\u00e1fico de drogas, entre outros crimes (ver\u00a0<a href=\"https:\/\/www.bahianoticias.com.br\/municipios\/noticia\/23134-paulo-afonso-cachorrao-comandava-milicia-que-tirava-ate-r-1-milhao-mensal-aponta-mp.html\" target=\"_blank\" rel=\"noopener\">aqui<\/a>\u00a0e\u00a0<a href=\"https:\/\/www.bahianoticias.com.br\/municipios\/noticia\/23133-tenente-coronel-e-afastado-e-pms-sao-presos-em-acao-de-combate-a-milicia.html\" target=\"_blank\" rel=\"noopener\">aqui<\/a>).<\/p>\n<p>A C\u00e1fila investiga ind\u00edcios de sequestro e poss\u00edvel homic\u00eddio de Alex Cirino Barbosa, que foi raptado no dia 7 de abril, por volta das 19h45, em Paulo Afonso. Barbosa desde ent\u00e3o n\u00e3o foi mais localizado. Ele \u00e9 uma das principais testemunhas da \u201cOpera\u00e7\u00e3o Alcateia\u201d.<\/p>\n<p>O sequestro foi filmado por c\u00e2meras de seguran\u00e7a da rua onde ocorreu o crime. As imagens mostram o momento em que a v\u00edtima \u00e9 abordada, imobilizada, e colocada dentro do ve\u00edculo usado pelos agressores, segundo informou o Minist\u00e9rio P\u00fablico do Estado da Bahia (MP-BA), atrav\u00e9s do Grupo Especial de Combate ao Crime Organizado (Gaeco). O ve\u00edculo que j\u00e1 havia sido visto na cidade em poder de um oficial da PM.<\/p>\n<p>Ainda segundo o Gaeco, as evid\u00eancias revelam que se trata de uma tentativa de intimidar testemunhas e embara\u00e7ar a a\u00e7\u00e3o penal resultado da opera\u00e7\u00e3o Alcateia. A audi\u00eancia de instru\u00e7\u00e3o do processo teve in\u00edcio nesta ter\u00e7a-feira (27) em Paulo Afonso. Um dos alvos da C\u00e1fila \u00e9 irm\u00e3o de um dos policiais que segue preso.<\/p>\n<p>O fato, segundo o Gaeco, refor\u00e7a a tese de que o crime teria sido cometido para impedir a oitiva da testemunha. A Opera\u00e7\u00e3o conta com a For\u00e7a Tarefa de combate a crimes praticados por policiais civis e militares, com a Corregedoria da Secretaria de Seguran\u00e7a P\u00fablica da Bahia (SSP-BA), al\u00e9m do apoio do Batalh\u00e3o de Choque da Pol\u00edcia Militar.<\/p>\n<\/div>\n<\/div>\n","protected":false},"excerpt":{"rendered":"<p>Uma opera\u00e7\u00e3o cumpre nesta quarta-feira (28) tr\u00eas mandados de pris\u00e3o tempor\u00e1ria e outros oito de busca e apreens\u00e3o em Paulo Afonso, na divisa da Bahia com Sergipe e Alagoas; no Conde, no Litoral Norte, e no munic\u00edpio de Boca da Mata, em Alagoas. Denominada de C\u00e1fila, a a\u00e7\u00e3o \u00e9 um desdobramento da Opera\u00e7\u00e3o Alcateia, deflagrada em 29 de outubro do ano passado. Na ocasi\u00e3o v\u00e1rios policiais militares foram presos acusados de integrar uma organiza\u00e7\u00e3o criminosa [no caso, uma mil\u00edcia] voltada para a pr\u00e1tica de homic\u00eddios, tr\u00e1fico de drogas, entre outros crimes (ver\u00a0aqui\u00a0e\u00a0aqui). A C\u00e1fila investiga ind\u00edcios de sequestro e poss\u00edvel homic\u00eddio de Alex Cirino Barbosa, que foi raptado no dia 7 de abril, por volta das 19h45, em Paulo Afonso.&hellip; <\/p>\n","protected":false},"author":1,"featured_media":284325,"comment_status":"closed","ping_status":"closed","sticky":false,"template":"","format":"standard","meta":{"_acf_changed":false,"footnotes":""},"categories":[9,5],"tags":[],"class_list":["post-284324","post","type-post","status-publish","format-standard","has-post-thumbnail","hentry","category-policia","category-seguranca"],"acf":[],"yoast_head":"<!-- This site is optimized with the Yoast SEO plugin v27.4 - https:\/\/yoast.com\/product\/yoast-seo-wordpress\/ -->\n<title>Paulo Afonso: Opera\u00e7\u00e3o cumpre mandados em caso de mil\u00edcia formada por PMs - Blog do Farn\u00e9sio<\/title>\n<meta name=\"robots\" content=\"index, follow, max-snippet:-1, max-image-preview:large, max-video-preview:-1\" \/>\n<link rel=\"canonical\" href=\"https:\/\/blogdofarnesio.com.br\/?p=284324\" \/>\n<meta property=\"og:locale\" content=\"pt_BR\" \/>\n<meta property=\"og:type\" content=\"article\" \/>\n<meta property=\"og:title\" content=\"Paulo Afonso: Opera\u00e7\u00e3o cumpre mandados em caso de mil\u00edcia formada por PMs - Blog do Farn\u00e9sio\" \/>\n<meta property=\"og:description\" content=\"Uma opera\u00e7\u00e3o cumpre nesta quarta-feira (28) tr\u00eas mandados de pris\u00e3o tempor\u00e1ria e outros oito de busca e apreens\u00e3o em Paulo Afonso, na divisa da Bahia com Sergipe e Alagoas; no Conde, no Litoral Norte, e no munic\u00edpio de Boca da Mata, em Alagoas. Denominada de C\u00e1fila, a a\u00e7\u00e3o \u00e9 um desdobramento da Opera\u00e7\u00e3o Alcateia, deflagrada em 29 de outubro do ano passado. Na ocasi\u00e3o v\u00e1rios policiais militares foram presos acusados de integrar uma organiza\u00e7\u00e3o criminosa [no caso, uma mil\u00edcia] voltada para a pr\u00e1tica de homic\u00eddios, tr\u00e1fico de drogas, entre outros crimes (ver\u00a0aqui\u00a0e\u00a0aqui). A C\u00e1fila investiga ind\u00edcios de sequestro e poss\u00edvel homic\u00eddio de Alex Cirino Barbosa, que foi raptado no dia 7 de abril, por volta das 19h45, em Paulo Afonso.&hellip;\" \/>\n<meta property=\"og:url\" content=\"https:\/\/blogdofarnesio.com.br\/?p=284324\" \/>\n<meta property=\"og:site_name\" content=\"Blog do Farn\u00e9sio\" \/>\n<meta property=\"article:publisher\" content=\"https:\/\/www.facebook.com\/BlogQuerSaberPolitica\/\" \/>\n<meta property=\"article:published_time\" content=\"2021-04-28T20:02:02+00:00\" \/>\n<meta property=\"og:image\" content=\"https:\/\/blogdofarnesio.com.br\/wp-content\/uploads\/2021\/04\/blogqsppmba-Foto-Divulgacao-Gaeco-MP-BA.jpg\" \/>\n\t<meta property=\"og:image:width\" content=\"380\" \/>\n\t<meta property=\"og:image:height\" content=\"280\" \/>\n\t<meta property=\"og:image:type\" content=\"image\/jpeg\" \/>\n<meta name=\"author\" content=\"Farn\u00e9sio\" \/>\n<meta name=\"twitter:card\" content=\"summary_large_image\" \/>\n<meta name=\"twitter:label1\" content=\"Escrito por\" \/>\n\t<meta name=\"twitter:data1\" content=\"Farn\u00e9sio\" \/>\n\t<meta name=\"twitter:label2\" content=\"Est. tempo de leitura\" \/>\n\t<meta name=\"twitter:data2\" content=\"2 minutos\" \/>\n<script type=\"application\/ld+json\" class=\"yoast-schema-graph\">{\"@context\":\"https:\\\/\\\/schema.org\",\"@graph\":[{\"@type\":\"Article\",\"@id\":\"https:\\\/\\\/blogdofarnesio.com.br\\\/?p=284324#article\",\"isPartOf\":{\"@id\":\"https:\\\/\\\/blogdofarnesio.com.br\\\/?p=284324\"},\"author\":{\"name\":\"Farn\u00e9sio\",\"@id\":\"https:\\\/\\\/blogdofarnesio.com.br\\\/#\\\/schema\\\/person\\\/301c4acf522bccbfdb45af95b5b906a1\"},\"headline\":\"Paulo Afonso: Opera\u00e7\u00e3o cumpre mandados em caso de mil\u00edcia formada por PMs\",\"datePublished\":\"2021-04-28T20:02:02+00:00\",\"mainEntityOfPage\":{\"@id\":\"https:\\\/\\\/blogdofarnesio.com.br\\\/?p=284324\"},\"wordCount\":376,\"publisher\":{\"@id\":\"https:\\\/\\\/blogdofarnesio.com.br\\\/#organization\"},\"image\":{\"@id\":\"https:\\\/\\\/blogdofarnesio.com.br\\\/?p=284324#primaryimage\"},\"thumbnailUrl\":\"https:\\\/\\\/blogdofarnesio.com.br\\\/wp-content\\\/uploads\\\/2021\\\/04\\\/blogqsppmba-Foto-Divulgacao-Gaeco-MP-BA.jpg\",\"articleSection\":[\"Pol\u00edcia\",\"Seguran\u00e7a\"],\"inLanguage\":\"pt-BR\"},{\"@type\":\"WebPage\",\"@id\":\"https:\\\/\\\/blogdofarnesio.com.br\\\/?p=284324\",\"url\":\"https:\\\/\\\/blogdofarnesio.com.br\\\/?p=284324\",\"name\":\"Paulo Afonso: Opera\u00e7\u00e3o cumpre mandados em caso de mil\u00edcia formada por PMs - Blog do Farn\u00e9sio\",\"isPartOf\":{\"@id\":\"https:\\\/\\\/blogdofarnesio.com.br\\\/#website\"},\"primaryImageOfPage\":{\"@id\":\"https:\\\/\\\/blogdofarnesio.com.br\\\/?p=284324#primaryimage\"},\"image\":{\"@id\":\"https:\\\/\\\/blogdofarnesio.com.br\\\/?p=284324#primaryimage\"},\"thumbnailUrl\":\"https:\\\/\\\/blogdofarnesio.com.br\\\/wp-content\\\/uploads\\\/2021\\\/04\\\/blogqsppmba-Foto-Divulgacao-Gaeco-MP-BA.jpg\",\"datePublished\":\"2021-04-28T20:02:02+00:00\",\"breadcrumb\":{\"@id\":\"https:\\\/\\\/blogdofarnesio.com.br\\\/?p=284324#breadcrumb\"},\"inLanguage\":\"pt-BR\",\"potentialAction\":[{\"@type\":\"ReadAction\",\"target\":[\"https:\\\/\\\/blogdofarnesio.com.br\\\/?p=284324\"]}]},{\"@type\":\"ImageObject\",\"inLanguage\":\"pt-BR\",\"@id\":\"https:\\\/\\\/blogdofarnesio.com.br\\\/?p=284324#primaryimage\",\"url\":\"https:\\\/\\\/blogdofarnesio.com.br\\\/wp-content\\\/uploads\\\/2021\\\/04\\\/blogqsppmba-Foto-Divulgacao-Gaeco-MP-BA.jpg\",\"contentUrl\":\"https:\\\/\\\/blogdofarnesio.com.br\\\/wp-content\\\/uploads\\\/2021\\\/04\\\/blogqsppmba-Foto-Divulgacao-Gaeco-MP-BA.jpg\",\"width\":380,\"height\":280},{\"@type\":\"BreadcrumbList\",\"@id\":\"https:\\\/\\\/blogdofarnesio.com.br\\\/?p=284324#breadcrumb\",\"itemListElement\":[{\"@type\":\"ListItem\",\"position\":1,\"name\":\"In\u00edcio\",\"item\":\"https:\\\/\\\/blogdofarnesio.com.br\\\/\"},{\"@type\":\"ListItem\",\"position\":2,\"name\":\"Paulo Afonso: Opera\u00e7\u00e3o cumpre mandados em caso de mil\u00edcia formada por PMs\"}]},{\"@type\":\"WebSite\",\"@id\":\"https:\\\/\\\/blogdofarnesio.com.br\\\/#website\",\"url\":\"https:\\\/\\\/blogdofarnesio.com.br\\\/\",\"name\":\"Blog do Farn\u00e9sio\",\"description\":\"Quer Saber Pol\u00edtica?\",\"publisher\":{\"@id\":\"https:\\\/\\\/blogdofarnesio.com.br\\\/#organization\"},\"potentialAction\":[{\"@type\":\"SearchAction\",\"target\":{\"@type\":\"EntryPoint\",\"urlTemplate\":\"https:\\\/\\\/blogdofarnesio.com.br\\\/?s={search_term_string}\"},\"query-input\":{\"@type\":\"PropertyValueSpecification\",\"valueRequired\":true,\"valueName\":\"search_term_string\"}}],\"inLanguage\":\"pt-BR\"},{\"@type\":\"Organization\",\"@id\":\"https:\\\/\\\/blogdofarnesio.com.br\\\/#organization\",\"name\":\"Blog do Farn\u00e9sio\",\"url\":\"https:\\\/\\\/blogdofarnesio.com.br\\\/\",\"logo\":{\"@type\":\"ImageObject\",\"inLanguage\":\"pt-BR\",\"@id\":\"https:\\\/\\\/blogdofarnesio.com.br\\\/#\\\/schema\\\/logo\\\/image\\\/\",\"url\":\"https:\\\/\\\/blogdofarnesio.com.br\\\/wp-content\\\/uploads\\\/2026\\\/03\\\/cropped-logo_new-1.png\",\"contentUrl\":\"https:\\\/\\\/blogdofarnesio.com.br\\\/wp-content\\\/uploads\\\/2026\\\/03\\\/cropped-logo_new-1.png\",\"width\":881,\"height\":685,\"caption\":\"Blog do Farn\u00e9sio\"},\"image\":{\"@id\":\"https:\\\/\\\/blogdofarnesio.com.br\\\/#\\\/schema\\\/logo\\\/image\\\/\"},\"sameAs\":[\"https:\\\/\\\/www.facebook.com\\\/BlogQuerSaberPolitica\\\/\"]},{\"@type\":\"Person\",\"@id\":\"https:\\\/\\\/blogdofarnesio.com.br\\\/#\\\/schema\\\/person\\\/301c4acf522bccbfdb45af95b5b906a1\",\"name\":\"Farn\u00e9sio\",\"image\":{\"@type\":\"ImageObject\",\"inLanguage\":\"pt-BR\",\"@id\":\"https:\\\/\\\/secure.gravatar.com\\\/avatar\\\/df0c9a14567c056f8ad6876ba5bbd1e3e2c48023eb6807342fc4663adf549f38?s=96&d=mm&r=g\",\"url\":\"https:\\\/\\\/secure.gravatar.com\\\/avatar\\\/df0c9a14567c056f8ad6876ba5bbd1e3e2c48023eb6807342fc4663adf549f38?s=96&d=mm&r=g\",\"contentUrl\":\"https:\\\/\\\/secure.gravatar.com\\\/avatar\\\/df0c9a14567c056f8ad6876ba5bbd1e3e2c48023eb6807342fc4663adf549f38?s=96&d=mm&r=g\",\"caption\":\"Farn\u00e9sio\"},\"sameAs\":[\"https:\\\/\\\/quersaberpolitica.com.br\"],\"url\":\"https:\\\/\\\/blogdofarnesio.com.br\\\/?author=1\"}]}<\/script>\n<!-- \/ Yoast SEO plugin. -->","yoast_head_json":{"title":"Paulo Afonso: Opera\u00e7\u00e3o cumpre mandados em caso de mil\u00edcia formada por PMs - Blog do Farn\u00e9sio","robots":{"index":"index","follow":"follow","max-snippet":"max-snippet:-1","max-image-preview":"max-image-preview:large","max-video-preview":"max-video-preview:-1"},"canonical":"https:\/\/blogdofarnesio.com.br\/?p=284324","og_locale":"pt_BR","og_type":"article","og_title":"Paulo Afonso: Opera\u00e7\u00e3o cumpre mandados em caso de mil\u00edcia formada por PMs - Blog do Farn\u00e9sio","og_description":"Uma opera\u00e7\u00e3o cumpre nesta quarta-feira (28) tr\u00eas mandados de pris\u00e3o tempor\u00e1ria e outros oito de busca e apreens\u00e3o em Paulo Afonso, na divisa da Bahia com Sergipe e Alagoas; no Conde, no Litoral Norte, e no munic\u00edpio de Boca da Mata, em Alagoas. Denominada de C\u00e1fila, a a\u00e7\u00e3o \u00e9 um desdobramento da Opera\u00e7\u00e3o Alcateia, deflagrada em 29 de outubro do ano passado. Na ocasi\u00e3o v\u00e1rios policiais militares foram presos acusados de integrar uma organiza\u00e7\u00e3o criminosa [no caso, uma mil\u00edcia] voltada para a pr\u00e1tica de homic\u00eddios, tr\u00e1fico de drogas, entre outros crimes (ver\u00a0aqui\u00a0e\u00a0aqui). A C\u00e1fila investiga ind\u00edcios de sequestro e poss\u00edvel homic\u00eddio de Alex Cirino Barbosa, que foi raptado no dia 7 de abril, por volta das 19h45, em Paulo Afonso.&hellip;","og_url":"https:\/\/blogdofarnesio.com.br\/?p=284324","og_site_name":"Blog do Farn\u00e9sio","article_publisher":"https:\/\/www.facebook.com\/BlogQuerSaberPolitica\/","article_published_time":"2021-04-28T20:02:02+00:00","og_image":[{"width":380,"height":280,"url":"https:\/\/blogdofarnesio.com.br\/wp-content\/uploads\/2021\/04\/blogqsppmba-Foto-Divulgacao-Gaeco-MP-BA.jpg","type":"image\/jpeg"}],"author":"Farn\u00e9sio","twitter_card":"summary_large_image","twitter_misc":{"Escrito por":"Farn\u00e9sio","Est. tempo de leitura":"2 minutos"},"schema":{"@context":"https:\/\/schema.org","@graph":[{"@type":"Article","@id":"https:\/\/blogdofarnesio.com.br\/?p=284324#article","isPartOf":{"@id":"https:\/\/blogdofarnesio.com.br\/?p=284324"},"author":{"name":"Farn\u00e9sio","@id":"https:\/\/blogdofarnesio.com.br\/#\/schema\/person\/301c4acf522bccbfdb45af95b5b906a1"},"headline":"Paulo Afonso: Opera\u00e7\u00e3o cumpre mandados em caso de mil\u00edcia formada por PMs","datePublished":"2021-04-28T20:02:02+00:00","mainEntityOfPage":{"@id":"https:\/\/blogdofarnesio.com.br\/?p=284324"},"wordCount":376,"publisher":{"@id":"https:\/\/blogdofarnesio.com.br\/#organization"},"image":{"@id":"https:\/\/blogdofarnesio.com.br\/?p=284324#primaryimage"},"thumbnailUrl":"https:\/\/blogdofarnesio.com.br\/wp-content\/uploads\/2021\/04\/blogqsppmba-Foto-Divulgacao-Gaeco-MP-BA.jpg","articleSection":["Pol\u00edcia","Seguran\u00e7a"],"inLanguage":"pt-BR"},{"@type":"WebPage","@id":"https:\/\/blogdofarnesio.com.br\/?p=284324","url":"https:\/\/blogdofarnesio.com.br\/?p=284324","name":"Paulo Afonso: Opera\u00e7\u00e3o cumpre mandados em caso de mil\u00edcia formada por PMs - Blog do Farn\u00e9sio","isPartOf":{"@id":"https:\/\/blogdofarnesio.com.br\/#website"},"primaryImageOfPage":{"@id":"https:\/\/blogdofarnesio.com.br\/?p=284324#primaryimage"},"image":{"@id":"https:\/\/blogdofarnesio.com.br\/?p=284324#primaryimage"},"thumbnailUrl":"https:\/\/blogdofarnesio.com.br\/wp-content\/uploads\/2021\/04\/blogqsppmba-Foto-Divulgacao-Gaeco-MP-BA.jpg","datePublished":"2021-04-28T20:02:02+00:00","breadcrumb":{"@id":"https:\/\/blogdofarnesio.com.br\/?p=284324#breadcrumb"},"inLanguage":"pt-BR","potentialAction":[{"@type":"ReadAction","target":["https:\/\/blogdofarnesio.com.br\/?p=284324"]}]},{"@type":"ImageObject","inLanguage":"pt-BR","@id":"https:\/\/blogdofarnesio.com.br\/?p=284324#primaryimage","url":"https:\/\/blogdofarnesio.com.br\/wp-content\/uploads\/2021\/04\/blogqsppmba-Foto-Divulgacao-Gaeco-MP-BA.jpg","contentUrl":"https:\/\/blogdofarnesio.com.br\/wp-content\/uploads\/2021\/04\/blogqsppmba-Foto-Divulgacao-Gaeco-MP-BA.jpg","width":380,"height":280},{"@type":"BreadcrumbList","@id":"https:\/\/blogdofarnesio.com.br\/?p=284324#breadcrumb","itemListElement":[{"@type":"ListItem","position":1,"name":"In\u00edcio","item":"https:\/\/blogdofarnesio.com.br\/"},{"@type":"ListItem","position":2,"name":"Paulo Afonso: Opera\u00e7\u00e3o cumpre mandados em caso de mil\u00edcia formada por PMs"}]},{"@type":"WebSite","@id":"https:\/\/blogdofarnesio.com.br\/#website","url":"https:\/\/blogdofarnesio.com.br\/","name":"Blog do Farn\u00e9sio","description":"Quer Saber Pol\u00edtica?","publisher":{"@id":"https:\/\/blogdofarnesio.com.br\/#organization"},"potentialAction":[{"@type":"SearchAction","target":{"@type":"EntryPoint","urlTemplate":"https:\/\/blogdofarnesio.com.br\/?s={search_term_string}"},"query-input":{"@type":"PropertyValueSpecification","valueRequired":true,"valueName":"search_term_string"}}],"inLanguage":"pt-BR"},{"@type":"Organization","@id":"https:\/\/blogdofarnesio.com.br\/#organization","name":"Blog do Farn\u00e9sio","url":"https:\/\/blogdofarnesio.com.br\/","logo":{"@type":"ImageObject","inLanguage":"pt-BR","@id":"https:\/\/blogdofarnesio.com.br\/#\/schema\/logo\/image\/","url":"https:\/\/blogdofarnesio.com.br\/wp-content\/uploads\/2026\/03\/cropped-logo_new-1.png","contentUrl":"https:\/\/blogdofarnesio.com.br\/wp-content\/uploads\/2026\/03\/cropped-logo_new-1.png","width":881,"height":685,"caption":"Blog do Farn\u00e9sio"},"image":{"@id":"https:\/\/blogdofarnesio.com.br\/#\/schema\/logo\/image\/"},"sameAs":["https:\/\/www.facebook.com\/BlogQuerSaberPolitica\/"]},{"@type":"Person","@id":"https:\/\/blogdofarnesio.com.br\/#\/schema\/person\/301c4acf522bccbfdb45af95b5b906a1","name":"Farn\u00e9sio","image":{"@type":"ImageObject","inLanguage":"pt-BR","@id":"https:\/\/secure.gravatar.com\/avatar\/df0c9a14567c056f8ad6876ba5bbd1e3e2c48023eb6807342fc4663adf549f38?s=96&d=mm&r=g","url":"https:\/\/secure.gravatar.com\/avatar\/df0c9a14567c056f8ad6876ba5bbd1e3e2c48023eb6807342fc4663adf549f38?s=96&d=mm&r=g","contentUrl":"https:\/\/secure.gravatar.com\/avatar\/df0c9a14567c056f8ad6876ba5bbd1e3e2c48023eb6807342fc4663adf549f38?s=96&d=mm&r=g","caption":"Farn\u00e9sio"},"sameAs":["https:\/\/quersaberpolitica.com.br"],"url":"https:\/\/blogdofarnesio.com.br\/?author=1"}]}},"_links":{"self":[{"href":"https:\/\/blogdofarnesio.com.br\/index.php?rest_route=\/wp\/v2\/posts\/284324","targetHints":{"allow":["GET"]}}],"collection":[{"href":"https:\/\/blogdofarnesio.com.br\/index.php?rest_route=\/wp\/v2\/posts"}],"about":[{"href":"https:\/\/blogdofarnesio.com.br\/index.php?rest_route=\/wp\/v2\/types\/post"}],"author":[{"embeddable":true,"href":"https:\/\/blogdofarnesio.com.br\/index.php?rest_route=\/wp\/v2\/users\/1"}],"replies":[{"embeddable":true,"href":"https:\/\/blogdofarnesio.com.br\/index.php?rest_route=%2Fwp%2Fv2%2Fcomments&post=284324"}],"version-history":[{"count":0,"href":"https:\/\/blogdofarnesio.com.br\/index.php?rest_route=\/wp\/v2\/posts\/284324\/revisions"}],"wp:featuredmedia":[{"embeddable":true,"href":"https:\/\/blogdofarnesio.com.br\/index.php?rest_route=\/wp\/v2\/media\/284325"}],"wp:attachment":[{"href":"https:\/\/blogdofarnesio.com.br\/index.php?rest_route=%2Fwp%2Fv2%2Fmedia&parent=284324"}],"wp:term":[{"taxonomy":"category","embeddable":true,"href":"https:\/\/blogdofarnesio.com.br\/index.php?rest_route=%2Fwp%2Fv2%2Fcategories&post=284324"},{"taxonomy":"post_tag","embeddable":true,"href":"https:\/\/blogdofarnesio.com.br\/index.php?rest_route=%2Fwp%2Fv2%2Ftags&post=284324"}],"curies":[{"name":"wp","href":"https:\/\/api.w.org\/{rel}","templated":true}]}}