{"id":283983,"date":"2021-04-26T08:22:47","date_gmt":"2021-04-26T11:22:47","guid":{"rendered":"http:\/\/quersaberpolitica.com.br\/2016\/?p=283983"},"modified":"2021-04-25T22:49:39","modified_gmt":"2021-04-26T01:49:39","slug":"a-diferenca-entre-coronavac-e-astrazeneca","status":"publish","type":"post","link":"https:\/\/blogdofarnesio.com.br\/?p=283983","title":{"rendered":"A diferen\u00e7a entre coronavac e astrazeneca"},"content":{"rendered":"<div class=\"content-section\"><\/div>\n<div class=\"text_imagem\"><\/div>\n<div class=\"content-section tags-com-imagem\">\n<p class=\"author\"><a href=\"https:\/\/www.istoedinheiro.com.br\/autor\/afp\/\">AFP &#8211;\u00a0<\/a><\/p>\n<\/div>\n<div class=\"content-section content\">\n<p>O \u00f3rg\u00e3o regulador brit\u00e2nico registrou 168 casos graves de co\u00e1gulos sangu\u00edneos no Reino Unido entre os milh\u00f5es de pessoas que receberam a vacina da covid-19 da AstraZeneca, 32 das quais morreram, de acordo com um balan\u00e7o publicado nesta quinta-feira (22).<\/p>\n<p>Depois de analisar os dados dispon\u00edveis at\u00e9 14 de abril, o MHRA estima, entretanto, que \u201cos benef\u00edcios da vacina continuam a superar os riscos para a maioria das pessoas\u201d.<\/p>\n<p>A taxa de incid\u00eancia \u00e9 de 7,9 casos de co\u00e1gulos por milh\u00e3o de doses e os dados sugerem uma taxa maior em adultos mais jovens, elementos que, segundo o regulador, devem ser levados em considera\u00e7\u00e3o no uso do injet\u00e1vel.<\/p>\n<p>O comit\u00ea cient\u00edfico que supervisiona a campanha de vacina\u00e7\u00e3o brit\u00e2nica recomendou no in\u00edcio de abril limitar o uso da vacina AstraZeneca, quando poss\u00edvel, aos maiores de 30 anos<\/p>\n<p>O medo do aparecimento desses raros casos de co\u00e1gulos sangu\u00edneos levou v\u00e1rios pa\u00edses europeus a reservar seu uso para as faixas et\u00e1rias mais velhas.<\/p>\n<div class=\"8EtnPyl2\">\n<div id=\"admateria2\">\n<div>\n<div class=\"trv-player-container\">\n<div id=\"br_video_player_6f0eb\" class=\"trvd_video_player\">\n<div class=\"media-player\">\n<div class=\"trv-video\">\n<div id=\"truvid_ima_container42193\" class=\"truvid_ima_container\">\n<div>\n<div><video src=\"blob:https:\/\/www.istoedinheiro.com.br\/aa9695d9-5677-467f-9ff7-04c2aa367966\" width=\"300\" height=\"150\" data-mce-fragment=\"1\"><\/video><\/div>\n<div>\n<p>Os casos de co\u00e1gulos no Reino Unido, onde mais de 21,2 milh\u00f5es de primeiras doses de AstraZeneca foram administradas, foram detectados em 93 mulheres e 75 homens. Um deles ocorreu com a segunda dose da vacina.<\/p>\n<p>O Reino Unido, o pa\u00eds mais enlutado da Europa, com mais de 127.000 mortes pela covid-19, lan\u00e7ou uma campanha de vacina\u00e7\u00e3o em massa com doses da AstraZeneca, Pfizer\/BioNTech e Moderna.<\/p>\n<p>De acordo com os dados mais recentes, mais de 33 milh\u00f5es de pessoas receberam a primeira dose e mais de 11 milh\u00f5es a segunda.<\/p>\n<\/div>\n<\/div>\n<\/div>\n<\/div>\n<\/div>\n<\/div>\n<\/div>\n<\/div>\n<\/div>\n<\/div>\n<\/div>\n","protected":false},"excerpt":{"rendered":"<p>AFP &#8211;\u00a0 O \u00f3rg\u00e3o regulador brit\u00e2nico registrou 168 casos graves de co\u00e1gulos sangu\u00edneos no Reino Unido entre os milh\u00f5es de pessoas que receberam a vacina da covid-19 da AstraZeneca, 32 das quais morreram, de acordo com um balan\u00e7o publicado nesta quinta-feira (22). Depois de analisar os dados dispon\u00edveis at\u00e9 14 de abril, o MHRA estima, entretanto, que \u201cos benef\u00edcios da vacina continuam a superar os riscos para a maioria das pessoas\u201d. A taxa de incid\u00eancia \u00e9 de 7,9 casos de co\u00e1gulos por milh\u00e3o de doses e os dados sugerem uma taxa maior em adultos mais jovens, elementos que, segundo o regulador, devem ser levados em considera\u00e7\u00e3o no uso do injet\u00e1vel. O comit\u00ea cient\u00edfico que supervisiona a campanha de vacina\u00e7\u00e3o brit\u00e2nica&hellip; <\/p>\n","protected":false},"author":1,"featured_media":276535,"comment_status":"closed","ping_status":"closed","sticky":false,"template":"","format":"standard","meta":{"_acf_changed":false,"footnotes":""},"categories":[4],"tags":[],"class_list":["post-283983","post","type-post","status-publish","format-standard","has-post-thumbnail","hentry","category-saude"],"acf":[],"yoast_head":"<!-- This site is optimized with the Yoast SEO plugin v27.4 - https:\/\/yoast.com\/product\/yoast-seo-wordpress\/ -->\n<title>A diferen\u00e7a entre coronavac e astrazeneca - Blog do Farn\u00e9sio<\/title>\n<meta name=\"robots\" content=\"index, follow, max-snippet:-1, max-image-preview:large, max-video-preview:-1\" \/>\n<link rel=\"canonical\" href=\"https:\/\/blogdofarnesio.com.br\/?p=283983\" \/>\n<meta property=\"og:locale\" content=\"pt_BR\" \/>\n<meta property=\"og:type\" content=\"article\" \/>\n<meta property=\"og:title\" content=\"A diferen\u00e7a entre coronavac e astrazeneca - Blog do Farn\u00e9sio\" \/>\n<meta property=\"og:description\" content=\"AFP &#8211;\u00a0 O \u00f3rg\u00e3o regulador brit\u00e2nico registrou 168 casos graves de co\u00e1gulos sangu\u00edneos no Reino Unido entre os milh\u00f5es de pessoas que receberam a vacina da covid-19 da AstraZeneca, 32 das quais morreram, de acordo com um balan\u00e7o publicado nesta quinta-feira (22). Depois de analisar os dados dispon\u00edveis at\u00e9 14 de abril, o MHRA estima, entretanto, que \u201cos benef\u00edcios da vacina continuam a superar os riscos para a maioria das pessoas\u201d. A taxa de incid\u00eancia \u00e9 de 7,9 casos de co\u00e1gulos por milh\u00e3o de doses e os dados sugerem uma taxa maior em adultos mais jovens, elementos que, segundo o regulador, devem ser levados em considera\u00e7\u00e3o no uso do injet\u00e1vel. O comit\u00ea cient\u00edfico que supervisiona a campanha de vacina\u00e7\u00e3o brit\u00e2nica&hellip;\" \/>\n<meta property=\"og:url\" content=\"https:\/\/blogdofarnesio.com.br\/?p=283983\" \/>\n<meta property=\"og:site_name\" content=\"Blog do Farn\u00e9sio\" \/>\n<meta property=\"article:publisher\" content=\"https:\/\/www.facebook.com\/BlogQuerSaberPolitica\/\" \/>\n<meta property=\"article:published_time\" content=\"2021-04-26T11:22:47+00:00\" \/>\n<meta property=\"og:image\" content=\"https:\/\/blogdofarnesio.com.br\/wp-content\/uploads\/2021\/01\/blogqspcoronavac-foto-aloisio-maaricio-Ag-globo.jpg\" \/>\n\t<meta property=\"og:image:width\" content=\"320\" \/>\n\t<meta property=\"og:image:height\" content=\"180\" \/>\n\t<meta property=\"og:image:type\" content=\"image\/jpeg\" \/>\n<meta name=\"author\" content=\"Farn\u00e9sio\" \/>\n<meta name=\"twitter:card\" content=\"summary_large_image\" \/>\n<meta name=\"twitter:label1\" content=\"Escrito por\" \/>\n\t<meta name=\"twitter:data1\" content=\"Farn\u00e9sio\" \/>\n\t<meta name=\"twitter:label2\" content=\"Est. tempo de leitura\" \/>\n\t<meta name=\"twitter:data2\" content=\"1 minuto\" \/>\n<script type=\"application\/ld+json\" class=\"yoast-schema-graph\">{\"@context\":\"https:\\\/\\\/schema.org\",\"@graph\":[{\"@type\":\"Article\",\"@id\":\"https:\\\/\\\/blogdofarnesio.com.br\\\/?p=283983#article\",\"isPartOf\":{\"@id\":\"https:\\\/\\\/blogdofarnesio.com.br\\\/?p=283983\"},\"author\":{\"name\":\"Farn\u00e9sio\",\"@id\":\"https:\\\/\\\/blogdofarnesio.com.br\\\/#\\\/schema\\\/person\\\/301c4acf522bccbfdb45af95b5b906a1\"},\"headline\":\"A diferen\u00e7a entre coronavac e astrazeneca\",\"datePublished\":\"2021-04-26T11:22:47+00:00\",\"mainEntityOfPage\":{\"@id\":\"https:\\\/\\\/blogdofarnesio.com.br\\\/?p=283983\"},\"wordCount\":277,\"publisher\":{\"@id\":\"https:\\\/\\\/blogdofarnesio.com.br\\\/#organization\"},\"image\":{\"@id\":\"https:\\\/\\\/blogdofarnesio.com.br\\\/?p=283983#primaryimage\"},\"thumbnailUrl\":\"https:\\\/\\\/blogdofarnesio.com.br\\\/wp-content\\\/uploads\\\/2021\\\/01\\\/blogqspcoronavac-foto-aloisio-maaricio-Ag-globo.jpg\",\"articleSection\":[\"Sa\u00fade\"],\"inLanguage\":\"pt-BR\"},{\"@type\":\"WebPage\",\"@id\":\"https:\\\/\\\/blogdofarnesio.com.br\\\/?p=283983\",\"url\":\"https:\\\/\\\/blogdofarnesio.com.br\\\/?p=283983\",\"name\":\"A diferen\u00e7a entre coronavac e astrazeneca - Blog do Farn\u00e9sio\",\"isPartOf\":{\"@id\":\"https:\\\/\\\/blogdofarnesio.com.br\\\/#website\"},\"primaryImageOfPage\":{\"@id\":\"https:\\\/\\\/blogdofarnesio.com.br\\\/?p=283983#primaryimage\"},\"image\":{\"@id\":\"https:\\\/\\\/blogdofarnesio.com.br\\\/?p=283983#primaryimage\"},\"thumbnailUrl\":\"https:\\\/\\\/blogdofarnesio.com.br\\\/wp-content\\\/uploads\\\/2021\\\/01\\\/blogqspcoronavac-foto-aloisio-maaricio-Ag-globo.jpg\",\"datePublished\":\"2021-04-26T11:22:47+00:00\",\"breadcrumb\":{\"@id\":\"https:\\\/\\\/blogdofarnesio.com.br\\\/?p=283983#breadcrumb\"},\"inLanguage\":\"pt-BR\",\"potentialAction\":[{\"@type\":\"ReadAction\",\"target\":[\"https:\\\/\\\/blogdofarnesio.com.br\\\/?p=283983\"]}]},{\"@type\":\"ImageObject\",\"inLanguage\":\"pt-BR\",\"@id\":\"https:\\\/\\\/blogdofarnesio.com.br\\\/?p=283983#primaryimage\",\"url\":\"https:\\\/\\\/blogdofarnesio.com.br\\\/wp-content\\\/uploads\\\/2021\\\/01\\\/blogqspcoronavac-foto-aloisio-maaricio-Ag-globo.jpg\",\"contentUrl\":\"https:\\\/\\\/blogdofarnesio.com.br\\\/wp-content\\\/uploads\\\/2021\\\/01\\\/blogqspcoronavac-foto-aloisio-maaricio-Ag-globo.jpg\",\"width\":320,\"height\":180},{\"@type\":\"BreadcrumbList\",\"@id\":\"https:\\\/\\\/blogdofarnesio.com.br\\\/?p=283983#breadcrumb\",\"itemListElement\":[{\"@type\":\"ListItem\",\"position\":1,\"name\":\"In\u00edcio\",\"item\":\"https:\\\/\\\/blogdofarnesio.com.br\\\/\"},{\"@type\":\"ListItem\",\"position\":2,\"name\":\"A diferen\u00e7a entre coronavac e astrazeneca\"}]},{\"@type\":\"WebSite\",\"@id\":\"https:\\\/\\\/blogdofarnesio.com.br\\\/#website\",\"url\":\"https:\\\/\\\/blogdofarnesio.com.br\\\/\",\"name\":\"Blog do Farn\u00e9sio\",\"description\":\"Quer Saber Pol\u00edtica?\",\"publisher\":{\"@id\":\"https:\\\/\\\/blogdofarnesio.com.br\\\/#organization\"},\"potentialAction\":[{\"@type\":\"SearchAction\",\"target\":{\"@type\":\"EntryPoint\",\"urlTemplate\":\"https:\\\/\\\/blogdofarnesio.com.br\\\/?s={search_term_string}\"},\"query-input\":{\"@type\":\"PropertyValueSpecification\",\"valueRequired\":true,\"valueName\":\"search_term_string\"}}],\"inLanguage\":\"pt-BR\"},{\"@type\":\"Organization\",\"@id\":\"https:\\\/\\\/blogdofarnesio.com.br\\\/#organization\",\"name\":\"Blog do Farn\u00e9sio\",\"url\":\"https:\\\/\\\/blogdofarnesio.com.br\\\/\",\"logo\":{\"@type\":\"ImageObject\",\"inLanguage\":\"pt-BR\",\"@id\":\"https:\\\/\\\/blogdofarnesio.com.br\\\/#\\\/schema\\\/logo\\\/image\\\/\",\"url\":\"https:\\\/\\\/blogdofarnesio.com.br\\\/wp-content\\\/uploads\\\/2026\\\/03\\\/cropped-logo_new-1.png\",\"contentUrl\":\"https:\\\/\\\/blogdofarnesio.com.br\\\/wp-content\\\/uploads\\\/2026\\\/03\\\/cropped-logo_new-1.png\",\"width\":881,\"height\":685,\"caption\":\"Blog do Farn\u00e9sio\"},\"image\":{\"@id\":\"https:\\\/\\\/blogdofarnesio.com.br\\\/#\\\/schema\\\/logo\\\/image\\\/\"},\"sameAs\":[\"https:\\\/\\\/www.facebook.com\\\/BlogQuerSaberPolitica\\\/\"]},{\"@type\":\"Person\",\"@id\":\"https:\\\/\\\/blogdofarnesio.com.br\\\/#\\\/schema\\\/person\\\/301c4acf522bccbfdb45af95b5b906a1\",\"name\":\"Farn\u00e9sio\",\"image\":{\"@type\":\"ImageObject\",\"inLanguage\":\"pt-BR\",\"@id\":\"https:\\\/\\\/secure.gravatar.com\\\/avatar\\\/df0c9a14567c056f8ad6876ba5bbd1e3e2c48023eb6807342fc4663adf549f38?s=96&d=mm&r=g\",\"url\":\"https:\\\/\\\/secure.gravatar.com\\\/avatar\\\/df0c9a14567c056f8ad6876ba5bbd1e3e2c48023eb6807342fc4663adf549f38?s=96&d=mm&r=g\",\"contentUrl\":\"https:\\\/\\\/secure.gravatar.com\\\/avatar\\\/df0c9a14567c056f8ad6876ba5bbd1e3e2c48023eb6807342fc4663adf549f38?s=96&d=mm&r=g\",\"caption\":\"Farn\u00e9sio\"},\"sameAs\":[\"https:\\\/\\\/quersaberpolitica.com.br\"],\"url\":\"https:\\\/\\\/blogdofarnesio.com.br\\\/?author=1\"}]}<\/script>\n<!-- \/ Yoast SEO plugin. -->","yoast_head_json":{"title":"A diferen\u00e7a entre coronavac e astrazeneca - Blog do Farn\u00e9sio","robots":{"index":"index","follow":"follow","max-snippet":"max-snippet:-1","max-image-preview":"max-image-preview:large","max-video-preview":"max-video-preview:-1"},"canonical":"https:\/\/blogdofarnesio.com.br\/?p=283983","og_locale":"pt_BR","og_type":"article","og_title":"A diferen\u00e7a entre coronavac e astrazeneca - Blog do Farn\u00e9sio","og_description":"AFP &#8211;\u00a0 O \u00f3rg\u00e3o regulador brit\u00e2nico registrou 168 casos graves de co\u00e1gulos sangu\u00edneos no Reino Unido entre os milh\u00f5es de pessoas que receberam a vacina da covid-19 da AstraZeneca, 32 das quais morreram, de acordo com um balan\u00e7o publicado nesta quinta-feira (22). Depois de analisar os dados dispon\u00edveis at\u00e9 14 de abril, o MHRA estima, entretanto, que \u201cos benef\u00edcios da vacina continuam a superar os riscos para a maioria das pessoas\u201d. A taxa de incid\u00eancia \u00e9 de 7,9 casos de co\u00e1gulos por milh\u00e3o de doses e os dados sugerem uma taxa maior em adultos mais jovens, elementos que, segundo o regulador, devem ser levados em considera\u00e7\u00e3o no uso do injet\u00e1vel. O comit\u00ea cient\u00edfico que supervisiona a campanha de vacina\u00e7\u00e3o brit\u00e2nica&hellip;","og_url":"https:\/\/blogdofarnesio.com.br\/?p=283983","og_site_name":"Blog do Farn\u00e9sio","article_publisher":"https:\/\/www.facebook.com\/BlogQuerSaberPolitica\/","article_published_time":"2021-04-26T11:22:47+00:00","og_image":[{"width":320,"height":180,"url":"https:\/\/blogdofarnesio.com.br\/wp-content\/uploads\/2021\/01\/blogqspcoronavac-foto-aloisio-maaricio-Ag-globo.jpg","type":"image\/jpeg"}],"author":"Farn\u00e9sio","twitter_card":"summary_large_image","twitter_misc":{"Escrito por":"Farn\u00e9sio","Est. tempo de leitura":"1 minuto"},"schema":{"@context":"https:\/\/schema.org","@graph":[{"@type":"Article","@id":"https:\/\/blogdofarnesio.com.br\/?p=283983#article","isPartOf":{"@id":"https:\/\/blogdofarnesio.com.br\/?p=283983"},"author":{"name":"Farn\u00e9sio","@id":"https:\/\/blogdofarnesio.com.br\/#\/schema\/person\/301c4acf522bccbfdb45af95b5b906a1"},"headline":"A diferen\u00e7a entre coronavac e astrazeneca","datePublished":"2021-04-26T11:22:47+00:00","mainEntityOfPage":{"@id":"https:\/\/blogdofarnesio.com.br\/?p=283983"},"wordCount":277,"publisher":{"@id":"https:\/\/blogdofarnesio.com.br\/#organization"},"image":{"@id":"https:\/\/blogdofarnesio.com.br\/?p=283983#primaryimage"},"thumbnailUrl":"https:\/\/blogdofarnesio.com.br\/wp-content\/uploads\/2021\/01\/blogqspcoronavac-foto-aloisio-maaricio-Ag-globo.jpg","articleSection":["Sa\u00fade"],"inLanguage":"pt-BR"},{"@type":"WebPage","@id":"https:\/\/blogdofarnesio.com.br\/?p=283983","url":"https:\/\/blogdofarnesio.com.br\/?p=283983","name":"A diferen\u00e7a entre coronavac e astrazeneca - Blog do Farn\u00e9sio","isPartOf":{"@id":"https:\/\/blogdofarnesio.com.br\/#website"},"primaryImageOfPage":{"@id":"https:\/\/blogdofarnesio.com.br\/?p=283983#primaryimage"},"image":{"@id":"https:\/\/blogdofarnesio.com.br\/?p=283983#primaryimage"},"thumbnailUrl":"https:\/\/blogdofarnesio.com.br\/wp-content\/uploads\/2021\/01\/blogqspcoronavac-foto-aloisio-maaricio-Ag-globo.jpg","datePublished":"2021-04-26T11:22:47+00:00","breadcrumb":{"@id":"https:\/\/blogdofarnesio.com.br\/?p=283983#breadcrumb"},"inLanguage":"pt-BR","potentialAction":[{"@type":"ReadAction","target":["https:\/\/blogdofarnesio.com.br\/?p=283983"]}]},{"@type":"ImageObject","inLanguage":"pt-BR","@id":"https:\/\/blogdofarnesio.com.br\/?p=283983#primaryimage","url":"https:\/\/blogdofarnesio.com.br\/wp-content\/uploads\/2021\/01\/blogqspcoronavac-foto-aloisio-maaricio-Ag-globo.jpg","contentUrl":"https:\/\/blogdofarnesio.com.br\/wp-content\/uploads\/2021\/01\/blogqspcoronavac-foto-aloisio-maaricio-Ag-globo.jpg","width":320,"height":180},{"@type":"BreadcrumbList","@id":"https:\/\/blogdofarnesio.com.br\/?p=283983#breadcrumb","itemListElement":[{"@type":"ListItem","position":1,"name":"In\u00edcio","item":"https:\/\/blogdofarnesio.com.br\/"},{"@type":"ListItem","position":2,"name":"A diferen\u00e7a entre coronavac e astrazeneca"}]},{"@type":"WebSite","@id":"https:\/\/blogdofarnesio.com.br\/#website","url":"https:\/\/blogdofarnesio.com.br\/","name":"Blog do Farn\u00e9sio","description":"Quer Saber Pol\u00edtica?","publisher":{"@id":"https:\/\/blogdofarnesio.com.br\/#organization"},"potentialAction":[{"@type":"SearchAction","target":{"@type":"EntryPoint","urlTemplate":"https:\/\/blogdofarnesio.com.br\/?s={search_term_string}"},"query-input":{"@type":"PropertyValueSpecification","valueRequired":true,"valueName":"search_term_string"}}],"inLanguage":"pt-BR"},{"@type":"Organization","@id":"https:\/\/blogdofarnesio.com.br\/#organization","name":"Blog do Farn\u00e9sio","url":"https:\/\/blogdofarnesio.com.br\/","logo":{"@type":"ImageObject","inLanguage":"pt-BR","@id":"https:\/\/blogdofarnesio.com.br\/#\/schema\/logo\/image\/","url":"https:\/\/blogdofarnesio.com.br\/wp-content\/uploads\/2026\/03\/cropped-logo_new-1.png","contentUrl":"https:\/\/blogdofarnesio.com.br\/wp-content\/uploads\/2026\/03\/cropped-logo_new-1.png","width":881,"height":685,"caption":"Blog do Farn\u00e9sio"},"image":{"@id":"https:\/\/blogdofarnesio.com.br\/#\/schema\/logo\/image\/"},"sameAs":["https:\/\/www.facebook.com\/BlogQuerSaberPolitica\/"]},{"@type":"Person","@id":"https:\/\/blogdofarnesio.com.br\/#\/schema\/person\/301c4acf522bccbfdb45af95b5b906a1","name":"Farn\u00e9sio","image":{"@type":"ImageObject","inLanguage":"pt-BR","@id":"https:\/\/secure.gravatar.com\/avatar\/df0c9a14567c056f8ad6876ba5bbd1e3e2c48023eb6807342fc4663adf549f38?s=96&d=mm&r=g","url":"https:\/\/secure.gravatar.com\/avatar\/df0c9a14567c056f8ad6876ba5bbd1e3e2c48023eb6807342fc4663adf549f38?s=96&d=mm&r=g","contentUrl":"https:\/\/secure.gravatar.com\/avatar\/df0c9a14567c056f8ad6876ba5bbd1e3e2c48023eb6807342fc4663adf549f38?s=96&d=mm&r=g","caption":"Farn\u00e9sio"},"sameAs":["https:\/\/quersaberpolitica.com.br"],"url":"https:\/\/blogdofarnesio.com.br\/?author=1"}]}},"_links":{"self":[{"href":"https:\/\/blogdofarnesio.com.br\/index.php?rest_route=\/wp\/v2\/posts\/283983","targetHints":{"allow":["GET"]}}],"collection":[{"href":"https:\/\/blogdofarnesio.com.br\/index.php?rest_route=\/wp\/v2\/posts"}],"about":[{"href":"https:\/\/blogdofarnesio.com.br\/index.php?rest_route=\/wp\/v2\/types\/post"}],"author":[{"embeddable":true,"href":"https:\/\/blogdofarnesio.com.br\/index.php?rest_route=\/wp\/v2\/users\/1"}],"replies":[{"embeddable":true,"href":"https:\/\/blogdofarnesio.com.br\/index.php?rest_route=%2Fwp%2Fv2%2Fcomments&post=283983"}],"version-history":[{"count":0,"href":"https:\/\/blogdofarnesio.com.br\/index.php?rest_route=\/wp\/v2\/posts\/283983\/revisions"}],"wp:featuredmedia":[{"embeddable":true,"href":"https:\/\/blogdofarnesio.com.br\/index.php?rest_route=\/wp\/v2\/media\/276535"}],"wp:attachment":[{"href":"https:\/\/blogdofarnesio.com.br\/index.php?rest_route=%2Fwp%2Fv2%2Fmedia&parent=283983"}],"wp:term":[{"taxonomy":"category","embeddable":true,"href":"https:\/\/blogdofarnesio.com.br\/index.php?rest_route=%2Fwp%2Fv2%2Fcategories&post=283983"},{"taxonomy":"post_tag","embeddable":true,"href":"https:\/\/blogdofarnesio.com.br\/index.php?rest_route=%2Fwp%2Fv2%2Ftags&post=283983"}],"curies":[{"name":"wp","href":"https:\/\/api.w.org\/{rel}","templated":true}]}}