{"id":283914,"date":"2021-04-26T09:21:47","date_gmt":"2021-04-26T12:21:47","guid":{"rendered":"http:\/\/quersaberpolitica.com.br\/2016\/?p=283914"},"modified":"2021-04-23T14:26:09","modified_gmt":"2021-04-23T17:26:09","slug":"inscricoes-para-selecao-temporaria-da-assistencia-social-em-petrolina-seguem-ate-5-de-maio","status":"publish","type":"post","link":"https:\/\/blogdofarnesio.com.br\/?p=283914","title":{"rendered":"Inscri\u00e7\u00f5es para sele\u00e7\u00e3o tempor\u00e1ria da assist\u00eancia social em Petrolina seguem at\u00e9 5 de maio"},"content":{"rendered":"<p style=\"font-weight: 400;\">Os interessados em participar do processo seletivo da Prefeitura de Petrolina t\u00eam at\u00e9 o dia 5 de maio para se inscrever na sele\u00e7\u00e3o da Secretaria de Desenvolvimento Social e Direitos Humanos (Sedesdh). O processo seletivo simplificado visa a contrata\u00e7\u00e3o tempor\u00e1ria de profissionais dos n\u00edveis fundamental, m\u00e9dio e superior. A sele\u00e7\u00e3o \u00e9 coordenada pela Faculdade de Ci\u00eancias Aplicadas e Sociais de Petrolina (Facape) e prev\u00ea contrata\u00e7\u00e3o imediata e forma\u00e7\u00e3o de cadastro reserva.<\/p>\n<p style=\"font-weight: 400;\">As inscri\u00e7\u00f5es acontecem por meio do site da organizadora\u00a0<a href=\"http:\/\/www.facape.br\/concursos\" data-saferedirecturl=\"https:\/\/www.google.com\/url?q=http:\/\/www.facape.br\/concursos&amp;source=gmail&amp;ust=1619280750917000&amp;usg=AFQjCNE7LHHsYPbuh63NKQ3b-XfyxxYVPQ\">www.facape.br\/concursos<\/a>. As vagas oferecidas s\u00e3o para os cargos de advogado, assistente social, coordenador, educador f\u00edsico, nutricionista, pedagogo, psic\u00f3logo, auxiliar administrativo, cozinheiro, digitador\/entrevistador social, educador social, educador social (cuidador plantonista), orientador social (oficineiro), auxiliar de cozinha e auxiliar de limpeza.<\/p>\n<p style=\"font-weight: 400;\">A carga hor\u00e1ria pode variar de 30h a 40h, a depender do cargo a ser exercido e a remunera\u00e7\u00e3o varia de R$ 1.100 a R$ 1.800. O processo seletivo simplificado ter\u00e1 validade de um ano, podendo ser prorrogado por igual per\u00edodo e todas as vagas ser\u00e3o disponibilizadas de acordo com as demandas organizacionais da Secretaria de Desenvolvimento Social e Direitos Humanos, em suas unidades constitu\u00eddas tanto na zona urbana quanto na zona rural do munic\u00edpio.<\/p>\n<p style=\"font-weight: 400;\">As provas para os cargos de n\u00edvel m\u00e9dio e superior est\u00e3o previstas para acontecer no dia 6 de junho e as provas para os cargos de n\u00edvel fundamental est\u00e3o marcadas para o dia 13 de junho. O resultado final deve ser divulgado no dia 5 de julho. O edital completo com todas as informa\u00e7\u00f5es da sele\u00e7\u00e3o pode ser conferido no Di\u00e1rio Oficial do Munic\u00edpio\u00a0<a href=\"https:\/\/doem.org.br\/pe\/Petrolina\" data-saferedirecturl=\"https:\/\/www.google.com\/url?q=https:\/\/doem.org.br\/pe\/Petrolina&amp;source=gmail&amp;ust=1619280750917000&amp;usg=AFQjCNHHqBVm-r2VWWs6zfuqhpbVHxZxng\">https:\/\/doem.org.br\/pe\/Petrolina<\/a>.<\/p>\n<p>&nbsp;<\/p>\n<p style=\"font-weight: 400;\">Magn\u00f3lia Costa &#8211; Assessora de Comunica\u00e7\u00e3o<\/p>\n","protected":false},"excerpt":{"rendered":"<p>Os interessados em participar do processo seletivo da Prefeitura de Petrolina t\u00eam at\u00e9 o dia 5 de maio para se inscrever na sele\u00e7\u00e3o da Secretaria de Desenvolvimento Social e Direitos Humanos (Sedesdh). O processo seletivo simplificado visa a contrata\u00e7\u00e3o tempor\u00e1ria de profissionais dos n\u00edveis fundamental, m\u00e9dio e superior. A sele\u00e7\u00e3o \u00e9 coordenada pela Faculdade de Ci\u00eancias Aplicadas e Sociais de Petrolina (Facape) e prev\u00ea contrata\u00e7\u00e3o imediata e forma\u00e7\u00e3o de cadastro reserva. As inscri\u00e7\u00f5es acontecem por meio do site da organizadora\u00a0www.facape.br\/concursos. As vagas oferecidas s\u00e3o para os cargos de advogado, assistente social, coordenador, educador f\u00edsico, nutricionista, pedagogo, psic\u00f3logo, auxiliar administrativo, cozinheiro, digitador\/entrevistador social, educador social, educador social (cuidador plantonista), orientador social (oficineiro), auxiliar de cozinha e auxiliar de limpeza. A carga&hellip; <\/p>\n","protected":false},"author":1,"featured_media":283917,"comment_status":"closed","ping_status":"closed","sticky":false,"template":"","format":"standard","meta":{"_acf_changed":false,"footnotes":""},"categories":[31],"tags":[],"class_list":["post-283914","post","type-post","status-publish","format-standard","has-post-thumbnail","hentry","category-concursos"],"acf":[],"yoast_head":"<!-- This site is optimized with the Yoast SEO plugin v27.4 - https:\/\/yoast.com\/product\/yoast-seo-wordpress\/ -->\n<title>Inscri\u00e7\u00f5es para sele\u00e7\u00e3o tempor\u00e1ria da assist\u00eancia social em Petrolina seguem at\u00e9 5 de maio - Blog do Farn\u00e9sio<\/title>\n<meta name=\"robots\" content=\"index, follow, max-snippet:-1, max-image-preview:large, max-video-preview:-1\" \/>\n<link rel=\"canonical\" href=\"https:\/\/blogdofarnesio.com.br\/?p=283914\" \/>\n<meta property=\"og:locale\" content=\"pt_BR\" \/>\n<meta property=\"og:type\" content=\"article\" \/>\n<meta property=\"og:title\" content=\"Inscri\u00e7\u00f5es para sele\u00e7\u00e3o tempor\u00e1ria da assist\u00eancia social em Petrolina seguem at\u00e9 5 de maio - Blog do Farn\u00e9sio\" \/>\n<meta property=\"og:description\" content=\"Os interessados em participar do processo seletivo da Prefeitura de Petrolina t\u00eam at\u00e9 o dia 5 de maio para se inscrever na sele\u00e7\u00e3o da Secretaria de Desenvolvimento Social e Direitos Humanos (Sedesdh). O processo seletivo simplificado visa a contrata\u00e7\u00e3o tempor\u00e1ria de profissionais dos n\u00edveis fundamental, m\u00e9dio e superior. A sele\u00e7\u00e3o \u00e9 coordenada pela Faculdade de Ci\u00eancias Aplicadas e Sociais de Petrolina (Facape) e prev\u00ea contrata\u00e7\u00e3o imediata e forma\u00e7\u00e3o de cadastro reserva. As inscri\u00e7\u00f5es acontecem por meio do site da organizadora\u00a0www.facape.br\/concursos. As vagas oferecidas s\u00e3o para os cargos de advogado, assistente social, coordenador, educador f\u00edsico, nutricionista, pedagogo, psic\u00f3logo, auxiliar administrativo, cozinheiro, digitador\/entrevistador social, educador social, educador social (cuidador plantonista), orientador social (oficineiro), auxiliar de cozinha e auxiliar de limpeza. A carga&hellip;\" \/>\n<meta property=\"og:url\" content=\"https:\/\/blogdofarnesio.com.br\/?p=283914\" \/>\n<meta property=\"og:site_name\" content=\"Blog do Farn\u00e9sio\" \/>\n<meta property=\"article:publisher\" content=\"https:\/\/www.facebook.com\/BlogQuerSaberPolitica\/\" \/>\n<meta property=\"article:published_time\" content=\"2021-04-26T12:21:47+00:00\" \/>\n<meta property=\"og:image\" content=\"https:\/\/blogdofarnesio.com.br\/wp-content\/uploads\/2021\/04\/blogqspemprego-vagas-temporarias-emergenciais_27320201257390.jpg\" \/>\n\t<meta property=\"og:image:width\" content=\"512\" \/>\n\t<meta property=\"og:image:height\" content=\"288\" \/>\n\t<meta property=\"og:image:type\" content=\"image\/jpeg\" \/>\n<meta name=\"author\" content=\"Farn\u00e9sio\" \/>\n<meta name=\"twitter:card\" content=\"summary_large_image\" \/>\n<meta name=\"twitter:label1\" content=\"Escrito por\" \/>\n\t<meta name=\"twitter:data1\" content=\"Farn\u00e9sio\" \/>\n\t<meta name=\"twitter:label2\" content=\"Est. tempo de leitura\" \/>\n\t<meta name=\"twitter:data2\" content=\"1 minuto\" \/>\n<script type=\"application\/ld+json\" class=\"yoast-schema-graph\">{\"@context\":\"https:\\\/\\\/schema.org\",\"@graph\":[{\"@type\":\"Article\",\"@id\":\"https:\\\/\\\/blogdofarnesio.com.br\\\/?p=283914#article\",\"isPartOf\":{\"@id\":\"https:\\\/\\\/blogdofarnesio.com.br\\\/?p=283914\"},\"author\":{\"name\":\"Farn\u00e9sio\",\"@id\":\"https:\\\/\\\/blogdofarnesio.com.br\\\/#\\\/schema\\\/person\\\/301c4acf522bccbfdb45af95b5b906a1\"},\"headline\":\"Inscri\u00e7\u00f5es para sele\u00e7\u00e3o tempor\u00e1ria da assist\u00eancia social em Petrolina seguem at\u00e9 5 de maio\",\"datePublished\":\"2021-04-26T12:21:47+00:00\",\"mainEntityOfPage\":{\"@id\":\"https:\\\/\\\/blogdofarnesio.com.br\\\/?p=283914\"},\"wordCount\":316,\"publisher\":{\"@id\":\"https:\\\/\\\/blogdofarnesio.com.br\\\/#organization\"},\"image\":{\"@id\":\"https:\\\/\\\/blogdofarnesio.com.br\\\/?p=283914#primaryimage\"},\"thumbnailUrl\":\"https:\\\/\\\/blogdofarnesio.com.br\\\/wp-content\\\/uploads\\\/2021\\\/04\\\/blogqspemprego-vagas-temporarias-emergenciais_27320201257390.jpg\",\"articleSection\":[\"Concursos\"],\"inLanguage\":\"pt-BR\"},{\"@type\":\"WebPage\",\"@id\":\"https:\\\/\\\/blogdofarnesio.com.br\\\/?p=283914\",\"url\":\"https:\\\/\\\/blogdofarnesio.com.br\\\/?p=283914\",\"name\":\"Inscri\u00e7\u00f5es para sele\u00e7\u00e3o tempor\u00e1ria da assist\u00eancia social em Petrolina seguem at\u00e9 5 de maio - Blog do Farn\u00e9sio\",\"isPartOf\":{\"@id\":\"https:\\\/\\\/blogdofarnesio.com.br\\\/#website\"},\"primaryImageOfPage\":{\"@id\":\"https:\\\/\\\/blogdofarnesio.com.br\\\/?p=283914#primaryimage\"},\"image\":{\"@id\":\"https:\\\/\\\/blogdofarnesio.com.br\\\/?p=283914#primaryimage\"},\"thumbnailUrl\":\"https:\\\/\\\/blogdofarnesio.com.br\\\/wp-content\\\/uploads\\\/2021\\\/04\\\/blogqspemprego-vagas-temporarias-emergenciais_27320201257390.jpg\",\"datePublished\":\"2021-04-26T12:21:47+00:00\",\"breadcrumb\":{\"@id\":\"https:\\\/\\\/blogdofarnesio.com.br\\\/?p=283914#breadcrumb\"},\"inLanguage\":\"pt-BR\",\"potentialAction\":[{\"@type\":\"ReadAction\",\"target\":[\"https:\\\/\\\/blogdofarnesio.com.br\\\/?p=283914\"]}]},{\"@type\":\"ImageObject\",\"inLanguage\":\"pt-BR\",\"@id\":\"https:\\\/\\\/blogdofarnesio.com.br\\\/?p=283914#primaryimage\",\"url\":\"https:\\\/\\\/blogdofarnesio.com.br\\\/wp-content\\\/uploads\\\/2021\\\/04\\\/blogqspemprego-vagas-temporarias-emergenciais_27320201257390.jpg\",\"contentUrl\":\"https:\\\/\\\/blogdofarnesio.com.br\\\/wp-content\\\/uploads\\\/2021\\\/04\\\/blogqspemprego-vagas-temporarias-emergenciais_27320201257390.jpg\",\"width\":512,\"height\":288},{\"@type\":\"BreadcrumbList\",\"@id\":\"https:\\\/\\\/blogdofarnesio.com.br\\\/?p=283914#breadcrumb\",\"itemListElement\":[{\"@type\":\"ListItem\",\"position\":1,\"name\":\"In\u00edcio\",\"item\":\"https:\\\/\\\/blogdofarnesio.com.br\\\/\"},{\"@type\":\"ListItem\",\"position\":2,\"name\":\"Inscri\u00e7\u00f5es para sele\u00e7\u00e3o tempor\u00e1ria da assist\u00eancia social em Petrolina seguem at\u00e9 5 de maio\"}]},{\"@type\":\"WebSite\",\"@id\":\"https:\\\/\\\/blogdofarnesio.com.br\\\/#website\",\"url\":\"https:\\\/\\\/blogdofarnesio.com.br\\\/\",\"name\":\"Blog do Farn\u00e9sio\",\"description\":\"Quer Saber Pol\u00edtica?\",\"publisher\":{\"@id\":\"https:\\\/\\\/blogdofarnesio.com.br\\\/#organization\"},\"potentialAction\":[{\"@type\":\"SearchAction\",\"target\":{\"@type\":\"EntryPoint\",\"urlTemplate\":\"https:\\\/\\\/blogdofarnesio.com.br\\\/?s={search_term_string}\"},\"query-input\":{\"@type\":\"PropertyValueSpecification\",\"valueRequired\":true,\"valueName\":\"search_term_string\"}}],\"inLanguage\":\"pt-BR\"},{\"@type\":\"Organization\",\"@id\":\"https:\\\/\\\/blogdofarnesio.com.br\\\/#organization\",\"name\":\"Blog do Farn\u00e9sio\",\"url\":\"https:\\\/\\\/blogdofarnesio.com.br\\\/\",\"logo\":{\"@type\":\"ImageObject\",\"inLanguage\":\"pt-BR\",\"@id\":\"https:\\\/\\\/blogdofarnesio.com.br\\\/#\\\/schema\\\/logo\\\/image\\\/\",\"url\":\"https:\\\/\\\/blogdofarnesio.com.br\\\/wp-content\\\/uploads\\\/2026\\\/03\\\/cropped-logo_new-1.png\",\"contentUrl\":\"https:\\\/\\\/blogdofarnesio.com.br\\\/wp-content\\\/uploads\\\/2026\\\/03\\\/cropped-logo_new-1.png\",\"width\":881,\"height\":685,\"caption\":\"Blog do Farn\u00e9sio\"},\"image\":{\"@id\":\"https:\\\/\\\/blogdofarnesio.com.br\\\/#\\\/schema\\\/logo\\\/image\\\/\"},\"sameAs\":[\"https:\\\/\\\/www.facebook.com\\\/BlogQuerSaberPolitica\\\/\"]},{\"@type\":\"Person\",\"@id\":\"https:\\\/\\\/blogdofarnesio.com.br\\\/#\\\/schema\\\/person\\\/301c4acf522bccbfdb45af95b5b906a1\",\"name\":\"Farn\u00e9sio\",\"image\":{\"@type\":\"ImageObject\",\"inLanguage\":\"pt-BR\",\"@id\":\"https:\\\/\\\/secure.gravatar.com\\\/avatar\\\/df0c9a14567c056f8ad6876ba5bbd1e3e2c48023eb6807342fc4663adf549f38?s=96&d=mm&r=g\",\"url\":\"https:\\\/\\\/secure.gravatar.com\\\/avatar\\\/df0c9a14567c056f8ad6876ba5bbd1e3e2c48023eb6807342fc4663adf549f38?s=96&d=mm&r=g\",\"contentUrl\":\"https:\\\/\\\/secure.gravatar.com\\\/avatar\\\/df0c9a14567c056f8ad6876ba5bbd1e3e2c48023eb6807342fc4663adf549f38?s=96&d=mm&r=g\",\"caption\":\"Farn\u00e9sio\"},\"sameAs\":[\"https:\\\/\\\/quersaberpolitica.com.br\"],\"url\":\"https:\\\/\\\/blogdofarnesio.com.br\\\/?author=1\"}]}<\/script>\n<!-- \/ Yoast SEO plugin. -->","yoast_head_json":{"title":"Inscri\u00e7\u00f5es para sele\u00e7\u00e3o tempor\u00e1ria da assist\u00eancia social em Petrolina seguem at\u00e9 5 de maio - Blog do Farn\u00e9sio","robots":{"index":"index","follow":"follow","max-snippet":"max-snippet:-1","max-image-preview":"max-image-preview:large","max-video-preview":"max-video-preview:-1"},"canonical":"https:\/\/blogdofarnesio.com.br\/?p=283914","og_locale":"pt_BR","og_type":"article","og_title":"Inscri\u00e7\u00f5es para sele\u00e7\u00e3o tempor\u00e1ria da assist\u00eancia social em Petrolina seguem at\u00e9 5 de maio - Blog do Farn\u00e9sio","og_description":"Os interessados em participar do processo seletivo da Prefeitura de Petrolina t\u00eam at\u00e9 o dia 5 de maio para se inscrever na sele\u00e7\u00e3o da Secretaria de Desenvolvimento Social e Direitos Humanos (Sedesdh). O processo seletivo simplificado visa a contrata\u00e7\u00e3o tempor\u00e1ria de profissionais dos n\u00edveis fundamental, m\u00e9dio e superior. A sele\u00e7\u00e3o \u00e9 coordenada pela Faculdade de Ci\u00eancias Aplicadas e Sociais de Petrolina (Facape) e prev\u00ea contrata\u00e7\u00e3o imediata e forma\u00e7\u00e3o de cadastro reserva. As inscri\u00e7\u00f5es acontecem por meio do site da organizadora\u00a0www.facape.br\/concursos. As vagas oferecidas s\u00e3o para os cargos de advogado, assistente social, coordenador, educador f\u00edsico, nutricionista, pedagogo, psic\u00f3logo, auxiliar administrativo, cozinheiro, digitador\/entrevistador social, educador social, educador social (cuidador plantonista), orientador social (oficineiro), auxiliar de cozinha e auxiliar de limpeza. A carga&hellip;","og_url":"https:\/\/blogdofarnesio.com.br\/?p=283914","og_site_name":"Blog do Farn\u00e9sio","article_publisher":"https:\/\/www.facebook.com\/BlogQuerSaberPolitica\/","article_published_time":"2021-04-26T12:21:47+00:00","og_image":[{"width":512,"height":288,"url":"https:\/\/blogdofarnesio.com.br\/wp-content\/uploads\/2021\/04\/blogqspemprego-vagas-temporarias-emergenciais_27320201257390.jpg","type":"image\/jpeg"}],"author":"Farn\u00e9sio","twitter_card":"summary_large_image","twitter_misc":{"Escrito por":"Farn\u00e9sio","Est. tempo de leitura":"1 minuto"},"schema":{"@context":"https:\/\/schema.org","@graph":[{"@type":"Article","@id":"https:\/\/blogdofarnesio.com.br\/?p=283914#article","isPartOf":{"@id":"https:\/\/blogdofarnesio.com.br\/?p=283914"},"author":{"name":"Farn\u00e9sio","@id":"https:\/\/blogdofarnesio.com.br\/#\/schema\/person\/301c4acf522bccbfdb45af95b5b906a1"},"headline":"Inscri\u00e7\u00f5es para sele\u00e7\u00e3o tempor\u00e1ria da assist\u00eancia social em Petrolina seguem at\u00e9 5 de maio","datePublished":"2021-04-26T12:21:47+00:00","mainEntityOfPage":{"@id":"https:\/\/blogdofarnesio.com.br\/?p=283914"},"wordCount":316,"publisher":{"@id":"https:\/\/blogdofarnesio.com.br\/#organization"},"image":{"@id":"https:\/\/blogdofarnesio.com.br\/?p=283914#primaryimage"},"thumbnailUrl":"https:\/\/blogdofarnesio.com.br\/wp-content\/uploads\/2021\/04\/blogqspemprego-vagas-temporarias-emergenciais_27320201257390.jpg","articleSection":["Concursos"],"inLanguage":"pt-BR"},{"@type":"WebPage","@id":"https:\/\/blogdofarnesio.com.br\/?p=283914","url":"https:\/\/blogdofarnesio.com.br\/?p=283914","name":"Inscri\u00e7\u00f5es para sele\u00e7\u00e3o tempor\u00e1ria da assist\u00eancia social em Petrolina seguem at\u00e9 5 de maio - Blog do Farn\u00e9sio","isPartOf":{"@id":"https:\/\/blogdofarnesio.com.br\/#website"},"primaryImageOfPage":{"@id":"https:\/\/blogdofarnesio.com.br\/?p=283914#primaryimage"},"image":{"@id":"https:\/\/blogdofarnesio.com.br\/?p=283914#primaryimage"},"thumbnailUrl":"https:\/\/blogdofarnesio.com.br\/wp-content\/uploads\/2021\/04\/blogqspemprego-vagas-temporarias-emergenciais_27320201257390.jpg","datePublished":"2021-04-26T12:21:47+00:00","breadcrumb":{"@id":"https:\/\/blogdofarnesio.com.br\/?p=283914#breadcrumb"},"inLanguage":"pt-BR","potentialAction":[{"@type":"ReadAction","target":["https:\/\/blogdofarnesio.com.br\/?p=283914"]}]},{"@type":"ImageObject","inLanguage":"pt-BR","@id":"https:\/\/blogdofarnesio.com.br\/?p=283914#primaryimage","url":"https:\/\/blogdofarnesio.com.br\/wp-content\/uploads\/2021\/04\/blogqspemprego-vagas-temporarias-emergenciais_27320201257390.jpg","contentUrl":"https:\/\/blogdofarnesio.com.br\/wp-content\/uploads\/2021\/04\/blogqspemprego-vagas-temporarias-emergenciais_27320201257390.jpg","width":512,"height":288},{"@type":"BreadcrumbList","@id":"https:\/\/blogdofarnesio.com.br\/?p=283914#breadcrumb","itemListElement":[{"@type":"ListItem","position":1,"name":"In\u00edcio","item":"https:\/\/blogdofarnesio.com.br\/"},{"@type":"ListItem","position":2,"name":"Inscri\u00e7\u00f5es para sele\u00e7\u00e3o tempor\u00e1ria da assist\u00eancia social em Petrolina seguem at\u00e9 5 de maio"}]},{"@type":"WebSite","@id":"https:\/\/blogdofarnesio.com.br\/#website","url":"https:\/\/blogdofarnesio.com.br\/","name":"Blog do Farn\u00e9sio","description":"Quer Saber Pol\u00edtica?","publisher":{"@id":"https:\/\/blogdofarnesio.com.br\/#organization"},"potentialAction":[{"@type":"SearchAction","target":{"@type":"EntryPoint","urlTemplate":"https:\/\/blogdofarnesio.com.br\/?s={search_term_string}"},"query-input":{"@type":"PropertyValueSpecification","valueRequired":true,"valueName":"search_term_string"}}],"inLanguage":"pt-BR"},{"@type":"Organization","@id":"https:\/\/blogdofarnesio.com.br\/#organization","name":"Blog do Farn\u00e9sio","url":"https:\/\/blogdofarnesio.com.br\/","logo":{"@type":"ImageObject","inLanguage":"pt-BR","@id":"https:\/\/blogdofarnesio.com.br\/#\/schema\/logo\/image\/","url":"https:\/\/blogdofarnesio.com.br\/wp-content\/uploads\/2026\/03\/cropped-logo_new-1.png","contentUrl":"https:\/\/blogdofarnesio.com.br\/wp-content\/uploads\/2026\/03\/cropped-logo_new-1.png","width":881,"height":685,"caption":"Blog do Farn\u00e9sio"},"image":{"@id":"https:\/\/blogdofarnesio.com.br\/#\/schema\/logo\/image\/"},"sameAs":["https:\/\/www.facebook.com\/BlogQuerSaberPolitica\/"]},{"@type":"Person","@id":"https:\/\/blogdofarnesio.com.br\/#\/schema\/person\/301c4acf522bccbfdb45af95b5b906a1","name":"Farn\u00e9sio","image":{"@type":"ImageObject","inLanguage":"pt-BR","@id":"https:\/\/secure.gravatar.com\/avatar\/df0c9a14567c056f8ad6876ba5bbd1e3e2c48023eb6807342fc4663adf549f38?s=96&d=mm&r=g","url":"https:\/\/secure.gravatar.com\/avatar\/df0c9a14567c056f8ad6876ba5bbd1e3e2c48023eb6807342fc4663adf549f38?s=96&d=mm&r=g","contentUrl":"https:\/\/secure.gravatar.com\/avatar\/df0c9a14567c056f8ad6876ba5bbd1e3e2c48023eb6807342fc4663adf549f38?s=96&d=mm&r=g","caption":"Farn\u00e9sio"},"sameAs":["https:\/\/quersaberpolitica.com.br"],"url":"https:\/\/blogdofarnesio.com.br\/?author=1"}]}},"_links":{"self":[{"href":"https:\/\/blogdofarnesio.com.br\/index.php?rest_route=\/wp\/v2\/posts\/283914","targetHints":{"allow":["GET"]}}],"collection":[{"href":"https:\/\/blogdofarnesio.com.br\/index.php?rest_route=\/wp\/v2\/posts"}],"about":[{"href":"https:\/\/blogdofarnesio.com.br\/index.php?rest_route=\/wp\/v2\/types\/post"}],"author":[{"embeddable":true,"href":"https:\/\/blogdofarnesio.com.br\/index.php?rest_route=\/wp\/v2\/users\/1"}],"replies":[{"embeddable":true,"href":"https:\/\/blogdofarnesio.com.br\/index.php?rest_route=%2Fwp%2Fv2%2Fcomments&post=283914"}],"version-history":[{"count":0,"href":"https:\/\/blogdofarnesio.com.br\/index.php?rest_route=\/wp\/v2\/posts\/283914\/revisions"}],"wp:featuredmedia":[{"embeddable":true,"href":"https:\/\/blogdofarnesio.com.br\/index.php?rest_route=\/wp\/v2\/media\/283917"}],"wp:attachment":[{"href":"https:\/\/blogdofarnesio.com.br\/index.php?rest_route=%2Fwp%2Fv2%2Fmedia&parent=283914"}],"wp:term":[{"taxonomy":"category","embeddable":true,"href":"https:\/\/blogdofarnesio.com.br\/index.php?rest_route=%2Fwp%2Fv2%2Fcategories&post=283914"},{"taxonomy":"post_tag","embeddable":true,"href":"https:\/\/blogdofarnesio.com.br\/index.php?rest_route=%2Fwp%2Fv2%2Ftags&post=283914"}],"curies":[{"name":"wp","href":"https:\/\/api.w.org\/{rel}","templated":true}]}}