{"id":283521,"date":"2021-04-19T13:33:16","date_gmt":"2021-04-19T16:33:16","guid":{"rendered":"http:\/\/quersaberpolitica.com.br\/2016\/?p=283521"},"modified":"2021-04-19T12:38:40","modified_gmt":"2021-04-19T15:38:40","slug":"elemento-e-conduzido-pela-patrulha-da-mulher-por-descumprir-medida-protetiva","status":"publish","type":"post","link":"https:\/\/blogdofarnesio.com.br\/?p=283521","title":{"rendered":"&#8220;Elemento&#8221; \u00e9 conduzido pela Patrulha da Mulher por descumprir medida protetiva"},"content":{"rendered":"<p style=\"font-weight: 400;\">Mulher de 37 anos, acionou o Grupamento da Patrulha da Mulher (GPAM) da Guarda Civil de Petrolina no fim de semana, informando que seu ex-companheiro, de 35 anos, havia pulado o muro de sua resid\u00eancia, localizado no bairro Mandacaru. O homem tentou entrar \u00e0 for\u00e7a na resid\u00eancia e chegou a quebrar uma janela. A mulher possui medida protetiva de urg\u00eancia contra o acusado.<\/p>\n<p style=\"font-weight: 400;\">De imediato, a equipe se deslocou at\u00e9 o endere\u00e7o da v\u00edtima, mas ao chegar ao local o imputado n\u00e3o se encontrava. A guarni\u00e7\u00e3o fez buscas pr\u00f3ximo ao local e conseguiu localiz\u00e1-lo na casa de sua m\u00e3e. Diante dos fatos, o homem foi conduzido e levado \u00e0 Delegacia de Plant\u00e3o de Pol\u00edcia Civil, para que fossem tomadas as medidas cab\u00edveis.<\/p>\n<p style=\"font-weight: 400;\">A patrulha especializada presta servi\u00e7o \u00e0 popula\u00e7\u00e3o 24 horas por dia. Qualquer den\u00fancia que envolva viol\u00eancia contra a mulher pode ser registrada pelo telefone 153 ou pelo whatsApp (87) 98106-7310.<\/p>\n<p style=\"font-weight: 400;\"><strong>\u00a0<\/strong><\/p>\n<p style=\"font-weight: 400;\">Foto: Jonas Santos<\/p>\n<p style=\"font-weight: 400;\">Assessoria de Comunica\u00e7\u00e3o PMP<\/p>\n","protected":false},"excerpt":{"rendered":"<p>Mulher de 37 anos, acionou o Grupamento da Patrulha da Mulher (GPAM) da Guarda Civil de Petrolina no fim de semana, informando que seu ex-companheiro, de 35 anos, havia pulado o muro de sua resid\u00eancia, localizado no bairro Mandacaru. O homem tentou entrar \u00e0 for\u00e7a na resid\u00eancia e chegou a quebrar uma janela. A mulher possui medida protetiva de urg\u00eancia contra o acusado. De imediato, a equipe se deslocou at\u00e9 o endere\u00e7o da v\u00edtima, mas ao chegar ao local o imputado n\u00e3o se encontrava. A guarni\u00e7\u00e3o fez buscas pr\u00f3ximo ao local e conseguiu localiz\u00e1-lo na casa de sua m\u00e3e. Diante dos fatos, o homem foi conduzido e levado \u00e0 Delegacia de Plant\u00e3o de Pol\u00edcia Civil, para que fossem tomadas as&hellip; <\/p>\n","protected":false},"author":1,"featured_media":187201,"comment_status":"closed","ping_status":"closed","sticky":false,"template":"","format":"standard","meta":{"_acf_changed":false,"footnotes":""},"categories":[9],"tags":[],"class_list":["post-283521","post","type-post","status-publish","format-standard","has-post-thumbnail","hentry","category-policia"],"acf":[],"yoast_head":"<!-- This site is optimized with the Yoast SEO plugin v27.4 - https:\/\/yoast.com\/product\/yoast-seo-wordpress\/ -->\n<title>&quot;Elemento&quot; \u00e9 conduzido pela Patrulha da Mulher por descumprir medida protetiva - Blog do Farn\u00e9sio<\/title>\n<meta name=\"robots\" content=\"index, follow, max-snippet:-1, max-image-preview:large, max-video-preview:-1\" \/>\n<link rel=\"canonical\" href=\"https:\/\/blogdofarnesio.com.br\/?p=283521\" \/>\n<meta property=\"og:locale\" content=\"pt_BR\" \/>\n<meta property=\"og:type\" content=\"article\" \/>\n<meta property=\"og:title\" content=\"&quot;Elemento&quot; \u00e9 conduzido pela Patrulha da Mulher por descumprir medida protetiva - Blog do Farn\u00e9sio\" \/>\n<meta property=\"og:description\" content=\"Mulher de 37 anos, acionou o Grupamento da Patrulha da Mulher (GPAM) da Guarda Civil de Petrolina no fim de semana, informando que seu ex-companheiro, de 35 anos, havia pulado o muro de sua resid\u00eancia, localizado no bairro Mandacaru. O homem tentou entrar \u00e0 for\u00e7a na resid\u00eancia e chegou a quebrar uma janela. A mulher possui medida protetiva de urg\u00eancia contra o acusado. De imediato, a equipe se deslocou at\u00e9 o endere\u00e7o da v\u00edtima, mas ao chegar ao local o imputado n\u00e3o se encontrava. A guarni\u00e7\u00e3o fez buscas pr\u00f3ximo ao local e conseguiu localiz\u00e1-lo na casa de sua m\u00e3e. Diante dos fatos, o homem foi conduzido e levado \u00e0 Delegacia de Plant\u00e3o de Pol\u00edcia Civil, para que fossem tomadas as&hellip;\" \/>\n<meta property=\"og:url\" content=\"https:\/\/blogdofarnesio.com.br\/?p=283521\" \/>\n<meta property=\"og:site_name\" content=\"Blog do Farn\u00e9sio\" \/>\n<meta property=\"article:publisher\" content=\"https:\/\/www.facebook.com\/BlogQuerSaberPolitica\/\" \/>\n<meta property=\"article:published_time\" content=\"2021-04-19T16:33:16+00:00\" \/>\n<meta property=\"og:image\" content=\"https:\/\/blogdofarnesio.com.br\/wp-content\/uploads\/2018\/01\/blogqspviolenciamulherEstupro-1c.jpg\" \/>\n\t<meta property=\"og:image:width\" content=\"640\" \/>\n\t<meta property=\"og:image:height\" content=\"394\" \/>\n\t<meta property=\"og:image:type\" content=\"image\/jpeg\" \/>\n<meta name=\"author\" content=\"Farn\u00e9sio\" \/>\n<meta name=\"twitter:card\" content=\"summary_large_image\" \/>\n<meta name=\"twitter:label1\" content=\"Escrito por\" \/>\n\t<meta name=\"twitter:data1\" content=\"Farn\u00e9sio\" \/>\n\t<meta name=\"twitter:label2\" content=\"Est. tempo de leitura\" \/>\n\t<meta name=\"twitter:data2\" content=\"1 minuto\" \/>\n<script type=\"application\/ld+json\" class=\"yoast-schema-graph\">{\"@context\":\"https:\\\/\\\/schema.org\",\"@graph\":[{\"@type\":\"Article\",\"@id\":\"https:\\\/\\\/blogdofarnesio.com.br\\\/?p=283521#article\",\"isPartOf\":{\"@id\":\"https:\\\/\\\/blogdofarnesio.com.br\\\/?p=283521\"},\"author\":{\"name\":\"Farn\u00e9sio\",\"@id\":\"https:\\\/\\\/blogdofarnesio.com.br\\\/#\\\/schema\\\/person\\\/301c4acf522bccbfdb45af95b5b906a1\"},\"headline\":\"&#8220;Elemento&#8221; \u00e9 conduzido pela Patrulha da Mulher por descumprir medida protetiva\",\"datePublished\":\"2021-04-19T16:33:16+00:00\",\"mainEntityOfPage\":{\"@id\":\"https:\\\/\\\/blogdofarnesio.com.br\\\/?p=283521\"},\"wordCount\":180,\"publisher\":{\"@id\":\"https:\\\/\\\/blogdofarnesio.com.br\\\/#organization\"},\"image\":{\"@id\":\"https:\\\/\\\/blogdofarnesio.com.br\\\/?p=283521#primaryimage\"},\"thumbnailUrl\":\"https:\\\/\\\/blogdofarnesio.com.br\\\/wp-content\\\/uploads\\\/2018\\\/01\\\/blogqspviolenciamulherEstupro-1c.jpg\",\"articleSection\":[\"Pol\u00edcia\"],\"inLanguage\":\"pt-BR\"},{\"@type\":\"WebPage\",\"@id\":\"https:\\\/\\\/blogdofarnesio.com.br\\\/?p=283521\",\"url\":\"https:\\\/\\\/blogdofarnesio.com.br\\\/?p=283521\",\"name\":\"\\\"Elemento\\\" \u00e9 conduzido pela Patrulha da Mulher por descumprir medida protetiva - Blog do Farn\u00e9sio\",\"isPartOf\":{\"@id\":\"https:\\\/\\\/blogdofarnesio.com.br\\\/#website\"},\"primaryImageOfPage\":{\"@id\":\"https:\\\/\\\/blogdofarnesio.com.br\\\/?p=283521#primaryimage\"},\"image\":{\"@id\":\"https:\\\/\\\/blogdofarnesio.com.br\\\/?p=283521#primaryimage\"},\"thumbnailUrl\":\"https:\\\/\\\/blogdofarnesio.com.br\\\/wp-content\\\/uploads\\\/2018\\\/01\\\/blogqspviolenciamulherEstupro-1c.jpg\",\"datePublished\":\"2021-04-19T16:33:16+00:00\",\"breadcrumb\":{\"@id\":\"https:\\\/\\\/blogdofarnesio.com.br\\\/?p=283521#breadcrumb\"},\"inLanguage\":\"pt-BR\",\"potentialAction\":[{\"@type\":\"ReadAction\",\"target\":[\"https:\\\/\\\/blogdofarnesio.com.br\\\/?p=283521\"]}]},{\"@type\":\"ImageObject\",\"inLanguage\":\"pt-BR\",\"@id\":\"https:\\\/\\\/blogdofarnesio.com.br\\\/?p=283521#primaryimage\",\"url\":\"https:\\\/\\\/blogdofarnesio.com.br\\\/wp-content\\\/uploads\\\/2018\\\/01\\\/blogqspviolenciamulherEstupro-1c.jpg\",\"contentUrl\":\"https:\\\/\\\/blogdofarnesio.com.br\\\/wp-content\\\/uploads\\\/2018\\\/01\\\/blogqspviolenciamulherEstupro-1c.jpg\",\"width\":640,\"height\":394,\"caption\":\"Ilustra\u00e7\u00e3o\"},{\"@type\":\"BreadcrumbList\",\"@id\":\"https:\\\/\\\/blogdofarnesio.com.br\\\/?p=283521#breadcrumb\",\"itemListElement\":[{\"@type\":\"ListItem\",\"position\":1,\"name\":\"In\u00edcio\",\"item\":\"https:\\\/\\\/blogdofarnesio.com.br\\\/\"},{\"@type\":\"ListItem\",\"position\":2,\"name\":\"&#8220;Elemento&#8221; \u00e9 conduzido pela Patrulha da Mulher por descumprir medida protetiva\"}]},{\"@type\":\"WebSite\",\"@id\":\"https:\\\/\\\/blogdofarnesio.com.br\\\/#website\",\"url\":\"https:\\\/\\\/blogdofarnesio.com.br\\\/\",\"name\":\"Blog do Farn\u00e9sio\",\"description\":\"Quer Saber Pol\u00edtica?\",\"publisher\":{\"@id\":\"https:\\\/\\\/blogdofarnesio.com.br\\\/#organization\"},\"potentialAction\":[{\"@type\":\"SearchAction\",\"target\":{\"@type\":\"EntryPoint\",\"urlTemplate\":\"https:\\\/\\\/blogdofarnesio.com.br\\\/?s={search_term_string}\"},\"query-input\":{\"@type\":\"PropertyValueSpecification\",\"valueRequired\":true,\"valueName\":\"search_term_string\"}}],\"inLanguage\":\"pt-BR\"},{\"@type\":\"Organization\",\"@id\":\"https:\\\/\\\/blogdofarnesio.com.br\\\/#organization\",\"name\":\"Blog do Farn\u00e9sio\",\"url\":\"https:\\\/\\\/blogdofarnesio.com.br\\\/\",\"logo\":{\"@type\":\"ImageObject\",\"inLanguage\":\"pt-BR\",\"@id\":\"https:\\\/\\\/blogdofarnesio.com.br\\\/#\\\/schema\\\/logo\\\/image\\\/\",\"url\":\"https:\\\/\\\/blogdofarnesio.com.br\\\/wp-content\\\/uploads\\\/2026\\\/03\\\/cropped-logo_new-1.png\",\"contentUrl\":\"https:\\\/\\\/blogdofarnesio.com.br\\\/wp-content\\\/uploads\\\/2026\\\/03\\\/cropped-logo_new-1.png\",\"width\":881,\"height\":685,\"caption\":\"Blog do Farn\u00e9sio\"},\"image\":{\"@id\":\"https:\\\/\\\/blogdofarnesio.com.br\\\/#\\\/schema\\\/logo\\\/image\\\/\"},\"sameAs\":[\"https:\\\/\\\/www.facebook.com\\\/BlogQuerSaberPolitica\\\/\"]},{\"@type\":\"Person\",\"@id\":\"https:\\\/\\\/blogdofarnesio.com.br\\\/#\\\/schema\\\/person\\\/301c4acf522bccbfdb45af95b5b906a1\",\"name\":\"Farn\u00e9sio\",\"image\":{\"@type\":\"ImageObject\",\"inLanguage\":\"pt-BR\",\"@id\":\"https:\\\/\\\/secure.gravatar.com\\\/avatar\\\/df0c9a14567c056f8ad6876ba5bbd1e3e2c48023eb6807342fc4663adf549f38?s=96&d=mm&r=g\",\"url\":\"https:\\\/\\\/secure.gravatar.com\\\/avatar\\\/df0c9a14567c056f8ad6876ba5bbd1e3e2c48023eb6807342fc4663adf549f38?s=96&d=mm&r=g\",\"contentUrl\":\"https:\\\/\\\/secure.gravatar.com\\\/avatar\\\/df0c9a14567c056f8ad6876ba5bbd1e3e2c48023eb6807342fc4663adf549f38?s=96&d=mm&r=g\",\"caption\":\"Farn\u00e9sio\"},\"sameAs\":[\"https:\\\/\\\/quersaberpolitica.com.br\"],\"url\":\"https:\\\/\\\/blogdofarnesio.com.br\\\/?author=1\"}]}<\/script>\n<!-- \/ Yoast SEO plugin. -->","yoast_head_json":{"title":"\"Elemento\" \u00e9 conduzido pela Patrulha da Mulher por descumprir medida protetiva - Blog do Farn\u00e9sio","robots":{"index":"index","follow":"follow","max-snippet":"max-snippet:-1","max-image-preview":"max-image-preview:large","max-video-preview":"max-video-preview:-1"},"canonical":"https:\/\/blogdofarnesio.com.br\/?p=283521","og_locale":"pt_BR","og_type":"article","og_title":"\"Elemento\" \u00e9 conduzido pela Patrulha da Mulher por descumprir medida protetiva - Blog do Farn\u00e9sio","og_description":"Mulher de 37 anos, acionou o Grupamento da Patrulha da Mulher (GPAM) da Guarda Civil de Petrolina no fim de semana, informando que seu ex-companheiro, de 35 anos, havia pulado o muro de sua resid\u00eancia, localizado no bairro Mandacaru. O homem tentou entrar \u00e0 for\u00e7a na resid\u00eancia e chegou a quebrar uma janela. A mulher possui medida protetiva de urg\u00eancia contra o acusado. De imediato, a equipe se deslocou at\u00e9 o endere\u00e7o da v\u00edtima, mas ao chegar ao local o imputado n\u00e3o se encontrava. A guarni\u00e7\u00e3o fez buscas pr\u00f3ximo ao local e conseguiu localiz\u00e1-lo na casa de sua m\u00e3e. Diante dos fatos, o homem foi conduzido e levado \u00e0 Delegacia de Plant\u00e3o de Pol\u00edcia Civil, para que fossem tomadas as&hellip;","og_url":"https:\/\/blogdofarnesio.com.br\/?p=283521","og_site_name":"Blog do Farn\u00e9sio","article_publisher":"https:\/\/www.facebook.com\/BlogQuerSaberPolitica\/","article_published_time":"2021-04-19T16:33:16+00:00","og_image":[{"width":640,"height":394,"url":"https:\/\/blogdofarnesio.com.br\/wp-content\/uploads\/2018\/01\/blogqspviolenciamulherEstupro-1c.jpg","type":"image\/jpeg"}],"author":"Farn\u00e9sio","twitter_card":"summary_large_image","twitter_misc":{"Escrito por":"Farn\u00e9sio","Est. tempo de leitura":"1 minuto"},"schema":{"@context":"https:\/\/schema.org","@graph":[{"@type":"Article","@id":"https:\/\/blogdofarnesio.com.br\/?p=283521#article","isPartOf":{"@id":"https:\/\/blogdofarnesio.com.br\/?p=283521"},"author":{"name":"Farn\u00e9sio","@id":"https:\/\/blogdofarnesio.com.br\/#\/schema\/person\/301c4acf522bccbfdb45af95b5b906a1"},"headline":"&#8220;Elemento&#8221; \u00e9 conduzido pela Patrulha da Mulher por descumprir medida protetiva","datePublished":"2021-04-19T16:33:16+00:00","mainEntityOfPage":{"@id":"https:\/\/blogdofarnesio.com.br\/?p=283521"},"wordCount":180,"publisher":{"@id":"https:\/\/blogdofarnesio.com.br\/#organization"},"image":{"@id":"https:\/\/blogdofarnesio.com.br\/?p=283521#primaryimage"},"thumbnailUrl":"https:\/\/blogdofarnesio.com.br\/wp-content\/uploads\/2018\/01\/blogqspviolenciamulherEstupro-1c.jpg","articleSection":["Pol\u00edcia"],"inLanguage":"pt-BR"},{"@type":"WebPage","@id":"https:\/\/blogdofarnesio.com.br\/?p=283521","url":"https:\/\/blogdofarnesio.com.br\/?p=283521","name":"\"Elemento\" \u00e9 conduzido pela Patrulha da Mulher por descumprir medida protetiva - Blog do Farn\u00e9sio","isPartOf":{"@id":"https:\/\/blogdofarnesio.com.br\/#website"},"primaryImageOfPage":{"@id":"https:\/\/blogdofarnesio.com.br\/?p=283521#primaryimage"},"image":{"@id":"https:\/\/blogdofarnesio.com.br\/?p=283521#primaryimage"},"thumbnailUrl":"https:\/\/blogdofarnesio.com.br\/wp-content\/uploads\/2018\/01\/blogqspviolenciamulherEstupro-1c.jpg","datePublished":"2021-04-19T16:33:16+00:00","breadcrumb":{"@id":"https:\/\/blogdofarnesio.com.br\/?p=283521#breadcrumb"},"inLanguage":"pt-BR","potentialAction":[{"@type":"ReadAction","target":["https:\/\/blogdofarnesio.com.br\/?p=283521"]}]},{"@type":"ImageObject","inLanguage":"pt-BR","@id":"https:\/\/blogdofarnesio.com.br\/?p=283521#primaryimage","url":"https:\/\/blogdofarnesio.com.br\/wp-content\/uploads\/2018\/01\/blogqspviolenciamulherEstupro-1c.jpg","contentUrl":"https:\/\/blogdofarnesio.com.br\/wp-content\/uploads\/2018\/01\/blogqspviolenciamulherEstupro-1c.jpg","width":640,"height":394,"caption":"Ilustra\u00e7\u00e3o"},{"@type":"BreadcrumbList","@id":"https:\/\/blogdofarnesio.com.br\/?p=283521#breadcrumb","itemListElement":[{"@type":"ListItem","position":1,"name":"In\u00edcio","item":"https:\/\/blogdofarnesio.com.br\/"},{"@type":"ListItem","position":2,"name":"&#8220;Elemento&#8221; \u00e9 conduzido pela Patrulha da Mulher por descumprir medida protetiva"}]},{"@type":"WebSite","@id":"https:\/\/blogdofarnesio.com.br\/#website","url":"https:\/\/blogdofarnesio.com.br\/","name":"Blog do Farn\u00e9sio","description":"Quer Saber Pol\u00edtica?","publisher":{"@id":"https:\/\/blogdofarnesio.com.br\/#organization"},"potentialAction":[{"@type":"SearchAction","target":{"@type":"EntryPoint","urlTemplate":"https:\/\/blogdofarnesio.com.br\/?s={search_term_string}"},"query-input":{"@type":"PropertyValueSpecification","valueRequired":true,"valueName":"search_term_string"}}],"inLanguage":"pt-BR"},{"@type":"Organization","@id":"https:\/\/blogdofarnesio.com.br\/#organization","name":"Blog do Farn\u00e9sio","url":"https:\/\/blogdofarnesio.com.br\/","logo":{"@type":"ImageObject","inLanguage":"pt-BR","@id":"https:\/\/blogdofarnesio.com.br\/#\/schema\/logo\/image\/","url":"https:\/\/blogdofarnesio.com.br\/wp-content\/uploads\/2026\/03\/cropped-logo_new-1.png","contentUrl":"https:\/\/blogdofarnesio.com.br\/wp-content\/uploads\/2026\/03\/cropped-logo_new-1.png","width":881,"height":685,"caption":"Blog do Farn\u00e9sio"},"image":{"@id":"https:\/\/blogdofarnesio.com.br\/#\/schema\/logo\/image\/"},"sameAs":["https:\/\/www.facebook.com\/BlogQuerSaberPolitica\/"]},{"@type":"Person","@id":"https:\/\/blogdofarnesio.com.br\/#\/schema\/person\/301c4acf522bccbfdb45af95b5b906a1","name":"Farn\u00e9sio","image":{"@type":"ImageObject","inLanguage":"pt-BR","@id":"https:\/\/secure.gravatar.com\/avatar\/df0c9a14567c056f8ad6876ba5bbd1e3e2c48023eb6807342fc4663adf549f38?s=96&d=mm&r=g","url":"https:\/\/secure.gravatar.com\/avatar\/df0c9a14567c056f8ad6876ba5bbd1e3e2c48023eb6807342fc4663adf549f38?s=96&d=mm&r=g","contentUrl":"https:\/\/secure.gravatar.com\/avatar\/df0c9a14567c056f8ad6876ba5bbd1e3e2c48023eb6807342fc4663adf549f38?s=96&d=mm&r=g","caption":"Farn\u00e9sio"},"sameAs":["https:\/\/quersaberpolitica.com.br"],"url":"https:\/\/blogdofarnesio.com.br\/?author=1"}]}},"_links":{"self":[{"href":"https:\/\/blogdofarnesio.com.br\/index.php?rest_route=\/wp\/v2\/posts\/283521","targetHints":{"allow":["GET"]}}],"collection":[{"href":"https:\/\/blogdofarnesio.com.br\/index.php?rest_route=\/wp\/v2\/posts"}],"about":[{"href":"https:\/\/blogdofarnesio.com.br\/index.php?rest_route=\/wp\/v2\/types\/post"}],"author":[{"embeddable":true,"href":"https:\/\/blogdofarnesio.com.br\/index.php?rest_route=\/wp\/v2\/users\/1"}],"replies":[{"embeddable":true,"href":"https:\/\/blogdofarnesio.com.br\/index.php?rest_route=%2Fwp%2Fv2%2Fcomments&post=283521"}],"version-history":[{"count":0,"href":"https:\/\/blogdofarnesio.com.br\/index.php?rest_route=\/wp\/v2\/posts\/283521\/revisions"}],"wp:featuredmedia":[{"embeddable":true,"href":"https:\/\/blogdofarnesio.com.br\/index.php?rest_route=\/wp\/v2\/media\/187201"}],"wp:attachment":[{"href":"https:\/\/blogdofarnesio.com.br\/index.php?rest_route=%2Fwp%2Fv2%2Fmedia&parent=283521"}],"wp:term":[{"taxonomy":"category","embeddable":true,"href":"https:\/\/blogdofarnesio.com.br\/index.php?rest_route=%2Fwp%2Fv2%2Fcategories&post=283521"},{"taxonomy":"post_tag","embeddable":true,"href":"https:\/\/blogdofarnesio.com.br\/index.php?rest_route=%2Fwp%2Fv2%2Ftags&post=283521"}],"curies":[{"name":"wp","href":"https:\/\/api.w.org\/{rel}","templated":true}]}}