{"id":283484,"date":"2021-04-19T07:42:22","date_gmt":"2021-04-19T10:42:22","guid":{"rendered":"http:\/\/quersaberpolitica.com.br\/2016\/?p=283484"},"modified":"2021-04-18T20:00:25","modified_gmt":"2021-04-18T23:00:25","slug":"%ef%bb%bf-lancado-programa-de-implantacao-de-cisternas-na-zona-rural-de-petrolina","status":"publish","type":"post","link":"https:\/\/blogdofarnesio.com.br\/?p=283484","title":{"rendered":"\ufeff lan\u00e7ado programa de distribui\u00e7\u00e3o de cisternas na zona rural de Petrolina"},"content":{"rendered":"<div dir=\"auto\">\n<p dir=\"ltr\">Cerca de 1 mil cisternas ser\u00e3o distribu\u00eddas para os moradores da zona rural de Petrolina. O an\u00fancio da entrega dos equipamentos foi realizado, nesta sexta (16), pelo prefeito Miguel Coelho, em um ato simb\u00f3lico na comunidade do Icozeiro. As cisternas foram adquiridas pela Codevasf com investimento de R$ 7 milh\u00f5es.<\/p>\n<p dir=\"ltr\">A a\u00e7\u00e3o \u00e9 um dos eixos do programa de governo da Prefeitura de Petrolina para melhoria do abastecimento na zona rural. A expectativa \u00e9 que os equipamentos sejam cedidos para a gest\u00e3o municipal ainda neste m\u00eas. Assim que o processo burocr\u00e1tico de cess\u00e3o for conclu\u00eddo, a Prefeitura de Petrolina ficar\u00e1 respons\u00e1vel pelos servi\u00e7os e custos de instala\u00e7\u00e3o em centenas de localidades.<\/p>\n<p dir=\"ltr\">Segundo o prefeito Miguel Coelho, o volume de cisternas recebido em Petrolina \u00e9 hist\u00f3rico e ter\u00e1 capacidade para reduzir de forma significativa a car\u00eancia de \u00e1gua na zona rural. &#8220;Esses equipamentos ajudar\u00e3o principalmente o agricultor familiar. \u00c9 o maior programa de cisternas j\u00e1 realizado em Petrolina. Fa\u00e7o quest\u00e3o de agradecer ao senador Fenando Bezerra, aos deputados Fernando Filho, Antonio Coelho e, claro, ao Governo Federal por assegurar \u00e1gua para tanta gente que ainda sofre com a dificuldade de abastecimento no semi\u00e1rido. Era um compromisso de governo que estamos honrando hoje e ajudar\u00e1 muita gente de nosso Sert\u00e3o&#8221;, comemorou o prefeito.<\/p>\n<p dir=\"ltr\">O an\u00fancio foi acompanhado pelo senador Fernando Bezerra, os deputados Fernando Filho e Antonio Coelho, que tiveram atua\u00e7\u00e3o direta na articula\u00e7\u00e3o para a aquisi\u00e7\u00e3o das cisternas. O evento simb\u00f3lico tamb\u00e9m teve participa\u00e7\u00e3o do vice-prefeito Sim\u00e3o Durando, vereadores petrolinenses e prefeitos de outras cidades que tamb\u00e9m ser\u00e3o contempladas com cisternas do Governo Federal.<\/p>\n<p dir=\"ltr\">Fotos: Alexandre Justino<\/p>\n<\/div>\n<div dir=\"ltr\">\n<div dir=\"ltr\">\n<div dir=\"ltr\">\n<div dir=\"ltr\">\n<div dir=\"ltr\">\n<div dir=\"ltr\">\n<div dir=\"ltr\">\n<div dir=\"ltr\">\n<div dir=\"ltr\">\n<div dir=\"ltr\">\n<div dir=\"ltr\">\n<div dir=\"ltr\">\n<div dir=\"ltr\">\n<div dir=\"ltr\"><b>Assessoria de Imprensa de Miguel Coelho<\/b><\/div>\n<\/div>\n<\/div>\n<\/div>\n<\/div>\n<\/div>\n<\/div>\n<\/div>\n<\/div>\n<\/div>\n<\/div>\n<\/div>\n<\/div>\n<\/div>\n","protected":false},"excerpt":{"rendered":"<p>Cerca de 1 mil cisternas ser\u00e3o distribu\u00eddas para os moradores da zona rural de Petrolina. O an\u00fancio da entrega dos equipamentos foi realizado, nesta sexta (16), pelo prefeito Miguel Coelho, em um ato simb\u00f3lico na comunidade do Icozeiro. As cisternas foram adquiridas pela Codevasf com investimento de R$ 7 milh\u00f5es. A a\u00e7\u00e3o \u00e9 um dos eixos do programa de governo da Prefeitura de Petrolina para melhoria do abastecimento na zona rural. A expectativa \u00e9 que os equipamentos sejam cedidos para a gest\u00e3o municipal ainda neste m\u00eas. Assim que o processo burocr\u00e1tico de cess\u00e3o for conclu\u00eddo, a Prefeitura de Petrolina ficar\u00e1 respons\u00e1vel pelos servi\u00e7os e custos de instala\u00e7\u00e3o em centenas de localidades. Segundo o prefeito Miguel Coelho, o volume de cisternas&hellip; <\/p>\n","protected":false},"author":1,"featured_media":261203,"comment_status":"closed","ping_status":"closed","sticky":false,"template":"","format":"standard","meta":{"_acf_changed":false,"footnotes":""},"categories":[56],"tags":[],"class_list":["post-283484","post","type-post","status-publish","format-standard","has-post-thumbnail","hentry","category-agua"],"acf":[],"yoast_head":"<!-- This site is optimized with the Yoast SEO plugin v27.4 - https:\/\/yoast.com\/product\/yoast-seo-wordpress\/ -->\n<title>\ufeff lan\u00e7ado programa de distribui\u00e7\u00e3o de cisternas na zona rural de Petrolina - Blog do Farn\u00e9sio<\/title>\n<meta name=\"robots\" content=\"index, follow, max-snippet:-1, max-image-preview:large, max-video-preview:-1\" \/>\n<link rel=\"canonical\" href=\"https:\/\/blogdofarnesio.com.br\/?p=283484\" \/>\n<meta property=\"og:locale\" content=\"pt_BR\" \/>\n<meta property=\"og:type\" content=\"article\" \/>\n<meta property=\"og:title\" content=\"\ufeff lan\u00e7ado programa de distribui\u00e7\u00e3o de cisternas na zona rural de Petrolina - Blog do Farn\u00e9sio\" \/>\n<meta property=\"og:description\" content=\"Cerca de 1 mil cisternas ser\u00e3o distribu\u00eddas para os moradores da zona rural de Petrolina. O an\u00fancio da entrega dos equipamentos foi realizado, nesta sexta (16), pelo prefeito Miguel Coelho, em um ato simb\u00f3lico na comunidade do Icozeiro. As cisternas foram adquiridas pela Codevasf com investimento de R$ 7 milh\u00f5es. A a\u00e7\u00e3o \u00e9 um dos eixos do programa de governo da Prefeitura de Petrolina para melhoria do abastecimento na zona rural. A expectativa \u00e9 que os equipamentos sejam cedidos para a gest\u00e3o municipal ainda neste m\u00eas. Assim que o processo burocr\u00e1tico de cess\u00e3o for conclu\u00eddo, a Prefeitura de Petrolina ficar\u00e1 respons\u00e1vel pelos servi\u00e7os e custos de instala\u00e7\u00e3o em centenas de localidades. Segundo o prefeito Miguel Coelho, o volume de cisternas&hellip;\" \/>\n<meta property=\"og:url\" content=\"https:\/\/blogdofarnesio.com.br\/?p=283484\" \/>\n<meta property=\"og:site_name\" content=\"Blog do Farn\u00e9sio\" \/>\n<meta property=\"article:publisher\" content=\"https:\/\/www.facebook.com\/BlogQuerSaberPolitica\/\" \/>\n<meta property=\"article:published_time\" content=\"2021-04-19T10:42:22+00:00\" \/>\n<meta property=\"og:image\" content=\"https:\/\/blogdofarnesio.com.br\/wp-content\/uploads\/2020\/07\/Cisterna-vila-12-e1618786735731.jpeg\" \/>\n\t<meta property=\"og:image:width\" content=\"558\" \/>\n\t<meta property=\"og:image:height\" content=\"419\" \/>\n\t<meta property=\"og:image:type\" content=\"image\/jpeg\" \/>\n<meta name=\"author\" content=\"Farn\u00e9sio\" \/>\n<meta name=\"twitter:card\" content=\"summary_large_image\" \/>\n<meta name=\"twitter:label1\" content=\"Escrito por\" \/>\n\t<meta name=\"twitter:data1\" content=\"Farn\u00e9sio\" \/>\n\t<meta name=\"twitter:label2\" content=\"Est. tempo de leitura\" \/>\n\t<meta name=\"twitter:data2\" content=\"1 minuto\" \/>\n<script type=\"application\/ld+json\" class=\"yoast-schema-graph\">{\"@context\":\"https:\\\/\\\/schema.org\",\"@graph\":[{\"@type\":\"Article\",\"@id\":\"https:\\\/\\\/blogdofarnesio.com.br\\\/?p=283484#article\",\"isPartOf\":{\"@id\":\"https:\\\/\\\/blogdofarnesio.com.br\\\/?p=283484\"},\"author\":{\"name\":\"Farn\u00e9sio\",\"@id\":\"https:\\\/\\\/blogdofarnesio.com.br\\\/#\\\/schema\\\/person\\\/301c4acf522bccbfdb45af95b5b906a1\"},\"headline\":\"\ufeff lan\u00e7ado programa de distribui\u00e7\u00e3o de cisternas na zona rural de Petrolina\",\"datePublished\":\"2021-04-19T10:42:22+00:00\",\"mainEntityOfPage\":{\"@id\":\"https:\\\/\\\/blogdofarnesio.com.br\\\/?p=283484\"},\"wordCount\":309,\"publisher\":{\"@id\":\"https:\\\/\\\/blogdofarnesio.com.br\\\/#organization\"},\"image\":{\"@id\":\"https:\\\/\\\/blogdofarnesio.com.br\\\/?p=283484#primaryimage\"},\"thumbnailUrl\":\"https:\\\/\\\/blogdofarnesio.com.br\\\/wp-content\\\/uploads\\\/2020\\\/07\\\/Cisterna-vila-12-e1618786735731.jpeg\",\"articleSection\":[\"\u00c1gua\"],\"inLanguage\":\"pt-BR\"},{\"@type\":\"WebPage\",\"@id\":\"https:\\\/\\\/blogdofarnesio.com.br\\\/?p=283484\",\"url\":\"https:\\\/\\\/blogdofarnesio.com.br\\\/?p=283484\",\"name\":\"\ufeff lan\u00e7ado programa de distribui\u00e7\u00e3o de cisternas na zona rural de Petrolina - Blog do Farn\u00e9sio\",\"isPartOf\":{\"@id\":\"https:\\\/\\\/blogdofarnesio.com.br\\\/#website\"},\"primaryImageOfPage\":{\"@id\":\"https:\\\/\\\/blogdofarnesio.com.br\\\/?p=283484#primaryimage\"},\"image\":{\"@id\":\"https:\\\/\\\/blogdofarnesio.com.br\\\/?p=283484#primaryimage\"},\"thumbnailUrl\":\"https:\\\/\\\/blogdofarnesio.com.br\\\/wp-content\\\/uploads\\\/2020\\\/07\\\/Cisterna-vila-12-e1618786735731.jpeg\",\"datePublished\":\"2021-04-19T10:42:22+00:00\",\"breadcrumb\":{\"@id\":\"https:\\\/\\\/blogdofarnesio.com.br\\\/?p=283484#breadcrumb\"},\"inLanguage\":\"pt-BR\",\"potentialAction\":[{\"@type\":\"ReadAction\",\"target\":[\"https:\\\/\\\/blogdofarnesio.com.br\\\/?p=283484\"]}]},{\"@type\":\"ImageObject\",\"inLanguage\":\"pt-BR\",\"@id\":\"https:\\\/\\\/blogdofarnesio.com.br\\\/?p=283484#primaryimage\",\"url\":\"https:\\\/\\\/blogdofarnesio.com.br\\\/wp-content\\\/uploads\\\/2020\\\/07\\\/Cisterna-vila-12-e1618786735731.jpeg\",\"contentUrl\":\"https:\\\/\\\/blogdofarnesio.com.br\\\/wp-content\\\/uploads\\\/2020\\\/07\\\/Cisterna-vila-12-e1618786735731.jpeg\",\"width\":558,\"height\":419},{\"@type\":\"BreadcrumbList\",\"@id\":\"https:\\\/\\\/blogdofarnesio.com.br\\\/?p=283484#breadcrumb\",\"itemListElement\":[{\"@type\":\"ListItem\",\"position\":1,\"name\":\"In\u00edcio\",\"item\":\"https:\\\/\\\/blogdofarnesio.com.br\\\/\"},{\"@type\":\"ListItem\",\"position\":2,\"name\":\"\ufeff lan\u00e7ado programa de distribui\u00e7\u00e3o de cisternas na zona rural de Petrolina\"}]},{\"@type\":\"WebSite\",\"@id\":\"https:\\\/\\\/blogdofarnesio.com.br\\\/#website\",\"url\":\"https:\\\/\\\/blogdofarnesio.com.br\\\/\",\"name\":\"Blog do Farn\u00e9sio\",\"description\":\"Quer Saber Pol\u00edtica?\",\"publisher\":{\"@id\":\"https:\\\/\\\/blogdofarnesio.com.br\\\/#organization\"},\"potentialAction\":[{\"@type\":\"SearchAction\",\"target\":{\"@type\":\"EntryPoint\",\"urlTemplate\":\"https:\\\/\\\/blogdofarnesio.com.br\\\/?s={search_term_string}\"},\"query-input\":{\"@type\":\"PropertyValueSpecification\",\"valueRequired\":true,\"valueName\":\"search_term_string\"}}],\"inLanguage\":\"pt-BR\"},{\"@type\":\"Organization\",\"@id\":\"https:\\\/\\\/blogdofarnesio.com.br\\\/#organization\",\"name\":\"Blog do Farn\u00e9sio\",\"url\":\"https:\\\/\\\/blogdofarnesio.com.br\\\/\",\"logo\":{\"@type\":\"ImageObject\",\"inLanguage\":\"pt-BR\",\"@id\":\"https:\\\/\\\/blogdofarnesio.com.br\\\/#\\\/schema\\\/logo\\\/image\\\/\",\"url\":\"https:\\\/\\\/blogdofarnesio.com.br\\\/wp-content\\\/uploads\\\/2026\\\/03\\\/cropped-logo_new-1.png\",\"contentUrl\":\"https:\\\/\\\/blogdofarnesio.com.br\\\/wp-content\\\/uploads\\\/2026\\\/03\\\/cropped-logo_new-1.png\",\"width\":881,\"height\":685,\"caption\":\"Blog do Farn\u00e9sio\"},\"image\":{\"@id\":\"https:\\\/\\\/blogdofarnesio.com.br\\\/#\\\/schema\\\/logo\\\/image\\\/\"},\"sameAs\":[\"https:\\\/\\\/www.facebook.com\\\/BlogQuerSaberPolitica\\\/\"]},{\"@type\":\"Person\",\"@id\":\"https:\\\/\\\/blogdofarnesio.com.br\\\/#\\\/schema\\\/person\\\/301c4acf522bccbfdb45af95b5b906a1\",\"name\":\"Farn\u00e9sio\",\"image\":{\"@type\":\"ImageObject\",\"inLanguage\":\"pt-BR\",\"@id\":\"https:\\\/\\\/secure.gravatar.com\\\/avatar\\\/df0c9a14567c056f8ad6876ba5bbd1e3e2c48023eb6807342fc4663adf549f38?s=96&d=mm&r=g\",\"url\":\"https:\\\/\\\/secure.gravatar.com\\\/avatar\\\/df0c9a14567c056f8ad6876ba5bbd1e3e2c48023eb6807342fc4663adf549f38?s=96&d=mm&r=g\",\"contentUrl\":\"https:\\\/\\\/secure.gravatar.com\\\/avatar\\\/df0c9a14567c056f8ad6876ba5bbd1e3e2c48023eb6807342fc4663adf549f38?s=96&d=mm&r=g\",\"caption\":\"Farn\u00e9sio\"},\"sameAs\":[\"https:\\\/\\\/quersaberpolitica.com.br\"],\"url\":\"https:\\\/\\\/blogdofarnesio.com.br\\\/?author=1\"}]}<\/script>\n<!-- \/ Yoast SEO plugin. -->","yoast_head_json":{"title":"\ufeff lan\u00e7ado programa de distribui\u00e7\u00e3o de cisternas na zona rural de Petrolina - Blog do Farn\u00e9sio","robots":{"index":"index","follow":"follow","max-snippet":"max-snippet:-1","max-image-preview":"max-image-preview:large","max-video-preview":"max-video-preview:-1"},"canonical":"https:\/\/blogdofarnesio.com.br\/?p=283484","og_locale":"pt_BR","og_type":"article","og_title":"\ufeff lan\u00e7ado programa de distribui\u00e7\u00e3o de cisternas na zona rural de Petrolina - Blog do Farn\u00e9sio","og_description":"Cerca de 1 mil cisternas ser\u00e3o distribu\u00eddas para os moradores da zona rural de Petrolina. O an\u00fancio da entrega dos equipamentos foi realizado, nesta sexta (16), pelo prefeito Miguel Coelho, em um ato simb\u00f3lico na comunidade do Icozeiro. As cisternas foram adquiridas pela Codevasf com investimento de R$ 7 milh\u00f5es. A a\u00e7\u00e3o \u00e9 um dos eixos do programa de governo da Prefeitura de Petrolina para melhoria do abastecimento na zona rural. A expectativa \u00e9 que os equipamentos sejam cedidos para a gest\u00e3o municipal ainda neste m\u00eas. Assim que o processo burocr\u00e1tico de cess\u00e3o for conclu\u00eddo, a Prefeitura de Petrolina ficar\u00e1 respons\u00e1vel pelos servi\u00e7os e custos de instala\u00e7\u00e3o em centenas de localidades. Segundo o prefeito Miguel Coelho, o volume de cisternas&hellip;","og_url":"https:\/\/blogdofarnesio.com.br\/?p=283484","og_site_name":"Blog do Farn\u00e9sio","article_publisher":"https:\/\/www.facebook.com\/BlogQuerSaberPolitica\/","article_published_time":"2021-04-19T10:42:22+00:00","og_image":[{"width":558,"height":419,"url":"https:\/\/blogdofarnesio.com.br\/wp-content\/uploads\/2020\/07\/Cisterna-vila-12-e1618786735731.jpeg","type":"image\/jpeg"}],"author":"Farn\u00e9sio","twitter_card":"summary_large_image","twitter_misc":{"Escrito por":"Farn\u00e9sio","Est. tempo de leitura":"1 minuto"},"schema":{"@context":"https:\/\/schema.org","@graph":[{"@type":"Article","@id":"https:\/\/blogdofarnesio.com.br\/?p=283484#article","isPartOf":{"@id":"https:\/\/blogdofarnesio.com.br\/?p=283484"},"author":{"name":"Farn\u00e9sio","@id":"https:\/\/blogdofarnesio.com.br\/#\/schema\/person\/301c4acf522bccbfdb45af95b5b906a1"},"headline":"\ufeff lan\u00e7ado programa de distribui\u00e7\u00e3o de cisternas na zona rural de Petrolina","datePublished":"2021-04-19T10:42:22+00:00","mainEntityOfPage":{"@id":"https:\/\/blogdofarnesio.com.br\/?p=283484"},"wordCount":309,"publisher":{"@id":"https:\/\/blogdofarnesio.com.br\/#organization"},"image":{"@id":"https:\/\/blogdofarnesio.com.br\/?p=283484#primaryimage"},"thumbnailUrl":"https:\/\/blogdofarnesio.com.br\/wp-content\/uploads\/2020\/07\/Cisterna-vila-12-e1618786735731.jpeg","articleSection":["\u00c1gua"],"inLanguage":"pt-BR"},{"@type":"WebPage","@id":"https:\/\/blogdofarnesio.com.br\/?p=283484","url":"https:\/\/blogdofarnesio.com.br\/?p=283484","name":"\ufeff lan\u00e7ado programa de distribui\u00e7\u00e3o de cisternas na zona rural de Petrolina - Blog do Farn\u00e9sio","isPartOf":{"@id":"https:\/\/blogdofarnesio.com.br\/#website"},"primaryImageOfPage":{"@id":"https:\/\/blogdofarnesio.com.br\/?p=283484#primaryimage"},"image":{"@id":"https:\/\/blogdofarnesio.com.br\/?p=283484#primaryimage"},"thumbnailUrl":"https:\/\/blogdofarnesio.com.br\/wp-content\/uploads\/2020\/07\/Cisterna-vila-12-e1618786735731.jpeg","datePublished":"2021-04-19T10:42:22+00:00","breadcrumb":{"@id":"https:\/\/blogdofarnesio.com.br\/?p=283484#breadcrumb"},"inLanguage":"pt-BR","potentialAction":[{"@type":"ReadAction","target":["https:\/\/blogdofarnesio.com.br\/?p=283484"]}]},{"@type":"ImageObject","inLanguage":"pt-BR","@id":"https:\/\/blogdofarnesio.com.br\/?p=283484#primaryimage","url":"https:\/\/blogdofarnesio.com.br\/wp-content\/uploads\/2020\/07\/Cisterna-vila-12-e1618786735731.jpeg","contentUrl":"https:\/\/blogdofarnesio.com.br\/wp-content\/uploads\/2020\/07\/Cisterna-vila-12-e1618786735731.jpeg","width":558,"height":419},{"@type":"BreadcrumbList","@id":"https:\/\/blogdofarnesio.com.br\/?p=283484#breadcrumb","itemListElement":[{"@type":"ListItem","position":1,"name":"In\u00edcio","item":"https:\/\/blogdofarnesio.com.br\/"},{"@type":"ListItem","position":2,"name":"\ufeff lan\u00e7ado programa de distribui\u00e7\u00e3o de cisternas na zona rural de Petrolina"}]},{"@type":"WebSite","@id":"https:\/\/blogdofarnesio.com.br\/#website","url":"https:\/\/blogdofarnesio.com.br\/","name":"Blog do Farn\u00e9sio","description":"Quer Saber Pol\u00edtica?","publisher":{"@id":"https:\/\/blogdofarnesio.com.br\/#organization"},"potentialAction":[{"@type":"SearchAction","target":{"@type":"EntryPoint","urlTemplate":"https:\/\/blogdofarnesio.com.br\/?s={search_term_string}"},"query-input":{"@type":"PropertyValueSpecification","valueRequired":true,"valueName":"search_term_string"}}],"inLanguage":"pt-BR"},{"@type":"Organization","@id":"https:\/\/blogdofarnesio.com.br\/#organization","name":"Blog do Farn\u00e9sio","url":"https:\/\/blogdofarnesio.com.br\/","logo":{"@type":"ImageObject","inLanguage":"pt-BR","@id":"https:\/\/blogdofarnesio.com.br\/#\/schema\/logo\/image\/","url":"https:\/\/blogdofarnesio.com.br\/wp-content\/uploads\/2026\/03\/cropped-logo_new-1.png","contentUrl":"https:\/\/blogdofarnesio.com.br\/wp-content\/uploads\/2026\/03\/cropped-logo_new-1.png","width":881,"height":685,"caption":"Blog do Farn\u00e9sio"},"image":{"@id":"https:\/\/blogdofarnesio.com.br\/#\/schema\/logo\/image\/"},"sameAs":["https:\/\/www.facebook.com\/BlogQuerSaberPolitica\/"]},{"@type":"Person","@id":"https:\/\/blogdofarnesio.com.br\/#\/schema\/person\/301c4acf522bccbfdb45af95b5b906a1","name":"Farn\u00e9sio","image":{"@type":"ImageObject","inLanguage":"pt-BR","@id":"https:\/\/secure.gravatar.com\/avatar\/df0c9a14567c056f8ad6876ba5bbd1e3e2c48023eb6807342fc4663adf549f38?s=96&d=mm&r=g","url":"https:\/\/secure.gravatar.com\/avatar\/df0c9a14567c056f8ad6876ba5bbd1e3e2c48023eb6807342fc4663adf549f38?s=96&d=mm&r=g","contentUrl":"https:\/\/secure.gravatar.com\/avatar\/df0c9a14567c056f8ad6876ba5bbd1e3e2c48023eb6807342fc4663adf549f38?s=96&d=mm&r=g","caption":"Farn\u00e9sio"},"sameAs":["https:\/\/quersaberpolitica.com.br"],"url":"https:\/\/blogdofarnesio.com.br\/?author=1"}]}},"_links":{"self":[{"href":"https:\/\/blogdofarnesio.com.br\/index.php?rest_route=\/wp\/v2\/posts\/283484","targetHints":{"allow":["GET"]}}],"collection":[{"href":"https:\/\/blogdofarnesio.com.br\/index.php?rest_route=\/wp\/v2\/posts"}],"about":[{"href":"https:\/\/blogdofarnesio.com.br\/index.php?rest_route=\/wp\/v2\/types\/post"}],"author":[{"embeddable":true,"href":"https:\/\/blogdofarnesio.com.br\/index.php?rest_route=\/wp\/v2\/users\/1"}],"replies":[{"embeddable":true,"href":"https:\/\/blogdofarnesio.com.br\/index.php?rest_route=%2Fwp%2Fv2%2Fcomments&post=283484"}],"version-history":[{"count":0,"href":"https:\/\/blogdofarnesio.com.br\/index.php?rest_route=\/wp\/v2\/posts\/283484\/revisions"}],"wp:featuredmedia":[{"embeddable":true,"href":"https:\/\/blogdofarnesio.com.br\/index.php?rest_route=\/wp\/v2\/media\/261203"}],"wp:attachment":[{"href":"https:\/\/blogdofarnesio.com.br\/index.php?rest_route=%2Fwp%2Fv2%2Fmedia&parent=283484"}],"wp:term":[{"taxonomy":"category","embeddable":true,"href":"https:\/\/blogdofarnesio.com.br\/index.php?rest_route=%2Fwp%2Fv2%2Fcategories&post=283484"},{"taxonomy":"post_tag","embeddable":true,"href":"https:\/\/blogdofarnesio.com.br\/index.php?rest_route=%2Fwp%2Fv2%2Ftags&post=283484"}],"curies":[{"name":"wp","href":"https:\/\/api.w.org\/{rel}","templated":true}]}}