{"id":283064,"date":"2021-04-13T14:00:32","date_gmt":"2021-04-13T17:00:32","guid":{"rendered":"http:\/\/quersaberpolitica.com.br\/2016\/?p=283064"},"modified":"2021-04-13T09:50:30","modified_gmt":"2021-04-13T12:50:30","slug":"campanha-de-vacinacao-contra-a-gripe-chega-ao-interior-de-juazeiro","status":"publish","type":"post","link":"https:\/\/blogdofarnesio.com.br\/?p=283064","title":{"rendered":"Campanha de vacina\u00e7\u00e3o contra a gripe chega ao interior de Juazeiro"},"content":{"rendered":"<p style=\"font-weight: 400;\">A Prefeitura de Juazeiro come\u00e7a nesta ter\u00e7a-feira (13), a\u00a0 campanha nacional de vacina\u00e7\u00e3o contra a gripe na zona rural do munic\u00edpio. Na \u00e1rea urbana, a vacina\u00e7\u00e3o come\u00e7ou nesta segunda-feira (12) em todas as Unidades B\u00e1sicas de Sa\u00fade. A vacina contra a gripe n\u00e3o protege contra o coronav\u00edrus.<\/p>\n<p style=\"font-weight: 400;\">A t\u00e9cnica de enfermagem Emily Ruana levou a filha, de 7 meses, \u00e0 UBS do Novo Encontro para ser imunizada. \u201c<em>\u00c9 importante porque a gente previne doen\u00e7as e preserva a sa\u00fade dela<\/em>\u201d, diz.<\/p>\n<p style=\"font-weight: 400;\">\u00a0A campanha nacional ser\u00e1 dividida em tr\u00eas fases, considerando os grupos priorit\u00e1rios. O grupo da Fase 1, ser\u00e1 imunizado entre os dias 12 de abril a 10 de maio, ser\u00e3o vacinadas crian\u00e7as entre 6 meses de vida a menores de 6 anos, gestantes, pu\u00e9rperas (mulher no p\u00f3s-parto), povos ind\u00edgenas e trabalhadores de sa\u00fade.<\/p>\n<p style=\"font-weight: 400;\"><strong>Fase 2<\/strong><\/p>\n<p style=\"font-weight: 400;\">Entre os dias 11 de maio e 08 de junho acontecer\u00e1 a segunda fase, para imuniza\u00e7\u00e3o de idosos acima de 60 anos e professores.<\/p>\n<p style=\"font-weight: 400;\"><strong>Fase 3<\/strong><\/p>\n<p style=\"font-weight: 400;\">Na terceira fase ser\u00e3o vacinadas no per\u00edodo de 09 de junho a 09 de julho, grupos de comorbidades (pessoas com doen\u00e7as cr\u00f4nicas n\u00e3o transmiss\u00edveis e outras condi\u00e7\u00f5es cl\u00ednicas especiais), pessoas com defici\u00eancia permanente, caminhoneiros, trabalhadores de transportes p\u00fablicos (coletivo\/ rodovi\u00e1rio e metrovi\u00e1rio), portu\u00e1rios, for\u00e7as de seguran\u00e7a e salvamento, for\u00e7as armadas, funcion\u00e1rios do sistema prisional\u00a0 e popula\u00e7\u00e3o privada de liberdade e jovens\u00a0 de 12 a 21 anos em medidas socioeducativas.<\/p>\n<p style=\"font-weight: 400;\">Todas as Unidades B\u00e1sicas de Sa\u00fade do munic\u00edpio funcionar\u00e3o como locais de vacina\u00e7\u00e3o contra a gripe.<\/p>\n<p style=\"font-weight: 400;\">Na zona rural, as UBS\u2019s funcionam das 8h \u00e0s 12h para vacina\u00e7\u00e3o.<\/p>\n<p style=\"font-weight: 400;\"><strong>Covid-19<\/strong><\/p>\n<p style=\"font-weight: 400;\">\u00c9 necess\u00e1rio um intervalo m\u00ednimo de 14 dias entre as vacinas da Covid-19 e da gripe. Para quem vai receber a primeira ou segunda dose da vacina contra o coronav\u00edrus em breve, \u00e9 importante priorizar a data, para depois se imunizar contra a gripe.<\/p>\n<p style=\"font-weight: 400;\">Texto: Maria Lima &#8211; Assessora de Imprensa<\/p>\n","protected":false},"excerpt":{"rendered":"<p>A Prefeitura de Juazeiro come\u00e7a nesta ter\u00e7a-feira (13), a\u00a0 campanha nacional de vacina\u00e7\u00e3o contra a gripe na zona rural do munic\u00edpio. Na \u00e1rea urbana, a vacina\u00e7\u00e3o come\u00e7ou nesta segunda-feira (12) em todas as Unidades B\u00e1sicas de Sa\u00fade. A vacina contra a gripe n\u00e3o protege contra o coronav\u00edrus. A t\u00e9cnica de enfermagem Emily Ruana levou a filha, de 7 meses, \u00e0 UBS do Novo Encontro para ser imunizada. \u201c\u00c9 importante porque a gente previne doen\u00e7as e preserva a sa\u00fade dela\u201d, diz. \u00a0A campanha nacional ser\u00e1 dividida em tr\u00eas fases, considerando os grupos priorit\u00e1rios. O grupo da Fase 1, ser\u00e1 imunizado entre os dias 12 de abril a 10 de maio, ser\u00e3o vacinadas crian\u00e7as entre 6 meses de vida a menores de&hellip; <\/p>\n","protected":false},"author":1,"featured_media":233128,"comment_status":"closed","ping_status":"closed","sticky":false,"template":"","format":"standard","meta":{"_acf_changed":false,"footnotes":""},"categories":[1],"tags":[],"class_list":["post-283064","post","type-post","status-publish","format-standard","has-post-thumbnail","hentry","category-politica"],"acf":[],"yoast_head":"<!-- This site is optimized with the Yoast SEO plugin v27.4 - https:\/\/yoast.com\/product\/yoast-seo-wordpress\/ -->\n<title>Campanha de vacina\u00e7\u00e3o contra a gripe chega ao interior de Juazeiro - Blog do Farn\u00e9sio<\/title>\n<meta name=\"robots\" content=\"index, follow, max-snippet:-1, max-image-preview:large, max-video-preview:-1\" \/>\n<link rel=\"canonical\" href=\"https:\/\/blogdofarnesio.com.br\/?p=283064\" \/>\n<meta property=\"og:locale\" content=\"pt_BR\" \/>\n<meta property=\"og:type\" content=\"article\" \/>\n<meta property=\"og:title\" content=\"Campanha de vacina\u00e7\u00e3o contra a gripe chega ao interior de Juazeiro - Blog do Farn\u00e9sio\" \/>\n<meta property=\"og:description\" content=\"A Prefeitura de Juazeiro come\u00e7a nesta ter\u00e7a-feira (13), a\u00a0 campanha nacional de vacina\u00e7\u00e3o contra a gripe na zona rural do munic\u00edpio. Na \u00e1rea urbana, a vacina\u00e7\u00e3o come\u00e7ou nesta segunda-feira (12) em todas as Unidades B\u00e1sicas de Sa\u00fade. A vacina contra a gripe n\u00e3o protege contra o coronav\u00edrus. A t\u00e9cnica de enfermagem Emily Ruana levou a filha, de 7 meses, \u00e0 UBS do Novo Encontro para ser imunizada. \u201c\u00c9 importante porque a gente previne doen\u00e7as e preserva a sa\u00fade dela\u201d, diz. \u00a0A campanha nacional ser\u00e1 dividida em tr\u00eas fases, considerando os grupos priorit\u00e1rios. O grupo da Fase 1, ser\u00e1 imunizado entre os dias 12 de abril a 10 de maio, ser\u00e3o vacinadas crian\u00e7as entre 6 meses de vida a menores de&hellip;\" \/>\n<meta property=\"og:url\" content=\"https:\/\/blogdofarnesio.com.br\/?p=283064\" \/>\n<meta property=\"og:site_name\" content=\"Blog do Farn\u00e9sio\" \/>\n<meta property=\"article:publisher\" content=\"https:\/\/www.facebook.com\/BlogQuerSaberPolitica\/\" \/>\n<meta property=\"article:published_time\" content=\"2021-04-13T17:00:32+00:00\" \/>\n<meta property=\"og:image\" content=\"https:\/\/blogdofarnesio.com.br\/wp-content\/uploads\/2019\/07\/blogqsp-Vacina\u00e7\u00e3o-gripe-1.jpeg\" \/>\n\t<meta property=\"og:image:width\" content=\"640\" \/>\n\t<meta property=\"og:image:height\" content=\"427\" \/>\n\t<meta property=\"og:image:type\" content=\"image\/jpeg\" \/>\n<meta name=\"author\" content=\"Farn\u00e9sio\" \/>\n<meta name=\"twitter:card\" content=\"summary_large_image\" \/>\n<meta name=\"twitter:label1\" content=\"Escrito por\" \/>\n\t<meta name=\"twitter:data1\" content=\"Farn\u00e9sio\" \/>\n\t<meta name=\"twitter:label2\" content=\"Est. tempo de leitura\" \/>\n\t<meta name=\"twitter:data2\" content=\"2 minutos\" \/>\n<script type=\"application\/ld+json\" class=\"yoast-schema-graph\">{\"@context\":\"https:\\\/\\\/schema.org\",\"@graph\":[{\"@type\":\"Article\",\"@id\":\"https:\\\/\\\/blogdofarnesio.com.br\\\/?p=283064#article\",\"isPartOf\":{\"@id\":\"https:\\\/\\\/blogdofarnesio.com.br\\\/?p=283064\"},\"author\":{\"name\":\"Farn\u00e9sio\",\"@id\":\"https:\\\/\\\/blogdofarnesio.com.br\\\/#\\\/schema\\\/person\\\/301c4acf522bccbfdb45af95b5b906a1\"},\"headline\":\"Campanha de vacina\u00e7\u00e3o contra a gripe chega ao interior de Juazeiro\",\"datePublished\":\"2021-04-13T17:00:32+00:00\",\"mainEntityOfPage\":{\"@id\":\"https:\\\/\\\/blogdofarnesio.com.br\\\/?p=283064\"},\"wordCount\":350,\"publisher\":{\"@id\":\"https:\\\/\\\/blogdofarnesio.com.br\\\/#organization\"},\"image\":{\"@id\":\"https:\\\/\\\/blogdofarnesio.com.br\\\/?p=283064#primaryimage\"},\"thumbnailUrl\":\"https:\\\/\\\/blogdofarnesio.com.br\\\/wp-content\\\/uploads\\\/2019\\\/07\\\/blogqsp-Vacina\u00e7\u00e3o-gripe-1.jpeg\",\"articleSection\":[\"Pol\u00edtica\"],\"inLanguage\":\"pt-BR\"},{\"@type\":\"WebPage\",\"@id\":\"https:\\\/\\\/blogdofarnesio.com.br\\\/?p=283064\",\"url\":\"https:\\\/\\\/blogdofarnesio.com.br\\\/?p=283064\",\"name\":\"Campanha de vacina\u00e7\u00e3o contra a gripe chega ao interior de Juazeiro - Blog do Farn\u00e9sio\",\"isPartOf\":{\"@id\":\"https:\\\/\\\/blogdofarnesio.com.br\\\/#website\"},\"primaryImageOfPage\":{\"@id\":\"https:\\\/\\\/blogdofarnesio.com.br\\\/?p=283064#primaryimage\"},\"image\":{\"@id\":\"https:\\\/\\\/blogdofarnesio.com.br\\\/?p=283064#primaryimage\"},\"thumbnailUrl\":\"https:\\\/\\\/blogdofarnesio.com.br\\\/wp-content\\\/uploads\\\/2019\\\/07\\\/blogqsp-Vacina\u00e7\u00e3o-gripe-1.jpeg\",\"datePublished\":\"2021-04-13T17:00:32+00:00\",\"breadcrumb\":{\"@id\":\"https:\\\/\\\/blogdofarnesio.com.br\\\/?p=283064#breadcrumb\"},\"inLanguage\":\"pt-BR\",\"potentialAction\":[{\"@type\":\"ReadAction\",\"target\":[\"https:\\\/\\\/blogdofarnesio.com.br\\\/?p=283064\"]}]},{\"@type\":\"ImageObject\",\"inLanguage\":\"pt-BR\",\"@id\":\"https:\\\/\\\/blogdofarnesio.com.br\\\/?p=283064#primaryimage\",\"url\":\"https:\\\/\\\/blogdofarnesio.com.br\\\/wp-content\\\/uploads\\\/2019\\\/07\\\/blogqsp-Vacina\u00e7\u00e3o-gripe-1.jpeg\",\"contentUrl\":\"https:\\\/\\\/blogdofarnesio.com.br\\\/wp-content\\\/uploads\\\/2019\\\/07\\\/blogqsp-Vacina\u00e7\u00e3o-gripe-1.jpeg\",\"width\":640,\"height\":427},{\"@type\":\"BreadcrumbList\",\"@id\":\"https:\\\/\\\/blogdofarnesio.com.br\\\/?p=283064#breadcrumb\",\"itemListElement\":[{\"@type\":\"ListItem\",\"position\":1,\"name\":\"In\u00edcio\",\"item\":\"https:\\\/\\\/blogdofarnesio.com.br\\\/\"},{\"@type\":\"ListItem\",\"position\":2,\"name\":\"Campanha de vacina\u00e7\u00e3o contra a gripe chega ao interior de Juazeiro\"}]},{\"@type\":\"WebSite\",\"@id\":\"https:\\\/\\\/blogdofarnesio.com.br\\\/#website\",\"url\":\"https:\\\/\\\/blogdofarnesio.com.br\\\/\",\"name\":\"Blog do Farn\u00e9sio\",\"description\":\"Quer Saber Pol\u00edtica?\",\"publisher\":{\"@id\":\"https:\\\/\\\/blogdofarnesio.com.br\\\/#organization\"},\"potentialAction\":[{\"@type\":\"SearchAction\",\"target\":{\"@type\":\"EntryPoint\",\"urlTemplate\":\"https:\\\/\\\/blogdofarnesio.com.br\\\/?s={search_term_string}\"},\"query-input\":{\"@type\":\"PropertyValueSpecification\",\"valueRequired\":true,\"valueName\":\"search_term_string\"}}],\"inLanguage\":\"pt-BR\"},{\"@type\":\"Organization\",\"@id\":\"https:\\\/\\\/blogdofarnesio.com.br\\\/#organization\",\"name\":\"Blog do Farn\u00e9sio\",\"url\":\"https:\\\/\\\/blogdofarnesio.com.br\\\/\",\"logo\":{\"@type\":\"ImageObject\",\"inLanguage\":\"pt-BR\",\"@id\":\"https:\\\/\\\/blogdofarnesio.com.br\\\/#\\\/schema\\\/logo\\\/image\\\/\",\"url\":\"https:\\\/\\\/blogdofarnesio.com.br\\\/wp-content\\\/uploads\\\/2026\\\/03\\\/cropped-logo_new-1.png\",\"contentUrl\":\"https:\\\/\\\/blogdofarnesio.com.br\\\/wp-content\\\/uploads\\\/2026\\\/03\\\/cropped-logo_new-1.png\",\"width\":881,\"height\":685,\"caption\":\"Blog do Farn\u00e9sio\"},\"image\":{\"@id\":\"https:\\\/\\\/blogdofarnesio.com.br\\\/#\\\/schema\\\/logo\\\/image\\\/\"},\"sameAs\":[\"https:\\\/\\\/www.facebook.com\\\/BlogQuerSaberPolitica\\\/\"]},{\"@type\":\"Person\",\"@id\":\"https:\\\/\\\/blogdofarnesio.com.br\\\/#\\\/schema\\\/person\\\/301c4acf522bccbfdb45af95b5b906a1\",\"name\":\"Farn\u00e9sio\",\"image\":{\"@type\":\"ImageObject\",\"inLanguage\":\"pt-BR\",\"@id\":\"https:\\\/\\\/secure.gravatar.com\\\/avatar\\\/df0c9a14567c056f8ad6876ba5bbd1e3e2c48023eb6807342fc4663adf549f38?s=96&d=mm&r=g\",\"url\":\"https:\\\/\\\/secure.gravatar.com\\\/avatar\\\/df0c9a14567c056f8ad6876ba5bbd1e3e2c48023eb6807342fc4663adf549f38?s=96&d=mm&r=g\",\"contentUrl\":\"https:\\\/\\\/secure.gravatar.com\\\/avatar\\\/df0c9a14567c056f8ad6876ba5bbd1e3e2c48023eb6807342fc4663adf549f38?s=96&d=mm&r=g\",\"caption\":\"Farn\u00e9sio\"},\"sameAs\":[\"https:\\\/\\\/quersaberpolitica.com.br\"],\"url\":\"https:\\\/\\\/blogdofarnesio.com.br\\\/?author=1\"}]}<\/script>\n<!-- \/ Yoast SEO plugin. -->","yoast_head_json":{"title":"Campanha de vacina\u00e7\u00e3o contra a gripe chega ao interior de Juazeiro - Blog do Farn\u00e9sio","robots":{"index":"index","follow":"follow","max-snippet":"max-snippet:-1","max-image-preview":"max-image-preview:large","max-video-preview":"max-video-preview:-1"},"canonical":"https:\/\/blogdofarnesio.com.br\/?p=283064","og_locale":"pt_BR","og_type":"article","og_title":"Campanha de vacina\u00e7\u00e3o contra a gripe chega ao interior de Juazeiro - Blog do Farn\u00e9sio","og_description":"A Prefeitura de Juazeiro come\u00e7a nesta ter\u00e7a-feira (13), a\u00a0 campanha nacional de vacina\u00e7\u00e3o contra a gripe na zona rural do munic\u00edpio. Na \u00e1rea urbana, a vacina\u00e7\u00e3o come\u00e7ou nesta segunda-feira (12) em todas as Unidades B\u00e1sicas de Sa\u00fade. A vacina contra a gripe n\u00e3o protege contra o coronav\u00edrus. A t\u00e9cnica de enfermagem Emily Ruana levou a filha, de 7 meses, \u00e0 UBS do Novo Encontro para ser imunizada. \u201c\u00c9 importante porque a gente previne doen\u00e7as e preserva a sa\u00fade dela\u201d, diz. \u00a0A campanha nacional ser\u00e1 dividida em tr\u00eas fases, considerando os grupos priorit\u00e1rios. O grupo da Fase 1, ser\u00e1 imunizado entre os dias 12 de abril a 10 de maio, ser\u00e3o vacinadas crian\u00e7as entre 6 meses de vida a menores de&hellip;","og_url":"https:\/\/blogdofarnesio.com.br\/?p=283064","og_site_name":"Blog do Farn\u00e9sio","article_publisher":"https:\/\/www.facebook.com\/BlogQuerSaberPolitica\/","article_published_time":"2021-04-13T17:00:32+00:00","og_image":[{"width":640,"height":427,"url":"https:\/\/blogdofarnesio.com.br\/wp-content\/uploads\/2019\/07\/blogqsp-Vacina\u00e7\u00e3o-gripe-1.jpeg","type":"image\/jpeg"}],"author":"Farn\u00e9sio","twitter_card":"summary_large_image","twitter_misc":{"Escrito por":"Farn\u00e9sio","Est. tempo de leitura":"2 minutos"},"schema":{"@context":"https:\/\/schema.org","@graph":[{"@type":"Article","@id":"https:\/\/blogdofarnesio.com.br\/?p=283064#article","isPartOf":{"@id":"https:\/\/blogdofarnesio.com.br\/?p=283064"},"author":{"name":"Farn\u00e9sio","@id":"https:\/\/blogdofarnesio.com.br\/#\/schema\/person\/301c4acf522bccbfdb45af95b5b906a1"},"headline":"Campanha de vacina\u00e7\u00e3o contra a gripe chega ao interior de Juazeiro","datePublished":"2021-04-13T17:00:32+00:00","mainEntityOfPage":{"@id":"https:\/\/blogdofarnesio.com.br\/?p=283064"},"wordCount":350,"publisher":{"@id":"https:\/\/blogdofarnesio.com.br\/#organization"},"image":{"@id":"https:\/\/blogdofarnesio.com.br\/?p=283064#primaryimage"},"thumbnailUrl":"https:\/\/blogdofarnesio.com.br\/wp-content\/uploads\/2019\/07\/blogqsp-Vacina\u00e7\u00e3o-gripe-1.jpeg","articleSection":["Pol\u00edtica"],"inLanguage":"pt-BR"},{"@type":"WebPage","@id":"https:\/\/blogdofarnesio.com.br\/?p=283064","url":"https:\/\/blogdofarnesio.com.br\/?p=283064","name":"Campanha de vacina\u00e7\u00e3o contra a gripe chega ao interior de Juazeiro - Blog do Farn\u00e9sio","isPartOf":{"@id":"https:\/\/blogdofarnesio.com.br\/#website"},"primaryImageOfPage":{"@id":"https:\/\/blogdofarnesio.com.br\/?p=283064#primaryimage"},"image":{"@id":"https:\/\/blogdofarnesio.com.br\/?p=283064#primaryimage"},"thumbnailUrl":"https:\/\/blogdofarnesio.com.br\/wp-content\/uploads\/2019\/07\/blogqsp-Vacina\u00e7\u00e3o-gripe-1.jpeg","datePublished":"2021-04-13T17:00:32+00:00","breadcrumb":{"@id":"https:\/\/blogdofarnesio.com.br\/?p=283064#breadcrumb"},"inLanguage":"pt-BR","potentialAction":[{"@type":"ReadAction","target":["https:\/\/blogdofarnesio.com.br\/?p=283064"]}]},{"@type":"ImageObject","inLanguage":"pt-BR","@id":"https:\/\/blogdofarnesio.com.br\/?p=283064#primaryimage","url":"https:\/\/blogdofarnesio.com.br\/wp-content\/uploads\/2019\/07\/blogqsp-Vacina\u00e7\u00e3o-gripe-1.jpeg","contentUrl":"https:\/\/blogdofarnesio.com.br\/wp-content\/uploads\/2019\/07\/blogqsp-Vacina\u00e7\u00e3o-gripe-1.jpeg","width":640,"height":427},{"@type":"BreadcrumbList","@id":"https:\/\/blogdofarnesio.com.br\/?p=283064#breadcrumb","itemListElement":[{"@type":"ListItem","position":1,"name":"In\u00edcio","item":"https:\/\/blogdofarnesio.com.br\/"},{"@type":"ListItem","position":2,"name":"Campanha de vacina\u00e7\u00e3o contra a gripe chega ao interior de Juazeiro"}]},{"@type":"WebSite","@id":"https:\/\/blogdofarnesio.com.br\/#website","url":"https:\/\/blogdofarnesio.com.br\/","name":"Blog do Farn\u00e9sio","description":"Quer Saber Pol\u00edtica?","publisher":{"@id":"https:\/\/blogdofarnesio.com.br\/#organization"},"potentialAction":[{"@type":"SearchAction","target":{"@type":"EntryPoint","urlTemplate":"https:\/\/blogdofarnesio.com.br\/?s={search_term_string}"},"query-input":{"@type":"PropertyValueSpecification","valueRequired":true,"valueName":"search_term_string"}}],"inLanguage":"pt-BR"},{"@type":"Organization","@id":"https:\/\/blogdofarnesio.com.br\/#organization","name":"Blog do Farn\u00e9sio","url":"https:\/\/blogdofarnesio.com.br\/","logo":{"@type":"ImageObject","inLanguage":"pt-BR","@id":"https:\/\/blogdofarnesio.com.br\/#\/schema\/logo\/image\/","url":"https:\/\/blogdofarnesio.com.br\/wp-content\/uploads\/2026\/03\/cropped-logo_new-1.png","contentUrl":"https:\/\/blogdofarnesio.com.br\/wp-content\/uploads\/2026\/03\/cropped-logo_new-1.png","width":881,"height":685,"caption":"Blog do Farn\u00e9sio"},"image":{"@id":"https:\/\/blogdofarnesio.com.br\/#\/schema\/logo\/image\/"},"sameAs":["https:\/\/www.facebook.com\/BlogQuerSaberPolitica\/"]},{"@type":"Person","@id":"https:\/\/blogdofarnesio.com.br\/#\/schema\/person\/301c4acf522bccbfdb45af95b5b906a1","name":"Farn\u00e9sio","image":{"@type":"ImageObject","inLanguage":"pt-BR","@id":"https:\/\/secure.gravatar.com\/avatar\/df0c9a14567c056f8ad6876ba5bbd1e3e2c48023eb6807342fc4663adf549f38?s=96&d=mm&r=g","url":"https:\/\/secure.gravatar.com\/avatar\/df0c9a14567c056f8ad6876ba5bbd1e3e2c48023eb6807342fc4663adf549f38?s=96&d=mm&r=g","contentUrl":"https:\/\/secure.gravatar.com\/avatar\/df0c9a14567c056f8ad6876ba5bbd1e3e2c48023eb6807342fc4663adf549f38?s=96&d=mm&r=g","caption":"Farn\u00e9sio"},"sameAs":["https:\/\/quersaberpolitica.com.br"],"url":"https:\/\/blogdofarnesio.com.br\/?author=1"}]}},"_links":{"self":[{"href":"https:\/\/blogdofarnesio.com.br\/index.php?rest_route=\/wp\/v2\/posts\/283064","targetHints":{"allow":["GET"]}}],"collection":[{"href":"https:\/\/blogdofarnesio.com.br\/index.php?rest_route=\/wp\/v2\/posts"}],"about":[{"href":"https:\/\/blogdofarnesio.com.br\/index.php?rest_route=\/wp\/v2\/types\/post"}],"author":[{"embeddable":true,"href":"https:\/\/blogdofarnesio.com.br\/index.php?rest_route=\/wp\/v2\/users\/1"}],"replies":[{"embeddable":true,"href":"https:\/\/blogdofarnesio.com.br\/index.php?rest_route=%2Fwp%2Fv2%2Fcomments&post=283064"}],"version-history":[{"count":0,"href":"https:\/\/blogdofarnesio.com.br\/index.php?rest_route=\/wp\/v2\/posts\/283064\/revisions"}],"wp:featuredmedia":[{"embeddable":true,"href":"https:\/\/blogdofarnesio.com.br\/index.php?rest_route=\/wp\/v2\/media\/233128"}],"wp:attachment":[{"href":"https:\/\/blogdofarnesio.com.br\/index.php?rest_route=%2Fwp%2Fv2%2Fmedia&parent=283064"}],"wp:term":[{"taxonomy":"category","embeddable":true,"href":"https:\/\/blogdofarnesio.com.br\/index.php?rest_route=%2Fwp%2Fv2%2Fcategories&post=283064"},{"taxonomy":"post_tag","embeddable":true,"href":"https:\/\/blogdofarnesio.com.br\/index.php?rest_route=%2Fwp%2Fv2%2Ftags&post=283064"}],"curies":[{"name":"wp","href":"https:\/\/api.w.org\/{rel}","templated":true}]}}