{"id":282931,"date":"2021-04-12T08:42:20","date_gmt":"2021-04-12T11:42:20","guid":{"rendered":"http:\/\/quersaberpolitica.com.br\/2016\/?p=282931"},"modified":"2021-04-11T16:48:46","modified_gmt":"2021-04-11T19:48:46","slug":"rui-costa-anuncia-operacao-do-vlt-aereo-em-salvador-no-comeco-de-2022","status":"publish","type":"post","link":"https:\/\/blogdofarnesio.com.br\/?p=282931","title":{"rendered":"Rui Costa anuncia opera\u00e7\u00e3o do VLT a\u00e9reo em Salvador no come\u00e7o de 2022"},"content":{"rendered":"<p><strong>Por Fernando Castilho*<\/strong><\/p>\n<p>Na \u00faltima quinta-feira (8), o governador da Bahia, Rui Costa, recebeu, simbolicamente, o primeiro ve\u00edculo do futuro sistema de VLT de Salvador, o\u00a0SkyRail Bahia sa\u00eddo da linha de produ\u00e7\u00e3o, na cidade de Shenzhen, na China, que o governo est\u00e1 construindo numa PPP com a companhia BYD Company Limited que deve opera-lo j\u00e1 no primeiro semestre do ano que vem.<\/p>\n<p>O SkyRail Bahia \u00e9 uma nova linha de transporte urbano com 25 esta\u00e7\u00f5es, cobrindo uma extens\u00e3o total de 23,3 km. Ela ser\u00e1 conectada ao metr\u00f4 existente na Bahia para formar uma ampla rede de transporte p\u00fablico. O sistema foi customizado para atender a diversos padr\u00f5es t\u00e9cnicos extremamente rigorosos pela topografia de Salvador e deve transportar at\u00e9 600 mil passageiros quando estiver operando.<\/p>\n<p>O equipamento foi constru\u00eddo na sede da BYD, na China, e ser\u00e1 o primeiro skyrail sobre o mar do mundo. O VLT do Sub\u00farbio \u00e9 fruto de uma parceria p\u00fablico-privada entre o Governo da Bahia e a Skyrail Bahia, empresa respons\u00e1vel pela implanta\u00e7\u00e3o e opera\u00e7\u00e3o do VLT. No total, est\u00e3o sendo investidos cerca de R$ 2,5 bilh\u00f5es na constru\u00e7\u00e3o do sistema.<\/p>\n<p>O projeto foi licitado em 2019 e come\u00e7ou a ser constru\u00eddo ano passado. Os trilhos elevados n\u00e3o ocupam a superf\u00edcie das ruas, o que significa que o espa\u00e7o abaixo deles ainda pode ser reconstru\u00eddo em \u00e1reas para pedestres, e sua posi\u00e7\u00e3o elevada os mant\u00e9m livres de inunda\u00e7\u00f5es. Ele ser\u00e1 conectado as esta\u00e7\u00f5es de metr\u00f4 de Salvador ampliando o raio de a\u00e7\u00e3o na capital da Bahia.<\/p>\n<p>Al\u00e9m de oferecer transporte p\u00fablico confort\u00e1vel, ter\u00e1 o discurso de baixo carbono e eficiente para os residentes, a expectativa \u00e9 que o SkyRail tamb\u00e9m ajude a atrair novos neg\u00f3cios e visitantes para a \u00e1rea, auxiliando os esfor\u00e7os do governo para impulsionar o turismo local j\u00e1 que ser\u00e1 primeira linha SkyRail do mundo parcialmente constru\u00edda acima do mar.<\/p>\n<p>Com um raio de viragem m\u00ednimo de 45 metros e capaz de escalar gradientes de 10%, o SkyRail ter\u00e1 parte dele sob uma faixa sobre o mar. Tamb\u00e9m vai ajudar a reduzir a press\u00e3o no sistema na \u00e1rea central eliminando parte do luxo de \u00f4nibus.<\/p>\n<p>O SkyRail Bahia foi especialmente personalizado para atender \u00e0s regulamenta\u00e7\u00f5es e necessidades locais, como a primeira linha SkyRail do mundo constru\u00edda para o mercado internacional que a companhia chinesa pretende ocupar na Am\u00e9rica do Sul.<\/p>\n<p>Os ve\u00edculos apresentam um projeto que fornece excelente acessibilidade e as grandes janelas em ambos os lados oferecem vistas amplas para uma experi\u00eancia de tr\u00e2nsito agrad\u00e1vel.<\/p>\n<p>Classificado como ve\u00edculo leve de transporte do tipo monotrilho, o VLT funcionar\u00e1 com base em 25 paradas em duas linhas, beneficiando cerca de 600 mil pessoas que vivem na regi\u00e3o do Sub\u00farbio. O modal trar\u00e1 agilidade e conforto aos passageiros por meio de um sistema composto por carros el\u00e9tricos e energia 100% limpa, desenvolvido pela Skyrail Bahia.<\/p>\n<p>O governo do estado avan\u00e7ou no processo de constru\u00e7\u00e3o da Expans\u00e3o Sul da Linha 1 do metr\u00f4 de Salvador, estudo de demanda nesta etapa para a instala\u00e7\u00e3o do trecho que ligar\u00e1 a Lapa at\u00e9 a Barra. O projeto prev\u00ea duas esta\u00e7\u00f5es, uma no Campo Grande e outra pr\u00f3xima ao Shopping Barra.<\/p>\n<p><strong>*Jornalista. Titular da coluna JC Neg\u00f3cios, do Jornal do Commercio.<\/strong><\/p>\n","protected":false},"excerpt":{"rendered":"<p>Por Fernando Castilho* Na \u00faltima quinta-feira (8), o governador da Bahia, Rui Costa, recebeu, simbolicamente, o primeiro ve\u00edculo do futuro sistema de VLT de Salvador, o\u00a0SkyRail Bahia sa\u00eddo da linha de produ\u00e7\u00e3o, na cidade de Shenzhen, na China, que o governo est\u00e1 construindo numa PPP com a companhia BYD Company Limited que deve opera-lo j\u00e1 no primeiro semestre do ano que vem. O SkyRail Bahia \u00e9 uma nova linha de transporte urbano com 25 esta\u00e7\u00f5es, cobrindo uma extens\u00e3o total de 23,3 km. Ela ser\u00e1 conectada ao metr\u00f4 existente na Bahia para formar uma ampla rede de transporte p\u00fablico. O sistema foi customizado para atender a diversos padr\u00f5es t\u00e9cnicos extremamente rigorosos pela topografia de Salvador e deve transportar at\u00e9 600 mil&hellip; <\/p>\n","protected":false},"author":1,"featured_media":282932,"comment_status":"closed","ping_status":"closed","sticky":false,"template":"","format":"standard","meta":{"_acf_changed":false,"footnotes":""},"categories":[1],"tags":[],"class_list":["post-282931","post","type-post","status-publish","format-standard","has-post-thumbnail","hentry","category-politica"],"acf":[],"yoast_head":"<!-- This site is optimized with the Yoast SEO plugin v27.4 - https:\/\/yoast.com\/product\/yoast-seo-wordpress\/ -->\n<title>Rui Costa anuncia opera\u00e7\u00e3o do VLT a\u00e9reo em Salvador no come\u00e7o de 2022 - Blog do Farn\u00e9sio<\/title>\n<meta name=\"robots\" content=\"index, follow, max-snippet:-1, max-image-preview:large, max-video-preview:-1\" \/>\n<link rel=\"canonical\" href=\"https:\/\/blogdofarnesio.com.br\/?p=282931\" \/>\n<meta property=\"og:locale\" content=\"pt_BR\" \/>\n<meta property=\"og:type\" content=\"article\" \/>\n<meta property=\"og:title\" content=\"Rui Costa anuncia opera\u00e7\u00e3o do VLT a\u00e9reo em Salvador no come\u00e7o de 2022 - Blog do Farn\u00e9sio\" \/>\n<meta property=\"og:description\" content=\"Por Fernando Castilho* Na \u00faltima quinta-feira (8), o governador da Bahia, Rui Costa, recebeu, simbolicamente, o primeiro ve\u00edculo do futuro sistema de VLT de Salvador, o\u00a0SkyRail Bahia sa\u00eddo da linha de produ\u00e7\u00e3o, na cidade de Shenzhen, na China, que o governo est\u00e1 construindo numa PPP com a companhia BYD Company Limited que deve opera-lo j\u00e1 no primeiro semestre do ano que vem. O SkyRail Bahia \u00e9 uma nova linha de transporte urbano com 25 esta\u00e7\u00f5es, cobrindo uma extens\u00e3o total de 23,3 km. Ela ser\u00e1 conectada ao metr\u00f4 existente na Bahia para formar uma ampla rede de transporte p\u00fablico. O sistema foi customizado para atender a diversos padr\u00f5es t\u00e9cnicos extremamente rigorosos pela topografia de Salvador e deve transportar at\u00e9 600 mil&hellip;\" \/>\n<meta property=\"og:url\" content=\"https:\/\/blogdofarnesio.com.br\/?p=282931\" \/>\n<meta property=\"og:site_name\" content=\"Blog do Farn\u00e9sio\" \/>\n<meta property=\"article:publisher\" content=\"https:\/\/www.facebook.com\/BlogQuerSaberPolitica\/\" \/>\n<meta property=\"article:published_time\" content=\"2021-04-12T11:42:20+00:00\" \/>\n<meta property=\"og:image\" content=\"https:\/\/blogdofarnesio.com.br\/wp-content\/uploads\/2021\/04\/blogqsp-bahia-vlt-aereo-e1618170491655.jpeg\" \/>\n\t<meta property=\"og:image:width\" content=\"706\" \/>\n\t<meta property=\"og:image:height\" content=\"388\" \/>\n\t<meta property=\"og:image:type\" content=\"image\/jpeg\" \/>\n<meta name=\"author\" content=\"Farn\u00e9sio\" \/>\n<meta name=\"twitter:card\" content=\"summary_large_image\" \/>\n<meta name=\"twitter:label1\" content=\"Escrito por\" \/>\n\t<meta name=\"twitter:data1\" content=\"Farn\u00e9sio\" \/>\n\t<meta name=\"twitter:label2\" content=\"Est. tempo de leitura\" \/>\n\t<meta name=\"twitter:data2\" content=\"3 minutos\" \/>\n<script type=\"application\/ld+json\" class=\"yoast-schema-graph\">{\"@context\":\"https:\\\/\\\/schema.org\",\"@graph\":[{\"@type\":\"Article\",\"@id\":\"https:\\\/\\\/blogdofarnesio.com.br\\\/?p=282931#article\",\"isPartOf\":{\"@id\":\"https:\\\/\\\/blogdofarnesio.com.br\\\/?p=282931\"},\"author\":{\"name\":\"Farn\u00e9sio\",\"@id\":\"https:\\\/\\\/blogdofarnesio.com.br\\\/#\\\/schema\\\/person\\\/301c4acf522bccbfdb45af95b5b906a1\"},\"headline\":\"Rui Costa anuncia opera\u00e7\u00e3o do VLT a\u00e9reo em Salvador no come\u00e7o de 2022\",\"datePublished\":\"2021-04-12T11:42:20+00:00\",\"mainEntityOfPage\":{\"@id\":\"https:\\\/\\\/blogdofarnesio.com.br\\\/?p=282931\"},\"wordCount\":588,\"publisher\":{\"@id\":\"https:\\\/\\\/blogdofarnesio.com.br\\\/#organization\"},\"image\":{\"@id\":\"https:\\\/\\\/blogdofarnesio.com.br\\\/?p=282931#primaryimage\"},\"thumbnailUrl\":\"https:\\\/\\\/blogdofarnesio.com.br\\\/wp-content\\\/uploads\\\/2021\\\/04\\\/blogqsp-bahia-vlt-aereo-e1618170491655.jpeg\",\"articleSection\":[\"Pol\u00edtica\"],\"inLanguage\":\"pt-BR\"},{\"@type\":\"WebPage\",\"@id\":\"https:\\\/\\\/blogdofarnesio.com.br\\\/?p=282931\",\"url\":\"https:\\\/\\\/blogdofarnesio.com.br\\\/?p=282931\",\"name\":\"Rui Costa anuncia opera\u00e7\u00e3o do VLT a\u00e9reo em Salvador no come\u00e7o de 2022 - Blog do Farn\u00e9sio\",\"isPartOf\":{\"@id\":\"https:\\\/\\\/blogdofarnesio.com.br\\\/#website\"},\"primaryImageOfPage\":{\"@id\":\"https:\\\/\\\/blogdofarnesio.com.br\\\/?p=282931#primaryimage\"},\"image\":{\"@id\":\"https:\\\/\\\/blogdofarnesio.com.br\\\/?p=282931#primaryimage\"},\"thumbnailUrl\":\"https:\\\/\\\/blogdofarnesio.com.br\\\/wp-content\\\/uploads\\\/2021\\\/04\\\/blogqsp-bahia-vlt-aereo-e1618170491655.jpeg\",\"datePublished\":\"2021-04-12T11:42:20+00:00\",\"breadcrumb\":{\"@id\":\"https:\\\/\\\/blogdofarnesio.com.br\\\/?p=282931#breadcrumb\"},\"inLanguage\":\"pt-BR\",\"potentialAction\":[{\"@type\":\"ReadAction\",\"target\":[\"https:\\\/\\\/blogdofarnesio.com.br\\\/?p=282931\"]}]},{\"@type\":\"ImageObject\",\"inLanguage\":\"pt-BR\",\"@id\":\"https:\\\/\\\/blogdofarnesio.com.br\\\/?p=282931#primaryimage\",\"url\":\"https:\\\/\\\/blogdofarnesio.com.br\\\/wp-content\\\/uploads\\\/2021\\\/04\\\/blogqsp-bahia-vlt-aereo-e1618170491655.jpeg\",\"contentUrl\":\"https:\\\/\\\/blogdofarnesio.com.br\\\/wp-content\\\/uploads\\\/2021\\\/04\\\/blogqsp-bahia-vlt-aereo-e1618170491655.jpeg\",\"width\":706,\"height\":388},{\"@type\":\"BreadcrumbList\",\"@id\":\"https:\\\/\\\/blogdofarnesio.com.br\\\/?p=282931#breadcrumb\",\"itemListElement\":[{\"@type\":\"ListItem\",\"position\":1,\"name\":\"In\u00edcio\",\"item\":\"https:\\\/\\\/blogdofarnesio.com.br\\\/\"},{\"@type\":\"ListItem\",\"position\":2,\"name\":\"Rui Costa anuncia opera\u00e7\u00e3o do VLT a\u00e9reo em Salvador no come\u00e7o de 2022\"}]},{\"@type\":\"WebSite\",\"@id\":\"https:\\\/\\\/blogdofarnesio.com.br\\\/#website\",\"url\":\"https:\\\/\\\/blogdofarnesio.com.br\\\/\",\"name\":\"Blog do Farn\u00e9sio\",\"description\":\"Quer Saber Pol\u00edtica?\",\"publisher\":{\"@id\":\"https:\\\/\\\/blogdofarnesio.com.br\\\/#organization\"},\"potentialAction\":[{\"@type\":\"SearchAction\",\"target\":{\"@type\":\"EntryPoint\",\"urlTemplate\":\"https:\\\/\\\/blogdofarnesio.com.br\\\/?s={search_term_string}\"},\"query-input\":{\"@type\":\"PropertyValueSpecification\",\"valueRequired\":true,\"valueName\":\"search_term_string\"}}],\"inLanguage\":\"pt-BR\"},{\"@type\":\"Organization\",\"@id\":\"https:\\\/\\\/blogdofarnesio.com.br\\\/#organization\",\"name\":\"Blog do Farn\u00e9sio\",\"url\":\"https:\\\/\\\/blogdofarnesio.com.br\\\/\",\"logo\":{\"@type\":\"ImageObject\",\"inLanguage\":\"pt-BR\",\"@id\":\"https:\\\/\\\/blogdofarnesio.com.br\\\/#\\\/schema\\\/logo\\\/image\\\/\",\"url\":\"https:\\\/\\\/blogdofarnesio.com.br\\\/wp-content\\\/uploads\\\/2026\\\/03\\\/cropped-logo_new-1.png\",\"contentUrl\":\"https:\\\/\\\/blogdofarnesio.com.br\\\/wp-content\\\/uploads\\\/2026\\\/03\\\/cropped-logo_new-1.png\",\"width\":881,\"height\":685,\"caption\":\"Blog do Farn\u00e9sio\"},\"image\":{\"@id\":\"https:\\\/\\\/blogdofarnesio.com.br\\\/#\\\/schema\\\/logo\\\/image\\\/\"},\"sameAs\":[\"https:\\\/\\\/www.facebook.com\\\/BlogQuerSaberPolitica\\\/\"]},{\"@type\":\"Person\",\"@id\":\"https:\\\/\\\/blogdofarnesio.com.br\\\/#\\\/schema\\\/person\\\/301c4acf522bccbfdb45af95b5b906a1\",\"name\":\"Farn\u00e9sio\",\"image\":{\"@type\":\"ImageObject\",\"inLanguage\":\"pt-BR\",\"@id\":\"https:\\\/\\\/secure.gravatar.com\\\/avatar\\\/df0c9a14567c056f8ad6876ba5bbd1e3e2c48023eb6807342fc4663adf549f38?s=96&d=mm&r=g\",\"url\":\"https:\\\/\\\/secure.gravatar.com\\\/avatar\\\/df0c9a14567c056f8ad6876ba5bbd1e3e2c48023eb6807342fc4663adf549f38?s=96&d=mm&r=g\",\"contentUrl\":\"https:\\\/\\\/secure.gravatar.com\\\/avatar\\\/df0c9a14567c056f8ad6876ba5bbd1e3e2c48023eb6807342fc4663adf549f38?s=96&d=mm&r=g\",\"caption\":\"Farn\u00e9sio\"},\"sameAs\":[\"https:\\\/\\\/quersaberpolitica.com.br\"],\"url\":\"https:\\\/\\\/blogdofarnesio.com.br\\\/?author=1\"}]}<\/script>\n<!-- \/ Yoast SEO plugin. -->","yoast_head_json":{"title":"Rui Costa anuncia opera\u00e7\u00e3o do VLT a\u00e9reo em Salvador no come\u00e7o de 2022 - Blog do Farn\u00e9sio","robots":{"index":"index","follow":"follow","max-snippet":"max-snippet:-1","max-image-preview":"max-image-preview:large","max-video-preview":"max-video-preview:-1"},"canonical":"https:\/\/blogdofarnesio.com.br\/?p=282931","og_locale":"pt_BR","og_type":"article","og_title":"Rui Costa anuncia opera\u00e7\u00e3o do VLT a\u00e9reo em Salvador no come\u00e7o de 2022 - Blog do Farn\u00e9sio","og_description":"Por Fernando Castilho* Na \u00faltima quinta-feira (8), o governador da Bahia, Rui Costa, recebeu, simbolicamente, o primeiro ve\u00edculo do futuro sistema de VLT de Salvador, o\u00a0SkyRail Bahia sa\u00eddo da linha de produ\u00e7\u00e3o, na cidade de Shenzhen, na China, que o governo est\u00e1 construindo numa PPP com a companhia BYD Company Limited que deve opera-lo j\u00e1 no primeiro semestre do ano que vem. O SkyRail Bahia \u00e9 uma nova linha de transporte urbano com 25 esta\u00e7\u00f5es, cobrindo uma extens\u00e3o total de 23,3 km. Ela ser\u00e1 conectada ao metr\u00f4 existente na Bahia para formar uma ampla rede de transporte p\u00fablico. O sistema foi customizado para atender a diversos padr\u00f5es t\u00e9cnicos extremamente rigorosos pela topografia de Salvador e deve transportar at\u00e9 600 mil&hellip;","og_url":"https:\/\/blogdofarnesio.com.br\/?p=282931","og_site_name":"Blog do Farn\u00e9sio","article_publisher":"https:\/\/www.facebook.com\/BlogQuerSaberPolitica\/","article_published_time":"2021-04-12T11:42:20+00:00","og_image":[{"width":706,"height":388,"url":"https:\/\/blogdofarnesio.com.br\/wp-content\/uploads\/2021\/04\/blogqsp-bahia-vlt-aereo-e1618170491655.jpeg","type":"image\/jpeg"}],"author":"Farn\u00e9sio","twitter_card":"summary_large_image","twitter_misc":{"Escrito por":"Farn\u00e9sio","Est. tempo de leitura":"3 minutos"},"schema":{"@context":"https:\/\/schema.org","@graph":[{"@type":"Article","@id":"https:\/\/blogdofarnesio.com.br\/?p=282931#article","isPartOf":{"@id":"https:\/\/blogdofarnesio.com.br\/?p=282931"},"author":{"name":"Farn\u00e9sio","@id":"https:\/\/blogdofarnesio.com.br\/#\/schema\/person\/301c4acf522bccbfdb45af95b5b906a1"},"headline":"Rui Costa anuncia opera\u00e7\u00e3o do VLT a\u00e9reo em Salvador no come\u00e7o de 2022","datePublished":"2021-04-12T11:42:20+00:00","mainEntityOfPage":{"@id":"https:\/\/blogdofarnesio.com.br\/?p=282931"},"wordCount":588,"publisher":{"@id":"https:\/\/blogdofarnesio.com.br\/#organization"},"image":{"@id":"https:\/\/blogdofarnesio.com.br\/?p=282931#primaryimage"},"thumbnailUrl":"https:\/\/blogdofarnesio.com.br\/wp-content\/uploads\/2021\/04\/blogqsp-bahia-vlt-aereo-e1618170491655.jpeg","articleSection":["Pol\u00edtica"],"inLanguage":"pt-BR"},{"@type":"WebPage","@id":"https:\/\/blogdofarnesio.com.br\/?p=282931","url":"https:\/\/blogdofarnesio.com.br\/?p=282931","name":"Rui Costa anuncia opera\u00e7\u00e3o do VLT a\u00e9reo em Salvador no come\u00e7o de 2022 - Blog do Farn\u00e9sio","isPartOf":{"@id":"https:\/\/blogdofarnesio.com.br\/#website"},"primaryImageOfPage":{"@id":"https:\/\/blogdofarnesio.com.br\/?p=282931#primaryimage"},"image":{"@id":"https:\/\/blogdofarnesio.com.br\/?p=282931#primaryimage"},"thumbnailUrl":"https:\/\/blogdofarnesio.com.br\/wp-content\/uploads\/2021\/04\/blogqsp-bahia-vlt-aereo-e1618170491655.jpeg","datePublished":"2021-04-12T11:42:20+00:00","breadcrumb":{"@id":"https:\/\/blogdofarnesio.com.br\/?p=282931#breadcrumb"},"inLanguage":"pt-BR","potentialAction":[{"@type":"ReadAction","target":["https:\/\/blogdofarnesio.com.br\/?p=282931"]}]},{"@type":"ImageObject","inLanguage":"pt-BR","@id":"https:\/\/blogdofarnesio.com.br\/?p=282931#primaryimage","url":"https:\/\/blogdofarnesio.com.br\/wp-content\/uploads\/2021\/04\/blogqsp-bahia-vlt-aereo-e1618170491655.jpeg","contentUrl":"https:\/\/blogdofarnesio.com.br\/wp-content\/uploads\/2021\/04\/blogqsp-bahia-vlt-aereo-e1618170491655.jpeg","width":706,"height":388},{"@type":"BreadcrumbList","@id":"https:\/\/blogdofarnesio.com.br\/?p=282931#breadcrumb","itemListElement":[{"@type":"ListItem","position":1,"name":"In\u00edcio","item":"https:\/\/blogdofarnesio.com.br\/"},{"@type":"ListItem","position":2,"name":"Rui Costa anuncia opera\u00e7\u00e3o do VLT a\u00e9reo em Salvador no come\u00e7o de 2022"}]},{"@type":"WebSite","@id":"https:\/\/blogdofarnesio.com.br\/#website","url":"https:\/\/blogdofarnesio.com.br\/","name":"Blog do Farn\u00e9sio","description":"Quer Saber Pol\u00edtica?","publisher":{"@id":"https:\/\/blogdofarnesio.com.br\/#organization"},"potentialAction":[{"@type":"SearchAction","target":{"@type":"EntryPoint","urlTemplate":"https:\/\/blogdofarnesio.com.br\/?s={search_term_string}"},"query-input":{"@type":"PropertyValueSpecification","valueRequired":true,"valueName":"search_term_string"}}],"inLanguage":"pt-BR"},{"@type":"Organization","@id":"https:\/\/blogdofarnesio.com.br\/#organization","name":"Blog do Farn\u00e9sio","url":"https:\/\/blogdofarnesio.com.br\/","logo":{"@type":"ImageObject","inLanguage":"pt-BR","@id":"https:\/\/blogdofarnesio.com.br\/#\/schema\/logo\/image\/","url":"https:\/\/blogdofarnesio.com.br\/wp-content\/uploads\/2026\/03\/cropped-logo_new-1.png","contentUrl":"https:\/\/blogdofarnesio.com.br\/wp-content\/uploads\/2026\/03\/cropped-logo_new-1.png","width":881,"height":685,"caption":"Blog do Farn\u00e9sio"},"image":{"@id":"https:\/\/blogdofarnesio.com.br\/#\/schema\/logo\/image\/"},"sameAs":["https:\/\/www.facebook.com\/BlogQuerSaberPolitica\/"]},{"@type":"Person","@id":"https:\/\/blogdofarnesio.com.br\/#\/schema\/person\/301c4acf522bccbfdb45af95b5b906a1","name":"Farn\u00e9sio","image":{"@type":"ImageObject","inLanguage":"pt-BR","@id":"https:\/\/secure.gravatar.com\/avatar\/df0c9a14567c056f8ad6876ba5bbd1e3e2c48023eb6807342fc4663adf549f38?s=96&d=mm&r=g","url":"https:\/\/secure.gravatar.com\/avatar\/df0c9a14567c056f8ad6876ba5bbd1e3e2c48023eb6807342fc4663adf549f38?s=96&d=mm&r=g","contentUrl":"https:\/\/secure.gravatar.com\/avatar\/df0c9a14567c056f8ad6876ba5bbd1e3e2c48023eb6807342fc4663adf549f38?s=96&d=mm&r=g","caption":"Farn\u00e9sio"},"sameAs":["https:\/\/quersaberpolitica.com.br"],"url":"https:\/\/blogdofarnesio.com.br\/?author=1"}]}},"_links":{"self":[{"href":"https:\/\/blogdofarnesio.com.br\/index.php?rest_route=\/wp\/v2\/posts\/282931","targetHints":{"allow":["GET"]}}],"collection":[{"href":"https:\/\/blogdofarnesio.com.br\/index.php?rest_route=\/wp\/v2\/posts"}],"about":[{"href":"https:\/\/blogdofarnesio.com.br\/index.php?rest_route=\/wp\/v2\/types\/post"}],"author":[{"embeddable":true,"href":"https:\/\/blogdofarnesio.com.br\/index.php?rest_route=\/wp\/v2\/users\/1"}],"replies":[{"embeddable":true,"href":"https:\/\/blogdofarnesio.com.br\/index.php?rest_route=%2Fwp%2Fv2%2Fcomments&post=282931"}],"version-history":[{"count":0,"href":"https:\/\/blogdofarnesio.com.br\/index.php?rest_route=\/wp\/v2\/posts\/282931\/revisions"}],"wp:featuredmedia":[{"embeddable":true,"href":"https:\/\/blogdofarnesio.com.br\/index.php?rest_route=\/wp\/v2\/media\/282932"}],"wp:attachment":[{"href":"https:\/\/blogdofarnesio.com.br\/index.php?rest_route=%2Fwp%2Fv2%2Fmedia&parent=282931"}],"wp:term":[{"taxonomy":"category","embeddable":true,"href":"https:\/\/blogdofarnesio.com.br\/index.php?rest_route=%2Fwp%2Fv2%2Fcategories&post=282931"},{"taxonomy":"post_tag","embeddable":true,"href":"https:\/\/blogdofarnesio.com.br\/index.php?rest_route=%2Fwp%2Fv2%2Ftags&post=282931"}],"curies":[{"name":"wp","href":"https:\/\/api.w.org\/{rel}","templated":true}]}}