{"id":282913,"date":"2021-04-11T13:48:10","date_gmt":"2021-04-11T16:48:10","guid":{"rendered":"http:\/\/quersaberpolitica.com.br\/2016\/?p=282913"},"modified":"2021-04-11T13:49:26","modified_gmt":"2021-04-11T16:49:26","slug":"e-o-fim-do-mundo-delegado-da-pf-diz-que-casal-em-araripina-filmava-abuso-sexual-a-filha-de-5-anos-para-postar-na-web-veja-video","status":"publish","type":"post","link":"https:\/\/blogdofarnesio.com.br\/?p=282913","title":{"rendered":"&#8230;\u00c9 o fim do mundo: Delegado da PF diz que casal em Araripina filmava abuso sexual a filha de 5 anos para postar na web; veja v\u00eddeo"},"content":{"rendered":"<div class=\"td-post-featured-image\"><\/div>\n<div class=\"td-post-text-content\">\n<div>\n<div>\n<p class=\"texto\">Um casal foi preso, na manh\u00e3 deste domingo (11\/4), por estupro de vulner\u00e1vel e produ\u00e7\u00e3o e produ\u00e7\u00e3o e difus\u00e3o de pornografia infantil, em Araripina, cidade do sert\u00e3o pernambucano. A v\u00edtima era a filha deles, de apenas cinco anos. A suspeita \u00e9 que, desde agosto de 2020, o pai produzia v\u00eddeos e fotos de abusos sexuais da crian\u00e7a e postava o material para terceiros na chamada\u00a0<em>deepweb<\/em>.<\/p>\n<p class=\"texto\">A Pol\u00edcia Federal cumpriu dois mandados de pris\u00e3o tempor\u00e1ria contra os genitores, al\u00e9m de tr\u00eas de busca e apreens\u00e3o nos munic\u00edpios de Araripina e Caldeir\u00e3o Grande do Piau\u00ed, no Piau\u00ed. Os detidos foram autuados e conduzidos \u00e0 sede da Pol\u00edcia Federal, em Salgueiro (PE), onde ser\u00e3o interrogados. O Conselho Tutelar de Araripina acompanhou a opera\u00e7\u00e3o e obteve guarda tempor\u00e1ria da v\u00edtima.<\/p>\n<p class=\"texto\">De acordo com o delegado regional de combate ao crime organizado da PF em Pernambuco, Alexandre Alves, a a\u00e7\u00e3o fez parte da Opera\u00e7\u00e3o Protect I. \u201cOs investigados foram presos e caso sejam condenados,\u00a0 poder\u00e3o alcan\u00e7ar pena de at\u00e9 33 anos de reclus\u00e3o\u201d, aponta.\u00a0<strong>Assista o v\u00eddeo:<\/strong><\/p>\n<\/div>\n<p><iframe loading=\"lazy\" title=\"YouTube video player\" src=\"https:\/\/www.youtube.com\/embed\/2H0bPC7aCnA\" width=\"100%\" height=\"315\" frameborder=\"0\" allowfullscreen=\"allowfullscreen\" data-mce-fragment=\"1\"><\/iframe><\/p>\n<\/div>\n<div>\n<p class=\"texto\">A opera\u00e7\u00e3o foi poss\u00edvel a partir de uma for\u00e7a-tarefa, composta por policiais federais e civis, treinada para acessar o banco mundial de combate \u00e0 pedofilia, mantida por autoridades de investiga\u00e7\u00e3o de 61 pa\u00edses e pela EUROPOL.<\/p>\n<p class=\"texto\">O Brasil tem acesso \u00e0 rede desde 2009 e \u00e9 adepto da resolu\u00e7\u00e3o 08 da Assembleia Geral da Interpol, de 2011, que institui par\u00e2metros de prote\u00e7\u00e3o \u00e0 v\u00edtima para conduzir e armazenar materiais referentes a investiga\u00e7\u00f5es de abusos sexuais infanto-juvenis.<\/p>\n<p><strong>BlogdoRoberto<\/strong><\/p>\n<\/div>\n<\/div>\n","protected":false},"excerpt":{"rendered":"<p>Um casal foi preso, na manh\u00e3 deste domingo (11\/4), por estupro de vulner\u00e1vel e produ\u00e7\u00e3o e produ\u00e7\u00e3o e difus\u00e3o de pornografia infantil, em Araripina, cidade do sert\u00e3o pernambucano. A v\u00edtima era a filha deles, de apenas cinco anos. A suspeita \u00e9 que, desde agosto de 2020, o pai produzia v\u00eddeos e fotos de abusos sexuais da crian\u00e7a e postava o material para terceiros na chamada\u00a0deepweb. A Pol\u00edcia Federal cumpriu dois mandados de pris\u00e3o tempor\u00e1ria contra os genitores, al\u00e9m de tr\u00eas de busca e apreens\u00e3o nos munic\u00edpios de Araripina e Caldeir\u00e3o Grande do Piau\u00ed, no Piau\u00ed. Os detidos foram autuados e conduzidos \u00e0 sede da Pol\u00edcia Federal, em Salgueiro (PE), onde ser\u00e3o interrogados. O Conselho Tutelar de Araripina acompanhou a opera\u00e7\u00e3o&hellip; <\/p>\n","protected":false},"author":1,"featured_media":280294,"comment_status":"closed","ping_status":"closed","sticky":false,"template":"","format":"standard","meta":{"_acf_changed":false,"footnotes":""},"categories":[27,9],"tags":[],"class_list":["post-282913","post","type-post","status-publish","format-standard","has-post-thumbnail","hentry","category-cidades","category-policia"],"acf":[],"yoast_head":"<!-- This site is optimized with the Yoast SEO plugin v27.4 - https:\/\/yoast.com\/product\/yoast-seo-wordpress\/ -->\n<title>...\u00c9 o fim do mundo: Delegado da PF diz que casal em Araripina filmava abuso sexual a filha de 5 anos para postar na web; veja v\u00eddeo - Blog do Farn\u00e9sio<\/title>\n<meta name=\"robots\" content=\"index, follow, max-snippet:-1, max-image-preview:large, max-video-preview:-1\" \/>\n<link rel=\"canonical\" href=\"https:\/\/blogdofarnesio.com.br\/?p=282913\" \/>\n<meta property=\"og:locale\" content=\"pt_BR\" \/>\n<meta property=\"og:type\" content=\"article\" \/>\n<meta property=\"og:title\" content=\"...\u00c9 o fim do mundo: Delegado da PF diz que casal em Araripina filmava abuso sexual a filha de 5 anos para postar na web; veja v\u00eddeo - Blog do Farn\u00e9sio\" \/>\n<meta property=\"og:description\" content=\"Um casal foi preso, na manh\u00e3 deste domingo (11\/4), por estupro de vulner\u00e1vel e produ\u00e7\u00e3o e produ\u00e7\u00e3o e difus\u00e3o de pornografia infantil, em Araripina, cidade do sert\u00e3o pernambucano. A v\u00edtima era a filha deles, de apenas cinco anos. A suspeita \u00e9 que, desde agosto de 2020, o pai produzia v\u00eddeos e fotos de abusos sexuais da crian\u00e7a e postava o material para terceiros na chamada\u00a0deepweb. A Pol\u00edcia Federal cumpriu dois mandados de pris\u00e3o tempor\u00e1ria contra os genitores, al\u00e9m de tr\u00eas de busca e apreens\u00e3o nos munic\u00edpios de Araripina e Caldeir\u00e3o Grande do Piau\u00ed, no Piau\u00ed. Os detidos foram autuados e conduzidos \u00e0 sede da Pol\u00edcia Federal, em Salgueiro (PE), onde ser\u00e3o interrogados. O Conselho Tutelar de Araripina acompanhou a opera\u00e7\u00e3o&hellip;\" \/>\n<meta property=\"og:url\" content=\"https:\/\/blogdofarnesio.com.br\/?p=282913\" \/>\n<meta property=\"og:site_name\" content=\"Blog do Farn\u00e9sio\" \/>\n<meta property=\"article:publisher\" content=\"https:\/\/www.facebook.com\/BlogQuerSaberPolitica\/\" \/>\n<meta property=\"article:published_time\" content=\"2021-04-11T16:48:10+00:00\" \/>\n<meta property=\"article:modified_time\" content=\"2021-04-11T16:49:26+00:00\" \/>\n<meta property=\"og:image\" content=\"https:\/\/blogdofarnesio.com.br\/wp-content\/uploads\/2021\/03\/blogqspcrianca-estupro.jpg\" \/>\n\t<meta property=\"og:image:width\" content=\"380\" \/>\n\t<meta property=\"og:image:height\" content=\"280\" \/>\n\t<meta property=\"og:image:type\" content=\"image\/jpeg\" \/>\n<meta name=\"author\" content=\"Farn\u00e9sio\" \/>\n<meta name=\"twitter:card\" content=\"summary_large_image\" \/>\n<meta name=\"twitter:label1\" content=\"Escrito por\" \/>\n\t<meta name=\"twitter:data1\" content=\"Farn\u00e9sio\" \/>\n\t<meta name=\"twitter:label2\" content=\"Est. tempo de leitura\" \/>\n\t<meta name=\"twitter:data2\" content=\"1 minuto\" \/>\n<script type=\"application\/ld+json\" class=\"yoast-schema-graph\">{\"@context\":\"https:\\\/\\\/schema.org\",\"@graph\":[{\"@type\":\"Article\",\"@id\":\"https:\\\/\\\/blogdofarnesio.com.br\\\/?p=282913#article\",\"isPartOf\":{\"@id\":\"https:\\\/\\\/blogdofarnesio.com.br\\\/?p=282913\"},\"author\":{\"name\":\"Farn\u00e9sio\",\"@id\":\"https:\\\/\\\/blogdofarnesio.com.br\\\/#\\\/schema\\\/person\\\/301c4acf522bccbfdb45af95b5b906a1\"},\"headline\":\"&#8230;\u00c9 o fim do mundo: Delegado da PF diz que casal em Araripina filmava abuso sexual a filha de 5 anos para postar na web; veja v\u00eddeo\",\"datePublished\":\"2021-04-11T16:48:10+00:00\",\"dateModified\":\"2021-04-11T16:49:26+00:00\",\"mainEntityOfPage\":{\"@id\":\"https:\\\/\\\/blogdofarnesio.com.br\\\/?p=282913\"},\"wordCount\":300,\"publisher\":{\"@id\":\"https:\\\/\\\/blogdofarnesio.com.br\\\/#organization\"},\"image\":{\"@id\":\"https:\\\/\\\/blogdofarnesio.com.br\\\/?p=282913#primaryimage\"},\"thumbnailUrl\":\"https:\\\/\\\/blogdofarnesio.com.br\\\/wp-content\\\/uploads\\\/2021\\\/03\\\/blogqspcrianca-estupro.jpg\",\"articleSection\":[\"Cidades\",\"Pol\u00edcia\"],\"inLanguage\":\"pt-BR\"},{\"@type\":\"WebPage\",\"@id\":\"https:\\\/\\\/blogdofarnesio.com.br\\\/?p=282913\",\"url\":\"https:\\\/\\\/blogdofarnesio.com.br\\\/?p=282913\",\"name\":\"...\u00c9 o fim do mundo: Delegado da PF diz que casal em Araripina filmava abuso sexual a filha de 5 anos para postar na web; veja v\u00eddeo - Blog do Farn\u00e9sio\",\"isPartOf\":{\"@id\":\"https:\\\/\\\/blogdofarnesio.com.br\\\/#website\"},\"primaryImageOfPage\":{\"@id\":\"https:\\\/\\\/blogdofarnesio.com.br\\\/?p=282913#primaryimage\"},\"image\":{\"@id\":\"https:\\\/\\\/blogdofarnesio.com.br\\\/?p=282913#primaryimage\"},\"thumbnailUrl\":\"https:\\\/\\\/blogdofarnesio.com.br\\\/wp-content\\\/uploads\\\/2021\\\/03\\\/blogqspcrianca-estupro.jpg\",\"datePublished\":\"2021-04-11T16:48:10+00:00\",\"dateModified\":\"2021-04-11T16:49:26+00:00\",\"breadcrumb\":{\"@id\":\"https:\\\/\\\/blogdofarnesio.com.br\\\/?p=282913#breadcrumb\"},\"inLanguage\":\"pt-BR\",\"potentialAction\":[{\"@type\":\"ReadAction\",\"target\":[\"https:\\\/\\\/blogdofarnesio.com.br\\\/?p=282913\"]}]},{\"@type\":\"ImageObject\",\"inLanguage\":\"pt-BR\",\"@id\":\"https:\\\/\\\/blogdofarnesio.com.br\\\/?p=282913#primaryimage\",\"url\":\"https:\\\/\\\/blogdofarnesio.com.br\\\/wp-content\\\/uploads\\\/2021\\\/03\\\/blogqspcrianca-estupro.jpg\",\"contentUrl\":\"https:\\\/\\\/blogdofarnesio.com.br\\\/wp-content\\\/uploads\\\/2021\\\/03\\\/blogqspcrianca-estupro.jpg\",\"width\":380,\"height\":280},{\"@type\":\"BreadcrumbList\",\"@id\":\"https:\\\/\\\/blogdofarnesio.com.br\\\/?p=282913#breadcrumb\",\"itemListElement\":[{\"@type\":\"ListItem\",\"position\":1,\"name\":\"In\u00edcio\",\"item\":\"https:\\\/\\\/blogdofarnesio.com.br\\\/\"},{\"@type\":\"ListItem\",\"position\":2,\"name\":\"&#8230;\u00c9 o fim do mundo: Delegado da PF diz que casal em Araripina filmava abuso sexual a filha de 5 anos para postar na web; veja v\u00eddeo\"}]},{\"@type\":\"WebSite\",\"@id\":\"https:\\\/\\\/blogdofarnesio.com.br\\\/#website\",\"url\":\"https:\\\/\\\/blogdofarnesio.com.br\\\/\",\"name\":\"Blog do Farn\u00e9sio\",\"description\":\"Quer Saber Pol\u00edtica?\",\"publisher\":{\"@id\":\"https:\\\/\\\/blogdofarnesio.com.br\\\/#organization\"},\"potentialAction\":[{\"@type\":\"SearchAction\",\"target\":{\"@type\":\"EntryPoint\",\"urlTemplate\":\"https:\\\/\\\/blogdofarnesio.com.br\\\/?s={search_term_string}\"},\"query-input\":{\"@type\":\"PropertyValueSpecification\",\"valueRequired\":true,\"valueName\":\"search_term_string\"}}],\"inLanguage\":\"pt-BR\"},{\"@type\":\"Organization\",\"@id\":\"https:\\\/\\\/blogdofarnesio.com.br\\\/#organization\",\"name\":\"Blog do Farn\u00e9sio\",\"url\":\"https:\\\/\\\/blogdofarnesio.com.br\\\/\",\"logo\":{\"@type\":\"ImageObject\",\"inLanguage\":\"pt-BR\",\"@id\":\"https:\\\/\\\/blogdofarnesio.com.br\\\/#\\\/schema\\\/logo\\\/image\\\/\",\"url\":\"https:\\\/\\\/blogdofarnesio.com.br\\\/wp-content\\\/uploads\\\/2026\\\/03\\\/cropped-logo_new-1.png\",\"contentUrl\":\"https:\\\/\\\/blogdofarnesio.com.br\\\/wp-content\\\/uploads\\\/2026\\\/03\\\/cropped-logo_new-1.png\",\"width\":881,\"height\":685,\"caption\":\"Blog do Farn\u00e9sio\"},\"image\":{\"@id\":\"https:\\\/\\\/blogdofarnesio.com.br\\\/#\\\/schema\\\/logo\\\/image\\\/\"},\"sameAs\":[\"https:\\\/\\\/www.facebook.com\\\/BlogQuerSaberPolitica\\\/\"]},{\"@type\":\"Person\",\"@id\":\"https:\\\/\\\/blogdofarnesio.com.br\\\/#\\\/schema\\\/person\\\/301c4acf522bccbfdb45af95b5b906a1\",\"name\":\"Farn\u00e9sio\",\"image\":{\"@type\":\"ImageObject\",\"inLanguage\":\"pt-BR\",\"@id\":\"https:\\\/\\\/secure.gravatar.com\\\/avatar\\\/df0c9a14567c056f8ad6876ba5bbd1e3e2c48023eb6807342fc4663adf549f38?s=96&d=mm&r=g\",\"url\":\"https:\\\/\\\/secure.gravatar.com\\\/avatar\\\/df0c9a14567c056f8ad6876ba5bbd1e3e2c48023eb6807342fc4663adf549f38?s=96&d=mm&r=g\",\"contentUrl\":\"https:\\\/\\\/secure.gravatar.com\\\/avatar\\\/df0c9a14567c056f8ad6876ba5bbd1e3e2c48023eb6807342fc4663adf549f38?s=96&d=mm&r=g\",\"caption\":\"Farn\u00e9sio\"},\"sameAs\":[\"https:\\\/\\\/quersaberpolitica.com.br\"],\"url\":\"https:\\\/\\\/blogdofarnesio.com.br\\\/?author=1\"}]}<\/script>\n<!-- \/ Yoast SEO plugin. -->","yoast_head_json":{"title":"...\u00c9 o fim do mundo: Delegado da PF diz que casal em Araripina filmava abuso sexual a filha de 5 anos para postar na web; veja v\u00eddeo - Blog do Farn\u00e9sio","robots":{"index":"index","follow":"follow","max-snippet":"max-snippet:-1","max-image-preview":"max-image-preview:large","max-video-preview":"max-video-preview:-1"},"canonical":"https:\/\/blogdofarnesio.com.br\/?p=282913","og_locale":"pt_BR","og_type":"article","og_title":"...\u00c9 o fim do mundo: Delegado da PF diz que casal em Araripina filmava abuso sexual a filha de 5 anos para postar na web; veja v\u00eddeo - Blog do Farn\u00e9sio","og_description":"Um casal foi preso, na manh\u00e3 deste domingo (11\/4), por estupro de vulner\u00e1vel e produ\u00e7\u00e3o e produ\u00e7\u00e3o e difus\u00e3o de pornografia infantil, em Araripina, cidade do sert\u00e3o pernambucano. A v\u00edtima era a filha deles, de apenas cinco anos. A suspeita \u00e9 que, desde agosto de 2020, o pai produzia v\u00eddeos e fotos de abusos sexuais da crian\u00e7a e postava o material para terceiros na chamada\u00a0deepweb. A Pol\u00edcia Federal cumpriu dois mandados de pris\u00e3o tempor\u00e1ria contra os genitores, al\u00e9m de tr\u00eas de busca e apreens\u00e3o nos munic\u00edpios de Araripina e Caldeir\u00e3o Grande do Piau\u00ed, no Piau\u00ed. Os detidos foram autuados e conduzidos \u00e0 sede da Pol\u00edcia Federal, em Salgueiro (PE), onde ser\u00e3o interrogados. O Conselho Tutelar de Araripina acompanhou a opera\u00e7\u00e3o&hellip;","og_url":"https:\/\/blogdofarnesio.com.br\/?p=282913","og_site_name":"Blog do Farn\u00e9sio","article_publisher":"https:\/\/www.facebook.com\/BlogQuerSaberPolitica\/","article_published_time":"2021-04-11T16:48:10+00:00","article_modified_time":"2021-04-11T16:49:26+00:00","og_image":[{"width":380,"height":280,"url":"https:\/\/blogdofarnesio.com.br\/wp-content\/uploads\/2021\/03\/blogqspcrianca-estupro.jpg","type":"image\/jpeg"}],"author":"Farn\u00e9sio","twitter_card":"summary_large_image","twitter_misc":{"Escrito por":"Farn\u00e9sio","Est. tempo de leitura":"1 minuto"},"schema":{"@context":"https:\/\/schema.org","@graph":[{"@type":"Article","@id":"https:\/\/blogdofarnesio.com.br\/?p=282913#article","isPartOf":{"@id":"https:\/\/blogdofarnesio.com.br\/?p=282913"},"author":{"name":"Farn\u00e9sio","@id":"https:\/\/blogdofarnesio.com.br\/#\/schema\/person\/301c4acf522bccbfdb45af95b5b906a1"},"headline":"&#8230;\u00c9 o fim do mundo: Delegado da PF diz que casal em Araripina filmava abuso sexual a filha de 5 anos para postar na web; veja v\u00eddeo","datePublished":"2021-04-11T16:48:10+00:00","dateModified":"2021-04-11T16:49:26+00:00","mainEntityOfPage":{"@id":"https:\/\/blogdofarnesio.com.br\/?p=282913"},"wordCount":300,"publisher":{"@id":"https:\/\/blogdofarnesio.com.br\/#organization"},"image":{"@id":"https:\/\/blogdofarnesio.com.br\/?p=282913#primaryimage"},"thumbnailUrl":"https:\/\/blogdofarnesio.com.br\/wp-content\/uploads\/2021\/03\/blogqspcrianca-estupro.jpg","articleSection":["Cidades","Pol\u00edcia"],"inLanguage":"pt-BR"},{"@type":"WebPage","@id":"https:\/\/blogdofarnesio.com.br\/?p=282913","url":"https:\/\/blogdofarnesio.com.br\/?p=282913","name":"...\u00c9 o fim do mundo: Delegado da PF diz que casal em Araripina filmava abuso sexual a filha de 5 anos para postar na web; veja v\u00eddeo - Blog do Farn\u00e9sio","isPartOf":{"@id":"https:\/\/blogdofarnesio.com.br\/#website"},"primaryImageOfPage":{"@id":"https:\/\/blogdofarnesio.com.br\/?p=282913#primaryimage"},"image":{"@id":"https:\/\/blogdofarnesio.com.br\/?p=282913#primaryimage"},"thumbnailUrl":"https:\/\/blogdofarnesio.com.br\/wp-content\/uploads\/2021\/03\/blogqspcrianca-estupro.jpg","datePublished":"2021-04-11T16:48:10+00:00","dateModified":"2021-04-11T16:49:26+00:00","breadcrumb":{"@id":"https:\/\/blogdofarnesio.com.br\/?p=282913#breadcrumb"},"inLanguage":"pt-BR","potentialAction":[{"@type":"ReadAction","target":["https:\/\/blogdofarnesio.com.br\/?p=282913"]}]},{"@type":"ImageObject","inLanguage":"pt-BR","@id":"https:\/\/blogdofarnesio.com.br\/?p=282913#primaryimage","url":"https:\/\/blogdofarnesio.com.br\/wp-content\/uploads\/2021\/03\/blogqspcrianca-estupro.jpg","contentUrl":"https:\/\/blogdofarnesio.com.br\/wp-content\/uploads\/2021\/03\/blogqspcrianca-estupro.jpg","width":380,"height":280},{"@type":"BreadcrumbList","@id":"https:\/\/blogdofarnesio.com.br\/?p=282913#breadcrumb","itemListElement":[{"@type":"ListItem","position":1,"name":"In\u00edcio","item":"https:\/\/blogdofarnesio.com.br\/"},{"@type":"ListItem","position":2,"name":"&#8230;\u00c9 o fim do mundo: Delegado da PF diz que casal em Araripina filmava abuso sexual a filha de 5 anos para postar na web; veja v\u00eddeo"}]},{"@type":"WebSite","@id":"https:\/\/blogdofarnesio.com.br\/#website","url":"https:\/\/blogdofarnesio.com.br\/","name":"Blog do Farn\u00e9sio","description":"Quer Saber Pol\u00edtica?","publisher":{"@id":"https:\/\/blogdofarnesio.com.br\/#organization"},"potentialAction":[{"@type":"SearchAction","target":{"@type":"EntryPoint","urlTemplate":"https:\/\/blogdofarnesio.com.br\/?s={search_term_string}"},"query-input":{"@type":"PropertyValueSpecification","valueRequired":true,"valueName":"search_term_string"}}],"inLanguage":"pt-BR"},{"@type":"Organization","@id":"https:\/\/blogdofarnesio.com.br\/#organization","name":"Blog do Farn\u00e9sio","url":"https:\/\/blogdofarnesio.com.br\/","logo":{"@type":"ImageObject","inLanguage":"pt-BR","@id":"https:\/\/blogdofarnesio.com.br\/#\/schema\/logo\/image\/","url":"https:\/\/blogdofarnesio.com.br\/wp-content\/uploads\/2026\/03\/cropped-logo_new-1.png","contentUrl":"https:\/\/blogdofarnesio.com.br\/wp-content\/uploads\/2026\/03\/cropped-logo_new-1.png","width":881,"height":685,"caption":"Blog do Farn\u00e9sio"},"image":{"@id":"https:\/\/blogdofarnesio.com.br\/#\/schema\/logo\/image\/"},"sameAs":["https:\/\/www.facebook.com\/BlogQuerSaberPolitica\/"]},{"@type":"Person","@id":"https:\/\/blogdofarnesio.com.br\/#\/schema\/person\/301c4acf522bccbfdb45af95b5b906a1","name":"Farn\u00e9sio","image":{"@type":"ImageObject","inLanguage":"pt-BR","@id":"https:\/\/secure.gravatar.com\/avatar\/df0c9a14567c056f8ad6876ba5bbd1e3e2c48023eb6807342fc4663adf549f38?s=96&d=mm&r=g","url":"https:\/\/secure.gravatar.com\/avatar\/df0c9a14567c056f8ad6876ba5bbd1e3e2c48023eb6807342fc4663adf549f38?s=96&d=mm&r=g","contentUrl":"https:\/\/secure.gravatar.com\/avatar\/df0c9a14567c056f8ad6876ba5bbd1e3e2c48023eb6807342fc4663adf549f38?s=96&d=mm&r=g","caption":"Farn\u00e9sio"},"sameAs":["https:\/\/quersaberpolitica.com.br"],"url":"https:\/\/blogdofarnesio.com.br\/?author=1"}]}},"_links":{"self":[{"href":"https:\/\/blogdofarnesio.com.br\/index.php?rest_route=\/wp\/v2\/posts\/282913","targetHints":{"allow":["GET"]}}],"collection":[{"href":"https:\/\/blogdofarnesio.com.br\/index.php?rest_route=\/wp\/v2\/posts"}],"about":[{"href":"https:\/\/blogdofarnesio.com.br\/index.php?rest_route=\/wp\/v2\/types\/post"}],"author":[{"embeddable":true,"href":"https:\/\/blogdofarnesio.com.br\/index.php?rest_route=\/wp\/v2\/users\/1"}],"replies":[{"embeddable":true,"href":"https:\/\/blogdofarnesio.com.br\/index.php?rest_route=%2Fwp%2Fv2%2Fcomments&post=282913"}],"version-history":[{"count":0,"href":"https:\/\/blogdofarnesio.com.br\/index.php?rest_route=\/wp\/v2\/posts\/282913\/revisions"}],"wp:featuredmedia":[{"embeddable":true,"href":"https:\/\/blogdofarnesio.com.br\/index.php?rest_route=\/wp\/v2\/media\/280294"}],"wp:attachment":[{"href":"https:\/\/blogdofarnesio.com.br\/index.php?rest_route=%2Fwp%2Fv2%2Fmedia&parent=282913"}],"wp:term":[{"taxonomy":"category","embeddable":true,"href":"https:\/\/blogdofarnesio.com.br\/index.php?rest_route=%2Fwp%2Fv2%2Fcategories&post=282913"},{"taxonomy":"post_tag","embeddable":true,"href":"https:\/\/blogdofarnesio.com.br\/index.php?rest_route=%2Fwp%2Fv2%2Ftags&post=282913"}],"curies":[{"name":"wp","href":"https:\/\/api.w.org\/{rel}","templated":true}]}}