{"id":282828,"date":"2021-04-12T08:03:14","date_gmt":"2021-04-12T11:03:14","guid":{"rendered":"http:\/\/quersaberpolitica.com.br\/2016\/?p=282828"},"modified":"2021-04-10T08:10:31","modified_gmt":"2021-04-10T11:10:31","slug":"fique-atento-as-mudancas-nas-leis-de-transito-a-partir-de-hoje-12-confira-o-que-mudou","status":"publish","type":"post","link":"https:\/\/blogdofarnesio.com.br\/?p=282828","title":{"rendered":"Fique atento as mudan\u00e7as nas leis de tr\u00e2nsito a partir de hoje (12). Confira o que mudou"},"content":{"rendered":"<div class=\"vw-featured-image\">Foi aprovado, pelo governo federal em outubro, o Novo C\u00f3digo de Tr\u00e2nsito depois de tramitar na C\u00e2mara e no Senado. A san\u00e7\u00e3o do projeto, que tinha sido feita inicialmente pelo presidente Jair Bolsonaro, deve ser publicada na edi\u00e7\u00e3o desta quarta do Di\u00e1rio Oficial.<\/div>\n<div class=\"vw-post-content clearfix\">\n<p>Entre as principais medidas do Novo C\u00f3digo Tr\u00e2nsito que passa a valer em abril, a proposta aumenta a validade da Carteira Nacional de Habilita\u00e7\u00e3o (CNH) para dez anos e vincula a suspens\u00e3o do direito de dirigir por pontos \u00e0 gravidade da infra\u00e7\u00e3o.<\/p>\n<p>De acordo com as mudan\u00e7as do novo C\u00f3digo de Tr\u00e2nsito, a CNH ter\u00e1 validade de dez anos para condutores com at\u00e9 50 anos de idade. O prazo atual, de cinco anos, continua para aqueles com idade igual ou superior a 50 anos.<\/p>\n<p>Apesar da aprova\u00e7\u00e3o, Bolsonaro anunciou hoje que fez vetos. Em uma live na tarde de hoje, ele disse que derrubou trecho inclu\u00eddo pelo Congresso envolvendo motociclistas. Eles poderiam trafegar entre ve\u00edculos apenas quando o tr\u00e2nsito estivesse parado ou lento.<\/p>\n<p>A partir de 2021, ser\u00e1 proibido trocar o tipo de l\u00e2mpada do farol do carroA partir de 2021, ser\u00e1 proibido trocar o tipo de l\u00e2mpada do farol do carroA partir de 2021, ser\u00e1 proibido trocar o tipo de l\u00e2mpada do farol do carro<\/p>\n<p>J\u00e1 a renova\u00e7\u00e3o a cada tr\u00eas anos, atualmente exigida para aqueles com 65 anos ou mais, passa a valer apenas para os motoristas com 70 anos de idade ou mais.<\/p>\n<p>Profissionais que exercem atividade remunerada em ve\u00edculo (motoristas de \u00f4nibus ou caminh\u00e3o, taxistas ou condutores por aplicativo, por exemplo) seguem a regra geral.<\/p>\n<p><strong>Governo volta a defender fim de ped\u00e1gio a motos<\/strong><\/p>\n<p><strong>Congresso mudou Novo C\u00f3digo de Tr\u00e2nsito que passa a valer segunda feira (12)<\/strong><\/p>\n<p>A C\u00e2mara aprovou 8 das 12 emendas do Senado ao texto do relator, deputado Juscelino Filho (DEM-MA), como a que pro\u00edbe converter pena de reclus\u00e3o por penas alternativas no caso de morte ou les\u00e3o corporal provocada por motorista b\u00eabado ou sob efeito de drogas.<\/p>\n<p>\u201cAlgumas emendas do Senado promovem reparos na vers\u00e3o aprovada nesta Casa\u201d, disse Juscelino Filho. \u201cA proibi\u00e7\u00e3o da troca de pena privativa de liberdade por penas alternativas melhora e muito o texto\u201d, concordou o deputado Hildo Rocha (MDB-MA).<\/p>\n<p>\u201cO tema \u00e9 importante para o Pa\u00eds, mas lamento que seja tratado no meio de uma pandemia. \u00c9 fundamental aperfei\u00e7oar a legisla\u00e7\u00e3o de tr\u00e2nsito porque, a cada cinco horas, perdemos um compatriota num acidente de tr\u00e2nsito\u201d, disse o deputado Reginaldo Lopes (PT-MG).<\/p>\n<p>Como o homic\u00eddio de tr\u00e2nsito \u00e9 culposo, o C\u00f3digo Penal pode ser interpretado favoravelmente ao motorista porque permite a convers\u00e3o da pena de qualquer tamanho no caso de crime culposo.<\/p>\n<p>O Novo C\u00f3digo Tr\u00e2nsito que passa a valer em abril imp\u00f5e pena de reclus\u00e3o de 5 a 8 anos para o homic\u00eddio culposo ao volante praticado por motorista embriagado ou sob efeito de drogas e pena de reclus\u00e3o de 2 a 5 anos no caso de les\u00e3o corporal grave ou grav\u00edssima. As penas alternativas podem envolver, por exemplo, o cumprimento de servi\u00e7os comunit\u00e1rios.<\/p>\n<p><strong>Bebida alco\u00f3lica<\/strong><\/p>\n<p>O parecer do relator recomendou a rejei\u00e7\u00e3o de quatro altera\u00e7\u00f5es feitas pelos senadores. Uma delas tornava infra\u00e7\u00e3o grave punida com multa o ato de transportar ou manter embalagem n\u00e3o lacrada de bebida alco\u00f3lica no ve\u00edculo em movimento, exceto no porta-malas ou no bagageiro.<\/p>\n<p>Para Juscelino Filho, o texto deveria trazer exce\u00e7\u00e3o para os ve\u00edculos de transporte tur\u00edstico. Ele lembrou que a bebida aberta pode ainda estar sendo consumida pelo passageiro e n\u00e3o pelo motorista.<\/p>\n<p>O relator pediu a rejei\u00e7\u00e3o de emenda que condicionava o condutor a escolher entre a CNH em meio f\u00edsico ou digital, impossibilitando a escolha das duas formas ao mesmo tempo ou uma ou outra separadamente, como defende a C\u00e2mara.<\/p>\n<p>A terceira emenda com parecer contr\u00e1rio especificava que a multa grav\u00edssima aplic\u00e1vel a motociclistas seria por falta de uso de capacete \u201ce\u201d roupa de prote\u00e7\u00e3o segundo as normas do Conselho Nacional de Tr\u00e2nsito (Contran).<\/p>\n<p>Juscelino Filho explicou que o conectivo \u201cou\u201d, como est\u00e1 na reda\u00e7\u00e3o aprovada pelos deputados, \u00e9 que atende \u00e0s preocupa\u00e7\u00f5es dos senadores, ao permitir a aplica\u00e7\u00e3o da multa pela falta de um equipamento ou outro de seguran\u00e7a, em vez de condicionar a multa \u00e0 falta de ambos.<\/p>\n<p>Outro ponto com parecer contr\u00e1rio foi a emenda que permitia aos m\u00e9dicos com curso de capacita\u00e7\u00e3o para essa atividade continuarem atendendo em cl\u00ednicas mesmo sem a especializa\u00e7\u00e3o exigida pelo projeto.<\/p>\n<p><strong>Cadeirinha<\/strong><\/p>\n<p>Quanto ao uso da cadeirinha, o Senado prop\u00f4s que o equipamento, que pode ser um assento de eleva\u00e7\u00e3o (booster) ou uma cadeira especial presa ao assento, dever\u00e1 ser adequado ao peso e \u00e0 altura da crian\u00e7a.<\/p>\n<p>Juscelino Filho j\u00e1 havia acrescentado o limite de altura de 1,45 metro \u00e0 idade de dez anos para a qual \u00e9 feita a exig\u00eancia de permanecer no banco traseiro.<\/p>\n<p>A obrigatoriedade da cadeirinha, hoje prevista em resolu\u00e7\u00e3o do Contran, ser\u00e1 incorporada ao C\u00f3digo de Tr\u00e2nsito, e a multa continua grav\u00edssima. No texto original, o Executivo propunha o fim da penalidade.<\/p>\n<p><strong>Advert\u00eancia<\/strong><\/p>\n<p>Uma das emendas do Novo C\u00f3digo Tr\u00e2nsito que passa a valer em abril condiciona a substitui\u00e7\u00e3o obrigat\u00f3ria de multas leves ou m\u00e9dias por advert\u00eancia ao fato de o infrator n\u00e3o ter cometido nenhuma outra infra\u00e7\u00e3o nos \u00faltimos 12 meses.<\/p>\n<p>Na reda\u00e7\u00e3o da C\u00e2mara, a advert\u00eancia n\u00e3o seria aplicada somente se o infrator fosse reincidente no mesmo tipo de infra\u00e7\u00e3o cometida nos 12 meses anteriores, abrindo o leque de situa\u00e7\u00f5es nas quais a advert\u00eancia seria aplicada.<\/p>\n<p>Hoje, a convers\u00e3o de multa em advert\u00eancia fica a crit\u00e9rio da autoridade de tr\u00e2nsito. Entretanto, o substitutivo que passa a valer em abril retira do c\u00f3digo a possibilidade de essa advert\u00eancia ser aplicada tamb\u00e9m ao pedestre.<\/p>\n<p><strong>Farol em rodovias<\/strong><\/p>\n<p>A infra\u00e7\u00e3o de dirigir sem far\u00f3is acesos em rodovias, tornada restrita pelo texto da C\u00e2mara apenas \u00e0s rodovias simples, passa a existir apenas para aquelas fora do per\u00edmetro urbano, segundo emenda do Senado.<\/p>\n<p>Bras\u00edlia seria uma das cidades visadas com a mudan\u00e7a, pois possui v\u00e1rias vias classificadas de rodovias em per\u00edmetro urbano.<\/p>\n<p><strong>Pontua\u00e7\u00e3o no Novo C\u00f3digo de Tr\u00e2nsito muda e passa a valer em abril<\/strong><\/p>\n<p>Quanto \u00e0 pontua\u00e7\u00e3o a partir da qual a pessoa tem o direito de dirigir suspenso, o texto de Juscelino Filho estabelece uma grada\u00e7\u00e3o de 20, 30 ou 40 pontos em 12 meses conforme haja infra\u00e7\u00f5es grav\u00edssimas ou n\u00e3o.<\/p>\n<p>Atualmente, a suspens\u00e3o ocorre com 20 pontos, independentemente de haver esse tipo de infra\u00e7\u00e3o.<\/p>\n<p>Com as mudan\u00e7as do novo C\u00f3digo de Tr\u00e2nsito, o condutor ser\u00e1 suspenso com 20 pontos se tiver cometido duas ou mais infra\u00e7\u00f5es grav\u00edssimas; com 30 pontos se tiver uma infra\u00e7\u00e3o grav\u00edssima; e com 40 pontos se n\u00e3o tiver cometido infra\u00e7\u00e3o grav\u00edssima nos 12 meses anteriores.<\/p>\n<p>Para o condutor que exerce atividade remunerada, a suspens\u00e3o ser\u00e1 com 40 pontos, independentemente da natureza das infra\u00e7\u00f5es. Isso valer\u00e1 para motoristas de \u00f4nibus ou caminh\u00f5es, mas tamb\u00e9m para taxistas, motoristas de aplicativo ou mototaxistas.<\/p>\n<p>Entretanto, se o condutor remunerado quiser participar de curso preventivo de reciclagem quando, em 12 meses, atingir 30 pontos, toda a pontua\u00e7\u00e3o ser\u00e1 zerada. Atualmente, essa possibilidade existe para aqueles com carteiras do tipo C, D ou E se acumulados 14 pontos.<\/p>\n<p><strong>Exame toxicol\u00f3gico<\/strong><\/p>\n<p>Juscelino Filho manteve a exig\u00eancia de condutores com carteiras das categorias C, D e E fazerem exame toxicol\u00f3gico na obten\u00e7\u00e3o ou renova\u00e7\u00e3o da CNH e a cada dois anos e meio.<\/p>\n<p>Para adaptar os prazos em raz\u00e3o das validades diferenciadas da carteira, somente os motoristas com menos de 70 anos precisar\u00e3o fazer novo exame depois de dois anos e meio da renova\u00e7\u00e3o.<\/p>\n<p>Atualmente, quem tem 65 anos ou mais precisa repetir o exame depois de um ano e meio, periodicidade que passa a ser exigida para aqueles com 70 anos ou mais.<\/p>\n<p>O relator incluiu no c\u00f3digo uma multa de cinco vezes o valor padr\u00e3o, pontua\u00e7\u00e3o de infra\u00e7\u00e3o grav\u00edssima, penalidade de suspens\u00e3o do direito de dirigir por tr\u00eas meses e necessidade de apresentar exame com resultado negativo para acabar com a suspens\u00e3o.<\/p>\n<p>A multa ser\u00e1 aplicada se o infrator for pego conduzindo ve\u00edculo das categorias C, D ou E e tamb\u00e9m para aquele que exerce atividade remunerada com esse tipo de ve\u00edculo e n\u00e3o comprovar a realiza\u00e7\u00e3o do exame toxicol\u00f3gico peri\u00f3dico quando da renova\u00e7\u00e3o da CNH.<\/p>\n<p><strong>Proibi\u00e7\u00f5es<\/strong><\/p>\n<p>Atualmente, para que uma pessoa possa habilitar-se nas categorias D ou E, ou ser condutora de transporte escolar, \u00f4nibus, ambul\u00e2ncia ou transportar produto perigoso, o C\u00f3digo de Tr\u00e2nsito exige que n\u00e3o tenha cometido infra\u00e7\u00e3o grave ou grav\u00edssima ou n\u00e3o seja reincidente em infra\u00e7\u00f5es m\u00e9dias durante os \u00faltimos 12 meses.<\/p>\n<p>Pelo texto que passa a valer em abril, ser\u00e1 exigido do profissional que ele n\u00e3o tenha cometido mais de uma infra\u00e7\u00e3o grav\u00edssima nesse per\u00edodo.<\/p>\n<p><strong>Reten\u00e7\u00e3o de CNH<\/strong><\/p>\n<p>Na penalidade por dirigir com velocidade 50% superior \u00e0 permitida na via, o deputado Juscelino Filho retirou a apreens\u00e3o da CNH e a suspens\u00e3o imediata do direito de dirigir. Esta suspens\u00e3o passar\u00e1 a depender de processo administrativo.<\/p>\n<p>No dia 29 de maio, o Supremo Tribunal Federal (STF) julgou constitucionais esses procedimentos inclu\u00eddos no c\u00f3digo pela Lei 11.334\/06 e questionados em a\u00e7\u00e3o do Conselho Federal da Ordem dos Advogados do Brasil.<\/p>\n<\/div>\n","protected":false},"excerpt":{"rendered":"<p>Foi aprovado, pelo governo federal em outubro, o Novo C\u00f3digo de Tr\u00e2nsito depois de tramitar na C\u00e2mara e no Senado. A san\u00e7\u00e3o do projeto, que tinha sido feita inicialmente pelo presidente Jair Bolsonaro, deve ser publicada na edi\u00e7\u00e3o desta quarta do Di\u00e1rio Oficial. Entre as principais medidas do Novo C\u00f3digo Tr\u00e2nsito que passa a valer em abril, a proposta aumenta a validade da Carteira Nacional de Habilita\u00e7\u00e3o (CNH) para dez anos e vincula a suspens\u00e3o do direito de dirigir por pontos \u00e0 gravidade da infra\u00e7\u00e3o. De acordo com as mudan\u00e7as do novo C\u00f3digo de Tr\u00e2nsito, a CNH ter\u00e1 validade de dez anos para condutores com at\u00e9 50 anos de idade. O prazo atual, de cinco anos, continua para aqueles com&hellip; <\/p>\n","protected":false},"author":1,"featured_media":258515,"comment_status":"closed","ping_status":"closed","sticky":false,"template":"","format":"standard","meta":{"_acf_changed":false,"footnotes":""},"categories":[21],"tags":[],"class_list":["post-282828","post","type-post","status-publish","format-standard","has-post-thumbnail","hentry","category-transito"],"acf":[],"yoast_head":"<!-- This site is optimized with the Yoast SEO plugin v27.4 - https:\/\/yoast.com\/product\/yoast-seo-wordpress\/ -->\n<title>Fique atento as mudan\u00e7as nas leis de tr\u00e2nsito a partir de hoje (12). Confira o que mudou - Blog do Farn\u00e9sio<\/title>\n<meta name=\"robots\" content=\"index, follow, max-snippet:-1, max-image-preview:large, max-video-preview:-1\" \/>\n<link rel=\"canonical\" href=\"https:\/\/blogdofarnesio.com.br\/?p=282828\" \/>\n<meta property=\"og:locale\" content=\"pt_BR\" \/>\n<meta property=\"og:type\" content=\"article\" \/>\n<meta property=\"og:title\" content=\"Fique atento as mudan\u00e7as nas leis de tr\u00e2nsito a partir de hoje (12). Confira o que mudou - Blog do Farn\u00e9sio\" \/>\n<meta property=\"og:description\" content=\"Foi aprovado, pelo governo federal em outubro, o Novo C\u00f3digo de Tr\u00e2nsito depois de tramitar na C\u00e2mara e no Senado. A san\u00e7\u00e3o do projeto, que tinha sido feita inicialmente pelo presidente Jair Bolsonaro, deve ser publicada na edi\u00e7\u00e3o desta quarta do Di\u00e1rio Oficial. Entre as principais medidas do Novo C\u00f3digo Tr\u00e2nsito que passa a valer em abril, a proposta aumenta a validade da Carteira Nacional de Habilita\u00e7\u00e3o (CNH) para dez anos e vincula a suspens\u00e3o do direito de dirigir por pontos \u00e0 gravidade da infra\u00e7\u00e3o. De acordo com as mudan\u00e7as do novo C\u00f3digo de Tr\u00e2nsito, a CNH ter\u00e1 validade de dez anos para condutores com at\u00e9 50 anos de idade. O prazo atual, de cinco anos, continua para aqueles com&hellip;\" \/>\n<meta property=\"og:url\" content=\"https:\/\/blogdofarnesio.com.br\/?p=282828\" \/>\n<meta property=\"og:site_name\" content=\"Blog do Farn\u00e9sio\" \/>\n<meta property=\"article:publisher\" content=\"https:\/\/www.facebook.com\/BlogQuerSaberPolitica\/\" \/>\n<meta property=\"article:published_time\" content=\"2021-04-12T11:03:14+00:00\" \/>\n<meta property=\"og:image\" content=\"https:\/\/blogdofarnesio.com.br\/wp-content\/uploads\/2020\/05\/blogqsptransito-codigo.jpg\" \/>\n\t<meta property=\"og:image:width\" content=\"680\" \/>\n\t<meta property=\"og:image:height\" content=\"382\" \/>\n\t<meta property=\"og:image:type\" content=\"image\/jpeg\" \/>\n<meta name=\"author\" content=\"Farn\u00e9sio\" \/>\n<meta name=\"twitter:card\" content=\"summary_large_image\" \/>\n<meta name=\"twitter:label1\" content=\"Escrito por\" \/>\n\t<meta name=\"twitter:data1\" content=\"Farn\u00e9sio\" \/>\n\t<meta name=\"twitter:label2\" content=\"Est. tempo de leitura\" \/>\n\t<meta name=\"twitter:data2\" content=\"8 minutos\" \/>\n<script type=\"application\/ld+json\" class=\"yoast-schema-graph\">{\"@context\":\"https:\\\/\\\/schema.org\",\"@graph\":[{\"@type\":\"Article\",\"@id\":\"https:\\\/\\\/blogdofarnesio.com.br\\\/?p=282828#article\",\"isPartOf\":{\"@id\":\"https:\\\/\\\/blogdofarnesio.com.br\\\/?p=282828\"},\"author\":{\"name\":\"Farn\u00e9sio\",\"@id\":\"https:\\\/\\\/blogdofarnesio.com.br\\\/#\\\/schema\\\/person\\\/301c4acf522bccbfdb45af95b5b906a1\"},\"headline\":\"Fique atento as mudan\u00e7as nas leis de tr\u00e2nsito a partir de hoje (12). Confira o que mudou\",\"datePublished\":\"2021-04-12T11:03:14+00:00\",\"mainEntityOfPage\":{\"@id\":\"https:\\\/\\\/blogdofarnesio.com.br\\\/?p=282828\"},\"wordCount\":1662,\"publisher\":{\"@id\":\"https:\\\/\\\/blogdofarnesio.com.br\\\/#organization\"},\"image\":{\"@id\":\"https:\\\/\\\/blogdofarnesio.com.br\\\/?p=282828#primaryimage\"},\"thumbnailUrl\":\"https:\\\/\\\/blogdofarnesio.com.br\\\/wp-content\\\/uploads\\\/2020\\\/05\\\/blogqsptransito-codigo.jpg\",\"articleSection\":[\"Tr\u00e2nsito\"],\"inLanguage\":\"pt-BR\"},{\"@type\":\"WebPage\",\"@id\":\"https:\\\/\\\/blogdofarnesio.com.br\\\/?p=282828\",\"url\":\"https:\\\/\\\/blogdofarnesio.com.br\\\/?p=282828\",\"name\":\"Fique atento as mudan\u00e7as nas leis de tr\u00e2nsito a partir de hoje (12). Confira o que mudou - Blog do Farn\u00e9sio\",\"isPartOf\":{\"@id\":\"https:\\\/\\\/blogdofarnesio.com.br\\\/#website\"},\"primaryImageOfPage\":{\"@id\":\"https:\\\/\\\/blogdofarnesio.com.br\\\/?p=282828#primaryimage\"},\"image\":{\"@id\":\"https:\\\/\\\/blogdofarnesio.com.br\\\/?p=282828#primaryimage\"},\"thumbnailUrl\":\"https:\\\/\\\/blogdofarnesio.com.br\\\/wp-content\\\/uploads\\\/2020\\\/05\\\/blogqsptransito-codigo.jpg\",\"datePublished\":\"2021-04-12T11:03:14+00:00\",\"breadcrumb\":{\"@id\":\"https:\\\/\\\/blogdofarnesio.com.br\\\/?p=282828#breadcrumb\"},\"inLanguage\":\"pt-BR\",\"potentialAction\":[{\"@type\":\"ReadAction\",\"target\":[\"https:\\\/\\\/blogdofarnesio.com.br\\\/?p=282828\"]}]},{\"@type\":\"ImageObject\",\"inLanguage\":\"pt-BR\",\"@id\":\"https:\\\/\\\/blogdofarnesio.com.br\\\/?p=282828#primaryimage\",\"url\":\"https:\\\/\\\/blogdofarnesio.com.br\\\/wp-content\\\/uploads\\\/2020\\\/05\\\/blogqsptransito-codigo.jpg\",\"contentUrl\":\"https:\\\/\\\/blogdofarnesio.com.br\\\/wp-content\\\/uploads\\\/2020\\\/05\\\/blogqsptransito-codigo.jpg\",\"width\":680,\"height\":382},{\"@type\":\"BreadcrumbList\",\"@id\":\"https:\\\/\\\/blogdofarnesio.com.br\\\/?p=282828#breadcrumb\",\"itemListElement\":[{\"@type\":\"ListItem\",\"position\":1,\"name\":\"In\u00edcio\",\"item\":\"https:\\\/\\\/blogdofarnesio.com.br\\\/\"},{\"@type\":\"ListItem\",\"position\":2,\"name\":\"Fique atento as mudan\u00e7as nas leis de tr\u00e2nsito a partir de hoje (12). Confira o que mudou\"}]},{\"@type\":\"WebSite\",\"@id\":\"https:\\\/\\\/blogdofarnesio.com.br\\\/#website\",\"url\":\"https:\\\/\\\/blogdofarnesio.com.br\\\/\",\"name\":\"Blog do Farn\u00e9sio\",\"description\":\"Quer Saber Pol\u00edtica?\",\"publisher\":{\"@id\":\"https:\\\/\\\/blogdofarnesio.com.br\\\/#organization\"},\"potentialAction\":[{\"@type\":\"SearchAction\",\"target\":{\"@type\":\"EntryPoint\",\"urlTemplate\":\"https:\\\/\\\/blogdofarnesio.com.br\\\/?s={search_term_string}\"},\"query-input\":{\"@type\":\"PropertyValueSpecification\",\"valueRequired\":true,\"valueName\":\"search_term_string\"}}],\"inLanguage\":\"pt-BR\"},{\"@type\":\"Organization\",\"@id\":\"https:\\\/\\\/blogdofarnesio.com.br\\\/#organization\",\"name\":\"Blog do Farn\u00e9sio\",\"url\":\"https:\\\/\\\/blogdofarnesio.com.br\\\/\",\"logo\":{\"@type\":\"ImageObject\",\"inLanguage\":\"pt-BR\",\"@id\":\"https:\\\/\\\/blogdofarnesio.com.br\\\/#\\\/schema\\\/logo\\\/image\\\/\",\"url\":\"https:\\\/\\\/blogdofarnesio.com.br\\\/wp-content\\\/uploads\\\/2026\\\/03\\\/cropped-logo_new-1.png\",\"contentUrl\":\"https:\\\/\\\/blogdofarnesio.com.br\\\/wp-content\\\/uploads\\\/2026\\\/03\\\/cropped-logo_new-1.png\",\"width\":881,\"height\":685,\"caption\":\"Blog do Farn\u00e9sio\"},\"image\":{\"@id\":\"https:\\\/\\\/blogdofarnesio.com.br\\\/#\\\/schema\\\/logo\\\/image\\\/\"},\"sameAs\":[\"https:\\\/\\\/www.facebook.com\\\/BlogQuerSaberPolitica\\\/\"]},{\"@type\":\"Person\",\"@id\":\"https:\\\/\\\/blogdofarnesio.com.br\\\/#\\\/schema\\\/person\\\/301c4acf522bccbfdb45af95b5b906a1\",\"name\":\"Farn\u00e9sio\",\"image\":{\"@type\":\"ImageObject\",\"inLanguage\":\"pt-BR\",\"@id\":\"https:\\\/\\\/secure.gravatar.com\\\/avatar\\\/df0c9a14567c056f8ad6876ba5bbd1e3e2c48023eb6807342fc4663adf549f38?s=96&d=mm&r=g\",\"url\":\"https:\\\/\\\/secure.gravatar.com\\\/avatar\\\/df0c9a14567c056f8ad6876ba5bbd1e3e2c48023eb6807342fc4663adf549f38?s=96&d=mm&r=g\",\"contentUrl\":\"https:\\\/\\\/secure.gravatar.com\\\/avatar\\\/df0c9a14567c056f8ad6876ba5bbd1e3e2c48023eb6807342fc4663adf549f38?s=96&d=mm&r=g\",\"caption\":\"Farn\u00e9sio\"},\"sameAs\":[\"https:\\\/\\\/quersaberpolitica.com.br\"],\"url\":\"https:\\\/\\\/blogdofarnesio.com.br\\\/?author=1\"}]}<\/script>\n<!-- \/ Yoast SEO plugin. -->","yoast_head_json":{"title":"Fique atento as mudan\u00e7as nas leis de tr\u00e2nsito a partir de hoje (12). Confira o que mudou - Blog do Farn\u00e9sio","robots":{"index":"index","follow":"follow","max-snippet":"max-snippet:-1","max-image-preview":"max-image-preview:large","max-video-preview":"max-video-preview:-1"},"canonical":"https:\/\/blogdofarnesio.com.br\/?p=282828","og_locale":"pt_BR","og_type":"article","og_title":"Fique atento as mudan\u00e7as nas leis de tr\u00e2nsito a partir de hoje (12). Confira o que mudou - Blog do Farn\u00e9sio","og_description":"Foi aprovado, pelo governo federal em outubro, o Novo C\u00f3digo de Tr\u00e2nsito depois de tramitar na C\u00e2mara e no Senado. A san\u00e7\u00e3o do projeto, que tinha sido feita inicialmente pelo presidente Jair Bolsonaro, deve ser publicada na edi\u00e7\u00e3o desta quarta do Di\u00e1rio Oficial. Entre as principais medidas do Novo C\u00f3digo Tr\u00e2nsito que passa a valer em abril, a proposta aumenta a validade da Carteira Nacional de Habilita\u00e7\u00e3o (CNH) para dez anos e vincula a suspens\u00e3o do direito de dirigir por pontos \u00e0 gravidade da infra\u00e7\u00e3o. De acordo com as mudan\u00e7as do novo C\u00f3digo de Tr\u00e2nsito, a CNH ter\u00e1 validade de dez anos para condutores com at\u00e9 50 anos de idade. O prazo atual, de cinco anos, continua para aqueles com&hellip;","og_url":"https:\/\/blogdofarnesio.com.br\/?p=282828","og_site_name":"Blog do Farn\u00e9sio","article_publisher":"https:\/\/www.facebook.com\/BlogQuerSaberPolitica\/","article_published_time":"2021-04-12T11:03:14+00:00","og_image":[{"width":680,"height":382,"url":"https:\/\/blogdofarnesio.com.br\/wp-content\/uploads\/2020\/05\/blogqsptransito-codigo.jpg","type":"image\/jpeg"}],"author":"Farn\u00e9sio","twitter_card":"summary_large_image","twitter_misc":{"Escrito por":"Farn\u00e9sio","Est. tempo de leitura":"8 minutos"},"schema":{"@context":"https:\/\/schema.org","@graph":[{"@type":"Article","@id":"https:\/\/blogdofarnesio.com.br\/?p=282828#article","isPartOf":{"@id":"https:\/\/blogdofarnesio.com.br\/?p=282828"},"author":{"name":"Farn\u00e9sio","@id":"https:\/\/blogdofarnesio.com.br\/#\/schema\/person\/301c4acf522bccbfdb45af95b5b906a1"},"headline":"Fique atento as mudan\u00e7as nas leis de tr\u00e2nsito a partir de hoje (12). Confira o que mudou","datePublished":"2021-04-12T11:03:14+00:00","mainEntityOfPage":{"@id":"https:\/\/blogdofarnesio.com.br\/?p=282828"},"wordCount":1662,"publisher":{"@id":"https:\/\/blogdofarnesio.com.br\/#organization"},"image":{"@id":"https:\/\/blogdofarnesio.com.br\/?p=282828#primaryimage"},"thumbnailUrl":"https:\/\/blogdofarnesio.com.br\/wp-content\/uploads\/2020\/05\/blogqsptransito-codigo.jpg","articleSection":["Tr\u00e2nsito"],"inLanguage":"pt-BR"},{"@type":"WebPage","@id":"https:\/\/blogdofarnesio.com.br\/?p=282828","url":"https:\/\/blogdofarnesio.com.br\/?p=282828","name":"Fique atento as mudan\u00e7as nas leis de tr\u00e2nsito a partir de hoje (12). Confira o que mudou - Blog do Farn\u00e9sio","isPartOf":{"@id":"https:\/\/blogdofarnesio.com.br\/#website"},"primaryImageOfPage":{"@id":"https:\/\/blogdofarnesio.com.br\/?p=282828#primaryimage"},"image":{"@id":"https:\/\/blogdofarnesio.com.br\/?p=282828#primaryimage"},"thumbnailUrl":"https:\/\/blogdofarnesio.com.br\/wp-content\/uploads\/2020\/05\/blogqsptransito-codigo.jpg","datePublished":"2021-04-12T11:03:14+00:00","breadcrumb":{"@id":"https:\/\/blogdofarnesio.com.br\/?p=282828#breadcrumb"},"inLanguage":"pt-BR","potentialAction":[{"@type":"ReadAction","target":["https:\/\/blogdofarnesio.com.br\/?p=282828"]}]},{"@type":"ImageObject","inLanguage":"pt-BR","@id":"https:\/\/blogdofarnesio.com.br\/?p=282828#primaryimage","url":"https:\/\/blogdofarnesio.com.br\/wp-content\/uploads\/2020\/05\/blogqsptransito-codigo.jpg","contentUrl":"https:\/\/blogdofarnesio.com.br\/wp-content\/uploads\/2020\/05\/blogqsptransito-codigo.jpg","width":680,"height":382},{"@type":"BreadcrumbList","@id":"https:\/\/blogdofarnesio.com.br\/?p=282828#breadcrumb","itemListElement":[{"@type":"ListItem","position":1,"name":"In\u00edcio","item":"https:\/\/blogdofarnesio.com.br\/"},{"@type":"ListItem","position":2,"name":"Fique atento as mudan\u00e7as nas leis de tr\u00e2nsito a partir de hoje (12). Confira o que mudou"}]},{"@type":"WebSite","@id":"https:\/\/blogdofarnesio.com.br\/#website","url":"https:\/\/blogdofarnesio.com.br\/","name":"Blog do Farn\u00e9sio","description":"Quer Saber Pol\u00edtica?","publisher":{"@id":"https:\/\/blogdofarnesio.com.br\/#organization"},"potentialAction":[{"@type":"SearchAction","target":{"@type":"EntryPoint","urlTemplate":"https:\/\/blogdofarnesio.com.br\/?s={search_term_string}"},"query-input":{"@type":"PropertyValueSpecification","valueRequired":true,"valueName":"search_term_string"}}],"inLanguage":"pt-BR"},{"@type":"Organization","@id":"https:\/\/blogdofarnesio.com.br\/#organization","name":"Blog do Farn\u00e9sio","url":"https:\/\/blogdofarnesio.com.br\/","logo":{"@type":"ImageObject","inLanguage":"pt-BR","@id":"https:\/\/blogdofarnesio.com.br\/#\/schema\/logo\/image\/","url":"https:\/\/blogdofarnesio.com.br\/wp-content\/uploads\/2026\/03\/cropped-logo_new-1.png","contentUrl":"https:\/\/blogdofarnesio.com.br\/wp-content\/uploads\/2026\/03\/cropped-logo_new-1.png","width":881,"height":685,"caption":"Blog do Farn\u00e9sio"},"image":{"@id":"https:\/\/blogdofarnesio.com.br\/#\/schema\/logo\/image\/"},"sameAs":["https:\/\/www.facebook.com\/BlogQuerSaberPolitica\/"]},{"@type":"Person","@id":"https:\/\/blogdofarnesio.com.br\/#\/schema\/person\/301c4acf522bccbfdb45af95b5b906a1","name":"Farn\u00e9sio","image":{"@type":"ImageObject","inLanguage":"pt-BR","@id":"https:\/\/secure.gravatar.com\/avatar\/df0c9a14567c056f8ad6876ba5bbd1e3e2c48023eb6807342fc4663adf549f38?s=96&d=mm&r=g","url":"https:\/\/secure.gravatar.com\/avatar\/df0c9a14567c056f8ad6876ba5bbd1e3e2c48023eb6807342fc4663adf549f38?s=96&d=mm&r=g","contentUrl":"https:\/\/secure.gravatar.com\/avatar\/df0c9a14567c056f8ad6876ba5bbd1e3e2c48023eb6807342fc4663adf549f38?s=96&d=mm&r=g","caption":"Farn\u00e9sio"},"sameAs":["https:\/\/quersaberpolitica.com.br"],"url":"https:\/\/blogdofarnesio.com.br\/?author=1"}]}},"_links":{"self":[{"href":"https:\/\/blogdofarnesio.com.br\/index.php?rest_route=\/wp\/v2\/posts\/282828","targetHints":{"allow":["GET"]}}],"collection":[{"href":"https:\/\/blogdofarnesio.com.br\/index.php?rest_route=\/wp\/v2\/posts"}],"about":[{"href":"https:\/\/blogdofarnesio.com.br\/index.php?rest_route=\/wp\/v2\/types\/post"}],"author":[{"embeddable":true,"href":"https:\/\/blogdofarnesio.com.br\/index.php?rest_route=\/wp\/v2\/users\/1"}],"replies":[{"embeddable":true,"href":"https:\/\/blogdofarnesio.com.br\/index.php?rest_route=%2Fwp%2Fv2%2Fcomments&post=282828"}],"version-history":[{"count":0,"href":"https:\/\/blogdofarnesio.com.br\/index.php?rest_route=\/wp\/v2\/posts\/282828\/revisions"}],"wp:featuredmedia":[{"embeddable":true,"href":"https:\/\/blogdofarnesio.com.br\/index.php?rest_route=\/wp\/v2\/media\/258515"}],"wp:attachment":[{"href":"https:\/\/blogdofarnesio.com.br\/index.php?rest_route=%2Fwp%2Fv2%2Fmedia&parent=282828"}],"wp:term":[{"taxonomy":"category","embeddable":true,"href":"https:\/\/blogdofarnesio.com.br\/index.php?rest_route=%2Fwp%2Fv2%2Fcategories&post=282828"},{"taxonomy":"post_tag","embeddable":true,"href":"https:\/\/blogdofarnesio.com.br\/index.php?rest_route=%2Fwp%2Fv2%2Ftags&post=282828"}],"curies":[{"name":"wp","href":"https:\/\/api.w.org\/{rel}","templated":true}]}}