{"id":282818,"date":"2021-04-11T09:00:14","date_gmt":"2021-04-11T12:00:14","guid":{"rendered":"http:\/\/quersaberpolitica.com.br\/2016\/?p=282818"},"modified":"2021-04-10T19:36:29","modified_gmt":"2021-04-10T22:36:29","slug":"prefeitura-pavimentou-mais-de-220-quilometros-de-ruas-em-petrolina","status":"publish","type":"post","link":"https:\/\/blogdofarnesio.com.br\/?p=282818","title":{"rendered":"Prefeitura pavimentou mais de 220 quil\u00f4metros de ruas em Petrolina"},"content":{"rendered":"<div class=\"Tf Hh\">\n<div class=\"Kh\">\u00a0\u00c9 certo que a Prefeitura de Petrolina vem investindo forte na infraestrutura do munic\u00edpio. O que pouca gente sabe \u00e9 que em cinco anos, foram pavimentados mais de 222 quil\u00f4metros de vias na Capital do Sert\u00e3o. Para se ter uma ideia do que isso representa, essa dist\u00e2ncia equivale a se deslocar para tr\u00eas cidades, partindo de Petrolina.<\/div>\n<\/div>\n<div class=\"ig\" data-onclick=\"w\">\n<div id=\"cvcmsg_178b603822e2a074\" class=\"Rf\">\n<div id=\"cvcfullmsg_178b603822e2a074\" class=\"og\">\n<div id=\"cvcmsgbod_178b603822e2a074\" class=\"th\">\n<div class=\"gh\">\n<div class=\"Gg Ig \" dir=\"ltr\">\n<div dir=\"auto\">\n<div dir=\"ltr\">\n<div dir=\"ltr\" data-smartmail=\"gmail_signature\">\n<div dir=\"ltr\">\n<div dir=\"ltr\">\n<div dir=\"ltr\">\n<div dir=\"ltr\">\n<div dir=\"ltr\">\n<p dir=\"ltr\">Se fosse poss\u00edvel dar uma volta em todas as ruas que receberam melhorias no munic\u00edpio, uma pessoa poderia ir at\u00e9 Capim Grosso, cidade do munic\u00edpio baiano, Bet\u00e2nia no Piau\u00ed ou na terra do queijo de Pernambuco: Bodoc\u00f3.<\/p>\n<p dir=\"ltr\">\u201cA pavimenta\u00e7\u00e3o tem sido um dos destaques da gest\u00e3o do prefeito Miguel Coelho. Quando a gente para pra pensar no quanto temos entregue a popula\u00e7\u00e3o, nos surpreendemos com a for\u00e7a e dedica\u00e7\u00e3o de quem faz essa gest\u00e3o. Imagine, que se fosse poss\u00edvel colocar em linha reta tudo que j\u00e1 fizemos, conseguir\u00edamos visitar cidades de outros estados.<\/p>\n<p dir=\"ltr\">De norte a sul, da \u00e1rea urbana \u00e0 ribeirinha ou at\u00e9 mesmo, na regi\u00e3o de sequeiro: em todo lugar da cidade tem um dedo da Prefeitura de Petrolina\u201d, destaca o secret\u00e1rio de Infraestrutura e Mobilidade, Fred Machado.<\/p>\n<p dir=\"ltr\">Em 2017, Petrolina possu\u00eda cerca de 45% das vias sem nenhum tipo de pavimenta\u00e7\u00e3o. Em 2021, 830 ruas receberam melhorias no munic\u00edpio. S\u00e3o\u00a0 cerca de 62 bairros na \u00e1rea urbana, 12 comunidades no interior, entre a zona ribeirinha e \u00e1rea de sequeiro, e 22 n\u00facleos da \u00e1rea irrigada.<\/p>\n<p dir=\"ltr\">Foram 106 KM de ruas e avenidas melhoradas com pavimenta\u00e7\u00e3o ou recuperadas e 116 KM\u00a0 de vias que sa\u00edram da poeira nas \u00e1reas urbanas, ribeirinhas, de sequeiro e irrigada.<\/p>\n<p dir=\"ltr\">O trabalho da prefeitura n\u00e3o para por a\u00ed: paralelo \u00e0s execu\u00e7\u00f5es de obras, a Secretaria de Infraestrutura e Mobilidade (Seinfra), est\u00e1 licitando a duplica\u00e7\u00e3o de diversas avenidas como a M\u00e1rio Rodrigues, Cardoso de S\u00e1 e Jo\u00e3o Campos, no Caminho do Sol.<\/p>\n<\/div>\n<\/div>\n<\/div>\n<\/div>\n<\/div>\n<\/div>\n<\/div>\n<\/div>\n<\/div>\n<\/div>\n<\/div>\n<\/div>\n<\/div>\n<\/div>\n","protected":false},"excerpt":{"rendered":"<p>\u00a0\u00c9 certo que a Prefeitura de Petrolina vem investindo forte na infraestrutura do munic\u00edpio. O que pouca gente sabe \u00e9 que em cinco anos, foram pavimentados mais de 222 quil\u00f4metros de vias na Capital do Sert\u00e3o. Para se ter uma ideia do que isso representa, essa dist\u00e2ncia equivale a se deslocar para tr\u00eas cidades, partindo de Petrolina. Se fosse poss\u00edvel dar uma volta em todas as ruas que receberam melhorias no munic\u00edpio, uma pessoa poderia ir at\u00e9 Capim Grosso, cidade do munic\u00edpio baiano, Bet\u00e2nia no Piau\u00ed ou na terra do queijo de Pernambuco: Bodoc\u00f3. \u201cA pavimenta\u00e7\u00e3o tem sido um dos destaques da gest\u00e3o do prefeito Miguel Coelho. Quando a gente para pra pensar no quanto temos entregue a popula\u00e7\u00e3o, nos&hellip; <\/p>\n","protected":false},"author":1,"featured_media":265041,"comment_status":"closed","ping_status":"closed","sticky":false,"template":"","format":"standard","meta":{"_acf_changed":false,"footnotes":""},"categories":[44],"tags":[],"class_list":["post-282818","post","type-post","status-publish","format-standard","has-post-thumbnail","hentry","category-administracao"],"acf":[],"yoast_head":"<!-- This site is optimized with the Yoast SEO plugin v27.4 - https:\/\/yoast.com\/product\/yoast-seo-wordpress\/ -->\n<title>Prefeitura pavimentou mais de 220 quil\u00f4metros de ruas em Petrolina - Blog do Farn\u00e9sio<\/title>\n<meta name=\"robots\" content=\"index, follow, max-snippet:-1, max-image-preview:large, max-video-preview:-1\" \/>\n<link rel=\"canonical\" href=\"https:\/\/blogdofarnesio.com.br\/?p=282818\" \/>\n<meta property=\"og:locale\" content=\"pt_BR\" \/>\n<meta property=\"og:type\" content=\"article\" \/>\n<meta property=\"og:title\" content=\"Prefeitura pavimentou mais de 220 quil\u00f4metros de ruas em Petrolina - Blog do Farn\u00e9sio\" \/>\n<meta property=\"og:description\" content=\"\u00a0\u00c9 certo que a Prefeitura de Petrolina vem investindo forte na infraestrutura do munic\u00edpio. O que pouca gente sabe \u00e9 que em cinco anos, foram pavimentados mais de 222 quil\u00f4metros de vias na Capital do Sert\u00e3o. Para se ter uma ideia do que isso representa, essa dist\u00e2ncia equivale a se deslocar para tr\u00eas cidades, partindo de Petrolina. Se fosse poss\u00edvel dar uma volta em todas as ruas que receberam melhorias no munic\u00edpio, uma pessoa poderia ir at\u00e9 Capim Grosso, cidade do munic\u00edpio baiano, Bet\u00e2nia no Piau\u00ed ou na terra do queijo de Pernambuco: Bodoc\u00f3. \u201cA pavimenta\u00e7\u00e3o tem sido um dos destaques da gest\u00e3o do prefeito Miguel Coelho. Quando a gente para pra pensar no quanto temos entregue a popula\u00e7\u00e3o, nos&hellip;\" \/>\n<meta property=\"og:url\" content=\"https:\/\/blogdofarnesio.com.br\/?p=282818\" \/>\n<meta property=\"og:site_name\" content=\"Blog do Farn\u00e9sio\" \/>\n<meta property=\"article:publisher\" content=\"https:\/\/www.facebook.com\/BlogQuerSaberPolitica\/\" \/>\n<meta property=\"article:published_time\" content=\"2021-04-11T12:00:14+00:00\" \/>\n<meta property=\"og:image\" content=\"https:\/\/blogdofarnesio.com.br\/wp-content\/uploads\/2020\/08\/Pavimenta\u00e7\u00e3o-irrigada-02-e1597495117429.jpeg\" \/>\n\t<meta property=\"og:image:width\" content=\"680\" \/>\n\t<meta property=\"og:image:height\" content=\"453\" \/>\n\t<meta property=\"og:image:type\" content=\"image\/jpeg\" \/>\n<meta name=\"author\" content=\"Farn\u00e9sio\" \/>\n<meta name=\"twitter:card\" content=\"summary_large_image\" \/>\n<meta name=\"twitter:label1\" content=\"Escrito por\" \/>\n\t<meta name=\"twitter:data1\" content=\"Farn\u00e9sio\" \/>\n\t<meta name=\"twitter:label2\" content=\"Est. tempo de leitura\" \/>\n\t<meta name=\"twitter:data2\" content=\"2 minutos\" \/>\n<script type=\"application\/ld+json\" class=\"yoast-schema-graph\">{\"@context\":\"https:\\\/\\\/schema.org\",\"@graph\":[{\"@type\":\"Article\",\"@id\":\"https:\\\/\\\/blogdofarnesio.com.br\\\/?p=282818#article\",\"isPartOf\":{\"@id\":\"https:\\\/\\\/blogdofarnesio.com.br\\\/?p=282818\"},\"author\":{\"name\":\"Farn\u00e9sio\",\"@id\":\"https:\\\/\\\/blogdofarnesio.com.br\\\/#\\\/schema\\\/person\\\/301c4acf522bccbfdb45af95b5b906a1\"},\"headline\":\"Prefeitura pavimentou mais de 220 quil\u00f4metros de ruas em Petrolina\",\"datePublished\":\"2021-04-11T12:00:14+00:00\",\"mainEntityOfPage\":{\"@id\":\"https:\\\/\\\/blogdofarnesio.com.br\\\/?p=282818\"},\"wordCount\":333,\"publisher\":{\"@id\":\"https:\\\/\\\/blogdofarnesio.com.br\\\/#organization\"},\"image\":{\"@id\":\"https:\\\/\\\/blogdofarnesio.com.br\\\/?p=282818#primaryimage\"},\"thumbnailUrl\":\"https:\\\/\\\/blogdofarnesio.com.br\\\/wp-content\\\/uploads\\\/2020\\\/08\\\/Pavimenta\u00e7\u00e3o-irrigada-02-e1597495117429.jpeg\",\"articleSection\":[\"Administra\u00e7\u00e3o\"],\"inLanguage\":\"pt-BR\"},{\"@type\":\"WebPage\",\"@id\":\"https:\\\/\\\/blogdofarnesio.com.br\\\/?p=282818\",\"url\":\"https:\\\/\\\/blogdofarnesio.com.br\\\/?p=282818\",\"name\":\"Prefeitura pavimentou mais de 220 quil\u00f4metros de ruas em Petrolina - Blog do Farn\u00e9sio\",\"isPartOf\":{\"@id\":\"https:\\\/\\\/blogdofarnesio.com.br\\\/#website\"},\"primaryImageOfPage\":{\"@id\":\"https:\\\/\\\/blogdofarnesio.com.br\\\/?p=282818#primaryimage\"},\"image\":{\"@id\":\"https:\\\/\\\/blogdofarnesio.com.br\\\/?p=282818#primaryimage\"},\"thumbnailUrl\":\"https:\\\/\\\/blogdofarnesio.com.br\\\/wp-content\\\/uploads\\\/2020\\\/08\\\/Pavimenta\u00e7\u00e3o-irrigada-02-e1597495117429.jpeg\",\"datePublished\":\"2021-04-11T12:00:14+00:00\",\"breadcrumb\":{\"@id\":\"https:\\\/\\\/blogdofarnesio.com.br\\\/?p=282818#breadcrumb\"},\"inLanguage\":\"pt-BR\",\"potentialAction\":[{\"@type\":\"ReadAction\",\"target\":[\"https:\\\/\\\/blogdofarnesio.com.br\\\/?p=282818\"]}]},{\"@type\":\"ImageObject\",\"inLanguage\":\"pt-BR\",\"@id\":\"https:\\\/\\\/blogdofarnesio.com.br\\\/?p=282818#primaryimage\",\"url\":\"https:\\\/\\\/blogdofarnesio.com.br\\\/wp-content\\\/uploads\\\/2020\\\/08\\\/Pavimenta\u00e7\u00e3o-irrigada-02-e1597495117429.jpeg\",\"contentUrl\":\"https:\\\/\\\/blogdofarnesio.com.br\\\/wp-content\\\/uploads\\\/2020\\\/08\\\/Pavimenta\u00e7\u00e3o-irrigada-02-e1597495117429.jpeg\",\"width\":680,\"height\":453},{\"@type\":\"BreadcrumbList\",\"@id\":\"https:\\\/\\\/blogdofarnesio.com.br\\\/?p=282818#breadcrumb\",\"itemListElement\":[{\"@type\":\"ListItem\",\"position\":1,\"name\":\"In\u00edcio\",\"item\":\"https:\\\/\\\/blogdofarnesio.com.br\\\/\"},{\"@type\":\"ListItem\",\"position\":2,\"name\":\"Prefeitura pavimentou mais de 220 quil\u00f4metros de ruas em Petrolina\"}]},{\"@type\":\"WebSite\",\"@id\":\"https:\\\/\\\/blogdofarnesio.com.br\\\/#website\",\"url\":\"https:\\\/\\\/blogdofarnesio.com.br\\\/\",\"name\":\"Blog do Farn\u00e9sio\",\"description\":\"Quer Saber Pol\u00edtica?\",\"publisher\":{\"@id\":\"https:\\\/\\\/blogdofarnesio.com.br\\\/#organization\"},\"potentialAction\":[{\"@type\":\"SearchAction\",\"target\":{\"@type\":\"EntryPoint\",\"urlTemplate\":\"https:\\\/\\\/blogdofarnesio.com.br\\\/?s={search_term_string}\"},\"query-input\":{\"@type\":\"PropertyValueSpecification\",\"valueRequired\":true,\"valueName\":\"search_term_string\"}}],\"inLanguage\":\"pt-BR\"},{\"@type\":\"Organization\",\"@id\":\"https:\\\/\\\/blogdofarnesio.com.br\\\/#organization\",\"name\":\"Blog do Farn\u00e9sio\",\"url\":\"https:\\\/\\\/blogdofarnesio.com.br\\\/\",\"logo\":{\"@type\":\"ImageObject\",\"inLanguage\":\"pt-BR\",\"@id\":\"https:\\\/\\\/blogdofarnesio.com.br\\\/#\\\/schema\\\/logo\\\/image\\\/\",\"url\":\"https:\\\/\\\/blogdofarnesio.com.br\\\/wp-content\\\/uploads\\\/2026\\\/03\\\/cropped-logo_new-1.png\",\"contentUrl\":\"https:\\\/\\\/blogdofarnesio.com.br\\\/wp-content\\\/uploads\\\/2026\\\/03\\\/cropped-logo_new-1.png\",\"width\":881,\"height\":685,\"caption\":\"Blog do Farn\u00e9sio\"},\"image\":{\"@id\":\"https:\\\/\\\/blogdofarnesio.com.br\\\/#\\\/schema\\\/logo\\\/image\\\/\"},\"sameAs\":[\"https:\\\/\\\/www.facebook.com\\\/BlogQuerSaberPolitica\\\/\"]},{\"@type\":\"Person\",\"@id\":\"https:\\\/\\\/blogdofarnesio.com.br\\\/#\\\/schema\\\/person\\\/301c4acf522bccbfdb45af95b5b906a1\",\"name\":\"Farn\u00e9sio\",\"image\":{\"@type\":\"ImageObject\",\"inLanguage\":\"pt-BR\",\"@id\":\"https:\\\/\\\/secure.gravatar.com\\\/avatar\\\/df0c9a14567c056f8ad6876ba5bbd1e3e2c48023eb6807342fc4663adf549f38?s=96&d=mm&r=g\",\"url\":\"https:\\\/\\\/secure.gravatar.com\\\/avatar\\\/df0c9a14567c056f8ad6876ba5bbd1e3e2c48023eb6807342fc4663adf549f38?s=96&d=mm&r=g\",\"contentUrl\":\"https:\\\/\\\/secure.gravatar.com\\\/avatar\\\/df0c9a14567c056f8ad6876ba5bbd1e3e2c48023eb6807342fc4663adf549f38?s=96&d=mm&r=g\",\"caption\":\"Farn\u00e9sio\"},\"sameAs\":[\"https:\\\/\\\/quersaberpolitica.com.br\"],\"url\":\"https:\\\/\\\/blogdofarnesio.com.br\\\/?author=1\"}]}<\/script>\n<!-- \/ Yoast SEO plugin. -->","yoast_head_json":{"title":"Prefeitura pavimentou mais de 220 quil\u00f4metros de ruas em Petrolina - Blog do Farn\u00e9sio","robots":{"index":"index","follow":"follow","max-snippet":"max-snippet:-1","max-image-preview":"max-image-preview:large","max-video-preview":"max-video-preview:-1"},"canonical":"https:\/\/blogdofarnesio.com.br\/?p=282818","og_locale":"pt_BR","og_type":"article","og_title":"Prefeitura pavimentou mais de 220 quil\u00f4metros de ruas em Petrolina - Blog do Farn\u00e9sio","og_description":"\u00a0\u00c9 certo que a Prefeitura de Petrolina vem investindo forte na infraestrutura do munic\u00edpio. O que pouca gente sabe \u00e9 que em cinco anos, foram pavimentados mais de 222 quil\u00f4metros de vias na Capital do Sert\u00e3o. Para se ter uma ideia do que isso representa, essa dist\u00e2ncia equivale a se deslocar para tr\u00eas cidades, partindo de Petrolina. Se fosse poss\u00edvel dar uma volta em todas as ruas que receberam melhorias no munic\u00edpio, uma pessoa poderia ir at\u00e9 Capim Grosso, cidade do munic\u00edpio baiano, Bet\u00e2nia no Piau\u00ed ou na terra do queijo de Pernambuco: Bodoc\u00f3. \u201cA pavimenta\u00e7\u00e3o tem sido um dos destaques da gest\u00e3o do prefeito Miguel Coelho. Quando a gente para pra pensar no quanto temos entregue a popula\u00e7\u00e3o, nos&hellip;","og_url":"https:\/\/blogdofarnesio.com.br\/?p=282818","og_site_name":"Blog do Farn\u00e9sio","article_publisher":"https:\/\/www.facebook.com\/BlogQuerSaberPolitica\/","article_published_time":"2021-04-11T12:00:14+00:00","og_image":[{"width":680,"height":453,"url":"https:\/\/blogdofarnesio.com.br\/wp-content\/uploads\/2020\/08\/Pavimenta\u00e7\u00e3o-irrigada-02-e1597495117429.jpeg","type":"image\/jpeg"}],"author":"Farn\u00e9sio","twitter_card":"summary_large_image","twitter_misc":{"Escrito por":"Farn\u00e9sio","Est. tempo de leitura":"2 minutos"},"schema":{"@context":"https:\/\/schema.org","@graph":[{"@type":"Article","@id":"https:\/\/blogdofarnesio.com.br\/?p=282818#article","isPartOf":{"@id":"https:\/\/blogdofarnesio.com.br\/?p=282818"},"author":{"name":"Farn\u00e9sio","@id":"https:\/\/blogdofarnesio.com.br\/#\/schema\/person\/301c4acf522bccbfdb45af95b5b906a1"},"headline":"Prefeitura pavimentou mais de 220 quil\u00f4metros de ruas em Petrolina","datePublished":"2021-04-11T12:00:14+00:00","mainEntityOfPage":{"@id":"https:\/\/blogdofarnesio.com.br\/?p=282818"},"wordCount":333,"publisher":{"@id":"https:\/\/blogdofarnesio.com.br\/#organization"},"image":{"@id":"https:\/\/blogdofarnesio.com.br\/?p=282818#primaryimage"},"thumbnailUrl":"https:\/\/blogdofarnesio.com.br\/wp-content\/uploads\/2020\/08\/Pavimenta\u00e7\u00e3o-irrigada-02-e1597495117429.jpeg","articleSection":["Administra\u00e7\u00e3o"],"inLanguage":"pt-BR"},{"@type":"WebPage","@id":"https:\/\/blogdofarnesio.com.br\/?p=282818","url":"https:\/\/blogdofarnesio.com.br\/?p=282818","name":"Prefeitura pavimentou mais de 220 quil\u00f4metros de ruas em Petrolina - Blog do Farn\u00e9sio","isPartOf":{"@id":"https:\/\/blogdofarnesio.com.br\/#website"},"primaryImageOfPage":{"@id":"https:\/\/blogdofarnesio.com.br\/?p=282818#primaryimage"},"image":{"@id":"https:\/\/blogdofarnesio.com.br\/?p=282818#primaryimage"},"thumbnailUrl":"https:\/\/blogdofarnesio.com.br\/wp-content\/uploads\/2020\/08\/Pavimenta\u00e7\u00e3o-irrigada-02-e1597495117429.jpeg","datePublished":"2021-04-11T12:00:14+00:00","breadcrumb":{"@id":"https:\/\/blogdofarnesio.com.br\/?p=282818#breadcrumb"},"inLanguage":"pt-BR","potentialAction":[{"@type":"ReadAction","target":["https:\/\/blogdofarnesio.com.br\/?p=282818"]}]},{"@type":"ImageObject","inLanguage":"pt-BR","@id":"https:\/\/blogdofarnesio.com.br\/?p=282818#primaryimage","url":"https:\/\/blogdofarnesio.com.br\/wp-content\/uploads\/2020\/08\/Pavimenta\u00e7\u00e3o-irrigada-02-e1597495117429.jpeg","contentUrl":"https:\/\/blogdofarnesio.com.br\/wp-content\/uploads\/2020\/08\/Pavimenta\u00e7\u00e3o-irrigada-02-e1597495117429.jpeg","width":680,"height":453},{"@type":"BreadcrumbList","@id":"https:\/\/blogdofarnesio.com.br\/?p=282818#breadcrumb","itemListElement":[{"@type":"ListItem","position":1,"name":"In\u00edcio","item":"https:\/\/blogdofarnesio.com.br\/"},{"@type":"ListItem","position":2,"name":"Prefeitura pavimentou mais de 220 quil\u00f4metros de ruas em Petrolina"}]},{"@type":"WebSite","@id":"https:\/\/blogdofarnesio.com.br\/#website","url":"https:\/\/blogdofarnesio.com.br\/","name":"Blog do Farn\u00e9sio","description":"Quer Saber Pol\u00edtica?","publisher":{"@id":"https:\/\/blogdofarnesio.com.br\/#organization"},"potentialAction":[{"@type":"SearchAction","target":{"@type":"EntryPoint","urlTemplate":"https:\/\/blogdofarnesio.com.br\/?s={search_term_string}"},"query-input":{"@type":"PropertyValueSpecification","valueRequired":true,"valueName":"search_term_string"}}],"inLanguage":"pt-BR"},{"@type":"Organization","@id":"https:\/\/blogdofarnesio.com.br\/#organization","name":"Blog do Farn\u00e9sio","url":"https:\/\/blogdofarnesio.com.br\/","logo":{"@type":"ImageObject","inLanguage":"pt-BR","@id":"https:\/\/blogdofarnesio.com.br\/#\/schema\/logo\/image\/","url":"https:\/\/blogdofarnesio.com.br\/wp-content\/uploads\/2026\/03\/cropped-logo_new-1.png","contentUrl":"https:\/\/blogdofarnesio.com.br\/wp-content\/uploads\/2026\/03\/cropped-logo_new-1.png","width":881,"height":685,"caption":"Blog do Farn\u00e9sio"},"image":{"@id":"https:\/\/blogdofarnesio.com.br\/#\/schema\/logo\/image\/"},"sameAs":["https:\/\/www.facebook.com\/BlogQuerSaberPolitica\/"]},{"@type":"Person","@id":"https:\/\/blogdofarnesio.com.br\/#\/schema\/person\/301c4acf522bccbfdb45af95b5b906a1","name":"Farn\u00e9sio","image":{"@type":"ImageObject","inLanguage":"pt-BR","@id":"https:\/\/secure.gravatar.com\/avatar\/df0c9a14567c056f8ad6876ba5bbd1e3e2c48023eb6807342fc4663adf549f38?s=96&d=mm&r=g","url":"https:\/\/secure.gravatar.com\/avatar\/df0c9a14567c056f8ad6876ba5bbd1e3e2c48023eb6807342fc4663adf549f38?s=96&d=mm&r=g","contentUrl":"https:\/\/secure.gravatar.com\/avatar\/df0c9a14567c056f8ad6876ba5bbd1e3e2c48023eb6807342fc4663adf549f38?s=96&d=mm&r=g","caption":"Farn\u00e9sio"},"sameAs":["https:\/\/quersaberpolitica.com.br"],"url":"https:\/\/blogdofarnesio.com.br\/?author=1"}]}},"_links":{"self":[{"href":"https:\/\/blogdofarnesio.com.br\/index.php?rest_route=\/wp\/v2\/posts\/282818","targetHints":{"allow":["GET"]}}],"collection":[{"href":"https:\/\/blogdofarnesio.com.br\/index.php?rest_route=\/wp\/v2\/posts"}],"about":[{"href":"https:\/\/blogdofarnesio.com.br\/index.php?rest_route=\/wp\/v2\/types\/post"}],"author":[{"embeddable":true,"href":"https:\/\/blogdofarnesio.com.br\/index.php?rest_route=\/wp\/v2\/users\/1"}],"replies":[{"embeddable":true,"href":"https:\/\/blogdofarnesio.com.br\/index.php?rest_route=%2Fwp%2Fv2%2Fcomments&post=282818"}],"version-history":[{"count":0,"href":"https:\/\/blogdofarnesio.com.br\/index.php?rest_route=\/wp\/v2\/posts\/282818\/revisions"}],"wp:featuredmedia":[{"embeddable":true,"href":"https:\/\/blogdofarnesio.com.br\/index.php?rest_route=\/wp\/v2\/media\/265041"}],"wp:attachment":[{"href":"https:\/\/blogdofarnesio.com.br\/index.php?rest_route=%2Fwp%2Fv2%2Fmedia&parent=282818"}],"wp:term":[{"taxonomy":"category","embeddable":true,"href":"https:\/\/blogdofarnesio.com.br\/index.php?rest_route=%2Fwp%2Fv2%2Fcategories&post=282818"},{"taxonomy":"post_tag","embeddable":true,"href":"https:\/\/blogdofarnesio.com.br\/index.php?rest_route=%2Fwp%2Fv2%2Ftags&post=282818"}],"curies":[{"name":"wp","href":"https:\/\/api.w.org\/{rel}","templated":true}]}}