{"id":282533,"date":"2021-04-06T17:20:23","date_gmt":"2021-04-06T20:20:23","guid":{"rendered":"http:\/\/quersaberpolitica.com.br\/2016\/?p=282533"},"modified":"2021-04-06T17:20:23","modified_gmt":"2021-04-06T20:20:23","slug":"juazeiro-registra-tres-obitos-por-covid-19-nesta-terca-feira","status":"publish","type":"post","link":"https:\/\/blogdofarnesio.com.br\/?p=282533","title":{"rendered":"Juazeiro registra tr\u00eas \u00f3bitos por Covid-19 nesta ter\u00e7a-feira"},"content":{"rendered":"<p>Juazeiro registrou tr\u00eas \u00f3bitos por complica\u00e7\u00f5es da Covid-19 e n\u00e3o contabilizou novos casos da doen\u00e7a nas \u00faltimas 24 horas.<\/p>\n<p>O Minist\u00e9rio da Sa\u00fade (MS) bloqueou nesta ter\u00e7a-feira (6), o sistema e-SUS VE, que fornece as informa\u00e7\u00f5es para o boletim epidemiol\u00f3gico.<\/p>\n<p>N\u00e3o foi poss\u00edvel a atualiza\u00e7\u00e3o do n\u00famero de casos confirmados, descartados, altas e casos ativos.<\/p>\n<p>De acordo com o informativo anterior, 11.834 moradores foram infectados desde o in\u00edcio da pandemia na cidade, dos quais 10.959 j\u00e1 est\u00e3o recuperados. Os casos descartados somam 22.430. Juazeiro tem 665 casos ativos do novo coronav\u00edrus.<\/p>\n<p>As mortes que constam no boletim desta ter\u00e7a s\u00e3o de uma mulher de 90 anos, de um homem de 81 e de um jovem de 35 anos. Os idosos faleceram no Hospital de Campanha, j\u00e1 o terceiro paciente morreu num hospital particular da cidade. Nenhum deles tinha relatos de comorbidades. Com isso, o munic\u00edpio contabiliza o total de 210 mortes pela Covid-19.<\/p>\n<p>Testes<\/p>\n<p>Foram realizados desde o in\u00edcio da pandemia 30.570 testes r\u00e1pidos pela prefeitura e 1.473 pelo Lacen, em Salvador.<\/p>\n<p>Ocupa\u00e7\u00e3o de leitos<\/p>\n<p>Dos internados regulados somente pela rede municipal, houve altera\u00e7\u00e3o nas \u00faltimas 24 horas. Na rede hospitalar, o percentual de ocupa\u00e7\u00e3o dos leitos para Juazeiro na rede PEBA (hospitais de Pernambuco e Bahia) \u00e9 de 92%, com 17 leitos dispon\u00edveis. Somente em Juazeiro, 93% dos leitos para pacientes com Covid-19 est\u00e3o ocupados, com 2 leitos dispon\u00edveis.<\/p>\n<p>Imuniza\u00e7\u00e3o<img loading=\"lazy\" decoding=\"async\" class=\"aligncenter size-full wp-image-282534\" src=\"http:\/\/quersaberpolitica.com.br\/2016\/wp-content\/uploads\/2021\/04\/Vacinometro-06-04.jpeg\" alt=\"\" width=\"1280\" height=\"1280\" srcset=\"https:\/\/blogdofarnesio.com.br\/wp-content\/uploads\/2021\/04\/Vacinometro-06-04.jpeg 1280w, https:\/\/blogdofarnesio.com.br\/wp-content\/uploads\/2021\/04\/Vacinometro-06-04-300x300.jpeg 300w, https:\/\/blogdofarnesio.com.br\/wp-content\/uploads\/2021\/04\/Vacinometro-06-04-1024x1024.jpeg 1024w, https:\/\/blogdofarnesio.com.br\/wp-content\/uploads\/2021\/04\/Vacinometro-06-04-150x150.jpeg 150w, https:\/\/blogdofarnesio.com.br\/wp-content\/uploads\/2021\/04\/Vacinometro-06-04-768x768.jpeg 768w, https:\/\/blogdofarnesio.com.br\/wp-content\/uploads\/2021\/04\/Vacinometro-06-04-360x360.jpeg 360w, https:\/\/blogdofarnesio.com.br\/wp-content\/uploads\/2021\/04\/Vacinometro-06-04-750x750.jpeg 750w, https:\/\/blogdofarnesio.com.br\/wp-content\/uploads\/2021\/04\/Vacinometro-06-04-60x60.jpeg 60w, https:\/\/blogdofarnesio.com.br\/wp-content\/uploads\/2021\/04\/Vacinometro-06-04-200x200.jpeg 200w\" sizes=\"auto, (max-width: 1280px) 100vw, 1280px\" \/><\/p>\n<p>A Prefeitura de Juazeiro aguarda a chegada de mais doses de vacina contra o coronav\u00edrus, para que a Secretaria de Sa\u00fade do Munic\u00edpio prossiga vacinando o p\u00fablico alvo da Fase 1 da campanha, de acordo com o Plano Nacional de Imuniza\u00e7\u00e3o.<\/p>\n<p>Texto: Maria Lima &#8211; Assessora de Imprensa da Secretaria de Sa\u00fade<\/p>\n","protected":false},"excerpt":{"rendered":"<p>Juazeiro registrou tr\u00eas \u00f3bitos por complica\u00e7\u00f5es da Covid-19 e n\u00e3o contabilizou novos casos da doen\u00e7a nas \u00faltimas 24 horas. O Minist\u00e9rio da Sa\u00fade (MS) bloqueou nesta ter\u00e7a-feira (6), o sistema e-SUS VE, que fornece as informa\u00e7\u00f5es para o boletim epidemiol\u00f3gico. N\u00e3o foi poss\u00edvel a atualiza\u00e7\u00e3o do n\u00famero de casos confirmados, descartados, altas e casos ativos. De acordo com o informativo anterior, 11.834 moradores foram infectados desde o in\u00edcio da pandemia na cidade, dos quais 10.959 j\u00e1 est\u00e3o recuperados. Os casos descartados somam 22.430. Juazeiro tem 665 casos ativos do novo coronav\u00edrus. As mortes que constam no boletim desta ter\u00e7a s\u00e3o de uma mulher de 90 anos, de um homem de 81 e de um jovem de 35 anos. Os idosos&hellip; <\/p>\n","protected":false},"author":1,"featured_media":282535,"comment_status":"closed","ping_status":"closed","sticky":false,"template":"","format":"standard","meta":{"_acf_changed":false,"footnotes":""},"categories":[4],"tags":[],"class_list":["post-282533","post","type-post","status-publish","format-standard","has-post-thumbnail","hentry","category-saude"],"acf":[],"yoast_head":"<!-- This site is optimized with the Yoast SEO plugin v27.4 - https:\/\/yoast.com\/product\/yoast-seo-wordpress\/ -->\n<title>Juazeiro registra tr\u00eas \u00f3bitos por Covid-19 nesta ter\u00e7a-feira - Blog do Farn\u00e9sio<\/title>\n<meta name=\"robots\" content=\"index, follow, max-snippet:-1, max-image-preview:large, max-video-preview:-1\" \/>\n<link rel=\"canonical\" href=\"https:\/\/blogdofarnesio.com.br\/?p=282533\" \/>\n<meta property=\"og:locale\" content=\"pt_BR\" \/>\n<meta property=\"og:type\" content=\"article\" \/>\n<meta property=\"og:title\" content=\"Juazeiro registra tr\u00eas \u00f3bitos por Covid-19 nesta ter\u00e7a-feira - Blog do Farn\u00e9sio\" \/>\n<meta property=\"og:description\" content=\"Juazeiro registrou tr\u00eas \u00f3bitos por complica\u00e7\u00f5es da Covid-19 e n\u00e3o contabilizou novos casos da doen\u00e7a nas \u00faltimas 24 horas. O Minist\u00e9rio da Sa\u00fade (MS) bloqueou nesta ter\u00e7a-feira (6), o sistema e-SUS VE, que fornece as informa\u00e7\u00f5es para o boletim epidemiol\u00f3gico. N\u00e3o foi poss\u00edvel a atualiza\u00e7\u00e3o do n\u00famero de casos confirmados, descartados, altas e casos ativos. De acordo com o informativo anterior, 11.834 moradores foram infectados desde o in\u00edcio da pandemia na cidade, dos quais 10.959 j\u00e1 est\u00e3o recuperados. Os casos descartados somam 22.430. Juazeiro tem 665 casos ativos do novo coronav\u00edrus. As mortes que constam no boletim desta ter\u00e7a s\u00e3o de uma mulher de 90 anos, de um homem de 81 e de um jovem de 35 anos. Os idosos&hellip;\" \/>\n<meta property=\"og:url\" content=\"https:\/\/blogdofarnesio.com.br\/?p=282533\" \/>\n<meta property=\"og:site_name\" content=\"Blog do Farn\u00e9sio\" \/>\n<meta property=\"article:publisher\" content=\"https:\/\/www.facebook.com\/BlogQuerSaberPolitica\/\" \/>\n<meta property=\"article:published_time\" content=\"2021-04-06T20:20:23+00:00\" \/>\n<meta property=\"og:image\" content=\"https:\/\/blogdofarnesio.com.br\/wp-content\/uploads\/2021\/04\/Boletim-06-04-.jpeg\" \/>\n\t<meta property=\"og:image:width\" content=\"1280\" \/>\n\t<meta property=\"og:image:height\" content=\"1280\" \/>\n\t<meta property=\"og:image:type\" content=\"image\/jpeg\" \/>\n<meta name=\"author\" content=\"Farn\u00e9sio\" \/>\n<meta name=\"twitter:card\" content=\"summary_large_image\" \/>\n<meta name=\"twitter:label1\" content=\"Escrito por\" \/>\n\t<meta name=\"twitter:data1\" content=\"Farn\u00e9sio\" \/>\n\t<meta name=\"twitter:label2\" content=\"Est. tempo de leitura\" \/>\n\t<meta name=\"twitter:data2\" content=\"1 minuto\" \/>\n<script type=\"application\/ld+json\" class=\"yoast-schema-graph\">{\"@context\":\"https:\\\/\\\/schema.org\",\"@graph\":[{\"@type\":\"Article\",\"@id\":\"https:\\\/\\\/blogdofarnesio.com.br\\\/?p=282533#article\",\"isPartOf\":{\"@id\":\"https:\\\/\\\/blogdofarnesio.com.br\\\/?p=282533\"},\"author\":{\"name\":\"Farn\u00e9sio\",\"@id\":\"https:\\\/\\\/blogdofarnesio.com.br\\\/#\\\/schema\\\/person\\\/301c4acf522bccbfdb45af95b5b906a1\"},\"headline\":\"Juazeiro registra tr\u00eas \u00f3bitos por Covid-19 nesta ter\u00e7a-feira\",\"datePublished\":\"2021-04-06T20:20:23+00:00\",\"mainEntityOfPage\":{\"@id\":\"https:\\\/\\\/blogdofarnesio.com.br\\\/?p=282533\"},\"wordCount\":308,\"publisher\":{\"@id\":\"https:\\\/\\\/blogdofarnesio.com.br\\\/#organization\"},\"image\":{\"@id\":\"https:\\\/\\\/blogdofarnesio.com.br\\\/?p=282533#primaryimage\"},\"thumbnailUrl\":\"https:\\\/\\\/blogdofarnesio.com.br\\\/wp-content\\\/uploads\\\/2021\\\/04\\\/Boletim-06-04-.jpeg\",\"articleSection\":[\"Sa\u00fade\"],\"inLanguage\":\"pt-BR\"},{\"@type\":\"WebPage\",\"@id\":\"https:\\\/\\\/blogdofarnesio.com.br\\\/?p=282533\",\"url\":\"https:\\\/\\\/blogdofarnesio.com.br\\\/?p=282533\",\"name\":\"Juazeiro registra tr\u00eas \u00f3bitos por Covid-19 nesta ter\u00e7a-feira - Blog do Farn\u00e9sio\",\"isPartOf\":{\"@id\":\"https:\\\/\\\/blogdofarnesio.com.br\\\/#website\"},\"primaryImageOfPage\":{\"@id\":\"https:\\\/\\\/blogdofarnesio.com.br\\\/?p=282533#primaryimage\"},\"image\":{\"@id\":\"https:\\\/\\\/blogdofarnesio.com.br\\\/?p=282533#primaryimage\"},\"thumbnailUrl\":\"https:\\\/\\\/blogdofarnesio.com.br\\\/wp-content\\\/uploads\\\/2021\\\/04\\\/Boletim-06-04-.jpeg\",\"datePublished\":\"2021-04-06T20:20:23+00:00\",\"breadcrumb\":{\"@id\":\"https:\\\/\\\/blogdofarnesio.com.br\\\/?p=282533#breadcrumb\"},\"inLanguage\":\"pt-BR\",\"potentialAction\":[{\"@type\":\"ReadAction\",\"target\":[\"https:\\\/\\\/blogdofarnesio.com.br\\\/?p=282533\"]}]},{\"@type\":\"ImageObject\",\"inLanguage\":\"pt-BR\",\"@id\":\"https:\\\/\\\/blogdofarnesio.com.br\\\/?p=282533#primaryimage\",\"url\":\"https:\\\/\\\/blogdofarnesio.com.br\\\/wp-content\\\/uploads\\\/2021\\\/04\\\/Boletim-06-04-.jpeg\",\"contentUrl\":\"https:\\\/\\\/blogdofarnesio.com.br\\\/wp-content\\\/uploads\\\/2021\\\/04\\\/Boletim-06-04-.jpeg\",\"width\":1280,\"height\":1280},{\"@type\":\"BreadcrumbList\",\"@id\":\"https:\\\/\\\/blogdofarnesio.com.br\\\/?p=282533#breadcrumb\",\"itemListElement\":[{\"@type\":\"ListItem\",\"position\":1,\"name\":\"In\u00edcio\",\"item\":\"https:\\\/\\\/blogdofarnesio.com.br\\\/\"},{\"@type\":\"ListItem\",\"position\":2,\"name\":\"Juazeiro registra tr\u00eas \u00f3bitos por Covid-19 nesta ter\u00e7a-feira\"}]},{\"@type\":\"WebSite\",\"@id\":\"https:\\\/\\\/blogdofarnesio.com.br\\\/#website\",\"url\":\"https:\\\/\\\/blogdofarnesio.com.br\\\/\",\"name\":\"Blog do Farn\u00e9sio\",\"description\":\"Quer Saber Pol\u00edtica?\",\"publisher\":{\"@id\":\"https:\\\/\\\/blogdofarnesio.com.br\\\/#organization\"},\"potentialAction\":[{\"@type\":\"SearchAction\",\"target\":{\"@type\":\"EntryPoint\",\"urlTemplate\":\"https:\\\/\\\/blogdofarnesio.com.br\\\/?s={search_term_string}\"},\"query-input\":{\"@type\":\"PropertyValueSpecification\",\"valueRequired\":true,\"valueName\":\"search_term_string\"}}],\"inLanguage\":\"pt-BR\"},{\"@type\":\"Organization\",\"@id\":\"https:\\\/\\\/blogdofarnesio.com.br\\\/#organization\",\"name\":\"Blog do Farn\u00e9sio\",\"url\":\"https:\\\/\\\/blogdofarnesio.com.br\\\/\",\"logo\":{\"@type\":\"ImageObject\",\"inLanguage\":\"pt-BR\",\"@id\":\"https:\\\/\\\/blogdofarnesio.com.br\\\/#\\\/schema\\\/logo\\\/image\\\/\",\"url\":\"https:\\\/\\\/blogdofarnesio.com.br\\\/wp-content\\\/uploads\\\/2026\\\/03\\\/cropped-logo_new-1.png\",\"contentUrl\":\"https:\\\/\\\/blogdofarnesio.com.br\\\/wp-content\\\/uploads\\\/2026\\\/03\\\/cropped-logo_new-1.png\",\"width\":881,\"height\":685,\"caption\":\"Blog do Farn\u00e9sio\"},\"image\":{\"@id\":\"https:\\\/\\\/blogdofarnesio.com.br\\\/#\\\/schema\\\/logo\\\/image\\\/\"},\"sameAs\":[\"https:\\\/\\\/www.facebook.com\\\/BlogQuerSaberPolitica\\\/\"]},{\"@type\":\"Person\",\"@id\":\"https:\\\/\\\/blogdofarnesio.com.br\\\/#\\\/schema\\\/person\\\/301c4acf522bccbfdb45af95b5b906a1\",\"name\":\"Farn\u00e9sio\",\"image\":{\"@type\":\"ImageObject\",\"inLanguage\":\"pt-BR\",\"@id\":\"https:\\\/\\\/secure.gravatar.com\\\/avatar\\\/df0c9a14567c056f8ad6876ba5bbd1e3e2c48023eb6807342fc4663adf549f38?s=96&d=mm&r=g\",\"url\":\"https:\\\/\\\/secure.gravatar.com\\\/avatar\\\/df0c9a14567c056f8ad6876ba5bbd1e3e2c48023eb6807342fc4663adf549f38?s=96&d=mm&r=g\",\"contentUrl\":\"https:\\\/\\\/secure.gravatar.com\\\/avatar\\\/df0c9a14567c056f8ad6876ba5bbd1e3e2c48023eb6807342fc4663adf549f38?s=96&d=mm&r=g\",\"caption\":\"Farn\u00e9sio\"},\"sameAs\":[\"https:\\\/\\\/quersaberpolitica.com.br\"],\"url\":\"https:\\\/\\\/blogdofarnesio.com.br\\\/?author=1\"}]}<\/script>\n<!-- \/ Yoast SEO plugin. -->","yoast_head_json":{"title":"Juazeiro registra tr\u00eas \u00f3bitos por Covid-19 nesta ter\u00e7a-feira - Blog do Farn\u00e9sio","robots":{"index":"index","follow":"follow","max-snippet":"max-snippet:-1","max-image-preview":"max-image-preview:large","max-video-preview":"max-video-preview:-1"},"canonical":"https:\/\/blogdofarnesio.com.br\/?p=282533","og_locale":"pt_BR","og_type":"article","og_title":"Juazeiro registra tr\u00eas \u00f3bitos por Covid-19 nesta ter\u00e7a-feira - Blog do Farn\u00e9sio","og_description":"Juazeiro registrou tr\u00eas \u00f3bitos por complica\u00e7\u00f5es da Covid-19 e n\u00e3o contabilizou novos casos da doen\u00e7a nas \u00faltimas 24 horas. O Minist\u00e9rio da Sa\u00fade (MS) bloqueou nesta ter\u00e7a-feira (6), o sistema e-SUS VE, que fornece as informa\u00e7\u00f5es para o boletim epidemiol\u00f3gico. N\u00e3o foi poss\u00edvel a atualiza\u00e7\u00e3o do n\u00famero de casos confirmados, descartados, altas e casos ativos. De acordo com o informativo anterior, 11.834 moradores foram infectados desde o in\u00edcio da pandemia na cidade, dos quais 10.959 j\u00e1 est\u00e3o recuperados. Os casos descartados somam 22.430. Juazeiro tem 665 casos ativos do novo coronav\u00edrus. As mortes que constam no boletim desta ter\u00e7a s\u00e3o de uma mulher de 90 anos, de um homem de 81 e de um jovem de 35 anos. Os idosos&hellip;","og_url":"https:\/\/blogdofarnesio.com.br\/?p=282533","og_site_name":"Blog do Farn\u00e9sio","article_publisher":"https:\/\/www.facebook.com\/BlogQuerSaberPolitica\/","article_published_time":"2021-04-06T20:20:23+00:00","og_image":[{"width":1280,"height":1280,"url":"https:\/\/blogdofarnesio.com.br\/wp-content\/uploads\/2021\/04\/Boletim-06-04-.jpeg","type":"image\/jpeg"}],"author":"Farn\u00e9sio","twitter_card":"summary_large_image","twitter_misc":{"Escrito por":"Farn\u00e9sio","Est. tempo de leitura":"1 minuto"},"schema":{"@context":"https:\/\/schema.org","@graph":[{"@type":"Article","@id":"https:\/\/blogdofarnesio.com.br\/?p=282533#article","isPartOf":{"@id":"https:\/\/blogdofarnesio.com.br\/?p=282533"},"author":{"name":"Farn\u00e9sio","@id":"https:\/\/blogdofarnesio.com.br\/#\/schema\/person\/301c4acf522bccbfdb45af95b5b906a1"},"headline":"Juazeiro registra tr\u00eas \u00f3bitos por Covid-19 nesta ter\u00e7a-feira","datePublished":"2021-04-06T20:20:23+00:00","mainEntityOfPage":{"@id":"https:\/\/blogdofarnesio.com.br\/?p=282533"},"wordCount":308,"publisher":{"@id":"https:\/\/blogdofarnesio.com.br\/#organization"},"image":{"@id":"https:\/\/blogdofarnesio.com.br\/?p=282533#primaryimage"},"thumbnailUrl":"https:\/\/blogdofarnesio.com.br\/wp-content\/uploads\/2021\/04\/Boletim-06-04-.jpeg","articleSection":["Sa\u00fade"],"inLanguage":"pt-BR"},{"@type":"WebPage","@id":"https:\/\/blogdofarnesio.com.br\/?p=282533","url":"https:\/\/blogdofarnesio.com.br\/?p=282533","name":"Juazeiro registra tr\u00eas \u00f3bitos por Covid-19 nesta ter\u00e7a-feira - Blog do Farn\u00e9sio","isPartOf":{"@id":"https:\/\/blogdofarnesio.com.br\/#website"},"primaryImageOfPage":{"@id":"https:\/\/blogdofarnesio.com.br\/?p=282533#primaryimage"},"image":{"@id":"https:\/\/blogdofarnesio.com.br\/?p=282533#primaryimage"},"thumbnailUrl":"https:\/\/blogdofarnesio.com.br\/wp-content\/uploads\/2021\/04\/Boletim-06-04-.jpeg","datePublished":"2021-04-06T20:20:23+00:00","breadcrumb":{"@id":"https:\/\/blogdofarnesio.com.br\/?p=282533#breadcrumb"},"inLanguage":"pt-BR","potentialAction":[{"@type":"ReadAction","target":["https:\/\/blogdofarnesio.com.br\/?p=282533"]}]},{"@type":"ImageObject","inLanguage":"pt-BR","@id":"https:\/\/blogdofarnesio.com.br\/?p=282533#primaryimage","url":"https:\/\/blogdofarnesio.com.br\/wp-content\/uploads\/2021\/04\/Boletim-06-04-.jpeg","contentUrl":"https:\/\/blogdofarnesio.com.br\/wp-content\/uploads\/2021\/04\/Boletim-06-04-.jpeg","width":1280,"height":1280},{"@type":"BreadcrumbList","@id":"https:\/\/blogdofarnesio.com.br\/?p=282533#breadcrumb","itemListElement":[{"@type":"ListItem","position":1,"name":"In\u00edcio","item":"https:\/\/blogdofarnesio.com.br\/"},{"@type":"ListItem","position":2,"name":"Juazeiro registra tr\u00eas \u00f3bitos por Covid-19 nesta ter\u00e7a-feira"}]},{"@type":"WebSite","@id":"https:\/\/blogdofarnesio.com.br\/#website","url":"https:\/\/blogdofarnesio.com.br\/","name":"Blog do Farn\u00e9sio","description":"Quer Saber Pol\u00edtica?","publisher":{"@id":"https:\/\/blogdofarnesio.com.br\/#organization"},"potentialAction":[{"@type":"SearchAction","target":{"@type":"EntryPoint","urlTemplate":"https:\/\/blogdofarnesio.com.br\/?s={search_term_string}"},"query-input":{"@type":"PropertyValueSpecification","valueRequired":true,"valueName":"search_term_string"}}],"inLanguage":"pt-BR"},{"@type":"Organization","@id":"https:\/\/blogdofarnesio.com.br\/#organization","name":"Blog do Farn\u00e9sio","url":"https:\/\/blogdofarnesio.com.br\/","logo":{"@type":"ImageObject","inLanguage":"pt-BR","@id":"https:\/\/blogdofarnesio.com.br\/#\/schema\/logo\/image\/","url":"https:\/\/blogdofarnesio.com.br\/wp-content\/uploads\/2026\/03\/cropped-logo_new-1.png","contentUrl":"https:\/\/blogdofarnesio.com.br\/wp-content\/uploads\/2026\/03\/cropped-logo_new-1.png","width":881,"height":685,"caption":"Blog do Farn\u00e9sio"},"image":{"@id":"https:\/\/blogdofarnesio.com.br\/#\/schema\/logo\/image\/"},"sameAs":["https:\/\/www.facebook.com\/BlogQuerSaberPolitica\/"]},{"@type":"Person","@id":"https:\/\/blogdofarnesio.com.br\/#\/schema\/person\/301c4acf522bccbfdb45af95b5b906a1","name":"Farn\u00e9sio","image":{"@type":"ImageObject","inLanguage":"pt-BR","@id":"https:\/\/secure.gravatar.com\/avatar\/df0c9a14567c056f8ad6876ba5bbd1e3e2c48023eb6807342fc4663adf549f38?s=96&d=mm&r=g","url":"https:\/\/secure.gravatar.com\/avatar\/df0c9a14567c056f8ad6876ba5bbd1e3e2c48023eb6807342fc4663adf549f38?s=96&d=mm&r=g","contentUrl":"https:\/\/secure.gravatar.com\/avatar\/df0c9a14567c056f8ad6876ba5bbd1e3e2c48023eb6807342fc4663adf549f38?s=96&d=mm&r=g","caption":"Farn\u00e9sio"},"sameAs":["https:\/\/quersaberpolitica.com.br"],"url":"https:\/\/blogdofarnesio.com.br\/?author=1"}]}},"_links":{"self":[{"href":"https:\/\/blogdofarnesio.com.br\/index.php?rest_route=\/wp\/v2\/posts\/282533","targetHints":{"allow":["GET"]}}],"collection":[{"href":"https:\/\/blogdofarnesio.com.br\/index.php?rest_route=\/wp\/v2\/posts"}],"about":[{"href":"https:\/\/blogdofarnesio.com.br\/index.php?rest_route=\/wp\/v2\/types\/post"}],"author":[{"embeddable":true,"href":"https:\/\/blogdofarnesio.com.br\/index.php?rest_route=\/wp\/v2\/users\/1"}],"replies":[{"embeddable":true,"href":"https:\/\/blogdofarnesio.com.br\/index.php?rest_route=%2Fwp%2Fv2%2Fcomments&post=282533"}],"version-history":[{"count":0,"href":"https:\/\/blogdofarnesio.com.br\/index.php?rest_route=\/wp\/v2\/posts\/282533\/revisions"}],"wp:featuredmedia":[{"embeddable":true,"href":"https:\/\/blogdofarnesio.com.br\/index.php?rest_route=\/wp\/v2\/media\/282535"}],"wp:attachment":[{"href":"https:\/\/blogdofarnesio.com.br\/index.php?rest_route=%2Fwp%2Fv2%2Fmedia&parent=282533"}],"wp:term":[{"taxonomy":"category","embeddable":true,"href":"https:\/\/blogdofarnesio.com.br\/index.php?rest_route=%2Fwp%2Fv2%2Fcategories&post=282533"},{"taxonomy":"post_tag","embeddable":true,"href":"https:\/\/blogdofarnesio.com.br\/index.php?rest_route=%2Fwp%2Fv2%2Ftags&post=282533"}],"curies":[{"name":"wp","href":"https:\/\/api.w.org\/{rel}","templated":true}]}}