{"id":282301,"date":"2021-04-03T10:00:14","date_gmt":"2021-04-03T13:00:14","guid":{"rendered":"http:\/\/quersaberpolitica.com.br\/2016\/?p=282301"},"modified":"2021-04-02T19:16:20","modified_gmt":"2021-04-02T22:16:20","slug":"lula-afirma-que-vai-ser-candidato-a-presidente-do-brasil-em-tv-portuguesa","status":"publish","type":"post","link":"https:\/\/blogdofarnesio.com.br\/?p=282301","title":{"rendered":"Lula afirma que vai ser candidato a presidente do Brasil, em TV portuguesa"},"content":{"rendered":"<header>\n<p class=\"author\"><a class=\"author url fn\" title=\"Posts de Poder360\" href=\"https:\/\/www.poder360.com.br\/author\/do-poder360\/\" rel=\"author\">PODER360 &#8211;\u00a0<\/a><\/p>\n<\/header>\n<div class=\"content wp js-mediator-article\" data-ga-ano=\"2021\" data-ga-categoria=\"Brasil\" data-ga-autor=\"Poder360\">\n<p>O ex-presidente Luiz In\u00e1cio Lula da Silva disse que ser\u00e1 candidato a presidente em 2022. A declara\u00e7\u00e3o foi feita nesta 6\u00aa feira (2.abr.2021), em\u00a0<a href=\"https:\/\/www.rtp.pt\/noticias\/mundo\/lula-da-silva-reconheceu-a-rtp-que-vai-ser-candidato-no-brasil_v1309431\" target=\"_blank\" rel=\"noopener\">entrevista<\/a>\u00a0ao canal de TV portugu\u00eas\u00a0<em>RTP<\/em>.<\/p>\n<p>Lula comparou sua situa\u00e7\u00e3o com a do presidente norte-americano Joe Biden.\u00a0<em>\u201cO Biden \u00e9 mais velho do que eu, ou seja, quando eu for candidato vou ter um ano a menos do que ele. Portanto, se eu estiver com sa\u00fade e for necess\u00e1rio cumprir mais uma tarefa, pode ficar certo que eu estarei na briga\u201d<\/em>. Biden tem 78 anos de idade, e Lula, 75.<\/p>\n<p>Antes da fala, Lula havia dito na entrevista que a candidatura n\u00e3o \u00e9 sua prioridade pessoal, e que iria esperar 2022 para decidir. Afirmou que \u00e9 preciso focar aten\u00e7\u00e3o em vacinar as pessoas e viabilizar um aux\u00edlio emergencial de R$ 600, al\u00e9m de uma ajuda a micro e pequenos empres\u00e1rios e de uma pol\u00edtica de gera\u00e7\u00e3o de empregos.<\/p>\n<p><em>\u201cNecessariamente eu n\u00e3o preciso ser candidato a presidente da Rep\u00fablica. Obviamente que n\u00e3o vou dizer que n\u00e3o sou, nem vou dizer que sou. N\u00f3s vamos esperar chegar 2022, vamos precisar saber como estar\u00e1 o quadro politico. A \u00fanica verdade que sei \u00e9 que Bolsonaro n\u00e3o pode continuar governando o Brasil\u201d<\/em>, declarou.<\/p>\n<p>Sobre o presidente Jair Bolsonaro, Lula minimizou a crise que come\u00e7ou com a\u00a0<a href=\"https:\/\/www.poder360.com.br\/governo\/fernando-azevedo-e-silva-pede-demissao\/\" target=\"_blank\" rel=\"noopener\">sa\u00edda<\/a>\u00a0do ministro da Defesa, Fernando Azevedo e Silva, e que envolveu a\u00a0<a href=\"https:\/\/www.poder360.com.br\/governo\/comandantes-das-forcas-armadas-anunciam-demissao\/\" target=\"_blank\" rel=\"noopener\">ren\u00fancia<\/a>\u00a0dos comandantes militares do Ex\u00e9rcito, Marinha e Aeron\u00e1utica.<\/p>\n<p><em>\u201cAs mudan\u00e7as que Bolsonaro fez s\u00e3o normais. O presidente teve um desentendimento com o ministro da Defesa, e resolveu trocar o ministro. Eu n\u00e3o vejo isso como sinal de crise\u201d.<\/em><\/p>\n<p>Lula criticou a escolha do diplomata Carlos Alberto Franco Fran\u00e7a para o minist\u00e9rio das Rela\u00e7\u00f5es Exteriores. Entende que o nomeado n\u00e3o tem experi\u00eancia para o cargo.\u00a0<em>\u201cIsso \u00e9 muito ruim para as rela\u00e7\u00f5es exteriores, porque o Brasil chegou a ser quase um protagonista internacional, e hoje \u00e9 tratado como um pa\u00eds insignificante\u201d.<\/em><\/p>\n<p class=\"p1\">O ex-presidente tamb\u00e9m falou sobre Sergio Moro. Disse que o ex-juiz e ex-ministro foi<em>\u00a0\u201cuma caricatura inventada pela imprensa brasileira, que foi transformado quase num semi-deus\u201d<\/em>. Disse que partes da opera\u00e7\u00e3o Lava Jato e do MPF (Minist\u00e9rio P\u00fablico Federal) estavam a servi\u00e7o dos interesses de empresas norte-americanas<em>, \u201cpara tentar quebrar a Petrobras\u201d.\u00a0<\/em><\/p>\n<p>Na vis\u00e3o de Lula, deveria ter sido criada uma governan\u00e7a mundial para combater a pandemia.\u00a0<em>\u201cO secret\u00e1rio-geral da ONU (Organiza\u00e7\u00e3o das Na\u00e7\u00f5es Unidas), Ant\u00f3nio Guterres, j\u00e1 poderia ter convocado uma reuni\u00e3o especial da ONU para discutir a covid-19, discutir quem vai financiar a vacina. N\u00e3o \u00e9 poss\u00edvel que o mundo n\u00e3o esteja reunido para discutir como enfrentar a covid-19\u201d.<\/em><\/p>\n<p>Questionado sobre a situa\u00e7\u00e3o da Venezuela, Lula disse que o problema do pa\u00eds \u00e9 dos venezuelanos.\u00a0<em>\u201cEu fiquei envergonhado quando vi l\u00edderes europeus acompanhar o Trump e tentar eleger um embuste para ser o presidente, que era aquele Guaid\u00f3. Com todos os defeitos, teve uma elei\u00e7\u00e3o na Venezuela que foi acompanhada por muita gente no mundo, e ningu\u00e9m disse que foi roubada\u201d.\u00a0<\/em><\/p>\n<p>&nbsp;<\/p>\n<div class=\"twitter-tweet twitter-tweet-rendered\"><iframe id=\"twitter-widget-0\" class=\"\" title=\"Twitter Tweet\" src=\"https:\/\/platform.twitter.com\/embed\/Tweet.html?dnt=false&amp;embedId=twitter-widget-0&amp;frame=false&amp;hideCard=false&amp;hideThread=false&amp;id=1378071937235099649&amp;lang=pt&amp;origin=https%3A%2F%2Fwww.poder360.com.br%2Feleicoes%2Flula-afirma-que-vai-ser-candidato-a-presidente-em-tv-portuguesa%2F&amp;siteScreenName=Poder360&amp;theme=light&amp;widgetsVersion=e1ffbdb%3A1614796141937&amp;width=550px\" frameborder=\"0\" scrolling=\"no\" allowfullscreen=\"allowfullscreen\" data-tweet-id=\"1378071937235099649\" data-mce-fragment=\"1\"><\/iframe><\/div>\n<p>&nbsp;<\/p>\n<\/div>\n<footer>\n<div class=\"mod mod-trust-project\">\n<div class=\"logo-trust row text-center-xs\">\n<div class=\"col lg9 xs12\">\n<h3>O Poder360 integra o<\/h3>\n<\/div>\n<\/div>\n<\/div>\n<\/footer>\n","protected":false},"excerpt":{"rendered":"<p>PODER360 &#8211;\u00a0 O ex-presidente Luiz In\u00e1cio Lula da Silva disse que ser\u00e1 candidato a presidente em 2022. A declara\u00e7\u00e3o foi feita nesta 6\u00aa feira (2.abr.2021), em\u00a0entrevista\u00a0ao canal de TV portugu\u00eas\u00a0RTP. Lula comparou sua situa\u00e7\u00e3o com a do presidente norte-americano Joe Biden.\u00a0\u201cO Biden \u00e9 mais velho do que eu, ou seja, quando eu for candidato vou ter um ano a menos do que ele. Portanto, se eu estiver com sa\u00fade e for necess\u00e1rio cumprir mais uma tarefa, pode ficar certo que eu estarei na briga\u201d. Biden tem 78 anos de idade, e Lula, 75. Antes da fala, Lula havia dito na entrevista que a candidatura n\u00e3o \u00e9 sua prioridade pessoal, e que iria esperar 2022 para decidir. Afirmou que \u00e9 preciso&hellip; <\/p>\n","protected":false},"author":1,"featured_media":276987,"comment_status":"closed","ping_status":"closed","sticky":false,"template":"","format":"standard","meta":{"_acf_changed":false,"footnotes":""},"categories":[1],"tags":[],"class_list":["post-282301","post","type-post","status-publish","format-standard","has-post-thumbnail","hentry","category-politica"],"acf":[],"yoast_head":"<!-- This site is optimized with the Yoast SEO plugin v27.4 - https:\/\/yoast.com\/product\/yoast-seo-wordpress\/ -->\n<title>Lula afirma que vai ser candidato a presidente do Brasil, em TV portuguesa - Blog do Farn\u00e9sio<\/title>\n<meta name=\"robots\" content=\"index, follow, max-snippet:-1, max-image-preview:large, max-video-preview:-1\" \/>\n<link rel=\"canonical\" href=\"https:\/\/blogdofarnesio.com.br\/?p=282301\" \/>\n<meta property=\"og:locale\" content=\"pt_BR\" \/>\n<meta property=\"og:type\" content=\"article\" \/>\n<meta property=\"og:title\" content=\"Lula afirma que vai ser candidato a presidente do Brasil, em TV portuguesa - Blog do Farn\u00e9sio\" \/>\n<meta property=\"og:description\" content=\"PODER360 &#8211;\u00a0 O ex-presidente Luiz In\u00e1cio Lula da Silva disse que ser\u00e1 candidato a presidente em 2022. A declara\u00e7\u00e3o foi feita nesta 6\u00aa feira (2.abr.2021), em\u00a0entrevista\u00a0ao canal de TV portugu\u00eas\u00a0RTP. Lula comparou sua situa\u00e7\u00e3o com a do presidente norte-americano Joe Biden.\u00a0\u201cO Biden \u00e9 mais velho do que eu, ou seja, quando eu for candidato vou ter um ano a menos do que ele. Portanto, se eu estiver com sa\u00fade e for necess\u00e1rio cumprir mais uma tarefa, pode ficar certo que eu estarei na briga\u201d. Biden tem 78 anos de idade, e Lula, 75. Antes da fala, Lula havia dito na entrevista que a candidatura n\u00e3o \u00e9 sua prioridade pessoal, e que iria esperar 2022 para decidir. Afirmou que \u00e9 preciso&hellip;\" \/>\n<meta property=\"og:url\" content=\"https:\/\/blogdofarnesio.com.br\/?p=282301\" \/>\n<meta property=\"og:site_name\" content=\"Blog do Farn\u00e9sio\" \/>\n<meta property=\"article:publisher\" content=\"https:\/\/www.facebook.com\/BlogQuerSaberPolitica\/\" \/>\n<meta property=\"article:published_time\" content=\"2021-04-03T13:00:14+00:00\" \/>\n<meta property=\"og:image\" content=\"https:\/\/blogdofarnesio.com.br\/wp-content\/uploads\/2021\/01\/blogqsplula-Foto-Ricardo-Stuckert-Divulgacao.jpg\" \/>\n\t<meta property=\"og:image:width\" content=\"380\" \/>\n\t<meta property=\"og:image:height\" content=\"280\" \/>\n\t<meta property=\"og:image:type\" content=\"image\/jpeg\" \/>\n<meta name=\"author\" content=\"Farn\u00e9sio\" \/>\n<meta name=\"twitter:card\" content=\"summary_large_image\" \/>\n<meta name=\"twitter:label1\" content=\"Escrito por\" \/>\n\t<meta name=\"twitter:data1\" content=\"Farn\u00e9sio\" \/>\n\t<meta name=\"twitter:label2\" content=\"Est. tempo de leitura\" \/>\n\t<meta name=\"twitter:data2\" content=\"3 minutos\" \/>\n<script type=\"application\/ld+json\" class=\"yoast-schema-graph\">{\"@context\":\"https:\\\/\\\/schema.org\",\"@graph\":[{\"@type\":\"Article\",\"@id\":\"https:\\\/\\\/blogdofarnesio.com.br\\\/?p=282301#article\",\"isPartOf\":{\"@id\":\"https:\\\/\\\/blogdofarnesio.com.br\\\/?p=282301\"},\"author\":{\"name\":\"Farn\u00e9sio\",\"@id\":\"https:\\\/\\\/blogdofarnesio.com.br\\\/#\\\/schema\\\/person\\\/301c4acf522bccbfdb45af95b5b906a1\"},\"headline\":\"Lula afirma que vai ser candidato a presidente do Brasil, em TV portuguesa\",\"datePublished\":\"2021-04-03T13:00:14+00:00\",\"mainEntityOfPage\":{\"@id\":\"https:\\\/\\\/blogdofarnesio.com.br\\\/?p=282301\"},\"wordCount\":554,\"publisher\":{\"@id\":\"https:\\\/\\\/blogdofarnesio.com.br\\\/#organization\"},\"image\":{\"@id\":\"https:\\\/\\\/blogdofarnesio.com.br\\\/?p=282301#primaryimage\"},\"thumbnailUrl\":\"https:\\\/\\\/blogdofarnesio.com.br\\\/wp-content\\\/uploads\\\/2021\\\/01\\\/blogqsplula-Foto-Ricardo-Stuckert-Divulgacao.jpg\",\"articleSection\":[\"Pol\u00edtica\"],\"inLanguage\":\"pt-BR\"},{\"@type\":\"WebPage\",\"@id\":\"https:\\\/\\\/blogdofarnesio.com.br\\\/?p=282301\",\"url\":\"https:\\\/\\\/blogdofarnesio.com.br\\\/?p=282301\",\"name\":\"Lula afirma que vai ser candidato a presidente do Brasil, em TV portuguesa - Blog do Farn\u00e9sio\",\"isPartOf\":{\"@id\":\"https:\\\/\\\/blogdofarnesio.com.br\\\/#website\"},\"primaryImageOfPage\":{\"@id\":\"https:\\\/\\\/blogdofarnesio.com.br\\\/?p=282301#primaryimage\"},\"image\":{\"@id\":\"https:\\\/\\\/blogdofarnesio.com.br\\\/?p=282301#primaryimage\"},\"thumbnailUrl\":\"https:\\\/\\\/blogdofarnesio.com.br\\\/wp-content\\\/uploads\\\/2021\\\/01\\\/blogqsplula-Foto-Ricardo-Stuckert-Divulgacao.jpg\",\"datePublished\":\"2021-04-03T13:00:14+00:00\",\"breadcrumb\":{\"@id\":\"https:\\\/\\\/blogdofarnesio.com.br\\\/?p=282301#breadcrumb\"},\"inLanguage\":\"pt-BR\",\"potentialAction\":[{\"@type\":\"ReadAction\",\"target\":[\"https:\\\/\\\/blogdofarnesio.com.br\\\/?p=282301\"]}]},{\"@type\":\"ImageObject\",\"inLanguage\":\"pt-BR\",\"@id\":\"https:\\\/\\\/blogdofarnesio.com.br\\\/?p=282301#primaryimage\",\"url\":\"https:\\\/\\\/blogdofarnesio.com.br\\\/wp-content\\\/uploads\\\/2021\\\/01\\\/blogqsplula-Foto-Ricardo-Stuckert-Divulgacao.jpg\",\"contentUrl\":\"https:\\\/\\\/blogdofarnesio.com.br\\\/wp-content\\\/uploads\\\/2021\\\/01\\\/blogqsplula-Foto-Ricardo-Stuckert-Divulgacao.jpg\",\"width\":380,\"height\":280},{\"@type\":\"BreadcrumbList\",\"@id\":\"https:\\\/\\\/blogdofarnesio.com.br\\\/?p=282301#breadcrumb\",\"itemListElement\":[{\"@type\":\"ListItem\",\"position\":1,\"name\":\"In\u00edcio\",\"item\":\"https:\\\/\\\/blogdofarnesio.com.br\\\/\"},{\"@type\":\"ListItem\",\"position\":2,\"name\":\"Lula afirma que vai ser candidato a presidente do Brasil, em TV portuguesa\"}]},{\"@type\":\"WebSite\",\"@id\":\"https:\\\/\\\/blogdofarnesio.com.br\\\/#website\",\"url\":\"https:\\\/\\\/blogdofarnesio.com.br\\\/\",\"name\":\"Blog do Farn\u00e9sio\",\"description\":\"Quer Saber Pol\u00edtica?\",\"publisher\":{\"@id\":\"https:\\\/\\\/blogdofarnesio.com.br\\\/#organization\"},\"potentialAction\":[{\"@type\":\"SearchAction\",\"target\":{\"@type\":\"EntryPoint\",\"urlTemplate\":\"https:\\\/\\\/blogdofarnesio.com.br\\\/?s={search_term_string}\"},\"query-input\":{\"@type\":\"PropertyValueSpecification\",\"valueRequired\":true,\"valueName\":\"search_term_string\"}}],\"inLanguage\":\"pt-BR\"},{\"@type\":\"Organization\",\"@id\":\"https:\\\/\\\/blogdofarnesio.com.br\\\/#organization\",\"name\":\"Blog do Farn\u00e9sio\",\"url\":\"https:\\\/\\\/blogdofarnesio.com.br\\\/\",\"logo\":{\"@type\":\"ImageObject\",\"inLanguage\":\"pt-BR\",\"@id\":\"https:\\\/\\\/blogdofarnesio.com.br\\\/#\\\/schema\\\/logo\\\/image\\\/\",\"url\":\"https:\\\/\\\/blogdofarnesio.com.br\\\/wp-content\\\/uploads\\\/2026\\\/03\\\/cropped-logo_new-1.png\",\"contentUrl\":\"https:\\\/\\\/blogdofarnesio.com.br\\\/wp-content\\\/uploads\\\/2026\\\/03\\\/cropped-logo_new-1.png\",\"width\":881,\"height\":685,\"caption\":\"Blog do Farn\u00e9sio\"},\"image\":{\"@id\":\"https:\\\/\\\/blogdofarnesio.com.br\\\/#\\\/schema\\\/logo\\\/image\\\/\"},\"sameAs\":[\"https:\\\/\\\/www.facebook.com\\\/BlogQuerSaberPolitica\\\/\"]},{\"@type\":\"Person\",\"@id\":\"https:\\\/\\\/blogdofarnesio.com.br\\\/#\\\/schema\\\/person\\\/301c4acf522bccbfdb45af95b5b906a1\",\"name\":\"Farn\u00e9sio\",\"image\":{\"@type\":\"ImageObject\",\"inLanguage\":\"pt-BR\",\"@id\":\"https:\\\/\\\/secure.gravatar.com\\\/avatar\\\/df0c9a14567c056f8ad6876ba5bbd1e3e2c48023eb6807342fc4663adf549f38?s=96&d=mm&r=g\",\"url\":\"https:\\\/\\\/secure.gravatar.com\\\/avatar\\\/df0c9a14567c056f8ad6876ba5bbd1e3e2c48023eb6807342fc4663adf549f38?s=96&d=mm&r=g\",\"contentUrl\":\"https:\\\/\\\/secure.gravatar.com\\\/avatar\\\/df0c9a14567c056f8ad6876ba5bbd1e3e2c48023eb6807342fc4663adf549f38?s=96&d=mm&r=g\",\"caption\":\"Farn\u00e9sio\"},\"sameAs\":[\"https:\\\/\\\/quersaberpolitica.com.br\"],\"url\":\"https:\\\/\\\/blogdofarnesio.com.br\\\/?author=1\"}]}<\/script>\n<!-- \/ Yoast SEO plugin. -->","yoast_head_json":{"title":"Lula afirma que vai ser candidato a presidente do Brasil, em TV portuguesa - Blog do Farn\u00e9sio","robots":{"index":"index","follow":"follow","max-snippet":"max-snippet:-1","max-image-preview":"max-image-preview:large","max-video-preview":"max-video-preview:-1"},"canonical":"https:\/\/blogdofarnesio.com.br\/?p=282301","og_locale":"pt_BR","og_type":"article","og_title":"Lula afirma que vai ser candidato a presidente do Brasil, em TV portuguesa - Blog do Farn\u00e9sio","og_description":"PODER360 &#8211;\u00a0 O ex-presidente Luiz In\u00e1cio Lula da Silva disse que ser\u00e1 candidato a presidente em 2022. A declara\u00e7\u00e3o foi feita nesta 6\u00aa feira (2.abr.2021), em\u00a0entrevista\u00a0ao canal de TV portugu\u00eas\u00a0RTP. Lula comparou sua situa\u00e7\u00e3o com a do presidente norte-americano Joe Biden.\u00a0\u201cO Biden \u00e9 mais velho do que eu, ou seja, quando eu for candidato vou ter um ano a menos do que ele. Portanto, se eu estiver com sa\u00fade e for necess\u00e1rio cumprir mais uma tarefa, pode ficar certo que eu estarei na briga\u201d. Biden tem 78 anos de idade, e Lula, 75. Antes da fala, Lula havia dito na entrevista que a candidatura n\u00e3o \u00e9 sua prioridade pessoal, e que iria esperar 2022 para decidir. Afirmou que \u00e9 preciso&hellip;","og_url":"https:\/\/blogdofarnesio.com.br\/?p=282301","og_site_name":"Blog do Farn\u00e9sio","article_publisher":"https:\/\/www.facebook.com\/BlogQuerSaberPolitica\/","article_published_time":"2021-04-03T13:00:14+00:00","og_image":[{"width":380,"height":280,"url":"https:\/\/blogdofarnesio.com.br\/wp-content\/uploads\/2021\/01\/blogqsplula-Foto-Ricardo-Stuckert-Divulgacao.jpg","type":"image\/jpeg"}],"author":"Farn\u00e9sio","twitter_card":"summary_large_image","twitter_misc":{"Escrito por":"Farn\u00e9sio","Est. tempo de leitura":"3 minutos"},"schema":{"@context":"https:\/\/schema.org","@graph":[{"@type":"Article","@id":"https:\/\/blogdofarnesio.com.br\/?p=282301#article","isPartOf":{"@id":"https:\/\/blogdofarnesio.com.br\/?p=282301"},"author":{"name":"Farn\u00e9sio","@id":"https:\/\/blogdofarnesio.com.br\/#\/schema\/person\/301c4acf522bccbfdb45af95b5b906a1"},"headline":"Lula afirma que vai ser candidato a presidente do Brasil, em TV portuguesa","datePublished":"2021-04-03T13:00:14+00:00","mainEntityOfPage":{"@id":"https:\/\/blogdofarnesio.com.br\/?p=282301"},"wordCount":554,"publisher":{"@id":"https:\/\/blogdofarnesio.com.br\/#organization"},"image":{"@id":"https:\/\/blogdofarnesio.com.br\/?p=282301#primaryimage"},"thumbnailUrl":"https:\/\/blogdofarnesio.com.br\/wp-content\/uploads\/2021\/01\/blogqsplula-Foto-Ricardo-Stuckert-Divulgacao.jpg","articleSection":["Pol\u00edtica"],"inLanguage":"pt-BR"},{"@type":"WebPage","@id":"https:\/\/blogdofarnesio.com.br\/?p=282301","url":"https:\/\/blogdofarnesio.com.br\/?p=282301","name":"Lula afirma que vai ser candidato a presidente do Brasil, em TV portuguesa - Blog do Farn\u00e9sio","isPartOf":{"@id":"https:\/\/blogdofarnesio.com.br\/#website"},"primaryImageOfPage":{"@id":"https:\/\/blogdofarnesio.com.br\/?p=282301#primaryimage"},"image":{"@id":"https:\/\/blogdofarnesio.com.br\/?p=282301#primaryimage"},"thumbnailUrl":"https:\/\/blogdofarnesio.com.br\/wp-content\/uploads\/2021\/01\/blogqsplula-Foto-Ricardo-Stuckert-Divulgacao.jpg","datePublished":"2021-04-03T13:00:14+00:00","breadcrumb":{"@id":"https:\/\/blogdofarnesio.com.br\/?p=282301#breadcrumb"},"inLanguage":"pt-BR","potentialAction":[{"@type":"ReadAction","target":["https:\/\/blogdofarnesio.com.br\/?p=282301"]}]},{"@type":"ImageObject","inLanguage":"pt-BR","@id":"https:\/\/blogdofarnesio.com.br\/?p=282301#primaryimage","url":"https:\/\/blogdofarnesio.com.br\/wp-content\/uploads\/2021\/01\/blogqsplula-Foto-Ricardo-Stuckert-Divulgacao.jpg","contentUrl":"https:\/\/blogdofarnesio.com.br\/wp-content\/uploads\/2021\/01\/blogqsplula-Foto-Ricardo-Stuckert-Divulgacao.jpg","width":380,"height":280},{"@type":"BreadcrumbList","@id":"https:\/\/blogdofarnesio.com.br\/?p=282301#breadcrumb","itemListElement":[{"@type":"ListItem","position":1,"name":"In\u00edcio","item":"https:\/\/blogdofarnesio.com.br\/"},{"@type":"ListItem","position":2,"name":"Lula afirma que vai ser candidato a presidente do Brasil, em TV portuguesa"}]},{"@type":"WebSite","@id":"https:\/\/blogdofarnesio.com.br\/#website","url":"https:\/\/blogdofarnesio.com.br\/","name":"Blog do Farn\u00e9sio","description":"Quer Saber Pol\u00edtica?","publisher":{"@id":"https:\/\/blogdofarnesio.com.br\/#organization"},"potentialAction":[{"@type":"SearchAction","target":{"@type":"EntryPoint","urlTemplate":"https:\/\/blogdofarnesio.com.br\/?s={search_term_string}"},"query-input":{"@type":"PropertyValueSpecification","valueRequired":true,"valueName":"search_term_string"}}],"inLanguage":"pt-BR"},{"@type":"Organization","@id":"https:\/\/blogdofarnesio.com.br\/#organization","name":"Blog do Farn\u00e9sio","url":"https:\/\/blogdofarnesio.com.br\/","logo":{"@type":"ImageObject","inLanguage":"pt-BR","@id":"https:\/\/blogdofarnesio.com.br\/#\/schema\/logo\/image\/","url":"https:\/\/blogdofarnesio.com.br\/wp-content\/uploads\/2026\/03\/cropped-logo_new-1.png","contentUrl":"https:\/\/blogdofarnesio.com.br\/wp-content\/uploads\/2026\/03\/cropped-logo_new-1.png","width":881,"height":685,"caption":"Blog do Farn\u00e9sio"},"image":{"@id":"https:\/\/blogdofarnesio.com.br\/#\/schema\/logo\/image\/"},"sameAs":["https:\/\/www.facebook.com\/BlogQuerSaberPolitica\/"]},{"@type":"Person","@id":"https:\/\/blogdofarnesio.com.br\/#\/schema\/person\/301c4acf522bccbfdb45af95b5b906a1","name":"Farn\u00e9sio","image":{"@type":"ImageObject","inLanguage":"pt-BR","@id":"https:\/\/secure.gravatar.com\/avatar\/df0c9a14567c056f8ad6876ba5bbd1e3e2c48023eb6807342fc4663adf549f38?s=96&d=mm&r=g","url":"https:\/\/secure.gravatar.com\/avatar\/df0c9a14567c056f8ad6876ba5bbd1e3e2c48023eb6807342fc4663adf549f38?s=96&d=mm&r=g","contentUrl":"https:\/\/secure.gravatar.com\/avatar\/df0c9a14567c056f8ad6876ba5bbd1e3e2c48023eb6807342fc4663adf549f38?s=96&d=mm&r=g","caption":"Farn\u00e9sio"},"sameAs":["https:\/\/quersaberpolitica.com.br"],"url":"https:\/\/blogdofarnesio.com.br\/?author=1"}]}},"_links":{"self":[{"href":"https:\/\/blogdofarnesio.com.br\/index.php?rest_route=\/wp\/v2\/posts\/282301","targetHints":{"allow":["GET"]}}],"collection":[{"href":"https:\/\/blogdofarnesio.com.br\/index.php?rest_route=\/wp\/v2\/posts"}],"about":[{"href":"https:\/\/blogdofarnesio.com.br\/index.php?rest_route=\/wp\/v2\/types\/post"}],"author":[{"embeddable":true,"href":"https:\/\/blogdofarnesio.com.br\/index.php?rest_route=\/wp\/v2\/users\/1"}],"replies":[{"embeddable":true,"href":"https:\/\/blogdofarnesio.com.br\/index.php?rest_route=%2Fwp%2Fv2%2Fcomments&post=282301"}],"version-history":[{"count":0,"href":"https:\/\/blogdofarnesio.com.br\/index.php?rest_route=\/wp\/v2\/posts\/282301\/revisions"}],"wp:featuredmedia":[{"embeddable":true,"href":"https:\/\/blogdofarnesio.com.br\/index.php?rest_route=\/wp\/v2\/media\/276987"}],"wp:attachment":[{"href":"https:\/\/blogdofarnesio.com.br\/index.php?rest_route=%2Fwp%2Fv2%2Fmedia&parent=282301"}],"wp:term":[{"taxonomy":"category","embeddable":true,"href":"https:\/\/blogdofarnesio.com.br\/index.php?rest_route=%2Fwp%2Fv2%2Fcategories&post=282301"},{"taxonomy":"post_tag","embeddable":true,"href":"https:\/\/blogdofarnesio.com.br\/index.php?rest_route=%2Fwp%2Fv2%2Ftags&post=282301"}],"curies":[{"name":"wp","href":"https:\/\/api.w.org\/{rel}","templated":true}]}}