{"id":282279,"date":"2021-04-03T08:32:47","date_gmt":"2021-04-03T11:32:47","guid":{"rendered":"http:\/\/quersaberpolitica.com.br\/2016\/?p=282279"},"modified":"2021-04-02T17:08:18","modified_gmt":"2021-04-02T20:08:18","slug":"a-comunidade-brasileira-que-vive-em-madrid-promoveu-ato-para-homenagear-as-mais-de-317-900-30-03-vitimas-da-covid-19-no-pais","status":"publish","type":"post","link":"https:\/\/blogdofarnesio.com.br\/?p=282279","title":{"rendered":"A comunidade brasileira que vive em Madrid promoveu ato para homenagear as mais de 317.900 (30\/03) v\u00edtimas da Covid-19 no pa\u00eds"},"content":{"rendered":"<p>A comunidade brasileira que vive em Madrid promoveu ato ontem, dia 2 de abril, sexta-feira santa, no Parque Madrid Rio, para homenagear as mais de <strong>317.900<\/strong>\u00a0(<strong>30\/03)<\/strong>\u00a0v\u00edtimas da Covid-19 no pa\u00eds, que \u00e9 o segundo do mundo em n\u00famero de mortes e casos (<strong>12,7 milh\u00f5es em 30\/03)<\/strong>).<\/p>\n<p>Al\u00e9m de simbolizar um vel\u00f3rio p\u00fablico das v\u00edtimas fatais, com a presen\u00e7a de familiares e amigos dos mortos, o ato representou um rep\u00fadio \u00e0 condu\u00e7\u00e3o da pandemia no Brasil por parte do governo de Jair Bolsonaro, onde n\u00e3o h\u00e1 coordena\u00e7\u00e3o nem unidade em torno das medidas de preven\u00e7\u00e3o. Mais de 1.000 ind\u00edgenas faleceram por falta de assist\u00eancia sanit\u00e1ria.. A maior parte dos cont\u00e1gios chegou \u00e0s aldeias atrav\u00e9s dos invasores das terras ind\u00edgenas, garimpeiros e comerciantes.<\/p>\n<p>Convocou o evento o \u201cColetivo pelos Direitos no Brasil em Madrid\u201d, com apoio pelos coletivos brasileiros \u201cLuto pela Vida\u201d, \u201cSegura a Onda\u201d (plataforma de preven\u00e7\u00e3o \u00e0 doen\u00e7a), \u201cMemorial das V\u00edtimas Fatais de Covid-19 no Brasil\u201d e \u201cRede de Apoio \u00e0s Fam\u00edlias das V\u00edtimas Fatais de Covid-19\u201d.<\/p>\n<p>Desde que a Covid-19 chegou ao Brasil, em mar\u00e7o de 2020, o pa\u00eds vem figurando entre aqueles que pior gerenciaram o combate \u00e0 pandemia e enfrenta hoje um colapso de seu sistema de sa\u00fade, al\u00e9m de uma crise econ\u00f4mica sem precedentes, com cerca de 14,3 milh\u00f5es de desempregados. O presidente Jair Bolsonaro minimizou a gravidade da doen\u00e7a, chegando a cham\u00e1-la de \u201cgripezinha\u201d. Priorizou a economia sobre a sa\u00fade, condenando medidas de confinamento, e at\u00e9 tentando impedir que Estados e prefeituras fizessem quarentenas mais r\u00edgidas.<\/p>\n<p>Al\u00e9m do desd\u00e9m inicial \u00e0 vacina\u00e7\u00e3o, a negativa de ofertas para adquiri-la e a defesa de rem\u00e9dios comprovadamente ineficazes, o Governo brasileiro j\u00e1 trocou 3 vezes de ministro da Sa\u00fade em menos de um ano, causando descontinuidade nas medidas de enfrentamento \u00e0 doen\u00e7a. A situa\u00e7\u00e3o agravou-se com o surgimento de variantes brasileiras do v\u00edrus, com maior poder e velocidade de propaga\u00e7\u00e3o.<\/p>\n<p>A pesquisa realizada pelo Centro de Pesquisa e Estudos de Direito Sanit\u00e1rio (CEPEDISA) da Faculdade de Sa\u00fade P\u00fablica da Universidade de S\u00e3o Paulo e a Conectas Direitos Humanos revelou a exist\u00eancia de uma estrat\u00e9gia institucional de propaga\u00e7\u00e3o do v\u00edrus promovida pelo governo brasileiro. A produ\u00e7\u00e3o de portarias, medidas provis\u00f3rias, resolu\u00e7\u00f5es, instru\u00e7\u00f5es normativas, leis, decis\u00f5es e decretos do Governo Federal, assim como as falas p\u00fablicas do presidente seriam respons\u00e1veis pela atual situa\u00e7\u00e3o do pa\u00eds. S\u00e3o muitas as vozes no Brasil que qualificam a pol\u00edtica de Bolsonaro como uma pol\u00edtica de exterm\u00ednio e genocida.\u00a0\u201cHoje o Brasil \u00e9 um pa\u00eds isolado e sua popula\u00e7\u00e3o vive uma falta total de perspectiva de futuro, sem ter um horizonte sobre quando vai sair deste caos, muito menos sobre que pa\u00eds vai restar depois\u201d, dizem as entidades organizadoras.<\/p>\n<p><strong>Homenagem \u00e0s v\u00edtimas da Covid-19 no Brasil\u00a0&#8211;\u00a002 de abril de 2021 &#8211; 13 horas<\/strong><\/p>\n<p><strong>Parque Madrid Rio<\/strong>\u00a0\u2013 gramado entre Matadero e Puente Santa Catalina<\/p>\n<p>Metr\u00f4 Legazpi<\/p>\n","protected":false},"excerpt":{"rendered":"<p>A comunidade brasileira que vive em Madrid promoveu ato ontem, dia 2 de abril, sexta-feira santa, no Parque Madrid Rio, para homenagear as mais de 317.900\u00a0(30\/03)\u00a0v\u00edtimas da Covid-19 no pa\u00eds, que \u00e9 o segundo do mundo em n\u00famero de mortes e casos (12,7 milh\u00f5es em 30\/03)). Al\u00e9m de simbolizar um vel\u00f3rio p\u00fablico das v\u00edtimas fatais, com a presen\u00e7a de familiares e amigos dos mortos, o ato representou um rep\u00fadio \u00e0 condu\u00e7\u00e3o da pandemia no Brasil por parte do governo de Jair Bolsonaro, onde n\u00e3o h\u00e1 coordena\u00e7\u00e3o nem unidade em torno das medidas de preven\u00e7\u00e3o. Mais de 1.000 ind\u00edgenas faleceram por falta de assist\u00eancia sanit\u00e1ria.. A maior parte dos cont\u00e1gios chegou \u00e0s aldeias atrav\u00e9s dos invasores das terras ind\u00edgenas, garimpeiros e&hellip; <\/p>\n","protected":false},"author":1,"featured_media":214031,"comment_status":"closed","ping_status":"closed","sticky":false,"template":"","format":"standard","meta":{"_acf_changed":false,"footnotes":""},"categories":[1],"tags":[],"class_list":["post-282279","post","type-post","status-publish","format-standard","has-post-thumbnail","hentry","category-politica"],"acf":[],"yoast_head":"<!-- This site is optimized with the Yoast SEO plugin v27.4 - https:\/\/yoast.com\/product\/yoast-seo-wordpress\/ -->\n<title>A comunidade brasileira que vive em Madrid promoveu ato para homenagear as mais de 317.900 (30\/03) v\u00edtimas da Covid-19 no pa\u00eds - Blog do Farn\u00e9sio<\/title>\n<meta name=\"robots\" content=\"index, follow, max-snippet:-1, max-image-preview:large, max-video-preview:-1\" \/>\n<link rel=\"canonical\" href=\"https:\/\/blogdofarnesio.com.br\/?p=282279\" \/>\n<meta property=\"og:locale\" content=\"pt_BR\" \/>\n<meta property=\"og:type\" content=\"article\" \/>\n<meta property=\"og:title\" content=\"A comunidade brasileira que vive em Madrid promoveu ato para homenagear as mais de 317.900 (30\/03) v\u00edtimas da Covid-19 no pa\u00eds - Blog do Farn\u00e9sio\" \/>\n<meta property=\"og:description\" content=\"A comunidade brasileira que vive em Madrid promoveu ato ontem, dia 2 de abril, sexta-feira santa, no Parque Madrid Rio, para homenagear as mais de 317.900\u00a0(30\/03)\u00a0v\u00edtimas da Covid-19 no pa\u00eds, que \u00e9 o segundo do mundo em n\u00famero de mortes e casos (12,7 milh\u00f5es em 30\/03)). Al\u00e9m de simbolizar um vel\u00f3rio p\u00fablico das v\u00edtimas fatais, com a presen\u00e7a de familiares e amigos dos mortos, o ato representou um rep\u00fadio \u00e0 condu\u00e7\u00e3o da pandemia no Brasil por parte do governo de Jair Bolsonaro, onde n\u00e3o h\u00e1 coordena\u00e7\u00e3o nem unidade em torno das medidas de preven\u00e7\u00e3o. Mais de 1.000 ind\u00edgenas faleceram por falta de assist\u00eancia sanit\u00e1ria.. A maior parte dos cont\u00e1gios chegou \u00e0s aldeias atrav\u00e9s dos invasores das terras ind\u00edgenas, garimpeiros e&hellip;\" \/>\n<meta property=\"og:url\" content=\"https:\/\/blogdofarnesio.com.br\/?p=282279\" \/>\n<meta property=\"og:site_name\" content=\"Blog do Farn\u00e9sio\" \/>\n<meta property=\"article:publisher\" content=\"https:\/\/www.facebook.com\/BlogQuerSaberPolitica\/\" \/>\n<meta property=\"article:published_time\" content=\"2021-04-03T11:32:47+00:00\" \/>\n<meta property=\"og:image\" content=\"https:\/\/blogdofarnesio.com.br\/wp-content\/uploads\/2018\/11\/blogqspcensuraditaduramanifesta\u00e7\u00e3oprotesto1.jpg\" \/>\n\t<meta property=\"og:image:width\" content=\"450\" \/>\n\t<meta property=\"og:image:height\" content=\"391\" \/>\n\t<meta property=\"og:image:type\" content=\"image\/jpeg\" \/>\n<meta name=\"author\" content=\"Farn\u00e9sio\" \/>\n<meta name=\"twitter:card\" content=\"summary_large_image\" \/>\n<meta name=\"twitter:label1\" content=\"Escrito por\" \/>\n\t<meta name=\"twitter:data1\" content=\"Farn\u00e9sio\" \/>\n\t<meta name=\"twitter:label2\" content=\"Est. tempo de leitura\" \/>\n\t<meta name=\"twitter:data2\" content=\"3 minutos\" \/>\n<script type=\"application\/ld+json\" class=\"yoast-schema-graph\">{\"@context\":\"https:\\\/\\\/schema.org\",\"@graph\":[{\"@type\":\"Article\",\"@id\":\"https:\\\/\\\/blogdofarnesio.com.br\\\/?p=282279#article\",\"isPartOf\":{\"@id\":\"https:\\\/\\\/blogdofarnesio.com.br\\\/?p=282279\"},\"author\":{\"name\":\"Farn\u00e9sio\",\"@id\":\"https:\\\/\\\/blogdofarnesio.com.br\\\/#\\\/schema\\\/person\\\/301c4acf522bccbfdb45af95b5b906a1\"},\"headline\":\"A comunidade brasileira que vive em Madrid promoveu ato para homenagear as mais de 317.900 (30\\\/03) v\u00edtimas da Covid-19 no pa\u00eds\",\"datePublished\":\"2021-04-03T11:32:47+00:00\",\"mainEntityOfPage\":{\"@id\":\"https:\\\/\\\/blogdofarnesio.com.br\\\/?p=282279\"},\"wordCount\":545,\"publisher\":{\"@id\":\"https:\\\/\\\/blogdofarnesio.com.br\\\/#organization\"},\"image\":{\"@id\":\"https:\\\/\\\/blogdofarnesio.com.br\\\/?p=282279#primaryimage\"},\"thumbnailUrl\":\"https:\\\/\\\/blogdofarnesio.com.br\\\/wp-content\\\/uploads\\\/2018\\\/11\\\/blogqspcensuraditaduramanifesta\u00e7\u00e3oprotesto1.jpg\",\"articleSection\":[\"Pol\u00edtica\"],\"inLanguage\":\"pt-BR\"},{\"@type\":\"WebPage\",\"@id\":\"https:\\\/\\\/blogdofarnesio.com.br\\\/?p=282279\",\"url\":\"https:\\\/\\\/blogdofarnesio.com.br\\\/?p=282279\",\"name\":\"A comunidade brasileira que vive em Madrid promoveu ato para homenagear as mais de 317.900 (30\\\/03) v\u00edtimas da Covid-19 no pa\u00eds - Blog do Farn\u00e9sio\",\"isPartOf\":{\"@id\":\"https:\\\/\\\/blogdofarnesio.com.br\\\/#website\"},\"primaryImageOfPage\":{\"@id\":\"https:\\\/\\\/blogdofarnesio.com.br\\\/?p=282279#primaryimage\"},\"image\":{\"@id\":\"https:\\\/\\\/blogdofarnesio.com.br\\\/?p=282279#primaryimage\"},\"thumbnailUrl\":\"https:\\\/\\\/blogdofarnesio.com.br\\\/wp-content\\\/uploads\\\/2018\\\/11\\\/blogqspcensuraditaduramanifesta\u00e7\u00e3oprotesto1.jpg\",\"datePublished\":\"2021-04-03T11:32:47+00:00\",\"breadcrumb\":{\"@id\":\"https:\\\/\\\/blogdofarnesio.com.br\\\/?p=282279#breadcrumb\"},\"inLanguage\":\"pt-BR\",\"potentialAction\":[{\"@type\":\"ReadAction\",\"target\":[\"https:\\\/\\\/blogdofarnesio.com.br\\\/?p=282279\"]}]},{\"@type\":\"ImageObject\",\"inLanguage\":\"pt-BR\",\"@id\":\"https:\\\/\\\/blogdofarnesio.com.br\\\/?p=282279#primaryimage\",\"url\":\"https:\\\/\\\/blogdofarnesio.com.br\\\/wp-content\\\/uploads\\\/2018\\\/11\\\/blogqspcensuraditaduramanifesta\u00e7\u00e3oprotesto1.jpg\",\"contentUrl\":\"https:\\\/\\\/blogdofarnesio.com.br\\\/wp-content\\\/uploads\\\/2018\\\/11\\\/blogqspcensuraditaduramanifesta\u00e7\u00e3oprotesto1.jpg\",\"width\":450,\"height\":391,\"caption\":\"Ilustra\u00e7\u00e3o\"},{\"@type\":\"BreadcrumbList\",\"@id\":\"https:\\\/\\\/blogdofarnesio.com.br\\\/?p=282279#breadcrumb\",\"itemListElement\":[{\"@type\":\"ListItem\",\"position\":1,\"name\":\"In\u00edcio\",\"item\":\"https:\\\/\\\/blogdofarnesio.com.br\\\/\"},{\"@type\":\"ListItem\",\"position\":2,\"name\":\"A comunidade brasileira que vive em Madrid promoveu ato para homenagear as mais de 317.900 (30\\\/03) v\u00edtimas da Covid-19 no pa\u00eds\"}]},{\"@type\":\"WebSite\",\"@id\":\"https:\\\/\\\/blogdofarnesio.com.br\\\/#website\",\"url\":\"https:\\\/\\\/blogdofarnesio.com.br\\\/\",\"name\":\"Blog do Farn\u00e9sio\",\"description\":\"Quer Saber Pol\u00edtica?\",\"publisher\":{\"@id\":\"https:\\\/\\\/blogdofarnesio.com.br\\\/#organization\"},\"potentialAction\":[{\"@type\":\"SearchAction\",\"target\":{\"@type\":\"EntryPoint\",\"urlTemplate\":\"https:\\\/\\\/blogdofarnesio.com.br\\\/?s={search_term_string}\"},\"query-input\":{\"@type\":\"PropertyValueSpecification\",\"valueRequired\":true,\"valueName\":\"search_term_string\"}}],\"inLanguage\":\"pt-BR\"},{\"@type\":\"Organization\",\"@id\":\"https:\\\/\\\/blogdofarnesio.com.br\\\/#organization\",\"name\":\"Blog do Farn\u00e9sio\",\"url\":\"https:\\\/\\\/blogdofarnesio.com.br\\\/\",\"logo\":{\"@type\":\"ImageObject\",\"inLanguage\":\"pt-BR\",\"@id\":\"https:\\\/\\\/blogdofarnesio.com.br\\\/#\\\/schema\\\/logo\\\/image\\\/\",\"url\":\"https:\\\/\\\/blogdofarnesio.com.br\\\/wp-content\\\/uploads\\\/2026\\\/03\\\/cropped-logo_new-1.png\",\"contentUrl\":\"https:\\\/\\\/blogdofarnesio.com.br\\\/wp-content\\\/uploads\\\/2026\\\/03\\\/cropped-logo_new-1.png\",\"width\":881,\"height\":685,\"caption\":\"Blog do Farn\u00e9sio\"},\"image\":{\"@id\":\"https:\\\/\\\/blogdofarnesio.com.br\\\/#\\\/schema\\\/logo\\\/image\\\/\"},\"sameAs\":[\"https:\\\/\\\/www.facebook.com\\\/BlogQuerSaberPolitica\\\/\"]},{\"@type\":\"Person\",\"@id\":\"https:\\\/\\\/blogdofarnesio.com.br\\\/#\\\/schema\\\/person\\\/301c4acf522bccbfdb45af95b5b906a1\",\"name\":\"Farn\u00e9sio\",\"image\":{\"@type\":\"ImageObject\",\"inLanguage\":\"pt-BR\",\"@id\":\"https:\\\/\\\/secure.gravatar.com\\\/avatar\\\/df0c9a14567c056f8ad6876ba5bbd1e3e2c48023eb6807342fc4663adf549f38?s=96&d=mm&r=g\",\"url\":\"https:\\\/\\\/secure.gravatar.com\\\/avatar\\\/df0c9a14567c056f8ad6876ba5bbd1e3e2c48023eb6807342fc4663adf549f38?s=96&d=mm&r=g\",\"contentUrl\":\"https:\\\/\\\/secure.gravatar.com\\\/avatar\\\/df0c9a14567c056f8ad6876ba5bbd1e3e2c48023eb6807342fc4663adf549f38?s=96&d=mm&r=g\",\"caption\":\"Farn\u00e9sio\"},\"sameAs\":[\"https:\\\/\\\/quersaberpolitica.com.br\"],\"url\":\"https:\\\/\\\/blogdofarnesio.com.br\\\/?author=1\"}]}<\/script>\n<!-- \/ Yoast SEO plugin. -->","yoast_head_json":{"title":"A comunidade brasileira que vive em Madrid promoveu ato para homenagear as mais de 317.900 (30\/03) v\u00edtimas da Covid-19 no pa\u00eds - Blog do Farn\u00e9sio","robots":{"index":"index","follow":"follow","max-snippet":"max-snippet:-1","max-image-preview":"max-image-preview:large","max-video-preview":"max-video-preview:-1"},"canonical":"https:\/\/blogdofarnesio.com.br\/?p=282279","og_locale":"pt_BR","og_type":"article","og_title":"A comunidade brasileira que vive em Madrid promoveu ato para homenagear as mais de 317.900 (30\/03) v\u00edtimas da Covid-19 no pa\u00eds - Blog do Farn\u00e9sio","og_description":"A comunidade brasileira que vive em Madrid promoveu ato ontem, dia 2 de abril, sexta-feira santa, no Parque Madrid Rio, para homenagear as mais de 317.900\u00a0(30\/03)\u00a0v\u00edtimas da Covid-19 no pa\u00eds, que \u00e9 o segundo do mundo em n\u00famero de mortes e casos (12,7 milh\u00f5es em 30\/03)). Al\u00e9m de simbolizar um vel\u00f3rio p\u00fablico das v\u00edtimas fatais, com a presen\u00e7a de familiares e amigos dos mortos, o ato representou um rep\u00fadio \u00e0 condu\u00e7\u00e3o da pandemia no Brasil por parte do governo de Jair Bolsonaro, onde n\u00e3o h\u00e1 coordena\u00e7\u00e3o nem unidade em torno das medidas de preven\u00e7\u00e3o. Mais de 1.000 ind\u00edgenas faleceram por falta de assist\u00eancia sanit\u00e1ria.. A maior parte dos cont\u00e1gios chegou \u00e0s aldeias atrav\u00e9s dos invasores das terras ind\u00edgenas, garimpeiros e&hellip;","og_url":"https:\/\/blogdofarnesio.com.br\/?p=282279","og_site_name":"Blog do Farn\u00e9sio","article_publisher":"https:\/\/www.facebook.com\/BlogQuerSaberPolitica\/","article_published_time":"2021-04-03T11:32:47+00:00","og_image":[{"width":450,"height":391,"url":"https:\/\/blogdofarnesio.com.br\/wp-content\/uploads\/2018\/11\/blogqspcensuraditaduramanifesta\u00e7\u00e3oprotesto1.jpg","type":"image\/jpeg"}],"author":"Farn\u00e9sio","twitter_card":"summary_large_image","twitter_misc":{"Escrito por":"Farn\u00e9sio","Est. tempo de leitura":"3 minutos"},"schema":{"@context":"https:\/\/schema.org","@graph":[{"@type":"Article","@id":"https:\/\/blogdofarnesio.com.br\/?p=282279#article","isPartOf":{"@id":"https:\/\/blogdofarnesio.com.br\/?p=282279"},"author":{"name":"Farn\u00e9sio","@id":"https:\/\/blogdofarnesio.com.br\/#\/schema\/person\/301c4acf522bccbfdb45af95b5b906a1"},"headline":"A comunidade brasileira que vive em Madrid promoveu ato para homenagear as mais de 317.900 (30\/03) v\u00edtimas da Covid-19 no pa\u00eds","datePublished":"2021-04-03T11:32:47+00:00","mainEntityOfPage":{"@id":"https:\/\/blogdofarnesio.com.br\/?p=282279"},"wordCount":545,"publisher":{"@id":"https:\/\/blogdofarnesio.com.br\/#organization"},"image":{"@id":"https:\/\/blogdofarnesio.com.br\/?p=282279#primaryimage"},"thumbnailUrl":"https:\/\/blogdofarnesio.com.br\/wp-content\/uploads\/2018\/11\/blogqspcensuraditaduramanifesta\u00e7\u00e3oprotesto1.jpg","articleSection":["Pol\u00edtica"],"inLanguage":"pt-BR"},{"@type":"WebPage","@id":"https:\/\/blogdofarnesio.com.br\/?p=282279","url":"https:\/\/blogdofarnesio.com.br\/?p=282279","name":"A comunidade brasileira que vive em Madrid promoveu ato para homenagear as mais de 317.900 (30\/03) v\u00edtimas da Covid-19 no pa\u00eds - Blog do Farn\u00e9sio","isPartOf":{"@id":"https:\/\/blogdofarnesio.com.br\/#website"},"primaryImageOfPage":{"@id":"https:\/\/blogdofarnesio.com.br\/?p=282279#primaryimage"},"image":{"@id":"https:\/\/blogdofarnesio.com.br\/?p=282279#primaryimage"},"thumbnailUrl":"https:\/\/blogdofarnesio.com.br\/wp-content\/uploads\/2018\/11\/blogqspcensuraditaduramanifesta\u00e7\u00e3oprotesto1.jpg","datePublished":"2021-04-03T11:32:47+00:00","breadcrumb":{"@id":"https:\/\/blogdofarnesio.com.br\/?p=282279#breadcrumb"},"inLanguage":"pt-BR","potentialAction":[{"@type":"ReadAction","target":["https:\/\/blogdofarnesio.com.br\/?p=282279"]}]},{"@type":"ImageObject","inLanguage":"pt-BR","@id":"https:\/\/blogdofarnesio.com.br\/?p=282279#primaryimage","url":"https:\/\/blogdofarnesio.com.br\/wp-content\/uploads\/2018\/11\/blogqspcensuraditaduramanifesta\u00e7\u00e3oprotesto1.jpg","contentUrl":"https:\/\/blogdofarnesio.com.br\/wp-content\/uploads\/2018\/11\/blogqspcensuraditaduramanifesta\u00e7\u00e3oprotesto1.jpg","width":450,"height":391,"caption":"Ilustra\u00e7\u00e3o"},{"@type":"BreadcrumbList","@id":"https:\/\/blogdofarnesio.com.br\/?p=282279#breadcrumb","itemListElement":[{"@type":"ListItem","position":1,"name":"In\u00edcio","item":"https:\/\/blogdofarnesio.com.br\/"},{"@type":"ListItem","position":2,"name":"A comunidade brasileira que vive em Madrid promoveu ato para homenagear as mais de 317.900 (30\/03) v\u00edtimas da Covid-19 no pa\u00eds"}]},{"@type":"WebSite","@id":"https:\/\/blogdofarnesio.com.br\/#website","url":"https:\/\/blogdofarnesio.com.br\/","name":"Blog do Farn\u00e9sio","description":"Quer Saber Pol\u00edtica?","publisher":{"@id":"https:\/\/blogdofarnesio.com.br\/#organization"},"potentialAction":[{"@type":"SearchAction","target":{"@type":"EntryPoint","urlTemplate":"https:\/\/blogdofarnesio.com.br\/?s={search_term_string}"},"query-input":{"@type":"PropertyValueSpecification","valueRequired":true,"valueName":"search_term_string"}}],"inLanguage":"pt-BR"},{"@type":"Organization","@id":"https:\/\/blogdofarnesio.com.br\/#organization","name":"Blog do Farn\u00e9sio","url":"https:\/\/blogdofarnesio.com.br\/","logo":{"@type":"ImageObject","inLanguage":"pt-BR","@id":"https:\/\/blogdofarnesio.com.br\/#\/schema\/logo\/image\/","url":"https:\/\/blogdofarnesio.com.br\/wp-content\/uploads\/2026\/03\/cropped-logo_new-1.png","contentUrl":"https:\/\/blogdofarnesio.com.br\/wp-content\/uploads\/2026\/03\/cropped-logo_new-1.png","width":881,"height":685,"caption":"Blog do Farn\u00e9sio"},"image":{"@id":"https:\/\/blogdofarnesio.com.br\/#\/schema\/logo\/image\/"},"sameAs":["https:\/\/www.facebook.com\/BlogQuerSaberPolitica\/"]},{"@type":"Person","@id":"https:\/\/blogdofarnesio.com.br\/#\/schema\/person\/301c4acf522bccbfdb45af95b5b906a1","name":"Farn\u00e9sio","image":{"@type":"ImageObject","inLanguage":"pt-BR","@id":"https:\/\/secure.gravatar.com\/avatar\/df0c9a14567c056f8ad6876ba5bbd1e3e2c48023eb6807342fc4663adf549f38?s=96&d=mm&r=g","url":"https:\/\/secure.gravatar.com\/avatar\/df0c9a14567c056f8ad6876ba5bbd1e3e2c48023eb6807342fc4663adf549f38?s=96&d=mm&r=g","contentUrl":"https:\/\/secure.gravatar.com\/avatar\/df0c9a14567c056f8ad6876ba5bbd1e3e2c48023eb6807342fc4663adf549f38?s=96&d=mm&r=g","caption":"Farn\u00e9sio"},"sameAs":["https:\/\/quersaberpolitica.com.br"],"url":"https:\/\/blogdofarnesio.com.br\/?author=1"}]}},"_links":{"self":[{"href":"https:\/\/blogdofarnesio.com.br\/index.php?rest_route=\/wp\/v2\/posts\/282279","targetHints":{"allow":["GET"]}}],"collection":[{"href":"https:\/\/blogdofarnesio.com.br\/index.php?rest_route=\/wp\/v2\/posts"}],"about":[{"href":"https:\/\/blogdofarnesio.com.br\/index.php?rest_route=\/wp\/v2\/types\/post"}],"author":[{"embeddable":true,"href":"https:\/\/blogdofarnesio.com.br\/index.php?rest_route=\/wp\/v2\/users\/1"}],"replies":[{"embeddable":true,"href":"https:\/\/blogdofarnesio.com.br\/index.php?rest_route=%2Fwp%2Fv2%2Fcomments&post=282279"}],"version-history":[{"count":0,"href":"https:\/\/blogdofarnesio.com.br\/index.php?rest_route=\/wp\/v2\/posts\/282279\/revisions"}],"wp:featuredmedia":[{"embeddable":true,"href":"https:\/\/blogdofarnesio.com.br\/index.php?rest_route=\/wp\/v2\/media\/214031"}],"wp:attachment":[{"href":"https:\/\/blogdofarnesio.com.br\/index.php?rest_route=%2Fwp%2Fv2%2Fmedia&parent=282279"}],"wp:term":[{"taxonomy":"category","embeddable":true,"href":"https:\/\/blogdofarnesio.com.br\/index.php?rest_route=%2Fwp%2Fv2%2Fcategories&post=282279"},{"taxonomy":"post_tag","embeddable":true,"href":"https:\/\/blogdofarnesio.com.br\/index.php?rest_route=%2Fwp%2Fv2%2Ftags&post=282279"}],"curies":[{"name":"wp","href":"https:\/\/api.w.org\/{rel}","templated":true}]}}