{"id":282041,"date":"2021-03-30T12:00:32","date_gmt":"2021-03-30T15:00:32","guid":{"rendered":"http:\/\/quersaberpolitica.com.br\/2016\/?p=282041"},"modified":"2021-03-30T08:58:23","modified_gmt":"2021-03-30T11:58:23","slug":"covid-19-primeiro-dia-de-vacinacao-para-idosos-acima-de-64-anos-aconteceu-com-tranquilidade-em-petrolina","status":"publish","type":"post","link":"https:\/\/blogdofarnesio.com.br\/2021\/03\/covid-19-primeiro-dia-de-vacinacao-para-idosos-acima-de-64-anos-aconteceu-com-tranquilidade-em-petrolina\/","title":{"rendered":"Covid-19: primeiro dia de vacina\u00e7\u00e3o para idosos acima de 64 anos aconteceu com tranquilidade em Petrolina"},"content":{"rendered":"<p style=\"font-weight: 400;\">\u00a0Idosos acima de 64 anos, receberam a primeira dose em todos os pontos de vacina\u00e7\u00e3o, nesta segunda-feira (29), em Petrolina. No balan\u00e7o parcial de vacina\u00e7\u00e3o, divulgado pela Secretaria de Sa\u00fade, no in\u00edcio desta tarde, mais de 900 pessoas j\u00e1 haviam recebido a primeira dose da vacina contra o novo coronav\u00edrus.<\/p>\n<p style=\"font-weight: 400;\">A for\u00e7a-tarefa continua nesta ter\u00e7a (30) nos seis pontos estrat\u00e9gicos e tamb\u00e9m com o sistema de drive-thru. O objetivo \u00e9 vacinar cerca de quatro mil idosos nesses dois dias. Para os pontos fixos de vacina\u00e7\u00e3o, os idosos precisam levar, obrigatoriamente, um documento com foto, CPF ou Cart\u00e3o SUS e comprovante de resid\u00eancia.<\/p>\n<p style=\"font-weight: 400;\">As equipes da Secretaria de Sa\u00fade estar\u00e3o atendendo, das 8h \u00e0s 17h, no Igeprev, no Centro; Escola Prof. Jos\u00e9 Joaquim, no Jos\u00e9 e Maria; Centro de Refer\u00eancia de Assist\u00eancia Social (CRAS) do Jo\u00e3o de Deus; Escola Municipal Nossa Senhora Rainha dos Anjos (CAIC), na Cohab Massangano; no Servi\u00e7o Social da Ind\u00fastria (SESI); e no SESC, no Centro.<\/p>\n<p style=\"font-weight: 400;\">J\u00e1 para o atendimento atrav\u00e9s do drive-thru, que acontecer\u00e1 no P\u00e1tio Ana das Carrancas, na Justi\u00e7a Federal e na Avenida da Integra\u00e7\u00e3o, \u00e9 preciso fazer o cadastro no site:\u00a0<a href=\"http:\/\/vacinacaopetrolina.tisaude.com\/\" data-saferedirecturl=\"https:\/\/www.google.com\/url?q=http:\/\/vacinacaopetrolina.tisaude.com&amp;source=gmail&amp;ust=1617141063431000&amp;usg=AFQjCNHsLkXYFjyWRDQoHLrQoU5Epag5wQ\">vacinacaopetrolina.tisaude.com<\/a>, al\u00e9m de levar um documento com foto e comprovante de resid\u00eancia.<\/p>\n<p style=\"font-weight: 400;\">&#8212;&#8212;&#8212;&#8212;&#8212;&#8212;&#8212;&#8212;&#8212;&#8212;&#8212;&#8211;<\/p>\n<p style=\"font-weight: 400;\">Cl\u00eailma Souza- Assessoria de Comunica\u00e7\u00e3o<\/p>\n","protected":false},"excerpt":{"rendered":"<p>\u00a0Idosos acima de 64 anos, receberam a primeira dose em todos os pontos de vacina\u00e7\u00e3o, nesta segunda-feira (29), em Petrolina. No balan\u00e7o parcial de vacina\u00e7\u00e3o, divulgado pela Secretaria de Sa\u00fade, no in\u00edcio desta tarde, mais de 900 pessoas j\u00e1 haviam recebido a primeira dose da vacina contra o novo coronav\u00edrus. A for\u00e7a-tarefa continua nesta ter\u00e7a (30) nos seis pontos estrat\u00e9gicos e tamb\u00e9m com o sistema de drive-thru. O objetivo \u00e9 vacinar cerca de quatro mil idosos nesses dois dias. Para os pontos fixos de vacina\u00e7\u00e3o, os idosos precisam levar, obrigatoriamente, um documento com foto, CPF ou Cart\u00e3o SUS e comprovante de resid\u00eancia. As equipes da Secretaria de Sa\u00fade estar\u00e3o atendendo, das 8h \u00e0s 17h, no Igeprev, no Centro; Escola Prof.&hellip; <\/p>\n","protected":false},"author":1,"featured_media":282042,"comment_status":"closed","ping_status":"closed","sticky":false,"template":"","format":"standard","meta":{"_acf_changed":false,"footnotes":""},"categories":[4],"tags":[],"class_list":["post-282041","post","type-post","status-publish","format-standard","has-post-thumbnail","hentry","category-saude"],"acf":[],"yoast_head":"<!-- This site is optimized with the Yoast SEO plugin v27.5 - https:\/\/yoast.com\/product\/yoast-seo-wordpress\/ -->\n<title>Covid-19: primeiro dia de vacina\u00e7\u00e3o para idosos acima de 64 anos aconteceu com tranquilidade em Petrolina - Blog do Farn\u00e9sio<\/title>\n<meta name=\"robots\" content=\"index, follow, max-snippet:-1, max-image-preview:large, max-video-preview:-1\" \/>\n<link rel=\"canonical\" href=\"https:\/\/blogdofarnesio.com.br\/2021\/03\/covid-19-primeiro-dia-de-vacinacao-para-idosos-acima-de-64-anos-aconteceu-com-tranquilidade-em-petrolina\/\" \/>\n<meta property=\"og:locale\" content=\"pt_BR\" \/>\n<meta property=\"og:type\" content=\"article\" \/>\n<meta property=\"og:title\" content=\"Covid-19: primeiro dia de vacina\u00e7\u00e3o para idosos acima de 64 anos aconteceu com tranquilidade em Petrolina - Blog do Farn\u00e9sio\" \/>\n<meta property=\"og:description\" content=\"\u00a0Idosos acima de 64 anos, receberam a primeira dose em todos os pontos de vacina\u00e7\u00e3o, nesta segunda-feira (29), em Petrolina. No balan\u00e7o parcial de vacina\u00e7\u00e3o, divulgado pela Secretaria de Sa\u00fade, no in\u00edcio desta tarde, mais de 900 pessoas j\u00e1 haviam recebido a primeira dose da vacina contra o novo coronav\u00edrus. A for\u00e7a-tarefa continua nesta ter\u00e7a (30) nos seis pontos estrat\u00e9gicos e tamb\u00e9m com o sistema de drive-thru. O objetivo \u00e9 vacinar cerca de quatro mil idosos nesses dois dias. Para os pontos fixos de vacina\u00e7\u00e3o, os idosos precisam levar, obrigatoriamente, um documento com foto, CPF ou Cart\u00e3o SUS e comprovante de resid\u00eancia. As equipes da Secretaria de Sa\u00fade estar\u00e3o atendendo, das 8h \u00e0s 17h, no Igeprev, no Centro; Escola Prof.&hellip;\" \/>\n<meta property=\"og:url\" content=\"https:\/\/blogdofarnesio.com.br\/2021\/03\/covid-19-primeiro-dia-de-vacinacao-para-idosos-acima-de-64-anos-aconteceu-com-tranquilidade-em-petrolina\/\" \/>\n<meta property=\"og:site_name\" content=\"Blog do Farn\u00e9sio\" \/>\n<meta property=\"article:publisher\" content=\"https:\/\/www.facebook.com\/BlogQuerSaberPolitica\/\" \/>\n<meta property=\"article:published_time\" content=\"2021-03-30T15:00:32+00:00\" \/>\n<meta property=\"og:image\" content=\"https:\/\/blogdofarnesio.com.br\/wp-content\/uploads\/2021\/03\/Foto-vacinacao-1-e1624978815841.jpeg\" \/>\n\t<meta property=\"og:image:width\" content=\"680\" \/>\n\t<meta property=\"og:image:height\" content=\"453\" \/>\n\t<meta property=\"og:image:type\" content=\"image\/jpeg\" \/>\n<meta name=\"author\" content=\"Farn\u00e9sio\" \/>\n<meta name=\"twitter:card\" content=\"summary_large_image\" \/>\n<meta name=\"twitter:label1\" content=\"Escrito por\" \/>\n\t<meta name=\"twitter:data1\" content=\"Farn\u00e9sio\" \/>\n\t<meta name=\"twitter:label2\" content=\"Est. tempo de leitura\" \/>\n\t<meta name=\"twitter:data2\" content=\"1 minuto\" \/>\n<script type=\"application\/ld+json\" class=\"yoast-schema-graph\">{\"@context\":\"https:\\\/\\\/schema.org\",\"@graph\":[{\"@type\":\"Article\",\"@id\":\"https:\\\/\\\/blogdofarnesio.com.br\\\/2021\\\/03\\\/covid-19-primeiro-dia-de-vacinacao-para-idosos-acima-de-64-anos-aconteceu-com-tranquilidade-em-petrolina\\\/#article\",\"isPartOf\":{\"@id\":\"https:\\\/\\\/blogdofarnesio.com.br\\\/2021\\\/03\\\/covid-19-primeiro-dia-de-vacinacao-para-idosos-acima-de-64-anos-aconteceu-com-tranquilidade-em-petrolina\\\/\"},\"author\":{\"name\":\"Farn\u00e9sio\",\"@id\":\"https:\\\/\\\/blogdofarnesio.com.br\\\/#\\\/schema\\\/person\\\/301c4acf522bccbfdb45af95b5b906a1\"},\"headline\":\"Covid-19: primeiro dia de vacina\u00e7\u00e3o para idosos acima de 64 anos aconteceu com tranquilidade em Petrolina\",\"datePublished\":\"2021-03-30T15:00:32+00:00\",\"mainEntityOfPage\":{\"@id\":\"https:\\\/\\\/blogdofarnesio.com.br\\\/2021\\\/03\\\/covid-19-primeiro-dia-de-vacinacao-para-idosos-acima-de-64-anos-aconteceu-com-tranquilidade-em-petrolina\\\/\"},\"wordCount\":246,\"publisher\":{\"@id\":\"https:\\\/\\\/blogdofarnesio.com.br\\\/#organization\"},\"image\":{\"@id\":\"https:\\\/\\\/blogdofarnesio.com.br\\\/2021\\\/03\\\/covid-19-primeiro-dia-de-vacinacao-para-idosos-acima-de-64-anos-aconteceu-com-tranquilidade-em-petrolina\\\/#primaryimage\"},\"thumbnailUrl\":\"https:\\\/\\\/blogdofarnesio.com.br\\\/wp-content\\\/uploads\\\/2021\\\/03\\\/Foto-vacinacao-1-e1624978815841.jpeg\",\"articleSection\":[\"Sa\u00fade\"],\"inLanguage\":\"pt-BR\"},{\"@type\":\"WebPage\",\"@id\":\"https:\\\/\\\/blogdofarnesio.com.br\\\/2021\\\/03\\\/covid-19-primeiro-dia-de-vacinacao-para-idosos-acima-de-64-anos-aconteceu-com-tranquilidade-em-petrolina\\\/\",\"url\":\"https:\\\/\\\/blogdofarnesio.com.br\\\/2021\\\/03\\\/covid-19-primeiro-dia-de-vacinacao-para-idosos-acima-de-64-anos-aconteceu-com-tranquilidade-em-petrolina\\\/\",\"name\":\"Covid-19: primeiro dia de vacina\u00e7\u00e3o para idosos acima de 64 anos aconteceu com tranquilidade em Petrolina - Blog do Farn\u00e9sio\",\"isPartOf\":{\"@id\":\"https:\\\/\\\/blogdofarnesio.com.br\\\/#website\"},\"primaryImageOfPage\":{\"@id\":\"https:\\\/\\\/blogdofarnesio.com.br\\\/2021\\\/03\\\/covid-19-primeiro-dia-de-vacinacao-para-idosos-acima-de-64-anos-aconteceu-com-tranquilidade-em-petrolina\\\/#primaryimage\"},\"image\":{\"@id\":\"https:\\\/\\\/blogdofarnesio.com.br\\\/2021\\\/03\\\/covid-19-primeiro-dia-de-vacinacao-para-idosos-acima-de-64-anos-aconteceu-com-tranquilidade-em-petrolina\\\/#primaryimage\"},\"thumbnailUrl\":\"https:\\\/\\\/blogdofarnesio.com.br\\\/wp-content\\\/uploads\\\/2021\\\/03\\\/Foto-vacinacao-1-e1624978815841.jpeg\",\"datePublished\":\"2021-03-30T15:00:32+00:00\",\"breadcrumb\":{\"@id\":\"https:\\\/\\\/blogdofarnesio.com.br\\\/2021\\\/03\\\/covid-19-primeiro-dia-de-vacinacao-para-idosos-acima-de-64-anos-aconteceu-com-tranquilidade-em-petrolina\\\/#breadcrumb\"},\"inLanguage\":\"pt-BR\",\"potentialAction\":[{\"@type\":\"ReadAction\",\"target\":[\"https:\\\/\\\/blogdofarnesio.com.br\\\/2021\\\/03\\\/covid-19-primeiro-dia-de-vacinacao-para-idosos-acima-de-64-anos-aconteceu-com-tranquilidade-em-petrolina\\\/\"]}]},{\"@type\":\"ImageObject\",\"inLanguage\":\"pt-BR\",\"@id\":\"https:\\\/\\\/blogdofarnesio.com.br\\\/2021\\\/03\\\/covid-19-primeiro-dia-de-vacinacao-para-idosos-acima-de-64-anos-aconteceu-com-tranquilidade-em-petrolina\\\/#primaryimage\",\"url\":\"https:\\\/\\\/blogdofarnesio.com.br\\\/wp-content\\\/uploads\\\/2021\\\/03\\\/Foto-vacinacao-1-e1624978815841.jpeg\",\"contentUrl\":\"https:\\\/\\\/blogdofarnesio.com.br\\\/wp-content\\\/uploads\\\/2021\\\/03\\\/Foto-vacinacao-1-e1624978815841.jpeg\",\"width\":680,\"height\":453},{\"@type\":\"BreadcrumbList\",\"@id\":\"https:\\\/\\\/blogdofarnesio.com.br\\\/2021\\\/03\\\/covid-19-primeiro-dia-de-vacinacao-para-idosos-acima-de-64-anos-aconteceu-com-tranquilidade-em-petrolina\\\/#breadcrumb\",\"itemListElement\":[{\"@type\":\"ListItem\",\"position\":1,\"name\":\"In\u00edcio\",\"item\":\"https:\\\/\\\/blogdofarnesio.com.br\\\/\"},{\"@type\":\"ListItem\",\"position\":2,\"name\":\"Covid-19: primeiro dia de vacina\u00e7\u00e3o para idosos acima de 64 anos aconteceu com tranquilidade em Petrolina\"}]},{\"@type\":\"WebSite\",\"@id\":\"https:\\\/\\\/blogdofarnesio.com.br\\\/#website\",\"url\":\"https:\\\/\\\/blogdofarnesio.com.br\\\/\",\"name\":\"Blog do Farn\u00e9sio\",\"description\":\"Quer Saber Pol\u00edtica?\",\"publisher\":{\"@id\":\"https:\\\/\\\/blogdofarnesio.com.br\\\/#organization\"},\"potentialAction\":[{\"@type\":\"SearchAction\",\"target\":{\"@type\":\"EntryPoint\",\"urlTemplate\":\"https:\\\/\\\/blogdofarnesio.com.br\\\/?s={search_term_string}\"},\"query-input\":{\"@type\":\"PropertyValueSpecification\",\"valueRequired\":true,\"valueName\":\"search_term_string\"}}],\"inLanguage\":\"pt-BR\"},{\"@type\":\"Organization\",\"@id\":\"https:\\\/\\\/blogdofarnesio.com.br\\\/#organization\",\"name\":\"Blog do Farn\u00e9sio\",\"url\":\"https:\\\/\\\/blogdofarnesio.com.br\\\/\",\"logo\":{\"@type\":\"ImageObject\",\"inLanguage\":\"pt-BR\",\"@id\":\"https:\\\/\\\/blogdofarnesio.com.br\\\/#\\\/schema\\\/logo\\\/image\\\/\",\"url\":\"https:\\\/\\\/blogdofarnesio.com.br\\\/wp-content\\\/uploads\\\/2026\\\/03\\\/cropped-logo_new-1.png\",\"contentUrl\":\"https:\\\/\\\/blogdofarnesio.com.br\\\/wp-content\\\/uploads\\\/2026\\\/03\\\/cropped-logo_new-1.png\",\"width\":881,\"height\":685,\"caption\":\"Blog do Farn\u00e9sio\"},\"image\":{\"@id\":\"https:\\\/\\\/blogdofarnesio.com.br\\\/#\\\/schema\\\/logo\\\/image\\\/\"},\"sameAs\":[\"https:\\\/\\\/www.facebook.com\\\/BlogQuerSaberPolitica\\\/\"]},{\"@type\":\"Person\",\"@id\":\"https:\\\/\\\/blogdofarnesio.com.br\\\/#\\\/schema\\\/person\\\/301c4acf522bccbfdb45af95b5b906a1\",\"name\":\"Farn\u00e9sio\",\"image\":{\"@type\":\"ImageObject\",\"inLanguage\":\"pt-BR\",\"@id\":\"https:\\\/\\\/secure.gravatar.com\\\/avatar\\\/df0c9a14567c056f8ad6876ba5bbd1e3e2c48023eb6807342fc4663adf549f38?s=96&d=mm&r=g\",\"url\":\"https:\\\/\\\/secure.gravatar.com\\\/avatar\\\/df0c9a14567c056f8ad6876ba5bbd1e3e2c48023eb6807342fc4663adf549f38?s=96&d=mm&r=g\",\"contentUrl\":\"https:\\\/\\\/secure.gravatar.com\\\/avatar\\\/df0c9a14567c056f8ad6876ba5bbd1e3e2c48023eb6807342fc4663adf549f38?s=96&d=mm&r=g\",\"caption\":\"Farn\u00e9sio\"},\"sameAs\":[\"https:\\\/\\\/quersaberpolitica.com.br\"],\"url\":\"https:\\\/\\\/blogdofarnesio.com.br\\\/author\\\/farnesio\\\/\"}]}<\/script>\n<!-- \/ Yoast SEO plugin. -->","yoast_head_json":{"title":"Covid-19: primeiro dia de vacina\u00e7\u00e3o para idosos acima de 64 anos aconteceu com tranquilidade em Petrolina - Blog do Farn\u00e9sio","robots":{"index":"index","follow":"follow","max-snippet":"max-snippet:-1","max-image-preview":"max-image-preview:large","max-video-preview":"max-video-preview:-1"},"canonical":"https:\/\/blogdofarnesio.com.br\/2021\/03\/covid-19-primeiro-dia-de-vacinacao-para-idosos-acima-de-64-anos-aconteceu-com-tranquilidade-em-petrolina\/","og_locale":"pt_BR","og_type":"article","og_title":"Covid-19: primeiro dia de vacina\u00e7\u00e3o para idosos acima de 64 anos aconteceu com tranquilidade em Petrolina - Blog do Farn\u00e9sio","og_description":"\u00a0Idosos acima de 64 anos, receberam a primeira dose em todos os pontos de vacina\u00e7\u00e3o, nesta segunda-feira (29), em Petrolina. No balan\u00e7o parcial de vacina\u00e7\u00e3o, divulgado pela Secretaria de Sa\u00fade, no in\u00edcio desta tarde, mais de 900 pessoas j\u00e1 haviam recebido a primeira dose da vacina contra o novo coronav\u00edrus. A for\u00e7a-tarefa continua nesta ter\u00e7a (30) nos seis pontos estrat\u00e9gicos e tamb\u00e9m com o sistema de drive-thru. O objetivo \u00e9 vacinar cerca de quatro mil idosos nesses dois dias. Para os pontos fixos de vacina\u00e7\u00e3o, os idosos precisam levar, obrigatoriamente, um documento com foto, CPF ou Cart\u00e3o SUS e comprovante de resid\u00eancia. As equipes da Secretaria de Sa\u00fade estar\u00e3o atendendo, das 8h \u00e0s 17h, no Igeprev, no Centro; Escola Prof.&hellip;","og_url":"https:\/\/blogdofarnesio.com.br\/2021\/03\/covid-19-primeiro-dia-de-vacinacao-para-idosos-acima-de-64-anos-aconteceu-com-tranquilidade-em-petrolina\/","og_site_name":"Blog do Farn\u00e9sio","article_publisher":"https:\/\/www.facebook.com\/BlogQuerSaberPolitica\/","article_published_time":"2021-03-30T15:00:32+00:00","og_image":[{"width":680,"height":453,"url":"https:\/\/blogdofarnesio.com.br\/wp-content\/uploads\/2021\/03\/Foto-vacinacao-1-e1624978815841.jpeg","type":"image\/jpeg"}],"author":"Farn\u00e9sio","twitter_card":"summary_large_image","twitter_misc":{"Escrito por":"Farn\u00e9sio","Est. tempo de leitura":"1 minuto"},"schema":{"@context":"https:\/\/schema.org","@graph":[{"@type":"Article","@id":"https:\/\/blogdofarnesio.com.br\/2021\/03\/covid-19-primeiro-dia-de-vacinacao-para-idosos-acima-de-64-anos-aconteceu-com-tranquilidade-em-petrolina\/#article","isPartOf":{"@id":"https:\/\/blogdofarnesio.com.br\/2021\/03\/covid-19-primeiro-dia-de-vacinacao-para-idosos-acima-de-64-anos-aconteceu-com-tranquilidade-em-petrolina\/"},"author":{"name":"Farn\u00e9sio","@id":"https:\/\/blogdofarnesio.com.br\/#\/schema\/person\/301c4acf522bccbfdb45af95b5b906a1"},"headline":"Covid-19: primeiro dia de vacina\u00e7\u00e3o para idosos acima de 64 anos aconteceu com tranquilidade em Petrolina","datePublished":"2021-03-30T15:00:32+00:00","mainEntityOfPage":{"@id":"https:\/\/blogdofarnesio.com.br\/2021\/03\/covid-19-primeiro-dia-de-vacinacao-para-idosos-acima-de-64-anos-aconteceu-com-tranquilidade-em-petrolina\/"},"wordCount":246,"publisher":{"@id":"https:\/\/blogdofarnesio.com.br\/#organization"},"image":{"@id":"https:\/\/blogdofarnesio.com.br\/2021\/03\/covid-19-primeiro-dia-de-vacinacao-para-idosos-acima-de-64-anos-aconteceu-com-tranquilidade-em-petrolina\/#primaryimage"},"thumbnailUrl":"https:\/\/blogdofarnesio.com.br\/wp-content\/uploads\/2021\/03\/Foto-vacinacao-1-e1624978815841.jpeg","articleSection":["Sa\u00fade"],"inLanguage":"pt-BR"},{"@type":"WebPage","@id":"https:\/\/blogdofarnesio.com.br\/2021\/03\/covid-19-primeiro-dia-de-vacinacao-para-idosos-acima-de-64-anos-aconteceu-com-tranquilidade-em-petrolina\/","url":"https:\/\/blogdofarnesio.com.br\/2021\/03\/covid-19-primeiro-dia-de-vacinacao-para-idosos-acima-de-64-anos-aconteceu-com-tranquilidade-em-petrolina\/","name":"Covid-19: primeiro dia de vacina\u00e7\u00e3o para idosos acima de 64 anos aconteceu com tranquilidade em Petrolina - Blog do Farn\u00e9sio","isPartOf":{"@id":"https:\/\/blogdofarnesio.com.br\/#website"},"primaryImageOfPage":{"@id":"https:\/\/blogdofarnesio.com.br\/2021\/03\/covid-19-primeiro-dia-de-vacinacao-para-idosos-acima-de-64-anos-aconteceu-com-tranquilidade-em-petrolina\/#primaryimage"},"image":{"@id":"https:\/\/blogdofarnesio.com.br\/2021\/03\/covid-19-primeiro-dia-de-vacinacao-para-idosos-acima-de-64-anos-aconteceu-com-tranquilidade-em-petrolina\/#primaryimage"},"thumbnailUrl":"https:\/\/blogdofarnesio.com.br\/wp-content\/uploads\/2021\/03\/Foto-vacinacao-1-e1624978815841.jpeg","datePublished":"2021-03-30T15:00:32+00:00","breadcrumb":{"@id":"https:\/\/blogdofarnesio.com.br\/2021\/03\/covid-19-primeiro-dia-de-vacinacao-para-idosos-acima-de-64-anos-aconteceu-com-tranquilidade-em-petrolina\/#breadcrumb"},"inLanguage":"pt-BR","potentialAction":[{"@type":"ReadAction","target":["https:\/\/blogdofarnesio.com.br\/2021\/03\/covid-19-primeiro-dia-de-vacinacao-para-idosos-acima-de-64-anos-aconteceu-com-tranquilidade-em-petrolina\/"]}]},{"@type":"ImageObject","inLanguage":"pt-BR","@id":"https:\/\/blogdofarnesio.com.br\/2021\/03\/covid-19-primeiro-dia-de-vacinacao-para-idosos-acima-de-64-anos-aconteceu-com-tranquilidade-em-petrolina\/#primaryimage","url":"https:\/\/blogdofarnesio.com.br\/wp-content\/uploads\/2021\/03\/Foto-vacinacao-1-e1624978815841.jpeg","contentUrl":"https:\/\/blogdofarnesio.com.br\/wp-content\/uploads\/2021\/03\/Foto-vacinacao-1-e1624978815841.jpeg","width":680,"height":453},{"@type":"BreadcrumbList","@id":"https:\/\/blogdofarnesio.com.br\/2021\/03\/covid-19-primeiro-dia-de-vacinacao-para-idosos-acima-de-64-anos-aconteceu-com-tranquilidade-em-petrolina\/#breadcrumb","itemListElement":[{"@type":"ListItem","position":1,"name":"In\u00edcio","item":"https:\/\/blogdofarnesio.com.br\/"},{"@type":"ListItem","position":2,"name":"Covid-19: primeiro dia de vacina\u00e7\u00e3o para idosos acima de 64 anos aconteceu com tranquilidade em Petrolina"}]},{"@type":"WebSite","@id":"https:\/\/blogdofarnesio.com.br\/#website","url":"https:\/\/blogdofarnesio.com.br\/","name":"Blog do Farn\u00e9sio","description":"Quer Saber Pol\u00edtica?","publisher":{"@id":"https:\/\/blogdofarnesio.com.br\/#organization"},"potentialAction":[{"@type":"SearchAction","target":{"@type":"EntryPoint","urlTemplate":"https:\/\/blogdofarnesio.com.br\/?s={search_term_string}"},"query-input":{"@type":"PropertyValueSpecification","valueRequired":true,"valueName":"search_term_string"}}],"inLanguage":"pt-BR"},{"@type":"Organization","@id":"https:\/\/blogdofarnesio.com.br\/#organization","name":"Blog do Farn\u00e9sio","url":"https:\/\/blogdofarnesio.com.br\/","logo":{"@type":"ImageObject","inLanguage":"pt-BR","@id":"https:\/\/blogdofarnesio.com.br\/#\/schema\/logo\/image\/","url":"https:\/\/blogdofarnesio.com.br\/wp-content\/uploads\/2026\/03\/cropped-logo_new-1.png","contentUrl":"https:\/\/blogdofarnesio.com.br\/wp-content\/uploads\/2026\/03\/cropped-logo_new-1.png","width":881,"height":685,"caption":"Blog do Farn\u00e9sio"},"image":{"@id":"https:\/\/blogdofarnesio.com.br\/#\/schema\/logo\/image\/"},"sameAs":["https:\/\/www.facebook.com\/BlogQuerSaberPolitica\/"]},{"@type":"Person","@id":"https:\/\/blogdofarnesio.com.br\/#\/schema\/person\/301c4acf522bccbfdb45af95b5b906a1","name":"Farn\u00e9sio","image":{"@type":"ImageObject","inLanguage":"pt-BR","@id":"https:\/\/secure.gravatar.com\/avatar\/df0c9a14567c056f8ad6876ba5bbd1e3e2c48023eb6807342fc4663adf549f38?s=96&d=mm&r=g","url":"https:\/\/secure.gravatar.com\/avatar\/df0c9a14567c056f8ad6876ba5bbd1e3e2c48023eb6807342fc4663adf549f38?s=96&d=mm&r=g","contentUrl":"https:\/\/secure.gravatar.com\/avatar\/df0c9a14567c056f8ad6876ba5bbd1e3e2c48023eb6807342fc4663adf549f38?s=96&d=mm&r=g","caption":"Farn\u00e9sio"},"sameAs":["https:\/\/quersaberpolitica.com.br"],"url":"https:\/\/blogdofarnesio.com.br\/author\/farnesio\/"}]}},"_links":{"self":[{"href":"https:\/\/blogdofarnesio.com.br\/wp-json\/wp\/v2\/posts\/282041","targetHints":{"allow":["GET"]}}],"collection":[{"href":"https:\/\/blogdofarnesio.com.br\/wp-json\/wp\/v2\/posts"}],"about":[{"href":"https:\/\/blogdofarnesio.com.br\/wp-json\/wp\/v2\/types\/post"}],"author":[{"embeddable":true,"href":"https:\/\/blogdofarnesio.com.br\/wp-json\/wp\/v2\/users\/1"}],"replies":[{"embeddable":true,"href":"https:\/\/blogdofarnesio.com.br\/wp-json\/wp\/v2\/comments?post=282041"}],"version-history":[{"count":0,"href":"https:\/\/blogdofarnesio.com.br\/wp-json\/wp\/v2\/posts\/282041\/revisions"}],"wp:featuredmedia":[{"embeddable":true,"href":"https:\/\/blogdofarnesio.com.br\/wp-json\/wp\/v2\/media\/282042"}],"wp:attachment":[{"href":"https:\/\/blogdofarnesio.com.br\/wp-json\/wp\/v2\/media?parent=282041"}],"wp:term":[{"taxonomy":"category","embeddable":true,"href":"https:\/\/blogdofarnesio.com.br\/wp-json\/wp\/v2\/categories?post=282041"},{"taxonomy":"post_tag","embeddable":true,"href":"https:\/\/blogdofarnesio.com.br\/wp-json\/wp\/v2\/tags?post=282041"}],"curies":[{"name":"wp","href":"https:\/\/api.w.org\/{rel}","templated":true}]}}